{"id":54198,"date":"2022-04-21T18:45:20","date_gmt":"2022-04-21T21:45:20","guid":{"rendered":"https:\/\/maringapost.com.br\/orlandogonzalez\/?p=54198"},"modified":"2022-04-21T18:55:40","modified_gmt":"2022-04-21T21:55:40","slug":"maringa-porsche-cup-brasil-realiza-a-segunda-etapa-em-2022","status":"publish","type":"post","link":"https:\/\/maringapost.com.br\/orlandogonzalez\/2022\/04\/21\/maringa-porsche-cup-brasil-realiza-a-segunda-etapa-em-2022\/","title":{"rendered":"MARING\u00c1 &#8211; Porsche Cup Brasil realiza a segunda etapa em 2022"},"content":{"rendered":"<p><span style=\"color: #555555;font-family: 'Trebuchet MS', Verdana, Geneva, sans-serif;text-align: justify;font-size: 24px\">O Aut\u00f3dromo do Velocitta, em Mogi Gua\u00e7u, interior de S\u00e3o Paulo, recebe neste final de semana a segunda etapa da temporada 2022 da Porsche Cup Brasil. A categoria, que estreou em Goi\u00e2nia (GO) a nova gera\u00e7\u00e3o dos carros de corrida mais produzidos do planeta, tem no tra\u00e7ado de 3.443 metros um desafio a mais para os Porsche 911 GT3 Cup 992: os freios.<\/span><br style=\"line-height: inherit;color: #555555;font-family: 'Trebuchet MS', Verdana, Geneva, sans-serif;text-align: justify\" \/><br style=\"line-height: inherit;color: #555555;font-family: 'Trebuchet MS', Verdana, Geneva, sans-serif;text-align: justify\" \/><span style=\"color: #555555;font-family: 'Trebuchet MS', Verdana, Geneva, sans-serif;text-align: justify;font-size: 24px\">As caracter\u00edsticas do circuito, de 12 curvas e poucas retas, fazem do conjunto de discos de freio um importante aliado dos pilotos na tentativa de completarem suas voltas no menor tempo poss\u00edvel. A pole position desta pista, ano passado, ainda com os modelos 991.2, foi de Miguel Paludo com 1min27s915. A previs\u00e3o, como aconteceu em Goi\u00e2nia na etapa de abertura do campeonato, \u00e9 que o tempo da pole da Carrera Cup baixe de 0,5 a um segundo \u2013 em caso de pista seca.<\/span><br style=\"line-height: inherit;color: #555555;font-family: 'Trebuchet MS', Verdana, Geneva, sans-serif;text-align: justify\" \/><br style=\"line-height: inherit;color: #555555;font-family: 'Trebuchet MS', Verdana, Geneva, sans-serif;text-align: justify\" \/><span style=\"color: #555555;font-family: 'Trebuchet MS', Verdana, Geneva, sans-serif;text-align: justify;font-size: 24px\">O fato \u00e9 que o novo sistema de freios do 992, que conta com discos produzidos pela Fremax, aliado a todo um conjunto de atualiza\u00e7\u00f5es do carro (motor, c\u00e2mbio, suspens\u00e3o, etc.), deixou o carro mais r\u00e1pido e mais d\u00f3cil em seu comportamento, especialmente nas frenagens. E em uma pista bastante exigente com os freios, como \u00e9 o Velocitta, estas caracter\u00edsticas devem sobressair ainda mais no resultado final do tempo de volta.<\/span><br style=\"line-height: inherit;color: #555555;font-family: 'Trebuchet MS', Verdana, Geneva, sans-serif;text-align: justify\" \/><br style=\"line-height: inherit;color: #555555;font-family: 'Trebuchet MS', Verdana, Geneva, sans-serif;text-align: justify\" \/><span style=\"color: #555555;font-family: 'Trebuchet MS', Verdana, Geneva, sans-serif;text-align: justify;font-size: 24px\">Acompanhando a evolu\u00e7\u00e3o dos carros, os discos Fremax tamb\u00e9m trazem evolu\u00e7\u00e3o nas galerias de ventila\u00e7\u00e3o que aliadas ao alto desempenho da liga Carbon+ para competi\u00e7\u00e3o, garante uma excelente dissipa\u00e7\u00e3o de calor e resist\u00eancia mec\u00e2nica, suportando assim todas as solicita\u00e7\u00f5es das frenagens de alta energia que a categoria exige.<\/span><br style=\"line-height: inherit;color: #555555;font-family: 'Trebuchet MS', Verdana, Geneva, sans-serif;text-align: justify\" \/><br style=\"line-height: inherit;color: #555555;font-family: 'Trebuchet MS', Verdana, Geneva, sans-serif;text-align: justify\" \/><span style=\"color: #555555;font-family: 'Trebuchet MS', Verdana, Geneva, sans-serif;text-align: justify;font-size: 24px\">A FREMAX \u00e9 a fornecedora oficial dos discos de freio da Porsche Cup desde 2008 e trabalha em conjunto com a categoria para assegurar o melhor desempenho, seguran\u00e7a, efici\u00eancia, confiabilidade, tecnologia e durabilidade iguais a todos os carros do grid.<\/span><br style=\"line-height: inherit;color: #555555;font-family: 'Trebuchet MS', Verdana, Geneva, sans-serif;text-align: justify\" \/><br style=\"line-height: inherit;color: #555555;font-family: 'Trebuchet MS', Verdana, Geneva, sans-serif;text-align: justify\" \/><span style=\"font-size: 24px\"><strong style=\"line-height: inherit;color: #555555;font-family: 'Trebuchet MS', Verdana, Geneva, sans-serif;text-align: justify\">Fala, piloto!<br style=\"line-height: inherit\" \/><\/strong><span style=\"color: #555555;font-family: 'Trebuchet MS', Verdana, Geneva, sans-serif;text-align: justify\">\u201cVelocitta \u00e9 uma das pistas que mais exige dos freios da Porsche Cup. \u00c9 uma das poucas que eu j\u00e1 senti algumas vezes que se o piloto anda muito no v\u00e1cuo do carro da frente pode haver problemas, mesmo com os freios da Porsche Cup que praticamente nunca perdem efici\u00eancia. Mas isso \u00e9 porque a pista do Velocitta \u00e9 mais curta e sem retas longas, e isso n\u00e3o refrigera os freios. Al\u00e9m disso, h\u00e1 tr\u00eas pontos onde as frenagens s\u00e3o muito fortes \u2013 na curva 1, ap\u00f3s a reta principal, na curva 5 ap\u00f3s o S da Caipirinha e na curva 7, antes da reta oposta\u201d.<\/span><\/span><br style=\"line-height: inherit;color: #555555;font-family: 'Trebuchet MS', Verdana, Geneva, sans-serif;text-align: justify\" \/><span style=\"font-size: 24px\"><strong style=\"line-height: inherit;color: #555555;font-family: 'Trebuchet MS', Verdana, Geneva, sans-serif;text-align: justify\">(Mar\u00e7al Muller, #544, Carrera Cup)<br style=\"line-height: inherit\" \/><\/strong><\/span><br style=\"line-height: inherit;color: #555555;font-family: 'Trebuchet MS', Verdana, Geneva, sans-serif;text-align: justify\" \/><span style=\"font-size: 24px\"><strong style=\"line-height: inherit;color: #555555;font-family: 'Trebuchet MS', Verdana, Geneva, sans-serif;text-align: justify\">A pista do Velocitta na \u00f3tica da FREMAX<\/strong><\/span><br style=\"line-height: inherit;color: #555555;font-family: 'Trebuchet MS', Verdana, Geneva, sans-serif;text-align: justify\" \/><span style=\"color: #555555;font-family: 'Trebuchet MS', Verdana, Geneva, sans-serif;text-align: justify;font-size: 24px\">\u201cOs freios s\u00e3o postos realmente \u00e0 prova na pista do Velocitta. As freadas tornam-se mais t\u00e9cnicas e fortes nas descidas para que o piloto mantenha a trajet\u00f3ria correta e n\u00e3o perca tempo nas curvas. E devido ao fato de ser um tra\u00e7ado com retas curtas, os freios s\u00e3o ainda mais exigidos por haver menos tempo para refrigera\u00e7\u00e3o durante a volta, a qual se passa quase \u00bc do tempo freando. \u00c9 uma pista muito t\u00e9cnica e a frenagem correta conta muito para um bom tempo de volta; e no Velocitta isso \u00e9 ainda mais determinante\u201d.<\/span><br style=\"line-height: inherit;color: #555555;font-family: 'Trebuchet MS', Verdana, Geneva, sans-serif;text-align: justify\" \/><span style=\"font-size: 24px\"><strong style=\"line-height: inherit;color: #555555;font-family: 'Trebuchet MS', Verdana, Geneva, sans-serif;text-align: justify\">(Ronaldo Chremonezi, gerente de Engenharia de Produto FREMAX)<br style=\"line-height: inherit\" \/><br style=\"line-height: inherit\" \/><\/strong><u style=\"line-height: inherit;color: #555555;font-family: 'Trebuchet MS', Verdana, Geneva, sans-serif;text-align: justify\">2\u00aa Etapa \u2013 Porsche Cup C6 Bank Mastercard<\/u><\/span><br style=\"line-height: inherit;color: #555555;font-family: 'Trebuchet MS', Verdana, Geneva, sans-serif;text-align: justify\" \/><span style=\"font-size: 24px\"><strong style=\"line-height: inherit;color: #555555;font-family: 'Trebuchet MS', Verdana, Geneva, sans-serif;text-align: justify\">MOGI GUA\u00c7U (SP)<br style=\"line-height: inherit\" \/>Aut\u00f3dromo Velocitta<br style=\"line-height: inherit\" \/><\/strong><span style=\"color: #555555;font-family: 'Trebuchet MS', Verdana, Geneva, sans-serif;text-align: justify\">Extens\u00e3o: 3.443 metros<\/span><\/span><br style=\"line-height: inherit;color: #555555;font-family: 'Trebuchet MS', Verdana, Geneva, sans-serif;text-align: justify\" \/><span style=\"color: #555555;font-family: 'Trebuchet MS', Verdana, Geneva, sans-serif;text-align: justify;font-size: 24px\">Sentido: anti-hor\u00e1rio<\/span><br style=\"line-height: inherit;color: #555555;font-family: 'Trebuchet MS', Verdana, Geneva, sans-serif;text-align: justify\" \/><span style=\"color: #555555;font-family: 'Trebuchet MS', Verdana, Geneva, sans-serif;text-align: justify;font-size: 24px\">Curvas: 12 (4 \u00e0 direita e 8 \u00e0 esquerda)<\/span><br style=\"line-height: inherit;color: #555555;font-family: 'Trebuchet MS', Verdana, Geneva, sans-serif;text-align: justify\" \/><span style=\"font-size: 24px\"><strong style=\"line-height: inherit;color: #555555;font-family: 'Trebuchet MS', Verdana, Geneva, sans-serif;text-align: justify\"><u style=\"line-height: inherit\"><br style=\"line-height: inherit\" \/>Caracter\u00edsticas t\u00e9cnicas (n\u00edvel 1 a 5 do menor para o maior):<\/u><\/strong><\/span><br style=\"line-height: inherit;color: #555555;font-family: 'Trebuchet MS', Verdana, Geneva, sans-serif;text-align: justify\" \/><span style=\"font-size: 24px\"><span style=\"color: #555555;font-family: 'Trebuchet MS', Verdana, Geneva, sans-serif;text-align: justify\">Abrasividade do asfalto:\u00a0<\/span><strong style=\"line-height: inherit;color: #555555;font-family: 'Trebuchet MS', Verdana, Geneva, sans-serif;text-align: justify\">3<\/strong><\/span><br style=\"line-height: inherit;color: #555555;font-family: 'Trebuchet MS', Verdana, Geneva, sans-serif;text-align: justify\" \/><span style=\"font-size: 24px\"><span style=\"color: #555555;font-family: 'Trebuchet MS', Verdana, Geneva, sans-serif;text-align: justify\">For\u00e7a lateral:\u00a0<\/span><strong style=\"line-height: inherit;color: #555555;font-family: 'Trebuchet MS', Verdana, Geneva, sans-serif;text-align: justify\">2<\/strong><\/span><br style=\"line-height: inherit;color: #555555;font-family: 'Trebuchet MS', Verdana, Geneva, sans-serif;text-align: justify\" \/><span style=\"font-size: 24px\"><span style=\"color: #555555;font-family: 'Trebuchet MS', Verdana, Geneva, sans-serif;text-align: justify\">N\u00edvel de exig\u00eancia dos freios:\u00a0<\/span><strong style=\"line-height: inherit;color: #555555;font-family: 'Trebuchet MS', Verdana, Geneva, sans-serif;text-align: justify\">4<\/strong><\/span><br style=\"line-height: inherit;color: #555555;font-family: 'Trebuchet MS', Verdana, Geneva, sans-serif;text-align: justify\" \/><span style=\"font-size: 24px\"><span style=\"color: #555555;font-family: 'Trebuchet MS', Verdana, Geneva, sans-serif;text-align: justify\">Pneu mais exigido:\u00a0<\/span><strong style=\"line-height: inherit;color: #555555;font-family: 'Trebuchet MS', Verdana, Geneva, sans-serif;text-align: justify\">traseiro direito<\/strong><\/span><br style=\"line-height: inherit;color: #555555;font-family: 'Trebuchet MS', Verdana, Geneva, sans-serif;text-align: justify\" \/><span style=\"font-size: 24px\"><strong style=\"line-height: inherit;color: #555555;font-family: 'Trebuchet MS', Verdana, Geneva, sans-serif;text-align: justify\"><br style=\"line-height: inherit\" \/>Inaugura\u00e7\u00e3o:<\/strong><span style=\"color: #555555;font-family: 'Trebuchet MS', Verdana, Geneva, sans-serif;text-align: justify\">\u00a016 de junho de 2012<\/span><\/span><br style=\"line-height: inherit;color: #555555;font-family: 'Trebuchet MS', Verdana, Geneva, sans-serif;text-align: justify\" \/><span style=\"font-size: 24px\"><strong style=\"line-height: inherit;color: #555555;font-family: 'Trebuchet MS', Verdana, Geneva, sans-serif;text-align: justify\">Previs\u00e3o clim\u00e1tica:<\/strong><span style=\"color: #555555;font-family: 'Trebuchet MS', Verdana, Geneva, sans-serif;text-align: justify\">\u00a0Majoritariamente ensolarado, com algumas nuvens e baixa possibilidade de chuva. Temperaturas variando entre 17 e 32\u00baC.<\/span><\/span><br style=\"line-height: inherit;color: #555555;font-family: 'Trebuchet MS', Verdana, Geneva, sans-serif;text-align: justify\" \/><span style=\"font-size: 24px\"><strong style=\"line-height: inherit;color: #555555;font-family: 'Trebuchet MS', Verdana, Geneva, sans-serif;text-align: justify\"><u style=\"line-height: inherit\"><br style=\"line-height: inherit\" \/>Caracter\u00edsticas t\u00e9cnicas (n\u00edvel 1 a 5 do menor para o maior):<\/u><\/strong><\/span><br style=\"line-height: inherit;color: #555555;font-family: 'Trebuchet MS', Verdana, Geneva, sans-serif;text-align: justify\" \/><span style=\"font-size: 24px\"><span style=\"color: #555555;font-family: 'Trebuchet MS', Verdana, Geneva, sans-serif;text-align: justify\">Abrasividade do asfalto:\u00a0<\/span><strong style=\"line-height: inherit;color: #555555;font-family: 'Trebuchet MS', Verdana, Geneva, sans-serif;text-align: justify\">4<\/strong><\/span><br style=\"line-height: inherit;color: #555555;font-family: 'Trebuchet MS', Verdana, Geneva, sans-serif;text-align: justify\" \/><span style=\"font-size: 24px\"><span style=\"color: #555555;font-family: 'Trebuchet MS', Verdana, Geneva, sans-serif;text-align: justify\">For\u00e7a lateral:\u00a0<\/span><strong style=\"line-height: inherit;color: #555555;font-family: 'Trebuchet MS', Verdana, Geneva, sans-serif;text-align: justify\">4<\/strong><\/span><br style=\"line-height: inherit;color: #555555;font-family: 'Trebuchet MS', Verdana, Geneva, sans-serif;text-align: justify\" \/><span style=\"font-size: 24px\"><span style=\"color: #555555;font-family: 'Trebuchet MS', Verdana, Geneva, sans-serif;text-align: justify\">N\u00edvel de exig\u00eancia dos freios:\u00a0<\/span><strong style=\"line-height: inherit;color: #555555;font-family: 'Trebuchet MS', Verdana, Geneva, sans-serif;text-align: justify\">4<\/strong><\/span><br style=\"line-height: inherit;color: #555555;font-family: 'Trebuchet MS', Verdana, Geneva, sans-serif;text-align: justify\" \/><span style=\"font-size: 24px\"><span style=\"color: #555555;font-family: 'Trebuchet MS', Verdana, Geneva, sans-serif;text-align: justify\">Pneu mais exigido:\u00a0<\/span><strong style=\"line-height: inherit;color: #555555;font-family: 'Trebuchet MS', Verdana, Geneva, sans-serif;text-align: justify\">traseiro esquerdo<\/strong><\/span><br style=\"line-height: inherit;color: #555555;font-family: 'Trebuchet MS', Verdana, Geneva, sans-serif;text-align: justify\" \/><br style=\"line-height: inherit;color: #555555;font-family: 'Trebuchet MS', Verdana, Geneva, sans-serif;text-align: justify\" \/><span style=\"font-size: 24px\"><strong style=\"line-height: inherit;color: #555555;font-family: 'Trebuchet MS', Verdana, Geneva, sans-serif;text-align: justify\"><u style=\"line-height: inherit\">Programa\u00e7\u00e3o:<\/u><\/strong><\/span><br style=\"line-height: inherit;color: #555555;font-family: 'Trebuchet MS', Verdana, Geneva, sans-serif;text-align: justify\" \/><span style=\"font-size: 24px\"><strong style=\"line-height: inherit;color: #555555;font-family: 'Trebuchet MS', Verdana, Geneva, sans-serif;text-align: justify\">Sexta-feira, 22 de abril<\/strong><\/span><br style=\"line-height: inherit;color: #555555;font-family: 'Trebuchet MS', Verdana, Geneva, sans-serif;text-align: justify\" \/><span style=\"color: #555555;font-family: 'Trebuchet MS', Verdana, Geneva, sans-serif;text-align: justify;font-size: 24px\">14h55 \u2013 Treino Livre 1 (Carrera Cup 992)<\/span><br style=\"line-height: inherit;color: #555555;font-family: 'Trebuchet MS', Verdana, Geneva, sans-serif;text-align: justify\" \/><span style=\"color: #555555;font-family: 'Trebuchet MS', Verdana, Geneva, sans-serif;text-align: justify;font-size: 24px\">15h50 \u2013 Treino Livre 1 (Sprint Challenge 991)<\/span><br style=\"line-height: inherit;color: #555555;font-family: 'Trebuchet MS', Verdana, Geneva, sans-serif;text-align: justify\" \/><span style=\"font-size: 24px\"><strong style=\"line-height: inherit;color: #555555;font-family: 'Trebuchet MS', Verdana, Geneva, sans-serif;text-align: justify\">S\u00e1bado, 23 de abril<\/strong><\/span><br style=\"line-height: inherit;color: #555555;font-family: 'Trebuchet MS', Verdana, Geneva, sans-serif;text-align: justify\" \/><span style=\"color: #555555;font-family: 'Trebuchet MS', Verdana, Geneva, sans-serif;text-align: justify;font-size: 24px\">9h30 \u2013 Classifica\u00e7\u00e3o (Carrera Cup 992)<\/span><br style=\"line-height: inherit;color: #555555;font-family: 'Trebuchet MS', Verdana, Geneva, sans-serif;text-align: justify\" \/><span style=\"color: #555555;font-family: 'Trebuchet MS', Verdana, Geneva, sans-serif;text-align: justify;font-size: 24px\">10h05 \u2013 Classifica\u00e7\u00e3o (Sprint Challenge 991)<\/span><br style=\"line-height: inherit;color: #555555;font-family: 'Trebuchet MS', Verdana, Geneva, sans-serif;text-align: justify\" \/><span style=\"color: #555555;font-family: 'Trebuchet MS', Verdana, Geneva, sans-serif;text-align: justify;font-size: 24px\">13h15 \u2013 Largada Corrida 1 (Carrera Cup 992)<\/span><br style=\"line-height: inherit;color: #555555;font-family: 'Trebuchet MS', Verdana, Geneva, sans-serif;text-align: justify\" \/><span style=\"color: #555555;font-family: 'Trebuchet MS', Verdana, Geneva, sans-serif;text-align: justify;font-size: 24px\">13h50 \u2013 Largada Corrida 1 (Sprint Challenge 991)<\/span><br style=\"line-height: inherit;color: #555555;font-family: 'Trebuchet MS', Verdana, Geneva, sans-serif;text-align: justify\" \/><span style=\"font-size: 24px\"><strong style=\"line-height: inherit;color: #555555;font-family: 'Trebuchet MS', Verdana, Geneva, sans-serif;text-align: justify\">Domingo, 24 de abril<\/strong><\/span><br style=\"line-height: inherit;color: #555555;font-family: 'Trebuchet MS', Verdana, Geneva, sans-serif;text-align: justify\" \/><span style=\"color: #555555;font-family: 'Trebuchet MS', Verdana, Geneva, sans-serif;text-align: justify;font-size: 24px\">10h30: Porsche Experience<\/span><br style=\"line-height: inherit;color: #555555;font-family: 'Trebuchet MS', Verdana, Geneva, sans-serif;text-align: justify\" \/><span style=\"color: #555555;font-family: 'Trebuchet MS', Verdana, Geneva, sans-serif;text-align: justify;font-size: 24px\">13h10 \u2013 Largada Corrida 2 (Carrera Cup 992)<\/span><br style=\"line-height: inherit;color: #555555;font-family: 'Trebuchet MS', Verdana, Geneva, sans-serif;text-align: justify\" \/><span style=\"color: #555555;font-family: 'Trebuchet MS', Verdana, Geneva, sans-serif;text-align: justify;font-size: 24px\">13h45 \u2013 Largada Corrida 2 (Sprint Challenge 991)<\/span><br style=\"line-height: inherit;color: #555555;font-family: 'Trebuchet MS', Verdana, Geneva, sans-serif;text-align: justify\" \/><br style=\"line-height: inherit;color: #555555;font-family: 'Trebuchet MS', Verdana, Geneva, sans-serif;text-align: justify\" \/><span style=\"font-size: 24px\"><strong style=\"line-height: inherit;color: #555555;font-family: 'Trebuchet MS', Verdana, Geneva, sans-serif;text-align: justify\">Classifica\u00e7\u00e3o do campeonato<br style=\"line-height: inherit\" \/>Carrera Cup (Top-10)<br style=\"line-height: inherit\" \/><\/strong><span style=\"color: #555555;font-family: 'Trebuchet MS', Verdana, Geneva, sans-serif;text-align: justify\">1. Mar\u00e7al Muller, 40 pontos<\/span><\/span><br style=\"line-height: inherit;color: #555555;font-family: 'Trebuchet MS', Verdana, Geneva, sans-serif;text-align: justify\" \/><span style=\"color: #555555;font-family: 'Trebuchet MS', Verdana, Geneva, sans-serif;text-align: justify;font-size: 24px\">2. Christian Hahn, 36<\/span><br style=\"line-height: inherit;color: #555555;font-family: 'Trebuchet MS', Verdana, Geneva, sans-serif;text-align: justify\" \/><span style=\"color: #555555;font-family: 'Trebuchet MS', Verdana, Geneva, sans-serif;text-align: justify;font-size: 24px\">3. Miguel Paludo, 34<\/span><br style=\"line-height: inherit;color: #555555;font-family: 'Trebuchet MS', Verdana, Geneva, sans-serif;text-align: justify\" \/><span style=\"color: #555555;font-family: 'Trebuchet MS', Verdana, Geneva, sans-serif;text-align: justify;font-size: 24px\">4. Alceu Feldmann, 34<\/span><br style=\"line-height: inherit;color: #555555;font-family: 'Trebuchet MS', Verdana, Geneva, sans-serif;text-align: justify\" \/><span style=\"color: #555555;font-family: 'Trebuchet MS', Verdana, Geneva, sans-serif;text-align: justify;font-size: 24px\">5. Lucas Salles, 22<\/span><br style=\"line-height: inherit;color: #555555;font-family: 'Trebuchet MS', Verdana, Geneva, sans-serif;text-align: justify\" \/><span style=\"color: #555555;font-family: 'Trebuchet MS', Verdana, Geneva, sans-serif;text-align: justify;font-size: 24px\">6. Pedro Aguiar, 18<\/span><br style=\"line-height: inherit;color: #555555;font-family: 'Trebuchet MS', Verdana, Geneva, sans-serif;text-align: justify\" \/><span style=\"color: #555555;font-family: 'Trebuchet MS', Verdana, Geneva, sans-serif;text-align: justify;font-size: 24px\">7. Renan Pizii, 17<\/span><br style=\"line-height: inherit;color: #555555;font-family: 'Trebuchet MS', Verdana, Geneva, sans-serif;text-align: justify\" \/><span style=\"color: #555555;font-family: 'Trebuchet MS', Verdana, Geneva, sans-serif;text-align: justify;font-size: 24px\">8. Franco Giaffone, 16<\/span><br style=\"line-height: inherit;color: #555555;font-family: 'Trebuchet MS', Verdana, Geneva, sans-serif;text-align: justify\" \/><span style=\"color: #555555;font-family: 'Trebuchet MS', Verdana, Geneva, sans-serif;text-align: justify;font-size: 24px\">9. Werner Neugebauer, 14<\/span><br style=\"line-height: inherit;color: #555555;font-family: 'Trebuchet MS', Verdana, Geneva, sans-serif;text-align: justify\" \/><span style=\"color: #555555;font-family: 'Trebuchet MS', Verdana, Geneva, sans-serif;text-align: justify;font-size: 24px\">10. Lineu Pires, 13<\/span><\/p>\n<p><span style=\"color: #555555;font-family: 'Trebuchet MS', Verdana, Geneva, sans-serif;font-size: 24px;text-align: center\">(Foto: Luca Bassani\/Porsche Cup Brasil)<\/span><\/p>\n","protected":false},"excerpt":{"rendered":"<p>O Aut\u00f3dromo do Velocitta, em Mogi Gua\u00e7u, interior de S\u00e3o Paulo, recebe neste final de semana a segunda etapa da temporada 2022 da Porsche Cup Brasil. A categoria, que estreou em Goi\u00e2nia (GO) a nova gera\u00e7\u00e3o dos carros de corrida mais produzidos do planeta, tem no tra\u00e7ado de 3.443 metros um desafio a mais para [&hellip;]<\/p>\n","protected":false},"author":6307,"featured_media":54199,"comment_status":"closed","ping_status":"open","sticky":false,"template":"","format":"standard","meta":{"_exactmetrics_skip_tracking":false,"_exactmetrics_sitenote_active":false,"_exactmetrics_sitenote_note":"","_exactmetrics_sitenote_category":0,"footnotes":""},"categories":[1267],"tags":[8910],"yoast_head":"<!-- This site is optimized with the Yoast SEO Premium plugin v22.7 (Yoast SEO v22.7) - https:\/\/yoast.com\/wordpress\/plugins\/seo\/ -->\n<title>MARING\u00c1 - Porsche Cup Brasil realiza a segunda etapa em 2022 - Orlando Gonzalez<\/title>\n<meta name=\"robots\" content=\"index, follow, max-snippet:-1, max-image-preview:large, max-video-preview:-1\" \/>\n<link rel=\"canonical\" href=\"https:\/\/maringapost.com.br\/orlandogonzalez\/2022\/04\/21\/maringa-porsche-cup-brasil-realiza-a-segunda-etapa-em-2022\/\" \/>\n<meta property=\"og:locale\" content=\"pt_BR\" \/>\n<meta property=\"og:type\" content=\"article\" \/>\n<meta property=\"og:title\" content=\"MARING\u00c1 - Porsche Cup Brasil realiza a segunda etapa em 2022\" \/>\n<meta property=\"og:description\" content=\"O Aut\u00f3dromo do Velocitta, em Mogi Gua\u00e7u, interior de S\u00e3o Paulo, recebe neste final de semana a segunda etapa da temporada 2022 da Porsche Cup Brasil. A categoria, que estreou em Goi\u00e2nia (GO) a nova gera\u00e7\u00e3o dos carros de corrida mais produzidos do planeta, tem no tra\u00e7ado de 3.443 metros um desafio a mais para [&hellip;]\" \/>\n<meta property=\"og:url\" content=\"https:\/\/maringapost.com.br\/orlandogonzalez\/2022\/04\/21\/maringa-porsche-cup-brasil-realiza-a-segunda-etapa-em-2022\/\" \/>\n<meta property=\"og:site_name\" content=\"Orlando Gonzalez\" \/>\n<meta property=\"article:author\" content=\"https:\/\/www.facebook.com\/profile.php?id=100011095815065\" \/>\n<meta property=\"article:published_time\" content=\"2022-04-21T21:45:20+00:00\" \/>\n<meta property=\"article:modified_time\" content=\"2022-04-21T21:55:40+00:00\" \/>\n<meta property=\"og:image\" content=\"https:\/\/maringapost.com.br\/orlandogonzalez\/wp-content\/uploads\/sites\/17\/2022\/04\/405906_1010005_2022_press_kit_porsche_carrera_cup_goiania_1_et__80_.jpg\" \/>\n\t<meta property=\"og:image:width\" content=\"1280\" \/>\n\t<meta property=\"og:image:height\" content=\"756\" \/>\n\t<meta property=\"og:image:type\" content=\"image\/jpeg\" \/>\n<meta name=\"author\" content=\"Orlando Gonzalez\" \/>\n<meta name=\"twitter:card\" content=\"summary_large_image\" \/>\n<meta name=\"twitter:creator\" content=\"@gonzalezorlando\" \/>\n<meta name=\"twitter:label1\" content=\"Escrito por\" \/>\n\t<meta name=\"twitter:data1\" content=\"\" \/>\n\t<meta name=\"twitter:label2\" content=\"Est. tempo de leitura\" \/>\n\t<meta name=\"twitter:data2\" content=\"4 minutos\" \/>\n<script type=\"application\/ld+json\" class=\"yoast-schema-graph\">{\"@context\":\"https:\/\/schema.org\",\"@graph\":[{\"@type\":\"WebPage\",\"@id\":\"https:\/\/maringapost.com.br\/orlandogonzalez\/2022\/04\/21\/maringa-porsche-cup-brasil-realiza-a-segunda-etapa-em-2022\/\",\"url\":\"https:\/\/maringapost.com.br\/orlandogonzalez\/2022\/04\/21\/maringa-porsche-cup-brasil-realiza-a-segunda-etapa-em-2022\/\",\"name\":\"MARING\u00c1 - Porsche Cup Brasil realiza a segunda etapa em 2022 - Orlando Gonzalez\",\"isPartOf\":{\"@id\":\"https:\/\/maringapost.com.br\/orlandogonzalez\/#website\"},\"primaryImageOfPage\":{\"@id\":\"https:\/\/maringapost.com.br\/orlandogonzalez\/2022\/04\/21\/maringa-porsche-cup-brasil-realiza-a-segunda-etapa-em-2022\/#primaryimage\"},\"image\":{\"@id\":\"https:\/\/maringapost.com.br\/orlandogonzalez\/2022\/04\/21\/maringa-porsche-cup-brasil-realiza-a-segunda-etapa-em-2022\/#primaryimage\"},\"thumbnailUrl\":\"https:\/\/maringapost.com.br\/orlandogonzalez\/wp-content\/uploads\/sites\/17\/2022\/04\/405906_1010005_2022_press_kit_porsche_carrera_cup_goiania_1_et__80_.jpg\",\"datePublished\":\"2022-04-21T21:45:20+00:00\",\"dateModified\":\"2022-04-21T21:55:40+00:00\",\"author\":{\"@id\":\"https:\/\/maringapost.com.br\/orlandogonzalez\/#\/schema\/person\/5cbe6257d08edea6afc9ebaa613b0633\"},\"inLanguage\":\"pt-BR\",\"potentialAction\":[{\"@type\":\"ReadAction\",\"target\":[\"https:\/\/maringapost.com.br\/orlandogonzalez\/2022\/04\/21\/maringa-porsche-cup-brasil-realiza-a-segunda-etapa-em-2022\/\"]}]},{\"@type\":\"ImageObject\",\"inLanguage\":\"pt-BR\",\"@id\":\"https:\/\/maringapost.com.br\/orlandogonzalez\/2022\/04\/21\/maringa-porsche-cup-brasil-realiza-a-segunda-etapa-em-2022\/#primaryimage\",\"url\":\"https:\/\/maringapost.com.br\/orlandogonzalez\/wp-content\/uploads\/sites\/17\/2022\/04\/405906_1010005_2022_press_kit_porsche_carrera_cup_goiania_1_et__80_.jpg\",\"contentUrl\":\"https:\/\/maringapost.com.br\/orlandogonzalez\/wp-content\/uploads\/sites\/17\/2022\/04\/405906_1010005_2022_press_kit_porsche_carrera_cup_goiania_1_et__80_.jpg\",\"width\":1280,\"height\":756},{\"@type\":\"WebSite\",\"@id\":\"https:\/\/maringapost.com.br\/orlandogonzalez\/#website\",\"url\":\"https:\/\/maringapost.com.br\/orlandogonzalez\/\",\"name\":\"Orlando Gonzalez\",\"description\":\"Destaca o esporte de Maring\u00e1! Destaca o esporte do Paran\u00e1! Destaca o esporte do Brasil!\",\"potentialAction\":[{\"@type\":\"SearchAction\",\"target\":{\"@type\":\"EntryPoint\",\"urlTemplate\":\"https:\/\/maringapost.com.br\/orlandogonzalez\/?s={search_term_string}\"},\"query-input\":\"required name=search_term_string\"}],\"inLanguage\":\"pt-BR\"},{\"@type\":\"Person\",\"@id\":\"https:\/\/maringapost.com.br\/orlandogonzalez\/#\/schema\/person\/5cbe6257d08edea6afc9ebaa613b0633\",\"name\":\"Orlando Gonzalez\",\"image\":{\"@type\":\"ImageObject\",\"inLanguage\":\"pt-BR\",\"@id\":\"https:\/\/maringapost.com.br\/orlandogonzalez\/#\/schema\/person\/image\/\",\"url\":\"https:\/\/secure.gravatar.com\/avatar\/ecef9d1c9afe5ebdafadde8369065ba5?s=96&d=mm&r=g\",\"contentUrl\":\"https:\/\/secure.gravatar.com\/avatar\/ecef9d1c9afe5ebdafadde8369065ba5?s=96&d=mm&r=g\",\"caption\":\"Orlando Gonzalez\"},\"description\":\"H\u00e1 29 anos na cobertura do esporte de Maring\u00e1. Plant\u00e3o e narrador esportivo. Presta\u00e7\u00e3o de assessoria de imprensa esportiva, cobertura e transmiss\u00f5es ao vivo de eventos esportivos. E-mail: orlandogonzalez.assessoria@gmail.com WhatsApp: (44) 9 9126-6119\",\"sameAs\":[\"http:\/\/www.radiomaringa.com.br\/\",\"https:\/\/www.facebook.com\/profile.php?id=100011095815065\",\"https:\/\/www.instagram.com\/orlandomgonzalez\/\",\"https:\/\/br.pinterest.com\/ogonzalez0530\/\",\"https:\/\/x.com\/gonzalezorlando\",\"https:\/\/www.youtube.com\/channel\/UCvFpl55btth8wjnKiSS1ibA\",\"https:\/\/radiomaringaweb.tumblr.com\/\"],\"url\":\"https:\/\/maringapost.com.br\/orlandogonzalez\/author\/orlando\/\"}]}<\/script>\n<!-- \/ Yoast SEO Premium plugin. -->","yoast_head_json":{"title":"MARING\u00c1 - Porsche Cup Brasil realiza a segunda etapa em 2022 - Orlando Gonzalez","robots":{"index":"index","follow":"follow","max-snippet":"max-snippet:-1","max-image-preview":"max-image-preview:large","max-video-preview":"max-video-preview:-1"},"canonical":"https:\/\/maringapost.com.br\/orlandogonzalez\/2022\/04\/21\/maringa-porsche-cup-brasil-realiza-a-segunda-etapa-em-2022\/","og_locale":"pt_BR","og_type":"article","og_title":"MARING\u00c1 - Porsche Cup Brasil realiza a segunda etapa em 2022","og_description":"O Aut\u00f3dromo do Velocitta, em Mogi Gua\u00e7u, interior de S\u00e3o Paulo, recebe neste final de semana a segunda etapa da temporada 2022 da Porsche Cup Brasil. A categoria, que estreou em Goi\u00e2nia (GO) a nova gera\u00e7\u00e3o dos carros de corrida mais produzidos do planeta, tem no tra\u00e7ado de 3.443 metros um desafio a mais para [&hellip;]","og_url":"https:\/\/maringapost.com.br\/orlandogonzalez\/2022\/04\/21\/maringa-porsche-cup-brasil-realiza-a-segunda-etapa-em-2022\/","og_site_name":"Orlando Gonzalez","article_author":"https:\/\/www.facebook.com\/profile.php?id=100011095815065","article_published_time":"2022-04-21T21:45:20+00:00","article_modified_time":"2022-04-21T21:55:40+00:00","og_image":[{"width":1280,"height":756,"url":"https:\/\/maringapost.com.br\/orlandogonzalez\/wp-content\/uploads\/sites\/17\/2022\/04\/405906_1010005_2022_press_kit_porsche_carrera_cup_goiania_1_et__80_.jpg","type":"image\/jpeg"}],"author":"Orlando Gonzalez","twitter_card":"summary_large_image","twitter_creator":"@gonzalezorlando","twitter_misc":{"Escrito por":false,"Est. tempo de leitura":"4 minutos"},"schema":{"@context":"https:\/\/schema.org","@graph":[{"@type":"WebPage","@id":"https:\/\/maringapost.com.br\/orlandogonzalez\/2022\/04\/21\/maringa-porsche-cup-brasil-realiza-a-segunda-etapa-em-2022\/","url":"https:\/\/maringapost.com.br\/orlandogonzalez\/2022\/04\/21\/maringa-porsche-cup-brasil-realiza-a-segunda-etapa-em-2022\/","name":"MARING\u00c1 - Porsche Cup Brasil realiza a segunda etapa em 2022 - Orlando Gonzalez","isPartOf":{"@id":"https:\/\/maringapost.com.br\/orlandogonzalez\/#website"},"primaryImageOfPage":{"@id":"https:\/\/maringapost.com.br\/orlandogonzalez\/2022\/04\/21\/maringa-porsche-cup-brasil-realiza-a-segunda-etapa-em-2022\/#primaryimage"},"image":{"@id":"https:\/\/maringapost.com.br\/orlandogonzalez\/2022\/04\/21\/maringa-porsche-cup-brasil-realiza-a-segunda-etapa-em-2022\/#primaryimage"},"thumbnailUrl":"https:\/\/maringapost.com.br\/orlandogonzalez\/wp-content\/uploads\/sites\/17\/2022\/04\/405906_1010005_2022_press_kit_porsche_carrera_cup_goiania_1_et__80_.jpg","datePublished":"2022-04-21T21:45:20+00:00","dateModified":"2022-04-21T21:55:40+00:00","author":{"@id":"https:\/\/maringapost.com.br\/orlandogonzalez\/#\/schema\/person\/5cbe6257d08edea6afc9ebaa613b0633"},"inLanguage":"pt-BR","potentialAction":[{"@type":"ReadAction","target":["https:\/\/maringapost.com.br\/orlandogonzalez\/2022\/04\/21\/maringa-porsche-cup-brasil-realiza-a-segunda-etapa-em-2022\/"]}]},{"@type":"ImageObject","inLanguage":"pt-BR","@id":"https:\/\/maringapost.com.br\/orlandogonzalez\/2022\/04\/21\/maringa-porsche-cup-brasil-realiza-a-segunda-etapa-em-2022\/#primaryimage","url":"https:\/\/maringapost.com.br\/orlandogonzalez\/wp-content\/uploads\/sites\/17\/2022\/04\/405906_1010005_2022_press_kit_porsche_carrera_cup_goiania_1_et__80_.jpg","contentUrl":"https:\/\/maringapost.com.br\/orlandogonzalez\/wp-content\/uploads\/sites\/17\/2022\/04\/405906_1010005_2022_press_kit_porsche_carrera_cup_goiania_1_et__80_.jpg","width":1280,"height":756},{"@type":"WebSite","@id":"https:\/\/maringapost.com.br\/orlandogonzalez\/#website","url":"https:\/\/maringapost.com.br\/orlandogonzalez\/","name":"Orlando Gonzalez","description":"Destaca o esporte de Maring\u00e1! Destaca o esporte do Paran\u00e1! Destaca o esporte do Brasil!","potentialAction":[{"@type":"SearchAction","target":{"@type":"EntryPoint","urlTemplate":"https:\/\/maringapost.com.br\/orlandogonzalez\/?s={search_term_string}"},"query-input":"required name=search_term_string"}],"inLanguage":"pt-BR"},{"@type":"Person","@id":"https:\/\/maringapost.com.br\/orlandogonzalez\/#\/schema\/person\/5cbe6257d08edea6afc9ebaa613b0633","name":"Orlando Gonzalez","image":{"@type":"ImageObject","inLanguage":"pt-BR","@id":"https:\/\/maringapost.com.br\/orlandogonzalez\/#\/schema\/person\/image\/","url":"https:\/\/secure.gravatar.com\/avatar\/ecef9d1c9afe5ebdafadde8369065ba5?s=96&d=mm&r=g","contentUrl":"https:\/\/secure.gravatar.com\/avatar\/ecef9d1c9afe5ebdafadde8369065ba5?s=96&d=mm&r=g","caption":"Orlando Gonzalez"},"description":"H\u00e1 29 anos na cobertura do esporte de Maring\u00e1. Plant\u00e3o e narrador esportivo. Presta\u00e7\u00e3o de assessoria de imprensa esportiva, cobertura e transmiss\u00f5es ao vivo de eventos esportivos. E-mail: orlandogonzalez.assessoria@gmail.com WhatsApp: (44) 9 9126-6119","sameAs":["http:\/\/www.radiomaringa.com.br\/","https:\/\/www.facebook.com\/profile.php?id=100011095815065","https:\/\/www.instagram.com\/orlandomgonzalez\/","https:\/\/br.pinterest.com\/ogonzalez0530\/","https:\/\/x.com\/gonzalezorlando","https:\/\/www.youtube.com\/channel\/UCvFpl55btth8wjnKiSS1ibA","https:\/\/radiomaringaweb.tumblr.com\/"],"url":"https:\/\/maringapost.com.br\/orlandogonzalez\/author\/orlando\/"}]}},"_links":{"self":[{"href":"https:\/\/maringapost.com.br\/orlandogonzalez\/wp-json\/wp\/v2\/posts\/54198"}],"collection":[{"href":"https:\/\/maringapost.com.br\/orlandogonzalez\/wp-json\/wp\/v2\/posts"}],"about":[{"href":"https:\/\/maringapost.com.br\/orlandogonzalez\/wp-json\/wp\/v2\/types\/post"}],"author":[{"embeddable":true,"href":"https:\/\/maringapost.com.br\/orlandogonzalez\/wp-json\/wp\/v2\/users\/6307"}],"replies":[{"embeddable":true,"href":"https:\/\/maringapost.com.br\/orlandogonzalez\/wp-json\/wp\/v2\/comments?post=54198"}],"version-history":[{"count":1,"href":"https:\/\/maringapost.com.br\/orlandogonzalez\/wp-json\/wp\/v2\/posts\/54198\/revisions"}],"predecessor-version":[{"id":54200,"href":"https:\/\/maringapost.com.br\/orlandogonzalez\/wp-json\/wp\/v2\/posts\/54198\/revisions\/54200"}],"wp:featuredmedia":[{"embeddable":true,"href":"https:\/\/maringapost.com.br\/orlandogonzalez\/wp-json\/wp\/v2\/media\/54199"}],"wp:attachment":[{"href":"https:\/\/maringapost.com.br\/orlandogonzalez\/wp-json\/wp\/v2\/media?parent=54198"}],"wp:term":[{"taxonomy":"category","embeddable":true,"href":"https:\/\/maringapost.com.br\/orlandogonzalez\/wp-json\/wp\/v2\/categories?post=54198"},{"taxonomy":"post_tag","embeddable":true,"href":"https:\/\/maringapost.com.br\/orlandogonzalez\/wp-json\/wp\/v2\/tags?post=54198"}],"curies":[{"name":"wp","href":"https:\/\/api.w.org\/{rel}","templated":true}]}}