{"id":53887,"date":"2022-04-03T12:01:53","date_gmt":"2022-04-03T15:01:53","guid":{"rendered":"https:\/\/maringapost.com.br\/orlandogonzalez\/?p=53887"},"modified":"2022-04-03T12:01:53","modified_gmt":"2022-04-03T15:01:53","slug":"maringa-marcal-muller-vence-na-abertura-da-porsche-cup-em-goiania","status":"publish","type":"post","link":"https:\/\/maringapost.com.br\/orlandogonzalez\/2022\/04\/03\/maringa-marcal-muller-vence-na-abertura-da-porsche-cup-em-goiania\/","title":{"rendered":"MARING\u00c1 &#8211; Mar\u00e7al Muller vence na abertura da Porsche Cup em Goi\u00e2nia"},"content":{"rendered":"<p><span style=\"color: #555555;font-family: 'Trebuchet MS', Verdana, Geneva, sans-serif;text-align: justify;font-size: 24px\">Mar\u00e7al Muller \u00e9 o grande vencedor do in\u00edcio da temporada da Porsche GT3 Cup. A primeira corrida do ano da nova Carrera Cup foi disputada no in\u00edcio da tarde de s\u00e1bado (2) sob muito sol e calor no Aut\u00f3dromo Internacional Ayrton Senna, em Goi\u00e2nia (GO), e Muller soube construir a vantagem iniciada com a quebra de um recorde.<\/span><\/p>\n<p><span style=\"color: #555555;font-family: 'Trebuchet MS', Verdana, Geneva, sans-serif;text-align: justify;font-size: 24px\">Com os novos Porsche 911 GT3 da gera\u00e7\u00e3o 992, os tempos de volta ca\u00edram entre tr\u00eas e quatro segundos em rela\u00e7\u00e3o ao modelo anterior, agora usado na Sprint Challenge. A pole position conquistada por Mar\u00e7al Muller no Porsche #544 foi de 1min22s930, superando em quase dois d\u00e9cimos o recorde anterior, registrado em uma prova de endurance. As velocidades m\u00e1ximas dos 992 na reta principal de Goi\u00e2nia superaram os 260 km\/h neste s\u00e1bado.<\/span><\/p>\n<p><span style=\"color: #555555;font-family: 'Trebuchet MS', Verdana, Geneva, sans-serif;text-align: justify;font-size: 24px\">Muller manteve a ponta na largada tendo Enzo Elias em segundo. Christian Hahn, fazendo sua estreia, largou da oitava posi\u00e7\u00e3o e na primeira volta j\u00e1 era o quinto. Na primeira metade da prova, o l\u00edder imprimiu um ritmo forte para construir uma vantagem sobre os advers\u00e1rios, mas na segunda metade dos 25 minutos de prova, a dist\u00e2ncia come\u00e7ou a cair.<\/span><\/p>\n<p><span style=\"color: #555555;font-family: 'Trebuchet MS', Verdana, Geneva, sans-serif;text-align: justify;font-size: 24px\">A vantagem chegou a ser de 1,8 segundo sobre Elias, que ent\u00e3o passou a virar tempos de volta melhores e encostou no l\u00edder. Na abertura da pen\u00faltima volta, Enzo Elias estava a 0,7 segundo de Muller quando um furo de pneu causou seu abandono. Ele escapou na sa\u00edda da curva dois quando o pneu traseiro esquerdo colapsou e ent\u00e3o Elias saiu da pista.<\/span><\/p>\n<p><span style=\"color: #555555;font-family: 'Trebuchet MS', Verdana, Geneva, sans-serif;text-align: justify;font-size: 24px\">Assim, Muller abriu a \u00faltima volta mais tranquilo e com o advers\u00e1rio mais pr\u00f3ximo a tr\u00eas segundos de dist\u00e2ncia. Na bandeirada, Muller venceu tendo Alceu Feldmann em segundo, Miguel Paludo em terceiro, Christian Hahn em quarto e Werner Neugebauer fechando os cinco primeiros.<\/span><\/p>\n<p><span style=\"color: #555555;font-family: 'Trebuchet MS', Verdana, Geneva, sans-serif;text-align: justify;font-size: 24px\">Na prova deste domingo (3), programada para as 13h40 com transmiss\u00e3o ao vivo da Band e pelo canal oficial da Porsche Cup Brasil no YouTube, os seis primeiros colocados invertem as posi\u00e7\u00f5es para a largada. Assim, Lucas Salles larga da primeira posi\u00e7\u00e3o.<\/span><\/p>\n<p><span style=\"color: #555555;font-family: 'Trebuchet MS', Verdana, Geneva, sans-serif;text-align: justify;font-size: 24px\">A vit\u00f3ria na categoria Sprint Challenge, com os Porsche 911 GT3 gera\u00e7\u00e3o 991.2, ficou com Christian Mohr, seguido de Nelson Marcondes e Urubatan Junior. O domingo (3) reserva a segunda prova das duas classes, com a Carrera Cup largando \u00e0s 13h40 e a Sprint, \u00e0s 14h15.<\/span><\/p>\n<p><span style=\"color: #555555;font-family: 'Trebuchet MS', Verdana, Geneva, sans-serif;text-align: justify;font-size: 24px\">A FREMAX \u00e9 a fornecedora oficial dos discos de freio da Porsche Cup desde 2008 e trabalha em conjunto com a categoria para assegurar o melhor desempenho, seguran\u00e7a, efici\u00eancia, confiabilidade, tecnologia e durabilidade iguais a todos os carros do grid. Acompanhando a evolu\u00e7\u00e3o dos carros, os novos discos Fremax tamb\u00e9m trazem evolu\u00e7\u00e3o nas galerias de ventila\u00e7\u00e3o que aliadas ao alto desempenho da liga Carbon+ para competi\u00e7\u00e3o, garante uma excelente dissipa\u00e7\u00e3o de calor e resist\u00eancia mec\u00e2nica, suportando assim todas as solicita\u00e7\u00f5es das frenagens de alta energia que a categoria exige.<\/span><\/p>\n<p><span style=\"font-size: 24px\"><strong>Fala, piloto!<br \/>\n<\/strong><span style=\"color: #555555;font-family: 'Trebuchet MS', Verdana, Geneva, sans-serif;text-align: justify\">\u201cColoquei um ritmo inicial muito bom com o carro. Acabei errando um pouco no acerto, pensando na metade final da prova, e come\u00e7ou a ficar dif\u00edcil segurar o carro. Eu estava come\u00e7ando a administrar a dist\u00e2ncia, calculando quantos minutos restavam para o fim. Tudo dando certo, mesmo com o Enzo (Elias) tirando um d\u00e9cimo por volta, eu conseguiria a vit\u00f3ria por causa da vantagem constru\u00edda na primeira parte da prova. Ele teve um furo de pneu, que \u00e9 algo que n\u00e3o desejamos a ningu\u00e9m, mas acontece, e a partir dali eu consegui administrar mais tranquilo em rela\u00e7\u00e3o ao Alceu (Feldmann) e pude conquistar essa vit\u00f3ria\u201d.<\/span><\/span><br \/>\n<span style=\"font-size: 24px\"><strong>(Mar\u00e7al Muller, #544) \u2013 Vencedor Corrida 1 Carrera Cup<br \/>\n<\/strong><\/span><br \/>\n<span style=\"font-size: 24px\"><strong>A pista de Goi\u00e2nia na \u00f3tica da FREMAX<\/strong><\/span><br \/>\n<span style=\"color: #555555;font-family: 'Trebuchet MS', Verdana, Geneva, sans-serif;text-align: justify;font-size: 24px\">\u201c\u00c9 um in\u00edcio de temporada muito aguardado, principalmente pela chegada dos novos carros, muito elogiados nos treinos da pr\u00e9-temporada. Goi\u00e2nia \u00e9 uma pista bastante exigente para os discos de freio, com trechos de alta velocidade sucedidos por fortes frenagens que reduzem as velocidades em mais de 100 km\/h em poucos metros. Outro desafio interessante que o tra\u00e7ado goiano proporciona aos pilotos e principalmente aos carros s\u00e3o as temperaturas, geralmente muito altas; assim, o trabalho do piloto nas retas passa a ser, al\u00e9m de ganhar velocidade, tamb\u00e9m resfriar o conjunto de freios. As curvas 3, 5 e a curva final do circuito s\u00e3o pontos particularmente interessantes do ponto de vista dos freios. \u00c9 um tra\u00e7ado de m\u00e9dia para alta velocidade em um dos melhores aut\u00f3dromos do Brasil\u201d.<\/span><br \/>\n<span style=\"font-size: 24px\"><strong>(Ronaldo Chremonezi, gerente de Engenharia de Produto FREMAX).<\/p>\n<p>Resultado extra-oficial Corrida 1<br \/>\nCarrera Cup (Top-10)<br \/>\n<\/strong><span style=\"color: #555555;font-family: 'Trebuchet MS', Verdana, Geneva, sans-serif;text-align: justify\">1. 544 Mar\u00e7al Muller<\/span><\/span><br \/>\n<span style=\"color: #555555;font-family: 'Trebuchet MS', Verdana, Geneva, sans-serif;text-align: justify;font-size: 24px\">2. 1 Alceu Feldmann<\/span><br \/>\n<span style=\"color: #555555;font-family: 'Trebuchet MS', Verdana, Geneva, sans-serif;text-align: justify;font-size: 24px\">3. 7 Miguel Paludo<\/span><br \/>\n<span style=\"color: #555555;font-family: 'Trebuchet MS', Verdana, Geneva, sans-serif;text-align: justify;font-size: 24px\">4. 26 Christian Hahn<\/span><br \/>\n<span style=\"color: #555555;font-family: 'Trebuchet MS', Verdana, Geneva, sans-serif;text-align: justify;font-size: 24px\">5. 8 Werner Neugebauer<\/span><br \/>\n<span style=\"color: #555555;font-family: 'Trebuchet MS', Verdana, Geneva, sans-serif;text-align: justify;font-size: 24px\">6. 70 Lucas Salles<\/span><br \/>\n<span style=\"color: #555555;font-family: 'Trebuchet MS', Verdana, Geneva, sans-serif;text-align: justify;font-size: 24px\">7. 16 Renan Pizzi<\/span><br \/>\n<span style=\"color: #555555;font-family: 'Trebuchet MS', Verdana, Geneva, sans-serif;text-align: justify;font-size: 24px\">8. 20 Pedro Aguiar<\/span><br \/>\n<span style=\"color: #555555;font-family: 'Trebuchet MS', Verdana, Geneva, sans-serif;text-align: justify;font-size: 24px\">9. 3 Franco Giaffone<\/span><br \/>\n<span style=\"font-size: 24px\"><span style=\"color: #555555;font-family: 'Trebuchet MS', Verdana, Geneva, sans-serif;text-align: justify\">10. 888 Lineu Pires<\/span><strong><\/p>\n<p><\/strong><u>1\u00aa Etapa \u2013 Porsche Cup C6 Bank Mastercard<\/u><\/span><br \/>\n<span style=\"font-size: 24px\"><strong>GOI\u00c2NIA (GO) sprint<br \/>\nAut\u00f3dromo Internacional de Goi\u00e2nia<br \/>\n<\/strong><span style=\"color: #555555;font-family: 'Trebuchet MS', Verdana, Geneva, sans-serif;text-align: justify\">Extens\u00e3o: 3.835 metros<\/span><\/span><br \/>\n<span style=\"color: #555555;font-family: 'Trebuchet MS', Verdana, Geneva, sans-serif;text-align: justify;font-size: 24px\">Sentido: hor\u00e1rio<\/span><br \/>\n<span style=\"color: #555555;font-family: 'Trebuchet MS', Verdana, Geneva, sans-serif;text-align: justify;font-size: 24px\">Curvas: 12 (7 \u00e0 direita e 5 \u00e0 esquerda)<\/span><\/p>\n<p><span style=\"font-size: 24px\"><strong><u>Caracter\u00edsticas t\u00e9cnicas (n\u00edvel 1 a 5 do menor para o maior):<\/u><\/strong><\/span><br \/>\n<span style=\"font-size: 24px\"><span style=\"color: #555555;font-family: 'Trebuchet MS', Verdana, Geneva, sans-serif;text-align: justify\">Abrasividade do asfalto:\u00a0<\/span><strong>4<\/strong><\/span><br \/>\n<span style=\"font-size: 24px\"><span style=\"color: #555555;font-family: 'Trebuchet MS', Verdana, Geneva, sans-serif;text-align: justify\">For\u00e7a lateral:\u00a0<\/span><strong>4<\/strong><\/span><br \/>\n<span style=\"font-size: 24px\"><span style=\"color: #555555;font-family: 'Trebuchet MS', Verdana, Geneva, sans-serif;text-align: justify\">N\u00edvel de exig\u00eancia dos freios:\u00a0<\/span><strong>4<\/strong><\/span><br \/>\n<span style=\"font-size: 24px\"><span style=\"color: #555555;font-family: 'Trebuchet MS', Verdana, Geneva, sans-serif;text-align: justify\">Pneu mais exigido:\u00a0<\/span><strong>traseiro esquerdo<\/strong><\/span><\/p>\n<p><span style=\"font-size: 24px\"><strong><u>Programa\u00e7\u00e3o em Goi\u00e2nia<\/u><\/strong><\/span><br \/>\n<span style=\"font-size: 24px\"><strong>Domingo, 3 de abril<\/strong><\/span><br \/>\n<span style=\"color: #555555;font-family: 'Trebuchet MS', Verdana, Geneva, sans-serif;text-align: justify;font-size: 24px\">13h40 \u2013 Largada Corrida 2 (Carrera Cup 992)<\/span><br \/>\n<span style=\"color: #555555;font-family: 'Trebuchet MS', Verdana, Geneva, sans-serif;text-align: justify;font-size: 24px\">14h15 \u2013 Largada Corrida 2 (Sprint Challenge 991)<\/span><\/p>\n<p><span style=\"color: #555555;font-family: 'Trebuchet MS', Verdana, Geneva, sans-serif;text-align: justify;font-size: 24px\">(Foto: Divulga\u00e7\u00e3o)<\/span><\/p>\n","protected":false},"excerpt":{"rendered":"<p>Mar\u00e7al Muller \u00e9 o grande vencedor do in\u00edcio da temporada da Porsche GT3 Cup. A primeira corrida do ano da nova Carrera Cup foi disputada no in\u00edcio da tarde de s\u00e1bado (2) sob muito sol e calor no Aut\u00f3dromo Internacional Ayrton Senna, em Goi\u00e2nia (GO), e Muller soube construir a vantagem iniciada com a quebra [&hellip;]<\/p>\n","protected":false},"author":6307,"featured_media":53888,"comment_status":"closed","ping_status":"open","sticky":false,"template":"","format":"standard","meta":{"_exactmetrics_skip_tracking":false,"_exactmetrics_sitenote_active":false,"_exactmetrics_sitenote_note":"","_exactmetrics_sitenote_category":0,"footnotes":""},"categories":[1267],"tags":[8910],"yoast_head":"<!-- This site is optimized with the Yoast SEO Premium plugin v22.7 (Yoast SEO v22.7) - https:\/\/yoast.com\/wordpress\/plugins\/seo\/ -->\n<title>MARING\u00c1 - Mar\u00e7al Muller vence na abertura da Porsche Cup em Goi\u00e2nia - Orlando Gonzalez<\/title>\n<meta name=\"robots\" content=\"index, follow, max-snippet:-1, max-image-preview:large, max-video-preview:-1\" \/>\n<link rel=\"canonical\" href=\"https:\/\/maringapost.com.br\/orlandogonzalez\/2022\/04\/03\/maringa-marcal-muller-vence-na-abertura-da-porsche-cup-em-goiania\/\" \/>\n<meta property=\"og:locale\" content=\"pt_BR\" \/>\n<meta property=\"og:type\" content=\"article\" \/>\n<meta property=\"og:title\" content=\"MARING\u00c1 - Mar\u00e7al Muller vence na abertura da Porsche Cup em Goi\u00e2nia\" \/>\n<meta property=\"og:description\" content=\"Mar\u00e7al Muller \u00e9 o grande vencedor do in\u00edcio da temporada da Porsche GT3 Cup. A primeira corrida do ano da nova Carrera Cup foi disputada no in\u00edcio da tarde de s\u00e1bado (2) sob muito sol e calor no Aut\u00f3dromo Internacional Ayrton Senna, em Goi\u00e2nia (GO), e Muller soube construir a vantagem iniciada com a quebra [&hellip;]\" \/>\n<meta property=\"og:url\" content=\"https:\/\/maringapost.com.br\/orlandogonzalez\/2022\/04\/03\/maringa-marcal-muller-vence-na-abertura-da-porsche-cup-em-goiania\/\" \/>\n<meta property=\"og:site_name\" content=\"Orlando Gonzalez\" \/>\n<meta property=\"article:author\" content=\"https:\/\/www.facebook.com\/profile.php?id=100011095815065\" \/>\n<meta property=\"article:published_time\" content=\"2022-04-03T15:01:53+00:00\" \/>\n<meta property=\"og:image\" content=\"https:\/\/maringapost.com.br\/orlandogonzalez\/wp-content\/uploads\/sites\/17\/2022\/04\/405070_1007654_2022_press_kit_porsche_carrera_cup_goiania_1_et__1_.jpg\" \/>\n\t<meta property=\"og:image:width\" content=\"1280\" \/>\n\t<meta property=\"og:image:height\" content=\"866\" \/>\n\t<meta property=\"og:image:type\" content=\"image\/jpeg\" \/>\n<meta name=\"author\" content=\"Orlando Gonzalez\" \/>\n<meta name=\"twitter:card\" content=\"summary_large_image\" \/>\n<meta name=\"twitter:creator\" content=\"@gonzalezorlando\" \/>\n<meta name=\"twitter:label1\" content=\"Escrito por\" \/>\n\t<meta name=\"twitter:data1\" content=\"\" \/>\n\t<meta name=\"twitter:label2\" content=\"Est. tempo de leitura\" \/>\n\t<meta name=\"twitter:data2\" content=\"4 minutos\" \/>\n<script type=\"application\/ld+json\" class=\"yoast-schema-graph\">{\"@context\":\"https:\/\/schema.org\",\"@graph\":[{\"@type\":\"WebPage\",\"@id\":\"https:\/\/maringapost.com.br\/orlandogonzalez\/2022\/04\/03\/maringa-marcal-muller-vence-na-abertura-da-porsche-cup-em-goiania\/\",\"url\":\"https:\/\/maringapost.com.br\/orlandogonzalez\/2022\/04\/03\/maringa-marcal-muller-vence-na-abertura-da-porsche-cup-em-goiania\/\",\"name\":\"MARING\u00c1 - Mar\u00e7al Muller vence na abertura da Porsche Cup em Goi\u00e2nia - Orlando Gonzalez\",\"isPartOf\":{\"@id\":\"https:\/\/maringapost.com.br\/orlandogonzalez\/#website\"},\"primaryImageOfPage\":{\"@id\":\"https:\/\/maringapost.com.br\/orlandogonzalez\/2022\/04\/03\/maringa-marcal-muller-vence-na-abertura-da-porsche-cup-em-goiania\/#primaryimage\"},\"image\":{\"@id\":\"https:\/\/maringapost.com.br\/orlandogonzalez\/2022\/04\/03\/maringa-marcal-muller-vence-na-abertura-da-porsche-cup-em-goiania\/#primaryimage\"},\"thumbnailUrl\":\"https:\/\/maringapost.com.br\/orlandogonzalez\/wp-content\/uploads\/sites\/17\/2022\/04\/405070_1007654_2022_press_kit_porsche_carrera_cup_goiania_1_et__1_.jpg\",\"datePublished\":\"2022-04-03T15:01:53+00:00\",\"dateModified\":\"2022-04-03T15:01:53+00:00\",\"author\":{\"@id\":\"https:\/\/maringapost.com.br\/orlandogonzalez\/#\/schema\/person\/5cbe6257d08edea6afc9ebaa613b0633\"},\"inLanguage\":\"pt-BR\",\"potentialAction\":[{\"@type\":\"ReadAction\",\"target\":[\"https:\/\/maringapost.com.br\/orlandogonzalez\/2022\/04\/03\/maringa-marcal-muller-vence-na-abertura-da-porsche-cup-em-goiania\/\"]}]},{\"@type\":\"ImageObject\",\"inLanguage\":\"pt-BR\",\"@id\":\"https:\/\/maringapost.com.br\/orlandogonzalez\/2022\/04\/03\/maringa-marcal-muller-vence-na-abertura-da-porsche-cup-em-goiania\/#primaryimage\",\"url\":\"https:\/\/maringapost.com.br\/orlandogonzalez\/wp-content\/uploads\/sites\/17\/2022\/04\/405070_1007654_2022_press_kit_porsche_carrera_cup_goiania_1_et__1_.jpg\",\"contentUrl\":\"https:\/\/maringapost.com.br\/orlandogonzalez\/wp-content\/uploads\/sites\/17\/2022\/04\/405070_1007654_2022_press_kit_porsche_carrera_cup_goiania_1_et__1_.jpg\",\"width\":1280,\"height\":866},{\"@type\":\"WebSite\",\"@id\":\"https:\/\/maringapost.com.br\/orlandogonzalez\/#website\",\"url\":\"https:\/\/maringapost.com.br\/orlandogonzalez\/\",\"name\":\"Orlando Gonzalez\",\"description\":\"Destaca o esporte de Maring\u00e1! Destaca o esporte do Paran\u00e1! Destaca o esporte do Brasil!\",\"potentialAction\":[{\"@type\":\"SearchAction\",\"target\":{\"@type\":\"EntryPoint\",\"urlTemplate\":\"https:\/\/maringapost.com.br\/orlandogonzalez\/?s={search_term_string}\"},\"query-input\":\"required name=search_term_string\"}],\"inLanguage\":\"pt-BR\"},{\"@type\":\"Person\",\"@id\":\"https:\/\/maringapost.com.br\/orlandogonzalez\/#\/schema\/person\/5cbe6257d08edea6afc9ebaa613b0633\",\"name\":\"Orlando Gonzalez\",\"image\":{\"@type\":\"ImageObject\",\"inLanguage\":\"pt-BR\",\"@id\":\"https:\/\/maringapost.com.br\/orlandogonzalez\/#\/schema\/person\/image\/\",\"url\":\"https:\/\/secure.gravatar.com\/avatar\/ecef9d1c9afe5ebdafadde8369065ba5?s=96&d=mm&r=g\",\"contentUrl\":\"https:\/\/secure.gravatar.com\/avatar\/ecef9d1c9afe5ebdafadde8369065ba5?s=96&d=mm&r=g\",\"caption\":\"Orlando Gonzalez\"},\"description\":\"H\u00e1 29 anos na cobertura do esporte de Maring\u00e1. Plant\u00e3o e narrador esportivo. Presta\u00e7\u00e3o de assessoria de imprensa esportiva, cobertura e transmiss\u00f5es ao vivo de eventos esportivos. E-mail: orlandogonzalez.assessoria@gmail.com WhatsApp: (44) 9 9126-6119\",\"sameAs\":[\"http:\/\/www.radiomaringa.com.br\/\",\"https:\/\/www.facebook.com\/profile.php?id=100011095815065\",\"https:\/\/www.instagram.com\/orlandomgonzalez\/\",\"https:\/\/br.pinterest.com\/ogonzalez0530\/\",\"https:\/\/x.com\/gonzalezorlando\",\"https:\/\/www.youtube.com\/channel\/UCvFpl55btth8wjnKiSS1ibA\",\"https:\/\/radiomaringaweb.tumblr.com\/\"],\"url\":\"https:\/\/maringapost.com.br\/orlandogonzalez\/author\/orlando\/\"}]}<\/script>\n<!-- \/ Yoast SEO Premium plugin. -->","yoast_head_json":{"title":"MARING\u00c1 - Mar\u00e7al Muller vence na abertura da Porsche Cup em Goi\u00e2nia - Orlando Gonzalez","robots":{"index":"index","follow":"follow","max-snippet":"max-snippet:-1","max-image-preview":"max-image-preview:large","max-video-preview":"max-video-preview:-1"},"canonical":"https:\/\/maringapost.com.br\/orlandogonzalez\/2022\/04\/03\/maringa-marcal-muller-vence-na-abertura-da-porsche-cup-em-goiania\/","og_locale":"pt_BR","og_type":"article","og_title":"MARING\u00c1 - Mar\u00e7al Muller vence na abertura da Porsche Cup em Goi\u00e2nia","og_description":"Mar\u00e7al Muller \u00e9 o grande vencedor do in\u00edcio da temporada da Porsche GT3 Cup. A primeira corrida do ano da nova Carrera Cup foi disputada no in\u00edcio da tarde de s\u00e1bado (2) sob muito sol e calor no Aut\u00f3dromo Internacional Ayrton Senna, em Goi\u00e2nia (GO), e Muller soube construir a vantagem iniciada com a quebra [&hellip;]","og_url":"https:\/\/maringapost.com.br\/orlandogonzalez\/2022\/04\/03\/maringa-marcal-muller-vence-na-abertura-da-porsche-cup-em-goiania\/","og_site_name":"Orlando Gonzalez","article_author":"https:\/\/www.facebook.com\/profile.php?id=100011095815065","article_published_time":"2022-04-03T15:01:53+00:00","og_image":[{"width":1280,"height":866,"url":"https:\/\/maringapost.com.br\/orlandogonzalez\/wp-content\/uploads\/sites\/17\/2022\/04\/405070_1007654_2022_press_kit_porsche_carrera_cup_goiania_1_et__1_.jpg","type":"image\/jpeg"}],"author":"Orlando Gonzalez","twitter_card":"summary_large_image","twitter_creator":"@gonzalezorlando","twitter_misc":{"Escrito por":false,"Est. tempo de leitura":"4 minutos"},"schema":{"@context":"https:\/\/schema.org","@graph":[{"@type":"WebPage","@id":"https:\/\/maringapost.com.br\/orlandogonzalez\/2022\/04\/03\/maringa-marcal-muller-vence-na-abertura-da-porsche-cup-em-goiania\/","url":"https:\/\/maringapost.com.br\/orlandogonzalez\/2022\/04\/03\/maringa-marcal-muller-vence-na-abertura-da-porsche-cup-em-goiania\/","name":"MARING\u00c1 - Mar\u00e7al Muller vence na abertura da Porsche Cup em Goi\u00e2nia - Orlando Gonzalez","isPartOf":{"@id":"https:\/\/maringapost.com.br\/orlandogonzalez\/#website"},"primaryImageOfPage":{"@id":"https:\/\/maringapost.com.br\/orlandogonzalez\/2022\/04\/03\/maringa-marcal-muller-vence-na-abertura-da-porsche-cup-em-goiania\/#primaryimage"},"image":{"@id":"https:\/\/maringapost.com.br\/orlandogonzalez\/2022\/04\/03\/maringa-marcal-muller-vence-na-abertura-da-porsche-cup-em-goiania\/#primaryimage"},"thumbnailUrl":"https:\/\/maringapost.com.br\/orlandogonzalez\/wp-content\/uploads\/sites\/17\/2022\/04\/405070_1007654_2022_press_kit_porsche_carrera_cup_goiania_1_et__1_.jpg","datePublished":"2022-04-03T15:01:53+00:00","dateModified":"2022-04-03T15:01:53+00:00","author":{"@id":"https:\/\/maringapost.com.br\/orlandogonzalez\/#\/schema\/person\/5cbe6257d08edea6afc9ebaa613b0633"},"inLanguage":"pt-BR","potentialAction":[{"@type":"ReadAction","target":["https:\/\/maringapost.com.br\/orlandogonzalez\/2022\/04\/03\/maringa-marcal-muller-vence-na-abertura-da-porsche-cup-em-goiania\/"]}]},{"@type":"ImageObject","inLanguage":"pt-BR","@id":"https:\/\/maringapost.com.br\/orlandogonzalez\/2022\/04\/03\/maringa-marcal-muller-vence-na-abertura-da-porsche-cup-em-goiania\/#primaryimage","url":"https:\/\/maringapost.com.br\/orlandogonzalez\/wp-content\/uploads\/sites\/17\/2022\/04\/405070_1007654_2022_press_kit_porsche_carrera_cup_goiania_1_et__1_.jpg","contentUrl":"https:\/\/maringapost.com.br\/orlandogonzalez\/wp-content\/uploads\/sites\/17\/2022\/04\/405070_1007654_2022_press_kit_porsche_carrera_cup_goiania_1_et__1_.jpg","width":1280,"height":866},{"@type":"WebSite","@id":"https:\/\/maringapost.com.br\/orlandogonzalez\/#website","url":"https:\/\/maringapost.com.br\/orlandogonzalez\/","name":"Orlando Gonzalez","description":"Destaca o esporte de Maring\u00e1! Destaca o esporte do Paran\u00e1! Destaca o esporte do Brasil!","potentialAction":[{"@type":"SearchAction","target":{"@type":"EntryPoint","urlTemplate":"https:\/\/maringapost.com.br\/orlandogonzalez\/?s={search_term_string}"},"query-input":"required name=search_term_string"}],"inLanguage":"pt-BR"},{"@type":"Person","@id":"https:\/\/maringapost.com.br\/orlandogonzalez\/#\/schema\/person\/5cbe6257d08edea6afc9ebaa613b0633","name":"Orlando Gonzalez","image":{"@type":"ImageObject","inLanguage":"pt-BR","@id":"https:\/\/maringapost.com.br\/orlandogonzalez\/#\/schema\/person\/image\/","url":"https:\/\/secure.gravatar.com\/avatar\/ecef9d1c9afe5ebdafadde8369065ba5?s=96&d=mm&r=g","contentUrl":"https:\/\/secure.gravatar.com\/avatar\/ecef9d1c9afe5ebdafadde8369065ba5?s=96&d=mm&r=g","caption":"Orlando Gonzalez"},"description":"H\u00e1 29 anos na cobertura do esporte de Maring\u00e1. Plant\u00e3o e narrador esportivo. Presta\u00e7\u00e3o de assessoria de imprensa esportiva, cobertura e transmiss\u00f5es ao vivo de eventos esportivos. E-mail: orlandogonzalez.assessoria@gmail.com WhatsApp: (44) 9 9126-6119","sameAs":["http:\/\/www.radiomaringa.com.br\/","https:\/\/www.facebook.com\/profile.php?id=100011095815065","https:\/\/www.instagram.com\/orlandomgonzalez\/","https:\/\/br.pinterest.com\/ogonzalez0530\/","https:\/\/x.com\/gonzalezorlando","https:\/\/www.youtube.com\/channel\/UCvFpl55btth8wjnKiSS1ibA","https:\/\/radiomaringaweb.tumblr.com\/"],"url":"https:\/\/maringapost.com.br\/orlandogonzalez\/author\/orlando\/"}]}},"_links":{"self":[{"href":"https:\/\/maringapost.com.br\/orlandogonzalez\/wp-json\/wp\/v2\/posts\/53887"}],"collection":[{"href":"https:\/\/maringapost.com.br\/orlandogonzalez\/wp-json\/wp\/v2\/posts"}],"about":[{"href":"https:\/\/maringapost.com.br\/orlandogonzalez\/wp-json\/wp\/v2\/types\/post"}],"author":[{"embeddable":true,"href":"https:\/\/maringapost.com.br\/orlandogonzalez\/wp-json\/wp\/v2\/users\/6307"}],"replies":[{"embeddable":true,"href":"https:\/\/maringapost.com.br\/orlandogonzalez\/wp-json\/wp\/v2\/comments?post=53887"}],"version-history":[{"count":1,"href":"https:\/\/maringapost.com.br\/orlandogonzalez\/wp-json\/wp\/v2\/posts\/53887\/revisions"}],"predecessor-version":[{"id":53889,"href":"https:\/\/maringapost.com.br\/orlandogonzalez\/wp-json\/wp\/v2\/posts\/53887\/revisions\/53889"}],"wp:featuredmedia":[{"embeddable":true,"href":"https:\/\/maringapost.com.br\/orlandogonzalez\/wp-json\/wp\/v2\/media\/53888"}],"wp:attachment":[{"href":"https:\/\/maringapost.com.br\/orlandogonzalez\/wp-json\/wp\/v2\/media?parent=53887"}],"wp:term":[{"taxonomy":"category","embeddable":true,"href":"https:\/\/maringapost.com.br\/orlandogonzalez\/wp-json\/wp\/v2\/categories?post=53887"},{"taxonomy":"post_tag","embeddable":true,"href":"https:\/\/maringapost.com.br\/orlandogonzalez\/wp-json\/wp\/v2\/tags?post=53887"}],"curies":[{"name":"wp","href":"https:\/\/api.w.org\/{rel}","templated":true}]}}