{"id":53764,"date":"2022-03-24T18:40:11","date_gmt":"2022-03-24T21:40:11","guid":{"rendered":"https:\/\/maringapost.com.br\/orlandogonzalez\/?p=53764"},"modified":"2022-03-24T18:43:13","modified_gmt":"2022-03-24T21:43:13","slug":"maringa-mitsubishi-cup-abre-temporada-2022-neste-final-de-semana","status":"publish","type":"post","link":"https:\/\/maringapost.com.br\/orlandogonzalez\/2022\/03\/24\/maringa-mitsubishi-cup-abre-temporada-2022-neste-final-de-semana\/","title":{"rendered":"MARING\u00c1 &#8211; Mitsubishi Cup abre temporada 2022 neste final de semana"},"content":{"rendered":"<p style=\"line-height: inherit;color: #555555;font-family: 'Trebuchet MS', Verdana, Geneva, sans-serif;text-align: justify\"><span style=\"font-size: 24px\">No pr\u00f3ximo s\u00e1bado, 26, nada menos do que 58 ve\u00edculos de competi\u00e7\u00e3o especialmente produzidos pela Mitsubishi Motors estar\u00e3o alinhados no p\u00f3rtico de largada, prontos para levantar muita poeira, tirar as quatro rodas do ch\u00e3o e para oferecer a pilotos, navegadores e equipes uma experi\u00eancia exclusiva, repleta de velocidade e adrenalina.<\/span><\/p>\n<p style=\"line-height: inherit;color: #555555;font-family: 'Trebuchet MS', Verdana, Geneva, sans-serif;text-align: justify\"><span style=\"font-size: 24px\">A data marca a abertura da 23\u00aa temporada da Mitsubishi Cup, rally\u00a0<em style=\"line-height: inherit\">cross-country\u00a0<\/em>de velocidade promovido pela marca dos tr\u00eas diamantes que, neste ano, ter\u00e1 um recorde hist\u00f3rico de participantes inscritos para disputarem sete etapas promovidas ao longo do ano, em diversas cidades do interior de S\u00e3o Paulo.<\/span><\/p>\n<p style=\"line-height: inherit;color: #555555;font-family: 'Trebuchet MS', Verdana, Geneva, sans-serif;text-align: justify\"><span style=\"font-size: 24px\">Organizada em parceria com a Spinelli Racing, a Mitsubishi Cup \u00e9 aberta a todos aqueles que curtem acelerar um ve\u00edculo especialmente preparado, em meio \u00e0s mais desafiadoras estradas de terra espalhadas pelo Estado de S\u00e3o Paulo.<\/span><\/p>\n<p style=\"line-height: inherit;color: #555555;font-family: 'Trebuchet MS', Verdana, Geneva, sans-serif;text-align: justify\"><span style=\"font-size: 24px\">A competi\u00e7\u00e3o oferece a pilotos e navegadores a experi\u00eancia de participarem de um rally que segue os regulamentos estabelecidos pela Confedera\u00e7\u00e3o Brasileira de Automobilismo (CBA), tudo em um ambiente familiar e prazeroso.<\/span><\/p>\n<p style=\"line-height: inherit;color: #555555;font-family: 'Trebuchet MS', Verdana, Geneva, sans-serif;text-align: justify\"><span style=\"font-size: 24px\">A Mit Cup \u00e9 dividida em sete categorias, de acordo com o carro e o n\u00edvel de experi\u00eancia dos competidores: Outlander Sport R, Outlander Sport R Pr\u00f3, L200 Triton ER, L200 Triton ER Pr\u00f3, L200 Triton Spor R, L200 Triton Sport R Pr\u00f3 e L200 Triton Sport RS.\u00a0<\/span><\/p>\n<p style=\"line-height: inherit;color: #555555;font-family: 'Trebuchet MS', Verdana, Geneva, sans-serif;text-align: justify\"><span style=\"font-size: 24px\">Para participar n\u00e3o \u00e9 exigida nenhuma experi\u00eancia pr\u00e9via de pilotos e navegadores. As categorias \u201cPr\u00f3\u201d s\u00e3o condicionadas \u00e0 participa\u00e7\u00e3o de, no m\u00ednimo, dez ve\u00edculos inscritos na primeira etapa da temporada.<\/span><\/p>\n<p style=\"line-height: inherit;color: #555555;font-family: 'Trebuchet MS', Verdana, Geneva, sans-serif;text-align: justify\"><span style=\"font-size: 24px\">A competi\u00e7\u00e3o \u00e9 ideal para empres\u00e1rios e profissionais de diferentes \u00e1reas, amantes da velocidade, que enxergam o automobilismo e especialmente o rally como um hobby a ser praticado durante os finais de semana. Ela tamb\u00e9m \u00e9 uma oportunidade perfeita para aqueles que est\u00e3o trabalhando para se tornar um piloto ou navegador profissional.<\/span><\/p>\n<p style=\"line-height: inherit;color: #555555;font-family: 'Trebuchet MS', Verdana, Geneva, sans-serif;text-align: justify\"><span style=\"font-size: 24px\">A cada etapa, os organizadores da categoria tamb\u00e9m promover\u00e3o uma s\u00e9rie de atividades paralelas \u00e0s corridas, como forma de oferecer experi\u00eancias marcantes para diferentes tribos amantes de esportes, aventura e contato pr\u00f3ximo com a natureza.<\/span><\/p>\n<p style=\"line-height: inherit;color: #555555;font-family: 'Trebuchet MS', Verdana, Geneva, sans-serif;text-align: justify\"><span style=\"font-size: 24px\"><em style=\"line-height: inherit\">\u201cA Mitsubishi Cup foi pensada para proporcionar aos participantes o prazer de ser protagonista em um rally, seja como piloto, navegador ou equipe. A competi\u00e7\u00e3o \u00e9 a oportunidade perfeita para os participantes descarregarem todo o stress do dia a dia de trabalho, acelerar, desafiar limites e principalmente se divertir\u201d.\u00a0<\/em>Afirma Let\u00edcia Mesquita A. Oliveira, diretora de marketing da Mitsubishi Motors no Brasil.<\/span><\/p>\n<p style=\"line-height: inherit;color: #555555;font-family: 'Trebuchet MS', Verdana, Geneva, sans-serif;text-align: justify\"><span style=\"font-size: 24px\"><em style=\"line-height: inherit\">\u201cMuito mais que uma competi\u00e7\u00e3o, a Mitsubishi Cup \u00e9 um estilo de vida. A confraterniza\u00e7\u00e3o e a troca de experi\u00eancias entre amantes do mundo do rally, formam o esp\u00edrito da competi\u00e7\u00e3o h\u00e1 23 anos\u201d<\/em>, complementa a executiva.\u00a0<\/span><\/p>\n<p style=\"line-height: inherit;color: #555555;font-family: 'Trebuchet MS', Verdana, Geneva, sans-serif;text-align: justify\"><span style=\"font-size: 24px\">A Mitsubishi Motors \u00e9 a \u00fanica montadora na Am\u00e9rica Latina que tem uma linha de produ\u00e7\u00e3o de ve\u00edculos de competi\u00e7\u00e3o. At\u00e9 hoje, a marca j\u00e1 produziu mais de 650 ve\u00edculos para as estradas de terra e para as pistas.<\/span><\/p>\n<p style=\"line-height: inherit;color: #555555;font-family: 'Trebuchet MS', Verdana, Geneva, sans-serif;text-align: justify\"><span style=\"font-size: 24px\">Os ve\u00edculos participantes da Mitsubishi Cup s\u00e3o especialmente produzidos pela marca dos tr\u00eas diamantes, que conta com a\u00a0<em style=\"line-height: inherit\">expertise<\/em>\u00a0t\u00e9cnica da Spinelli Racing, respons\u00e1vel pela organiza\u00e7\u00e3o e por todas as quest\u00f5es t\u00e9cnicas da competi\u00e7\u00e3o.<\/span><\/p>\n<p style=\"line-height: inherit;color: #555555;font-family: 'Trebuchet MS', Verdana, Geneva, sans-serif;text-align: justify\"><span style=\"font-size: 24px\"><strong style=\"line-height: inherit\"><u style=\"line-height: inherit\">Oportunidade para os novos pilotos<\/u><\/strong><\/span><\/p>\n<p style=\"line-height: inherit;color: #555555;font-family: 'Trebuchet MS', Verdana, Geneva, sans-serif;text-align: justify\"><span style=\"font-size: 24px\">Aos que nunca participaram da Mitsubishi\u00a0Cup, a Spinelli Racing oferece a possibilidade de loca\u00e7\u00e3o de um Outlander Sport R. Por meio dela, piloto e navegador t\u00eam a possibilidade de participar de uma etapa da categoria no sistema \u201c<em style=\"line-height: inherit\">sit and drive<\/em>\u201d.<\/span><\/p>\n<p style=\"line-height: inherit;color: #555555;font-family: 'Trebuchet MS', Verdana, Geneva, sans-serif;text-align: justify\"><span style=\"font-size: 24px\">Ao entrar em contato com o time da Spinelli Racing, os participantes passar\u00e3o por uma experi\u00eancia completa que contempla um treino exclusivo com o piloto Guiga Spinelli e tudo mais o que for necess\u00e1rio antes, durante e depois da etapa a ser realizada.<\/span><\/p>\n<p style=\"line-height: inherit;color: #555555;font-family: 'Trebuchet MS', Verdana, Geneva, sans-serif;text-align: justify\"><span style=\"font-size: 24px\">Os agendamentos poder\u00e3o ser realizados pelo e-mail\u00a0<a style=\"line-height: inherit;color: #1155cc\" href=\"https:\/\/click.presskit.com.br\/url\/85993569ca\/53640068b56\" target=\"_blank\" rel=\"noopener noreferrer\" data-saferedirecturl=\"https:\/\/www.google.com\/url?q=https:\/\/click.presskit.com.br\/url\/85993569ca\/53640068b56&amp;source=gmail&amp;ust=1648242283269000&amp;usg=AOvVaw2WUqzG2p-edZ5z1D5Kr8ui\">contato@spinelliracing.com.br<\/a><\/span><\/p>\n<p style=\"line-height: inherit;color: #555555;font-family: 'Trebuchet MS', Verdana, Geneva, sans-serif;text-align: justify\"><span style=\"font-size: 24px\"><strong style=\"line-height: inherit\"><u style=\"line-height: inherit\">Eventos carbono zero<\/u><\/strong><\/span><\/p>\n<p style=\"line-height: inherit;color: #555555;font-family: 'Trebuchet MS', Verdana, Geneva, sans-serif;text-align: justify\"><span style=\"font-size: 24px\">Desde o ano passado, a Mitsubishi Motors e a Atvos, segunda maior produtora de etanol do Brasil, firmaram parceria para compensar 100% das emiss\u00f5es de Gases de Efeito Estufa (GEE) provenientes dos rallies e passeios promovidos pela marca de ve\u00edculos 4&#215;4.<\/span><\/p>\n<p style=\"line-height: inherit;color: #555555;font-family: 'Trebuchet MS', Verdana, Geneva, sans-serif;text-align: justify\"><span style=\"font-size: 24px\">O invent\u00e1rio, realizado pelo\u00a0<em style=\"line-height: inherit\">British Standards Institution<\/em>\u00a0\u2013 BSI Brasil, considera todas as emiss\u00f5es diretas e indiretas das competi\u00e7\u00f5es realizadas nos anos de 2021 e 2022. O mapeamento abrange as emiss\u00f5es de escopo 1, 2 e 3 derivadas dessas a\u00e7\u00f5es.<\/span><\/p>\n<p style=\"line-height: inherit;color: #555555;font-family: 'Trebuchet MS', Verdana, Geneva, sans-serif;text-align: justify\"><span style=\"font-size: 24px\">A temporada 2022 da Mitsubishi Cup tem patroc\u00ednio de: Lubrax. JBL, Axalta, W. Truffi, Transzero, Ativos, Pirelli, Sem Parar, STP, Mit Cons\u00f3rcio, Rap10, Caf\u00e9 Tr\u00eas Cora\u00e7\u00f5es, Cisa Trading, Circuito Elegante, Pilkington e Rev.\u00a0<\/span><\/p>\n<p style=\"line-height: inherit;color: #555555;font-family: 'Trebuchet MS', Verdana, Geneva, sans-serif;text-align: justify\"><span style=\"font-size: 24px\">(Foto: Divulga\u00e7\u00e3o)<\/span><\/p>\n","protected":false},"excerpt":{"rendered":"<p>No pr\u00f3ximo s\u00e1bado, 26, nada menos do que 58 ve\u00edculos de competi\u00e7\u00e3o especialmente produzidos pela Mitsubishi Motors estar\u00e3o alinhados no p\u00f3rtico de largada, prontos para levantar muita poeira, tirar as quatro rodas do ch\u00e3o e para oferecer a pilotos, navegadores e equipes uma experi\u00eancia exclusiva, repleta de velocidade e adrenalina. A data marca a abertura [&hellip;]<\/p>\n","protected":false},"author":6307,"featured_media":53765,"comment_status":"closed","ping_status":"open","sticky":false,"template":"","format":"standard","meta":{"_exactmetrics_skip_tracking":false,"_exactmetrics_sitenote_active":false,"_exactmetrics_sitenote_note":"","_exactmetrics_sitenote_category":0,"footnotes":""},"categories":[1267],"tags":[8910],"yoast_head":"<!-- This site is optimized with the Yoast SEO Premium plugin v22.7 (Yoast SEO v22.7) - https:\/\/yoast.com\/wordpress\/plugins\/seo\/ -->\n<title>MARING\u00c1 - Mitsubishi Cup abre temporada 2022 neste final de semana - Orlando Gonzalez<\/title>\n<meta name=\"robots\" content=\"index, follow, max-snippet:-1, max-image-preview:large, max-video-preview:-1\" \/>\n<link rel=\"canonical\" href=\"https:\/\/maringapost.com.br\/orlandogonzalez\/2022\/03\/24\/maringa-mitsubishi-cup-abre-temporada-2022-neste-final-de-semana\/\" \/>\n<meta property=\"og:locale\" content=\"pt_BR\" \/>\n<meta property=\"og:type\" content=\"article\" \/>\n<meta property=\"og:title\" content=\"MARING\u00c1 - Mitsubishi Cup abre temporada 2022 neste final de semana\" \/>\n<meta property=\"og:description\" content=\"No pr\u00f3ximo s\u00e1bado, 26, nada menos do que 58 ve\u00edculos de competi\u00e7\u00e3o especialmente produzidos pela Mitsubishi Motors estar\u00e3o alinhados no p\u00f3rtico de largada, prontos para levantar muita poeira, tirar as quatro rodas do ch\u00e3o e para oferecer a pilotos, navegadores e equipes uma experi\u00eancia exclusiva, repleta de velocidade e adrenalina. A data marca a abertura [&hellip;]\" \/>\n<meta property=\"og:url\" content=\"https:\/\/maringapost.com.br\/orlandogonzalez\/2022\/03\/24\/maringa-mitsubishi-cup-abre-temporada-2022-neste-final-de-semana\/\" \/>\n<meta property=\"og:site_name\" content=\"Orlando Gonzalez\" \/>\n<meta property=\"article:author\" content=\"https:\/\/www.facebook.com\/profile.php?id=100011095815065\" \/>\n<meta property=\"article:published_time\" content=\"2022-03-24T21:40:11+00:00\" \/>\n<meta property=\"article:modified_time\" content=\"2022-03-24T21:43:13+00:00\" \/>\n<meta property=\"og:image\" content=\"https:\/\/maringapost.com.br\/orlandogonzalez\/wp-content\/uploads\/sites\/17\/2022\/03\/404637_1006481_19_elcio_cup21_mogi_2_ricardoleizer_1407.jpg\" \/>\n\t<meta property=\"og:image:width\" content=\"1280\" \/>\n\t<meta property=\"og:image:height\" content=\"810\" \/>\n\t<meta property=\"og:image:type\" content=\"image\/jpeg\" \/>\n<meta name=\"author\" content=\"Orlando Gonzalez\" \/>\n<meta name=\"twitter:card\" content=\"summary_large_image\" \/>\n<meta name=\"twitter:creator\" content=\"@gonzalezorlando\" \/>\n<meta name=\"twitter:label1\" content=\"Escrito por\" \/>\n\t<meta name=\"twitter:data1\" content=\"\" \/>\n\t<meta name=\"twitter:label2\" content=\"Est. tempo de leitura\" \/>\n\t<meta name=\"twitter:data2\" content=\"4 minutos\" \/>\n<script type=\"application\/ld+json\" class=\"yoast-schema-graph\">{\"@context\":\"https:\/\/schema.org\",\"@graph\":[{\"@type\":\"WebPage\",\"@id\":\"https:\/\/maringapost.com.br\/orlandogonzalez\/2022\/03\/24\/maringa-mitsubishi-cup-abre-temporada-2022-neste-final-de-semana\/\",\"url\":\"https:\/\/maringapost.com.br\/orlandogonzalez\/2022\/03\/24\/maringa-mitsubishi-cup-abre-temporada-2022-neste-final-de-semana\/\",\"name\":\"MARING\u00c1 - Mitsubishi Cup abre temporada 2022 neste final de semana - Orlando Gonzalez\",\"isPartOf\":{\"@id\":\"https:\/\/maringapost.com.br\/orlandogonzalez\/#website\"},\"primaryImageOfPage\":{\"@id\":\"https:\/\/maringapost.com.br\/orlandogonzalez\/2022\/03\/24\/maringa-mitsubishi-cup-abre-temporada-2022-neste-final-de-semana\/#primaryimage\"},\"image\":{\"@id\":\"https:\/\/maringapost.com.br\/orlandogonzalez\/2022\/03\/24\/maringa-mitsubishi-cup-abre-temporada-2022-neste-final-de-semana\/#primaryimage\"},\"thumbnailUrl\":\"https:\/\/maringapost.com.br\/orlandogonzalez\/wp-content\/uploads\/sites\/17\/2022\/03\/404637_1006481_19_elcio_cup21_mogi_2_ricardoleizer_1407.jpg\",\"datePublished\":\"2022-03-24T21:40:11+00:00\",\"dateModified\":\"2022-03-24T21:43:13+00:00\",\"author\":{\"@id\":\"https:\/\/maringapost.com.br\/orlandogonzalez\/#\/schema\/person\/5cbe6257d08edea6afc9ebaa613b0633\"},\"inLanguage\":\"pt-BR\",\"potentialAction\":[{\"@type\":\"ReadAction\",\"target\":[\"https:\/\/maringapost.com.br\/orlandogonzalez\/2022\/03\/24\/maringa-mitsubishi-cup-abre-temporada-2022-neste-final-de-semana\/\"]}]},{\"@type\":\"ImageObject\",\"inLanguage\":\"pt-BR\",\"@id\":\"https:\/\/maringapost.com.br\/orlandogonzalez\/2022\/03\/24\/maringa-mitsubishi-cup-abre-temporada-2022-neste-final-de-semana\/#primaryimage\",\"url\":\"https:\/\/maringapost.com.br\/orlandogonzalez\/wp-content\/uploads\/sites\/17\/2022\/03\/404637_1006481_19_elcio_cup21_mogi_2_ricardoleizer_1407.jpg\",\"contentUrl\":\"https:\/\/maringapost.com.br\/orlandogonzalez\/wp-content\/uploads\/sites\/17\/2022\/03\/404637_1006481_19_elcio_cup21_mogi_2_ricardoleizer_1407.jpg\",\"width\":1280,\"height\":810},{\"@type\":\"WebSite\",\"@id\":\"https:\/\/maringapost.com.br\/orlandogonzalez\/#website\",\"url\":\"https:\/\/maringapost.com.br\/orlandogonzalez\/\",\"name\":\"Orlando Gonzalez\",\"description\":\"Destaca o esporte de Maring\u00e1! Destaca o esporte do Paran\u00e1! Destaca o esporte do Brasil!\",\"potentialAction\":[{\"@type\":\"SearchAction\",\"target\":{\"@type\":\"EntryPoint\",\"urlTemplate\":\"https:\/\/maringapost.com.br\/orlandogonzalez\/?s={search_term_string}\"},\"query-input\":\"required name=search_term_string\"}],\"inLanguage\":\"pt-BR\"},{\"@type\":\"Person\",\"@id\":\"https:\/\/maringapost.com.br\/orlandogonzalez\/#\/schema\/person\/5cbe6257d08edea6afc9ebaa613b0633\",\"name\":\"Orlando Gonzalez\",\"image\":{\"@type\":\"ImageObject\",\"inLanguage\":\"pt-BR\",\"@id\":\"https:\/\/maringapost.com.br\/orlandogonzalez\/#\/schema\/person\/image\/\",\"url\":\"https:\/\/secure.gravatar.com\/avatar\/ecef9d1c9afe5ebdafadde8369065ba5?s=96&d=mm&r=g\",\"contentUrl\":\"https:\/\/secure.gravatar.com\/avatar\/ecef9d1c9afe5ebdafadde8369065ba5?s=96&d=mm&r=g\",\"caption\":\"Orlando Gonzalez\"},\"description\":\"H\u00e1 29 anos na cobertura do esporte de Maring\u00e1. Plant\u00e3o e narrador esportivo. Presta\u00e7\u00e3o de assessoria de imprensa esportiva, cobertura e transmiss\u00f5es ao vivo de eventos esportivos. E-mail: orlandogonzalez.assessoria@gmail.com WhatsApp: (44) 9 9126-6119\",\"sameAs\":[\"http:\/\/www.radiomaringa.com.br\/\",\"https:\/\/www.facebook.com\/profile.php?id=100011095815065\",\"https:\/\/www.instagram.com\/orlandomgonzalez\/\",\"https:\/\/br.pinterest.com\/ogonzalez0530\/\",\"https:\/\/x.com\/gonzalezorlando\",\"https:\/\/www.youtube.com\/channel\/UCvFpl55btth8wjnKiSS1ibA\",\"https:\/\/radiomaringaweb.tumblr.com\/\"],\"url\":\"https:\/\/maringapost.com.br\/orlandogonzalez\/author\/orlando\/\"}]}<\/script>\n<!-- \/ Yoast SEO Premium plugin. -->","yoast_head_json":{"title":"MARING\u00c1 - Mitsubishi Cup abre temporada 2022 neste final de semana - Orlando Gonzalez","robots":{"index":"index","follow":"follow","max-snippet":"max-snippet:-1","max-image-preview":"max-image-preview:large","max-video-preview":"max-video-preview:-1"},"canonical":"https:\/\/maringapost.com.br\/orlandogonzalez\/2022\/03\/24\/maringa-mitsubishi-cup-abre-temporada-2022-neste-final-de-semana\/","og_locale":"pt_BR","og_type":"article","og_title":"MARING\u00c1 - Mitsubishi Cup abre temporada 2022 neste final de semana","og_description":"No pr\u00f3ximo s\u00e1bado, 26, nada menos do que 58 ve\u00edculos de competi\u00e7\u00e3o especialmente produzidos pela Mitsubishi Motors estar\u00e3o alinhados no p\u00f3rtico de largada, prontos para levantar muita poeira, tirar as quatro rodas do ch\u00e3o e para oferecer a pilotos, navegadores e equipes uma experi\u00eancia exclusiva, repleta de velocidade e adrenalina. A data marca a abertura [&hellip;]","og_url":"https:\/\/maringapost.com.br\/orlandogonzalez\/2022\/03\/24\/maringa-mitsubishi-cup-abre-temporada-2022-neste-final-de-semana\/","og_site_name":"Orlando Gonzalez","article_author":"https:\/\/www.facebook.com\/profile.php?id=100011095815065","article_published_time":"2022-03-24T21:40:11+00:00","article_modified_time":"2022-03-24T21:43:13+00:00","og_image":[{"width":1280,"height":810,"url":"https:\/\/maringapost.com.br\/orlandogonzalez\/wp-content\/uploads\/sites\/17\/2022\/03\/404637_1006481_19_elcio_cup21_mogi_2_ricardoleizer_1407.jpg","type":"image\/jpeg"}],"author":"Orlando Gonzalez","twitter_card":"summary_large_image","twitter_creator":"@gonzalezorlando","twitter_misc":{"Escrito por":false,"Est. tempo de leitura":"4 minutos"},"schema":{"@context":"https:\/\/schema.org","@graph":[{"@type":"WebPage","@id":"https:\/\/maringapost.com.br\/orlandogonzalez\/2022\/03\/24\/maringa-mitsubishi-cup-abre-temporada-2022-neste-final-de-semana\/","url":"https:\/\/maringapost.com.br\/orlandogonzalez\/2022\/03\/24\/maringa-mitsubishi-cup-abre-temporada-2022-neste-final-de-semana\/","name":"MARING\u00c1 - Mitsubishi Cup abre temporada 2022 neste final de semana - Orlando Gonzalez","isPartOf":{"@id":"https:\/\/maringapost.com.br\/orlandogonzalez\/#website"},"primaryImageOfPage":{"@id":"https:\/\/maringapost.com.br\/orlandogonzalez\/2022\/03\/24\/maringa-mitsubishi-cup-abre-temporada-2022-neste-final-de-semana\/#primaryimage"},"image":{"@id":"https:\/\/maringapost.com.br\/orlandogonzalez\/2022\/03\/24\/maringa-mitsubishi-cup-abre-temporada-2022-neste-final-de-semana\/#primaryimage"},"thumbnailUrl":"https:\/\/maringapost.com.br\/orlandogonzalez\/wp-content\/uploads\/sites\/17\/2022\/03\/404637_1006481_19_elcio_cup21_mogi_2_ricardoleizer_1407.jpg","datePublished":"2022-03-24T21:40:11+00:00","dateModified":"2022-03-24T21:43:13+00:00","author":{"@id":"https:\/\/maringapost.com.br\/orlandogonzalez\/#\/schema\/person\/5cbe6257d08edea6afc9ebaa613b0633"},"inLanguage":"pt-BR","potentialAction":[{"@type":"ReadAction","target":["https:\/\/maringapost.com.br\/orlandogonzalez\/2022\/03\/24\/maringa-mitsubishi-cup-abre-temporada-2022-neste-final-de-semana\/"]}]},{"@type":"ImageObject","inLanguage":"pt-BR","@id":"https:\/\/maringapost.com.br\/orlandogonzalez\/2022\/03\/24\/maringa-mitsubishi-cup-abre-temporada-2022-neste-final-de-semana\/#primaryimage","url":"https:\/\/maringapost.com.br\/orlandogonzalez\/wp-content\/uploads\/sites\/17\/2022\/03\/404637_1006481_19_elcio_cup21_mogi_2_ricardoleizer_1407.jpg","contentUrl":"https:\/\/maringapost.com.br\/orlandogonzalez\/wp-content\/uploads\/sites\/17\/2022\/03\/404637_1006481_19_elcio_cup21_mogi_2_ricardoleizer_1407.jpg","width":1280,"height":810},{"@type":"WebSite","@id":"https:\/\/maringapost.com.br\/orlandogonzalez\/#website","url":"https:\/\/maringapost.com.br\/orlandogonzalez\/","name":"Orlando Gonzalez","description":"Destaca o esporte de Maring\u00e1! Destaca o esporte do Paran\u00e1! Destaca o esporte do Brasil!","potentialAction":[{"@type":"SearchAction","target":{"@type":"EntryPoint","urlTemplate":"https:\/\/maringapost.com.br\/orlandogonzalez\/?s={search_term_string}"},"query-input":"required name=search_term_string"}],"inLanguage":"pt-BR"},{"@type":"Person","@id":"https:\/\/maringapost.com.br\/orlandogonzalez\/#\/schema\/person\/5cbe6257d08edea6afc9ebaa613b0633","name":"Orlando Gonzalez","image":{"@type":"ImageObject","inLanguage":"pt-BR","@id":"https:\/\/maringapost.com.br\/orlandogonzalez\/#\/schema\/person\/image\/","url":"https:\/\/secure.gravatar.com\/avatar\/ecef9d1c9afe5ebdafadde8369065ba5?s=96&d=mm&r=g","contentUrl":"https:\/\/secure.gravatar.com\/avatar\/ecef9d1c9afe5ebdafadde8369065ba5?s=96&d=mm&r=g","caption":"Orlando Gonzalez"},"description":"H\u00e1 29 anos na cobertura do esporte de Maring\u00e1. Plant\u00e3o e narrador esportivo. Presta\u00e7\u00e3o de assessoria de imprensa esportiva, cobertura e transmiss\u00f5es ao vivo de eventos esportivos. E-mail: orlandogonzalez.assessoria@gmail.com WhatsApp: (44) 9 9126-6119","sameAs":["http:\/\/www.radiomaringa.com.br\/","https:\/\/www.facebook.com\/profile.php?id=100011095815065","https:\/\/www.instagram.com\/orlandomgonzalez\/","https:\/\/br.pinterest.com\/ogonzalez0530\/","https:\/\/x.com\/gonzalezorlando","https:\/\/www.youtube.com\/channel\/UCvFpl55btth8wjnKiSS1ibA","https:\/\/radiomaringaweb.tumblr.com\/"],"url":"https:\/\/maringapost.com.br\/orlandogonzalez\/author\/orlando\/"}]}},"_links":{"self":[{"href":"https:\/\/maringapost.com.br\/orlandogonzalez\/wp-json\/wp\/v2\/posts\/53764"}],"collection":[{"href":"https:\/\/maringapost.com.br\/orlandogonzalez\/wp-json\/wp\/v2\/posts"}],"about":[{"href":"https:\/\/maringapost.com.br\/orlandogonzalez\/wp-json\/wp\/v2\/types\/post"}],"author":[{"embeddable":true,"href":"https:\/\/maringapost.com.br\/orlandogonzalez\/wp-json\/wp\/v2\/users\/6307"}],"replies":[{"embeddable":true,"href":"https:\/\/maringapost.com.br\/orlandogonzalez\/wp-json\/wp\/v2\/comments?post=53764"}],"version-history":[{"count":1,"href":"https:\/\/maringapost.com.br\/orlandogonzalez\/wp-json\/wp\/v2\/posts\/53764\/revisions"}],"predecessor-version":[{"id":53766,"href":"https:\/\/maringapost.com.br\/orlandogonzalez\/wp-json\/wp\/v2\/posts\/53764\/revisions\/53766"}],"wp:featuredmedia":[{"embeddable":true,"href":"https:\/\/maringapost.com.br\/orlandogonzalez\/wp-json\/wp\/v2\/media\/53765"}],"wp:attachment":[{"href":"https:\/\/maringapost.com.br\/orlandogonzalez\/wp-json\/wp\/v2\/media?parent=53764"}],"wp:term":[{"taxonomy":"category","embeddable":true,"href":"https:\/\/maringapost.com.br\/orlandogonzalez\/wp-json\/wp\/v2\/categories?post=53764"},{"taxonomy":"post_tag","embeddable":true,"href":"https:\/\/maringapost.com.br\/orlandogonzalez\/wp-json\/wp\/v2\/tags?post=53764"}],"curies":[{"name":"wp","href":"https:\/\/api.w.org\/{rel}","templated":true}]}}