{"id":53353,"date":"2022-03-11T05:53:54","date_gmt":"2022-03-11T08:53:54","guid":{"rendered":"https:\/\/maringapost.com.br\/orlandogonzalez\/?p=53353"},"modified":"2022-03-11T05:53:54","modified_gmt":"2022-03-11T08:53:54","slug":"maringa-campeao-em-2018-werner-neugebauer-quer-vencer-novamente-com-carro-novo-na-porsche","status":"publish","type":"post","link":"https:\/\/maringapost.com.br\/orlandogonzalez\/2022\/03\/11\/maringa-campeao-em-2018-werner-neugebauer-quer-vencer-novamente-com-carro-novo-na-porsche\/","title":{"rendered":"MARING\u00c1 &#8211; Campe\u00e3o em 2018, Werner Neugebauer quer vencer novamente com carro novo na Porsche"},"content":{"rendered":"<p style=\"line-height: inherit;color: #555555;font-family: 'Trebuchet MS', 'Lucida Grande', 'Lucida Sans Unicode', 'Lucida Sans', Tahoma, sans-serif;font-size: 16px;text-align: justify\"><span style=\"font-size: 24px\">A partir desta sexta-feira (11) uma nova hist\u00f3ria come\u00e7a a ser escrita na Porsche Carrera Brasil. Querendo repetir o feito de 2018, quando a segunda gera\u00e7\u00e3o do Carrera 991 chegou \u00e0s pistas brasileiras, Werner Neugebauer vai focar na adapta\u00e7\u00e3o ao novo carro no pr\u00f3ximo fim de semana. O piloto foi o primeiro campe\u00e3o da categoria principal com os novos b\u00f3lidos em 2018. Nos dias 11 e 12 de mar\u00e7o a categoria se re\u00fane no Aut\u00f3dromo Jos\u00e9 Carlos Pace, em Interlagos na capita paulista, para o primeiro contato dos pilotos com os novos Carrera 992.<\/span><\/p>\n<p style=\"line-height: inherit;color: #555555;font-family: 'Trebuchet MS', 'Lucida Grande', 'Lucida Sans Unicode', 'Lucida Sans', Tahoma, sans-serif;font-size: 16px;text-align: justify\"><span style=\"font-size: 24px\">Para o piloto de 35 anos, a estreia do novo carro marca mais um cap\u00edtulo de evolu\u00e7\u00e3o na hist\u00f3ria do campeonato no Brasil. \u201cO carro \u00e9 totalmente novo, ent\u00e3o n\u00f3s vamos para a pista sem refer\u00eancia nenhuma. Nada do que a gente fazia com o outro carro vai funcionar, ent\u00e3o o primeiro dia \u00e9 conhecer o carro, os pneus, como tudo vai reagir. Talvez no segundo dia seja o momento de come\u00e7ar a buscar um pouco de performance\u201d, disse Neugebauer, que com o carro anterior disputou 60 corridas, vencendo 10 e com 25 presen\u00e7as no p\u00f3dio. \u201cVai ser um trabalho novo, do zero\u201d, completou o piloto do carro #8, que na temporada 2021, foi o competidor que somou mais pontos no campeonato Sprint, mas os descartes obrigat\u00f3rios deram o terceiro lugar no campeonato.<\/span><\/p>\n<p style=\"line-height: inherit;color: #555555;font-family: 'Trebuchet MS', 'Lucida Grande', 'Lucida Sans Unicode', 'Lucida Sans', Tahoma, sans-serif;font-size: 16px;text-align: justify\"><span style=\"font-size: 24px\">Ser\u00e3o dois dias de atividades na pista de Interlagos buscando a melhor adapta\u00e7\u00e3o para a etapa de abertura do campeonato, em Goi\u00e2nia (GO), nos dias 2 e 3 de abril.<\/span><\/p>\n<p style=\"line-height: inherit;color: #555555;font-family: 'Trebuchet MS', 'Lucida Grande', 'Lucida Sans Unicode', 'Lucida Sans', Tahoma, sans-serif;font-size: 16px;text-align: justify\"><span style=\"font-size: 24px\"><strong style=\"line-height: inherit\">O novo carro<br style=\"line-height: inherit\" \/><\/strong>Ap\u00f3s quatro anos de disputa com a segunda gera\u00e7\u00e3o do 991, novos carros v\u00e3o estrear na temporada 2022. O modelo de carros que ser\u00e3o usados nesta temporada estreou na Europa em 2021. Mas o que de fato muda do 991.2 para o 992?<\/span><\/p>\n<p style=\"line-height: inherit;color: #555555;font-family: 'Trebuchet MS', 'Lucida Grande', 'Lucida Sans Unicode', 'Lucida Sans', Tahoma, sans-serif;font-size: 16px;text-align: justify\"><span style=\"font-size: 24px\"><strong style=\"line-height: inherit\">Apar\u00eancia e press\u00e3o aerodin\u00e2mica<br style=\"line-height: inherit\" \/><\/strong>O novo carro tem algumas particularidades importantes em todos os aspectos do carro. Logo de cara \u00e9 poss\u00edvel ver que a asa traseira do carro mudou. Agora ela \u00e9 presa pela parte superior, com um \u201cpesco\u00e7o de gar\u00e7a\u201d, o que faz com que a parte inferior da asa fique livre e aumente a press\u00e3o aerodin\u00e2mica do carro.<\/span><\/p>\n<p style=\"line-height: inherit;color: #555555;font-family: 'Trebuchet MS', 'Lucida Grande', 'Lucida Sans Unicode', 'Lucida Sans', Tahoma, sans-serif;font-size: 16px;text-align: justify\"><span style=\"font-size: 24px\"><strong style=\"line-height: inherit\">Chassis<br style=\"line-height: inherit\" \/><\/strong>No chassis, o carro \u00e9 composto 70% de alum\u00ednio e 30% de a\u00e7o \u2013 exatamente o contr\u00e1rio do seu antecessor. Por ser mais r\u00edgido o conjunto ganha em estabilidade e melhora a performance, al\u00e9m de ficar mais seguro em caso de colis\u00f5es.<\/span><\/p>\n<p style=\"line-height: inherit;color: #555555;font-family: 'Trebuchet MS', 'Lucida Grande', 'Lucida Sans Unicode', 'Lucida Sans', Tahoma, sans-serif;font-size: 16px;text-align: justify\"><span style=\"font-size: 24px\"><strong style=\"line-height: inherit\">Motor e c\u00e2mbio<br style=\"line-height: inherit\" \/><\/strong>O motor tamb\u00e9m teve uma mudan\u00e7a e passa a ter 510hp, 25hp a mais do que os carros antigos. O c\u00e2mbio segue sequencial de seis marchas, mas mudou um componente eletr\u00f4nico que deixou a pe\u00e7a mais leve, com troca de marchas mais precisas e uma durabilidade maior.<\/span><\/p>\n<p style=\"line-height: inherit;color: #555555;font-family: 'Trebuchet MS', 'Lucida Grande', 'Lucida Sans Unicode', 'Lucida Sans', Tahoma, sans-serif;font-size: 16px;text-align: justify\"><span style=\"font-size: 24px\"><strong style=\"line-height: inherit\">Pneus<br style=\"line-height: inherit\" \/><\/strong>Os pneus tamb\u00e9m mudam um pouco. Continuam sendo fornecidos pela Michelin, mas os compostos traseiros ganham um refor\u00e7o na carca\u00e7a para aguentar o aumento de pot\u00eancia do carro, al\u00e9m de ser 1kg mais leve do que os anteriores, mesmo com as mesmas dimens\u00f5es. Os pneus dianteiros passam a ser mais largos.<\/span><\/p>\n<p style=\"line-height: inherit;color: #555555;font-family: 'Trebuchet MS', 'Lucida Grande', 'Lucida Sans Unicode', 'Lucida Sans', Tahoma, sans-serif;font-size: 16px;text-align: justify\"><span style=\"font-size: 24px\"><strong style=\"line-height: inherit\">Suspens\u00f5es e freio<br style=\"line-height: inherit\" \/><\/strong>Na parte \u201cinvis\u00edvel\u201d o carro tamb\u00e9m tem mudan\u00e7as. Saem as suspens\u00f5es McPherson e entra a Duplo A. Com o novo componente a varia\u00e7\u00e3o de cambagem e converg\u00eancia \u00e9 menor, gerando mais estabilidade. Os freios do 992 s\u00e3o da Brembo com seus pist\u00f5es por pin\u00e7a, al\u00e9m de um sistema ABS com um processamento de dados muito mais r\u00e1pido. Com isso a frenagem se torna mais precisa e mais est\u00e1vel. De acordo com a Porsche Cup Brasil \u201cem Interlagos, a freada no final da reta principal passou a ser feita 20 metros mais tarde\u201d.<\/span><\/p>\n<p style=\"line-height: inherit;color: #555555;font-family: 'Trebuchet MS', 'Lucida Grande', 'Lucida Sans Unicode', 'Lucida Sans', Tahoma, sans-serif;font-size: 16px;text-align: justify\"><span style=\"font-size: 24px\"><strong style=\"line-height: inherit\">Volante e banco<br style=\"line-height: inherit\" \/><\/strong>No interior do carro, o que mais chama aten\u00e7\u00e3o \u00e9 o novo volante. A maioria dos controles passam a ficar ao alcance do piloto, sem que precise tirar as m\u00e3os do volante. Agora o piloto consegue mudar os mapas do carro com mais seguran\u00e7a. Ainda segundo a categoria, a posi\u00e7\u00e3o de pilotagem ficou mais confort\u00e1vel com o novo banco, que \u201cabra\u00e7a\u201d o piloto.<\/span><\/p>\n<p style=\"line-height: inherit;color: #555555;font-family: 'Trebuchet MS', 'Lucida Grande', 'Lucida Sans Unicode', 'Lucida Sans', Tahoma, sans-serif;font-size: 16px;text-align: justify\"><span style=\"font-size: 24px\"><strong style=\"line-height: inherit\">N\u00fameros do Werner Neugebauer competindo com o 991.2:<br style=\"line-height: inherit\" \/><\/strong>2 t\u00edtulos (Sprint 2018\/Overall 2019)<\/span><br style=\"line-height: inherit\" \/><span style=\"font-size: 24px\">60 corridas<\/span><br style=\"line-height: inherit\" \/><span style=\"font-size: 24px\">10 vit\u00f3rias<\/span><br style=\"line-height: inherit\" \/><span style=\"font-size: 24px\">25 p\u00f3dios<\/span><br style=\"line-height: inherit\" \/><span style=\"font-size: 24px\">4 poles<strong style=\"line-height: inherit\">\u00a0<\/strong><\/span><\/p>\n<p style=\"line-height: inherit;color: #555555;font-family: 'Trebuchet MS', 'Lucida Grande', 'Lucida Sans Unicode', 'Lucida Sans', Tahoma, sans-serif;font-size: 16px;text-align: justify\"><span style=\"font-size: 24px\"><strong style=\"line-height: inherit\">(Foto: Bruno Terena\/Divulga\u00e7\u00e3o)<\/strong><\/span><\/p>\n","protected":false},"excerpt":{"rendered":"<p>A partir desta sexta-feira (11) uma nova hist\u00f3ria come\u00e7a a ser escrita na Porsche Carrera Brasil. Querendo repetir o feito de 2018, quando a segunda gera\u00e7\u00e3o do Carrera 991 chegou \u00e0s pistas brasileiras, Werner Neugebauer vai focar na adapta\u00e7\u00e3o ao novo carro no pr\u00f3ximo fim de semana. O piloto foi o primeiro campe\u00e3o da categoria [&hellip;]<\/p>\n","protected":false},"author":6307,"featured_media":53354,"comment_status":"closed","ping_status":"open","sticky":false,"template":"","format":"standard","meta":{"_exactmetrics_skip_tracking":false,"_exactmetrics_sitenote_active":false,"_exactmetrics_sitenote_note":"","_exactmetrics_sitenote_category":0,"footnotes":""},"categories":[1267],"tags":[8910],"yoast_head":"<!-- This site is optimized with the Yoast SEO Premium plugin v22.7 (Yoast SEO v22.7) - https:\/\/yoast.com\/wordpress\/plugins\/seo\/ -->\n<title>MARING\u00c1 - Campe\u00e3o em 2018, Werner Neugebauer quer vencer novamente com carro novo na Porsche - Orlando Gonzalez<\/title>\n<meta name=\"robots\" content=\"index, follow, max-snippet:-1, max-image-preview:large, max-video-preview:-1\" \/>\n<link rel=\"canonical\" href=\"https:\/\/maringapost.com.br\/orlandogonzalez\/2022\/03\/11\/maringa-campeao-em-2018-werner-neugebauer-quer-vencer-novamente-com-carro-novo-na-porsche\/\" \/>\n<meta property=\"og:locale\" content=\"pt_BR\" \/>\n<meta property=\"og:type\" content=\"article\" \/>\n<meta property=\"og:title\" content=\"MARING\u00c1 - Campe\u00e3o em 2018, Werner Neugebauer quer vencer novamente com carro novo na Porsche\" \/>\n<meta property=\"og:description\" content=\"A partir desta sexta-feira (11) uma nova hist\u00f3ria come\u00e7a a ser escrita na Porsche Carrera Brasil. Querendo repetir o feito de 2018, quando a segunda gera\u00e7\u00e3o do Carrera 991 chegou \u00e0s pistas brasileiras, Werner Neugebauer vai focar na adapta\u00e7\u00e3o ao novo carro no pr\u00f3ximo fim de semana. O piloto foi o primeiro campe\u00e3o da categoria [&hellip;]\" \/>\n<meta property=\"og:url\" content=\"https:\/\/maringapost.com.br\/orlandogonzalez\/2022\/03\/11\/maringa-campeao-em-2018-werner-neugebauer-quer-vencer-novamente-com-carro-novo-na-porsche\/\" \/>\n<meta property=\"og:site_name\" content=\"Orlando Gonzalez\" \/>\n<meta property=\"article:author\" content=\"https:\/\/www.facebook.com\/profile.php?id=100011095815065\" \/>\n<meta property=\"article:published_time\" content=\"2022-03-11T08:53:54+00:00\" \/>\n<meta property=\"og:image\" content=\"https:\/\/maringapost.com.br\/orlandogonzalez\/wp-content\/uploads\/sites\/17\/2022\/03\/404039_1004554_btx13653.jpg\" \/>\n\t<meta property=\"og:image:width\" content=\"1280\" \/>\n\t<meta property=\"og:image:height\" content=\"853\" \/>\n\t<meta property=\"og:image:type\" content=\"image\/jpeg\" \/>\n<meta name=\"author\" content=\"Orlando Gonzalez\" \/>\n<meta name=\"twitter:card\" content=\"summary_large_image\" \/>\n<meta name=\"twitter:creator\" content=\"@gonzalezorlando\" \/>\n<meta name=\"twitter:label1\" content=\"Escrito por\" \/>\n\t<meta name=\"twitter:data1\" content=\"\" \/>\n\t<meta name=\"twitter:label2\" content=\"Est. tempo de leitura\" \/>\n\t<meta name=\"twitter:data2\" content=\"4 minutos\" \/>\n<script type=\"application\/ld+json\" class=\"yoast-schema-graph\">{\"@context\":\"https:\/\/schema.org\",\"@graph\":[{\"@type\":\"WebPage\",\"@id\":\"https:\/\/maringapost.com.br\/orlandogonzalez\/2022\/03\/11\/maringa-campeao-em-2018-werner-neugebauer-quer-vencer-novamente-com-carro-novo-na-porsche\/\",\"url\":\"https:\/\/maringapost.com.br\/orlandogonzalez\/2022\/03\/11\/maringa-campeao-em-2018-werner-neugebauer-quer-vencer-novamente-com-carro-novo-na-porsche\/\",\"name\":\"MARING\u00c1 - Campe\u00e3o em 2018, Werner Neugebauer quer vencer novamente com carro novo na Porsche - Orlando Gonzalez\",\"isPartOf\":{\"@id\":\"https:\/\/maringapost.com.br\/orlandogonzalez\/#website\"},\"primaryImageOfPage\":{\"@id\":\"https:\/\/maringapost.com.br\/orlandogonzalez\/2022\/03\/11\/maringa-campeao-em-2018-werner-neugebauer-quer-vencer-novamente-com-carro-novo-na-porsche\/#primaryimage\"},\"image\":{\"@id\":\"https:\/\/maringapost.com.br\/orlandogonzalez\/2022\/03\/11\/maringa-campeao-em-2018-werner-neugebauer-quer-vencer-novamente-com-carro-novo-na-porsche\/#primaryimage\"},\"thumbnailUrl\":\"https:\/\/maringapost.com.br\/orlandogonzalez\/wp-content\/uploads\/sites\/17\/2022\/03\/404039_1004554_btx13653.jpg\",\"datePublished\":\"2022-03-11T08:53:54+00:00\",\"dateModified\":\"2022-03-11T08:53:54+00:00\",\"author\":{\"@id\":\"https:\/\/maringapost.com.br\/orlandogonzalez\/#\/schema\/person\/5cbe6257d08edea6afc9ebaa613b0633\"},\"inLanguage\":\"pt-BR\",\"potentialAction\":[{\"@type\":\"ReadAction\",\"target\":[\"https:\/\/maringapost.com.br\/orlandogonzalez\/2022\/03\/11\/maringa-campeao-em-2018-werner-neugebauer-quer-vencer-novamente-com-carro-novo-na-porsche\/\"]}]},{\"@type\":\"ImageObject\",\"inLanguage\":\"pt-BR\",\"@id\":\"https:\/\/maringapost.com.br\/orlandogonzalez\/2022\/03\/11\/maringa-campeao-em-2018-werner-neugebauer-quer-vencer-novamente-com-carro-novo-na-porsche\/#primaryimage\",\"url\":\"https:\/\/maringapost.com.br\/orlandogonzalez\/wp-content\/uploads\/sites\/17\/2022\/03\/404039_1004554_btx13653.jpg\",\"contentUrl\":\"https:\/\/maringapost.com.br\/orlandogonzalez\/wp-content\/uploads\/sites\/17\/2022\/03\/404039_1004554_btx13653.jpg\",\"width\":1280,\"height\":853},{\"@type\":\"WebSite\",\"@id\":\"https:\/\/maringapost.com.br\/orlandogonzalez\/#website\",\"url\":\"https:\/\/maringapost.com.br\/orlandogonzalez\/\",\"name\":\"Orlando Gonzalez\",\"description\":\"Destaca o esporte de Maring\u00e1! Destaca o esporte do Paran\u00e1! Destaca o esporte do Brasil!\",\"potentialAction\":[{\"@type\":\"SearchAction\",\"target\":{\"@type\":\"EntryPoint\",\"urlTemplate\":\"https:\/\/maringapost.com.br\/orlandogonzalez\/?s={search_term_string}\"},\"query-input\":\"required name=search_term_string\"}],\"inLanguage\":\"pt-BR\"},{\"@type\":\"Person\",\"@id\":\"https:\/\/maringapost.com.br\/orlandogonzalez\/#\/schema\/person\/5cbe6257d08edea6afc9ebaa613b0633\",\"name\":\"Orlando Gonzalez\",\"image\":{\"@type\":\"ImageObject\",\"inLanguage\":\"pt-BR\",\"@id\":\"https:\/\/maringapost.com.br\/orlandogonzalez\/#\/schema\/person\/image\/\",\"url\":\"https:\/\/secure.gravatar.com\/avatar\/ecef9d1c9afe5ebdafadde8369065ba5?s=96&d=mm&r=g\",\"contentUrl\":\"https:\/\/secure.gravatar.com\/avatar\/ecef9d1c9afe5ebdafadde8369065ba5?s=96&d=mm&r=g\",\"caption\":\"Orlando Gonzalez\"},\"description\":\"H\u00e1 29 anos na cobertura do esporte de Maring\u00e1. Plant\u00e3o e narrador esportivo. Presta\u00e7\u00e3o de assessoria de imprensa esportiva, cobertura e transmiss\u00f5es ao vivo de eventos esportivos. E-mail: orlandogonzalez.assessoria@gmail.com WhatsApp: (44) 9 9126-6119\",\"sameAs\":[\"http:\/\/www.radiomaringa.com.br\/\",\"https:\/\/www.facebook.com\/profile.php?id=100011095815065\",\"https:\/\/www.instagram.com\/orlandomgonzalez\/\",\"https:\/\/br.pinterest.com\/ogonzalez0530\/\",\"https:\/\/x.com\/gonzalezorlando\",\"https:\/\/www.youtube.com\/channel\/UCvFpl55btth8wjnKiSS1ibA\",\"https:\/\/radiomaringaweb.tumblr.com\/\"],\"url\":\"https:\/\/maringapost.com.br\/orlandogonzalez\/author\/orlando\/\"}]}<\/script>\n<!-- \/ Yoast SEO Premium plugin. -->","yoast_head_json":{"title":"MARING\u00c1 - Campe\u00e3o em 2018, Werner Neugebauer quer vencer novamente com carro novo na Porsche - Orlando Gonzalez","robots":{"index":"index","follow":"follow","max-snippet":"max-snippet:-1","max-image-preview":"max-image-preview:large","max-video-preview":"max-video-preview:-1"},"canonical":"https:\/\/maringapost.com.br\/orlandogonzalez\/2022\/03\/11\/maringa-campeao-em-2018-werner-neugebauer-quer-vencer-novamente-com-carro-novo-na-porsche\/","og_locale":"pt_BR","og_type":"article","og_title":"MARING\u00c1 - Campe\u00e3o em 2018, Werner Neugebauer quer vencer novamente com carro novo na Porsche","og_description":"A partir desta sexta-feira (11) uma nova hist\u00f3ria come\u00e7a a ser escrita na Porsche Carrera Brasil. Querendo repetir o feito de 2018, quando a segunda gera\u00e7\u00e3o do Carrera 991 chegou \u00e0s pistas brasileiras, Werner Neugebauer vai focar na adapta\u00e7\u00e3o ao novo carro no pr\u00f3ximo fim de semana. O piloto foi o primeiro campe\u00e3o da categoria [&hellip;]","og_url":"https:\/\/maringapost.com.br\/orlandogonzalez\/2022\/03\/11\/maringa-campeao-em-2018-werner-neugebauer-quer-vencer-novamente-com-carro-novo-na-porsche\/","og_site_name":"Orlando Gonzalez","article_author":"https:\/\/www.facebook.com\/profile.php?id=100011095815065","article_published_time":"2022-03-11T08:53:54+00:00","og_image":[{"width":1280,"height":853,"url":"https:\/\/maringapost.com.br\/orlandogonzalez\/wp-content\/uploads\/sites\/17\/2022\/03\/404039_1004554_btx13653.jpg","type":"image\/jpeg"}],"author":"Orlando Gonzalez","twitter_card":"summary_large_image","twitter_creator":"@gonzalezorlando","twitter_misc":{"Escrito por":false,"Est. tempo de leitura":"4 minutos"},"schema":{"@context":"https:\/\/schema.org","@graph":[{"@type":"WebPage","@id":"https:\/\/maringapost.com.br\/orlandogonzalez\/2022\/03\/11\/maringa-campeao-em-2018-werner-neugebauer-quer-vencer-novamente-com-carro-novo-na-porsche\/","url":"https:\/\/maringapost.com.br\/orlandogonzalez\/2022\/03\/11\/maringa-campeao-em-2018-werner-neugebauer-quer-vencer-novamente-com-carro-novo-na-porsche\/","name":"MARING\u00c1 - Campe\u00e3o em 2018, Werner Neugebauer quer vencer novamente com carro novo na Porsche - Orlando Gonzalez","isPartOf":{"@id":"https:\/\/maringapost.com.br\/orlandogonzalez\/#website"},"primaryImageOfPage":{"@id":"https:\/\/maringapost.com.br\/orlandogonzalez\/2022\/03\/11\/maringa-campeao-em-2018-werner-neugebauer-quer-vencer-novamente-com-carro-novo-na-porsche\/#primaryimage"},"image":{"@id":"https:\/\/maringapost.com.br\/orlandogonzalez\/2022\/03\/11\/maringa-campeao-em-2018-werner-neugebauer-quer-vencer-novamente-com-carro-novo-na-porsche\/#primaryimage"},"thumbnailUrl":"https:\/\/maringapost.com.br\/orlandogonzalez\/wp-content\/uploads\/sites\/17\/2022\/03\/404039_1004554_btx13653.jpg","datePublished":"2022-03-11T08:53:54+00:00","dateModified":"2022-03-11T08:53:54+00:00","author":{"@id":"https:\/\/maringapost.com.br\/orlandogonzalez\/#\/schema\/person\/5cbe6257d08edea6afc9ebaa613b0633"},"inLanguage":"pt-BR","potentialAction":[{"@type":"ReadAction","target":["https:\/\/maringapost.com.br\/orlandogonzalez\/2022\/03\/11\/maringa-campeao-em-2018-werner-neugebauer-quer-vencer-novamente-com-carro-novo-na-porsche\/"]}]},{"@type":"ImageObject","inLanguage":"pt-BR","@id":"https:\/\/maringapost.com.br\/orlandogonzalez\/2022\/03\/11\/maringa-campeao-em-2018-werner-neugebauer-quer-vencer-novamente-com-carro-novo-na-porsche\/#primaryimage","url":"https:\/\/maringapost.com.br\/orlandogonzalez\/wp-content\/uploads\/sites\/17\/2022\/03\/404039_1004554_btx13653.jpg","contentUrl":"https:\/\/maringapost.com.br\/orlandogonzalez\/wp-content\/uploads\/sites\/17\/2022\/03\/404039_1004554_btx13653.jpg","width":1280,"height":853},{"@type":"WebSite","@id":"https:\/\/maringapost.com.br\/orlandogonzalez\/#website","url":"https:\/\/maringapost.com.br\/orlandogonzalez\/","name":"Orlando Gonzalez","description":"Destaca o esporte de Maring\u00e1! Destaca o esporte do Paran\u00e1! Destaca o esporte do Brasil!","potentialAction":[{"@type":"SearchAction","target":{"@type":"EntryPoint","urlTemplate":"https:\/\/maringapost.com.br\/orlandogonzalez\/?s={search_term_string}"},"query-input":"required name=search_term_string"}],"inLanguage":"pt-BR"},{"@type":"Person","@id":"https:\/\/maringapost.com.br\/orlandogonzalez\/#\/schema\/person\/5cbe6257d08edea6afc9ebaa613b0633","name":"Orlando Gonzalez","image":{"@type":"ImageObject","inLanguage":"pt-BR","@id":"https:\/\/maringapost.com.br\/orlandogonzalez\/#\/schema\/person\/image\/","url":"https:\/\/secure.gravatar.com\/avatar\/ecef9d1c9afe5ebdafadde8369065ba5?s=96&d=mm&r=g","contentUrl":"https:\/\/secure.gravatar.com\/avatar\/ecef9d1c9afe5ebdafadde8369065ba5?s=96&d=mm&r=g","caption":"Orlando Gonzalez"},"description":"H\u00e1 29 anos na cobertura do esporte de Maring\u00e1. Plant\u00e3o e narrador esportivo. Presta\u00e7\u00e3o de assessoria de imprensa esportiva, cobertura e transmiss\u00f5es ao vivo de eventos esportivos. E-mail: orlandogonzalez.assessoria@gmail.com WhatsApp: (44) 9 9126-6119","sameAs":["http:\/\/www.radiomaringa.com.br\/","https:\/\/www.facebook.com\/profile.php?id=100011095815065","https:\/\/www.instagram.com\/orlandomgonzalez\/","https:\/\/br.pinterest.com\/ogonzalez0530\/","https:\/\/x.com\/gonzalezorlando","https:\/\/www.youtube.com\/channel\/UCvFpl55btth8wjnKiSS1ibA","https:\/\/radiomaringaweb.tumblr.com\/"],"url":"https:\/\/maringapost.com.br\/orlandogonzalez\/author\/orlando\/"}]}},"_links":{"self":[{"href":"https:\/\/maringapost.com.br\/orlandogonzalez\/wp-json\/wp\/v2\/posts\/53353"}],"collection":[{"href":"https:\/\/maringapost.com.br\/orlandogonzalez\/wp-json\/wp\/v2\/posts"}],"about":[{"href":"https:\/\/maringapost.com.br\/orlandogonzalez\/wp-json\/wp\/v2\/types\/post"}],"author":[{"embeddable":true,"href":"https:\/\/maringapost.com.br\/orlandogonzalez\/wp-json\/wp\/v2\/users\/6307"}],"replies":[{"embeddable":true,"href":"https:\/\/maringapost.com.br\/orlandogonzalez\/wp-json\/wp\/v2\/comments?post=53353"}],"version-history":[{"count":1,"href":"https:\/\/maringapost.com.br\/orlandogonzalez\/wp-json\/wp\/v2\/posts\/53353\/revisions"}],"predecessor-version":[{"id":53355,"href":"https:\/\/maringapost.com.br\/orlandogonzalez\/wp-json\/wp\/v2\/posts\/53353\/revisions\/53355"}],"wp:featuredmedia":[{"embeddable":true,"href":"https:\/\/maringapost.com.br\/orlandogonzalez\/wp-json\/wp\/v2\/media\/53354"}],"wp:attachment":[{"href":"https:\/\/maringapost.com.br\/orlandogonzalez\/wp-json\/wp\/v2\/media?parent=53353"}],"wp:term":[{"taxonomy":"category","embeddable":true,"href":"https:\/\/maringapost.com.br\/orlandogonzalez\/wp-json\/wp\/v2\/categories?post=53353"},{"taxonomy":"post_tag","embeddable":true,"href":"https:\/\/maringapost.com.br\/orlandogonzalez\/wp-json\/wp\/v2\/tags?post=53353"}],"curies":[{"name":"wp","href":"https:\/\/api.w.org\/{rel}","templated":true}]}}