{"id":53298,"date":"2022-03-08T09:21:29","date_gmt":"2022-03-08T12:21:29","guid":{"rendered":"https:\/\/maringapost.com.br\/orlandogonzalez\/?p=53298"},"modified":"2022-03-08T09:21:29","modified_gmt":"2022-03-08T12:21:29","slug":"maringa-unica-garota-na-f4-brasileira-mira-carreira-nas-pistas","status":"publish","type":"post","link":"https:\/\/maringapost.com.br\/orlandogonzalez\/2022\/03\/08\/maringa-unica-garota-na-f4-brasileira-mira-carreira-nas-pistas\/","title":{"rendered":"MARING\u00c1 &#8211; \u00danica garota na F4 brasileira mira carreira nas pistas"},"content":{"rendered":"<p><span style=\"font-size: 24px\">A F\u00f3rmula 4 Brasil, que\u00a0ter\u00e1 in\u00edcio em maio, surge em meio \u00e0 car\u00eancia de competi\u00e7\u00f5es de base no automobilismo nacional. O evento tem seis fins de semana previstos at\u00e9 novembro, com tr\u00eas provas em cada. Entre os 16 pilotos, que est\u00e3o divididos em quatro equipes, Aur\u00e9lia Nobels \u00e9 a \u00fanica garota. N\u00e3o que seja um cen\u00e1rio estranho \u00e0 jovem de apenas 15 anos, acostumada a ser minoria nos torneios que disputa.<img decoding=\"async\" src=\"https:\/\/agenciabrasil.ebc.com.br\/ebc.png?id=1446736&amp;o=node\" \/><img decoding=\"async\" src=\"https:\/\/agenciabrasil.ebc.com.br\/ebc.gif?id=1446736&amp;o=node\" \/><\/span><\/p>\n<p><span style=\"font-size: 24px\">&#8220;H\u00e1 poucas meninas no esporte e \u00e9 bem dif\u00edcil, porque a gente sofre com os meninos, por ser um esporte bem machista. Mas meus pais sempre apoiaram muito, meus amigos tamb\u00e9m. Quando falei [que seria piloto], eles [amigos] ficaram at\u00e9 chocados, porque ver uma menina nesse esporte \u00e9 dif\u00edcil, mas est\u00e3o sempre me apoiando, perguntando e ficam felizes com os resultados&#8221;, contou Aur\u00e9lia, \u00e0\u00a0<span style=\"font-weight: bolder\">Ag\u00eancia Brasil.<\/span><\/span><\/p>\n<p><span style=\"font-size: 24px\">O sobrenome da piloto, ali\u00e1s, n\u00e3o deixa d\u00favidas da origem estrangeira. Aur\u00e9lia nasceu em Boston (Estados Unidos) e tem pais belgas. A fam\u00edlia vive no Brasil desde que a jovem tinha tr\u00eas anos, mas o carinho pelo pa\u00eds vem de antes, tamb\u00e9m motivada pelo automobilismo.<\/span><\/p>\n<p><span style=\"font-size: 24px\">&#8220;Quando era pequeno, tinha uma bandeira brasileira no quarto, porque gostava do Ayrton Senna. Ele era meu \u00eddolo. Sempre sonhei conhecer o Brasil, tive oportunidade profissional [para isso] e depois de mudar para c\u00e1. Toda a fam\u00edlia mudou, gostou muito e aqui ficamos&#8221;, recordou o pai de Aur\u00e9lia, Kevin Nobels.<\/span><\/p>\n<p><span style=\"font-size: 24px\">Dos quatro filhos de Kevin, dois seguiram o caminho do esporte a motor &#8211; o irm\u00e3o\u00a0mais novo de Aur\u00e9lia, Ethan, tamb\u00e9m pilota. Ambos iniciaram no kart com Tuka Rocha, piloto\u00a0com destaque na Stock Car, que faleceu em 2018 em um acidente a\u00e9reo. A jovem tinha dez anos quando conheceu a modalidade e participa de torneios desde 2017. Al\u00e9m de pistas brasileiras, ela j\u00e1 competiu na Europa e foi a \u00fanica representante feminina na categoria OK Junior (12 a 14 anos) no Campeonato Mundial de Kart de 2020, em Portim\u00e3o (Portugal).<\/span><\/p>\n<p><span style=\"font-size: 24px\">&#8220;Eu achei bem diferente [competir na Europa], em rela\u00e7\u00e3o ao kart e \u00e0s pistas. Sobre machismo, eles veem menos diferen\u00e7as entre meninos e meninas. Al\u00e9m disso, h\u00e1 mais meninas [pilotando] na Europa&#8221;, descreveu Aur\u00e9lia, que tem a paulistana Bia Figueiredo, ex-piloto de Stock Car e F\u00f3rmula Indy, entre as refer\u00eancias\u00a0na\u00a0modalidade &#8211; ao lado\u00a0do monegasco Charles Leclerc e do brit\u00e2nico Lewis Hamilton, ambos da F\u00f3rmula 1.\u00a0<\/span><\/p>\n<p>&nbsp;<\/p>\n<p><span style=\"font-size: 24px\">&#8220;Eu a conheci [Bia] no come\u00e7o da minha carreira. \u00c9 uma pessoa incr\u00edvel, muito gente boa. Ela at\u00e9 me mandou mensagem quando entrei na TMG [equipe de Aur\u00e9lia na F\u00f3rmula 4], j\u00e1 trabalhou com Thiago [Meneghel, chefe da escuderia]&#8221;, contou.<\/span><\/p>\n<p><span style=\"font-size: 24px\">A temporada brasileira da F\u00f3rmula 4 ser\u00e1 a primeira de Aur\u00e9lia dirigindo um monoposto. Para se adaptar, a jovem fez testes na Europa &#8211; o carro da F4 de l\u00e1 \u00e9 o mesmo que ser\u00e1 utilizado por aqui &#8211; e conheceu as pistas que\u00a0ter\u00e1 pela frente em 2022, a bordo de um F\u00f3rmula 3.<\/span><\/p>\n<p><span style=\"font-size: 24px\">&#8220;[O monoposto] \u00c9 bem diferente do kart, que \u00e9 a base de tudo. O carro \u00e9 mais pesado e mais r\u00e1pido e o freio \u00e9 mais duro. Tem de trabalhar bastante o f\u00edsico para aguentar o carro e fazer bastante simulador para conhecer as pistas, saber onde \u00e9 a primeira curva, onde frear&#8221;, disse a piloto.<\/span><\/p>\n<p><span style=\"font-size: 24px\">Aur\u00e9lia sonha com a F\u00f3rmula 1, que n\u00e3o tem uma piloto mulher desde a italiana Giovanna Amati, que participou dos treinos oficiais de classifica\u00e7\u00e3o em tr\u00eas etapas da temporada 1992.\u00a0J\u00e1 a \u00faltima a disputar uma prova foi a compatriota Leila Lombardi, que esteve em 12 corridas, entre 1974 e 1976. De l\u00e1 para c\u00e1, as brit\u00e2nicas Susie Wolff &#8211; atualmente a chefe-executiva da equipe Venturi, na F\u00f3rmula E (monopostos el\u00e9tricos) &#8211; e Katherine Legge s\u00e3o as que mais chegaram perto de competir na principal categoria do automobilismo.<\/span><\/p>\n<p><span style=\"font-size: 24px\">&#8220;\u00c9 muito dif\u00edcil, poucas pessoas conseguem, mas espero que d\u00ea certo e eu consiga chegar l\u00e1 um dia&#8221;, afirmou a jovem, que, a partir de 2023, com 16 anos, fica apta a participar das seletivas para a W Series, categoria internacional voltada somente a mulheres e que teve a catarinense Bruna Tomaselli na temporada passada.<\/span><\/p>\n<p><span style=\"font-size: 24px\">E quanto \u00e0 bandeira que defender\u00e1? Em 2020, no Mundial de kart, Aur\u00e9lia e o irm\u00e3o competiram pela B\u00e9lgica. Apesar do sangue meio norte-americano, meio europeu, Aur\u00e9lia quer representar o pa\u00eds onde cresceu e no qual a fam\u00edlia decidiu viver.<\/span><\/p>\n<p><span style=\"font-size: 24px\">&#8220;Vim para c\u00e1 muito cedo, moro h\u00e1 12 anos, ent\u00e3o me considero brasileira. Prefiro representar o Brasil&#8221;, concluiu a piloto, que tem as bandeiras dos tr\u00eas pa\u00edses estampada no capacete.<\/span><\/p>\n<p><span style=\"font-size: 24px\">O primeiro fim de semana da F\u00f3rmula 4 Brasil ser\u00e1 o de 14 e\u00a015 de maio, em Mogi Gua\u00e7u (SP). Nos dias 30 e\u00a031 de julho, as provas ser\u00e3o em Bras\u00edlia. A categoria volta para Mogi Gua\u00e7u nos dias 25 e\u00a026 de setembro. A\u00a0quarta\u00a0etapa est\u00e1 marcada para Goi\u00e2nia, em 22 e\u00a023 de outubro. A temporada chega ao fim nos dias 19 e\u00a020 de novembro, outra vez em Bras\u00edlia.<\/span><\/p>\n<p><span style=\"font-size: 24px\">(Texto: Lincoln Chaves\/Ag\u00eancia Brasil. Foto: Arquivo Pessoal)<\/span><\/p>\n","protected":false},"excerpt":{"rendered":"<p>A F\u00f3rmula 4 Brasil, que\u00a0ter\u00e1 in\u00edcio em maio, surge em meio \u00e0 car\u00eancia de competi\u00e7\u00f5es de base no automobilismo nacional. O evento tem seis fins de semana previstos at\u00e9 novembro, com tr\u00eas provas em cada. Entre os 16 pilotos, que est\u00e3o divididos em quatro equipes, Aur\u00e9lia Nobels \u00e9 a \u00fanica garota. N\u00e3o que seja um [&hellip;]<\/p>\n","protected":false},"author":6307,"featured_media":53299,"comment_status":"closed","ping_status":"open","sticky":false,"template":"","format":"standard","meta":{"_exactmetrics_skip_tracking":false,"_exactmetrics_sitenote_active":false,"_exactmetrics_sitenote_note":"","_exactmetrics_sitenote_category":0,"footnotes":""},"categories":[1267],"tags":[8910],"yoast_head":"<!-- This site is optimized with the Yoast SEO Premium plugin v22.7 (Yoast SEO v22.7) - https:\/\/yoast.com\/wordpress\/plugins\/seo\/ -->\n<title>MARING\u00c1 - \u00danica garota na F4 brasileira mira carreira nas pistas - Orlando Gonzalez<\/title>\n<meta name=\"robots\" content=\"index, follow, max-snippet:-1, max-image-preview:large, max-video-preview:-1\" \/>\n<link rel=\"canonical\" href=\"https:\/\/maringapost.com.br\/orlandogonzalez\/2022\/03\/08\/maringa-unica-garota-na-f4-brasileira-mira-carreira-nas-pistas\/\" \/>\n<meta property=\"og:locale\" content=\"pt_BR\" \/>\n<meta property=\"og:type\" content=\"article\" \/>\n<meta property=\"og:title\" content=\"MARING\u00c1 - \u00danica garota na F4 brasileira mira carreira nas pistas\" \/>\n<meta property=\"og:description\" content=\"A F\u00f3rmula 4 Brasil, que\u00a0ter\u00e1 in\u00edcio em maio, surge em meio \u00e0 car\u00eancia de competi\u00e7\u00f5es de base no automobilismo nacional. O evento tem seis fins de semana previstos at\u00e9 novembro, com tr\u00eas provas em cada. Entre os 16 pilotos, que est\u00e3o divididos em quatro equipes, Aur\u00e9lia Nobels \u00e9 a \u00fanica garota. N\u00e3o que seja um [&hellip;]\" \/>\n<meta property=\"og:url\" content=\"https:\/\/maringapost.com.br\/orlandogonzalez\/2022\/03\/08\/maringa-unica-garota-na-f4-brasileira-mira-carreira-nas-pistas\/\" \/>\n<meta property=\"og:site_name\" content=\"Orlando Gonzalez\" \/>\n<meta property=\"article:author\" content=\"https:\/\/www.facebook.com\/profile.php?id=100011095815065\" \/>\n<meta property=\"article:published_time\" content=\"2022-03-08T12:21:29+00:00\" \/>\n<meta property=\"og:image\" content=\"https:\/\/maringapost.com.br\/orlandogonzalez\/wp-content\/uploads\/sites\/17\/2022\/03\/jovem.jpg\" \/>\n\t<meta property=\"og:image:width\" content=\"1170\" \/>\n\t<meta property=\"og:image:height\" content=\"700\" \/>\n\t<meta property=\"og:image:type\" content=\"image\/jpeg\" \/>\n<meta name=\"author\" content=\"Orlando Gonzalez\" \/>\n<meta name=\"twitter:card\" content=\"summary_large_image\" \/>\n<meta name=\"twitter:creator\" content=\"@gonzalezorlando\" \/>\n<meta name=\"twitter:label1\" content=\"Escrito por\" \/>\n\t<meta name=\"twitter:data1\" content=\"\" \/>\n\t<meta name=\"twitter:label2\" content=\"Est. tempo de leitura\" \/>\n\t<meta name=\"twitter:data2\" content=\"5 minutos\" \/>\n<script type=\"application\/ld+json\" class=\"yoast-schema-graph\">{\"@context\":\"https:\/\/schema.org\",\"@graph\":[{\"@type\":\"WebPage\",\"@id\":\"https:\/\/maringapost.com.br\/orlandogonzalez\/2022\/03\/08\/maringa-unica-garota-na-f4-brasileira-mira-carreira-nas-pistas\/\",\"url\":\"https:\/\/maringapost.com.br\/orlandogonzalez\/2022\/03\/08\/maringa-unica-garota-na-f4-brasileira-mira-carreira-nas-pistas\/\",\"name\":\"MARING\u00c1 - \u00danica garota na F4 brasileira mira carreira nas pistas - Orlando Gonzalez\",\"isPartOf\":{\"@id\":\"https:\/\/maringapost.com.br\/orlandogonzalez\/#website\"},\"primaryImageOfPage\":{\"@id\":\"https:\/\/maringapost.com.br\/orlandogonzalez\/2022\/03\/08\/maringa-unica-garota-na-f4-brasileira-mira-carreira-nas-pistas\/#primaryimage\"},\"image\":{\"@id\":\"https:\/\/maringapost.com.br\/orlandogonzalez\/2022\/03\/08\/maringa-unica-garota-na-f4-brasileira-mira-carreira-nas-pistas\/#primaryimage\"},\"thumbnailUrl\":\"https:\/\/maringapost.com.br\/orlandogonzalez\/wp-content\/uploads\/sites\/17\/2022\/03\/jovem.jpg\",\"datePublished\":\"2022-03-08T12:21:29+00:00\",\"dateModified\":\"2022-03-08T12:21:29+00:00\",\"author\":{\"@id\":\"https:\/\/maringapost.com.br\/orlandogonzalez\/#\/schema\/person\/5cbe6257d08edea6afc9ebaa613b0633\"},\"inLanguage\":\"pt-BR\",\"potentialAction\":[{\"@type\":\"ReadAction\",\"target\":[\"https:\/\/maringapost.com.br\/orlandogonzalez\/2022\/03\/08\/maringa-unica-garota-na-f4-brasileira-mira-carreira-nas-pistas\/\"]}]},{\"@type\":\"ImageObject\",\"inLanguage\":\"pt-BR\",\"@id\":\"https:\/\/maringapost.com.br\/orlandogonzalez\/2022\/03\/08\/maringa-unica-garota-na-f4-brasileira-mira-carreira-nas-pistas\/#primaryimage\",\"url\":\"https:\/\/maringapost.com.br\/orlandogonzalez\/wp-content\/uploads\/sites\/17\/2022\/03\/jovem.jpg\",\"contentUrl\":\"https:\/\/maringapost.com.br\/orlandogonzalez\/wp-content\/uploads\/sites\/17\/2022\/03\/jovem.jpg\",\"width\":1170,\"height\":700},{\"@type\":\"WebSite\",\"@id\":\"https:\/\/maringapost.com.br\/orlandogonzalez\/#website\",\"url\":\"https:\/\/maringapost.com.br\/orlandogonzalez\/\",\"name\":\"Orlando Gonzalez\",\"description\":\"Destaca o esporte de Maring\u00e1! Destaca o esporte do Paran\u00e1! Destaca o esporte do Brasil!\",\"potentialAction\":[{\"@type\":\"SearchAction\",\"target\":{\"@type\":\"EntryPoint\",\"urlTemplate\":\"https:\/\/maringapost.com.br\/orlandogonzalez\/?s={search_term_string}\"},\"query-input\":\"required name=search_term_string\"}],\"inLanguage\":\"pt-BR\"},{\"@type\":\"Person\",\"@id\":\"https:\/\/maringapost.com.br\/orlandogonzalez\/#\/schema\/person\/5cbe6257d08edea6afc9ebaa613b0633\",\"name\":\"Orlando Gonzalez\",\"image\":{\"@type\":\"ImageObject\",\"inLanguage\":\"pt-BR\",\"@id\":\"https:\/\/maringapost.com.br\/orlandogonzalez\/#\/schema\/person\/image\/\",\"url\":\"https:\/\/secure.gravatar.com\/avatar\/ecef9d1c9afe5ebdafadde8369065ba5?s=96&d=mm&r=g\",\"contentUrl\":\"https:\/\/secure.gravatar.com\/avatar\/ecef9d1c9afe5ebdafadde8369065ba5?s=96&d=mm&r=g\",\"caption\":\"Orlando Gonzalez\"},\"description\":\"H\u00e1 29 anos na cobertura do esporte de Maring\u00e1. Plant\u00e3o e narrador esportivo. Presta\u00e7\u00e3o de assessoria de imprensa esportiva, cobertura e transmiss\u00f5es ao vivo de eventos esportivos. E-mail: orlandogonzalez.assessoria@gmail.com WhatsApp: (44) 9 9126-6119\",\"sameAs\":[\"http:\/\/www.radiomaringa.com.br\/\",\"https:\/\/www.facebook.com\/profile.php?id=100011095815065\",\"https:\/\/www.instagram.com\/orlandomgonzalez\/\",\"https:\/\/br.pinterest.com\/ogonzalez0530\/\",\"https:\/\/x.com\/gonzalezorlando\",\"https:\/\/www.youtube.com\/channel\/UCvFpl55btth8wjnKiSS1ibA\",\"https:\/\/radiomaringaweb.tumblr.com\/\"],\"url\":\"https:\/\/maringapost.com.br\/orlandogonzalez\/author\/orlando\/\"}]}<\/script>\n<!-- \/ Yoast SEO Premium plugin. -->","yoast_head_json":{"title":"MARING\u00c1 - \u00danica garota na F4 brasileira mira carreira nas pistas - Orlando Gonzalez","robots":{"index":"index","follow":"follow","max-snippet":"max-snippet:-1","max-image-preview":"max-image-preview:large","max-video-preview":"max-video-preview:-1"},"canonical":"https:\/\/maringapost.com.br\/orlandogonzalez\/2022\/03\/08\/maringa-unica-garota-na-f4-brasileira-mira-carreira-nas-pistas\/","og_locale":"pt_BR","og_type":"article","og_title":"MARING\u00c1 - \u00danica garota na F4 brasileira mira carreira nas pistas","og_description":"A F\u00f3rmula 4 Brasil, que\u00a0ter\u00e1 in\u00edcio em maio, surge em meio \u00e0 car\u00eancia de competi\u00e7\u00f5es de base no automobilismo nacional. O evento tem seis fins de semana previstos at\u00e9 novembro, com tr\u00eas provas em cada. Entre os 16 pilotos, que est\u00e3o divididos em quatro equipes, Aur\u00e9lia Nobels \u00e9 a \u00fanica garota. N\u00e3o que seja um [&hellip;]","og_url":"https:\/\/maringapost.com.br\/orlandogonzalez\/2022\/03\/08\/maringa-unica-garota-na-f4-brasileira-mira-carreira-nas-pistas\/","og_site_name":"Orlando Gonzalez","article_author":"https:\/\/www.facebook.com\/profile.php?id=100011095815065","article_published_time":"2022-03-08T12:21:29+00:00","og_image":[{"width":1170,"height":700,"url":"https:\/\/maringapost.com.br\/orlandogonzalez\/wp-content\/uploads\/sites\/17\/2022\/03\/jovem.jpg","type":"image\/jpeg"}],"author":"Orlando Gonzalez","twitter_card":"summary_large_image","twitter_creator":"@gonzalezorlando","twitter_misc":{"Escrito por":false,"Est. tempo de leitura":"5 minutos"},"schema":{"@context":"https:\/\/schema.org","@graph":[{"@type":"WebPage","@id":"https:\/\/maringapost.com.br\/orlandogonzalez\/2022\/03\/08\/maringa-unica-garota-na-f4-brasileira-mira-carreira-nas-pistas\/","url":"https:\/\/maringapost.com.br\/orlandogonzalez\/2022\/03\/08\/maringa-unica-garota-na-f4-brasileira-mira-carreira-nas-pistas\/","name":"MARING\u00c1 - \u00danica garota na F4 brasileira mira carreira nas pistas - Orlando Gonzalez","isPartOf":{"@id":"https:\/\/maringapost.com.br\/orlandogonzalez\/#website"},"primaryImageOfPage":{"@id":"https:\/\/maringapost.com.br\/orlandogonzalez\/2022\/03\/08\/maringa-unica-garota-na-f4-brasileira-mira-carreira-nas-pistas\/#primaryimage"},"image":{"@id":"https:\/\/maringapost.com.br\/orlandogonzalez\/2022\/03\/08\/maringa-unica-garota-na-f4-brasileira-mira-carreira-nas-pistas\/#primaryimage"},"thumbnailUrl":"https:\/\/maringapost.com.br\/orlandogonzalez\/wp-content\/uploads\/sites\/17\/2022\/03\/jovem.jpg","datePublished":"2022-03-08T12:21:29+00:00","dateModified":"2022-03-08T12:21:29+00:00","author":{"@id":"https:\/\/maringapost.com.br\/orlandogonzalez\/#\/schema\/person\/5cbe6257d08edea6afc9ebaa613b0633"},"inLanguage":"pt-BR","potentialAction":[{"@type":"ReadAction","target":["https:\/\/maringapost.com.br\/orlandogonzalez\/2022\/03\/08\/maringa-unica-garota-na-f4-brasileira-mira-carreira-nas-pistas\/"]}]},{"@type":"ImageObject","inLanguage":"pt-BR","@id":"https:\/\/maringapost.com.br\/orlandogonzalez\/2022\/03\/08\/maringa-unica-garota-na-f4-brasileira-mira-carreira-nas-pistas\/#primaryimage","url":"https:\/\/maringapost.com.br\/orlandogonzalez\/wp-content\/uploads\/sites\/17\/2022\/03\/jovem.jpg","contentUrl":"https:\/\/maringapost.com.br\/orlandogonzalez\/wp-content\/uploads\/sites\/17\/2022\/03\/jovem.jpg","width":1170,"height":700},{"@type":"WebSite","@id":"https:\/\/maringapost.com.br\/orlandogonzalez\/#website","url":"https:\/\/maringapost.com.br\/orlandogonzalez\/","name":"Orlando Gonzalez","description":"Destaca o esporte de Maring\u00e1! Destaca o esporte do Paran\u00e1! Destaca o esporte do Brasil!","potentialAction":[{"@type":"SearchAction","target":{"@type":"EntryPoint","urlTemplate":"https:\/\/maringapost.com.br\/orlandogonzalez\/?s={search_term_string}"},"query-input":"required name=search_term_string"}],"inLanguage":"pt-BR"},{"@type":"Person","@id":"https:\/\/maringapost.com.br\/orlandogonzalez\/#\/schema\/person\/5cbe6257d08edea6afc9ebaa613b0633","name":"Orlando Gonzalez","image":{"@type":"ImageObject","inLanguage":"pt-BR","@id":"https:\/\/maringapost.com.br\/orlandogonzalez\/#\/schema\/person\/image\/","url":"https:\/\/secure.gravatar.com\/avatar\/ecef9d1c9afe5ebdafadde8369065ba5?s=96&d=mm&r=g","contentUrl":"https:\/\/secure.gravatar.com\/avatar\/ecef9d1c9afe5ebdafadde8369065ba5?s=96&d=mm&r=g","caption":"Orlando Gonzalez"},"description":"H\u00e1 29 anos na cobertura do esporte de Maring\u00e1. Plant\u00e3o e narrador esportivo. Presta\u00e7\u00e3o de assessoria de imprensa esportiva, cobertura e transmiss\u00f5es ao vivo de eventos esportivos. E-mail: orlandogonzalez.assessoria@gmail.com WhatsApp: (44) 9 9126-6119","sameAs":["http:\/\/www.radiomaringa.com.br\/","https:\/\/www.facebook.com\/profile.php?id=100011095815065","https:\/\/www.instagram.com\/orlandomgonzalez\/","https:\/\/br.pinterest.com\/ogonzalez0530\/","https:\/\/x.com\/gonzalezorlando","https:\/\/www.youtube.com\/channel\/UCvFpl55btth8wjnKiSS1ibA","https:\/\/radiomaringaweb.tumblr.com\/"],"url":"https:\/\/maringapost.com.br\/orlandogonzalez\/author\/orlando\/"}]}},"_links":{"self":[{"href":"https:\/\/maringapost.com.br\/orlandogonzalez\/wp-json\/wp\/v2\/posts\/53298"}],"collection":[{"href":"https:\/\/maringapost.com.br\/orlandogonzalez\/wp-json\/wp\/v2\/posts"}],"about":[{"href":"https:\/\/maringapost.com.br\/orlandogonzalez\/wp-json\/wp\/v2\/types\/post"}],"author":[{"embeddable":true,"href":"https:\/\/maringapost.com.br\/orlandogonzalez\/wp-json\/wp\/v2\/users\/6307"}],"replies":[{"embeddable":true,"href":"https:\/\/maringapost.com.br\/orlandogonzalez\/wp-json\/wp\/v2\/comments?post=53298"}],"version-history":[{"count":1,"href":"https:\/\/maringapost.com.br\/orlandogonzalez\/wp-json\/wp\/v2\/posts\/53298\/revisions"}],"predecessor-version":[{"id":53300,"href":"https:\/\/maringapost.com.br\/orlandogonzalez\/wp-json\/wp\/v2\/posts\/53298\/revisions\/53300"}],"wp:featuredmedia":[{"embeddable":true,"href":"https:\/\/maringapost.com.br\/orlandogonzalez\/wp-json\/wp\/v2\/media\/53299"}],"wp:attachment":[{"href":"https:\/\/maringapost.com.br\/orlandogonzalez\/wp-json\/wp\/v2\/media?parent=53298"}],"wp:term":[{"taxonomy":"category","embeddable":true,"href":"https:\/\/maringapost.com.br\/orlandogonzalez\/wp-json\/wp\/v2\/categories?post=53298"},{"taxonomy":"post_tag","embeddable":true,"href":"https:\/\/maringapost.com.br\/orlandogonzalez\/wp-json\/wp\/v2\/tags?post=53298"}],"curies":[{"name":"wp","href":"https:\/\/api.w.org\/{rel}","templated":true}]}}