{"id":53295,"date":"2022-03-08T08:01:20","date_gmt":"2022-03-08T11:01:20","guid":{"rendered":"https:\/\/maringapost.com.br\/orlandogonzalez\/?p=53295"},"modified":"2022-03-08T08:01:49","modified_gmt":"2022-03-08T11:01:49","slug":"maringa-brasileiras-ocupam-posicoes-de-comando-no-automobilismo","status":"publish","type":"post","link":"https:\/\/maringapost.com.br\/orlandogonzalez\/2022\/03\/08\/maringa-brasileiras-ocupam-posicoes-de-comando-no-automobilismo\/","title":{"rendered":"MARING\u00c1 &#8211; Brasileiras ocupam posi\u00e7\u00f5es de comando no automobilismo"},"content":{"rendered":"<p><span style=\"color: #555555;font-family: 'Trebuchet MS', 'Lucida Grande', 'Lucida Sans Unicode', 'Lucida Sans', Tahoma, sans-serif;font-size: 24px;text-align: justify\">Surgido em 1908 nos EUA, o movimento para evidenciar as dificuldades enfrentadas pelas mulheres na sociedade s\u00f3 teve uma data fixada mundialmente a partir de 1917, quando uma greve de trabalhadoras russas durante a I Guerra Mundial desembocou na queda do czar, na permiss\u00e3o de voto em elei\u00e7\u00f5es e contribuiu para acelerar a revolu\u00e7\u00e3o comunista naquele pa\u00eds. Nesta ter\u00e7a-feira, com uma guerra que envolve a R\u00fassia em andamento, o mundo volta a celebrar o Dia Internacional da Mulher e a lembrar os desafios e conquistas do movimento que no \u00faltimo s\u00e9culo vem revolucionando a sociedade. No esporte, as mulheres t\u00eam comemorado muitas conquistas, mas cabe destaque ao esporte a motor, um ambiente predominantemente masculino no qual muitas brasileiras t\u00eam ocupado posi\u00e7\u00f5es de comando.<\/span><\/p>\n<p><br style=\"line-height: inherit;color: #555555;font-family: 'Trebuchet MS', 'Lucida Grande', 'Lucida Sans Unicode', 'Lucida Sans', Tahoma, sans-serif;font-size: 16px;text-align: justify\" \/><span style=\"color: #555555;font-family: 'Trebuchet MS', 'Lucida Grande', 'Lucida Sans Unicode', 'Lucida Sans', Tahoma, sans-serif;font-size: 24px;text-align: justify\">No principal campeonato do pa\u00eds, a Stock Car Pro Series, h\u00e1 muitos exemplos. \u00c9 o caso de Vanda Camacho, certamente um dos nomes mais respeitados do esporte a motor no pa\u00eds, que come\u00e7ou sua carreira na Stock coordenando uma equipe de TV nos anos 90. Diretora de opera\u00e7\u00f5es da categoria, Vanda atualmente tem inger\u00eancia em todos os setores do evento, que \u00e9 o maior do continente.<\/span><\/p>\n<p><br style=\"line-height: inherit;color: #555555;font-family: 'Trebuchet MS', 'Lucida Grande', 'Lucida Sans Unicode', 'Lucida Sans', Tahoma, sans-serif;font-size: 16px;text-align: justify\" \/><span style=\"color: #555555;font-family: 'Trebuchet MS', 'Lucida Grande', 'Lucida Sans Unicode', 'Lucida Sans', Tahoma, sans-serif;font-size: 24px;text-align: justify\">\u201cCresci e me desenvolvi profissionalmente com a categoria, passando por todas as \u00e1reas e fun\u00e7\u00f5es. Ouvia da minha m\u00e3e e de amigas: &#8216;Cuidado, o automobilismo \u00e9 um mundo masculino!&#8217;. Mas eu n\u00e3o via isso. S\u00f3 enxergava profissionais fazendo aquilo que amavam\u201d, conta ela. \u201cTivemos anos de muita luta na Stock e a uni\u00e3o dos pilotos sempre foi uma for\u00e7a marcante na hist\u00f3ria da categoria. Lembro de uma passagem em especial, comigo e o Ingo Hoffmann sentados no ch\u00e3o, montando as credenciais que seriam usadas no dia seguinte, pois era muito trabalho para pouca gente. Imagina isso: um supercampe\u00e3o como ele, arrega\u00e7ando a manga pra ajudar no que a gente precisasse. Essa uni\u00e3o continua sendo uma for\u00e7a da Stock Car e isso a transformou no que ela \u00e9 hoje\u201d, lembra Camacho.<\/span><br style=\"line-height: inherit;color: #555555;font-family: 'Trebuchet MS', 'Lucida Grande', 'Lucida Sans Unicode', 'Lucida Sans', Tahoma, sans-serif;font-size: 16px;text-align: justify\" \/><br style=\"line-height: inherit;color: #555555;font-family: 'Trebuchet MS', 'Lucida Grande', 'Lucida Sans Unicode', 'Lucida Sans', Tahoma, sans-serif;font-size: 16px;text-align: justify\" \/><span style=\"font-size: 24px\"><strong style=\"line-height: inherit;color: #555555;font-family: 'Trebuchet MS', 'Lucida Grande', 'Lucida Sans Unicode', 'Lucida Sans', Tahoma, sans-serif;font-size: 16px;text-align: justify\">Novas profissionais \u2013<\/strong><span style=\"color: #555555;font-family: 'Trebuchet MS', 'Lucida Grande', 'Lucida Sans Unicode', 'Lucida Sans', Tahoma, sans-serif;text-align: justify\">\u00a0Na fase mais recente, a Stock Car passou a incorporar v\u00e1rias profissionais. Uma delas \u00e9 a carioca Rachel Loh. Primeira engenheira mulher da hist\u00f3ria da categoria, Loh \u00e9 respons\u00e1vel pelos carros de Thiago Camilo e Cesar Ramos \u2013 dupla da equipe A.Mattheis Ipiranga Racing que acumula muitas vit\u00f3rias.<\/span><\/span><\/p>\n<p><br style=\"line-height: inherit;color: #555555;font-family: 'Trebuchet MS', 'Lucida Grande', 'Lucida Sans Unicode', 'Lucida Sans', Tahoma, sans-serif;font-size: 16px;text-align: justify\" \/><span style=\"color: #555555;font-family: 'Trebuchet MS', 'Lucida Grande', 'Lucida Sans Unicode', 'Lucida Sans', Tahoma, sans-serif;font-size: 24px;text-align: justify\">\u201cTirei a sorte grande de encontrar uma equipe vision\u00e1ria que investiu em mim quando ainda era estudante de gradua\u00e7\u00e3o sem experi\u00eancia profissional\u201d, lembra ela, que est\u00e1 na Stock h\u00e1 15 anos. \u201cAinda hoje uma mulher engenheira causa certo espanto em algumas pessoas, pelo ambiente masculino do automobilismo. Mas sei que isso tamb\u00e9m inspira outras meninas a ir atr\u00e1s de seus sonhos\u201d, continua Rachel Loh.<\/span><\/p>\n<p><br style=\"line-height: inherit;color: #555555;font-family: 'Trebuchet MS', 'Lucida Grande', 'Lucida Sans Unicode', 'Lucida Sans', Tahoma, sans-serif;font-size: 16px;text-align: justify\" \/><span style=\"color: #555555;font-family: 'Trebuchet MS', 'Lucida Grande', 'Lucida Sans Unicode', 'Lucida Sans', Tahoma, sans-serif;font-size: 24px;text-align: justify\">Em 2020 a Stock se despediu de um de seus chefes de equipe mais carism\u00e1ticos. Amadeu Rodrigues, da Hot Car, perdeu a vida em um acidente automobil\u00edstico em uma estrada de Uberl\u00e2ndia (MG). A continuidade da equipe estava em xeque. Criada no ambiente das corridas, a filha mais jovem de Rodrigues, B\u00e1rbara, decidiu assumir o comando da Hot Car. Era um desafio in\u00e9dito, pois nunca um time da categoria havia sido chefiado por uma mulher.<\/span><br style=\"line-height: inherit;color: #555555;font-family: 'Trebuchet MS', 'Lucida Grande', 'Lucida Sans Unicode', 'Lucida Sans', Tahoma, sans-serif;font-size: 16px;text-align: justify\" \/><span style=\"color: #555555;font-family: 'Trebuchet MS', 'Lucida Grande', 'Lucida Sans Unicode', 'Lucida Sans', Tahoma, sans-serif;font-size: 24px;text-align: justify\">\u201cDesde pequena acompanho o automobilismo e estava sempre ao lado do meu pai. Tenho muito orgulho de falar que comando um time incr\u00edvel, que \u00e9 a minha fam\u00edlia, e trabalho com o que mais amo, que \u00e9 velocidade, adrenalina e motor roncando\u201d, destaca ela. \u201cSer a primeira chefe de equipe em uma categoria t\u00e3o importante \u00e9 um marco e uma grande responsabilidade. Espero ser um exemplo para muitas mulheres. Num futuro breve, tenho certeza que seremos muitas a mais no grid\u201d, crava Babi.<\/span><br style=\"line-height: inherit;color: #555555;font-family: 'Trebuchet MS', 'Lucida Grande', 'Lucida Sans Unicode', 'Lucida Sans', Tahoma, sans-serif;font-size: 16px;text-align: justify\" \/><br style=\"line-height: inherit;color: #555555;font-family: 'Trebuchet MS', 'Lucida Grande', 'Lucida Sans Unicode', 'Lucida Sans', Tahoma, sans-serif;font-size: 16px;text-align: justify\" \/><span style=\"font-size: 24px\"><strong style=\"line-height: inherit;color: #555555;font-family: 'Trebuchet MS', 'Lucida Grande', 'Lucida Sans Unicode', 'Lucida Sans', Tahoma, sans-serif;font-size: 16px;text-align: justify\">Viabilizando o evento \u2013<\/strong><span style=\"color: #555555;font-family: 'Trebuchet MS', 'Lucida Grande', 'Lucida Sans Unicode', 'Lucida Sans', Tahoma, sans-serif;text-align: justify\">\u00a0Algumas profissionais atuam fortemente nos bastidores em fun\u00e7\u00f5es que viabilizam o evento. Um caso exemplar \u00e9 Andrea Simi. Formada em marketing e p\u00f3s-graduada em rela\u00e7\u00f5es p\u00fablicas, Andrea se tornou uma rara especialista na gest\u00e3o de patroc\u00ednios focados no automobilismo. J\u00e1 atendeu v\u00e1rias categorias do esporte a motor, inclusive projetos na F\u00f3rmula 1, e isso lhe deu conhecimento profundo dos bastidores das marcas do setor automotivo.<\/span><\/span><\/p>\n<p><br style=\"line-height: inherit;color: #555555;font-family: 'Trebuchet MS', 'Lucida Grande', 'Lucida Sans Unicode', 'Lucida Sans', Tahoma, sans-serif;font-size: 16px;text-align: justify\" \/><span style=\"color: #555555;font-family: 'Trebuchet MS', 'Lucida Grande', 'Lucida Sans Unicode', 'Lucida Sans', Tahoma, sans-serif;font-size: 24px;text-align: justify\">\u201cTrabalhar com o que a gente ama \u00e9 prazeroso, mas nem por isso \u00e9 f\u00e1cil! Mas quando voc\u00ea encerra uma etapa, ou mesmo uma temporada, a sensa\u00e7\u00e3o \u00e9 incr\u00edvel. \u00c9 muito trabalho para fazer um evento como o da Stock\u201d, comenta. \u201cFelizmente n\u00f3s hoje entendemos bem os objetivos das marcas, os caminhos que cada cliente prefere tomar, ent\u00e3o tudo transcorre de uma forma profissional e org\u00e2nica\u201d, conta ela.<\/span><\/p>\n<p><br style=\"line-height: inherit;color: #555555;font-family: 'Trebuchet MS', 'Lucida Grande', 'Lucida Sans Unicode', 'Lucida Sans', Tahoma, sans-serif;font-size: 16px;text-align: justify\" \/><span style=\"color: #555555;font-family: 'Trebuchet MS', 'Lucida Grande', 'Lucida Sans Unicode', 'Lucida Sans', Tahoma, sans-serif;font-size: 24px;text-align: justify\">A paranaense Luciana Cassolato Barcik tem o mesmo papel de Andrea Simi, mas na equipe Shell V-Power, que estrou na Stock apenas em 2020. Com personalidade e iniciativa, ela foi a grande incentivadora do marido, Joselmo Barcik, para largar o emprego como engenheiro e encarar o desafio de criar um novo time \u2013 que j\u00e1 conquistou vit\u00f3rias no ano de estreia.<\/span><\/p>\n<p><br style=\"line-height: inherit;color: #555555;font-family: 'Trebuchet MS', 'Lucida Grande', 'Lucida Sans Unicode', 'Lucida Sans', Tahoma, sans-serif;font-size: 16px;text-align: justify\" \/><span style=\"color: #555555;font-family: 'Trebuchet MS', 'Lucida Grande', 'Lucida Sans Unicode', 'Lucida Sans', Tahoma, sans-serif;font-size: 24px;text-align: justify\">\u201cQuando surgiu a oportunidade, a primeira frase que disse ao Joselmo foi: \u2018Estou ao teu lado para o que der e vier!\u2019. Dali em diante, as coisas come\u00e7aram a se encaixar\u201d, lembra Luciana.<\/span><\/p>\n<p><br style=\"line-height: inherit;color: #555555;font-family: 'Trebuchet MS', 'Lucida Grande', 'Lucida Sans Unicode', 'Lucida Sans', Tahoma, sans-serif;font-size: 16px;text-align: justify\" \/><span style=\"color: #555555;font-family: 'Trebuchet MS', 'Lucida Grande', 'Lucida Sans Unicode', 'Lucida Sans', Tahoma, sans-serif;font-size: 24px;text-align: justify\">\u201cO n\u00edvel da nossa parceria no dia-a-dia \u00e9 muito forte e o suporte que um d\u00e1 para o outro \u00e9 fundamental. Sabemos o quanto as pessoas da equipe nos v\u00eam com esse olhar de refer\u00eancia e de lideran\u00e7a. Temos muita consci\u00eancia do quanto tudo isso \u00e9 importante\u201d, explica.<\/span><br style=\"line-height: inherit;color: #555555;font-family: 'Trebuchet MS', 'Lucida Grande', 'Lucida Sans Unicode', 'Lucida Sans', Tahoma, sans-serif;font-size: 16px;text-align: justify\" \/><br style=\"line-height: inherit;color: #555555;font-family: 'Trebuchet MS', 'Lucida Grande', 'Lucida Sans Unicode', 'Lucida Sans', Tahoma, sans-serif;font-size: 16px;text-align: justify\" \/><span style=\"font-size: 24px\"><strong style=\"line-height: inherit;color: #555555;font-family: 'Trebuchet MS', 'Lucida Grande', 'Lucida Sans Unicode', 'Lucida Sans', Tahoma, sans-serif;font-size: 16px;text-align: justify\">Vivendo um sonho \u2013<\/strong><span style=\"color: #555555;font-family: 'Trebuchet MS', 'Lucida Grande', 'Lucida Sans Unicode', 'Lucida Sans', Tahoma, sans-serif;text-align: justify\">\u00a0A sensa\u00e7\u00e3o de realiza\u00e7\u00e3o pessoal tamb\u00e9m \u00e9 o que estimula Let\u00edcia Datena. Aos 35 anos, a jornalista \u00e9 filha do apresentador Jos\u00e9 Luiz Datena e hoje \u00e9 uma das respons\u00e1veis pela produ\u00e7\u00e3o de conte\u00fado digital da Stock Car. Let\u00edcia diz que seu trabalho na Stock \u00e9 a materializa\u00e7\u00e3o de um sonho, depois de j\u00e1 ter feito a cobertura de duas Copas do Mundo e de eventos internacionais como o Dakar, Sert\u00f5es e o Mundial de Rali.<\/span><\/span><\/p>\n<p><br style=\"line-height: inherit;color: #555555;font-family: 'Trebuchet MS', 'Lucida Grande', 'Lucida Sans Unicode', 'Lucida Sans', Tahoma, sans-serif;font-size: 16px;text-align: justify\" \/><span style=\"color: #555555;font-family: 'Trebuchet MS', 'Lucida Grande', 'Lucida Sans Unicode', 'Lucida Sans', Tahoma, sans-serif;font-size: 24px;text-align: justify\">\u201cO que eu tenho na Stock Car \u00e9 uma oportunidade incr\u00edvel de viver a minha paix\u00e3o pela velocidade e de participar de uma categoria que cresce dentro e fora do Brasil. Meus colegas de outros pa\u00edses sempre me perguntam sobre o campeonato, querem saber como \u00e9 e como est\u00e3o os \u00eddolos brasileiros que fizeram nome no exterior. A rotina na Stock Car \u00e9 puxada, a gente nunca para de produzir mat\u00e9rias e de viajar. Mas \u00e9 uma del\u00edcia. N\u00e3o quero outra coisa na vida\u201d, diz.<\/span><\/p>\n<p><br style=\"line-height: inherit;color: #555555;font-family: 'Trebuchet MS', 'Lucida Grande', 'Lucida Sans Unicode', 'Lucida Sans', Tahoma, sans-serif;font-size: 16px;text-align: justify\" \/><span style=\"font-size: 24px\"><span style=\"color: #555555;font-family: 'Trebuchet MS', 'Lucida Grande', 'Lucida Sans Unicode', 'Lucida Sans', Tahoma, sans-serif;text-align: justify\">As mulheres que atuam na Stock Car estar\u00e3o em a\u00e7\u00e3o no dia 20 de mar\u00e7o, quando a categoria disputar\u00e1 a segunda etapa da temporada no Aut\u00f3dromo de Goi\u00e2nia. Informa\u00e7\u00f5es e ingressos podem ser obtidos\u00a0<\/span><a style=\"line-height: inherit;color: #1155cc;font-family: 'Trebuchet MS', 'Lucida Grande', 'Lucida Sans Unicode', 'Lucida Sans', Tahoma, sans-serif;font-size: 16px;text-align: justify\" href=\"https:\/\/click.presskit.com.br\/url\/856669c72a\/5878052499c\" target=\"_blank\" rel=\"noopener noreferrer\" data-saferedirecturl=\"https:\/\/www.google.com\/url?q=https:\/\/click.presskit.com.br\/url\/856669c72a\/5878052499c&amp;source=gmail&amp;ust=1646822177954000&amp;usg=AOvVaw2COIhmhxTUw3KgKK0QFdt0\">neste link<\/a><span style=\"color: #555555;font-family: 'Trebuchet MS', 'Lucida Grande', 'Lucida Sans Unicode', 'Lucida Sans', Tahoma, sans-serif;text-align: justify\">.<\/span><\/span><\/p>\n<p><span style=\"color: #555555;font-family: 'Trebuchet MS', 'Lucida Grande', 'Lucida Sans Unicode', 'Lucida Sans', Tahoma, sans-serif;font-size: 24px;text-align: justify\">(Foto: Duda Bairros\/Divulga\u00e7\u00e3o)<\/span><\/p>\n","protected":false},"excerpt":{"rendered":"<p>Surgido em 1908 nos EUA, o movimento para evidenciar as dificuldades enfrentadas pelas mulheres na sociedade s\u00f3 teve uma data fixada mundialmente a partir de 1917, quando uma greve de trabalhadoras russas durante a I Guerra Mundial desembocou na queda do czar, na permiss\u00e3o de voto em elei\u00e7\u00f5es e contribuiu para acelerar a revolu\u00e7\u00e3o comunista [&hellip;]<\/p>\n","protected":false},"author":6307,"featured_media":53296,"comment_status":"closed","ping_status":"open","sticky":false,"template":"","format":"standard","meta":{"_exactmetrics_skip_tracking":false,"_exactmetrics_sitenote_active":false,"_exactmetrics_sitenote_note":"","_exactmetrics_sitenote_category":0,"footnotes":""},"categories":[1267],"tags":[8910],"yoast_head":"<!-- This site is optimized with the Yoast SEO Premium plugin v22.7 (Yoast SEO v22.7) - https:\/\/yoast.com\/wordpress\/plugins\/seo\/ -->\n<title>MARING\u00c1 - Brasileiras ocupam posi\u00e7\u00f5es de comando no automobilismo - Orlando Gonzalez<\/title>\n<meta name=\"robots\" content=\"index, follow, max-snippet:-1, max-image-preview:large, max-video-preview:-1\" \/>\n<link rel=\"canonical\" href=\"https:\/\/maringapost.com.br\/orlandogonzalez\/2022\/03\/08\/maringa-brasileiras-ocupam-posicoes-de-comando-no-automobilismo\/\" \/>\n<meta property=\"og:locale\" content=\"pt_BR\" \/>\n<meta property=\"og:type\" content=\"article\" \/>\n<meta property=\"og:title\" content=\"MARING\u00c1 - Brasileiras ocupam posi\u00e7\u00f5es de comando no automobilismo\" \/>\n<meta property=\"og:description\" content=\"Surgido em 1908 nos EUA, o movimento para evidenciar as dificuldades enfrentadas pelas mulheres na sociedade s\u00f3 teve uma data fixada mundialmente a partir de 1917, quando uma greve de trabalhadoras russas durante a I Guerra Mundial desembocou na queda do czar, na permiss\u00e3o de voto em elei\u00e7\u00f5es e contribuiu para acelerar a revolu\u00e7\u00e3o comunista [&hellip;]\" \/>\n<meta property=\"og:url\" content=\"https:\/\/maringapost.com.br\/orlandogonzalez\/2022\/03\/08\/maringa-brasileiras-ocupam-posicoes-de-comando-no-automobilismo\/\" \/>\n<meta property=\"og:site_name\" content=\"Orlando Gonzalez\" \/>\n<meta property=\"article:author\" content=\"https:\/\/www.facebook.com\/profile.php?id=100011095815065\" \/>\n<meta property=\"article:published_time\" content=\"2022-03-08T11:01:20+00:00\" \/>\n<meta property=\"article:modified_time\" content=\"2022-03-08T11:01:49+00:00\" \/>\n<meta property=\"og:image\" content=\"https:\/\/maringapost.com.br\/orlandogonzalez\/wp-content\/uploads\/sites\/17\/2022\/03\/403834_1004091_3___babi_rodrigues_credito_duda_bairros_1.jpg\" \/>\n\t<meta property=\"og:image:width\" content=\"1280\" \/>\n\t<meta property=\"og:image:height\" content=\"852\" \/>\n\t<meta property=\"og:image:type\" content=\"image\/jpeg\" \/>\n<meta name=\"author\" content=\"Orlando Gonzalez\" \/>\n<meta name=\"twitter:card\" content=\"summary_large_image\" \/>\n<meta name=\"twitter:creator\" content=\"@gonzalezorlando\" \/>\n<meta name=\"twitter:label1\" content=\"Escrito por\" \/>\n\t<meta name=\"twitter:data1\" content=\"\" \/>\n\t<meta name=\"twitter:label2\" content=\"Est. tempo de leitura\" \/>\n\t<meta name=\"twitter:data2\" content=\"5 minutos\" \/>\n<script type=\"application\/ld+json\" class=\"yoast-schema-graph\">{\"@context\":\"https:\/\/schema.org\",\"@graph\":[{\"@type\":\"WebPage\",\"@id\":\"https:\/\/maringapost.com.br\/orlandogonzalez\/2022\/03\/08\/maringa-brasileiras-ocupam-posicoes-de-comando-no-automobilismo\/\",\"url\":\"https:\/\/maringapost.com.br\/orlandogonzalez\/2022\/03\/08\/maringa-brasileiras-ocupam-posicoes-de-comando-no-automobilismo\/\",\"name\":\"MARING\u00c1 - Brasileiras ocupam posi\u00e7\u00f5es de comando no automobilismo - Orlando Gonzalez\",\"isPartOf\":{\"@id\":\"https:\/\/maringapost.com.br\/orlandogonzalez\/#website\"},\"primaryImageOfPage\":{\"@id\":\"https:\/\/maringapost.com.br\/orlandogonzalez\/2022\/03\/08\/maringa-brasileiras-ocupam-posicoes-de-comando-no-automobilismo\/#primaryimage\"},\"image\":{\"@id\":\"https:\/\/maringapost.com.br\/orlandogonzalez\/2022\/03\/08\/maringa-brasileiras-ocupam-posicoes-de-comando-no-automobilismo\/#primaryimage\"},\"thumbnailUrl\":\"https:\/\/maringapost.com.br\/orlandogonzalez\/wp-content\/uploads\/sites\/17\/2022\/03\/403834_1004091_3___babi_rodrigues_credito_duda_bairros_1.jpg\",\"datePublished\":\"2022-03-08T11:01:20+00:00\",\"dateModified\":\"2022-03-08T11:01:49+00:00\",\"author\":{\"@id\":\"https:\/\/maringapost.com.br\/orlandogonzalez\/#\/schema\/person\/5cbe6257d08edea6afc9ebaa613b0633\"},\"inLanguage\":\"pt-BR\",\"potentialAction\":[{\"@type\":\"ReadAction\",\"target\":[\"https:\/\/maringapost.com.br\/orlandogonzalez\/2022\/03\/08\/maringa-brasileiras-ocupam-posicoes-de-comando-no-automobilismo\/\"]}]},{\"@type\":\"ImageObject\",\"inLanguage\":\"pt-BR\",\"@id\":\"https:\/\/maringapost.com.br\/orlandogonzalez\/2022\/03\/08\/maringa-brasileiras-ocupam-posicoes-de-comando-no-automobilismo\/#primaryimage\",\"url\":\"https:\/\/maringapost.com.br\/orlandogonzalez\/wp-content\/uploads\/sites\/17\/2022\/03\/403834_1004091_3___babi_rodrigues_credito_duda_bairros_1.jpg\",\"contentUrl\":\"https:\/\/maringapost.com.br\/orlandogonzalez\/wp-content\/uploads\/sites\/17\/2022\/03\/403834_1004091_3___babi_rodrigues_credito_duda_bairros_1.jpg\",\"width\":1280,\"height\":852},{\"@type\":\"WebSite\",\"@id\":\"https:\/\/maringapost.com.br\/orlandogonzalez\/#website\",\"url\":\"https:\/\/maringapost.com.br\/orlandogonzalez\/\",\"name\":\"Orlando Gonzalez\",\"description\":\"Destaca o esporte de Maring\u00e1! Destaca o esporte do Paran\u00e1! Destaca o esporte do Brasil!\",\"potentialAction\":[{\"@type\":\"SearchAction\",\"target\":{\"@type\":\"EntryPoint\",\"urlTemplate\":\"https:\/\/maringapost.com.br\/orlandogonzalez\/?s={search_term_string}\"},\"query-input\":\"required name=search_term_string\"}],\"inLanguage\":\"pt-BR\"},{\"@type\":\"Person\",\"@id\":\"https:\/\/maringapost.com.br\/orlandogonzalez\/#\/schema\/person\/5cbe6257d08edea6afc9ebaa613b0633\",\"name\":\"Orlando Gonzalez\",\"image\":{\"@type\":\"ImageObject\",\"inLanguage\":\"pt-BR\",\"@id\":\"https:\/\/maringapost.com.br\/orlandogonzalez\/#\/schema\/person\/image\/\",\"url\":\"https:\/\/secure.gravatar.com\/avatar\/ecef9d1c9afe5ebdafadde8369065ba5?s=96&d=mm&r=g\",\"contentUrl\":\"https:\/\/secure.gravatar.com\/avatar\/ecef9d1c9afe5ebdafadde8369065ba5?s=96&d=mm&r=g\",\"caption\":\"Orlando Gonzalez\"},\"description\":\"H\u00e1 29 anos na cobertura do esporte de Maring\u00e1. Plant\u00e3o e narrador esportivo. Presta\u00e7\u00e3o de assessoria de imprensa esportiva, cobertura e transmiss\u00f5es ao vivo de eventos esportivos. E-mail: orlandogonzalez.assessoria@gmail.com WhatsApp: (44) 9 9126-6119\",\"sameAs\":[\"http:\/\/www.radiomaringa.com.br\/\",\"https:\/\/www.facebook.com\/profile.php?id=100011095815065\",\"https:\/\/www.instagram.com\/orlandomgonzalez\/\",\"https:\/\/br.pinterest.com\/ogonzalez0530\/\",\"https:\/\/x.com\/gonzalezorlando\",\"https:\/\/www.youtube.com\/channel\/UCvFpl55btth8wjnKiSS1ibA\",\"https:\/\/radiomaringaweb.tumblr.com\/\"],\"url\":\"https:\/\/maringapost.com.br\/orlandogonzalez\/author\/orlando\/\"}]}<\/script>\n<!-- \/ Yoast SEO Premium plugin. -->","yoast_head_json":{"title":"MARING\u00c1 - Brasileiras ocupam posi\u00e7\u00f5es de comando no automobilismo - Orlando Gonzalez","robots":{"index":"index","follow":"follow","max-snippet":"max-snippet:-1","max-image-preview":"max-image-preview:large","max-video-preview":"max-video-preview:-1"},"canonical":"https:\/\/maringapost.com.br\/orlandogonzalez\/2022\/03\/08\/maringa-brasileiras-ocupam-posicoes-de-comando-no-automobilismo\/","og_locale":"pt_BR","og_type":"article","og_title":"MARING\u00c1 - Brasileiras ocupam posi\u00e7\u00f5es de comando no automobilismo","og_description":"Surgido em 1908 nos EUA, o movimento para evidenciar as dificuldades enfrentadas pelas mulheres na sociedade s\u00f3 teve uma data fixada mundialmente a partir de 1917, quando uma greve de trabalhadoras russas durante a I Guerra Mundial desembocou na queda do czar, na permiss\u00e3o de voto em elei\u00e7\u00f5es e contribuiu para acelerar a revolu\u00e7\u00e3o comunista [&hellip;]","og_url":"https:\/\/maringapost.com.br\/orlandogonzalez\/2022\/03\/08\/maringa-brasileiras-ocupam-posicoes-de-comando-no-automobilismo\/","og_site_name":"Orlando Gonzalez","article_author":"https:\/\/www.facebook.com\/profile.php?id=100011095815065","article_published_time":"2022-03-08T11:01:20+00:00","article_modified_time":"2022-03-08T11:01:49+00:00","og_image":[{"width":1280,"height":852,"url":"https:\/\/maringapost.com.br\/orlandogonzalez\/wp-content\/uploads\/sites\/17\/2022\/03\/403834_1004091_3___babi_rodrigues_credito_duda_bairros_1.jpg","type":"image\/jpeg"}],"author":"Orlando Gonzalez","twitter_card":"summary_large_image","twitter_creator":"@gonzalezorlando","twitter_misc":{"Escrito por":false,"Est. tempo de leitura":"5 minutos"},"schema":{"@context":"https:\/\/schema.org","@graph":[{"@type":"WebPage","@id":"https:\/\/maringapost.com.br\/orlandogonzalez\/2022\/03\/08\/maringa-brasileiras-ocupam-posicoes-de-comando-no-automobilismo\/","url":"https:\/\/maringapost.com.br\/orlandogonzalez\/2022\/03\/08\/maringa-brasileiras-ocupam-posicoes-de-comando-no-automobilismo\/","name":"MARING\u00c1 - Brasileiras ocupam posi\u00e7\u00f5es de comando no automobilismo - Orlando Gonzalez","isPartOf":{"@id":"https:\/\/maringapost.com.br\/orlandogonzalez\/#website"},"primaryImageOfPage":{"@id":"https:\/\/maringapost.com.br\/orlandogonzalez\/2022\/03\/08\/maringa-brasileiras-ocupam-posicoes-de-comando-no-automobilismo\/#primaryimage"},"image":{"@id":"https:\/\/maringapost.com.br\/orlandogonzalez\/2022\/03\/08\/maringa-brasileiras-ocupam-posicoes-de-comando-no-automobilismo\/#primaryimage"},"thumbnailUrl":"https:\/\/maringapost.com.br\/orlandogonzalez\/wp-content\/uploads\/sites\/17\/2022\/03\/403834_1004091_3___babi_rodrigues_credito_duda_bairros_1.jpg","datePublished":"2022-03-08T11:01:20+00:00","dateModified":"2022-03-08T11:01:49+00:00","author":{"@id":"https:\/\/maringapost.com.br\/orlandogonzalez\/#\/schema\/person\/5cbe6257d08edea6afc9ebaa613b0633"},"inLanguage":"pt-BR","potentialAction":[{"@type":"ReadAction","target":["https:\/\/maringapost.com.br\/orlandogonzalez\/2022\/03\/08\/maringa-brasileiras-ocupam-posicoes-de-comando-no-automobilismo\/"]}]},{"@type":"ImageObject","inLanguage":"pt-BR","@id":"https:\/\/maringapost.com.br\/orlandogonzalez\/2022\/03\/08\/maringa-brasileiras-ocupam-posicoes-de-comando-no-automobilismo\/#primaryimage","url":"https:\/\/maringapost.com.br\/orlandogonzalez\/wp-content\/uploads\/sites\/17\/2022\/03\/403834_1004091_3___babi_rodrigues_credito_duda_bairros_1.jpg","contentUrl":"https:\/\/maringapost.com.br\/orlandogonzalez\/wp-content\/uploads\/sites\/17\/2022\/03\/403834_1004091_3___babi_rodrigues_credito_duda_bairros_1.jpg","width":1280,"height":852},{"@type":"WebSite","@id":"https:\/\/maringapost.com.br\/orlandogonzalez\/#website","url":"https:\/\/maringapost.com.br\/orlandogonzalez\/","name":"Orlando Gonzalez","description":"Destaca o esporte de Maring\u00e1! Destaca o esporte do Paran\u00e1! Destaca o esporte do Brasil!","potentialAction":[{"@type":"SearchAction","target":{"@type":"EntryPoint","urlTemplate":"https:\/\/maringapost.com.br\/orlandogonzalez\/?s={search_term_string}"},"query-input":"required name=search_term_string"}],"inLanguage":"pt-BR"},{"@type":"Person","@id":"https:\/\/maringapost.com.br\/orlandogonzalez\/#\/schema\/person\/5cbe6257d08edea6afc9ebaa613b0633","name":"Orlando Gonzalez","image":{"@type":"ImageObject","inLanguage":"pt-BR","@id":"https:\/\/maringapost.com.br\/orlandogonzalez\/#\/schema\/person\/image\/","url":"https:\/\/secure.gravatar.com\/avatar\/ecef9d1c9afe5ebdafadde8369065ba5?s=96&d=mm&r=g","contentUrl":"https:\/\/secure.gravatar.com\/avatar\/ecef9d1c9afe5ebdafadde8369065ba5?s=96&d=mm&r=g","caption":"Orlando Gonzalez"},"description":"H\u00e1 29 anos na cobertura do esporte de Maring\u00e1. Plant\u00e3o e narrador esportivo. Presta\u00e7\u00e3o de assessoria de imprensa esportiva, cobertura e transmiss\u00f5es ao vivo de eventos esportivos. E-mail: orlandogonzalez.assessoria@gmail.com WhatsApp: (44) 9 9126-6119","sameAs":["http:\/\/www.radiomaringa.com.br\/","https:\/\/www.facebook.com\/profile.php?id=100011095815065","https:\/\/www.instagram.com\/orlandomgonzalez\/","https:\/\/br.pinterest.com\/ogonzalez0530\/","https:\/\/x.com\/gonzalezorlando","https:\/\/www.youtube.com\/channel\/UCvFpl55btth8wjnKiSS1ibA","https:\/\/radiomaringaweb.tumblr.com\/"],"url":"https:\/\/maringapost.com.br\/orlandogonzalez\/author\/orlando\/"}]}},"_links":{"self":[{"href":"https:\/\/maringapost.com.br\/orlandogonzalez\/wp-json\/wp\/v2\/posts\/53295"}],"collection":[{"href":"https:\/\/maringapost.com.br\/orlandogonzalez\/wp-json\/wp\/v2\/posts"}],"about":[{"href":"https:\/\/maringapost.com.br\/orlandogonzalez\/wp-json\/wp\/v2\/types\/post"}],"author":[{"embeddable":true,"href":"https:\/\/maringapost.com.br\/orlandogonzalez\/wp-json\/wp\/v2\/users\/6307"}],"replies":[{"embeddable":true,"href":"https:\/\/maringapost.com.br\/orlandogonzalez\/wp-json\/wp\/v2\/comments?post=53295"}],"version-history":[{"count":1,"href":"https:\/\/maringapost.com.br\/orlandogonzalez\/wp-json\/wp\/v2\/posts\/53295\/revisions"}],"predecessor-version":[{"id":53297,"href":"https:\/\/maringapost.com.br\/orlandogonzalez\/wp-json\/wp\/v2\/posts\/53295\/revisions\/53297"}],"wp:featuredmedia":[{"embeddable":true,"href":"https:\/\/maringapost.com.br\/orlandogonzalez\/wp-json\/wp\/v2\/media\/53296"}],"wp:attachment":[{"href":"https:\/\/maringapost.com.br\/orlandogonzalez\/wp-json\/wp\/v2\/media?parent=53295"}],"wp:term":[{"taxonomy":"category","embeddable":true,"href":"https:\/\/maringapost.com.br\/orlandogonzalez\/wp-json\/wp\/v2\/categories?post=53295"},{"taxonomy":"post_tag","embeddable":true,"href":"https:\/\/maringapost.com.br\/orlandogonzalez\/wp-json\/wp\/v2\/tags?post=53295"}],"curies":[{"name":"wp","href":"https:\/\/api.w.org\/{rel}","templated":true}]}}