{"id":53282,"date":"2022-03-08T07:41:28","date_gmt":"2022-03-08T10:41:28","guid":{"rendered":"https:\/\/maringapost.com.br\/orlandogonzalez\/?p=53282"},"modified":"2022-03-08T07:41:49","modified_gmt":"2022-03-08T10:41:49","slug":"maringa-formula-truck-tem-inicio-com-vitorias-de-rogerio-agostini-e-rampon-em-cascavel","status":"publish","type":"post","link":"https:\/\/maringapost.com.br\/orlandogonzalez\/2022\/03\/08\/maringa-formula-truck-tem-inicio-com-vitorias-de-rogerio-agostini-e-rampon-em-cascavel\/","title":{"rendered":"MARING\u00c1 &#8211; F\u00f3rmula Truck tem in\u00edcio com vit\u00f3rias de Rog\u00e9rio Agostini e Rampon em Cascavel"},"content":{"rendered":"<p><span style=\"font-size: x-large\">\u00a0Superando todas as expectativas, a etapa de abertura da F\u00f3rmula Truck foi disputada no domingo (6), no Aut\u00f3dromo Zilmar Beux, em Cascavel, na regi\u00e3o Oeste do Paran\u00e1, com promo\u00e7\u00e3o e organiza\u00e7\u00e3o de Gilberto Hidalgo, supervis\u00e3o da Federa\u00e7\u00e3o Paranaense de Automobilismo (FPrA) e apoio da Volparts, Meritor, Eckisiel e Platodiesel. Com belas disputas, as vit\u00f3rias foram de Rog\u00e9rio Agostini, na categoria Eletr\u00f4nico; e Lu\u00eds Paulo Rampon, na categoria Bombas Injetora.<\/span><\/p>\n<p><span style=\"font-size: x-large\">\u00a0<\/span><\/p>\n<p><span style=\"font-size: x-large\">A prova foi marcada por belas disputas e pelo dom\u00ednio de Rog\u00e9rio Agostini, com um Mercedes-Benz. O piloto de S\u00e3o Miguel do Oeste, em Santa Catarina, foi o mais r\u00e1pido em todos os treinos, largou na pole position e ganhou as duas bateras de ponta a ponta. Com isso, somou 40 pontos, contra 36 de Jo\u00e3o Batista dos Santos Filho, de Colombo, no Paran\u00e1. Em terceiro se classificou Alex Vieira, de Santos (SP), que somou 32 pontos nas duas baterias.<\/span><\/p>\n<p><span style=\"font-size: x-large\">\u00a0<\/span><\/p>\n<p><span style=\"font-size: x-large\">Rog\u00e9rio comemorou a vit\u00f3ria com familiares e torcedores que vieram de S\u00e3o Miguel do Oeste e enalteceu o trabalho de sua equipe que em um ano montou um caminh\u00e3o competitivo. At\u00e9 hoje suas experi\u00eancias com competi\u00e7\u00f5es motorizadas foram com Motocross, Kart e Jeep Indoor. \u201cFoi uma bela estreia. Lideramos todos os treinos, fizemos a pole e ganhamos das duas baterias. Trabalhamos para isso. Vamos dar trabalho ao longo da temporada. Vamos agora a Guapor\u00e9 para uma nova vit\u00f3ria\u201d, acentua Rog\u00e9rio.<\/span><\/p>\n<p><span style=\"font-size: x-large\">\u00a0<\/span><\/p>\n<p><strong><span style=\"font-size: x-large\">\u00a0\u00a0\u00a0\u00a0\u00a0\u00a0\u00a0\u00a0\u00a0\u00a0\u00a0\u00a0\u00a0\u00a0\u00a0\u00a0\u00a0\u00a0\u00a0Bomba Injetora<\/span><\/strong><\/p>\n<p><span style=\"font-size: x-large\">Na categoria Bomba Injetora. A vit\u00f3ria foi de Lu\u00eds Paulo Rampon, de Curitiba, Paran\u00e1. Pilotando um Scania, ele largou em terceiro na categoria e quinto no geral, foi ganhando posi\u00e7\u00f5es e garantiu a vit\u00f3ria vencendo as duas baterias, somando 40 pontos. De sobra, fez dobradinha com o irm\u00e3o M\u00e1rcio Rampon, que tamb\u00e9m competiu com um Scania, e classificou em segundo, com 34 pontos. Valter Oliveira, tamb\u00e9m competindo com um Scania, levou o trof\u00e9u de terceiro lugar para o Guaruj\u00e1, em S\u00e3o Paulo.<\/span><\/p>\n<p><span style=\"font-size: x-large\">\u00a0<\/span><\/p>\n<p><span style=\"font-size: x-large\">Lu\u00eds Rampon diz que sua vit\u00f3ria come\u00e7ou a se materealizar logo na largada. \u201cLarguei bem, sem for\u00e7as para n\u00e3o se envolver em acidentes. Aos poucos fui ganhando posi\u00e7\u00f5es com ultrapassagens e por problemas dos advers\u00e1rios. Mas tive que brigar muito. Foram v\u00e1rias mudan\u00e7as de posi\u00e7\u00f5es e no final, conseguimos vencer e comemorar com uma dobradinha com meu irm\u00e3o M\u00e1rcio. Foi uma estreia com chave de ouro\u201d, diz Lu\u00eds Paulo Rampon que teve em Cascavel sua primeira experi\u00eancia em uma competi\u00e7\u00e3o automobil\u00edstica.<\/span><\/p>\n<p><span style=\"font-size: x-large\">\u00a0<\/span><\/p>\n<p><span style=\"font-size: x-large\">A pr\u00f3xima etapa da F\u00f3rmula Truck est\u00e1 marcada para o dia 10 de abril em Guapor\u00e9, no Rio Grande do Sul<\/span><\/p>\n<p><span style=\"font-size: x-large\">\u00a0<\/span><\/p>\n<p><strong><span style=\"font-size: x-large\">Resultado da 1\u00aa etapa da F\u00f3rmula Truck, em Cascavel<\/span><\/strong><\/p>\n<p><strong><span style=\"font-size: x-large\">Categoria Eletr\u00f4nico<\/span><\/strong><\/p>\n<p><span style=\"font-size: x-large\">1\u05bb\u00ba) 97 \u2013 Rog\u00e9rio Agostini (S\u00e3o Miguel do Oeste-SC), Mercedes-Benz, com 40 pontos<\/span><\/p>\n<p><span style=\"font-size: x-large\">2\u00ba) 33 \u2013 Jo\u00e3o Batista M. dos Santos Filho (Colombo-PR), Scania, 36<\/span><\/p>\n<p><span style=\"font-size: x-large\">3\u00ba) 13 \u2013 Alex Vieira (Santos-SP), Prot\u00f3tipo, 32<\/span><\/p>\n<p><span style=\"font-size: x-large\">4\u00ba) 78 \u2013 M\u00e1rcio Rosa (Canoas-RS), Volvo, 27<\/span><\/p>\n<p><span style=\"font-size: x-large\">5\u00ba) 64 \u2013 Jo\u00e3o Helder Mottin (Curitiba-PR), Prot\u00f3tipo, 26<\/span><\/p>\n<p><span style=\"font-size: x-large\">6\u00ba) 15 \u2013 Dario Amaral (Prudent\u00f3polis-SP), Scania, 25<\/span><\/p>\n<p><span style=\"font-size: x-large\">7\u00ba) 3 \u2013 \u00c1lvaro Bendo (Ermo-SC), Scania, com 0 ponto<\/span><\/p>\n<p><span style=\"font-size: x-large\">\u00a0<\/span><\/p>\n<p><strong><span style=\"font-size: x-large\">Categoria Bomba Injetora<\/span><\/strong><\/p>\n<p><span style=\"font-size: x-large\">1\u00ba) 21 \u2013 Lu\u00eds Paulo Rampon (Curitiba-PR), Scania, com 40 pontos<\/span><\/p>\n<p><span style=\"font-size: x-large\">2\u00ba) 22 \u2013 M\u00e1rcio Rampon (Curitiba-PR), Scania, 34<\/span><\/p>\n<p><span style=\"font-size: x-large\">3\u00ba) 7 \u2013 Valter Oliveira (Guaruj\u00e1-SP), Scania, 28<\/span><\/p>\n<p><span style=\"font-size: x-large\">4\u00ba) 55 \u2013 Camilo Daniel Lovato (Almirante Tamandar\u00e9-PR), Scania, 20<\/span><\/p>\n<p><span style=\"font-size: x-large\">5\u00ba) 121 \u2013 Geraldo Alves (S\u00e3o Paulo-SP), Volkswagen, 15<\/span><\/p>\n<p><span style=\"font-size: x-large\">6\u00ba) 5 \u2013 Gilmar Mottin (Adrian\u00f3polis-PR), Volvo, 14<\/span><\/p>\n<p><span style=\"font-size: x-large\">7\u00ba) 67 \u2013 L\u00e1zaro Donizete \u2013 S\u00e3o Jo\u00e3o da Boa Vista-SP), Volkswagen, 14<\/span><\/p>\n<p><span style=\"font-size: x-large\">8\u00ba) 88 \u2013 Cl\u00e9ber Fonseca (Cascavel-PR), Ford, 0<\/span><\/p>\n<p><span style=\"font-size: x-large\">9\u00ba) 76 \u2013 Rafael Fleck (Porto Alegre-rs), Scania, 0<\/span><\/p>\n<p><span style=\"font-size: x-large\">10\u00ba) 6 \u2013 T\u00falio Bendo (Ermo-SC), Scania, com 0 ponto<\/span><\/p>\n<p><span style=\"font-size: x-large\">(Foto: Tiago Guedes\/Divulga\u00e7\u00e3o)<\/span><\/p>\n","protected":false},"excerpt":{"rendered":"<p>\u00a0Superando todas as expectativas, a etapa de abertura da F\u00f3rmula Truck foi disputada no domingo (6), no Aut\u00f3dromo Zilmar Beux, em Cascavel, na regi\u00e3o Oeste do Paran\u00e1, com promo\u00e7\u00e3o e organiza\u00e7\u00e3o de Gilberto Hidalgo, supervis\u00e3o da Federa\u00e7\u00e3o Paranaense de Automobilismo (FPrA) e apoio da Volparts, Meritor, Eckisiel e Platodiesel. Com belas disputas, as vit\u00f3rias foram [&hellip;]<\/p>\n","protected":false},"author":6307,"featured_media":53283,"comment_status":"closed","ping_status":"open","sticky":false,"template":"","format":"standard","meta":{"_exactmetrics_skip_tracking":false,"_exactmetrics_sitenote_active":false,"_exactmetrics_sitenote_note":"","_exactmetrics_sitenote_category":0,"footnotes":""},"categories":[1267],"tags":[8910],"yoast_head":"<!-- This site is optimized with the Yoast SEO Premium plugin v22.7 (Yoast SEO v22.7) - https:\/\/yoast.com\/wordpress\/plugins\/seo\/ -->\n<title>MARING\u00c1 - F\u00f3rmula Truck tem in\u00edcio com vit\u00f3rias de Rog\u00e9rio Agostini e Rampon em Cascavel - Orlando Gonzalez<\/title>\n<meta name=\"robots\" content=\"index, follow, max-snippet:-1, max-image-preview:large, max-video-preview:-1\" \/>\n<link rel=\"canonical\" href=\"https:\/\/maringapost.com.br\/orlandogonzalez\/2022\/03\/08\/maringa-formula-truck-tem-inicio-com-vitorias-de-rogerio-agostini-e-rampon-em-cascavel\/\" \/>\n<meta property=\"og:locale\" content=\"pt_BR\" \/>\n<meta property=\"og:type\" content=\"article\" \/>\n<meta property=\"og:title\" content=\"MARING\u00c1 - F\u00f3rmula Truck tem in\u00edcio com vit\u00f3rias de Rog\u00e9rio Agostini e Rampon em Cascavel\" \/>\n<meta property=\"og:description\" content=\"\u00a0Superando todas as expectativas, a etapa de abertura da F\u00f3rmula Truck foi disputada no domingo (6), no Aut\u00f3dromo Zilmar Beux, em Cascavel, na regi\u00e3o Oeste do Paran\u00e1, com promo\u00e7\u00e3o e organiza\u00e7\u00e3o de Gilberto Hidalgo, supervis\u00e3o da Federa\u00e7\u00e3o Paranaense de Automobilismo (FPrA) e apoio da Volparts, Meritor, Eckisiel e Platodiesel. Com belas disputas, as vit\u00f3rias foram [&hellip;]\" \/>\n<meta property=\"og:url\" content=\"https:\/\/maringapost.com.br\/orlandogonzalez\/2022\/03\/08\/maringa-formula-truck-tem-inicio-com-vitorias-de-rogerio-agostini-e-rampon-em-cascavel\/\" \/>\n<meta property=\"og:site_name\" content=\"Orlando Gonzalez\" \/>\n<meta property=\"article:author\" content=\"https:\/\/www.facebook.com\/profile.php?id=100011095815065\" \/>\n<meta property=\"article:published_time\" content=\"2022-03-08T10:41:28+00:00\" \/>\n<meta property=\"article:modified_time\" content=\"2022-03-08T10:41:49+00:00\" \/>\n<meta property=\"og:image\" content=\"https:\/\/maringapost.com.br\/orlandogonzalez\/wp-content\/uploads\/sites\/17\/2022\/03\/Rogerio-Agostini01-Tiago-Guedes.jpg\" \/>\n\t<meta property=\"og:image:width\" content=\"1280\" \/>\n\t<meta property=\"og:image:height\" content=\"853\" \/>\n\t<meta property=\"og:image:type\" content=\"image\/jpeg\" \/>\n<meta name=\"author\" content=\"Orlando Gonzalez\" \/>\n<meta name=\"twitter:card\" content=\"summary_large_image\" \/>\n<meta name=\"twitter:creator\" content=\"@gonzalezorlando\" \/>\n<meta name=\"twitter:label1\" content=\"Escrito por\" \/>\n\t<meta name=\"twitter:data1\" content=\"\" \/>\n\t<meta name=\"twitter:label2\" content=\"Est. tempo de leitura\" \/>\n\t<meta name=\"twitter:data2\" content=\"3 minutos\" \/>\n<script type=\"application\/ld+json\" class=\"yoast-schema-graph\">{\"@context\":\"https:\/\/schema.org\",\"@graph\":[{\"@type\":\"WebPage\",\"@id\":\"https:\/\/maringapost.com.br\/orlandogonzalez\/2022\/03\/08\/maringa-formula-truck-tem-inicio-com-vitorias-de-rogerio-agostini-e-rampon-em-cascavel\/\",\"url\":\"https:\/\/maringapost.com.br\/orlandogonzalez\/2022\/03\/08\/maringa-formula-truck-tem-inicio-com-vitorias-de-rogerio-agostini-e-rampon-em-cascavel\/\",\"name\":\"MARING\u00c1 - F\u00f3rmula Truck tem in\u00edcio com vit\u00f3rias de Rog\u00e9rio Agostini e Rampon em Cascavel - Orlando Gonzalez\",\"isPartOf\":{\"@id\":\"https:\/\/maringapost.com.br\/orlandogonzalez\/#website\"},\"primaryImageOfPage\":{\"@id\":\"https:\/\/maringapost.com.br\/orlandogonzalez\/2022\/03\/08\/maringa-formula-truck-tem-inicio-com-vitorias-de-rogerio-agostini-e-rampon-em-cascavel\/#primaryimage\"},\"image\":{\"@id\":\"https:\/\/maringapost.com.br\/orlandogonzalez\/2022\/03\/08\/maringa-formula-truck-tem-inicio-com-vitorias-de-rogerio-agostini-e-rampon-em-cascavel\/#primaryimage\"},\"thumbnailUrl\":\"https:\/\/maringapost.com.br\/orlandogonzalez\/wp-content\/uploads\/sites\/17\/2022\/03\/Rogerio-Agostini01-Tiago-Guedes.jpg\",\"datePublished\":\"2022-03-08T10:41:28+00:00\",\"dateModified\":\"2022-03-08T10:41:49+00:00\",\"author\":{\"@id\":\"https:\/\/maringapost.com.br\/orlandogonzalez\/#\/schema\/person\/5cbe6257d08edea6afc9ebaa613b0633\"},\"inLanguage\":\"pt-BR\",\"potentialAction\":[{\"@type\":\"ReadAction\",\"target\":[\"https:\/\/maringapost.com.br\/orlandogonzalez\/2022\/03\/08\/maringa-formula-truck-tem-inicio-com-vitorias-de-rogerio-agostini-e-rampon-em-cascavel\/\"]}]},{\"@type\":\"ImageObject\",\"inLanguage\":\"pt-BR\",\"@id\":\"https:\/\/maringapost.com.br\/orlandogonzalez\/2022\/03\/08\/maringa-formula-truck-tem-inicio-com-vitorias-de-rogerio-agostini-e-rampon-em-cascavel\/#primaryimage\",\"url\":\"https:\/\/maringapost.com.br\/orlandogonzalez\/wp-content\/uploads\/sites\/17\/2022\/03\/Rogerio-Agostini01-Tiago-Guedes.jpg\",\"contentUrl\":\"https:\/\/maringapost.com.br\/orlandogonzalez\/wp-content\/uploads\/sites\/17\/2022\/03\/Rogerio-Agostini01-Tiago-Guedes.jpg\",\"width\":1280,\"height\":853},{\"@type\":\"WebSite\",\"@id\":\"https:\/\/maringapost.com.br\/orlandogonzalez\/#website\",\"url\":\"https:\/\/maringapost.com.br\/orlandogonzalez\/\",\"name\":\"Orlando Gonzalez\",\"description\":\"Destaca o esporte de Maring\u00e1! Destaca o esporte do Paran\u00e1! Destaca o esporte do Brasil!\",\"potentialAction\":[{\"@type\":\"SearchAction\",\"target\":{\"@type\":\"EntryPoint\",\"urlTemplate\":\"https:\/\/maringapost.com.br\/orlandogonzalez\/?s={search_term_string}\"},\"query-input\":\"required name=search_term_string\"}],\"inLanguage\":\"pt-BR\"},{\"@type\":\"Person\",\"@id\":\"https:\/\/maringapost.com.br\/orlandogonzalez\/#\/schema\/person\/5cbe6257d08edea6afc9ebaa613b0633\",\"name\":\"Orlando Gonzalez\",\"image\":{\"@type\":\"ImageObject\",\"inLanguage\":\"pt-BR\",\"@id\":\"https:\/\/maringapost.com.br\/orlandogonzalez\/#\/schema\/person\/image\/\",\"url\":\"https:\/\/secure.gravatar.com\/avatar\/ecef9d1c9afe5ebdafadde8369065ba5?s=96&d=mm&r=g\",\"contentUrl\":\"https:\/\/secure.gravatar.com\/avatar\/ecef9d1c9afe5ebdafadde8369065ba5?s=96&d=mm&r=g\",\"caption\":\"Orlando Gonzalez\"},\"description\":\"H\u00e1 29 anos na cobertura do esporte de Maring\u00e1. Plant\u00e3o e narrador esportivo. Presta\u00e7\u00e3o de assessoria de imprensa esportiva, cobertura e transmiss\u00f5es ao vivo de eventos esportivos. E-mail: orlandogonzalez.assessoria@gmail.com WhatsApp: (44) 9 9126-6119\",\"sameAs\":[\"http:\/\/www.radiomaringa.com.br\/\",\"https:\/\/www.facebook.com\/profile.php?id=100011095815065\",\"https:\/\/www.instagram.com\/orlandomgonzalez\/\",\"https:\/\/br.pinterest.com\/ogonzalez0530\/\",\"https:\/\/x.com\/gonzalezorlando\",\"https:\/\/www.youtube.com\/channel\/UCvFpl55btth8wjnKiSS1ibA\",\"https:\/\/radiomaringaweb.tumblr.com\/\"],\"url\":\"https:\/\/maringapost.com.br\/orlandogonzalez\/author\/orlando\/\"}]}<\/script>\n<!-- \/ Yoast SEO Premium plugin. -->","yoast_head_json":{"title":"MARING\u00c1 - F\u00f3rmula Truck tem in\u00edcio com vit\u00f3rias de Rog\u00e9rio Agostini e Rampon em Cascavel - Orlando Gonzalez","robots":{"index":"index","follow":"follow","max-snippet":"max-snippet:-1","max-image-preview":"max-image-preview:large","max-video-preview":"max-video-preview:-1"},"canonical":"https:\/\/maringapost.com.br\/orlandogonzalez\/2022\/03\/08\/maringa-formula-truck-tem-inicio-com-vitorias-de-rogerio-agostini-e-rampon-em-cascavel\/","og_locale":"pt_BR","og_type":"article","og_title":"MARING\u00c1 - F\u00f3rmula Truck tem in\u00edcio com vit\u00f3rias de Rog\u00e9rio Agostini e Rampon em Cascavel","og_description":"\u00a0Superando todas as expectativas, a etapa de abertura da F\u00f3rmula Truck foi disputada no domingo (6), no Aut\u00f3dromo Zilmar Beux, em Cascavel, na regi\u00e3o Oeste do Paran\u00e1, com promo\u00e7\u00e3o e organiza\u00e7\u00e3o de Gilberto Hidalgo, supervis\u00e3o da Federa\u00e7\u00e3o Paranaense de Automobilismo (FPrA) e apoio da Volparts, Meritor, Eckisiel e Platodiesel. Com belas disputas, as vit\u00f3rias foram [&hellip;]","og_url":"https:\/\/maringapost.com.br\/orlandogonzalez\/2022\/03\/08\/maringa-formula-truck-tem-inicio-com-vitorias-de-rogerio-agostini-e-rampon-em-cascavel\/","og_site_name":"Orlando Gonzalez","article_author":"https:\/\/www.facebook.com\/profile.php?id=100011095815065","article_published_time":"2022-03-08T10:41:28+00:00","article_modified_time":"2022-03-08T10:41:49+00:00","og_image":[{"width":1280,"height":853,"url":"https:\/\/maringapost.com.br\/orlandogonzalez\/wp-content\/uploads\/sites\/17\/2022\/03\/Rogerio-Agostini01-Tiago-Guedes.jpg","type":"image\/jpeg"}],"author":"Orlando Gonzalez","twitter_card":"summary_large_image","twitter_creator":"@gonzalezorlando","twitter_misc":{"Escrito por":false,"Est. tempo de leitura":"3 minutos"},"schema":{"@context":"https:\/\/schema.org","@graph":[{"@type":"WebPage","@id":"https:\/\/maringapost.com.br\/orlandogonzalez\/2022\/03\/08\/maringa-formula-truck-tem-inicio-com-vitorias-de-rogerio-agostini-e-rampon-em-cascavel\/","url":"https:\/\/maringapost.com.br\/orlandogonzalez\/2022\/03\/08\/maringa-formula-truck-tem-inicio-com-vitorias-de-rogerio-agostini-e-rampon-em-cascavel\/","name":"MARING\u00c1 - F\u00f3rmula Truck tem in\u00edcio com vit\u00f3rias de Rog\u00e9rio Agostini e Rampon em Cascavel - Orlando Gonzalez","isPartOf":{"@id":"https:\/\/maringapost.com.br\/orlandogonzalez\/#website"},"primaryImageOfPage":{"@id":"https:\/\/maringapost.com.br\/orlandogonzalez\/2022\/03\/08\/maringa-formula-truck-tem-inicio-com-vitorias-de-rogerio-agostini-e-rampon-em-cascavel\/#primaryimage"},"image":{"@id":"https:\/\/maringapost.com.br\/orlandogonzalez\/2022\/03\/08\/maringa-formula-truck-tem-inicio-com-vitorias-de-rogerio-agostini-e-rampon-em-cascavel\/#primaryimage"},"thumbnailUrl":"https:\/\/maringapost.com.br\/orlandogonzalez\/wp-content\/uploads\/sites\/17\/2022\/03\/Rogerio-Agostini01-Tiago-Guedes.jpg","datePublished":"2022-03-08T10:41:28+00:00","dateModified":"2022-03-08T10:41:49+00:00","author":{"@id":"https:\/\/maringapost.com.br\/orlandogonzalez\/#\/schema\/person\/5cbe6257d08edea6afc9ebaa613b0633"},"inLanguage":"pt-BR","potentialAction":[{"@type":"ReadAction","target":["https:\/\/maringapost.com.br\/orlandogonzalez\/2022\/03\/08\/maringa-formula-truck-tem-inicio-com-vitorias-de-rogerio-agostini-e-rampon-em-cascavel\/"]}]},{"@type":"ImageObject","inLanguage":"pt-BR","@id":"https:\/\/maringapost.com.br\/orlandogonzalez\/2022\/03\/08\/maringa-formula-truck-tem-inicio-com-vitorias-de-rogerio-agostini-e-rampon-em-cascavel\/#primaryimage","url":"https:\/\/maringapost.com.br\/orlandogonzalez\/wp-content\/uploads\/sites\/17\/2022\/03\/Rogerio-Agostini01-Tiago-Guedes.jpg","contentUrl":"https:\/\/maringapost.com.br\/orlandogonzalez\/wp-content\/uploads\/sites\/17\/2022\/03\/Rogerio-Agostini01-Tiago-Guedes.jpg","width":1280,"height":853},{"@type":"WebSite","@id":"https:\/\/maringapost.com.br\/orlandogonzalez\/#website","url":"https:\/\/maringapost.com.br\/orlandogonzalez\/","name":"Orlando Gonzalez","description":"Destaca o esporte de Maring\u00e1! Destaca o esporte do Paran\u00e1! Destaca o esporte do Brasil!","potentialAction":[{"@type":"SearchAction","target":{"@type":"EntryPoint","urlTemplate":"https:\/\/maringapost.com.br\/orlandogonzalez\/?s={search_term_string}"},"query-input":"required name=search_term_string"}],"inLanguage":"pt-BR"},{"@type":"Person","@id":"https:\/\/maringapost.com.br\/orlandogonzalez\/#\/schema\/person\/5cbe6257d08edea6afc9ebaa613b0633","name":"Orlando Gonzalez","image":{"@type":"ImageObject","inLanguage":"pt-BR","@id":"https:\/\/maringapost.com.br\/orlandogonzalez\/#\/schema\/person\/image\/","url":"https:\/\/secure.gravatar.com\/avatar\/ecef9d1c9afe5ebdafadde8369065ba5?s=96&d=mm&r=g","contentUrl":"https:\/\/secure.gravatar.com\/avatar\/ecef9d1c9afe5ebdafadde8369065ba5?s=96&d=mm&r=g","caption":"Orlando Gonzalez"},"description":"H\u00e1 29 anos na cobertura do esporte de Maring\u00e1. Plant\u00e3o e narrador esportivo. Presta\u00e7\u00e3o de assessoria de imprensa esportiva, cobertura e transmiss\u00f5es ao vivo de eventos esportivos. E-mail: orlandogonzalez.assessoria@gmail.com WhatsApp: (44) 9 9126-6119","sameAs":["http:\/\/www.radiomaringa.com.br\/","https:\/\/www.facebook.com\/profile.php?id=100011095815065","https:\/\/www.instagram.com\/orlandomgonzalez\/","https:\/\/br.pinterest.com\/ogonzalez0530\/","https:\/\/x.com\/gonzalezorlando","https:\/\/www.youtube.com\/channel\/UCvFpl55btth8wjnKiSS1ibA","https:\/\/radiomaringaweb.tumblr.com\/"],"url":"https:\/\/maringapost.com.br\/orlandogonzalez\/author\/orlando\/"}]}},"_links":{"self":[{"href":"https:\/\/maringapost.com.br\/orlandogonzalez\/wp-json\/wp\/v2\/posts\/53282"}],"collection":[{"href":"https:\/\/maringapost.com.br\/orlandogonzalez\/wp-json\/wp\/v2\/posts"}],"about":[{"href":"https:\/\/maringapost.com.br\/orlandogonzalez\/wp-json\/wp\/v2\/types\/post"}],"author":[{"embeddable":true,"href":"https:\/\/maringapost.com.br\/orlandogonzalez\/wp-json\/wp\/v2\/users\/6307"}],"replies":[{"embeddable":true,"href":"https:\/\/maringapost.com.br\/orlandogonzalez\/wp-json\/wp\/v2\/comments?post=53282"}],"version-history":[{"count":2,"href":"https:\/\/maringapost.com.br\/orlandogonzalez\/wp-json\/wp\/v2\/posts\/53282\/revisions"}],"predecessor-version":[{"id":53285,"href":"https:\/\/maringapost.com.br\/orlandogonzalez\/wp-json\/wp\/v2\/posts\/53282\/revisions\/53285"}],"wp:featuredmedia":[{"embeddable":true,"href":"https:\/\/maringapost.com.br\/orlandogonzalez\/wp-json\/wp\/v2\/media\/53283"}],"wp:attachment":[{"href":"https:\/\/maringapost.com.br\/orlandogonzalez\/wp-json\/wp\/v2\/media?parent=53282"}],"wp:term":[{"taxonomy":"category","embeddable":true,"href":"https:\/\/maringapost.com.br\/orlandogonzalez\/wp-json\/wp\/v2\/categories?post=53282"},{"taxonomy":"post_tag","embeddable":true,"href":"https:\/\/maringapost.com.br\/orlandogonzalez\/wp-json\/wp\/v2\/tags?post=53282"}],"curies":[{"name":"wp","href":"https:\/\/api.w.org\/{rel}","templated":true}]}}