{"id":53176,"date":"2022-03-05T06:28:27","date_gmt":"2022-03-05T09:28:27","guid":{"rendered":"https:\/\/maringapost.com.br\/orlandogonzalez\/?p=53176"},"modified":"2022-03-05T06:29:02","modified_gmt":"2022-03-05T09:29:02","slug":"maringa-formula-truck-define-poles-da-1a-etapa-neste-sabado-em-cascavel","status":"publish","type":"post","link":"https:\/\/maringapost.com.br\/orlandogonzalez\/2022\/03\/05\/maringa-formula-truck-define-poles-da-1a-etapa-neste-sabado-em-cascavel\/","title":{"rendered":"MARING\u00c1 &#8211; F\u00f3rmula Truck define poles da 1\u00aa etapa neste s\u00e1bado em Cascavel"},"content":{"rendered":"<p><span style=\"font-size: x-large\">\u00a0Com a participa\u00e7\u00e3o de pilotos do Paran\u00e1, S\u00e3o Paulo, Santa Catarina e Rio Grande do Sul, come\u00e7ou nesta sexta-feira a programa\u00e7\u00e3o da etapa de abertura da F\u00f3rmula Truck. A prova ser\u00e1 disputada neste domingo no Aut\u00f3dromo Zilmar Beux, em Cascavel, na regi\u00e3o Oeste do Paran\u00e1. A promo\u00e7\u00e3o e organiza\u00e7\u00e3o ser\u00e1 de Gilberto Hidalgo, supervis\u00e3o da Federa\u00e7\u00e3o Paranaense de Automobilismo (FPrA) e apoio da Volparts, Meritor, Eckisiel e Platodiesel.\u00a0\u00a0<\/span><\/p>\n<p><span style=\"font-size: x-large\">Nos treinos livres desta quinta-feira os pilotos se preocuparam em acertar seus caminh\u00f5es para os treinos classificat\u00f3rios. Participaram 16 competidores e este n\u00famero poder\u00e1 aumentar uma vez que as inscri\u00e7\u00f5es s\u00f3 se encerram momentos antes do in\u00edcio dos treinos classificat\u00f3rios. Neste s\u00e1bado eles retornam \u00e0 para duas sess\u00f5es de treinos livres e em seguida os treinos classificat\u00f3rios que definir\u00e3o os pole positions das categorias Bombas Injetoras e Eletr\u00f4nico da primeira etapa.<\/span><\/p>\n<p><strong><span style=\"font-size: x-large\">\u00a0\u00a0\u00a0\u00a0\u00a0\u00a0\u00a0\u00a0\u00a0\u00a0\u00a0\u00a0\u00a0\u00a0\u00a0\u00a0\u00a0\u00a0\u00a0Programa\u00e7\u00e3o<\/span><\/strong><\/p>\n<p><span style=\"font-size: x-large\">A programa\u00e7\u00e3o da F\u00f3rmula Truck em Cascavel prev\u00ea para este s\u00e1bado, das 8 \u00e0s 9 horas, vistoria t\u00e9cnica; das 9\u00e0s 9h30, 4\u00ba treino da categoria BI (Bomba Injetora); das 10 \u00e0s 10h30, 4\u00ba treino da categoria EL (Eletr\u00f4nico); das 11h30 \u00e0s 12 horas, treino dos caminh\u00f5es de show; das 13h30 \u00e0s 14 Horas, 5\u00ba treino da categoria BI; das 14h30 \u00e0s 15 horas, 5\u00ba treino da categoria EL; das 16 \u00e0s 16h15, treino classificat\u00f3rio da categoria BI; das 16h30 \u00e0s 16h45, treino classificat\u00f3rio da categoria EI; e \u00e0s 16h50, treino de caminh\u00f5es de show.<\/span><\/p>\n<p><span style=\"font-size: x-large\">Para o domingo, das 9 \u00e0s 9h30, warm up, das 10 \u00e0s 10h30, visita\u00e7\u00e3o aos boxes; \u00e0s 11h40, show de caminh\u00f5es; \u00e0s 13 horas, abertura dos boxes da 1\u00aa corrida; \u00e0s 13h20, fechamento dos boxes; \u00e0s 13h30, largada da 1\u00aa corrida; \u00e0s 14h10, abertura dos boxes para a 2\u00aa corrida; 14h30, fechamento dos boxes; \u00e0s 14h40, largada da 2\u00aa corrida.<\/span><\/p>\n<p><span style=\"font-size: x-large\">\u00a0\u00a0\u00a0\u00a0\u00a0\u00a0\u00a0\u00a0\u00a0\u00a0\u00a0\u00a0\u00a0\u00a0\u00a0\u00a0\u00a0\u00a0\u00a0<strong>Ingressos<\/strong><\/span><\/p>\n<p><span style=\"font-size: x-large\">Os ingressos para os tr\u00eas dias de F\u00f3rmula Truck em Cascavel custar\u00e3o R$ 30,00. Os ingressos antecipados est\u00e3o \u00e0 venda em Cascavel no Posto Santa Cruz, Posto Central Shell, Posto Universit\u00e1rio, Posto Let\u00edcia e na Volparts. Em Toledo os ingressos poder\u00e3o ser comprados no Posto Colonial.<\/span><\/p>\n<p><strong><span style=\"font-size: x-large\">\u00a0<\/span><\/strong><\/p>\n<p><strong><span style=\"font-size: x-large\">Rela\u00e7\u00e3o de inscritos da 1\u00aa etapa da F\u00f3rmula Truck<\/span><\/strong><\/p>\n<p><span style=\"font-size: x-large\">3 \u2013 \u00c1lvaro Bendo (Ermo-SC), Scania, Eletr\u00f4nico<\/span><\/p>\n<p><span style=\"font-size: x-large\">5 \u2013 Gilmar Mottin (Adrian\u00f3polis-PR), Volvo, Bomba Injetora<\/span><\/p>\n<p><span style=\"font-size: x-large\">6 \u2013 T\u00falio Bento (Ermo-SC), Scania, Bomba Injetora<\/span><\/p>\n<p><span style=\"font-size: x-large\">7 \u2013 Valter Oliveira (Guaruj\u00e1-SP), Scania, Bomba Injetora<\/span><\/p>\n<p><span style=\"font-size: x-large\">13 \u2013 Alex Vieira (Santos-SP), Prot\u00f3tipo, Eletr\u00f4nico<\/span><\/p>\n<p><span style=\"font-size: x-large\">15 \u2013 Dario Amaral (Prudent\u00f3polis-SP), Scania, Eletr\u00f4nico<\/span><\/p>\n<p><span style=\"font-size: x-large\">21 \u2013 Lu\u00eds Paulo Rampon (Curitiba-PR), Scania, Bomba Injetora<\/span><\/p>\n<p><span style=\"font-size: x-large\">22 \u2013 M\u00e1rcio Rampon (Curitiba-PR), Scania, Bomba Injetora<\/span><\/p>\n<p><span style=\"font-size: x-large\">33 \u2013 Jo\u00e3o Batista M. dos Santos Filho (Colombo-PR), Scania, Eletr\u00f4nico<\/span><\/p>\n<p><span style=\"font-size: x-large\">64 \u2013 Jo\u00e3o Helder Mottin (Curitiba-PR), Prot\u00f3tipo, Eletr\u00f4nico<\/span><\/p>\n<p><span style=\"font-size: x-large\">67 \u2013 L\u00e1zaro Donizete \u2013 S\u00e3o Jo\u00e3o da Boa Vista-SP), Volkswagen, Bomba Injetora<\/span><\/p>\n<p><span style=\"font-size: x-large\">76 \u2013 Rafael Fleck (Porto Alegre-rs), Scania, Bomba Injetora<\/span><\/p>\n<p><span style=\"font-size: x-large\">78 \u2013 M\u00e1rcio Rosa (Canoas-RS), Volvo, Eletr\u00f4nico<\/span><\/p>\n<p><span style=\"font-size: x-large\">88 \u2013 Cl\u00e9ber Fonseca\/Cido Morais (Cascavel-PR), Ford, Bomba Injetora<\/span><\/p>\n<p><span style=\"font-size: x-large\">97 \u2013 Rog\u00e9rio Agostini (S\u00e3o Miguel do Oeste-SC), Mercedes-Benz, Eletr\u00f4nico<\/span><\/p>\n<p><span style=\"font-size: x-large\">121 \u2013 Geraldo Alves (S\u00e3o Paulo-SP), Volkswagen, Bomba Injetora<\/span><\/p>\n<p><strong><span style=\"font-size: x-large\">\u00a0<\/span><\/strong><\/p>\n<p><strong><span style=\"font-size: x-large\">Calend\u00e1rio da F\u00f3rmula Truck para 2022<\/span><\/strong><\/p>\n<p><span style=\"font-size: x-large\">6 de mar\u00e7o \u2013 Cascavel (PR)<\/span><\/p>\n<p><span style=\"font-size: x-large\">10 de abril \u2013 Guapor\u00e9 (RS)<\/span><\/p>\n<p><span style=\"font-size: x-large\">5 de junho \u2013 Rivera (Uruguai)<\/span><\/p>\n<p><span style=\"font-size: x-large\">5 de agosto \u2013 Londrina (PR) \u2013 data ainda a ser confirmada<\/span><\/p>\n<p><span style=\"font-size: x-large\">4 de setembro \u2013 S\u00e3o Paulo (SP)<\/span><\/p>\n<p><span style=\"font-size: x-large\">9 de outubro \u2013 Santa Cruz do Sul (RS)<\/span><\/p>\n<p><span style=\"font-size: x-large\">6 de novembro \u2013 Tarum\u00e3 (RS)<\/span><\/p>\n<p><span style=\"font-size: x-large\">4 de dezembro \u2013 Cascavel (PR)<\/span><\/p>\n<p><span style=\"font-size: x-large\">(Foto:\u00a0Vanderley Soares\/Divulga\u00e7\u00e3o)<\/span><\/p>\n","protected":false},"excerpt":{"rendered":"<p>\u00a0Com a participa\u00e7\u00e3o de pilotos do Paran\u00e1, S\u00e3o Paulo, Santa Catarina e Rio Grande do Sul, come\u00e7ou nesta sexta-feira a programa\u00e7\u00e3o da etapa de abertura da F\u00f3rmula Truck. A prova ser\u00e1 disputada neste domingo no Aut\u00f3dromo Zilmar Beux, em Cascavel, na regi\u00e3o Oeste do Paran\u00e1. A promo\u00e7\u00e3o e organiza\u00e7\u00e3o ser\u00e1 de Gilberto Hidalgo, supervis\u00e3o da [&hellip;]<\/p>\n","protected":false},"author":6307,"featured_media":53177,"comment_status":"closed","ping_status":"open","sticky":false,"template":"","format":"standard","meta":{"_exactmetrics_skip_tracking":false,"_exactmetrics_sitenote_active":false,"_exactmetrics_sitenote_note":"","_exactmetrics_sitenote_category":0,"footnotes":""},"categories":[1267],"tags":[8910],"yoast_head":"<!-- This site is optimized with the Yoast SEO Premium plugin v22.7 (Yoast SEO v22.7) - https:\/\/yoast.com\/wordpress\/plugins\/seo\/ -->\n<title>MARING\u00c1 - F\u00f3rmula Truck define poles da 1\u00aa etapa neste s\u00e1bado em Cascavel - Orlando Gonzalez<\/title>\n<meta name=\"robots\" content=\"index, follow, max-snippet:-1, max-image-preview:large, max-video-preview:-1\" \/>\n<link rel=\"canonical\" href=\"https:\/\/maringapost.com.br\/orlandogonzalez\/2022\/03\/05\/maringa-formula-truck-define-poles-da-1a-etapa-neste-sabado-em-cascavel\/\" \/>\n<meta property=\"og:locale\" content=\"pt_BR\" \/>\n<meta property=\"og:type\" content=\"article\" \/>\n<meta property=\"og:title\" content=\"MARING\u00c1 - F\u00f3rmula Truck define poles da 1\u00aa etapa neste s\u00e1bado em Cascavel\" \/>\n<meta property=\"og:description\" content=\"\u00a0Com a participa\u00e7\u00e3o de pilotos do Paran\u00e1, S\u00e3o Paulo, Santa Catarina e Rio Grande do Sul, come\u00e7ou nesta sexta-feira a programa\u00e7\u00e3o da etapa de abertura da F\u00f3rmula Truck. A prova ser\u00e1 disputada neste domingo no Aut\u00f3dromo Zilmar Beux, em Cascavel, na regi\u00e3o Oeste do Paran\u00e1. A promo\u00e7\u00e3o e organiza\u00e7\u00e3o ser\u00e1 de Gilberto Hidalgo, supervis\u00e3o da [&hellip;]\" \/>\n<meta property=\"og:url\" content=\"https:\/\/maringapost.com.br\/orlandogonzalez\/2022\/03\/05\/maringa-formula-truck-define-poles-da-1a-etapa-neste-sabado-em-cascavel\/\" \/>\n<meta property=\"og:site_name\" content=\"Orlando Gonzalez\" \/>\n<meta property=\"article:author\" content=\"https:\/\/www.facebook.com\/profile.php?id=100011095815065\" \/>\n<meta property=\"article:published_time\" content=\"2022-03-05T09:28:27+00:00\" \/>\n<meta property=\"article:modified_time\" content=\"2022-03-05T09:29:02+00:00\" \/>\n<meta property=\"og:image\" content=\"https:\/\/maringapost.com.br\/orlandogonzalez\/wp-content\/uploads\/sites\/17\/2022\/03\/Joao-Batista01-Vanderley-Soares.jpg\" \/>\n\t<meta property=\"og:image:width\" content=\"1280\" \/>\n\t<meta property=\"og:image:height\" content=\"853\" \/>\n\t<meta property=\"og:image:type\" content=\"image\/jpeg\" \/>\n<meta name=\"author\" content=\"Orlando Gonzalez\" \/>\n<meta name=\"twitter:card\" content=\"summary_large_image\" \/>\n<meta name=\"twitter:creator\" content=\"@gonzalezorlando\" \/>\n<meta name=\"twitter:label1\" content=\"Escrito por\" \/>\n\t<meta name=\"twitter:data1\" content=\"\" \/>\n\t<meta name=\"twitter:label2\" content=\"Est. tempo de leitura\" \/>\n\t<meta name=\"twitter:data2\" content=\"3 minutos\" \/>\n<script type=\"application\/ld+json\" class=\"yoast-schema-graph\">{\"@context\":\"https:\/\/schema.org\",\"@graph\":[{\"@type\":\"WebPage\",\"@id\":\"https:\/\/maringapost.com.br\/orlandogonzalez\/2022\/03\/05\/maringa-formula-truck-define-poles-da-1a-etapa-neste-sabado-em-cascavel\/\",\"url\":\"https:\/\/maringapost.com.br\/orlandogonzalez\/2022\/03\/05\/maringa-formula-truck-define-poles-da-1a-etapa-neste-sabado-em-cascavel\/\",\"name\":\"MARING\u00c1 - F\u00f3rmula Truck define poles da 1\u00aa etapa neste s\u00e1bado em Cascavel - Orlando Gonzalez\",\"isPartOf\":{\"@id\":\"https:\/\/maringapost.com.br\/orlandogonzalez\/#website\"},\"primaryImageOfPage\":{\"@id\":\"https:\/\/maringapost.com.br\/orlandogonzalez\/2022\/03\/05\/maringa-formula-truck-define-poles-da-1a-etapa-neste-sabado-em-cascavel\/#primaryimage\"},\"image\":{\"@id\":\"https:\/\/maringapost.com.br\/orlandogonzalez\/2022\/03\/05\/maringa-formula-truck-define-poles-da-1a-etapa-neste-sabado-em-cascavel\/#primaryimage\"},\"thumbnailUrl\":\"https:\/\/maringapost.com.br\/orlandogonzalez\/wp-content\/uploads\/sites\/17\/2022\/03\/Joao-Batista01-Vanderley-Soares.jpg\",\"datePublished\":\"2022-03-05T09:28:27+00:00\",\"dateModified\":\"2022-03-05T09:29:02+00:00\",\"author\":{\"@id\":\"https:\/\/maringapost.com.br\/orlandogonzalez\/#\/schema\/person\/5cbe6257d08edea6afc9ebaa613b0633\"},\"inLanguage\":\"pt-BR\",\"potentialAction\":[{\"@type\":\"ReadAction\",\"target\":[\"https:\/\/maringapost.com.br\/orlandogonzalez\/2022\/03\/05\/maringa-formula-truck-define-poles-da-1a-etapa-neste-sabado-em-cascavel\/\"]}]},{\"@type\":\"ImageObject\",\"inLanguage\":\"pt-BR\",\"@id\":\"https:\/\/maringapost.com.br\/orlandogonzalez\/2022\/03\/05\/maringa-formula-truck-define-poles-da-1a-etapa-neste-sabado-em-cascavel\/#primaryimage\",\"url\":\"https:\/\/maringapost.com.br\/orlandogonzalez\/wp-content\/uploads\/sites\/17\/2022\/03\/Joao-Batista01-Vanderley-Soares.jpg\",\"contentUrl\":\"https:\/\/maringapost.com.br\/orlandogonzalez\/wp-content\/uploads\/sites\/17\/2022\/03\/Joao-Batista01-Vanderley-Soares.jpg\",\"width\":1280,\"height\":853},{\"@type\":\"WebSite\",\"@id\":\"https:\/\/maringapost.com.br\/orlandogonzalez\/#website\",\"url\":\"https:\/\/maringapost.com.br\/orlandogonzalez\/\",\"name\":\"Orlando Gonzalez\",\"description\":\"Destaca o esporte de Maring\u00e1! Destaca o esporte do Paran\u00e1! Destaca o esporte do Brasil!\",\"potentialAction\":[{\"@type\":\"SearchAction\",\"target\":{\"@type\":\"EntryPoint\",\"urlTemplate\":\"https:\/\/maringapost.com.br\/orlandogonzalez\/?s={search_term_string}\"},\"query-input\":\"required name=search_term_string\"}],\"inLanguage\":\"pt-BR\"},{\"@type\":\"Person\",\"@id\":\"https:\/\/maringapost.com.br\/orlandogonzalez\/#\/schema\/person\/5cbe6257d08edea6afc9ebaa613b0633\",\"name\":\"Orlando Gonzalez\",\"image\":{\"@type\":\"ImageObject\",\"inLanguage\":\"pt-BR\",\"@id\":\"https:\/\/maringapost.com.br\/orlandogonzalez\/#\/schema\/person\/image\/\",\"url\":\"https:\/\/secure.gravatar.com\/avatar\/ecef9d1c9afe5ebdafadde8369065ba5?s=96&d=mm&r=g\",\"contentUrl\":\"https:\/\/secure.gravatar.com\/avatar\/ecef9d1c9afe5ebdafadde8369065ba5?s=96&d=mm&r=g\",\"caption\":\"Orlando Gonzalez\"},\"description\":\"H\u00e1 29 anos na cobertura do esporte de Maring\u00e1. Plant\u00e3o e narrador esportivo. Presta\u00e7\u00e3o de assessoria de imprensa esportiva, cobertura e transmiss\u00f5es ao vivo de eventos esportivos. E-mail: orlandogonzalez.assessoria@gmail.com WhatsApp: (44) 9 9126-6119\",\"sameAs\":[\"http:\/\/www.radiomaringa.com.br\/\",\"https:\/\/www.facebook.com\/profile.php?id=100011095815065\",\"https:\/\/www.instagram.com\/orlandomgonzalez\/\",\"https:\/\/br.pinterest.com\/ogonzalez0530\/\",\"https:\/\/x.com\/gonzalezorlando\",\"https:\/\/www.youtube.com\/channel\/UCvFpl55btth8wjnKiSS1ibA\",\"https:\/\/radiomaringaweb.tumblr.com\/\"],\"url\":\"https:\/\/maringapost.com.br\/orlandogonzalez\/author\/orlando\/\"}]}<\/script>\n<!-- \/ Yoast SEO Premium plugin. -->","yoast_head_json":{"title":"MARING\u00c1 - F\u00f3rmula Truck define poles da 1\u00aa etapa neste s\u00e1bado em Cascavel - Orlando Gonzalez","robots":{"index":"index","follow":"follow","max-snippet":"max-snippet:-1","max-image-preview":"max-image-preview:large","max-video-preview":"max-video-preview:-1"},"canonical":"https:\/\/maringapost.com.br\/orlandogonzalez\/2022\/03\/05\/maringa-formula-truck-define-poles-da-1a-etapa-neste-sabado-em-cascavel\/","og_locale":"pt_BR","og_type":"article","og_title":"MARING\u00c1 - F\u00f3rmula Truck define poles da 1\u00aa etapa neste s\u00e1bado em Cascavel","og_description":"\u00a0Com a participa\u00e7\u00e3o de pilotos do Paran\u00e1, S\u00e3o Paulo, Santa Catarina e Rio Grande do Sul, come\u00e7ou nesta sexta-feira a programa\u00e7\u00e3o da etapa de abertura da F\u00f3rmula Truck. A prova ser\u00e1 disputada neste domingo no Aut\u00f3dromo Zilmar Beux, em Cascavel, na regi\u00e3o Oeste do Paran\u00e1. A promo\u00e7\u00e3o e organiza\u00e7\u00e3o ser\u00e1 de Gilberto Hidalgo, supervis\u00e3o da [&hellip;]","og_url":"https:\/\/maringapost.com.br\/orlandogonzalez\/2022\/03\/05\/maringa-formula-truck-define-poles-da-1a-etapa-neste-sabado-em-cascavel\/","og_site_name":"Orlando Gonzalez","article_author":"https:\/\/www.facebook.com\/profile.php?id=100011095815065","article_published_time":"2022-03-05T09:28:27+00:00","article_modified_time":"2022-03-05T09:29:02+00:00","og_image":[{"width":1280,"height":853,"url":"https:\/\/maringapost.com.br\/orlandogonzalez\/wp-content\/uploads\/sites\/17\/2022\/03\/Joao-Batista01-Vanderley-Soares.jpg","type":"image\/jpeg"}],"author":"Orlando Gonzalez","twitter_card":"summary_large_image","twitter_creator":"@gonzalezorlando","twitter_misc":{"Escrito por":false,"Est. tempo de leitura":"3 minutos"},"schema":{"@context":"https:\/\/schema.org","@graph":[{"@type":"WebPage","@id":"https:\/\/maringapost.com.br\/orlandogonzalez\/2022\/03\/05\/maringa-formula-truck-define-poles-da-1a-etapa-neste-sabado-em-cascavel\/","url":"https:\/\/maringapost.com.br\/orlandogonzalez\/2022\/03\/05\/maringa-formula-truck-define-poles-da-1a-etapa-neste-sabado-em-cascavel\/","name":"MARING\u00c1 - F\u00f3rmula Truck define poles da 1\u00aa etapa neste s\u00e1bado em Cascavel - Orlando Gonzalez","isPartOf":{"@id":"https:\/\/maringapost.com.br\/orlandogonzalez\/#website"},"primaryImageOfPage":{"@id":"https:\/\/maringapost.com.br\/orlandogonzalez\/2022\/03\/05\/maringa-formula-truck-define-poles-da-1a-etapa-neste-sabado-em-cascavel\/#primaryimage"},"image":{"@id":"https:\/\/maringapost.com.br\/orlandogonzalez\/2022\/03\/05\/maringa-formula-truck-define-poles-da-1a-etapa-neste-sabado-em-cascavel\/#primaryimage"},"thumbnailUrl":"https:\/\/maringapost.com.br\/orlandogonzalez\/wp-content\/uploads\/sites\/17\/2022\/03\/Joao-Batista01-Vanderley-Soares.jpg","datePublished":"2022-03-05T09:28:27+00:00","dateModified":"2022-03-05T09:29:02+00:00","author":{"@id":"https:\/\/maringapost.com.br\/orlandogonzalez\/#\/schema\/person\/5cbe6257d08edea6afc9ebaa613b0633"},"inLanguage":"pt-BR","potentialAction":[{"@type":"ReadAction","target":["https:\/\/maringapost.com.br\/orlandogonzalez\/2022\/03\/05\/maringa-formula-truck-define-poles-da-1a-etapa-neste-sabado-em-cascavel\/"]}]},{"@type":"ImageObject","inLanguage":"pt-BR","@id":"https:\/\/maringapost.com.br\/orlandogonzalez\/2022\/03\/05\/maringa-formula-truck-define-poles-da-1a-etapa-neste-sabado-em-cascavel\/#primaryimage","url":"https:\/\/maringapost.com.br\/orlandogonzalez\/wp-content\/uploads\/sites\/17\/2022\/03\/Joao-Batista01-Vanderley-Soares.jpg","contentUrl":"https:\/\/maringapost.com.br\/orlandogonzalez\/wp-content\/uploads\/sites\/17\/2022\/03\/Joao-Batista01-Vanderley-Soares.jpg","width":1280,"height":853},{"@type":"WebSite","@id":"https:\/\/maringapost.com.br\/orlandogonzalez\/#website","url":"https:\/\/maringapost.com.br\/orlandogonzalez\/","name":"Orlando Gonzalez","description":"Destaca o esporte de Maring\u00e1! Destaca o esporte do Paran\u00e1! Destaca o esporte do Brasil!","potentialAction":[{"@type":"SearchAction","target":{"@type":"EntryPoint","urlTemplate":"https:\/\/maringapost.com.br\/orlandogonzalez\/?s={search_term_string}"},"query-input":"required name=search_term_string"}],"inLanguage":"pt-BR"},{"@type":"Person","@id":"https:\/\/maringapost.com.br\/orlandogonzalez\/#\/schema\/person\/5cbe6257d08edea6afc9ebaa613b0633","name":"Orlando Gonzalez","image":{"@type":"ImageObject","inLanguage":"pt-BR","@id":"https:\/\/maringapost.com.br\/orlandogonzalez\/#\/schema\/person\/image\/","url":"https:\/\/secure.gravatar.com\/avatar\/ecef9d1c9afe5ebdafadde8369065ba5?s=96&d=mm&r=g","contentUrl":"https:\/\/secure.gravatar.com\/avatar\/ecef9d1c9afe5ebdafadde8369065ba5?s=96&d=mm&r=g","caption":"Orlando Gonzalez"},"description":"H\u00e1 29 anos na cobertura do esporte de Maring\u00e1. Plant\u00e3o e narrador esportivo. Presta\u00e7\u00e3o de assessoria de imprensa esportiva, cobertura e transmiss\u00f5es ao vivo de eventos esportivos. E-mail: orlandogonzalez.assessoria@gmail.com WhatsApp: (44) 9 9126-6119","sameAs":["http:\/\/www.radiomaringa.com.br\/","https:\/\/www.facebook.com\/profile.php?id=100011095815065","https:\/\/www.instagram.com\/orlandomgonzalez\/","https:\/\/br.pinterest.com\/ogonzalez0530\/","https:\/\/x.com\/gonzalezorlando","https:\/\/www.youtube.com\/channel\/UCvFpl55btth8wjnKiSS1ibA","https:\/\/radiomaringaweb.tumblr.com\/"],"url":"https:\/\/maringapost.com.br\/orlandogonzalez\/author\/orlando\/"}]}},"_links":{"self":[{"href":"https:\/\/maringapost.com.br\/orlandogonzalez\/wp-json\/wp\/v2\/posts\/53176"}],"collection":[{"href":"https:\/\/maringapost.com.br\/orlandogonzalez\/wp-json\/wp\/v2\/posts"}],"about":[{"href":"https:\/\/maringapost.com.br\/orlandogonzalez\/wp-json\/wp\/v2\/types\/post"}],"author":[{"embeddable":true,"href":"https:\/\/maringapost.com.br\/orlandogonzalez\/wp-json\/wp\/v2\/users\/6307"}],"replies":[{"embeddable":true,"href":"https:\/\/maringapost.com.br\/orlandogonzalez\/wp-json\/wp\/v2\/comments?post=53176"}],"version-history":[{"count":2,"href":"https:\/\/maringapost.com.br\/orlandogonzalez\/wp-json\/wp\/v2\/posts\/53176\/revisions"}],"predecessor-version":[{"id":53179,"href":"https:\/\/maringapost.com.br\/orlandogonzalez\/wp-json\/wp\/v2\/posts\/53176\/revisions\/53179"}],"wp:featuredmedia":[{"embeddable":true,"href":"https:\/\/maringapost.com.br\/orlandogonzalez\/wp-json\/wp\/v2\/media\/53177"}],"wp:attachment":[{"href":"https:\/\/maringapost.com.br\/orlandogonzalez\/wp-json\/wp\/v2\/media?parent=53176"}],"wp:term":[{"taxonomy":"category","embeddable":true,"href":"https:\/\/maringapost.com.br\/orlandogonzalez\/wp-json\/wp\/v2\/categories?post=53176"},{"taxonomy":"post_tag","embeddable":true,"href":"https:\/\/maringapost.com.br\/orlandogonzalez\/wp-json\/wp\/v2\/tags?post=53176"}],"curies":[{"name":"wp","href":"https:\/\/api.w.org\/{rel}","templated":true}]}}