{"id":52980,"date":"2022-02-27T10:22:53","date_gmt":"2022-02-27T13:22:53","guid":{"rendered":"https:\/\/maringapost.com.br\/orlandogonzalez\/?p=52980"},"modified":"2022-02-27T10:22:53","modified_gmt":"2022-02-27T13:22:53","slug":"maringa-msl-rally-encerra-o-sarr-2022-com-participacao-destacada","status":"publish","type":"post","link":"https:\/\/maringapost.com.br\/orlandogonzalez\/2022\/02\/27\/maringa-msl-rally-encerra-o-sarr-2022-com-participacao-destacada\/","title":{"rendered":"MARING\u00c1 &#8211; MSL Rally encerra o SARR 2022 com participa\u00e7\u00e3o destacada"},"content":{"rendered":"<p style=\"line-height: inherit;color: #555555;font-family: 'Trebuchet MS', Verdana, Geneva, sans-serif;text-align: justify\"><span style=\"font-size: 24px\">Miss\u00e3o cumprida para a MSL Rally. Na estreia internacional da equipe, Gunter Hinkelmann e Deco Muniz conclu\u00edram neste s\u00e1bado (26) o South American Rally Race (SARR 2022), na Argentina. Um desafio de nove dias e mais de 3.800 quil\u00f4metros atravessando diferentes tipos de terreno em etapas tamb\u00e9m usadas pelo Dakar na sua fase sul-americana. Pelo caminho, regi\u00f5es des\u00e9rticas, as dunas gigantes de El Nihuil, trechos pedregosos e as estradas de terra da Pampa num percurso iniciado em La Rioja e conclu\u00eddo em Viedma, no litoral.<\/span><\/p>\n<p style=\"line-height: inherit;color: #555555;font-family: 'Trebuchet MS', Verdana, Geneva, sans-serif;text-align: justify\"><span style=\"font-size: 24px\">Gunter e Deco fecharam sua participa\u00e7\u00e3o com o quinto lugar entre os UTVs na nona etapa. Os competidores encararam um percurso de 235 quil\u00f4metros com in\u00edcio e t\u00e9rmino no Aut\u00f3dromo de Viedma. Como na v\u00e9spera, com boa parte do trecho cronometrado de 203 km na beira do mar e muitas dunas pelo caminho.<\/span><\/p>\n<p style=\"line-height: inherit;color: #555555;font-family: 'Trebuchet MS', Verdana, Geneva, sans-serif;text-align: justify\"><span style=\"font-size: 24px\">A dupla brasileira andou constantemente entre os primeiros colocados numa disputa com participantes de cinco pa\u00edses. Na antepen\u00faltima e pen\u00faltima etapas, ficou com a segunda posi\u00e7\u00e3o a bordo do Can-Am X3. E se destacou encarando pela primeira vez uma maratona que deixou v\u00e1rios ve\u00edculos pelo caminho. A 16\u00aa posi\u00e7\u00e3o na classifica\u00e7\u00e3o final do rally reflete o tempo perdido por problemas mec\u00e2nicos na primeira e quarta etapas. Que n\u00e3o baixaram a motiva\u00e7\u00e3o para seguir adiante no que foi um grande aprendizado.<\/span><\/p>\n<p style=\"line-height: inherit;color: #555555;font-family: 'Trebuchet MS', Verdana, Geneva, sans-serif;text-align: justify\"><span style=\"font-size: 24px\">&#8220;Foi uma prova incr\u00edvel, os argentinos foram sensacionais conosco e as paisagens s\u00e3o incr\u00edveis. Confesso que estava ansioso hoje e um pouco apreensivo para terminar a prova. Foi uma experi\u00eancia sensacional&#8221;, disse Gunter.<\/span><br style=\"line-height: inherit\" \/><br style=\"line-height: inherit\" \/><span style=\"font-size: 24px\">Deco tamb\u00e9m destacou o \u00f3timo desempenho da dupla numa prova at\u00e9 ent\u00e3o desconhecida. &#8220;O saldo geral \u00e9 extremamente positivo. Andamos praticamente todos os dias entre os cinco primeiros. Foi muito bacana, a adapta\u00e7\u00e3o foi muito r\u00e1pida e, em um rally desse n\u00edvel, sa\u00edmos daqui com a certeza de que aprendemos e cumprimos direitinho o que viemos fazer&#8221;.<\/span><\/p>\n<p style=\"line-height: inherit;color: #555555;font-family: 'Trebuchet MS', Verdana, Geneva, sans-serif;text-align: justify\"><span style=\"font-size: 24px\">O tempo de descanso para a MSL Rally ser\u00e1 curto: entre os dias 9 e 12 de mar\u00e7o ser\u00e1 a vez do Rally Minas Brasil, primeira etapa do Campeonato Brasileiro, em Arax\u00e1, quando a dupla troca o UTV pelo carro.<\/span><br style=\"line-height: inherit\" \/><br style=\"line-height: inherit\" \/><span style=\"font-size: 24px\"><strong style=\"line-height: inherit\">SARR 2022<\/strong><\/span><br style=\"line-height: inherit\" \/><span style=\"font-size: 24px\"><strong style=\"line-height: inherit\">Nona etapa: Viedma \/ Viedma<\/strong><\/span><br style=\"line-height: inherit\" \/><br style=\"line-height: inherit\" \/><span style=\"font-size: 24px\"><strong style=\"line-height: inherit\">UTV<\/strong><\/span><br style=\"line-height: inherit\" \/><span style=\"font-size: 24px\">1. Rodrigo Luppi \/ Maykel Justo (BRA\/Can-Am X3) \u00a0\u00a0 \u00a03h03min04<\/span><br style=\"line-height: inherit\" \/><span style=\"font-size: 24px\">2. Nicolas Cavigliasso \/ Valentina Pertegarini (ARG\/Polaris RZR Pro)\u00a0\u00a0 \u00a03h08min30<\/span><br style=\"line-height: inherit\" \/><span style=\"font-size: 24px\">3. Pablo Macua \/ Pablo Ingaramo (ARG\/Can-Am X3)\u00a0\u00a0 \u00a03h08min30<\/span><br style=\"line-height: inherit\" \/><span style=\"font-size: 24px\">4. Gerardo Dal Zotto (ARG\/Polaris RZR Pro) \u00a0\u00a0 \u00a03h08min52<\/span><br style=\"line-height: inherit\" \/><span style=\"font-size: 24px\">5. Gunter Hinkelmann \/ Deco Muniz (BRA\/Can-Am X3)\u00a0\u00a0 \u00a03h09min22<\/span><br style=\"line-height: inherit\" \/><br style=\"line-height: inherit\" \/><span style=\"font-size: 24px\"><strong style=\"line-height: inherit\">Roteiro<\/strong><\/span><br style=\"line-height: inherit\" \/><span style=\"font-size: 24px\"><strong style=\"line-height: inherit\">Percurso total: 3.860 quil\u00f4metros<\/strong><\/span><br style=\"line-height: inherit\" \/><br style=\"line-height: inherit\" \/><span style=\"font-size: 24px\"><strong style=\"line-height: inherit\">17 de fevereiro \u2013 1\u00aa etapa<\/strong><\/span><br style=\"line-height: inherit\" \/><span style=\"font-size: 24px\">La Rioja \u2013 Chilecito<\/span><br style=\"line-height: inherit\" \/><span style=\"font-size: 24px\">390 quil\u00f4metros (250 quil\u00f4metros de trecho cronometrado)<\/span><br style=\"line-height: inherit\" \/><br style=\"line-height: inherit\" \/><span style=\"font-size: 24px\"><strong style=\"line-height: inherit\">18 de fevereiro \u2013 2\u00aa etapa<\/strong><\/span><br style=\"line-height: inherit\" \/><span style=\"font-size: 24px\">Chilecito \u2013 San Juan<\/span><br style=\"line-height: inherit\" \/><span style=\"font-size: 24px\">568 quil\u00f4metros (335 quil\u00f4metros de trecho cronometrado)<\/span><br style=\"line-height: inherit\" \/><br style=\"line-height: inherit\" \/><span style=\"font-size: 24px\"><strong style=\"line-height: inherit\">19 de fevereiro \u2013 3\u00aa etapa<\/strong><\/span><br style=\"line-height: inherit\" \/><span style=\"font-size: 24px\">San Juan \u2013 Tunuyan<\/span><br style=\"line-height: inherit\" \/><span style=\"font-size: 24px\">640 quil\u00f4metros (372 quil\u00f4metros de trecho cronometrado)<\/span><br style=\"line-height: inherit\" \/><br style=\"line-height: inherit\" \/><span style=\"font-size: 24px\"><strong style=\"line-height: inherit\">20 de fevereiro \u2013 4\u00aa etapa<\/strong><\/span><br style=\"line-height: inherit\" \/><span style=\"font-size: 24px\">Tunuyan \u2013 Alvear<\/span><br style=\"line-height: inherit\" \/><span style=\"font-size: 24px\">430 quil\u00f4metros (300 quil\u00f4metros de trecho cronometrado)<\/span><br style=\"line-height: inherit\" \/><br style=\"line-height: inherit\" \/><span style=\"font-size: 24px\"><strong style=\"line-height: inherit\">21 de fevereiro \u2013 Dia de descanso<\/strong><\/span><br style=\"line-height: inherit\" \/><span style=\"font-size: 24px\">Alvear (Mendoza)<\/span><br style=\"line-height: inherit\" \/><br style=\"line-height: inherit\" \/><span style=\"font-size: 24px\"><strong style=\"line-height: inherit\">22 de fevereiro \u2013 5\u00aa etapa<\/strong><\/span><br style=\"line-height: inherit\" \/><span style=\"font-size: 24px\">Alvear \u2013 25 de Mayo<\/span><br style=\"line-height: inherit\" \/><span style=\"font-size: 24px\">550 quil\u00f4metros (320 quil\u00f4metros de trecho cronometrado CANCELADO)<\/span><br style=\"line-height: inherit\" \/><br style=\"line-height: inherit\" \/><span style=\"font-size: 24px\"><strong style=\"line-height: inherit\">23 de fevereiro \u2013 6\u00aa etapa<\/strong><\/span><br style=\"line-height: inherit\" \/><span style=\"font-size: 24px\">25 de Mayo \u2013 Villa Regina<\/span><br style=\"line-height: inherit\" \/><span style=\"font-size: 24px\">430 quil\u00f4metros (300 quil\u00f4metros de trecho cronometrado)<\/span><br style=\"line-height: inherit\" \/><br style=\"line-height: inherit\" \/><span style=\"font-size: 24px\"><strong style=\"line-height: inherit\">24 de fevereiro \u2013 7\u00aa etapa<\/strong><\/span><br style=\"line-height: inherit\" \/><span style=\"font-size: 24px\">Villa Regina \u2013 Gral Conesa<\/span><br style=\"line-height: inherit\" \/><span style=\"font-size: 24px\">400 quil\u00f4metros (270 quil\u00f4metros de trecho cronometrado)<\/span><br style=\"line-height: inherit\" \/><br style=\"line-height: inherit\" \/><span style=\"font-size: 24px\"><strong style=\"line-height: inherit\">25 de fevereiro \u2013 8\u00aa etapa<\/strong><\/span><br style=\"line-height: inherit\" \/><span style=\"font-size: 24px\">Gral Conesa \u2013 Viedma<\/span><br style=\"line-height: inherit\" \/><span style=\"font-size: 24px\">350 quil\u00f4metros (230 quil\u00f4metros de trecho cronometrado)<\/span><br style=\"line-height: inherit\" \/><br style=\"line-height: inherit\" \/><span style=\"font-size: 24px\"><strong style=\"line-height: inherit\">26 de fevereiro \u2013 9\u00aa etapa<\/strong><\/span><br style=\"line-height: inherit\" \/><span style=\"font-size: 24px\">Viedma \u2013 Viedma<\/span><br style=\"line-height: inherit\" \/><span style=\"font-size: 24px\">235 quil\u00f4metros (203 quil\u00f4metros de trecho cronometrado)<\/span><\/p>\n<p style=\"line-height: inherit;color: #555555;font-family: 'Trebuchet MS', Verdana, Geneva, sans-serif;text-align: justify\"><span style=\"font-size: 24px\">(Foto:\u00a0<span style=\"text-align: center\">Sanderson Pereira\/Divulga\u00e7\u00e3o)<\/span><\/span><\/p>\n","protected":false},"excerpt":{"rendered":"<p>Miss\u00e3o cumprida para a MSL Rally. Na estreia internacional da equipe, Gunter Hinkelmann e Deco Muniz conclu\u00edram neste s\u00e1bado (26) o South American Rally Race (SARR 2022), na Argentina. Um desafio de nove dias e mais de 3.800 quil\u00f4metros atravessando diferentes tipos de terreno em etapas tamb\u00e9m usadas pelo Dakar na sua fase sul-americana. Pelo [&hellip;]<\/p>\n","protected":false},"author":6307,"featured_media":52981,"comment_status":"closed","ping_status":"open","sticky":false,"template":"","format":"standard","meta":{"_exactmetrics_skip_tracking":false,"_exactmetrics_sitenote_active":false,"_exactmetrics_sitenote_note":"","_exactmetrics_sitenote_category":0,"footnotes":""},"categories":[1267],"tags":[8910],"yoast_head":"<!-- This site is optimized with the Yoast SEO Premium plugin v22.7 (Yoast SEO v22.7) - https:\/\/yoast.com\/wordpress\/plugins\/seo\/ -->\n<title>MARING\u00c1 - MSL Rally encerra o SARR 2022 com participa\u00e7\u00e3o destacada - Orlando Gonzalez<\/title>\n<meta name=\"robots\" content=\"index, follow, max-snippet:-1, max-image-preview:large, max-video-preview:-1\" \/>\n<link rel=\"canonical\" href=\"https:\/\/maringapost.com.br\/orlandogonzalez\/2022\/02\/27\/maringa-msl-rally-encerra-o-sarr-2022-com-participacao-destacada\/\" \/>\n<meta property=\"og:locale\" content=\"pt_BR\" \/>\n<meta property=\"og:type\" content=\"article\" \/>\n<meta property=\"og:title\" content=\"MARING\u00c1 - MSL Rally encerra o SARR 2022 com participa\u00e7\u00e3o destacada\" \/>\n<meta property=\"og:description\" content=\"Miss\u00e3o cumprida para a MSL Rally. Na estreia internacional da equipe, Gunter Hinkelmann e Deco Muniz conclu\u00edram neste s\u00e1bado (26) o South American Rally Race (SARR 2022), na Argentina. Um desafio de nove dias e mais de 3.800 quil\u00f4metros atravessando diferentes tipos de terreno em etapas tamb\u00e9m usadas pelo Dakar na sua fase sul-americana. Pelo [&hellip;]\" \/>\n<meta property=\"og:url\" content=\"https:\/\/maringapost.com.br\/orlandogonzalez\/2022\/02\/27\/maringa-msl-rally-encerra-o-sarr-2022-com-participacao-destacada\/\" \/>\n<meta property=\"og:site_name\" content=\"Orlando Gonzalez\" \/>\n<meta property=\"article:author\" content=\"https:\/\/www.facebook.com\/profile.php?id=100011095815065\" \/>\n<meta property=\"article:published_time\" content=\"2022-02-27T13:22:53+00:00\" \/>\n<meta property=\"og:image\" content=\"https:\/\/maringapost.com.br\/orlandogonzalez\/wp-content\/uploads\/sites\/17\/2022\/02\/403656_1003660_1o4a2165.jpg\" \/>\n\t<meta property=\"og:image:width\" content=\"1280\" \/>\n\t<meta property=\"og:image:height\" content=\"853\" \/>\n\t<meta property=\"og:image:type\" content=\"image\/jpeg\" \/>\n<meta name=\"author\" content=\"Orlando Gonzalez\" \/>\n<meta name=\"twitter:card\" content=\"summary_large_image\" \/>\n<meta name=\"twitter:creator\" content=\"@gonzalezorlando\" \/>\n<meta name=\"twitter:label1\" content=\"Escrito por\" \/>\n\t<meta name=\"twitter:data1\" content=\"\" \/>\n\t<meta name=\"twitter:label2\" content=\"Est. tempo de leitura\" \/>\n\t<meta name=\"twitter:data2\" content=\"3 minutos\" \/>\n<script type=\"application\/ld+json\" class=\"yoast-schema-graph\">{\"@context\":\"https:\/\/schema.org\",\"@graph\":[{\"@type\":\"WebPage\",\"@id\":\"https:\/\/maringapost.com.br\/orlandogonzalez\/2022\/02\/27\/maringa-msl-rally-encerra-o-sarr-2022-com-participacao-destacada\/\",\"url\":\"https:\/\/maringapost.com.br\/orlandogonzalez\/2022\/02\/27\/maringa-msl-rally-encerra-o-sarr-2022-com-participacao-destacada\/\",\"name\":\"MARING\u00c1 - MSL Rally encerra o SARR 2022 com participa\u00e7\u00e3o destacada - Orlando Gonzalez\",\"isPartOf\":{\"@id\":\"https:\/\/maringapost.com.br\/orlandogonzalez\/#website\"},\"primaryImageOfPage\":{\"@id\":\"https:\/\/maringapost.com.br\/orlandogonzalez\/2022\/02\/27\/maringa-msl-rally-encerra-o-sarr-2022-com-participacao-destacada\/#primaryimage\"},\"image\":{\"@id\":\"https:\/\/maringapost.com.br\/orlandogonzalez\/2022\/02\/27\/maringa-msl-rally-encerra-o-sarr-2022-com-participacao-destacada\/#primaryimage\"},\"thumbnailUrl\":\"https:\/\/maringapost.com.br\/orlandogonzalez\/wp-content\/uploads\/sites\/17\/2022\/02\/403656_1003660_1o4a2165.jpg\",\"datePublished\":\"2022-02-27T13:22:53+00:00\",\"dateModified\":\"2022-02-27T13:22:53+00:00\",\"author\":{\"@id\":\"https:\/\/maringapost.com.br\/orlandogonzalez\/#\/schema\/person\/5cbe6257d08edea6afc9ebaa613b0633\"},\"inLanguage\":\"pt-BR\",\"potentialAction\":[{\"@type\":\"ReadAction\",\"target\":[\"https:\/\/maringapost.com.br\/orlandogonzalez\/2022\/02\/27\/maringa-msl-rally-encerra-o-sarr-2022-com-participacao-destacada\/\"]}]},{\"@type\":\"ImageObject\",\"inLanguage\":\"pt-BR\",\"@id\":\"https:\/\/maringapost.com.br\/orlandogonzalez\/2022\/02\/27\/maringa-msl-rally-encerra-o-sarr-2022-com-participacao-destacada\/#primaryimage\",\"url\":\"https:\/\/maringapost.com.br\/orlandogonzalez\/wp-content\/uploads\/sites\/17\/2022\/02\/403656_1003660_1o4a2165.jpg\",\"contentUrl\":\"https:\/\/maringapost.com.br\/orlandogonzalez\/wp-content\/uploads\/sites\/17\/2022\/02\/403656_1003660_1o4a2165.jpg\",\"width\":1280,\"height\":853},{\"@type\":\"WebSite\",\"@id\":\"https:\/\/maringapost.com.br\/orlandogonzalez\/#website\",\"url\":\"https:\/\/maringapost.com.br\/orlandogonzalez\/\",\"name\":\"Orlando Gonzalez\",\"description\":\"Destaca o esporte de Maring\u00e1! Destaca o esporte do Paran\u00e1! Destaca o esporte do Brasil!\",\"potentialAction\":[{\"@type\":\"SearchAction\",\"target\":{\"@type\":\"EntryPoint\",\"urlTemplate\":\"https:\/\/maringapost.com.br\/orlandogonzalez\/?s={search_term_string}\"},\"query-input\":\"required name=search_term_string\"}],\"inLanguage\":\"pt-BR\"},{\"@type\":\"Person\",\"@id\":\"https:\/\/maringapost.com.br\/orlandogonzalez\/#\/schema\/person\/5cbe6257d08edea6afc9ebaa613b0633\",\"name\":\"Orlando Gonzalez\",\"image\":{\"@type\":\"ImageObject\",\"inLanguage\":\"pt-BR\",\"@id\":\"https:\/\/maringapost.com.br\/orlandogonzalez\/#\/schema\/person\/image\/\",\"url\":\"https:\/\/secure.gravatar.com\/avatar\/ecef9d1c9afe5ebdafadde8369065ba5?s=96&d=mm&r=g\",\"contentUrl\":\"https:\/\/secure.gravatar.com\/avatar\/ecef9d1c9afe5ebdafadde8369065ba5?s=96&d=mm&r=g\",\"caption\":\"Orlando Gonzalez\"},\"description\":\"H\u00e1 29 anos na cobertura do esporte de Maring\u00e1. Plant\u00e3o e narrador esportivo. Presta\u00e7\u00e3o de assessoria de imprensa esportiva, cobertura e transmiss\u00f5es ao vivo de eventos esportivos. E-mail: orlandogonzalez.assessoria@gmail.com WhatsApp: (44) 9 9126-6119\",\"sameAs\":[\"http:\/\/www.radiomaringa.com.br\/\",\"https:\/\/www.facebook.com\/profile.php?id=100011095815065\",\"https:\/\/www.instagram.com\/orlandomgonzalez\/\",\"https:\/\/br.pinterest.com\/ogonzalez0530\/\",\"https:\/\/x.com\/gonzalezorlando\",\"https:\/\/www.youtube.com\/channel\/UCvFpl55btth8wjnKiSS1ibA\",\"https:\/\/radiomaringaweb.tumblr.com\/\"],\"url\":\"https:\/\/maringapost.com.br\/orlandogonzalez\/author\/orlando\/\"}]}<\/script>\n<!-- \/ Yoast SEO Premium plugin. -->","yoast_head_json":{"title":"MARING\u00c1 - MSL Rally encerra o SARR 2022 com participa\u00e7\u00e3o destacada - Orlando Gonzalez","robots":{"index":"index","follow":"follow","max-snippet":"max-snippet:-1","max-image-preview":"max-image-preview:large","max-video-preview":"max-video-preview:-1"},"canonical":"https:\/\/maringapost.com.br\/orlandogonzalez\/2022\/02\/27\/maringa-msl-rally-encerra-o-sarr-2022-com-participacao-destacada\/","og_locale":"pt_BR","og_type":"article","og_title":"MARING\u00c1 - MSL Rally encerra o SARR 2022 com participa\u00e7\u00e3o destacada","og_description":"Miss\u00e3o cumprida para a MSL Rally. Na estreia internacional da equipe, Gunter Hinkelmann e Deco Muniz conclu\u00edram neste s\u00e1bado (26) o South American Rally Race (SARR 2022), na Argentina. Um desafio de nove dias e mais de 3.800 quil\u00f4metros atravessando diferentes tipos de terreno em etapas tamb\u00e9m usadas pelo Dakar na sua fase sul-americana. Pelo [&hellip;]","og_url":"https:\/\/maringapost.com.br\/orlandogonzalez\/2022\/02\/27\/maringa-msl-rally-encerra-o-sarr-2022-com-participacao-destacada\/","og_site_name":"Orlando Gonzalez","article_author":"https:\/\/www.facebook.com\/profile.php?id=100011095815065","article_published_time":"2022-02-27T13:22:53+00:00","og_image":[{"width":1280,"height":853,"url":"https:\/\/maringapost.com.br\/orlandogonzalez\/wp-content\/uploads\/sites\/17\/2022\/02\/403656_1003660_1o4a2165.jpg","type":"image\/jpeg"}],"author":"Orlando Gonzalez","twitter_card":"summary_large_image","twitter_creator":"@gonzalezorlando","twitter_misc":{"Escrito por":false,"Est. tempo de leitura":"3 minutos"},"schema":{"@context":"https:\/\/schema.org","@graph":[{"@type":"WebPage","@id":"https:\/\/maringapost.com.br\/orlandogonzalez\/2022\/02\/27\/maringa-msl-rally-encerra-o-sarr-2022-com-participacao-destacada\/","url":"https:\/\/maringapost.com.br\/orlandogonzalez\/2022\/02\/27\/maringa-msl-rally-encerra-o-sarr-2022-com-participacao-destacada\/","name":"MARING\u00c1 - MSL Rally encerra o SARR 2022 com participa\u00e7\u00e3o destacada - Orlando Gonzalez","isPartOf":{"@id":"https:\/\/maringapost.com.br\/orlandogonzalez\/#website"},"primaryImageOfPage":{"@id":"https:\/\/maringapost.com.br\/orlandogonzalez\/2022\/02\/27\/maringa-msl-rally-encerra-o-sarr-2022-com-participacao-destacada\/#primaryimage"},"image":{"@id":"https:\/\/maringapost.com.br\/orlandogonzalez\/2022\/02\/27\/maringa-msl-rally-encerra-o-sarr-2022-com-participacao-destacada\/#primaryimage"},"thumbnailUrl":"https:\/\/maringapost.com.br\/orlandogonzalez\/wp-content\/uploads\/sites\/17\/2022\/02\/403656_1003660_1o4a2165.jpg","datePublished":"2022-02-27T13:22:53+00:00","dateModified":"2022-02-27T13:22:53+00:00","author":{"@id":"https:\/\/maringapost.com.br\/orlandogonzalez\/#\/schema\/person\/5cbe6257d08edea6afc9ebaa613b0633"},"inLanguage":"pt-BR","potentialAction":[{"@type":"ReadAction","target":["https:\/\/maringapost.com.br\/orlandogonzalez\/2022\/02\/27\/maringa-msl-rally-encerra-o-sarr-2022-com-participacao-destacada\/"]}]},{"@type":"ImageObject","inLanguage":"pt-BR","@id":"https:\/\/maringapost.com.br\/orlandogonzalez\/2022\/02\/27\/maringa-msl-rally-encerra-o-sarr-2022-com-participacao-destacada\/#primaryimage","url":"https:\/\/maringapost.com.br\/orlandogonzalez\/wp-content\/uploads\/sites\/17\/2022\/02\/403656_1003660_1o4a2165.jpg","contentUrl":"https:\/\/maringapost.com.br\/orlandogonzalez\/wp-content\/uploads\/sites\/17\/2022\/02\/403656_1003660_1o4a2165.jpg","width":1280,"height":853},{"@type":"WebSite","@id":"https:\/\/maringapost.com.br\/orlandogonzalez\/#website","url":"https:\/\/maringapost.com.br\/orlandogonzalez\/","name":"Orlando Gonzalez","description":"Destaca o esporte de Maring\u00e1! Destaca o esporte do Paran\u00e1! Destaca o esporte do Brasil!","potentialAction":[{"@type":"SearchAction","target":{"@type":"EntryPoint","urlTemplate":"https:\/\/maringapost.com.br\/orlandogonzalez\/?s={search_term_string}"},"query-input":"required name=search_term_string"}],"inLanguage":"pt-BR"},{"@type":"Person","@id":"https:\/\/maringapost.com.br\/orlandogonzalez\/#\/schema\/person\/5cbe6257d08edea6afc9ebaa613b0633","name":"Orlando Gonzalez","image":{"@type":"ImageObject","inLanguage":"pt-BR","@id":"https:\/\/maringapost.com.br\/orlandogonzalez\/#\/schema\/person\/image\/","url":"https:\/\/secure.gravatar.com\/avatar\/ecef9d1c9afe5ebdafadde8369065ba5?s=96&d=mm&r=g","contentUrl":"https:\/\/secure.gravatar.com\/avatar\/ecef9d1c9afe5ebdafadde8369065ba5?s=96&d=mm&r=g","caption":"Orlando Gonzalez"},"description":"H\u00e1 29 anos na cobertura do esporte de Maring\u00e1. Plant\u00e3o e narrador esportivo. Presta\u00e7\u00e3o de assessoria de imprensa esportiva, cobertura e transmiss\u00f5es ao vivo de eventos esportivos. E-mail: orlandogonzalez.assessoria@gmail.com WhatsApp: (44) 9 9126-6119","sameAs":["http:\/\/www.radiomaringa.com.br\/","https:\/\/www.facebook.com\/profile.php?id=100011095815065","https:\/\/www.instagram.com\/orlandomgonzalez\/","https:\/\/br.pinterest.com\/ogonzalez0530\/","https:\/\/x.com\/gonzalezorlando","https:\/\/www.youtube.com\/channel\/UCvFpl55btth8wjnKiSS1ibA","https:\/\/radiomaringaweb.tumblr.com\/"],"url":"https:\/\/maringapost.com.br\/orlandogonzalez\/author\/orlando\/"}]}},"_links":{"self":[{"href":"https:\/\/maringapost.com.br\/orlandogonzalez\/wp-json\/wp\/v2\/posts\/52980"}],"collection":[{"href":"https:\/\/maringapost.com.br\/orlandogonzalez\/wp-json\/wp\/v2\/posts"}],"about":[{"href":"https:\/\/maringapost.com.br\/orlandogonzalez\/wp-json\/wp\/v2\/types\/post"}],"author":[{"embeddable":true,"href":"https:\/\/maringapost.com.br\/orlandogonzalez\/wp-json\/wp\/v2\/users\/6307"}],"replies":[{"embeddable":true,"href":"https:\/\/maringapost.com.br\/orlandogonzalez\/wp-json\/wp\/v2\/comments?post=52980"}],"version-history":[{"count":1,"href":"https:\/\/maringapost.com.br\/orlandogonzalez\/wp-json\/wp\/v2\/posts\/52980\/revisions"}],"predecessor-version":[{"id":52982,"href":"https:\/\/maringapost.com.br\/orlandogonzalez\/wp-json\/wp\/v2\/posts\/52980\/revisions\/52982"}],"wp:featuredmedia":[{"embeddable":true,"href":"https:\/\/maringapost.com.br\/orlandogonzalez\/wp-json\/wp\/v2\/media\/52981"}],"wp:attachment":[{"href":"https:\/\/maringapost.com.br\/orlandogonzalez\/wp-json\/wp\/v2\/media?parent=52980"}],"wp:term":[{"taxonomy":"category","embeddable":true,"href":"https:\/\/maringapost.com.br\/orlandogonzalez\/wp-json\/wp\/v2\/categories?post=52980"},{"taxonomy":"post_tag","embeddable":true,"href":"https:\/\/maringapost.com.br\/orlandogonzalez\/wp-json\/wp\/v2\/tags?post=52980"}],"curies":[{"name":"wp","href":"https:\/\/api.w.org\/{rel}","templated":true}]}}