{"id":52374,"date":"2021-12-19T08:05:40","date_gmt":"2021-12-19T11:05:40","guid":{"rendered":"https:\/\/maringapost.com.br\/orlandogonzalez\/?p=52374"},"modified":"2021-12-19T08:06:17","modified_gmt":"2021-12-19T11:06:17","slug":"maringa-atletismo-do-brasil-define-os-melhores-da-temporada","status":"publish","type":"post","link":"https:\/\/maringapost.com.br\/orlandogonzalez\/2021\/12\/19\/maringa-atletismo-do-brasil-define-os-melhores-da-temporada\/","title":{"rendered":"MARING\u00c1 &#8211; Atletismo do Brasil define os melhores da temporada"},"content":{"rendered":"<p style=\"margin: 0px 0px 1.3rem;font-size: 16px\"><span style=\"font-size: 24px\">A Confedera\u00e7\u00e3o Brasileira de Atletismo (CBAt) premiou na \u00faltima quinta-feira (16) \u00e0 noite, na zona oeste de S\u00e3o Paulo, os melhores da temporada na modalidade. O paulista Alison dos Santos, o Piu, e a pernambucana Erica Sena foram eleitos os atletas do ano.<img decoding=\"async\" style=\"border: 0px none;vertical-align: middle;height: 1px;width: 1px\" src=\"https:\/\/agenciabrasil.ebc.com.br\/ebc.png?id=1432796&amp;o=node\" \/><img decoding=\"async\" style=\"border: 0px none;vertical-align: middle;height: 1px;width: 1px\" src=\"https:\/\/agenciabrasil.ebc.com.br\/ebc.gif?id=1432796&amp;o=node\" \/><\/span><\/p>\n<p>&nbsp;<\/p>\n<p style=\"margin: 0px 0px 1.3rem;font-size: 16px\"><span style=\"font-size: 24px\">Alison, de 21 anos, quebrou seis vezes o recorde sul-americano dos 400 metros com barreiras e foi medalhista de bronze da prova na Olimp\u00edada de T\u00f3quio (Jap\u00e3o). Erica tamb\u00e9m competiu na capital japonesa e ficou pr\u00f3xima do p\u00f3dio dos 20 quil\u00f4metros da marcha atl\u00e9tica, mas sofreu uma puni\u00e7\u00e3o de dois minutos, poucos metros antes da chegada, que a derrubou do terceiro para o 11\u00ba lugar. A marchadora de 36 anos vive em Cuenca (Equador) e n\u00e3o p\u00f4de estar presente na cerim\u00f4nia.<\/span><\/p>\n<p style=\"margin: 0px 0px 1.3rem;font-size: 16px\"><span style=\"font-size: 24px\">A carioca Chayenne Pereira, de 21 anos e atleta ol\u00edmpica dos 400 metros com barreiras, foi eleita a revela\u00e7\u00e3o feminina, enquanto Erik Cardoso venceu o pr\u00eamio no masculino. No Campeonato Brasileiro sub-23, em setembro, o paulista de tamb\u00e9m 21 anos estabeleceu a segunda melhor marca do pa\u00eds na hist\u00f3ria dos 100 metros, cravando 10s01, a um cent\u00e9simo do recorde de Robson Caetano, que perdura desde 1988.<\/span><\/p>\n<p>&nbsp;<\/p>\n<p style=\"margin: 0px 0px 1.3rem;font-size: 16px\"><span style=\"font-size: 24px\">\u201cFicamos bem pertinho do recorde dos dez segundos, mas foi uma prova muito boa. O ano foi incr\u00edvel, tivemos resultados excelentes, viajamos para competi\u00e7\u00f5es de n\u00edvel muito forte. Sem d\u00favidas \u00e9 uma honra representar o Brasil. Eu trabalho com muita paci\u00eancia ao longo dos dias. Sei que para chegar a uma final ol\u00edmpica e conquistar uma medalha temos que estar muito bem. Quero seguir evoluindo e chegar bem em Paris [Fran\u00e7a, sede dos Jogos de 2024]\u201d, celebrou Erik em entrevista ao vivo \u00e0<span style=\"font-weight: bolder\">\u00a0TV Brasil<\/span>.<\/span><\/p>\n<p style=\"margin: 0px 0px 1.3rem;font-size: 16px\"><span style=\"font-size: 24px\">No evento tamb\u00e9m foram premiados os Atletas da Galera, escolhidos por vota\u00e7\u00e3o popular. Entre os homens o escolhido foi o paulista Renan Akamine, promessa de 15 anos dos saltos com vara e em dist\u00e2ncia. No feminino Simone Ponte Ferraz, catarinense de 31 anos e fundista dos tr\u00eas mil metros com obst\u00e1culos, foi a vencedora.<\/span><\/p>\n<p>&nbsp;<\/p>\n<p style=\"margin: 0px 0px 1.3rem;font-size: 16px\"><span style=\"font-size: 24px\">J\u00e1 o pr\u00eamio de imagem do ano foi para o momento em que o paulista Thiago Braz, campe\u00e3o ol\u00edmpico do salto com vara no Rio de Janeiro, aparece envolto pela bandeira do Brasil ap\u00f3s conquistar o bronze nos Jogos de T\u00f3quio. O registro do medalhista, que completou 28 anos justamente na \u00faltima quinta, foi feito pelo fot\u00f3grafo da CBAt, Wagner Carmo.<\/span><\/p>\n<p>&nbsp;<\/p>\n<p><span style=\"font-size: 24px\">(Texto: Lincoln Chaves\/Ag\u00eancia Brasil. Foto: Wagner Carmo\/CBAt)<\/span><\/p>\n<div class=\"dnd-widget-wrapper context-cheio_8colunas type-audio\">\n<div class=\"dnd-atom-rendered\">\n<div class=\"col-lg-12 shadow-sm sticky-element px-0 m-0 z-9\" style=\"margin: 0px !important;width: 669.984px;padding-right: 0px !important;padding-left: 0px !important;flex: 0 0 100%;max-width: 100%\">\n<div class=\"rounded-lg\" style=\"border-radius: 0.3rem !important\">\n<div class=\"player-wrapper bg-secondary\" style=\"background-color: #495057 !important\"><span class=\"mejs__offscreen\" style=\"height: 1px;width: 1px;overflow: hidden;font-size: 24px\">Audio Player<\/span><\/div>\n<div class=\"player-wrapper bg-secondary\" style=\"background-color: #495057 !important\"><\/div>\n<\/div>\n<\/div>\n<\/div>\n<\/div>\n","protected":false},"excerpt":{"rendered":"<p>A Confedera\u00e7\u00e3o Brasileira de Atletismo (CBAt) premiou na \u00faltima quinta-feira (16) \u00e0 noite, na zona oeste de S\u00e3o Paulo, os melhores da temporada na modalidade. O paulista Alison dos Santos, o Piu, e a pernambucana Erica Sena foram eleitos os atletas do ano. &nbsp; Alison, de 21 anos, quebrou seis vezes o recorde sul-americano dos [&hellip;]<\/p>\n","protected":false},"author":6307,"featured_media":52375,"comment_status":"closed","ping_status":"open","sticky":false,"template":"","format":"standard","meta":{"_exactmetrics_skip_tracking":false,"_exactmetrics_sitenote_active":false,"_exactmetrics_sitenote_note":"","_exactmetrics_sitenote_category":0,"footnotes":""},"categories":[962],"tags":[7306],"yoast_head":"<!-- This site is optimized with the Yoast SEO Premium plugin v22.7 (Yoast SEO v22.7) - https:\/\/yoast.com\/wordpress\/plugins\/seo\/ -->\n<title>MARING\u00c1 - Atletismo do Brasil define os melhores da temporada - Orlando Gonzalez<\/title>\n<meta name=\"robots\" content=\"index, follow, max-snippet:-1, max-image-preview:large, max-video-preview:-1\" \/>\n<link rel=\"canonical\" href=\"https:\/\/maringapost.com.br\/orlandogonzalez\/2021\/12\/19\/maringa-atletismo-do-brasil-define-os-melhores-da-temporada\/\" \/>\n<meta property=\"og:locale\" content=\"pt_BR\" \/>\n<meta property=\"og:type\" content=\"article\" \/>\n<meta property=\"og:title\" content=\"MARING\u00c1 - Atletismo do Brasil define os melhores da temporada\" \/>\n<meta property=\"og:description\" content=\"A Confedera\u00e7\u00e3o Brasileira de Atletismo (CBAt) premiou na \u00faltima quinta-feira (16) \u00e0 noite, na zona oeste de S\u00e3o Paulo, os melhores da temporada na modalidade. O paulista Alison dos Santos, o Piu, e a pernambucana Erica Sena foram eleitos os atletas do ano. &nbsp; Alison, de 21 anos, quebrou seis vezes o recorde sul-americano dos [&hellip;]\" \/>\n<meta property=\"og:url\" content=\"https:\/\/maringapost.com.br\/orlandogonzalez\/2021\/12\/19\/maringa-atletismo-do-brasil-define-os-melhores-da-temporada\/\" \/>\n<meta property=\"og:site_name\" content=\"Orlando Gonzalez\" \/>\n<meta property=\"article:author\" content=\"https:\/\/www.facebook.com\/profile.php?id=100011095815065\" \/>\n<meta property=\"article:published_time\" content=\"2021-12-19T11:05:40+00:00\" \/>\n<meta property=\"article:modified_time\" content=\"2021-12-19T11:06:17+00:00\" \/>\n<meta property=\"og:image\" content=\"https:\/\/maringapost.com.br\/orlandogonzalez\/wp-content\/uploads\/sites\/17\/2021\/12\/atletismobrasil.jpg\" \/>\n\t<meta property=\"og:image:width\" content=\"1170\" \/>\n\t<meta property=\"og:image:height\" content=\"700\" \/>\n\t<meta property=\"og:image:type\" content=\"image\/jpeg\" \/>\n<meta name=\"author\" content=\"Orlando Gonzalez\" \/>\n<meta name=\"twitter:card\" content=\"summary_large_image\" \/>\n<meta name=\"twitter:creator\" content=\"@gonzalezorlando\" \/>\n<meta name=\"twitter:label1\" content=\"Escrito por\" \/>\n\t<meta name=\"twitter:data1\" content=\"\" \/>\n\t<meta name=\"twitter:label2\" content=\"Est. tempo de leitura\" \/>\n\t<meta name=\"twitter:data2\" content=\"3 minutos\" \/>\n<script type=\"application\/ld+json\" class=\"yoast-schema-graph\">{\"@context\":\"https:\/\/schema.org\",\"@graph\":[{\"@type\":\"WebPage\",\"@id\":\"https:\/\/maringapost.com.br\/orlandogonzalez\/2021\/12\/19\/maringa-atletismo-do-brasil-define-os-melhores-da-temporada\/\",\"url\":\"https:\/\/maringapost.com.br\/orlandogonzalez\/2021\/12\/19\/maringa-atletismo-do-brasil-define-os-melhores-da-temporada\/\",\"name\":\"MARING\u00c1 - Atletismo do Brasil define os melhores da temporada - Orlando Gonzalez\",\"isPartOf\":{\"@id\":\"https:\/\/maringapost.com.br\/orlandogonzalez\/#website\"},\"primaryImageOfPage\":{\"@id\":\"https:\/\/maringapost.com.br\/orlandogonzalez\/2021\/12\/19\/maringa-atletismo-do-brasil-define-os-melhores-da-temporada\/#primaryimage\"},\"image\":{\"@id\":\"https:\/\/maringapost.com.br\/orlandogonzalez\/2021\/12\/19\/maringa-atletismo-do-brasil-define-os-melhores-da-temporada\/#primaryimage\"},\"thumbnailUrl\":\"https:\/\/maringapost.com.br\/orlandogonzalez\/wp-content\/uploads\/sites\/17\/2021\/12\/atletismobrasil.jpg\",\"datePublished\":\"2021-12-19T11:05:40+00:00\",\"dateModified\":\"2021-12-19T11:06:17+00:00\",\"author\":{\"@id\":\"https:\/\/maringapost.com.br\/orlandogonzalez\/#\/schema\/person\/5cbe6257d08edea6afc9ebaa613b0633\"},\"inLanguage\":\"pt-BR\",\"potentialAction\":[{\"@type\":\"ReadAction\",\"target\":[\"https:\/\/maringapost.com.br\/orlandogonzalez\/2021\/12\/19\/maringa-atletismo-do-brasil-define-os-melhores-da-temporada\/\"]}]},{\"@type\":\"ImageObject\",\"inLanguage\":\"pt-BR\",\"@id\":\"https:\/\/maringapost.com.br\/orlandogonzalez\/2021\/12\/19\/maringa-atletismo-do-brasil-define-os-melhores-da-temporada\/#primaryimage\",\"url\":\"https:\/\/maringapost.com.br\/orlandogonzalez\/wp-content\/uploads\/sites\/17\/2021\/12\/atletismobrasil.jpg\",\"contentUrl\":\"https:\/\/maringapost.com.br\/orlandogonzalez\/wp-content\/uploads\/sites\/17\/2021\/12\/atletismobrasil.jpg\",\"width\":1170,\"height\":700},{\"@type\":\"WebSite\",\"@id\":\"https:\/\/maringapost.com.br\/orlandogonzalez\/#website\",\"url\":\"https:\/\/maringapost.com.br\/orlandogonzalez\/\",\"name\":\"Orlando Gonzalez\",\"description\":\"Destaca o esporte de Maring\u00e1! Destaca o esporte do Paran\u00e1! Destaca o esporte do Brasil!\",\"potentialAction\":[{\"@type\":\"SearchAction\",\"target\":{\"@type\":\"EntryPoint\",\"urlTemplate\":\"https:\/\/maringapost.com.br\/orlandogonzalez\/?s={search_term_string}\"},\"query-input\":\"required name=search_term_string\"}],\"inLanguage\":\"pt-BR\"},{\"@type\":\"Person\",\"@id\":\"https:\/\/maringapost.com.br\/orlandogonzalez\/#\/schema\/person\/5cbe6257d08edea6afc9ebaa613b0633\",\"name\":\"Orlando Gonzalez\",\"image\":{\"@type\":\"ImageObject\",\"inLanguage\":\"pt-BR\",\"@id\":\"https:\/\/maringapost.com.br\/orlandogonzalez\/#\/schema\/person\/image\/\",\"url\":\"https:\/\/secure.gravatar.com\/avatar\/ecef9d1c9afe5ebdafadde8369065ba5?s=96&d=mm&r=g\",\"contentUrl\":\"https:\/\/secure.gravatar.com\/avatar\/ecef9d1c9afe5ebdafadde8369065ba5?s=96&d=mm&r=g\",\"caption\":\"Orlando Gonzalez\"},\"description\":\"H\u00e1 29 anos na cobertura do esporte de Maring\u00e1. Plant\u00e3o e narrador esportivo. Presta\u00e7\u00e3o de assessoria de imprensa esportiva, cobertura e transmiss\u00f5es ao vivo de eventos esportivos. E-mail: orlandogonzalez.assessoria@gmail.com WhatsApp: (44) 9 9126-6119\",\"sameAs\":[\"http:\/\/www.radiomaringa.com.br\/\",\"https:\/\/www.facebook.com\/profile.php?id=100011095815065\",\"https:\/\/www.instagram.com\/orlandomgonzalez\/\",\"https:\/\/br.pinterest.com\/ogonzalez0530\/\",\"https:\/\/x.com\/gonzalezorlando\",\"https:\/\/www.youtube.com\/channel\/UCvFpl55btth8wjnKiSS1ibA\",\"https:\/\/radiomaringaweb.tumblr.com\/\"],\"url\":\"https:\/\/maringapost.com.br\/orlandogonzalez\/author\/orlando\/\"}]}<\/script>\n<!-- \/ Yoast SEO Premium plugin. -->","yoast_head_json":{"title":"MARING\u00c1 - Atletismo do Brasil define os melhores da temporada - Orlando Gonzalez","robots":{"index":"index","follow":"follow","max-snippet":"max-snippet:-1","max-image-preview":"max-image-preview:large","max-video-preview":"max-video-preview:-1"},"canonical":"https:\/\/maringapost.com.br\/orlandogonzalez\/2021\/12\/19\/maringa-atletismo-do-brasil-define-os-melhores-da-temporada\/","og_locale":"pt_BR","og_type":"article","og_title":"MARING\u00c1 - Atletismo do Brasil define os melhores da temporada","og_description":"A Confedera\u00e7\u00e3o Brasileira de Atletismo (CBAt) premiou na \u00faltima quinta-feira (16) \u00e0 noite, na zona oeste de S\u00e3o Paulo, os melhores da temporada na modalidade. O paulista Alison dos Santos, o Piu, e a pernambucana Erica Sena foram eleitos os atletas do ano. &nbsp; Alison, de 21 anos, quebrou seis vezes o recorde sul-americano dos [&hellip;]","og_url":"https:\/\/maringapost.com.br\/orlandogonzalez\/2021\/12\/19\/maringa-atletismo-do-brasil-define-os-melhores-da-temporada\/","og_site_name":"Orlando Gonzalez","article_author":"https:\/\/www.facebook.com\/profile.php?id=100011095815065","article_published_time":"2021-12-19T11:05:40+00:00","article_modified_time":"2021-12-19T11:06:17+00:00","og_image":[{"width":1170,"height":700,"url":"https:\/\/maringapost.com.br\/orlandogonzalez\/wp-content\/uploads\/sites\/17\/2021\/12\/atletismobrasil.jpg","type":"image\/jpeg"}],"author":"Orlando Gonzalez","twitter_card":"summary_large_image","twitter_creator":"@gonzalezorlando","twitter_misc":{"Escrito por":false,"Est. tempo de leitura":"3 minutos"},"schema":{"@context":"https:\/\/schema.org","@graph":[{"@type":"WebPage","@id":"https:\/\/maringapost.com.br\/orlandogonzalez\/2021\/12\/19\/maringa-atletismo-do-brasil-define-os-melhores-da-temporada\/","url":"https:\/\/maringapost.com.br\/orlandogonzalez\/2021\/12\/19\/maringa-atletismo-do-brasil-define-os-melhores-da-temporada\/","name":"MARING\u00c1 - Atletismo do Brasil define os melhores da temporada - Orlando Gonzalez","isPartOf":{"@id":"https:\/\/maringapost.com.br\/orlandogonzalez\/#website"},"primaryImageOfPage":{"@id":"https:\/\/maringapost.com.br\/orlandogonzalez\/2021\/12\/19\/maringa-atletismo-do-brasil-define-os-melhores-da-temporada\/#primaryimage"},"image":{"@id":"https:\/\/maringapost.com.br\/orlandogonzalez\/2021\/12\/19\/maringa-atletismo-do-brasil-define-os-melhores-da-temporada\/#primaryimage"},"thumbnailUrl":"https:\/\/maringapost.com.br\/orlandogonzalez\/wp-content\/uploads\/sites\/17\/2021\/12\/atletismobrasil.jpg","datePublished":"2021-12-19T11:05:40+00:00","dateModified":"2021-12-19T11:06:17+00:00","author":{"@id":"https:\/\/maringapost.com.br\/orlandogonzalez\/#\/schema\/person\/5cbe6257d08edea6afc9ebaa613b0633"},"inLanguage":"pt-BR","potentialAction":[{"@type":"ReadAction","target":["https:\/\/maringapost.com.br\/orlandogonzalez\/2021\/12\/19\/maringa-atletismo-do-brasil-define-os-melhores-da-temporada\/"]}]},{"@type":"ImageObject","inLanguage":"pt-BR","@id":"https:\/\/maringapost.com.br\/orlandogonzalez\/2021\/12\/19\/maringa-atletismo-do-brasil-define-os-melhores-da-temporada\/#primaryimage","url":"https:\/\/maringapost.com.br\/orlandogonzalez\/wp-content\/uploads\/sites\/17\/2021\/12\/atletismobrasil.jpg","contentUrl":"https:\/\/maringapost.com.br\/orlandogonzalez\/wp-content\/uploads\/sites\/17\/2021\/12\/atletismobrasil.jpg","width":1170,"height":700},{"@type":"WebSite","@id":"https:\/\/maringapost.com.br\/orlandogonzalez\/#website","url":"https:\/\/maringapost.com.br\/orlandogonzalez\/","name":"Orlando Gonzalez","description":"Destaca o esporte de Maring\u00e1! Destaca o esporte do Paran\u00e1! Destaca o esporte do Brasil!","potentialAction":[{"@type":"SearchAction","target":{"@type":"EntryPoint","urlTemplate":"https:\/\/maringapost.com.br\/orlandogonzalez\/?s={search_term_string}"},"query-input":"required name=search_term_string"}],"inLanguage":"pt-BR"},{"@type":"Person","@id":"https:\/\/maringapost.com.br\/orlandogonzalez\/#\/schema\/person\/5cbe6257d08edea6afc9ebaa613b0633","name":"Orlando Gonzalez","image":{"@type":"ImageObject","inLanguage":"pt-BR","@id":"https:\/\/maringapost.com.br\/orlandogonzalez\/#\/schema\/person\/image\/","url":"https:\/\/secure.gravatar.com\/avatar\/ecef9d1c9afe5ebdafadde8369065ba5?s=96&d=mm&r=g","contentUrl":"https:\/\/secure.gravatar.com\/avatar\/ecef9d1c9afe5ebdafadde8369065ba5?s=96&d=mm&r=g","caption":"Orlando Gonzalez"},"description":"H\u00e1 29 anos na cobertura do esporte de Maring\u00e1. Plant\u00e3o e narrador esportivo. Presta\u00e7\u00e3o de assessoria de imprensa esportiva, cobertura e transmiss\u00f5es ao vivo de eventos esportivos. E-mail: orlandogonzalez.assessoria@gmail.com WhatsApp: (44) 9 9126-6119","sameAs":["http:\/\/www.radiomaringa.com.br\/","https:\/\/www.facebook.com\/profile.php?id=100011095815065","https:\/\/www.instagram.com\/orlandomgonzalez\/","https:\/\/br.pinterest.com\/ogonzalez0530\/","https:\/\/x.com\/gonzalezorlando","https:\/\/www.youtube.com\/channel\/UCvFpl55btth8wjnKiSS1ibA","https:\/\/radiomaringaweb.tumblr.com\/"],"url":"https:\/\/maringapost.com.br\/orlandogonzalez\/author\/orlando\/"}]}},"_links":{"self":[{"href":"https:\/\/maringapost.com.br\/orlandogonzalez\/wp-json\/wp\/v2\/posts\/52374"}],"collection":[{"href":"https:\/\/maringapost.com.br\/orlandogonzalez\/wp-json\/wp\/v2\/posts"}],"about":[{"href":"https:\/\/maringapost.com.br\/orlandogonzalez\/wp-json\/wp\/v2\/types\/post"}],"author":[{"embeddable":true,"href":"https:\/\/maringapost.com.br\/orlandogonzalez\/wp-json\/wp\/v2\/users\/6307"}],"replies":[{"embeddable":true,"href":"https:\/\/maringapost.com.br\/orlandogonzalez\/wp-json\/wp\/v2\/comments?post=52374"}],"version-history":[{"count":2,"href":"https:\/\/maringapost.com.br\/orlandogonzalez\/wp-json\/wp\/v2\/posts\/52374\/revisions"}],"predecessor-version":[{"id":52377,"href":"https:\/\/maringapost.com.br\/orlandogonzalez\/wp-json\/wp\/v2\/posts\/52374\/revisions\/52377"}],"wp:featuredmedia":[{"embeddable":true,"href":"https:\/\/maringapost.com.br\/orlandogonzalez\/wp-json\/wp\/v2\/media\/52375"}],"wp:attachment":[{"href":"https:\/\/maringapost.com.br\/orlandogonzalez\/wp-json\/wp\/v2\/media?parent=52374"}],"wp:term":[{"taxonomy":"category","embeddable":true,"href":"https:\/\/maringapost.com.br\/orlandogonzalez\/wp-json\/wp\/v2\/categories?post=52374"},{"taxonomy":"post_tag","embeddable":true,"href":"https:\/\/maringapost.com.br\/orlandogonzalez\/wp-json\/wp\/v2\/tags?post=52374"}],"curies":[{"name":"wp","href":"https:\/\/api.w.org\/{rel}","templated":true}]}}