{"id":52354,"date":"2021-12-15T09:10:27","date_gmt":"2021-12-15T12:10:27","guid":{"rendered":"https:\/\/maringapost.com.br\/orlandogonzalez\/?p=52354"},"modified":"2021-12-15T09:10:27","modified_gmt":"2021-12-15T12:10:27","slug":"maringa-athletico-pr-e-atletico-mg-decidem-a-copa-intelbras-do-brasil","status":"publish","type":"post","link":"https:\/\/maringapost.com.br\/orlandogonzalez\/2021\/12\/15\/maringa-athletico-pr-e-atletico-mg-decidem-a-copa-intelbras-do-brasil\/","title":{"rendered":"MARING\u00c1 &#8211; Athletico-PR e Atl\u00e9tico-MG decidem a Copa Intelbras do Brasil"},"content":{"rendered":"<p><span style=\"font-size: 24px\"><span style=\"color: #343434;font-family: Poppins, sans-serif\">Tudo pronto! Nesta quarta-feira (15), a bola rola para o jogo de volta da\u00a0<\/span><span style=\"color: #343434;font-family: Poppins, sans-serif\">Final da Copa Intelbras do Brasil 2021<\/span><span style=\"color: #343434;font-family: Poppins, sans-serif\">. Depois de perder por 4 a 0 na ida, o\u00a0<\/span><span style=\"color: #343434;font-family: Poppins, sans-serif\">Athletico Paranaense<\/span><span style=\"color: #343434;font-family: Poppins, sans-serif\">\u00a0recebe o\u00a0<\/span><span style=\"color: #343434;font-family: Poppins, sans-serif\">Atl\u00e9tico-MG<\/span><span style=\"color: #343434;font-family: Poppins, sans-serif\">\u00a0na Arena da Baixada, em Curitiba (PR). A partida est\u00e1 marcada para as 21h30, com transmiss\u00e3o ao vivo da Rede Globo e do Sportv.<\/span><\/span><\/p>\n<p style=\"margin: 0px 0px 20px;line-height: 30px;font-size: 16px;color: #343434;font-family: Poppins, sans-serif\"><span style=\"font-size: 24px\">Um dia antes da final, jogadores e t\u00e9cnicos das duas equipes participaram das entrevistas coletivas oficiais da decis\u00e3o. Na Arena da Baixada, palco da final, os representantes de Galo e Furac\u00e3o puderam dar um pouco do clima da partida, que re\u00fane cautela do lado mineiro e esperan\u00e7a do lado paranaense.<\/span><\/p>\n<p style=\"margin: 0px 0px 20px;line-height: 30px;font-size: 16px;color: #343434;font-family: Poppins, sans-serif\"><span style=\"font-size: 24px\">A miss\u00e3o n\u00e3o \u00e9 f\u00e1cil, mas pelo lado do Athletico ningu\u00e9m quer pensar em desistir. Pelo menos foi essa a mensagem passada pelo zagueiro\u00a0<span>Pedro Henrique<\/span>, que deu a receita para buscar essa rea\u00e7\u00e3o.<\/span><\/p>\n<p style=\"margin: 0px 0px 20px;line-height: 30px;font-size: 16px;color: #343434;font-family: Poppins, sans-serif\"><span style=\"font-size: 24px\">&#8220;Temos que entrar com a mesma mentalidade, for\u00e7a mental, n\u00e3o perder a cabe\u00e7a. \u00c9 um resultado el\u00e1stico, mas nada \u00e9 imposs\u00edvel. Mentalmente temos que estar fortes, n\u00e3o deixar o Atl\u00e9tico jogar, e ter muita ra\u00e7a, muita dedica\u00e7\u00e3o. Porque \u00e9 o que esse jogo pede&#8221;, afirmou o zagueiro.<\/span><\/p>\n<p style=\"margin: 0px 0px 20px;line-height: 30px;font-size: 16px;color: #343434;font-family: Poppins, sans-serif\"><span style=\"font-size: 24px\">A fala de Pedro Henrique encontrou coro na declara\u00e7\u00e3o de\u00a0<span>Alberto Valentim<\/span>, que preferiu ser ainda mais pragm\u00e1tico em sua f\u00f3rmula. Antes de pensar em reverter a vantagem do Galo, o treinador quer que o Furac\u00e3o ven\u00e7a o jogo, para depois pensar no t\u00edtulo.<\/span><\/p>\n<p style=\"margin: 0px 0px 20px;line-height: 30px;font-size: 16px;color: #343434;font-family: Poppins, sans-serif\"><span style=\"font-size: 24px\">&#8220;Vamos nos preparar para vencer a partida. Vai ser um time aguerrido, de ra\u00e7a, com a identidade do Athletico aqui dentro da Arena. Um time que vai buscar a vit\u00f3ria, com todas as nossas for\u00e7as. Depois, vamos ver o placar&#8221;, disse Valentim.<\/span><\/p>\n<p style=\"margin: 0px 0px 20px;line-height: 30px;font-size: 16px;color: #343434;font-family: Poppins, sans-serif\"><span style=\"font-size: 24px\">Com a vantagem a seu favor, o t\u00e9cnico\u00a0<span>Cuca<\/span>\u00a0n\u00e3o quer ver o Galo diminuir o ritmo na partida de volta da decis\u00e3o. Experiente, o treinador sabe que no futebol tudo pode acontecer, e quer o Atl\u00e9tico ligado na Arena da Baixada.<\/span><\/p>\n<p style=\"margin: 0px 0px 20px;line-height: 30px;font-size: 16px;color: #343434;font-family: Poppins, sans-serif\"><span style=\"font-size: 24px\">&#8220;A gente se sente realizado pelo trabalho, mas falta essa \u00faltima p\u00e1gina que \u00e9 amanh\u00e3. \u00c9 fazer um grande jogo, mas sabendo que vai ser um jogo duro. Foi 4 a 0? Foi, conquistamos isso. Mas com 40 mil na casa do advers\u00e1rio, tem que saber entender o jogo&#8221;, pontuou Cuca.<\/span><\/p>\n<p style=\"margin: 0px 0px 20px;line-height: 30px;font-size: 16px;color: #343434;font-family: Poppins, sans-serif\"><span style=\"font-size: 24px\">Em 2021, o Atl\u00e9tico-MG j\u00e1 conquistou o Campeonato Mineiro e o Brasileir\u00e3o Assa\u00ed. Capit\u00e3o do time e amigo de Cuca desde o trabalho do t\u00e9cnico em 2013, no pr\u00f3prio Galo, o zagueiro\u00a0<span>R\u00e9ver<\/span>\u00a0creditou ao treinador a for\u00e7a mental do time para n\u00e3o perder o foco em momentos como esse.\u00a0<\/span><\/p>\n<p style=\"margin: 0px 0px 20px;line-height: 30px;font-size: 16px;color: #343434;font-family: Poppins, sans-serif\"><span style=\"font-size: 24px\">&#8220;O segredo est\u00e1 aqui do meu lado. O homem administra bem nosso dia a dia, com seu staff, com a diretoria. Cuca tem feito isso muito bem. E a prova disso \u00e9 que chegamos em todas as competi\u00e7\u00f5es que disputamos. Estamos em mais uma final, um jogo decisivo para n\u00f3s. O Cuca \u00e9 um especialista&#8221;, detalhou R\u00e9ver.<\/span><\/p>\n<p style=\"margin: 0px 0px 20px;line-height: 30px;font-size: 16px;color: #343434;font-family: Poppins, sans-serif\"><span style=\"font-size: 24px\">(Texto: CBF. Foto: Lucas Figueiredo\/CBF)<\/span><\/p>\n","protected":false},"excerpt":{"rendered":"<p>Tudo pronto! Nesta quarta-feira (15), a bola rola para o jogo de volta da\u00a0Final da Copa Intelbras do Brasil 2021. Depois de perder por 4 a 0 na ida, o\u00a0Athletico Paranaense\u00a0recebe o\u00a0Atl\u00e9tico-MG\u00a0na Arena da Baixada, em Curitiba (PR). A partida est\u00e1 marcada para as 21h30, com transmiss\u00e3o ao vivo da Rede Globo e do Sportv. [&hellip;]<\/p>\n","protected":false},"author":6307,"featured_media":52355,"comment_status":"closed","ping_status":"open","sticky":false,"template":"","format":"standard","meta":{"_exactmetrics_skip_tracking":false,"_exactmetrics_sitenote_active":false,"_exactmetrics_sitenote_note":"","_exactmetrics_sitenote_category":0,"footnotes":""},"categories":[1505],"tags":[93],"yoast_head":"<!-- This site is optimized with the Yoast SEO Premium plugin v22.7 (Yoast SEO v22.7) - https:\/\/yoast.com\/wordpress\/plugins\/seo\/ -->\n<title>MARING\u00c1 - Athletico-PR e Atl\u00e9tico-MG decidem a Copa Intelbras do Brasil - Orlando Gonzalez<\/title>\n<meta name=\"robots\" content=\"index, follow, max-snippet:-1, max-image-preview:large, max-video-preview:-1\" \/>\n<link rel=\"canonical\" href=\"https:\/\/maringapost.com.br\/orlandogonzalez\/2021\/12\/15\/maringa-athletico-pr-e-atletico-mg-decidem-a-copa-intelbras-do-brasil\/\" \/>\n<meta property=\"og:locale\" content=\"pt_BR\" \/>\n<meta property=\"og:type\" content=\"article\" \/>\n<meta property=\"og:title\" content=\"MARING\u00c1 - Athletico-PR e Atl\u00e9tico-MG decidem a Copa Intelbras do Brasil\" \/>\n<meta property=\"og:description\" content=\"Tudo pronto! Nesta quarta-feira (15), a bola rola para o jogo de volta da\u00a0Final da Copa Intelbras do Brasil 2021. Depois de perder por 4 a 0 na ida, o\u00a0Athletico Paranaense\u00a0recebe o\u00a0Atl\u00e9tico-MG\u00a0na Arena da Baixada, em Curitiba (PR). A partida est\u00e1 marcada para as 21h30, com transmiss\u00e3o ao vivo da Rede Globo e do Sportv. [&hellip;]\" \/>\n<meta property=\"og:url\" content=\"https:\/\/maringapost.com.br\/orlandogonzalez\/2021\/12\/15\/maringa-athletico-pr-e-atletico-mg-decidem-a-copa-intelbras-do-brasil\/\" \/>\n<meta property=\"og:site_name\" content=\"Orlando Gonzalez\" \/>\n<meta property=\"article:author\" content=\"https:\/\/www.facebook.com\/profile.php?id=100011095815065\" \/>\n<meta property=\"article:published_time\" content=\"2021-12-15T12:10:27+00:00\" \/>\n<meta property=\"og:image\" content=\"https:\/\/maringapost.com.br\/orlandogonzalez\/wp-content\/uploads\/sites\/17\/2021\/12\/final_copadobrasil.jpeg\" \/>\n\t<meta property=\"og:image:width\" content=\"910\" \/>\n\t<meta property=\"og:image:height\" content=\"607\" \/>\n\t<meta property=\"og:image:type\" content=\"image\/jpeg\" \/>\n<meta name=\"author\" content=\"Orlando Gonzalez\" \/>\n<meta name=\"twitter:card\" content=\"summary_large_image\" \/>\n<meta name=\"twitter:creator\" content=\"@gonzalezorlando\" \/>\n<meta name=\"twitter:label1\" content=\"Escrito por\" \/>\n\t<meta name=\"twitter:data1\" content=\"\" \/>\n\t<meta name=\"twitter:label2\" content=\"Est. tempo de leitura\" \/>\n\t<meta name=\"twitter:data2\" content=\"3 minutos\" \/>\n<script type=\"application\/ld+json\" class=\"yoast-schema-graph\">{\"@context\":\"https:\/\/schema.org\",\"@graph\":[{\"@type\":\"WebPage\",\"@id\":\"https:\/\/maringapost.com.br\/orlandogonzalez\/2021\/12\/15\/maringa-athletico-pr-e-atletico-mg-decidem-a-copa-intelbras-do-brasil\/\",\"url\":\"https:\/\/maringapost.com.br\/orlandogonzalez\/2021\/12\/15\/maringa-athletico-pr-e-atletico-mg-decidem-a-copa-intelbras-do-brasil\/\",\"name\":\"MARING\u00c1 - Athletico-PR e Atl\u00e9tico-MG decidem a Copa Intelbras do Brasil - Orlando Gonzalez\",\"isPartOf\":{\"@id\":\"https:\/\/maringapost.com.br\/orlandogonzalez\/#website\"},\"primaryImageOfPage\":{\"@id\":\"https:\/\/maringapost.com.br\/orlandogonzalez\/2021\/12\/15\/maringa-athletico-pr-e-atletico-mg-decidem-a-copa-intelbras-do-brasil\/#primaryimage\"},\"image\":{\"@id\":\"https:\/\/maringapost.com.br\/orlandogonzalez\/2021\/12\/15\/maringa-athletico-pr-e-atletico-mg-decidem-a-copa-intelbras-do-brasil\/#primaryimage\"},\"thumbnailUrl\":\"https:\/\/maringapost.com.br\/orlandogonzalez\/wp-content\/uploads\/sites\/17\/2021\/12\/final_copadobrasil.jpeg\",\"datePublished\":\"2021-12-15T12:10:27+00:00\",\"dateModified\":\"2021-12-15T12:10:27+00:00\",\"author\":{\"@id\":\"https:\/\/maringapost.com.br\/orlandogonzalez\/#\/schema\/person\/5cbe6257d08edea6afc9ebaa613b0633\"},\"inLanguage\":\"pt-BR\",\"potentialAction\":[{\"@type\":\"ReadAction\",\"target\":[\"https:\/\/maringapost.com.br\/orlandogonzalez\/2021\/12\/15\/maringa-athletico-pr-e-atletico-mg-decidem-a-copa-intelbras-do-brasil\/\"]}]},{\"@type\":\"ImageObject\",\"inLanguage\":\"pt-BR\",\"@id\":\"https:\/\/maringapost.com.br\/orlandogonzalez\/2021\/12\/15\/maringa-athletico-pr-e-atletico-mg-decidem-a-copa-intelbras-do-brasil\/#primaryimage\",\"url\":\"https:\/\/maringapost.com.br\/orlandogonzalez\/wp-content\/uploads\/sites\/17\/2021\/12\/final_copadobrasil.jpeg\",\"contentUrl\":\"https:\/\/maringapost.com.br\/orlandogonzalez\/wp-content\/uploads\/sites\/17\/2021\/12\/final_copadobrasil.jpeg\",\"width\":910,\"height\":607},{\"@type\":\"WebSite\",\"@id\":\"https:\/\/maringapost.com.br\/orlandogonzalez\/#website\",\"url\":\"https:\/\/maringapost.com.br\/orlandogonzalez\/\",\"name\":\"Orlando Gonzalez\",\"description\":\"Destaca o esporte de Maring\u00e1! Destaca o esporte do Paran\u00e1! Destaca o esporte do Brasil!\",\"potentialAction\":[{\"@type\":\"SearchAction\",\"target\":{\"@type\":\"EntryPoint\",\"urlTemplate\":\"https:\/\/maringapost.com.br\/orlandogonzalez\/?s={search_term_string}\"},\"query-input\":\"required name=search_term_string\"}],\"inLanguage\":\"pt-BR\"},{\"@type\":\"Person\",\"@id\":\"https:\/\/maringapost.com.br\/orlandogonzalez\/#\/schema\/person\/5cbe6257d08edea6afc9ebaa613b0633\",\"name\":\"Orlando Gonzalez\",\"image\":{\"@type\":\"ImageObject\",\"inLanguage\":\"pt-BR\",\"@id\":\"https:\/\/maringapost.com.br\/orlandogonzalez\/#\/schema\/person\/image\/\",\"url\":\"https:\/\/secure.gravatar.com\/avatar\/ecef9d1c9afe5ebdafadde8369065ba5?s=96&d=mm&r=g\",\"contentUrl\":\"https:\/\/secure.gravatar.com\/avatar\/ecef9d1c9afe5ebdafadde8369065ba5?s=96&d=mm&r=g\",\"caption\":\"Orlando Gonzalez\"},\"description\":\"H\u00e1 29 anos na cobertura do esporte de Maring\u00e1. Plant\u00e3o e narrador esportivo. Presta\u00e7\u00e3o de assessoria de imprensa esportiva, cobertura e transmiss\u00f5es ao vivo de eventos esportivos. E-mail: orlandogonzalez.assessoria@gmail.com WhatsApp: (44) 9 9126-6119\",\"sameAs\":[\"http:\/\/www.radiomaringa.com.br\/\",\"https:\/\/www.facebook.com\/profile.php?id=100011095815065\",\"https:\/\/www.instagram.com\/orlandomgonzalez\/\",\"https:\/\/br.pinterest.com\/ogonzalez0530\/\",\"https:\/\/x.com\/gonzalezorlando\",\"https:\/\/www.youtube.com\/channel\/UCvFpl55btth8wjnKiSS1ibA\",\"https:\/\/radiomaringaweb.tumblr.com\/\"],\"url\":\"https:\/\/maringapost.com.br\/orlandogonzalez\/author\/orlando\/\"}]}<\/script>\n<!-- \/ Yoast SEO Premium plugin. -->","yoast_head_json":{"title":"MARING\u00c1 - Athletico-PR e Atl\u00e9tico-MG decidem a Copa Intelbras do Brasil - Orlando Gonzalez","robots":{"index":"index","follow":"follow","max-snippet":"max-snippet:-1","max-image-preview":"max-image-preview:large","max-video-preview":"max-video-preview:-1"},"canonical":"https:\/\/maringapost.com.br\/orlandogonzalez\/2021\/12\/15\/maringa-athletico-pr-e-atletico-mg-decidem-a-copa-intelbras-do-brasil\/","og_locale":"pt_BR","og_type":"article","og_title":"MARING\u00c1 - Athletico-PR e Atl\u00e9tico-MG decidem a Copa Intelbras do Brasil","og_description":"Tudo pronto! Nesta quarta-feira (15), a bola rola para o jogo de volta da\u00a0Final da Copa Intelbras do Brasil 2021. Depois de perder por 4 a 0 na ida, o\u00a0Athletico Paranaense\u00a0recebe o\u00a0Atl\u00e9tico-MG\u00a0na Arena da Baixada, em Curitiba (PR). A partida est\u00e1 marcada para as 21h30, com transmiss\u00e3o ao vivo da Rede Globo e do Sportv. [&hellip;]","og_url":"https:\/\/maringapost.com.br\/orlandogonzalez\/2021\/12\/15\/maringa-athletico-pr-e-atletico-mg-decidem-a-copa-intelbras-do-brasil\/","og_site_name":"Orlando Gonzalez","article_author":"https:\/\/www.facebook.com\/profile.php?id=100011095815065","article_published_time":"2021-12-15T12:10:27+00:00","og_image":[{"width":910,"height":607,"url":"https:\/\/maringapost.com.br\/orlandogonzalez\/wp-content\/uploads\/sites\/17\/2021\/12\/final_copadobrasil.jpeg","type":"image\/jpeg"}],"author":"Orlando Gonzalez","twitter_card":"summary_large_image","twitter_creator":"@gonzalezorlando","twitter_misc":{"Escrito por":false,"Est. tempo de leitura":"3 minutos"},"schema":{"@context":"https:\/\/schema.org","@graph":[{"@type":"WebPage","@id":"https:\/\/maringapost.com.br\/orlandogonzalez\/2021\/12\/15\/maringa-athletico-pr-e-atletico-mg-decidem-a-copa-intelbras-do-brasil\/","url":"https:\/\/maringapost.com.br\/orlandogonzalez\/2021\/12\/15\/maringa-athletico-pr-e-atletico-mg-decidem-a-copa-intelbras-do-brasil\/","name":"MARING\u00c1 - Athletico-PR e Atl\u00e9tico-MG decidem a Copa Intelbras do Brasil - Orlando Gonzalez","isPartOf":{"@id":"https:\/\/maringapost.com.br\/orlandogonzalez\/#website"},"primaryImageOfPage":{"@id":"https:\/\/maringapost.com.br\/orlandogonzalez\/2021\/12\/15\/maringa-athletico-pr-e-atletico-mg-decidem-a-copa-intelbras-do-brasil\/#primaryimage"},"image":{"@id":"https:\/\/maringapost.com.br\/orlandogonzalez\/2021\/12\/15\/maringa-athletico-pr-e-atletico-mg-decidem-a-copa-intelbras-do-brasil\/#primaryimage"},"thumbnailUrl":"https:\/\/maringapost.com.br\/orlandogonzalez\/wp-content\/uploads\/sites\/17\/2021\/12\/final_copadobrasil.jpeg","datePublished":"2021-12-15T12:10:27+00:00","dateModified":"2021-12-15T12:10:27+00:00","author":{"@id":"https:\/\/maringapost.com.br\/orlandogonzalez\/#\/schema\/person\/5cbe6257d08edea6afc9ebaa613b0633"},"inLanguage":"pt-BR","potentialAction":[{"@type":"ReadAction","target":["https:\/\/maringapost.com.br\/orlandogonzalez\/2021\/12\/15\/maringa-athletico-pr-e-atletico-mg-decidem-a-copa-intelbras-do-brasil\/"]}]},{"@type":"ImageObject","inLanguage":"pt-BR","@id":"https:\/\/maringapost.com.br\/orlandogonzalez\/2021\/12\/15\/maringa-athletico-pr-e-atletico-mg-decidem-a-copa-intelbras-do-brasil\/#primaryimage","url":"https:\/\/maringapost.com.br\/orlandogonzalez\/wp-content\/uploads\/sites\/17\/2021\/12\/final_copadobrasil.jpeg","contentUrl":"https:\/\/maringapost.com.br\/orlandogonzalez\/wp-content\/uploads\/sites\/17\/2021\/12\/final_copadobrasil.jpeg","width":910,"height":607},{"@type":"WebSite","@id":"https:\/\/maringapost.com.br\/orlandogonzalez\/#website","url":"https:\/\/maringapost.com.br\/orlandogonzalez\/","name":"Orlando Gonzalez","description":"Destaca o esporte de Maring\u00e1! Destaca o esporte do Paran\u00e1! Destaca o esporte do Brasil!","potentialAction":[{"@type":"SearchAction","target":{"@type":"EntryPoint","urlTemplate":"https:\/\/maringapost.com.br\/orlandogonzalez\/?s={search_term_string}"},"query-input":"required name=search_term_string"}],"inLanguage":"pt-BR"},{"@type":"Person","@id":"https:\/\/maringapost.com.br\/orlandogonzalez\/#\/schema\/person\/5cbe6257d08edea6afc9ebaa613b0633","name":"Orlando Gonzalez","image":{"@type":"ImageObject","inLanguage":"pt-BR","@id":"https:\/\/maringapost.com.br\/orlandogonzalez\/#\/schema\/person\/image\/","url":"https:\/\/secure.gravatar.com\/avatar\/ecef9d1c9afe5ebdafadde8369065ba5?s=96&d=mm&r=g","contentUrl":"https:\/\/secure.gravatar.com\/avatar\/ecef9d1c9afe5ebdafadde8369065ba5?s=96&d=mm&r=g","caption":"Orlando Gonzalez"},"description":"H\u00e1 29 anos na cobertura do esporte de Maring\u00e1. Plant\u00e3o e narrador esportivo. Presta\u00e7\u00e3o de assessoria de imprensa esportiva, cobertura e transmiss\u00f5es ao vivo de eventos esportivos. E-mail: orlandogonzalez.assessoria@gmail.com WhatsApp: (44) 9 9126-6119","sameAs":["http:\/\/www.radiomaringa.com.br\/","https:\/\/www.facebook.com\/profile.php?id=100011095815065","https:\/\/www.instagram.com\/orlandomgonzalez\/","https:\/\/br.pinterest.com\/ogonzalez0530\/","https:\/\/x.com\/gonzalezorlando","https:\/\/www.youtube.com\/channel\/UCvFpl55btth8wjnKiSS1ibA","https:\/\/radiomaringaweb.tumblr.com\/"],"url":"https:\/\/maringapost.com.br\/orlandogonzalez\/author\/orlando\/"}]}},"_links":{"self":[{"href":"https:\/\/maringapost.com.br\/orlandogonzalez\/wp-json\/wp\/v2\/posts\/52354"}],"collection":[{"href":"https:\/\/maringapost.com.br\/orlandogonzalez\/wp-json\/wp\/v2\/posts"}],"about":[{"href":"https:\/\/maringapost.com.br\/orlandogonzalez\/wp-json\/wp\/v2\/types\/post"}],"author":[{"embeddable":true,"href":"https:\/\/maringapost.com.br\/orlandogonzalez\/wp-json\/wp\/v2\/users\/6307"}],"replies":[{"embeddable":true,"href":"https:\/\/maringapost.com.br\/orlandogonzalez\/wp-json\/wp\/v2\/comments?post=52354"}],"version-history":[{"count":1,"href":"https:\/\/maringapost.com.br\/orlandogonzalez\/wp-json\/wp\/v2\/posts\/52354\/revisions"}],"predecessor-version":[{"id":52356,"href":"https:\/\/maringapost.com.br\/orlandogonzalez\/wp-json\/wp\/v2\/posts\/52354\/revisions\/52356"}],"wp:featuredmedia":[{"embeddable":true,"href":"https:\/\/maringapost.com.br\/orlandogonzalez\/wp-json\/wp\/v2\/media\/52355"}],"wp:attachment":[{"href":"https:\/\/maringapost.com.br\/orlandogonzalez\/wp-json\/wp\/v2\/media?parent=52354"}],"wp:term":[{"taxonomy":"category","embeddable":true,"href":"https:\/\/maringapost.com.br\/orlandogonzalez\/wp-json\/wp\/v2\/categories?post=52354"},{"taxonomy":"post_tag","embeddable":true,"href":"https:\/\/maringapost.com.br\/orlandogonzalez\/wp-json\/wp\/v2\/tags?post=52354"}],"curies":[{"name":"wp","href":"https:\/\/api.w.org\/{rel}","templated":true}]}}