{"id":51773,"date":"2021-11-04T16:48:03","date_gmt":"2021-11-04T19:48:03","guid":{"rendered":"https:\/\/maringapost.com.br\/orlandogonzalez\/?p=51773"},"modified":"2021-11-04T16:54:41","modified_gmt":"2021-11-04T19:54:41","slug":"maringa-athletico-pr-vai-decidir-em-casa-titulo-da-copa-do-brasil","status":"publish","type":"post","link":"https:\/\/maringapost.com.br\/orlandogonzalez\/2021\/11\/04\/maringa-athletico-pr-vai-decidir-em-casa-titulo-da-copa-do-brasil\/","title":{"rendered":"MARING\u00c1 &#8211; Athletico-PR vai decidir em casa t\u00edtulo da Copa do Brasil"},"content":{"rendered":"<p style=\"margin: 0px 0px 20px;line-height: 30px;font-size: 16px;color: #343434;font-family: Poppins, sans-serif\"><span style=\"font-size: 24px\">Em sorteio realizado nesta quinta-feira (4), na sede da CBF, no Rio de Janeiro (RJ), foram definidos os mandos de campo da final da Copa Intelbras do Brasil 2021. O\u00a0Atl\u00e9tico-MG\u00a0abrir\u00e1 o confronto como mandante e o\u00a0Athletico-PR\u00a0decide a\u00a0Copa do Brasil\u00a0dentro de casa.\u00a0A final da competi\u00e7\u00e3o mais democr\u00e1tica do pa\u00eds est\u00e1 marcada para os dias 12 e 15 de dezembro.<\/span><\/p>\n<p style=\"margin: 0px 0px 20px;line-height: 30px;font-size: 16px;color: #343434;font-family: Poppins, sans-serif\"><span style=\"font-size: 24px\">Campe\u00e3o da Copa do Brasil em 2019, o Athletico-PR receber\u00e1 o Alvinegro das Minas Gerais na Arena da Baixada para tentar a conquista do seu segundo t\u00edtulo no jogo da volta. O Galo foi campe\u00e3o em 2014 e quer abrir a decis\u00e3o com o p\u00e9 direito no Mineir\u00e3o para, assim como o Rubro-Negro, somar a segunda ta\u00e7a do torneio em sua hist\u00f3ria.\u00a0O sorteio contou com a participa\u00e7\u00e3o dos t\u00e9cnicos Alberto Valentim e Cuca, de Athletico-PR e Atl\u00e9tico-MG, que falaram um pouco sobre o confronto na decis\u00e3o e o resultado do sorteio.\u00a0<\/span><\/p>\n<p style=\"margin: 0px 0px 20px;line-height: 30px;font-size: 16px;color: #343434;font-family: Poppins, sans-serif\"><span style=\"font-size: 24px\">\u201cN\u00e3o h\u00e1 regra para ser campe\u00e3o. Mas sinceramente gostar\u00edamos de definir em casa. Decidir em casa, acredito que possa ser sim. (valioso). Vai depender muito do primeiro jogo, s\u00e3o duas finais, 180 minutos de entrega total. Mas como disse antes, quer\u00edamos mesmo definir na Arena\u201d, destacou Valentim.<\/span><\/p>\n<p style=\"margin: 0px 0px 20px;line-height: 30px;font-size: 16px;color: #343434;font-family: Poppins, sans-serif\"><span style=\"font-size: 24px\">\u201cN\u00f3s j\u00e1 jogamos com o Fortaleza definindo fora e contra o Fluminense definindo em casa. Mas se eu pudesse escolher, sem d\u00favida nenhuma, queria definir em casa. Que sejam duas grandes finais. As duas equipes est\u00e3o de parab\u00e9ns por terem chegado \u00e0 final, e que ven\u00e7a a melhor\u201d, minimizou Cuca.<\/span><\/p>\n<p style=\"margin: 0px 0px 20px;line-height: 30px;font-size: 16px;color: #343434;font-family: Poppins, sans-serif\"><span style=\"font-size: 24px\">Durante a coletiva de imprensa realizada ap\u00f3s o sorteio, o respeito m\u00fatuo prevaleceu entre os comandantes . De forma breve, os t\u00e9cnicos analisaram os desafios que ter\u00e3o pela frente ao enfrentarem seus respectivos advers\u00e1rios.<\/span><\/p>\n<p style=\"margin: 0px 0px 20px;line-height: 30px;font-size: 16px;color: #343434;font-family: Poppins, sans-serif\"><span style=\"font-size: 24px\">\u201cO Athletico-PR est\u00e1 em tr\u00eas frentes. Copa do Brasil, Sul-Americana, Brasileiro. N\u00e3o \u00e9 a primeira vez que chegam, j\u00e1 \u00e9 uma afirma\u00e7\u00e3o. Ent\u00e3o requer e merecem todo um respeito nosso. \u00c9 uma equipe que tem uma maneira de jogar, Alberto tem um sistema bem adequado. At\u00e9 l\u00e1 a gente vai ter todo o tempo para entender um pouco mais do advers\u00e1rio. Dentro do Brasileiro a gente vai pegando mais confian\u00e7a, mais corpo, para chegar nos dias 12 e 15 da melhor forma poss\u00edvel\u201d, destacou o t\u00e9cnico do Galo.<\/span><\/p>\n<p style=\"margin: 0px 0px 20px;line-height: 30px;font-size: 16px;color: #343434;font-family: Poppins, sans-serif\"><span style=\"font-size: 24px\">\u201cFalar do Atl\u00e9tico-MG, todos sabem que \u00e9 um elenco fort\u00edssimo. Hoje, a condi\u00e7\u00e3o que eles est\u00e3o no Campeonato Brasileiro, al\u00e9m das val\u00eancias individuais, tem muito a cara do Cuca, daquilo que ele vem fazendo. Ainda est\u00e1 muito longe (a decis\u00e3o), mas vamos estudando, porque somos o \u00fanico time brasileiro que est\u00e1 disputando tr\u00eas competi\u00e7\u00f5es. Mais pra frente vamos analisar a forma como est\u00e3o jogando, a forma\u00e7\u00e3o, para a gente fortalecer bem o nosso lado\u201d, explicou o treinado do Furac\u00e3o.<\/span><\/p>\n<h3 style=\"font-family: Poppins, sans-serif;font-weight: 500;line-height: 1.1;color: #003999;margin: 0px;font-size: 20px;letter-spacing: 0.02em\"><span style=\"font-size: 24px\">FINAL DA COPA DO BRASIL<\/span><\/h3>\n<p style=\"margin: 0px 0px 20px;line-height: 30px;font-size: 16px;color: #343434;font-family: Poppins, sans-serif\"><span style=\"font-weight: bold;font-size: 24px\">Jogo de ida<\/span><\/p>\n<p style=\"margin: 0px 0px 20px;line-height: 30px;font-size: 16px;color: #343434;font-family: Poppins, sans-serif\"><span style=\"font-size: 24px\">Atl\u00e9tico-MG x Athletico-PR &#8211; 12 de dezembro &#8211; Mineir\u00e3o &#8211; Belo Horizonte (MG)<\/span><\/p>\n<p style=\"margin: 0px 0px 20px;line-height: 30px;font-size: 16px;color: #343434;font-family: Poppins, sans-serif\"><span style=\"font-weight: bold;font-size: 24px\">Jogo de volta<\/span><\/p>\n<p style=\"margin: 0px 0px 20px;line-height: 30px;font-size: 16px;color: #343434;font-family: Poppins, sans-serif\"><span style=\"font-size: 24px\">Athletico-PR x Atl\u00e9tico-MG &#8211; 15 de dezembro &#8211; Arena da Baixada &#8211; Curitiba (PR)<\/span><\/p>\n<p style=\"margin: 0px 0px 20px;line-height: 30px;font-size: 16px;color: #343434;font-family: Poppins, sans-serif\"><span style=\"font-size: 24px\">(Texto: CBF. Foto: Lucas Figueiredo\/CBF)<\/span><\/p>\n","protected":false},"excerpt":{"rendered":"<p>Em sorteio realizado nesta quinta-feira (4), na sede da CBF, no Rio de Janeiro (RJ), foram definidos os mandos de campo da final da Copa Intelbras do Brasil 2021. O\u00a0Atl\u00e9tico-MG\u00a0abrir\u00e1 o confronto como mandante e o\u00a0Athletico-PR\u00a0decide a\u00a0Copa do Brasil\u00a0dentro de casa.\u00a0A final da competi\u00e7\u00e3o mais democr\u00e1tica do pa\u00eds est\u00e1 marcada para os dias 12 e [&hellip;]<\/p>\n","protected":false},"author":6307,"featured_media":51774,"comment_status":"closed","ping_status":"open","sticky":false,"template":"","format":"standard","meta":{"_exactmetrics_skip_tracking":false,"_exactmetrics_sitenote_active":false,"_exactmetrics_sitenote_note":"","_exactmetrics_sitenote_category":0,"footnotes":""},"categories":[1505],"tags":[93],"yoast_head":"<!-- This site is optimized with the Yoast SEO Premium plugin v22.7 (Yoast SEO v22.7) - https:\/\/yoast.com\/wordpress\/plugins\/seo\/ -->\n<title>MARING\u00c1 - Athletico-PR vai decidir em casa t\u00edtulo da Copa do Brasil - Orlando Gonzalez<\/title>\n<meta name=\"robots\" content=\"index, follow, max-snippet:-1, max-image-preview:large, max-video-preview:-1\" \/>\n<link rel=\"canonical\" href=\"https:\/\/maringapost.com.br\/orlandogonzalez\/2021\/11\/04\/maringa-athletico-pr-vai-decidir-em-casa-titulo-da-copa-do-brasil\/\" \/>\n<meta property=\"og:locale\" content=\"pt_BR\" \/>\n<meta property=\"og:type\" content=\"article\" \/>\n<meta property=\"og:title\" content=\"MARING\u00c1 - Athletico-PR vai decidir em casa t\u00edtulo da Copa do Brasil\" \/>\n<meta property=\"og:description\" content=\"Em sorteio realizado nesta quinta-feira (4), na sede da CBF, no Rio de Janeiro (RJ), foram definidos os mandos de campo da final da Copa Intelbras do Brasil 2021. O\u00a0Atl\u00e9tico-MG\u00a0abrir\u00e1 o confronto como mandante e o\u00a0Athletico-PR\u00a0decide a\u00a0Copa do Brasil\u00a0dentro de casa.\u00a0A final da competi\u00e7\u00e3o mais democr\u00e1tica do pa\u00eds est\u00e1 marcada para os dias 12 e [&hellip;]\" \/>\n<meta property=\"og:url\" content=\"https:\/\/maringapost.com.br\/orlandogonzalez\/2021\/11\/04\/maringa-athletico-pr-vai-decidir-em-casa-titulo-da-copa-do-brasil\/\" \/>\n<meta property=\"og:site_name\" content=\"Orlando Gonzalez\" \/>\n<meta property=\"article:author\" content=\"https:\/\/www.facebook.com\/profile.php?id=100011095815065\" \/>\n<meta property=\"article:published_time\" content=\"2021-11-04T19:48:03+00:00\" \/>\n<meta property=\"article:modified_time\" content=\"2021-11-04T19:54:41+00:00\" \/>\n<meta property=\"og:image\" content=\"https:\/\/maringapost.com.br\/orlandogonzalez\/wp-content\/uploads\/sites\/17\/2021\/11\/finaldacopadobrasil.jpeg\" \/>\n\t<meta property=\"og:image:width\" content=\"910\" \/>\n\t<meta property=\"og:image:height\" content=\"607\" \/>\n\t<meta property=\"og:image:type\" content=\"image\/jpeg\" \/>\n<meta name=\"author\" content=\"Orlando Gonzalez\" \/>\n<meta name=\"twitter:card\" content=\"summary_large_image\" \/>\n<meta name=\"twitter:creator\" content=\"@gonzalezorlando\" \/>\n<meta name=\"twitter:label1\" content=\"Escrito por\" \/>\n\t<meta name=\"twitter:data1\" content=\"\" \/>\n\t<meta name=\"twitter:label2\" content=\"Est. tempo de leitura\" \/>\n\t<meta name=\"twitter:data2\" content=\"3 minutos\" \/>\n<script type=\"application\/ld+json\" class=\"yoast-schema-graph\">{\"@context\":\"https:\/\/schema.org\",\"@graph\":[{\"@type\":\"WebPage\",\"@id\":\"https:\/\/maringapost.com.br\/orlandogonzalez\/2021\/11\/04\/maringa-athletico-pr-vai-decidir-em-casa-titulo-da-copa-do-brasil\/\",\"url\":\"https:\/\/maringapost.com.br\/orlandogonzalez\/2021\/11\/04\/maringa-athletico-pr-vai-decidir-em-casa-titulo-da-copa-do-brasil\/\",\"name\":\"MARING\u00c1 - Athletico-PR vai decidir em casa t\u00edtulo da Copa do Brasil - Orlando Gonzalez\",\"isPartOf\":{\"@id\":\"https:\/\/maringapost.com.br\/orlandogonzalez\/#website\"},\"primaryImageOfPage\":{\"@id\":\"https:\/\/maringapost.com.br\/orlandogonzalez\/2021\/11\/04\/maringa-athletico-pr-vai-decidir-em-casa-titulo-da-copa-do-brasil\/#primaryimage\"},\"image\":{\"@id\":\"https:\/\/maringapost.com.br\/orlandogonzalez\/2021\/11\/04\/maringa-athletico-pr-vai-decidir-em-casa-titulo-da-copa-do-brasil\/#primaryimage\"},\"thumbnailUrl\":\"https:\/\/maringapost.com.br\/orlandogonzalez\/wp-content\/uploads\/sites\/17\/2021\/11\/finaldacopadobrasil.jpeg\",\"datePublished\":\"2021-11-04T19:48:03+00:00\",\"dateModified\":\"2021-11-04T19:54:41+00:00\",\"author\":{\"@id\":\"https:\/\/maringapost.com.br\/orlandogonzalez\/#\/schema\/person\/5cbe6257d08edea6afc9ebaa613b0633\"},\"inLanguage\":\"pt-BR\",\"potentialAction\":[{\"@type\":\"ReadAction\",\"target\":[\"https:\/\/maringapost.com.br\/orlandogonzalez\/2021\/11\/04\/maringa-athletico-pr-vai-decidir-em-casa-titulo-da-copa-do-brasil\/\"]}]},{\"@type\":\"ImageObject\",\"inLanguage\":\"pt-BR\",\"@id\":\"https:\/\/maringapost.com.br\/orlandogonzalez\/2021\/11\/04\/maringa-athletico-pr-vai-decidir-em-casa-titulo-da-copa-do-brasil\/#primaryimage\",\"url\":\"https:\/\/maringapost.com.br\/orlandogonzalez\/wp-content\/uploads\/sites\/17\/2021\/11\/finaldacopadobrasil.jpeg\",\"contentUrl\":\"https:\/\/maringapost.com.br\/orlandogonzalez\/wp-content\/uploads\/sites\/17\/2021\/11\/finaldacopadobrasil.jpeg\",\"width\":910,\"height\":607},{\"@type\":\"WebSite\",\"@id\":\"https:\/\/maringapost.com.br\/orlandogonzalez\/#website\",\"url\":\"https:\/\/maringapost.com.br\/orlandogonzalez\/\",\"name\":\"Orlando Gonzalez\",\"description\":\"Destaca o esporte de Maring\u00e1! Destaca o esporte do Paran\u00e1! Destaca o esporte do Brasil!\",\"potentialAction\":[{\"@type\":\"SearchAction\",\"target\":{\"@type\":\"EntryPoint\",\"urlTemplate\":\"https:\/\/maringapost.com.br\/orlandogonzalez\/?s={search_term_string}\"},\"query-input\":\"required name=search_term_string\"}],\"inLanguage\":\"pt-BR\"},{\"@type\":\"Person\",\"@id\":\"https:\/\/maringapost.com.br\/orlandogonzalez\/#\/schema\/person\/5cbe6257d08edea6afc9ebaa613b0633\",\"name\":\"Orlando Gonzalez\",\"image\":{\"@type\":\"ImageObject\",\"inLanguage\":\"pt-BR\",\"@id\":\"https:\/\/maringapost.com.br\/orlandogonzalez\/#\/schema\/person\/image\/\",\"url\":\"https:\/\/secure.gravatar.com\/avatar\/ecef9d1c9afe5ebdafadde8369065ba5?s=96&d=mm&r=g\",\"contentUrl\":\"https:\/\/secure.gravatar.com\/avatar\/ecef9d1c9afe5ebdafadde8369065ba5?s=96&d=mm&r=g\",\"caption\":\"Orlando Gonzalez\"},\"description\":\"H\u00e1 29 anos na cobertura do esporte de Maring\u00e1. Plant\u00e3o e narrador esportivo. Presta\u00e7\u00e3o de assessoria de imprensa esportiva, cobertura e transmiss\u00f5es ao vivo de eventos esportivos. E-mail: orlandogonzalez.assessoria@gmail.com WhatsApp: (44) 9 9126-6119\",\"sameAs\":[\"http:\/\/www.radiomaringa.com.br\/\",\"https:\/\/www.facebook.com\/profile.php?id=100011095815065\",\"https:\/\/www.instagram.com\/orlandomgonzalez\/\",\"https:\/\/br.pinterest.com\/ogonzalez0530\/\",\"https:\/\/x.com\/gonzalezorlando\",\"https:\/\/www.youtube.com\/channel\/UCvFpl55btth8wjnKiSS1ibA\",\"https:\/\/radiomaringaweb.tumblr.com\/\"],\"url\":\"https:\/\/maringapost.com.br\/orlandogonzalez\/author\/orlando\/\"}]}<\/script>\n<!-- \/ Yoast SEO Premium plugin. -->","yoast_head_json":{"title":"MARING\u00c1 - Athletico-PR vai decidir em casa t\u00edtulo da Copa do Brasil - Orlando Gonzalez","robots":{"index":"index","follow":"follow","max-snippet":"max-snippet:-1","max-image-preview":"max-image-preview:large","max-video-preview":"max-video-preview:-1"},"canonical":"https:\/\/maringapost.com.br\/orlandogonzalez\/2021\/11\/04\/maringa-athletico-pr-vai-decidir-em-casa-titulo-da-copa-do-brasil\/","og_locale":"pt_BR","og_type":"article","og_title":"MARING\u00c1 - Athletico-PR vai decidir em casa t\u00edtulo da Copa do Brasil","og_description":"Em sorteio realizado nesta quinta-feira (4), na sede da CBF, no Rio de Janeiro (RJ), foram definidos os mandos de campo da final da Copa Intelbras do Brasil 2021. O\u00a0Atl\u00e9tico-MG\u00a0abrir\u00e1 o confronto como mandante e o\u00a0Athletico-PR\u00a0decide a\u00a0Copa do Brasil\u00a0dentro de casa.\u00a0A final da competi\u00e7\u00e3o mais democr\u00e1tica do pa\u00eds est\u00e1 marcada para os dias 12 e [&hellip;]","og_url":"https:\/\/maringapost.com.br\/orlandogonzalez\/2021\/11\/04\/maringa-athletico-pr-vai-decidir-em-casa-titulo-da-copa-do-brasil\/","og_site_name":"Orlando Gonzalez","article_author":"https:\/\/www.facebook.com\/profile.php?id=100011095815065","article_published_time":"2021-11-04T19:48:03+00:00","article_modified_time":"2021-11-04T19:54:41+00:00","og_image":[{"width":910,"height":607,"url":"https:\/\/maringapost.com.br\/orlandogonzalez\/wp-content\/uploads\/sites\/17\/2021\/11\/finaldacopadobrasil.jpeg","type":"image\/jpeg"}],"author":"Orlando Gonzalez","twitter_card":"summary_large_image","twitter_creator":"@gonzalezorlando","twitter_misc":{"Escrito por":false,"Est. tempo de leitura":"3 minutos"},"schema":{"@context":"https:\/\/schema.org","@graph":[{"@type":"WebPage","@id":"https:\/\/maringapost.com.br\/orlandogonzalez\/2021\/11\/04\/maringa-athletico-pr-vai-decidir-em-casa-titulo-da-copa-do-brasil\/","url":"https:\/\/maringapost.com.br\/orlandogonzalez\/2021\/11\/04\/maringa-athletico-pr-vai-decidir-em-casa-titulo-da-copa-do-brasil\/","name":"MARING\u00c1 - Athletico-PR vai decidir em casa t\u00edtulo da Copa do Brasil - Orlando Gonzalez","isPartOf":{"@id":"https:\/\/maringapost.com.br\/orlandogonzalez\/#website"},"primaryImageOfPage":{"@id":"https:\/\/maringapost.com.br\/orlandogonzalez\/2021\/11\/04\/maringa-athletico-pr-vai-decidir-em-casa-titulo-da-copa-do-brasil\/#primaryimage"},"image":{"@id":"https:\/\/maringapost.com.br\/orlandogonzalez\/2021\/11\/04\/maringa-athletico-pr-vai-decidir-em-casa-titulo-da-copa-do-brasil\/#primaryimage"},"thumbnailUrl":"https:\/\/maringapost.com.br\/orlandogonzalez\/wp-content\/uploads\/sites\/17\/2021\/11\/finaldacopadobrasil.jpeg","datePublished":"2021-11-04T19:48:03+00:00","dateModified":"2021-11-04T19:54:41+00:00","author":{"@id":"https:\/\/maringapost.com.br\/orlandogonzalez\/#\/schema\/person\/5cbe6257d08edea6afc9ebaa613b0633"},"inLanguage":"pt-BR","potentialAction":[{"@type":"ReadAction","target":["https:\/\/maringapost.com.br\/orlandogonzalez\/2021\/11\/04\/maringa-athletico-pr-vai-decidir-em-casa-titulo-da-copa-do-brasil\/"]}]},{"@type":"ImageObject","inLanguage":"pt-BR","@id":"https:\/\/maringapost.com.br\/orlandogonzalez\/2021\/11\/04\/maringa-athletico-pr-vai-decidir-em-casa-titulo-da-copa-do-brasil\/#primaryimage","url":"https:\/\/maringapost.com.br\/orlandogonzalez\/wp-content\/uploads\/sites\/17\/2021\/11\/finaldacopadobrasil.jpeg","contentUrl":"https:\/\/maringapost.com.br\/orlandogonzalez\/wp-content\/uploads\/sites\/17\/2021\/11\/finaldacopadobrasil.jpeg","width":910,"height":607},{"@type":"WebSite","@id":"https:\/\/maringapost.com.br\/orlandogonzalez\/#website","url":"https:\/\/maringapost.com.br\/orlandogonzalez\/","name":"Orlando Gonzalez","description":"Destaca o esporte de Maring\u00e1! Destaca o esporte do Paran\u00e1! Destaca o esporte do Brasil!","potentialAction":[{"@type":"SearchAction","target":{"@type":"EntryPoint","urlTemplate":"https:\/\/maringapost.com.br\/orlandogonzalez\/?s={search_term_string}"},"query-input":"required name=search_term_string"}],"inLanguage":"pt-BR"},{"@type":"Person","@id":"https:\/\/maringapost.com.br\/orlandogonzalez\/#\/schema\/person\/5cbe6257d08edea6afc9ebaa613b0633","name":"Orlando Gonzalez","image":{"@type":"ImageObject","inLanguage":"pt-BR","@id":"https:\/\/maringapost.com.br\/orlandogonzalez\/#\/schema\/person\/image\/","url":"https:\/\/secure.gravatar.com\/avatar\/ecef9d1c9afe5ebdafadde8369065ba5?s=96&d=mm&r=g","contentUrl":"https:\/\/secure.gravatar.com\/avatar\/ecef9d1c9afe5ebdafadde8369065ba5?s=96&d=mm&r=g","caption":"Orlando Gonzalez"},"description":"H\u00e1 29 anos na cobertura do esporte de Maring\u00e1. Plant\u00e3o e narrador esportivo. Presta\u00e7\u00e3o de assessoria de imprensa esportiva, cobertura e transmiss\u00f5es ao vivo de eventos esportivos. E-mail: orlandogonzalez.assessoria@gmail.com WhatsApp: (44) 9 9126-6119","sameAs":["http:\/\/www.radiomaringa.com.br\/","https:\/\/www.facebook.com\/profile.php?id=100011095815065","https:\/\/www.instagram.com\/orlandomgonzalez\/","https:\/\/br.pinterest.com\/ogonzalez0530\/","https:\/\/x.com\/gonzalezorlando","https:\/\/www.youtube.com\/channel\/UCvFpl55btth8wjnKiSS1ibA","https:\/\/radiomaringaweb.tumblr.com\/"],"url":"https:\/\/maringapost.com.br\/orlandogonzalez\/author\/orlando\/"}]}},"_links":{"self":[{"href":"https:\/\/maringapost.com.br\/orlandogonzalez\/wp-json\/wp\/v2\/posts\/51773"}],"collection":[{"href":"https:\/\/maringapost.com.br\/orlandogonzalez\/wp-json\/wp\/v2\/posts"}],"about":[{"href":"https:\/\/maringapost.com.br\/orlandogonzalez\/wp-json\/wp\/v2\/types\/post"}],"author":[{"embeddable":true,"href":"https:\/\/maringapost.com.br\/orlandogonzalez\/wp-json\/wp\/v2\/users\/6307"}],"replies":[{"embeddable":true,"href":"https:\/\/maringapost.com.br\/orlandogonzalez\/wp-json\/wp\/v2\/comments?post=51773"}],"version-history":[{"count":2,"href":"https:\/\/maringapost.com.br\/orlandogonzalez\/wp-json\/wp\/v2\/posts\/51773\/revisions"}],"predecessor-version":[{"id":51776,"href":"https:\/\/maringapost.com.br\/orlandogonzalez\/wp-json\/wp\/v2\/posts\/51773\/revisions\/51776"}],"wp:featuredmedia":[{"embeddable":true,"href":"https:\/\/maringapost.com.br\/orlandogonzalez\/wp-json\/wp\/v2\/media\/51774"}],"wp:attachment":[{"href":"https:\/\/maringapost.com.br\/orlandogonzalez\/wp-json\/wp\/v2\/media?parent=51773"}],"wp:term":[{"taxonomy":"category","embeddable":true,"href":"https:\/\/maringapost.com.br\/orlandogonzalez\/wp-json\/wp\/v2\/categories?post=51773"},{"taxonomy":"post_tag","embeddable":true,"href":"https:\/\/maringapost.com.br\/orlandogonzalez\/wp-json\/wp\/v2\/tags?post=51773"}],"curies":[{"name":"wp","href":"https:\/\/api.w.org\/{rel}","templated":true}]}}