{"id":51544,"date":"2021-10-27T18:23:32","date_gmt":"2021-10-27T21:23:32","guid":{"rendered":"https:\/\/maringapost.com.br\/orlandogonzalez\/?p=51544"},"modified":"2021-10-27T18:23:32","modified_gmt":"2021-10-27T21:23:32","slug":"maringa-atletico-mg-x-fortaleza-decidem-classificacao-a-final-da-copa-do-brasil","status":"publish","type":"post","link":"https:\/\/maringapost.com.br\/orlandogonzalez\/2021\/10\/27\/maringa-atletico-mg-x-fortaleza-decidem-classificacao-a-final-da-copa-do-brasil\/","title":{"rendered":"MARING\u00c1 &#8211; Atl\u00e9tico-MG x Fortaleza decidem classifica\u00e7\u00e3o \u00e0 final da Copa do Brasil"},"content":{"rendered":"<p><span style=\"font-size: 24px\"><span style=\"color: #495057;font-family: 'Source Serif Pro', serif;background-color: #f7f8f9\">O Fortaleza precisa tirar uma diferen\u00e7a de quatro gols contra o Atl\u00e9tico-MG para ser finalista da Copa do Brasil. Este \u00e9 o desafio do Le\u00e3o Pici, na Arena Castel\u00e3o, na capital cearense, a partir das 21h30 (hor\u00e1rio de Bras\u00edlia) nesta quarta-feira (27).\u00a0Al\u00e9m dessa desvantagem, o t\u00e9cnico argentino Pablo Vojvoda tem seis desfalques para a partida: Yago Pikachu,\u00a0\u00a0Lucas Lima, Lucas Crispim, Robson, Marcelo Benevenuto e Tinga. O classificado disputara a ta\u00e7a desde ano como\u00a0o vencedor da outra semi, entre\u00a0<\/span><a style=\"color: #28a745;background-color: #f7f8f9;font-weight: bold;font-family: 'Source Serif Pro', serif;font-size: 16px\" href=\"https:\/\/agenciabrasil.ebc.com.br\/esportes\/noticia\/2021-10\/flamengo-e-athletico-pr-disputam-vaga-na-final-da-copa-do-brasil\">Flamengo e Athletico-PR,<\/a><span style=\"color: #495057;font-family: 'Source Serif Pro', serif;background-color: #f7f8f9\">\u00a0tamb\u00e9m hoje (27), no mesmo hor\u00e1rio.\u00a0<\/span><img decoding=\"async\" style=\"border: 0px none;vertical-align: middle;height: 1px;color: #495057;font-family: 'Source Serif Pro', serif;font-size: 16px;background-color: #f7f8f9;width: 1px\" src=\"https:\/\/agenciabrasil.ebc.com.br\/ebc.png?id=1425807&amp;o=node\" \/><img decoding=\"async\" style=\"border: 0px none;vertical-align: middle;height: 1px;color: #495057;font-family: 'Source Serif Pro', serif;font-size: 16px;background-color: #f7f8f9;width: 1px\" src=\"https:\/\/agenciabrasil.ebc.com.br\/ebc.gif?id=1425807&amp;o=node\" \/><\/span><\/p>\n<p style=\"margin: 0px 0px 1.3rem;color: #495057;font-family: 'Source Serif Pro', serif;font-size: 16px;background-color: #f7f8f9\"><span style=\"font-size: 24px\">Apesar da dif\u00edcil miss\u00e3o, o volante Ed\u00e9rson promete um Fortaleza mais atento do que aquele que foi goleado no Mineir\u00e3o.<\/span><\/p>\n<p style=\"margin: 0px 0px 1.3rem;color: #495057;font-family: 'Source Serif Pro', serif;font-size: 16px;background-color: #f7f8f9\"><span style=\"font-size: 24px\">\u201cTemos que estar mais concentrados do que no primeiro jogo. Atacar com efici\u00eancia e tamb\u00e9m se defender&#8221;, disse o jogador, durante coletiva.<\/span><\/p>\n<p style=\"margin: 0px 0px 1.3rem;color: #495057;font-family: 'Source Serif Pro', serif;font-size: 16px;background-color: #f7f8f9\"><span style=\"font-size: 24px\">O Atl\u00e9tico-MG mant\u00e9m o discurso de respeito ao advers\u00e1rio, mas deve poupar alguns titulares, j\u00e1 visando ao duelo de\u00a0<span id=\"OBJ_PREFIX_DWT277_com_zimbra_date\" role=\"link\">s\u00e1bado (30)<\/span>\u00a0no Maracan\u00e3 contra o Flamengo, pela .29\u00aa rodada da\u00a0<a style=\"color: #28a745;background-color: transparent;font-weight: bold\" href=\"https:\/\/agenciabrasil.ebc.com.br\/esportes\/tabelas\/\">S\u00e9rie A\u00a0<\/a>do Campeonato Brasileiro.\u00a0O goleiro Ev\u00e9rson analisa esse decisivo momento do Galo<\/span><\/p>\n<p style=\"margin: 0px 0px 1.3rem;color: #495057;font-family: 'Source Serif Pro', serif;font-size: 16px;background-color: #f7f8f9\"><span style=\"font-size: 24px\">&#8220;\u00c9 uma semana com dois jogos fora de casa. O primeiro \u00e9 para consolidarmos nossa vaga na final e depois um jogo contra um concorrente direto pelo Campeonato Brasileiro&#8221;.<\/span><\/p>\n<p style=\"margin: 0px 0px 1.3rem;color: #495057;font-family: 'Source Serif Pro', serif;font-size: 16px;background-color: #f7f8f9\"><span style=\"font-size: 24px\">O finalista da Copa do Brasil garante R$ 23 milh\u00f5es de reais. O clube campe\u00e3o embolsar\u00e1 premia\u00e7\u00e3o de\u00a0R$ 56 milh\u00f5es\u00a0da Confedera\u00e7\u00e3o Brasileira de Futebol (CBF), valor quase 40% mais alto que \u00a0o concedido ao time que vier a levantar a ta\u00e7a da S\u00e9rie A do\u00a0Campeonato Brasileiro.\u00a0<\/span><\/p>\n<p style=\"margin: 0px 0px 1.3rem;color: #495057;font-family: 'Source Serif Pro', serif;font-size: 16px;background-color: #f7f8f9\"><span style=\"font-size: 24px\">(Texto: Rodrigo Ricardo\/Ag\u00eancia Brasil. Foto: Pedro Souza\/Atl\u00e9tico\/MG)<\/span><\/p>\n","protected":false},"excerpt":{"rendered":"<p>O Fortaleza precisa tirar uma diferen\u00e7a de quatro gols contra o Atl\u00e9tico-MG para ser finalista da Copa do Brasil. Este \u00e9 o desafio do Le\u00e3o Pici, na Arena Castel\u00e3o, na capital cearense, a partir das 21h30 (hor\u00e1rio de Bras\u00edlia) nesta quarta-feira (27).\u00a0Al\u00e9m dessa desvantagem, o t\u00e9cnico argentino Pablo Vojvoda tem seis desfalques para a partida: [&hellip;]<\/p>\n","protected":false},"author":6307,"featured_media":51545,"comment_status":"closed","ping_status":"open","sticky":false,"template":"","format":"standard","meta":{"_exactmetrics_skip_tracking":false,"_exactmetrics_sitenote_active":false,"_exactmetrics_sitenote_note":"","_exactmetrics_sitenote_category":0,"footnotes":""},"categories":[1505],"tags":[93],"yoast_head":"<!-- This site is optimized with the Yoast SEO Premium plugin v22.7 (Yoast SEO v22.7) - https:\/\/yoast.com\/wordpress\/plugins\/seo\/ -->\n<title>MARING\u00c1 - Atl\u00e9tico-MG x Fortaleza decidem classifica\u00e7\u00e3o \u00e0 final da Copa do Brasil - Orlando Gonzalez<\/title>\n<meta name=\"robots\" content=\"index, follow, max-snippet:-1, max-image-preview:large, max-video-preview:-1\" \/>\n<link rel=\"canonical\" href=\"https:\/\/maringapost.com.br\/orlandogonzalez\/2021\/10\/27\/maringa-atletico-mg-x-fortaleza-decidem-classificacao-a-final-da-copa-do-brasil\/\" \/>\n<meta property=\"og:locale\" content=\"pt_BR\" \/>\n<meta property=\"og:type\" content=\"article\" \/>\n<meta property=\"og:title\" content=\"MARING\u00c1 - Atl\u00e9tico-MG x Fortaleza decidem classifica\u00e7\u00e3o \u00e0 final da Copa do Brasil\" \/>\n<meta property=\"og:description\" content=\"O Fortaleza precisa tirar uma diferen\u00e7a de quatro gols contra o Atl\u00e9tico-MG para ser finalista da Copa do Brasil. Este \u00e9 o desafio do Le\u00e3o Pici, na Arena Castel\u00e3o, na capital cearense, a partir das 21h30 (hor\u00e1rio de Bras\u00edlia) nesta quarta-feira (27).\u00a0Al\u00e9m dessa desvantagem, o t\u00e9cnico argentino Pablo Vojvoda tem seis desfalques para a partida: [&hellip;]\" \/>\n<meta property=\"og:url\" content=\"https:\/\/maringapost.com.br\/orlandogonzalez\/2021\/10\/27\/maringa-atletico-mg-x-fortaleza-decidem-classificacao-a-final-da-copa-do-brasil\/\" \/>\n<meta property=\"og:site_name\" content=\"Orlando Gonzalez\" \/>\n<meta property=\"article:author\" content=\"https:\/\/www.facebook.com\/profile.php?id=100011095815065\" \/>\n<meta property=\"article:published_time\" content=\"2021-10-27T21:23:32+00:00\" \/>\n<meta property=\"og:image\" content=\"https:\/\/maringapost.com.br\/orlandogonzalez\/wp-content\/uploads\/sites\/17\/2021\/10\/galojoga.jpg\" \/>\n\t<meta property=\"og:image:width\" content=\"1170\" \/>\n\t<meta property=\"og:image:height\" content=\"700\" \/>\n\t<meta property=\"og:image:type\" content=\"image\/jpeg\" \/>\n<meta name=\"author\" content=\"Orlando Gonzalez\" \/>\n<meta name=\"twitter:card\" content=\"summary_large_image\" \/>\n<meta name=\"twitter:creator\" content=\"@gonzalezorlando\" \/>\n<meta name=\"twitter:label1\" content=\"Escrito por\" \/>\n\t<meta name=\"twitter:data1\" content=\"\" \/>\n\t<meta name=\"twitter:label2\" content=\"Est. tempo de leitura\" \/>\n\t<meta name=\"twitter:data2\" content=\"2 minutos\" \/>\n<script type=\"application\/ld+json\" class=\"yoast-schema-graph\">{\"@context\":\"https:\/\/schema.org\",\"@graph\":[{\"@type\":\"WebPage\",\"@id\":\"https:\/\/maringapost.com.br\/orlandogonzalez\/2021\/10\/27\/maringa-atletico-mg-x-fortaleza-decidem-classificacao-a-final-da-copa-do-brasil\/\",\"url\":\"https:\/\/maringapost.com.br\/orlandogonzalez\/2021\/10\/27\/maringa-atletico-mg-x-fortaleza-decidem-classificacao-a-final-da-copa-do-brasil\/\",\"name\":\"MARING\u00c1 - Atl\u00e9tico-MG x Fortaleza decidem classifica\u00e7\u00e3o \u00e0 final da Copa do Brasil - Orlando Gonzalez\",\"isPartOf\":{\"@id\":\"https:\/\/maringapost.com.br\/orlandogonzalez\/#website\"},\"primaryImageOfPage\":{\"@id\":\"https:\/\/maringapost.com.br\/orlandogonzalez\/2021\/10\/27\/maringa-atletico-mg-x-fortaleza-decidem-classificacao-a-final-da-copa-do-brasil\/#primaryimage\"},\"image\":{\"@id\":\"https:\/\/maringapost.com.br\/orlandogonzalez\/2021\/10\/27\/maringa-atletico-mg-x-fortaleza-decidem-classificacao-a-final-da-copa-do-brasil\/#primaryimage\"},\"thumbnailUrl\":\"https:\/\/maringapost.com.br\/orlandogonzalez\/wp-content\/uploads\/sites\/17\/2021\/10\/galojoga.jpg\",\"datePublished\":\"2021-10-27T21:23:32+00:00\",\"dateModified\":\"2021-10-27T21:23:32+00:00\",\"author\":{\"@id\":\"https:\/\/maringapost.com.br\/orlandogonzalez\/#\/schema\/person\/5cbe6257d08edea6afc9ebaa613b0633\"},\"inLanguage\":\"pt-BR\",\"potentialAction\":[{\"@type\":\"ReadAction\",\"target\":[\"https:\/\/maringapost.com.br\/orlandogonzalez\/2021\/10\/27\/maringa-atletico-mg-x-fortaleza-decidem-classificacao-a-final-da-copa-do-brasil\/\"]}]},{\"@type\":\"ImageObject\",\"inLanguage\":\"pt-BR\",\"@id\":\"https:\/\/maringapost.com.br\/orlandogonzalez\/2021\/10\/27\/maringa-atletico-mg-x-fortaleza-decidem-classificacao-a-final-da-copa-do-brasil\/#primaryimage\",\"url\":\"https:\/\/maringapost.com.br\/orlandogonzalez\/wp-content\/uploads\/sites\/17\/2021\/10\/galojoga.jpg\",\"contentUrl\":\"https:\/\/maringapost.com.br\/orlandogonzalez\/wp-content\/uploads\/sites\/17\/2021\/10\/galojoga.jpg\",\"width\":1170,\"height\":700},{\"@type\":\"WebSite\",\"@id\":\"https:\/\/maringapost.com.br\/orlandogonzalez\/#website\",\"url\":\"https:\/\/maringapost.com.br\/orlandogonzalez\/\",\"name\":\"Orlando Gonzalez\",\"description\":\"Destaca o esporte de Maring\u00e1! Destaca o esporte do Paran\u00e1! Destaca o esporte do Brasil!\",\"potentialAction\":[{\"@type\":\"SearchAction\",\"target\":{\"@type\":\"EntryPoint\",\"urlTemplate\":\"https:\/\/maringapost.com.br\/orlandogonzalez\/?s={search_term_string}\"},\"query-input\":\"required name=search_term_string\"}],\"inLanguage\":\"pt-BR\"},{\"@type\":\"Person\",\"@id\":\"https:\/\/maringapost.com.br\/orlandogonzalez\/#\/schema\/person\/5cbe6257d08edea6afc9ebaa613b0633\",\"name\":\"Orlando Gonzalez\",\"image\":{\"@type\":\"ImageObject\",\"inLanguage\":\"pt-BR\",\"@id\":\"https:\/\/maringapost.com.br\/orlandogonzalez\/#\/schema\/person\/image\/\",\"url\":\"https:\/\/secure.gravatar.com\/avatar\/ecef9d1c9afe5ebdafadde8369065ba5?s=96&d=mm&r=g\",\"contentUrl\":\"https:\/\/secure.gravatar.com\/avatar\/ecef9d1c9afe5ebdafadde8369065ba5?s=96&d=mm&r=g\",\"caption\":\"Orlando Gonzalez\"},\"description\":\"H\u00e1 29 anos na cobertura do esporte de Maring\u00e1. Plant\u00e3o e narrador esportivo. Presta\u00e7\u00e3o de assessoria de imprensa esportiva, cobertura e transmiss\u00f5es ao vivo de eventos esportivos. E-mail: orlandogonzalez.assessoria@gmail.com WhatsApp: (44) 9 9126-6119\",\"sameAs\":[\"http:\/\/www.radiomaringa.com.br\/\",\"https:\/\/www.facebook.com\/profile.php?id=100011095815065\",\"https:\/\/www.instagram.com\/orlandomgonzalez\/\",\"https:\/\/br.pinterest.com\/ogonzalez0530\/\",\"https:\/\/x.com\/gonzalezorlando\",\"https:\/\/www.youtube.com\/channel\/UCvFpl55btth8wjnKiSS1ibA\",\"https:\/\/radiomaringaweb.tumblr.com\/\"],\"url\":\"https:\/\/maringapost.com.br\/orlandogonzalez\/author\/orlando\/\"}]}<\/script>\n<!-- \/ Yoast SEO Premium plugin. -->","yoast_head_json":{"title":"MARING\u00c1 - Atl\u00e9tico-MG x Fortaleza decidem classifica\u00e7\u00e3o \u00e0 final da Copa do Brasil - Orlando Gonzalez","robots":{"index":"index","follow":"follow","max-snippet":"max-snippet:-1","max-image-preview":"max-image-preview:large","max-video-preview":"max-video-preview:-1"},"canonical":"https:\/\/maringapost.com.br\/orlandogonzalez\/2021\/10\/27\/maringa-atletico-mg-x-fortaleza-decidem-classificacao-a-final-da-copa-do-brasil\/","og_locale":"pt_BR","og_type":"article","og_title":"MARING\u00c1 - Atl\u00e9tico-MG x Fortaleza decidem classifica\u00e7\u00e3o \u00e0 final da Copa do Brasil","og_description":"O Fortaleza precisa tirar uma diferen\u00e7a de quatro gols contra o Atl\u00e9tico-MG para ser finalista da Copa do Brasil. Este \u00e9 o desafio do Le\u00e3o Pici, na Arena Castel\u00e3o, na capital cearense, a partir das 21h30 (hor\u00e1rio de Bras\u00edlia) nesta quarta-feira (27).\u00a0Al\u00e9m dessa desvantagem, o t\u00e9cnico argentino Pablo Vojvoda tem seis desfalques para a partida: [&hellip;]","og_url":"https:\/\/maringapost.com.br\/orlandogonzalez\/2021\/10\/27\/maringa-atletico-mg-x-fortaleza-decidem-classificacao-a-final-da-copa-do-brasil\/","og_site_name":"Orlando Gonzalez","article_author":"https:\/\/www.facebook.com\/profile.php?id=100011095815065","article_published_time":"2021-10-27T21:23:32+00:00","og_image":[{"width":1170,"height":700,"url":"https:\/\/maringapost.com.br\/orlandogonzalez\/wp-content\/uploads\/sites\/17\/2021\/10\/galojoga.jpg","type":"image\/jpeg"}],"author":"Orlando Gonzalez","twitter_card":"summary_large_image","twitter_creator":"@gonzalezorlando","twitter_misc":{"Escrito por":false,"Est. tempo de leitura":"2 minutos"},"schema":{"@context":"https:\/\/schema.org","@graph":[{"@type":"WebPage","@id":"https:\/\/maringapost.com.br\/orlandogonzalez\/2021\/10\/27\/maringa-atletico-mg-x-fortaleza-decidem-classificacao-a-final-da-copa-do-brasil\/","url":"https:\/\/maringapost.com.br\/orlandogonzalez\/2021\/10\/27\/maringa-atletico-mg-x-fortaleza-decidem-classificacao-a-final-da-copa-do-brasil\/","name":"MARING\u00c1 - Atl\u00e9tico-MG x Fortaleza decidem classifica\u00e7\u00e3o \u00e0 final da Copa do Brasil - Orlando Gonzalez","isPartOf":{"@id":"https:\/\/maringapost.com.br\/orlandogonzalez\/#website"},"primaryImageOfPage":{"@id":"https:\/\/maringapost.com.br\/orlandogonzalez\/2021\/10\/27\/maringa-atletico-mg-x-fortaleza-decidem-classificacao-a-final-da-copa-do-brasil\/#primaryimage"},"image":{"@id":"https:\/\/maringapost.com.br\/orlandogonzalez\/2021\/10\/27\/maringa-atletico-mg-x-fortaleza-decidem-classificacao-a-final-da-copa-do-brasil\/#primaryimage"},"thumbnailUrl":"https:\/\/maringapost.com.br\/orlandogonzalez\/wp-content\/uploads\/sites\/17\/2021\/10\/galojoga.jpg","datePublished":"2021-10-27T21:23:32+00:00","dateModified":"2021-10-27T21:23:32+00:00","author":{"@id":"https:\/\/maringapost.com.br\/orlandogonzalez\/#\/schema\/person\/5cbe6257d08edea6afc9ebaa613b0633"},"inLanguage":"pt-BR","potentialAction":[{"@type":"ReadAction","target":["https:\/\/maringapost.com.br\/orlandogonzalez\/2021\/10\/27\/maringa-atletico-mg-x-fortaleza-decidem-classificacao-a-final-da-copa-do-brasil\/"]}]},{"@type":"ImageObject","inLanguage":"pt-BR","@id":"https:\/\/maringapost.com.br\/orlandogonzalez\/2021\/10\/27\/maringa-atletico-mg-x-fortaleza-decidem-classificacao-a-final-da-copa-do-brasil\/#primaryimage","url":"https:\/\/maringapost.com.br\/orlandogonzalez\/wp-content\/uploads\/sites\/17\/2021\/10\/galojoga.jpg","contentUrl":"https:\/\/maringapost.com.br\/orlandogonzalez\/wp-content\/uploads\/sites\/17\/2021\/10\/galojoga.jpg","width":1170,"height":700},{"@type":"WebSite","@id":"https:\/\/maringapost.com.br\/orlandogonzalez\/#website","url":"https:\/\/maringapost.com.br\/orlandogonzalez\/","name":"Orlando Gonzalez","description":"Destaca o esporte de Maring\u00e1! Destaca o esporte do Paran\u00e1! Destaca o esporte do Brasil!","potentialAction":[{"@type":"SearchAction","target":{"@type":"EntryPoint","urlTemplate":"https:\/\/maringapost.com.br\/orlandogonzalez\/?s={search_term_string}"},"query-input":"required name=search_term_string"}],"inLanguage":"pt-BR"},{"@type":"Person","@id":"https:\/\/maringapost.com.br\/orlandogonzalez\/#\/schema\/person\/5cbe6257d08edea6afc9ebaa613b0633","name":"Orlando Gonzalez","image":{"@type":"ImageObject","inLanguage":"pt-BR","@id":"https:\/\/maringapost.com.br\/orlandogonzalez\/#\/schema\/person\/image\/","url":"https:\/\/secure.gravatar.com\/avatar\/ecef9d1c9afe5ebdafadde8369065ba5?s=96&d=mm&r=g","contentUrl":"https:\/\/secure.gravatar.com\/avatar\/ecef9d1c9afe5ebdafadde8369065ba5?s=96&d=mm&r=g","caption":"Orlando Gonzalez"},"description":"H\u00e1 29 anos na cobertura do esporte de Maring\u00e1. Plant\u00e3o e narrador esportivo. Presta\u00e7\u00e3o de assessoria de imprensa esportiva, cobertura e transmiss\u00f5es ao vivo de eventos esportivos. E-mail: orlandogonzalez.assessoria@gmail.com WhatsApp: (44) 9 9126-6119","sameAs":["http:\/\/www.radiomaringa.com.br\/","https:\/\/www.facebook.com\/profile.php?id=100011095815065","https:\/\/www.instagram.com\/orlandomgonzalez\/","https:\/\/br.pinterest.com\/ogonzalez0530\/","https:\/\/x.com\/gonzalezorlando","https:\/\/www.youtube.com\/channel\/UCvFpl55btth8wjnKiSS1ibA","https:\/\/radiomaringaweb.tumblr.com\/"],"url":"https:\/\/maringapost.com.br\/orlandogonzalez\/author\/orlando\/"}]}},"_links":{"self":[{"href":"https:\/\/maringapost.com.br\/orlandogonzalez\/wp-json\/wp\/v2\/posts\/51544"}],"collection":[{"href":"https:\/\/maringapost.com.br\/orlandogonzalez\/wp-json\/wp\/v2\/posts"}],"about":[{"href":"https:\/\/maringapost.com.br\/orlandogonzalez\/wp-json\/wp\/v2\/types\/post"}],"author":[{"embeddable":true,"href":"https:\/\/maringapost.com.br\/orlandogonzalez\/wp-json\/wp\/v2\/users\/6307"}],"replies":[{"embeddable":true,"href":"https:\/\/maringapost.com.br\/orlandogonzalez\/wp-json\/wp\/v2\/comments?post=51544"}],"version-history":[{"count":1,"href":"https:\/\/maringapost.com.br\/orlandogonzalez\/wp-json\/wp\/v2\/posts\/51544\/revisions"}],"predecessor-version":[{"id":51546,"href":"https:\/\/maringapost.com.br\/orlandogonzalez\/wp-json\/wp\/v2\/posts\/51544\/revisions\/51546"}],"wp:featuredmedia":[{"embeddable":true,"href":"https:\/\/maringapost.com.br\/orlandogonzalez\/wp-json\/wp\/v2\/media\/51545"}],"wp:attachment":[{"href":"https:\/\/maringapost.com.br\/orlandogonzalez\/wp-json\/wp\/v2\/media?parent=51544"}],"wp:term":[{"taxonomy":"category","embeddable":true,"href":"https:\/\/maringapost.com.br\/orlandogonzalez\/wp-json\/wp\/v2\/categories?post=51544"},{"taxonomy":"post_tag","embeddable":true,"href":"https:\/\/maringapost.com.br\/orlandogonzalez\/wp-json\/wp\/v2\/tags?post=51544"}],"curies":[{"name":"wp","href":"https:\/\/api.w.org\/{rel}","templated":true}]}}