{"id":51389,"date":"2021-10-21T11:05:50","date_gmt":"2021-10-21T14:05:50","guid":{"rendered":"https:\/\/maringapost.com.br\/orlandogonzalez\/?p=51389"},"modified":"2021-10-21T11:05:50","modified_gmt":"2021-10-21T14:05:50","slug":"maringa-athletico-e-flamengo-ficam-no-2-a-2-pela-copa-do-brasil","status":"publish","type":"post","link":"https:\/\/maringapost.com.br\/orlandogonzalez\/2021\/10\/21\/maringa-athletico-e-flamengo-ficam-no-2-a-2-pela-copa-do-brasil\/","title":{"rendered":"MARING\u00c1 &#8211; Athletico e Flamengo ficam no 2 a 2 pela Copa do Brasil"},"content":{"rendered":"<div style=\"color: #343434;font-family: Poppins, sans-serif\">\n<p style=\"margin: 0px 0px 20px;line-height: 30px;font-size: 16px\"><span style=\"font-size: 24px\"><span>Athletico-PR<\/span>\u00a0e\u00a0<span>Flamengo<\/span>\u00a0protagonizaram um duelo bastante movimentado na noite desta quarta-feira (20), com direito a virada e gol no \u00faltimo lance. No fim, o primeiro encontro entre as equipes pela\u00a0<span>semifinal da Copa Intelbras do Brasil<\/span>\u00a0terminou com uma igualdade em 2 a 2, na Arena Baixada.<\/span><\/p>\n<p style=\"margin: 0px 0px 20px;line-height: 30px;font-size: 16px\"><span style=\"font-size: 24px\">Com o resultado, o vencedor do segundo e derradeiro confronto avan\u00e7a para a decis\u00e3o. Em caso de um novo empate, o finalista ser\u00e1 decidido nas penalidades. As equipes voltam a se enfrentar na pr\u00f3xima quarta-feira (27), no Maracan\u00e3.\u00a0<\/span><\/p>\n<h4 style=\"font-family: inherit;font-weight: 400;line-height: 1.1;color: #003999;margin: 0px;font-size: 16px;letter-spacing: 0.02em\"><span style=\"font-size: 24px\">O jogo<\/p>\n<p><\/span><\/h4>\n<p style=\"margin: 0px 0px 20px;line-height: 30px;font-size: 16px\"><span style=\"font-size: 24px\">Mandante da partida, o Athletico ensaiou uma press\u00e3o no in\u00edcio do confronto, mas foi o time carioca que abriu vantagem na Arena da Baixada. Aos 14 minutos, na primeira boa chance do Fla, ap\u00f3s cobran\u00e7a de falta, Gabi soltou o p\u00e9 e a bola encontrou\u00a0<span>Thiago Maia<\/span>\u00a0livre na pequena \u00e1rea para fazer 1 a 0.<\/span><\/p>\n<p style=\"margin: 0px 0px 20px;line-height: 30px;font-size: 16px\"><span style=\"font-size: 24px\">No embalo do gol, os visitantes foram para cima e levaram perigo com Gabi e Ar\u00e3o, que pararam nas defesas de Santos.\u00a0Do outro lado, o Furac\u00e3o aos poucos aumentou a intensidade e criou boas oportunidades. Na melhor delas, Diego Alves evitou o empate em cabe\u00e7ada de Erick, aos 39 minutos.\u00a0<\/span><\/p>\n<p style=\"margin: 0px 0px 20px;line-height: 30px;font-size: 16px\"><span style=\"font-size: 24px\">Mantendo o ritmo no come\u00e7o do segundo tempo, os donos da casa deixaram tudo igual, logo aos dois minutos, com\u00a0<span>Pedro Henrique<\/span>, que aproveitou cruzamento na \u00e1rea e testou firme para o fundo das redes. Na resposta r\u00e1pida, o Flamengo chegou com perigo novamente com Thiago Maia, mas o camisa 8 pegou mal na bola e mandou por cima da meta. Na sequ\u00eancia, Michael tamb\u00e9m assustou para os cariocas.\u00a0<\/span><\/p>\n<p style=\"margin: 0px 0px 20px;line-height: 30px;font-size: 16px\"><span style=\"font-size: 24px\">At\u00e9 que, aos 25, o Furac\u00e3o voltou ao ataque e em mais uma jogada pelo alto virou o jogo com\u00a0<span>Renato Kayzer<\/span>. Querendo o empate, o Fla foi para o tudo ou nada e, aos 54 minutos,\u00a0<span>Pedro<\/span>\u00a0de p\u00eanalti deu n\u00fameros finais ao duelo.\u00a0<\/span><\/p>\n<\/div>\n<div id=\"slider2_container\" style=\"color: #343434;font-family: Poppins, sans-serif;margin: 0px auto;width: 892.5px;height: 603.173px\">\n<div style=\"width: 910px;height: 615px\">\n<div class=\"\" style=\"margin: 0px auto;width: 910px;height: 615px;overflow: visible\"><span style=\"font-size: 24px\">(Texto: CBF. Foto: Alexandre Vidal\/Flamengo)<\/span><\/div>\n<\/div>\n<\/div>\n","protected":false},"excerpt":{"rendered":"<p>Athletico-PR\u00a0e\u00a0Flamengo\u00a0protagonizaram um duelo bastante movimentado na noite desta quarta-feira (20), com direito a virada e gol no \u00faltimo lance. No fim, o primeiro encontro entre as equipes pela\u00a0semifinal da Copa Intelbras do Brasil\u00a0terminou com uma igualdade em 2 a 2, na Arena Baixada. Com o resultado, o vencedor do segundo e derradeiro confronto avan\u00e7a para [&hellip;]<\/p>\n","protected":false},"author":6307,"featured_media":51390,"comment_status":"closed","ping_status":"open","sticky":false,"template":"","format":"standard","meta":{"_exactmetrics_skip_tracking":false,"_exactmetrics_sitenote_active":false,"_exactmetrics_sitenote_note":"","_exactmetrics_sitenote_category":0,"footnotes":""},"categories":[1505],"tags":[4688,93],"yoast_head":"<!-- This site is optimized with the Yoast SEO Premium plugin v22.7 (Yoast SEO v22.7) - https:\/\/yoast.com\/wordpress\/plugins\/seo\/ -->\n<title>MARING\u00c1 - Athletico e Flamengo ficam no 2 a 2 pela Copa do Brasil - Orlando Gonzalez<\/title>\n<meta name=\"robots\" content=\"index, follow, max-snippet:-1, max-image-preview:large, max-video-preview:-1\" \/>\n<link rel=\"canonical\" href=\"https:\/\/maringapost.com.br\/orlandogonzalez\/2021\/10\/21\/maringa-athletico-e-flamengo-ficam-no-2-a-2-pela-copa-do-brasil\/\" \/>\n<meta property=\"og:locale\" content=\"pt_BR\" \/>\n<meta property=\"og:type\" content=\"article\" \/>\n<meta property=\"og:title\" content=\"MARING\u00c1 - Athletico e Flamengo ficam no 2 a 2 pela Copa do Brasil\" \/>\n<meta property=\"og:description\" content=\"Athletico-PR\u00a0e\u00a0Flamengo\u00a0protagonizaram um duelo bastante movimentado na noite desta quarta-feira (20), com direito a virada e gol no \u00faltimo lance. No fim, o primeiro encontro entre as equipes pela\u00a0semifinal da Copa Intelbras do Brasil\u00a0terminou com uma igualdade em 2 a 2, na Arena Baixada. Com o resultado, o vencedor do segundo e derradeiro confronto avan\u00e7a para [&hellip;]\" \/>\n<meta property=\"og:url\" content=\"https:\/\/maringapost.com.br\/orlandogonzalez\/2021\/10\/21\/maringa-athletico-e-flamengo-ficam-no-2-a-2-pela-copa-do-brasil\/\" \/>\n<meta property=\"og:site_name\" content=\"Orlando Gonzalez\" \/>\n<meta property=\"article:author\" content=\"https:\/\/www.facebook.com\/profile.php?id=100011095815065\" \/>\n<meta property=\"article:published_time\" content=\"2021-10-21T14:05:50+00:00\" \/>\n<meta property=\"og:image\" content=\"https:\/\/maringapost.com.br\/orlandogonzalez\/wp-content\/uploads\/sites\/17\/2021\/10\/athletico2x2flamengo.jpg\" \/>\n\t<meta property=\"og:image:width\" content=\"1170\" \/>\n\t<meta property=\"og:image:height\" content=\"700\" \/>\n\t<meta property=\"og:image:type\" content=\"image\/jpeg\" \/>\n<meta name=\"author\" content=\"Orlando Gonzalez\" \/>\n<meta name=\"twitter:card\" content=\"summary_large_image\" \/>\n<meta name=\"twitter:creator\" content=\"@gonzalezorlando\" \/>\n<meta name=\"twitter:label1\" content=\"Escrito por\" \/>\n\t<meta name=\"twitter:data1\" content=\"\" \/>\n\t<meta name=\"twitter:label2\" content=\"Est. tempo de leitura\" \/>\n\t<meta name=\"twitter:data2\" content=\"2 minutos\" \/>\n<script type=\"application\/ld+json\" class=\"yoast-schema-graph\">{\"@context\":\"https:\/\/schema.org\",\"@graph\":[{\"@type\":\"WebPage\",\"@id\":\"https:\/\/maringapost.com.br\/orlandogonzalez\/2021\/10\/21\/maringa-athletico-e-flamengo-ficam-no-2-a-2-pela-copa-do-brasil\/\",\"url\":\"https:\/\/maringapost.com.br\/orlandogonzalez\/2021\/10\/21\/maringa-athletico-e-flamengo-ficam-no-2-a-2-pela-copa-do-brasil\/\",\"name\":\"MARING\u00c1 - Athletico e Flamengo ficam no 2 a 2 pela Copa do Brasil - Orlando Gonzalez\",\"isPartOf\":{\"@id\":\"https:\/\/maringapost.com.br\/orlandogonzalez\/#website\"},\"primaryImageOfPage\":{\"@id\":\"https:\/\/maringapost.com.br\/orlandogonzalez\/2021\/10\/21\/maringa-athletico-e-flamengo-ficam-no-2-a-2-pela-copa-do-brasil\/#primaryimage\"},\"image\":{\"@id\":\"https:\/\/maringapost.com.br\/orlandogonzalez\/2021\/10\/21\/maringa-athletico-e-flamengo-ficam-no-2-a-2-pela-copa-do-brasil\/#primaryimage\"},\"thumbnailUrl\":\"https:\/\/maringapost.com.br\/orlandogonzalez\/wp-content\/uploads\/sites\/17\/2021\/10\/athletico2x2flamengo.jpg\",\"datePublished\":\"2021-10-21T14:05:50+00:00\",\"dateModified\":\"2021-10-21T14:05:50+00:00\",\"author\":{\"@id\":\"https:\/\/maringapost.com.br\/orlandogonzalez\/#\/schema\/person\/5cbe6257d08edea6afc9ebaa613b0633\"},\"inLanguage\":\"pt-BR\",\"potentialAction\":[{\"@type\":\"ReadAction\",\"target\":[\"https:\/\/maringapost.com.br\/orlandogonzalez\/2021\/10\/21\/maringa-athletico-e-flamengo-ficam-no-2-a-2-pela-copa-do-brasil\/\"]}]},{\"@type\":\"ImageObject\",\"inLanguage\":\"pt-BR\",\"@id\":\"https:\/\/maringapost.com.br\/orlandogonzalez\/2021\/10\/21\/maringa-athletico-e-flamengo-ficam-no-2-a-2-pela-copa-do-brasil\/#primaryimage\",\"url\":\"https:\/\/maringapost.com.br\/orlandogonzalez\/wp-content\/uploads\/sites\/17\/2021\/10\/athletico2x2flamengo.jpg\",\"contentUrl\":\"https:\/\/maringapost.com.br\/orlandogonzalez\/wp-content\/uploads\/sites\/17\/2021\/10\/athletico2x2flamengo.jpg\",\"width\":1170,\"height\":700},{\"@type\":\"WebSite\",\"@id\":\"https:\/\/maringapost.com.br\/orlandogonzalez\/#website\",\"url\":\"https:\/\/maringapost.com.br\/orlandogonzalez\/\",\"name\":\"Orlando Gonzalez\",\"description\":\"Destaca o esporte de Maring\u00e1! Destaca o esporte do Paran\u00e1! Destaca o esporte do Brasil!\",\"potentialAction\":[{\"@type\":\"SearchAction\",\"target\":{\"@type\":\"EntryPoint\",\"urlTemplate\":\"https:\/\/maringapost.com.br\/orlandogonzalez\/?s={search_term_string}\"},\"query-input\":\"required name=search_term_string\"}],\"inLanguage\":\"pt-BR\"},{\"@type\":\"Person\",\"@id\":\"https:\/\/maringapost.com.br\/orlandogonzalez\/#\/schema\/person\/5cbe6257d08edea6afc9ebaa613b0633\",\"name\":\"Orlando Gonzalez\",\"image\":{\"@type\":\"ImageObject\",\"inLanguage\":\"pt-BR\",\"@id\":\"https:\/\/maringapost.com.br\/orlandogonzalez\/#\/schema\/person\/image\/\",\"url\":\"https:\/\/secure.gravatar.com\/avatar\/ecef9d1c9afe5ebdafadde8369065ba5?s=96&d=mm&r=g\",\"contentUrl\":\"https:\/\/secure.gravatar.com\/avatar\/ecef9d1c9afe5ebdafadde8369065ba5?s=96&d=mm&r=g\",\"caption\":\"Orlando Gonzalez\"},\"description\":\"H\u00e1 29 anos na cobertura do esporte de Maring\u00e1. Plant\u00e3o e narrador esportivo. Presta\u00e7\u00e3o de assessoria de imprensa esportiva, cobertura e transmiss\u00f5es ao vivo de eventos esportivos. E-mail: orlandogonzalez.assessoria@gmail.com WhatsApp: (44) 9 9126-6119\",\"sameAs\":[\"http:\/\/www.radiomaringa.com.br\/\",\"https:\/\/www.facebook.com\/profile.php?id=100011095815065\",\"https:\/\/www.instagram.com\/orlandomgonzalez\/\",\"https:\/\/br.pinterest.com\/ogonzalez0530\/\",\"https:\/\/x.com\/gonzalezorlando\",\"https:\/\/www.youtube.com\/channel\/UCvFpl55btth8wjnKiSS1ibA\",\"https:\/\/radiomaringaweb.tumblr.com\/\"],\"url\":\"https:\/\/maringapost.com.br\/orlandogonzalez\/author\/orlando\/\"}]}<\/script>\n<!-- \/ Yoast SEO Premium plugin. -->","yoast_head_json":{"title":"MARING\u00c1 - Athletico e Flamengo ficam no 2 a 2 pela Copa do Brasil - Orlando Gonzalez","robots":{"index":"index","follow":"follow","max-snippet":"max-snippet:-1","max-image-preview":"max-image-preview:large","max-video-preview":"max-video-preview:-1"},"canonical":"https:\/\/maringapost.com.br\/orlandogonzalez\/2021\/10\/21\/maringa-athletico-e-flamengo-ficam-no-2-a-2-pela-copa-do-brasil\/","og_locale":"pt_BR","og_type":"article","og_title":"MARING\u00c1 - Athletico e Flamengo ficam no 2 a 2 pela Copa do Brasil","og_description":"Athletico-PR\u00a0e\u00a0Flamengo\u00a0protagonizaram um duelo bastante movimentado na noite desta quarta-feira (20), com direito a virada e gol no \u00faltimo lance. No fim, o primeiro encontro entre as equipes pela\u00a0semifinal da Copa Intelbras do Brasil\u00a0terminou com uma igualdade em 2 a 2, na Arena Baixada. Com o resultado, o vencedor do segundo e derradeiro confronto avan\u00e7a para [&hellip;]","og_url":"https:\/\/maringapost.com.br\/orlandogonzalez\/2021\/10\/21\/maringa-athletico-e-flamengo-ficam-no-2-a-2-pela-copa-do-brasil\/","og_site_name":"Orlando Gonzalez","article_author":"https:\/\/www.facebook.com\/profile.php?id=100011095815065","article_published_time":"2021-10-21T14:05:50+00:00","og_image":[{"width":1170,"height":700,"url":"https:\/\/maringapost.com.br\/orlandogonzalez\/wp-content\/uploads\/sites\/17\/2021\/10\/athletico2x2flamengo.jpg","type":"image\/jpeg"}],"author":"Orlando Gonzalez","twitter_card":"summary_large_image","twitter_creator":"@gonzalezorlando","twitter_misc":{"Escrito por":false,"Est. tempo de leitura":"2 minutos"},"schema":{"@context":"https:\/\/schema.org","@graph":[{"@type":"WebPage","@id":"https:\/\/maringapost.com.br\/orlandogonzalez\/2021\/10\/21\/maringa-athletico-e-flamengo-ficam-no-2-a-2-pela-copa-do-brasil\/","url":"https:\/\/maringapost.com.br\/orlandogonzalez\/2021\/10\/21\/maringa-athletico-e-flamengo-ficam-no-2-a-2-pela-copa-do-brasil\/","name":"MARING\u00c1 - Athletico e Flamengo ficam no 2 a 2 pela Copa do Brasil - Orlando Gonzalez","isPartOf":{"@id":"https:\/\/maringapost.com.br\/orlandogonzalez\/#website"},"primaryImageOfPage":{"@id":"https:\/\/maringapost.com.br\/orlandogonzalez\/2021\/10\/21\/maringa-athletico-e-flamengo-ficam-no-2-a-2-pela-copa-do-brasil\/#primaryimage"},"image":{"@id":"https:\/\/maringapost.com.br\/orlandogonzalez\/2021\/10\/21\/maringa-athletico-e-flamengo-ficam-no-2-a-2-pela-copa-do-brasil\/#primaryimage"},"thumbnailUrl":"https:\/\/maringapost.com.br\/orlandogonzalez\/wp-content\/uploads\/sites\/17\/2021\/10\/athletico2x2flamengo.jpg","datePublished":"2021-10-21T14:05:50+00:00","dateModified":"2021-10-21T14:05:50+00:00","author":{"@id":"https:\/\/maringapost.com.br\/orlandogonzalez\/#\/schema\/person\/5cbe6257d08edea6afc9ebaa613b0633"},"inLanguage":"pt-BR","potentialAction":[{"@type":"ReadAction","target":["https:\/\/maringapost.com.br\/orlandogonzalez\/2021\/10\/21\/maringa-athletico-e-flamengo-ficam-no-2-a-2-pela-copa-do-brasil\/"]}]},{"@type":"ImageObject","inLanguage":"pt-BR","@id":"https:\/\/maringapost.com.br\/orlandogonzalez\/2021\/10\/21\/maringa-athletico-e-flamengo-ficam-no-2-a-2-pela-copa-do-brasil\/#primaryimage","url":"https:\/\/maringapost.com.br\/orlandogonzalez\/wp-content\/uploads\/sites\/17\/2021\/10\/athletico2x2flamengo.jpg","contentUrl":"https:\/\/maringapost.com.br\/orlandogonzalez\/wp-content\/uploads\/sites\/17\/2021\/10\/athletico2x2flamengo.jpg","width":1170,"height":700},{"@type":"WebSite","@id":"https:\/\/maringapost.com.br\/orlandogonzalez\/#website","url":"https:\/\/maringapost.com.br\/orlandogonzalez\/","name":"Orlando Gonzalez","description":"Destaca o esporte de Maring\u00e1! Destaca o esporte do Paran\u00e1! Destaca o esporte do Brasil!","potentialAction":[{"@type":"SearchAction","target":{"@type":"EntryPoint","urlTemplate":"https:\/\/maringapost.com.br\/orlandogonzalez\/?s={search_term_string}"},"query-input":"required name=search_term_string"}],"inLanguage":"pt-BR"},{"@type":"Person","@id":"https:\/\/maringapost.com.br\/orlandogonzalez\/#\/schema\/person\/5cbe6257d08edea6afc9ebaa613b0633","name":"Orlando Gonzalez","image":{"@type":"ImageObject","inLanguage":"pt-BR","@id":"https:\/\/maringapost.com.br\/orlandogonzalez\/#\/schema\/person\/image\/","url":"https:\/\/secure.gravatar.com\/avatar\/ecef9d1c9afe5ebdafadde8369065ba5?s=96&d=mm&r=g","contentUrl":"https:\/\/secure.gravatar.com\/avatar\/ecef9d1c9afe5ebdafadde8369065ba5?s=96&d=mm&r=g","caption":"Orlando Gonzalez"},"description":"H\u00e1 29 anos na cobertura do esporte de Maring\u00e1. Plant\u00e3o e narrador esportivo. Presta\u00e7\u00e3o de assessoria de imprensa esportiva, cobertura e transmiss\u00f5es ao vivo de eventos esportivos. E-mail: orlandogonzalez.assessoria@gmail.com WhatsApp: (44) 9 9126-6119","sameAs":["http:\/\/www.radiomaringa.com.br\/","https:\/\/www.facebook.com\/profile.php?id=100011095815065","https:\/\/www.instagram.com\/orlandomgonzalez\/","https:\/\/br.pinterest.com\/ogonzalez0530\/","https:\/\/x.com\/gonzalezorlando","https:\/\/www.youtube.com\/channel\/UCvFpl55btth8wjnKiSS1ibA","https:\/\/radiomaringaweb.tumblr.com\/"],"url":"https:\/\/maringapost.com.br\/orlandogonzalez\/author\/orlando\/"}]}},"_links":{"self":[{"href":"https:\/\/maringapost.com.br\/orlandogonzalez\/wp-json\/wp\/v2\/posts\/51389"}],"collection":[{"href":"https:\/\/maringapost.com.br\/orlandogonzalez\/wp-json\/wp\/v2\/posts"}],"about":[{"href":"https:\/\/maringapost.com.br\/orlandogonzalez\/wp-json\/wp\/v2\/types\/post"}],"author":[{"embeddable":true,"href":"https:\/\/maringapost.com.br\/orlandogonzalez\/wp-json\/wp\/v2\/users\/6307"}],"replies":[{"embeddable":true,"href":"https:\/\/maringapost.com.br\/orlandogonzalez\/wp-json\/wp\/v2\/comments?post=51389"}],"version-history":[{"count":1,"href":"https:\/\/maringapost.com.br\/orlandogonzalez\/wp-json\/wp\/v2\/posts\/51389\/revisions"}],"predecessor-version":[{"id":51391,"href":"https:\/\/maringapost.com.br\/orlandogonzalez\/wp-json\/wp\/v2\/posts\/51389\/revisions\/51391"}],"wp:featuredmedia":[{"embeddable":true,"href":"https:\/\/maringapost.com.br\/orlandogonzalez\/wp-json\/wp\/v2\/media\/51390"}],"wp:attachment":[{"href":"https:\/\/maringapost.com.br\/orlandogonzalez\/wp-json\/wp\/v2\/media?parent=51389"}],"wp:term":[{"taxonomy":"category","embeddable":true,"href":"https:\/\/maringapost.com.br\/orlandogonzalez\/wp-json\/wp\/v2\/categories?post=51389"},{"taxonomy":"post_tag","embeddable":true,"href":"https:\/\/maringapost.com.br\/orlandogonzalez\/wp-json\/wp\/v2\/tags?post=51389"}],"curies":[{"name":"wp","href":"https:\/\/api.w.org\/{rel}","templated":true}]}}