{"id":51376,"date":"2021-10-20T13:51:11","date_gmt":"2021-10-20T16:51:11","guid":{"rendered":"https:\/\/maringapost.com.br\/orlandogonzalez\/?p=51376"},"modified":"2021-10-20T14:34:47","modified_gmt":"2021-10-20T17:34:47","slug":"maringa-londrina-podera-ter-fato-inedito-na-historia-do-automobilismo","status":"publish","type":"post","link":"https:\/\/maringapost.com.br\/orlandogonzalez\/2021\/10\/20\/maringa-londrina-podera-ter-fato-inedito-na-historia-do-automobilismo\/","title":{"rendered":"MARING\u00c1 &#8211; Londrina poder\u00e1 ter fato in\u00e9dito na hist\u00f3ria do automobilismo"},"content":{"rendered":"<p><span style=\"font-size: x-large\">Vencer uma prova tradicional de longa dura\u00e7\u00e3o \u00e9 importante para o curr\u00edculo de qualquer piloto. Agora vencer duas, e no mesmo dia, ser\u00e1 um fato in\u00e9dito que garantir\u00e1 registro na hist\u00f3ria do automobilismo brasileiro. Isto poder\u00e1 acontecer no pr\u00f3ximo s\u00e1bado (23), quando ser\u00e1 realizada a Prova Comemorativa 500, no Aut\u00f3dromo Internacional Ayrton Senna, em Londrina, no Norte do Paran\u00e1. A competi\u00e7\u00e3o ser\u00e1 v\u00e1lida pela 29\u00aa edi\u00e7\u00e3o das 500 Milhas de Londrina e pela 37\u00aa edi\u00e7\u00e3o dos 500 Km de S\u00e3o Paulo.<\/span><\/p>\n<p><span style=\"font-size: x-large\">\u00a0<\/span><\/p>\n<p><span style=\"font-size: x-large\">Quando a corrida completar os 500 Km de S\u00e3o Paulo, a dire\u00e7\u00e3o de prova dar\u00e1 uma bandeirada, mas a competi\u00e7\u00e3o continua at\u00e9 se completar as 500 Milhas de Londrina, Assim, o ganhador dos 500 Km continuar\u00e1 na pista em busca da vit\u00f3ria tamb\u00e9m nas 500 Milhas e de colocar o nome da dupla ou trio na hist\u00f3ria do automobilismo brasileiro.\u00a0\u00a0<\/span><\/p>\n<p><span style=\"font-size: x-large\">\u00a0\u00a0\u00a0\u00a0\u00a0\u00a0\u00a0\u00a0\u00a0\u00a0\u00a0\u00a0\u00a0\u00a0\u00a0\u00a0\u00a0\u00a0\u00a0<strong>Esquadr\u00e3o paulista<\/strong><\/span><\/p>\n<p><span style=\"font-size: x-large\">As inscri\u00e7\u00f5es para a Prova Comemorativa 500 s\u00f3 se encerram nesta sexta-feira, minutos antes do in\u00edcio dos treinos classificat\u00f3rios para a defini\u00e7\u00e3o do grid de largada, mas j\u00e1 se desenha que S\u00e3o Paulo ter\u00e1 um \u201cesquadr\u00e3o\u201d na competi\u00e7\u00e3o. A grande maioria ser\u00e1 formada por trios.<\/span><\/p>\n<p><span style=\"font-size: x-large\">\u00a0<\/span><\/p>\n<p><span style=\"font-size: x-large\">Entre as equipes de S\u00e3o Paulo j\u00e1 confirmadas nas 500 Milhas de Londrina e nos 500 Km de S\u00e3o Paulo est\u00e1 a Guerra, que colocar\u00e1 na pista o Prot\u00f3tipo Spyder 2.0, com o n\u00famero 6. Ele ser\u00e1 pilotado pelo trio formado por Caio Lacerda, Giovanni Almeida e Humberto Guerra J\u00fanior.\u00a0<\/span><\/p>\n<p><span style=\"font-size: x-large\">\u00a0\u00a0\u00a0\u00a0\u00a0\u00a0\u00a0\u00a0\u00a0\u00a0\u00a0\u00a0\u00a0\u00a0\u00a0\u00a0\u00a0\u00a0\u00a0<strong>Programa\u00e7\u00e3o<\/strong><\/span><\/p>\n<p><span style=\"font-size: x-large\">A programa\u00e7\u00e3o da Prova Comemorativa 500 come\u00e7a nesta sexta-feira, a partir das 8h30, com treinos livres das 500 Milhas\/500 KM e da Speed Fusca, que far\u00e1 a preliminar.<\/span><\/p>\n<p><span style=\"font-size: x-large\">\u00a0<\/span><\/p>\n<p><span style=\"font-size: x-large\">Os treinos classificat\u00f3rios ser\u00e3o \u00e0 tarde. Das 16h10 \u00e0s 16h25 definido o grid de largada da Speed Fusca; das 16h35 \u00e0s 16h50, treino classificat\u00f3rio 500 Milhas\/500 km &#8211; Grupo I, II, III; das 17h00 \u00e0s 17h15, treino classificat\u00f3rio 500 Ilhas\/500 km Grupo IV, V, VI; e das 19h15 \u00e0s 20h00,\u00a0\u00a02\u00aa tomada de tempo geral 500 Milhas\/500 km.<\/span><\/p>\n<p><span style=\"font-size: x-large\">No s\u00e1bado, a Speed Fusca ter\u00e1 a largada da primeira corrida \u00e0s 10h45 e a segunda \u00e0s 13h10. Cada uma ter\u00e1 a dura\u00e7\u00e3o de 30 minutos, mais uma volta.\u00a0A largada das 500 Milhas\/500 Km est\u00e1 marcada para \u00e0s 15 horas.<\/span><\/p>\n<p><span style=\"font-size: x-large\">\u00a0<\/span><\/p>\n<p><span style=\"font-size: x-large\">A promo\u00e7\u00e3o e organiza\u00e7\u00e3o das 500 Milhas\/500 Km de S\u00e3o Paulo s\u00e3o de Beto Borghesi, Aloysio Moreira e Silvio Zambello, supervis\u00e3o da Federa\u00e7\u00e3o Paranaense de Automobilismo (FPrA) e apoio do Hotel Cristal, Iticon Construtora, Hastan Motors, Bravo Publicidade, Conasa, Mais Sa\u00fade e Pneus Yokohama.<\/span><\/p>\n<p><span style=\"font-size: x-large\">(Foto: Divulga\u00e7\u00e3o)<\/span><\/p>\n","protected":false},"excerpt":{"rendered":"<p>Vencer uma prova tradicional de longa dura\u00e7\u00e3o \u00e9 importante para o curr\u00edculo de qualquer piloto. Agora vencer duas, e no mesmo dia, ser\u00e1 um fato in\u00e9dito que garantir\u00e1 registro na hist\u00f3ria do automobilismo brasileiro. Isto poder\u00e1 acontecer no pr\u00f3ximo s\u00e1bado (23), quando ser\u00e1 realizada a Prova Comemorativa 500, no Aut\u00f3dromo Internacional Ayrton Senna, em Londrina, [&hellip;]<\/p>\n","protected":false},"author":6307,"featured_media":51377,"comment_status":"closed","ping_status":"open","sticky":false,"template":"","format":"standard","meta":{"_exactmetrics_skip_tracking":false,"_exactmetrics_sitenote_active":false,"_exactmetrics_sitenote_note":"","_exactmetrics_sitenote_category":0,"footnotes":""},"categories":[1267],"tags":[8910],"yoast_head":"<!-- This site is optimized with the Yoast SEO Premium plugin v22.7 (Yoast SEO v22.7) - https:\/\/yoast.com\/wordpress\/plugins\/seo\/ -->\n<title>MARING\u00c1 - Londrina poder\u00e1 ter fato in\u00e9dito na hist\u00f3ria do automobilismo - Orlando Gonzalez<\/title>\n<meta name=\"robots\" content=\"index, follow, max-snippet:-1, max-image-preview:large, max-video-preview:-1\" \/>\n<link rel=\"canonical\" href=\"https:\/\/maringapost.com.br\/orlandogonzalez\/2021\/10\/20\/maringa-londrina-podera-ter-fato-inedito-na-historia-do-automobilismo\/\" \/>\n<meta property=\"og:locale\" content=\"pt_BR\" \/>\n<meta property=\"og:type\" content=\"article\" \/>\n<meta property=\"og:title\" content=\"MARING\u00c1 - Londrina poder\u00e1 ter fato in\u00e9dito na hist\u00f3ria do automobilismo\" \/>\n<meta property=\"og:description\" content=\"Vencer uma prova tradicional de longa dura\u00e7\u00e3o \u00e9 importante para o curr\u00edculo de qualquer piloto. Agora vencer duas, e no mesmo dia, ser\u00e1 um fato in\u00e9dito que garantir\u00e1 registro na hist\u00f3ria do automobilismo brasileiro. Isto poder\u00e1 acontecer no pr\u00f3ximo s\u00e1bado (23), quando ser\u00e1 realizada a Prova Comemorativa 500, no Aut\u00f3dromo Internacional Ayrton Senna, em Londrina, [&hellip;]\" \/>\n<meta property=\"og:url\" content=\"https:\/\/maringapost.com.br\/orlandogonzalez\/2021\/10\/20\/maringa-londrina-podera-ter-fato-inedito-na-historia-do-automobilismo\/\" \/>\n<meta property=\"og:site_name\" content=\"Orlando Gonzalez\" \/>\n<meta property=\"article:author\" content=\"https:\/\/www.facebook.com\/profile.php?id=100011095815065\" \/>\n<meta property=\"article:published_time\" content=\"2021-10-20T16:51:11+00:00\" \/>\n<meta property=\"article:modified_time\" content=\"2021-10-20T17:34:47+00:00\" \/>\n<meta property=\"og:image\" content=\"https:\/\/maringapost.com.br\/orlandogonzalez\/wp-content\/uploads\/sites\/17\/2021\/10\/Equipe-Guerra.jpg\" \/>\n\t<meta property=\"og:image:width\" content=\"1124\" \/>\n\t<meta property=\"og:image:height\" content=\"701\" \/>\n\t<meta property=\"og:image:type\" content=\"image\/jpeg\" \/>\n<meta name=\"author\" content=\"Orlando Gonzalez\" \/>\n<meta name=\"twitter:card\" content=\"summary_large_image\" \/>\n<meta name=\"twitter:creator\" content=\"@gonzalezorlando\" \/>\n<meta name=\"twitter:label1\" content=\"Escrito por\" \/>\n\t<meta name=\"twitter:data1\" content=\"\" \/>\n\t<meta name=\"twitter:label2\" content=\"Est. tempo de leitura\" \/>\n\t<meta name=\"twitter:data2\" content=\"2 minutos\" \/>\n<script type=\"application\/ld+json\" class=\"yoast-schema-graph\">{\"@context\":\"https:\/\/schema.org\",\"@graph\":[{\"@type\":\"WebPage\",\"@id\":\"https:\/\/maringapost.com.br\/orlandogonzalez\/2021\/10\/20\/maringa-londrina-podera-ter-fato-inedito-na-historia-do-automobilismo\/\",\"url\":\"https:\/\/maringapost.com.br\/orlandogonzalez\/2021\/10\/20\/maringa-londrina-podera-ter-fato-inedito-na-historia-do-automobilismo\/\",\"name\":\"MARING\u00c1 - Londrina poder\u00e1 ter fato in\u00e9dito na hist\u00f3ria do automobilismo - Orlando Gonzalez\",\"isPartOf\":{\"@id\":\"https:\/\/maringapost.com.br\/orlandogonzalez\/#website\"},\"primaryImageOfPage\":{\"@id\":\"https:\/\/maringapost.com.br\/orlandogonzalez\/2021\/10\/20\/maringa-londrina-podera-ter-fato-inedito-na-historia-do-automobilismo\/#primaryimage\"},\"image\":{\"@id\":\"https:\/\/maringapost.com.br\/orlandogonzalez\/2021\/10\/20\/maringa-londrina-podera-ter-fato-inedito-na-historia-do-automobilismo\/#primaryimage\"},\"thumbnailUrl\":\"https:\/\/maringapost.com.br\/orlandogonzalez\/wp-content\/uploads\/sites\/17\/2021\/10\/Equipe-Guerra.jpg\",\"datePublished\":\"2021-10-20T16:51:11+00:00\",\"dateModified\":\"2021-10-20T17:34:47+00:00\",\"author\":{\"@id\":\"https:\/\/maringapost.com.br\/orlandogonzalez\/#\/schema\/person\/5cbe6257d08edea6afc9ebaa613b0633\"},\"inLanguage\":\"pt-BR\",\"potentialAction\":[{\"@type\":\"ReadAction\",\"target\":[\"https:\/\/maringapost.com.br\/orlandogonzalez\/2021\/10\/20\/maringa-londrina-podera-ter-fato-inedito-na-historia-do-automobilismo\/\"]}]},{\"@type\":\"ImageObject\",\"inLanguage\":\"pt-BR\",\"@id\":\"https:\/\/maringapost.com.br\/orlandogonzalez\/2021\/10\/20\/maringa-londrina-podera-ter-fato-inedito-na-historia-do-automobilismo\/#primaryimage\",\"url\":\"https:\/\/maringapost.com.br\/orlandogonzalez\/wp-content\/uploads\/sites\/17\/2021\/10\/Equipe-Guerra.jpg\",\"contentUrl\":\"https:\/\/maringapost.com.br\/orlandogonzalez\/wp-content\/uploads\/sites\/17\/2021\/10\/Equipe-Guerra.jpg\",\"width\":1124,\"height\":701},{\"@type\":\"WebSite\",\"@id\":\"https:\/\/maringapost.com.br\/orlandogonzalez\/#website\",\"url\":\"https:\/\/maringapost.com.br\/orlandogonzalez\/\",\"name\":\"Orlando Gonzalez\",\"description\":\"Destaca o esporte de Maring\u00e1! Destaca o esporte do Paran\u00e1! Destaca o esporte do Brasil!\",\"potentialAction\":[{\"@type\":\"SearchAction\",\"target\":{\"@type\":\"EntryPoint\",\"urlTemplate\":\"https:\/\/maringapost.com.br\/orlandogonzalez\/?s={search_term_string}\"},\"query-input\":\"required name=search_term_string\"}],\"inLanguage\":\"pt-BR\"},{\"@type\":\"Person\",\"@id\":\"https:\/\/maringapost.com.br\/orlandogonzalez\/#\/schema\/person\/5cbe6257d08edea6afc9ebaa613b0633\",\"name\":\"Orlando Gonzalez\",\"image\":{\"@type\":\"ImageObject\",\"inLanguage\":\"pt-BR\",\"@id\":\"https:\/\/maringapost.com.br\/orlandogonzalez\/#\/schema\/person\/image\/\",\"url\":\"https:\/\/secure.gravatar.com\/avatar\/ecef9d1c9afe5ebdafadde8369065ba5?s=96&d=mm&r=g\",\"contentUrl\":\"https:\/\/secure.gravatar.com\/avatar\/ecef9d1c9afe5ebdafadde8369065ba5?s=96&d=mm&r=g\",\"caption\":\"Orlando Gonzalez\"},\"description\":\"H\u00e1 29 anos na cobertura do esporte de Maring\u00e1. Plant\u00e3o e narrador esportivo. Presta\u00e7\u00e3o de assessoria de imprensa esportiva, cobertura e transmiss\u00f5es ao vivo de eventos esportivos. E-mail: orlandogonzalez.assessoria@gmail.com WhatsApp: (44) 9 9126-6119\",\"sameAs\":[\"http:\/\/www.radiomaringa.com.br\/\",\"https:\/\/www.facebook.com\/profile.php?id=100011095815065\",\"https:\/\/www.instagram.com\/orlandomgonzalez\/\",\"https:\/\/br.pinterest.com\/ogonzalez0530\/\",\"https:\/\/x.com\/gonzalezorlando\",\"https:\/\/www.youtube.com\/channel\/UCvFpl55btth8wjnKiSS1ibA\",\"https:\/\/radiomaringaweb.tumblr.com\/\"],\"url\":\"https:\/\/maringapost.com.br\/orlandogonzalez\/author\/orlando\/\"}]}<\/script>\n<!-- \/ Yoast SEO Premium plugin. -->","yoast_head_json":{"title":"MARING\u00c1 - Londrina poder\u00e1 ter fato in\u00e9dito na hist\u00f3ria do automobilismo - Orlando Gonzalez","robots":{"index":"index","follow":"follow","max-snippet":"max-snippet:-1","max-image-preview":"max-image-preview:large","max-video-preview":"max-video-preview:-1"},"canonical":"https:\/\/maringapost.com.br\/orlandogonzalez\/2021\/10\/20\/maringa-londrina-podera-ter-fato-inedito-na-historia-do-automobilismo\/","og_locale":"pt_BR","og_type":"article","og_title":"MARING\u00c1 - Londrina poder\u00e1 ter fato in\u00e9dito na hist\u00f3ria do automobilismo","og_description":"Vencer uma prova tradicional de longa dura\u00e7\u00e3o \u00e9 importante para o curr\u00edculo de qualquer piloto. Agora vencer duas, e no mesmo dia, ser\u00e1 um fato in\u00e9dito que garantir\u00e1 registro na hist\u00f3ria do automobilismo brasileiro. Isto poder\u00e1 acontecer no pr\u00f3ximo s\u00e1bado (23), quando ser\u00e1 realizada a Prova Comemorativa 500, no Aut\u00f3dromo Internacional Ayrton Senna, em Londrina, [&hellip;]","og_url":"https:\/\/maringapost.com.br\/orlandogonzalez\/2021\/10\/20\/maringa-londrina-podera-ter-fato-inedito-na-historia-do-automobilismo\/","og_site_name":"Orlando Gonzalez","article_author":"https:\/\/www.facebook.com\/profile.php?id=100011095815065","article_published_time":"2021-10-20T16:51:11+00:00","article_modified_time":"2021-10-20T17:34:47+00:00","og_image":[{"width":1124,"height":701,"url":"https:\/\/maringapost.com.br\/orlandogonzalez\/wp-content\/uploads\/sites\/17\/2021\/10\/Equipe-Guerra.jpg","type":"image\/jpeg"}],"author":"Orlando Gonzalez","twitter_card":"summary_large_image","twitter_creator":"@gonzalezorlando","twitter_misc":{"Escrito por":false,"Est. tempo de leitura":"2 minutos"},"schema":{"@context":"https:\/\/schema.org","@graph":[{"@type":"WebPage","@id":"https:\/\/maringapost.com.br\/orlandogonzalez\/2021\/10\/20\/maringa-londrina-podera-ter-fato-inedito-na-historia-do-automobilismo\/","url":"https:\/\/maringapost.com.br\/orlandogonzalez\/2021\/10\/20\/maringa-londrina-podera-ter-fato-inedito-na-historia-do-automobilismo\/","name":"MARING\u00c1 - Londrina poder\u00e1 ter fato in\u00e9dito na hist\u00f3ria do automobilismo - Orlando Gonzalez","isPartOf":{"@id":"https:\/\/maringapost.com.br\/orlandogonzalez\/#website"},"primaryImageOfPage":{"@id":"https:\/\/maringapost.com.br\/orlandogonzalez\/2021\/10\/20\/maringa-londrina-podera-ter-fato-inedito-na-historia-do-automobilismo\/#primaryimage"},"image":{"@id":"https:\/\/maringapost.com.br\/orlandogonzalez\/2021\/10\/20\/maringa-londrina-podera-ter-fato-inedito-na-historia-do-automobilismo\/#primaryimage"},"thumbnailUrl":"https:\/\/maringapost.com.br\/orlandogonzalez\/wp-content\/uploads\/sites\/17\/2021\/10\/Equipe-Guerra.jpg","datePublished":"2021-10-20T16:51:11+00:00","dateModified":"2021-10-20T17:34:47+00:00","author":{"@id":"https:\/\/maringapost.com.br\/orlandogonzalez\/#\/schema\/person\/5cbe6257d08edea6afc9ebaa613b0633"},"inLanguage":"pt-BR","potentialAction":[{"@type":"ReadAction","target":["https:\/\/maringapost.com.br\/orlandogonzalez\/2021\/10\/20\/maringa-londrina-podera-ter-fato-inedito-na-historia-do-automobilismo\/"]}]},{"@type":"ImageObject","inLanguage":"pt-BR","@id":"https:\/\/maringapost.com.br\/orlandogonzalez\/2021\/10\/20\/maringa-londrina-podera-ter-fato-inedito-na-historia-do-automobilismo\/#primaryimage","url":"https:\/\/maringapost.com.br\/orlandogonzalez\/wp-content\/uploads\/sites\/17\/2021\/10\/Equipe-Guerra.jpg","contentUrl":"https:\/\/maringapost.com.br\/orlandogonzalez\/wp-content\/uploads\/sites\/17\/2021\/10\/Equipe-Guerra.jpg","width":1124,"height":701},{"@type":"WebSite","@id":"https:\/\/maringapost.com.br\/orlandogonzalez\/#website","url":"https:\/\/maringapost.com.br\/orlandogonzalez\/","name":"Orlando Gonzalez","description":"Destaca o esporte de Maring\u00e1! Destaca o esporte do Paran\u00e1! Destaca o esporte do Brasil!","potentialAction":[{"@type":"SearchAction","target":{"@type":"EntryPoint","urlTemplate":"https:\/\/maringapost.com.br\/orlandogonzalez\/?s={search_term_string}"},"query-input":"required name=search_term_string"}],"inLanguage":"pt-BR"},{"@type":"Person","@id":"https:\/\/maringapost.com.br\/orlandogonzalez\/#\/schema\/person\/5cbe6257d08edea6afc9ebaa613b0633","name":"Orlando Gonzalez","image":{"@type":"ImageObject","inLanguage":"pt-BR","@id":"https:\/\/maringapost.com.br\/orlandogonzalez\/#\/schema\/person\/image\/","url":"https:\/\/secure.gravatar.com\/avatar\/ecef9d1c9afe5ebdafadde8369065ba5?s=96&d=mm&r=g","contentUrl":"https:\/\/secure.gravatar.com\/avatar\/ecef9d1c9afe5ebdafadde8369065ba5?s=96&d=mm&r=g","caption":"Orlando Gonzalez"},"description":"H\u00e1 29 anos na cobertura do esporte de Maring\u00e1. Plant\u00e3o e narrador esportivo. Presta\u00e7\u00e3o de assessoria de imprensa esportiva, cobertura e transmiss\u00f5es ao vivo de eventos esportivos. E-mail: orlandogonzalez.assessoria@gmail.com WhatsApp: (44) 9 9126-6119","sameAs":["http:\/\/www.radiomaringa.com.br\/","https:\/\/www.facebook.com\/profile.php?id=100011095815065","https:\/\/www.instagram.com\/orlandomgonzalez\/","https:\/\/br.pinterest.com\/ogonzalez0530\/","https:\/\/x.com\/gonzalezorlando","https:\/\/www.youtube.com\/channel\/UCvFpl55btth8wjnKiSS1ibA","https:\/\/radiomaringaweb.tumblr.com\/"],"url":"https:\/\/maringapost.com.br\/orlandogonzalez\/author\/orlando\/"}]}},"_links":{"self":[{"href":"https:\/\/maringapost.com.br\/orlandogonzalez\/wp-json\/wp\/v2\/posts\/51376"}],"collection":[{"href":"https:\/\/maringapost.com.br\/orlandogonzalez\/wp-json\/wp\/v2\/posts"}],"about":[{"href":"https:\/\/maringapost.com.br\/orlandogonzalez\/wp-json\/wp\/v2\/types\/post"}],"author":[{"embeddable":true,"href":"https:\/\/maringapost.com.br\/orlandogonzalez\/wp-json\/wp\/v2\/users\/6307"}],"replies":[{"embeddable":true,"href":"https:\/\/maringapost.com.br\/orlandogonzalez\/wp-json\/wp\/v2\/comments?post=51376"}],"version-history":[{"count":3,"href":"https:\/\/maringapost.com.br\/orlandogonzalez\/wp-json\/wp\/v2\/posts\/51376\/revisions"}],"predecessor-version":[{"id":51380,"href":"https:\/\/maringapost.com.br\/orlandogonzalez\/wp-json\/wp\/v2\/posts\/51376\/revisions\/51380"}],"wp:featuredmedia":[{"embeddable":true,"href":"https:\/\/maringapost.com.br\/orlandogonzalez\/wp-json\/wp\/v2\/media\/51377"}],"wp:attachment":[{"href":"https:\/\/maringapost.com.br\/orlandogonzalez\/wp-json\/wp\/v2\/media?parent=51376"}],"wp:term":[{"taxonomy":"category","embeddable":true,"href":"https:\/\/maringapost.com.br\/orlandogonzalez\/wp-json\/wp\/v2\/categories?post=51376"},{"taxonomy":"post_tag","embeddable":true,"href":"https:\/\/maringapost.com.br\/orlandogonzalez\/wp-json\/wp\/v2\/tags?post=51376"}],"curies":[{"name":"wp","href":"https:\/\/api.w.org\/{rel}","templated":true}]}}