{"id":51373,"date":"2021-10-20T13:46:07","date_gmt":"2021-10-20T16:46:07","guid":{"rendered":"https:\/\/maringapost.com.br\/orlandogonzalez\/?p=51373"},"modified":"2021-10-20T13:46:07","modified_gmt":"2021-10-20T16:46:07","slug":"maringa-leist-espera-a-primeira-vitoria-do-ano-no-velocitta","status":"publish","type":"post","link":"https:\/\/maringapost.com.br\/orlandogonzalez\/2021\/10\/20\/maringa-leist-espera-a-primeira-vitoria-do-ano-no-velocitta\/","title":{"rendered":"MARING\u00c1 &#8211; Leist espera a primeira vit\u00f3ria do ano no Velocitta"},"content":{"rendered":"<p style=\"line-height: inherit;color: #555555;font-family: 'Trebuchet MS', Verdana, Geneva, sans-serif;text-align: justify\"><span style=\"font-size: 24px\">A Stock Light est\u00e1 de volta \u00e0s pistas neste fim de semana. A categoria de acesso \u00e0 Stock Car vai competir no Aut\u00f3dromo Velocitta, em Mogi Gua\u00e7u (SP), ap\u00f3s mais de dois meses de inatividade &#8211; a \u00faltima etapa at\u00e9 aqui foi no fim de semana do Dia dos Pais, no Aut\u00f3dromo de Curitiba, em Pinhais (PR). Para Arthur Leist, a volta \u00e0s pistas significa uma coisa s\u00f3: a chance de brigar por sua primeira vit\u00f3ria na temporada, triunfo que j\u00e1 bateu na trave diversas vezes, mas ainda n\u00e3o aconteceu.<\/span><\/p>\n<p style=\"line-height: inherit;color: #555555;font-family: 'Trebuchet MS', Verdana, Geneva, sans-serif;text-align: justify\"><span style=\"font-size: 24px\">O ga\u00facho conhece bem o circuito do interior paulista: em 2020, em sua primeira participa\u00e7\u00e3o na pista de 3.493m, Leist chegou na segunda coloca\u00e7\u00e3o, posi\u00e7\u00e3o que ele j\u00e1 ocupou diversas vezes na atual temporada. \u201cN\u00e3o posso reclamar da minha regularidade. Estive no p\u00f3dio na ampla maioria das corridas, o que \u00e9 muito importante em termos de campeonato\u201d, refletiu o vice-l\u00edder da competi\u00e7\u00e3o com 188 pontos, 33 atr\u00e1s do l\u00edder. \u201cPara seguir na briga do t\u00edtulo, por\u00e9m, \u00e9 fundamental conseguir vencer e \u00e9 o que eu mais quero nesse fim de semana. Estamos preparados para voltar \u00e0s pistas em busca do alto do p\u00f3dio\u201d, declarou.<\/span><\/p>\n<p style=\"line-height: inherit;color: #555555;font-family: 'Trebuchet MS', Verdana, Geneva, sans-serif;text-align: justify\"><span style=\"font-size: 24px\">O chefe de equipe da Motortech Competi\u00e7\u00f5es, Ad\u00edlson Morari, projeta duas provas agitadas no fim de semana. \u201cFicamos mais de 60 dias sem ter os carros na pista e com certeza os pilotos estar\u00e3o ansiosos para mostrar trabalho no fim de semana\u201d, afirmou. \u201cPara o Arthur, nossa meta \u00e9 clara: dar a ele a primeira vit\u00f3ria no ano, o que por si s\u00f3 ser\u00e1 important\u00edssimo no objetivo maior de brigar pelo campeonato. Se conseguirmos coloc\u00e1-lo no alto do p\u00f3dio, ele ser\u00e1 ainda mais candidato ao t\u00edtulo\u201d, refletiu.<\/span><\/p>\n<p style=\"line-height: inherit;color: #555555;font-family: 'Trebuchet MS', Verdana, Geneva, sans-serif;text-align: justify\"><span style=\"font-size: 24px\">A primeira prova da Stock Light acontece neste s\u00e1bado (23), \u00e0s 16h15. J\u00e1 a segunda corrida, no domingo (24), come\u00e7a \u00e0s 15h40 e ter\u00e1 uma novidade: a transmiss\u00e3o ao vivo em TV aberta para todo o pa\u00eds pela RedeTV!, em acordo anunciado nesta semana pela dire\u00e7\u00e3o da categoria.<\/span><\/p>\n<p style=\"line-height: inherit;color: #555555;font-family: 'Trebuchet MS', Verdana, Geneva, sans-serif;text-align: justify\"><span style=\"font-size: 24px\"><strong style=\"line-height: inherit\">Confira a programa\u00e7\u00e3o completa do fim de semana:<\/strong><\/span><\/p>\n<p style=\"line-height: inherit;color: #555555;font-family: 'Trebuchet MS', Verdana, Geneva, sans-serif;text-align: justify\"><span style=\"font-size: 24px\"><strong style=\"line-height: inherit\">S\u00e1bado (23):<\/strong><\/span><br style=\"line-height: inherit\" \/><span style=\"font-size: 24px\">8h45 &#8211; Treino livre 1<\/span><br style=\"line-height: inherit\" \/><span style=\"font-size: 24px\">11h15 &#8211; Treino livre 2<\/span><br style=\"line-height: inherit\" \/><span style=\"font-size: 24px\">14h00 &#8211; Classifica\u00e7\u00e3o (YouTube e Facebook Stock Car)<\/span><br style=\"line-height: inherit\" \/><span style=\"font-size: 24px\">16h15 &#8211; Corrida 1 (Bandsports, YouTube e Facebook Stock Car)<\/span><\/p>\n<p style=\"line-height: inherit;color: #555555;font-family: 'Trebuchet MS', Verdana, Geneva, sans-serif;text-align: justify\"><span style=\"font-size: 24px\"><strong style=\"line-height: inherit\">Domingo (24):<\/strong><\/span><br style=\"line-height: inherit\" \/><span style=\"font-size: 24px\">15h40 &#8211; Corrida 2 (RedeTV!, Bandsports, YouTube e Facebook Stock Car)<\/span><\/p>\n<p style=\"line-height: inherit;color: #555555;font-family: 'Trebuchet MS', Verdana, Geneva, sans-serif;text-align: justify\"><span style=\"font-size: 24px\">A participa\u00e7\u00e3o do piloto Arthur Leist \u00e9 financiada pelo Estado do Rio Grande do Sul, atrav\u00e9s da Lei de Incentivo ao Esporte, Programa Pr\u00f3-Esporte, projeto P\u00f3dio em 2021, Processo \u00a021\/2900-0000334-7, proposto pela Motortech Competi\u00e7\u00f5es.<\/span><\/p>\n<p style=\"line-height: inherit;color: #555555;font-family: 'Trebuchet MS', Verdana, Geneva, sans-serif;text-align: justify\"><span style=\"font-size: 24px\">(Foto:\u00a0<span style=\"text-align: center\">Bruno Terena\/MS2)<\/span><\/span><\/p>\n","protected":false},"excerpt":{"rendered":"<p>A Stock Light est\u00e1 de volta \u00e0s pistas neste fim de semana. A categoria de acesso \u00e0 Stock Car vai competir no Aut\u00f3dromo Velocitta, em Mogi Gua\u00e7u (SP), ap\u00f3s mais de dois meses de inatividade &#8211; a \u00faltima etapa at\u00e9 aqui foi no fim de semana do Dia dos Pais, no Aut\u00f3dromo de Curitiba, em [&hellip;]<\/p>\n","protected":false},"author":6307,"featured_media":51374,"comment_status":"closed","ping_status":"open","sticky":false,"template":"","format":"standard","meta":{"_exactmetrics_skip_tracking":false,"_exactmetrics_sitenote_active":false,"_exactmetrics_sitenote_note":"","_exactmetrics_sitenote_category":0,"footnotes":""},"categories":[1267],"tags":[8910],"yoast_head":"<!-- This site is optimized with the Yoast SEO Premium plugin v22.7 (Yoast SEO v22.7) - https:\/\/yoast.com\/wordpress\/plugins\/seo\/ -->\n<title>MARING\u00c1 - Leist espera a primeira vit\u00f3ria do ano no Velocitta - Orlando Gonzalez<\/title>\n<meta name=\"robots\" content=\"index, follow, max-snippet:-1, max-image-preview:large, max-video-preview:-1\" \/>\n<link rel=\"canonical\" href=\"https:\/\/maringapost.com.br\/orlandogonzalez\/2021\/10\/20\/maringa-leist-espera-a-primeira-vitoria-do-ano-no-velocitta\/\" \/>\n<meta property=\"og:locale\" content=\"pt_BR\" \/>\n<meta property=\"og:type\" content=\"article\" \/>\n<meta property=\"og:title\" content=\"MARING\u00c1 - Leist espera a primeira vit\u00f3ria do ano no Velocitta\" \/>\n<meta property=\"og:description\" content=\"A Stock Light est\u00e1 de volta \u00e0s pistas neste fim de semana. A categoria de acesso \u00e0 Stock Car vai competir no Aut\u00f3dromo Velocitta, em Mogi Gua\u00e7u (SP), ap\u00f3s mais de dois meses de inatividade &#8211; a \u00faltima etapa at\u00e9 aqui foi no fim de semana do Dia dos Pais, no Aut\u00f3dromo de Curitiba, em [&hellip;]\" \/>\n<meta property=\"og:url\" content=\"https:\/\/maringapost.com.br\/orlandogonzalez\/2021\/10\/20\/maringa-leist-espera-a-primeira-vitoria-do-ano-no-velocitta\/\" \/>\n<meta property=\"og:site_name\" content=\"Orlando Gonzalez\" \/>\n<meta property=\"article:author\" content=\"https:\/\/www.facebook.com\/profile.php?id=100011095815065\" \/>\n<meta property=\"article:published_time\" content=\"2021-10-20T16:46:07+00:00\" \/>\n<meta property=\"og:image\" content=\"https:\/\/maringapost.com.br\/orlandogonzalez\/wp-content\/uploads\/sites\/17\/2021\/10\/398830_990078_btx10154.jpg\" \/>\n\t<meta property=\"og:image:width\" content=\"1280\" \/>\n\t<meta property=\"og:image:height\" content=\"853\" \/>\n\t<meta property=\"og:image:type\" content=\"image\/jpeg\" \/>\n<meta name=\"author\" content=\"Orlando Gonzalez\" \/>\n<meta name=\"twitter:card\" content=\"summary_large_image\" \/>\n<meta name=\"twitter:creator\" content=\"@gonzalezorlando\" \/>\n<meta name=\"twitter:label1\" content=\"Escrito por\" \/>\n\t<meta name=\"twitter:data1\" content=\"\" \/>\n\t<meta name=\"twitter:label2\" content=\"Est. tempo de leitura\" \/>\n\t<meta name=\"twitter:data2\" content=\"2 minutos\" \/>\n<script type=\"application\/ld+json\" class=\"yoast-schema-graph\">{\"@context\":\"https:\/\/schema.org\",\"@graph\":[{\"@type\":\"WebPage\",\"@id\":\"https:\/\/maringapost.com.br\/orlandogonzalez\/2021\/10\/20\/maringa-leist-espera-a-primeira-vitoria-do-ano-no-velocitta\/\",\"url\":\"https:\/\/maringapost.com.br\/orlandogonzalez\/2021\/10\/20\/maringa-leist-espera-a-primeira-vitoria-do-ano-no-velocitta\/\",\"name\":\"MARING\u00c1 - Leist espera a primeira vit\u00f3ria do ano no Velocitta - Orlando Gonzalez\",\"isPartOf\":{\"@id\":\"https:\/\/maringapost.com.br\/orlandogonzalez\/#website\"},\"primaryImageOfPage\":{\"@id\":\"https:\/\/maringapost.com.br\/orlandogonzalez\/2021\/10\/20\/maringa-leist-espera-a-primeira-vitoria-do-ano-no-velocitta\/#primaryimage\"},\"image\":{\"@id\":\"https:\/\/maringapost.com.br\/orlandogonzalez\/2021\/10\/20\/maringa-leist-espera-a-primeira-vitoria-do-ano-no-velocitta\/#primaryimage\"},\"thumbnailUrl\":\"https:\/\/maringapost.com.br\/orlandogonzalez\/wp-content\/uploads\/sites\/17\/2021\/10\/398830_990078_btx10154.jpg\",\"datePublished\":\"2021-10-20T16:46:07+00:00\",\"dateModified\":\"2021-10-20T16:46:07+00:00\",\"author\":{\"@id\":\"https:\/\/maringapost.com.br\/orlandogonzalez\/#\/schema\/person\/5cbe6257d08edea6afc9ebaa613b0633\"},\"inLanguage\":\"pt-BR\",\"potentialAction\":[{\"@type\":\"ReadAction\",\"target\":[\"https:\/\/maringapost.com.br\/orlandogonzalez\/2021\/10\/20\/maringa-leist-espera-a-primeira-vitoria-do-ano-no-velocitta\/\"]}]},{\"@type\":\"ImageObject\",\"inLanguage\":\"pt-BR\",\"@id\":\"https:\/\/maringapost.com.br\/orlandogonzalez\/2021\/10\/20\/maringa-leist-espera-a-primeira-vitoria-do-ano-no-velocitta\/#primaryimage\",\"url\":\"https:\/\/maringapost.com.br\/orlandogonzalez\/wp-content\/uploads\/sites\/17\/2021\/10\/398830_990078_btx10154.jpg\",\"contentUrl\":\"https:\/\/maringapost.com.br\/orlandogonzalez\/wp-content\/uploads\/sites\/17\/2021\/10\/398830_990078_btx10154.jpg\",\"width\":1280,\"height\":853},{\"@type\":\"WebSite\",\"@id\":\"https:\/\/maringapost.com.br\/orlandogonzalez\/#website\",\"url\":\"https:\/\/maringapost.com.br\/orlandogonzalez\/\",\"name\":\"Orlando Gonzalez\",\"description\":\"Destaca o esporte de Maring\u00e1! Destaca o esporte do Paran\u00e1! Destaca o esporte do Brasil!\",\"potentialAction\":[{\"@type\":\"SearchAction\",\"target\":{\"@type\":\"EntryPoint\",\"urlTemplate\":\"https:\/\/maringapost.com.br\/orlandogonzalez\/?s={search_term_string}\"},\"query-input\":\"required name=search_term_string\"}],\"inLanguage\":\"pt-BR\"},{\"@type\":\"Person\",\"@id\":\"https:\/\/maringapost.com.br\/orlandogonzalez\/#\/schema\/person\/5cbe6257d08edea6afc9ebaa613b0633\",\"name\":\"Orlando Gonzalez\",\"image\":{\"@type\":\"ImageObject\",\"inLanguage\":\"pt-BR\",\"@id\":\"https:\/\/maringapost.com.br\/orlandogonzalez\/#\/schema\/person\/image\/\",\"url\":\"https:\/\/secure.gravatar.com\/avatar\/ecef9d1c9afe5ebdafadde8369065ba5?s=96&d=mm&r=g\",\"contentUrl\":\"https:\/\/secure.gravatar.com\/avatar\/ecef9d1c9afe5ebdafadde8369065ba5?s=96&d=mm&r=g\",\"caption\":\"Orlando Gonzalez\"},\"description\":\"H\u00e1 29 anos na cobertura do esporte de Maring\u00e1. Plant\u00e3o e narrador esportivo. Presta\u00e7\u00e3o de assessoria de imprensa esportiva, cobertura e transmiss\u00f5es ao vivo de eventos esportivos. E-mail: orlandogonzalez.assessoria@gmail.com WhatsApp: (44) 9 9126-6119\",\"sameAs\":[\"http:\/\/www.radiomaringa.com.br\/\",\"https:\/\/www.facebook.com\/profile.php?id=100011095815065\",\"https:\/\/www.instagram.com\/orlandomgonzalez\/\",\"https:\/\/br.pinterest.com\/ogonzalez0530\/\",\"https:\/\/x.com\/gonzalezorlando\",\"https:\/\/www.youtube.com\/channel\/UCvFpl55btth8wjnKiSS1ibA\",\"https:\/\/radiomaringaweb.tumblr.com\/\"],\"url\":\"https:\/\/maringapost.com.br\/orlandogonzalez\/author\/orlando\/\"}]}<\/script>\n<!-- \/ Yoast SEO Premium plugin. -->","yoast_head_json":{"title":"MARING\u00c1 - Leist espera a primeira vit\u00f3ria do ano no Velocitta - Orlando Gonzalez","robots":{"index":"index","follow":"follow","max-snippet":"max-snippet:-1","max-image-preview":"max-image-preview:large","max-video-preview":"max-video-preview:-1"},"canonical":"https:\/\/maringapost.com.br\/orlandogonzalez\/2021\/10\/20\/maringa-leist-espera-a-primeira-vitoria-do-ano-no-velocitta\/","og_locale":"pt_BR","og_type":"article","og_title":"MARING\u00c1 - Leist espera a primeira vit\u00f3ria do ano no Velocitta","og_description":"A Stock Light est\u00e1 de volta \u00e0s pistas neste fim de semana. A categoria de acesso \u00e0 Stock Car vai competir no Aut\u00f3dromo Velocitta, em Mogi Gua\u00e7u (SP), ap\u00f3s mais de dois meses de inatividade &#8211; a \u00faltima etapa at\u00e9 aqui foi no fim de semana do Dia dos Pais, no Aut\u00f3dromo de Curitiba, em [&hellip;]","og_url":"https:\/\/maringapost.com.br\/orlandogonzalez\/2021\/10\/20\/maringa-leist-espera-a-primeira-vitoria-do-ano-no-velocitta\/","og_site_name":"Orlando Gonzalez","article_author":"https:\/\/www.facebook.com\/profile.php?id=100011095815065","article_published_time":"2021-10-20T16:46:07+00:00","og_image":[{"width":1280,"height":853,"url":"https:\/\/maringapost.com.br\/orlandogonzalez\/wp-content\/uploads\/sites\/17\/2021\/10\/398830_990078_btx10154.jpg","type":"image\/jpeg"}],"author":"Orlando Gonzalez","twitter_card":"summary_large_image","twitter_creator":"@gonzalezorlando","twitter_misc":{"Escrito por":false,"Est. tempo de leitura":"2 minutos"},"schema":{"@context":"https:\/\/schema.org","@graph":[{"@type":"WebPage","@id":"https:\/\/maringapost.com.br\/orlandogonzalez\/2021\/10\/20\/maringa-leist-espera-a-primeira-vitoria-do-ano-no-velocitta\/","url":"https:\/\/maringapost.com.br\/orlandogonzalez\/2021\/10\/20\/maringa-leist-espera-a-primeira-vitoria-do-ano-no-velocitta\/","name":"MARING\u00c1 - Leist espera a primeira vit\u00f3ria do ano no Velocitta - Orlando Gonzalez","isPartOf":{"@id":"https:\/\/maringapost.com.br\/orlandogonzalez\/#website"},"primaryImageOfPage":{"@id":"https:\/\/maringapost.com.br\/orlandogonzalez\/2021\/10\/20\/maringa-leist-espera-a-primeira-vitoria-do-ano-no-velocitta\/#primaryimage"},"image":{"@id":"https:\/\/maringapost.com.br\/orlandogonzalez\/2021\/10\/20\/maringa-leist-espera-a-primeira-vitoria-do-ano-no-velocitta\/#primaryimage"},"thumbnailUrl":"https:\/\/maringapost.com.br\/orlandogonzalez\/wp-content\/uploads\/sites\/17\/2021\/10\/398830_990078_btx10154.jpg","datePublished":"2021-10-20T16:46:07+00:00","dateModified":"2021-10-20T16:46:07+00:00","author":{"@id":"https:\/\/maringapost.com.br\/orlandogonzalez\/#\/schema\/person\/5cbe6257d08edea6afc9ebaa613b0633"},"inLanguage":"pt-BR","potentialAction":[{"@type":"ReadAction","target":["https:\/\/maringapost.com.br\/orlandogonzalez\/2021\/10\/20\/maringa-leist-espera-a-primeira-vitoria-do-ano-no-velocitta\/"]}]},{"@type":"ImageObject","inLanguage":"pt-BR","@id":"https:\/\/maringapost.com.br\/orlandogonzalez\/2021\/10\/20\/maringa-leist-espera-a-primeira-vitoria-do-ano-no-velocitta\/#primaryimage","url":"https:\/\/maringapost.com.br\/orlandogonzalez\/wp-content\/uploads\/sites\/17\/2021\/10\/398830_990078_btx10154.jpg","contentUrl":"https:\/\/maringapost.com.br\/orlandogonzalez\/wp-content\/uploads\/sites\/17\/2021\/10\/398830_990078_btx10154.jpg","width":1280,"height":853},{"@type":"WebSite","@id":"https:\/\/maringapost.com.br\/orlandogonzalez\/#website","url":"https:\/\/maringapost.com.br\/orlandogonzalez\/","name":"Orlando Gonzalez","description":"Destaca o esporte de Maring\u00e1! Destaca o esporte do Paran\u00e1! Destaca o esporte do Brasil!","potentialAction":[{"@type":"SearchAction","target":{"@type":"EntryPoint","urlTemplate":"https:\/\/maringapost.com.br\/orlandogonzalez\/?s={search_term_string}"},"query-input":"required name=search_term_string"}],"inLanguage":"pt-BR"},{"@type":"Person","@id":"https:\/\/maringapost.com.br\/orlandogonzalez\/#\/schema\/person\/5cbe6257d08edea6afc9ebaa613b0633","name":"Orlando Gonzalez","image":{"@type":"ImageObject","inLanguage":"pt-BR","@id":"https:\/\/maringapost.com.br\/orlandogonzalez\/#\/schema\/person\/image\/","url":"https:\/\/secure.gravatar.com\/avatar\/ecef9d1c9afe5ebdafadde8369065ba5?s=96&d=mm&r=g","contentUrl":"https:\/\/secure.gravatar.com\/avatar\/ecef9d1c9afe5ebdafadde8369065ba5?s=96&d=mm&r=g","caption":"Orlando Gonzalez"},"description":"H\u00e1 29 anos na cobertura do esporte de Maring\u00e1. Plant\u00e3o e narrador esportivo. Presta\u00e7\u00e3o de assessoria de imprensa esportiva, cobertura e transmiss\u00f5es ao vivo de eventos esportivos. E-mail: orlandogonzalez.assessoria@gmail.com WhatsApp: (44) 9 9126-6119","sameAs":["http:\/\/www.radiomaringa.com.br\/","https:\/\/www.facebook.com\/profile.php?id=100011095815065","https:\/\/www.instagram.com\/orlandomgonzalez\/","https:\/\/br.pinterest.com\/ogonzalez0530\/","https:\/\/x.com\/gonzalezorlando","https:\/\/www.youtube.com\/channel\/UCvFpl55btth8wjnKiSS1ibA","https:\/\/radiomaringaweb.tumblr.com\/"],"url":"https:\/\/maringapost.com.br\/orlandogonzalez\/author\/orlando\/"}]}},"_links":{"self":[{"href":"https:\/\/maringapost.com.br\/orlandogonzalez\/wp-json\/wp\/v2\/posts\/51373"}],"collection":[{"href":"https:\/\/maringapost.com.br\/orlandogonzalez\/wp-json\/wp\/v2\/posts"}],"about":[{"href":"https:\/\/maringapost.com.br\/orlandogonzalez\/wp-json\/wp\/v2\/types\/post"}],"author":[{"embeddable":true,"href":"https:\/\/maringapost.com.br\/orlandogonzalez\/wp-json\/wp\/v2\/users\/6307"}],"replies":[{"embeddable":true,"href":"https:\/\/maringapost.com.br\/orlandogonzalez\/wp-json\/wp\/v2\/comments?post=51373"}],"version-history":[{"count":1,"href":"https:\/\/maringapost.com.br\/orlandogonzalez\/wp-json\/wp\/v2\/posts\/51373\/revisions"}],"predecessor-version":[{"id":51375,"href":"https:\/\/maringapost.com.br\/orlandogonzalez\/wp-json\/wp\/v2\/posts\/51373\/revisions\/51375"}],"wp:featuredmedia":[{"embeddable":true,"href":"https:\/\/maringapost.com.br\/orlandogonzalez\/wp-json\/wp\/v2\/media\/51374"}],"wp:attachment":[{"href":"https:\/\/maringapost.com.br\/orlandogonzalez\/wp-json\/wp\/v2\/media?parent=51373"}],"wp:term":[{"taxonomy":"category","embeddable":true,"href":"https:\/\/maringapost.com.br\/orlandogonzalez\/wp-json\/wp\/v2\/categories?post=51373"},{"taxonomy":"post_tag","embeddable":true,"href":"https:\/\/maringapost.com.br\/orlandogonzalez\/wp-json\/wp\/v2\/tags?post=51373"}],"curies":[{"name":"wp","href":"https:\/\/api.w.org\/{rel}","templated":true}]}}