{"id":51311,"date":"2021-10-18T15:49:34","date_gmt":"2021-10-18T18:49:34","guid":{"rendered":"https:\/\/maringapost.com.br\/orlandogonzalez\/?p=51311"},"modified":"2021-10-18T15:49:34","modified_gmt":"2021-10-18T18:49:34","slug":"maringa-briga-de-gente-grande-pelo-podio-do-transcatarina","status":"publish","type":"post","link":"https:\/\/maringapost.com.br\/orlandogonzalez\/2021\/10\/18\/maringa-briga-de-gente-grande-pelo-podio-do-transcatarina\/","title":{"rendered":"MARING\u00c1 &#8211; Briga de gente grande pelo p\u00f3dio do Transcatarina"},"content":{"rendered":"<p><span style=\"font-size: 24px\">Faltam oito dias para o Transcatarina 2021, e pilotos e navegadores j\u00e1 definiram suas estrat\u00e9gias para lutar pelo p\u00f3dio das categorias de competi\u00e7\u00e3o, sendo elas: M\u00e1ster, Graduados, Turismo, Turismo Iniciante e Turismo Light. De 26 a 30 de outubro, duplas de diversas regi\u00f5es do Brasil acelerar\u00e3o por Santa Catarina, entre as cidades de Fraiburgo e Tubar\u00e3o, em quatro dias de prova. Os pernoites ser\u00e3o em Ca\u00e7ador, Lages e S\u00e3o Joaquim.\u00a0<\/span><\/p>\n<p><span style=\"font-size: 24px\">O Transcatarina se tornou uma refer\u00eancia no rali de regularidade nacional. Com etapas extremamente t\u00e9cnicas, vencer neste evento \u00e9 uma miss\u00e3o dif\u00edcil. Isso porque, a alta competitividade \u00e9 a principal caracter\u00edstica estabelecida pelos participantes que, em todas as edi\u00e7\u00f5es, chegam ainda mais preparados para o rali.\u00a0<\/span><\/p>\n<p><span style=\"font-size: 24px\"><em>\u201cAno passado foi exemplo disso: vencemos o Transcatarina no crit\u00e9rio de desempate\u201d<\/em>, lembrou o atual campe\u00e3o da categoria M\u00e1ster, o piloto Leandro Pereira Moor (o Ximura), que compete ao lado do navegador Claudio Flores (o Bilu). Eles ficaram empatados com 112 pontos com a dupla Marcelo de Freitas Gouveia e Igor Quirrenbach de Carvalho.\u00a0<em>\u201cFoi um rali memor\u00e1vel, disputado nos mil\u00e9simos de segundos. N\u00f3s viemos fortes, concentrados e, tecnicamente perfeitos. Por\u00e9m, os nossos concorrentes tamb\u00e9m se mantiveram no n\u00edvel. Receber a not\u00edcia da vit\u00f3ria, ouvir nossos nomes como campe\u00f5es do Transcatarina, foi uma das maiores emo\u00e7\u00f5es da minha vida como piloto\u201d<\/em>, salientou. Em terceiro lugar, e com uma diferen\u00e7a de apenas um ponto, ficaram os tetracampe\u00f5es do Transcatarina, Fl\u00e1vio Kath (o Poder) e Rafain Walendowisky (2009, 2014, 2016 e 2018).\u00a0<\/span><\/p>\n<p><span style=\"font-size: 24px\">Ximura e Bilu retornam em 2021 focados em defender o t\u00edtulo, conscientes de que todos querem conquistar o Transcatarina.\u00a0<em>\u201cFaremos de tudo para levar o bi\u201d<\/em>, completou o piloto.\u00a0<\/span><\/p>\n<p><span style=\"font-size: 24px\"><strong>Transcatarina 2021<\/strong>\u00a0<\/span><\/p>\n<p><span style=\"font-size: 24px\">E ao que tudo indica, o 13\u00ba Transcatarina ser\u00e1 uma das melhores edi\u00e7\u00f5es dos \u00faltimos tempos! Isso porque o diretor de prova, Vander Hirt (o Frit\u00e3o), se esmerou no levantamento do roteiro.\u00a0<em>\u201cPassaremos por propriedades particulares \u2013 o que nos dar\u00e1 maior seguran\u00e7a \u2013 e estradas vicinais. Os locais escolhidos permitem um rali bem completo, com trechos sinuosos (travados), de retas (alta velocidade), piso batido, liso, ora cascalhado, travessias de rios etc. Essa prova exigir\u00e1 precis\u00e3o dos competidores\u201d<\/em>, detalhou.\u00a0<\/span><\/p>\n<p><span style=\"font-size: 24px\">Hirt salienta que, durante os quatro dias de Transcatarina, os maiores desafios dos off-roaders ser\u00e3o manter a concentra\u00e7\u00e3o e o ritmo de disputa em meio a muitos balaios, pegadinhas e m\u00e9dias de velocidade justas.\u00a0<\/span><\/p>\n<p><span style=\"font-size: 24px\">O percurso completo cruzar\u00e1 dezenas de cidades, entre elas Rio das Antas, (distrito de Taquara Verde), Curitibanos, Ponte Alta, Correia Pinto, Painel, Lauro Muller, Bom Jardim da Serra, Orleans e Pedras Grandes.\u00a0<em>\u201cTeremos um deslocamento pela Coxilha Rica e pela Serra do Rio do Rastro, dois cart\u00f5es postais de Santa Catarina no qual os participantes poder\u00e3o apreciar as belezas naturais\u201d<\/em>, destacou Hirt.\u00a0<\/span><\/p>\n<p><span style=\"font-size: 24px\"><strong>Outras categorias<\/strong>\u00a0<\/span><\/p>\n<p><span style=\"font-size: 24px\">O Transcatarina tamb\u00e9m \u00e9 composto pelas categorias de passeio, sendo cada uma com proposta diferente: Passeio Expedition, Passeio Radical 01 e 02, Camping e Adventure 01, 02 e 03. As inscri\u00e7\u00f5es ainda est\u00e3o abertas, por\u00e9m, restam poucas vagas:\u00a0<a href=\"https:\/\/click.presskit.com.br\/url\/8331548eec\/48373406e41\" target=\"_blank\" rel=\"noopener\" data-saferedirecturl=\"https:\/\/www.google.com\/url?q=https:\/\/click.presskit.com.br\/url\/8331548eec\/48373406e41&amp;source=gmail&amp;ust=1634668839762000&amp;usg=AFQjCNEHZBPqgwFVwOo6wIytII7qpJY9TA\">www.transcatarina.com.br<\/a>. At\u00e9 o momento, est\u00e3o confirmados 265 ve\u00edculos.\u00a0\u00a0<\/span><\/p>\n<p><span style=\"font-size: 24px\">(Foto:\u00a0<span style=\"text-align: center\">Duda Bairros\/DFOTOS)<\/span><\/span><\/p>\n","protected":false},"excerpt":{"rendered":"<p>Faltam oito dias para o Transcatarina 2021, e pilotos e navegadores j\u00e1 definiram suas estrat\u00e9gias para lutar pelo p\u00f3dio das categorias de competi\u00e7\u00e3o, sendo elas: M\u00e1ster, Graduados, Turismo, Turismo Iniciante e Turismo Light. De 26 a 30 de outubro, duplas de diversas regi\u00f5es do Brasil acelerar\u00e3o por Santa Catarina, entre as cidades de Fraiburgo e [&hellip;]<\/p>\n","protected":false},"author":6307,"featured_media":51312,"comment_status":"closed","ping_status":"open","sticky":false,"template":"","format":"standard","meta":{"_exactmetrics_skip_tracking":false,"_exactmetrics_sitenote_active":false,"_exactmetrics_sitenote_note":"","_exactmetrics_sitenote_category":0,"footnotes":""},"categories":[1267],"tags":[9295],"yoast_head":"<!-- This site is optimized with the Yoast SEO Premium plugin v22.7 (Yoast SEO v22.7) - https:\/\/yoast.com\/wordpress\/plugins\/seo\/ -->\n<title>MARING\u00c1 - Briga de gente grande pelo p\u00f3dio do Transcatarina - Orlando Gonzalez<\/title>\n<meta name=\"robots\" content=\"index, follow, max-snippet:-1, max-image-preview:large, max-video-preview:-1\" \/>\n<link rel=\"canonical\" href=\"https:\/\/maringapost.com.br\/orlandogonzalez\/2021\/10\/18\/maringa-briga-de-gente-grande-pelo-podio-do-transcatarina\/\" \/>\n<meta property=\"og:locale\" content=\"pt_BR\" \/>\n<meta property=\"og:type\" content=\"article\" \/>\n<meta property=\"og:title\" content=\"MARING\u00c1 - Briga de gente grande pelo p\u00f3dio do Transcatarina\" \/>\n<meta property=\"og:description\" content=\"Faltam oito dias para o Transcatarina 2021, e pilotos e navegadores j\u00e1 definiram suas estrat\u00e9gias para lutar pelo p\u00f3dio das categorias de competi\u00e7\u00e3o, sendo elas: M\u00e1ster, Graduados, Turismo, Turismo Iniciante e Turismo Light. De 26 a 30 de outubro, duplas de diversas regi\u00f5es do Brasil acelerar\u00e3o por Santa Catarina, entre as cidades de Fraiburgo e [&hellip;]\" \/>\n<meta property=\"og:url\" content=\"https:\/\/maringapost.com.br\/orlandogonzalez\/2021\/10\/18\/maringa-briga-de-gente-grande-pelo-podio-do-transcatarina\/\" \/>\n<meta property=\"og:site_name\" content=\"Orlando Gonzalez\" \/>\n<meta property=\"article:author\" content=\"https:\/\/www.facebook.com\/profile.php?id=100011095815065\" \/>\n<meta property=\"article:published_time\" content=\"2021-10-18T18:49:34+00:00\" \/>\n<meta property=\"og:image\" content=\"https:\/\/maringapost.com.br\/orlandogonzalez\/wp-content\/uploads\/sites\/17\/2021\/10\/398745_989722__04_dudabairros_tc20_00010682.jpg\" \/>\n\t<meta property=\"og:image:width\" content=\"1280\" \/>\n\t<meta property=\"og:image:height\" content=\"853\" \/>\n\t<meta property=\"og:image:type\" content=\"image\/jpeg\" \/>\n<meta name=\"author\" content=\"Orlando Gonzalez\" \/>\n<meta name=\"twitter:card\" content=\"summary_large_image\" \/>\n<meta name=\"twitter:creator\" content=\"@gonzalezorlando\" \/>\n<meta name=\"twitter:label1\" content=\"Escrito por\" \/>\n\t<meta name=\"twitter:data1\" content=\"\" \/>\n\t<meta name=\"twitter:label2\" content=\"Est. tempo de leitura\" \/>\n\t<meta name=\"twitter:data2\" content=\"3 minutos\" \/>\n<script type=\"application\/ld+json\" class=\"yoast-schema-graph\">{\"@context\":\"https:\/\/schema.org\",\"@graph\":[{\"@type\":\"WebPage\",\"@id\":\"https:\/\/maringapost.com.br\/orlandogonzalez\/2021\/10\/18\/maringa-briga-de-gente-grande-pelo-podio-do-transcatarina\/\",\"url\":\"https:\/\/maringapost.com.br\/orlandogonzalez\/2021\/10\/18\/maringa-briga-de-gente-grande-pelo-podio-do-transcatarina\/\",\"name\":\"MARING\u00c1 - Briga de gente grande pelo p\u00f3dio do Transcatarina - Orlando Gonzalez\",\"isPartOf\":{\"@id\":\"https:\/\/maringapost.com.br\/orlandogonzalez\/#website\"},\"primaryImageOfPage\":{\"@id\":\"https:\/\/maringapost.com.br\/orlandogonzalez\/2021\/10\/18\/maringa-briga-de-gente-grande-pelo-podio-do-transcatarina\/#primaryimage\"},\"image\":{\"@id\":\"https:\/\/maringapost.com.br\/orlandogonzalez\/2021\/10\/18\/maringa-briga-de-gente-grande-pelo-podio-do-transcatarina\/#primaryimage\"},\"thumbnailUrl\":\"https:\/\/maringapost.com.br\/orlandogonzalez\/wp-content\/uploads\/sites\/17\/2021\/10\/398745_989722__04_dudabairros_tc20_00010682.jpg\",\"datePublished\":\"2021-10-18T18:49:34+00:00\",\"dateModified\":\"2021-10-18T18:49:34+00:00\",\"author\":{\"@id\":\"https:\/\/maringapost.com.br\/orlandogonzalez\/#\/schema\/person\/5cbe6257d08edea6afc9ebaa613b0633\"},\"inLanguage\":\"pt-BR\",\"potentialAction\":[{\"@type\":\"ReadAction\",\"target\":[\"https:\/\/maringapost.com.br\/orlandogonzalez\/2021\/10\/18\/maringa-briga-de-gente-grande-pelo-podio-do-transcatarina\/\"]}]},{\"@type\":\"ImageObject\",\"inLanguage\":\"pt-BR\",\"@id\":\"https:\/\/maringapost.com.br\/orlandogonzalez\/2021\/10\/18\/maringa-briga-de-gente-grande-pelo-podio-do-transcatarina\/#primaryimage\",\"url\":\"https:\/\/maringapost.com.br\/orlandogonzalez\/wp-content\/uploads\/sites\/17\/2021\/10\/398745_989722__04_dudabairros_tc20_00010682.jpg\",\"contentUrl\":\"https:\/\/maringapost.com.br\/orlandogonzalez\/wp-content\/uploads\/sites\/17\/2021\/10\/398745_989722__04_dudabairros_tc20_00010682.jpg\",\"width\":1280,\"height\":853},{\"@type\":\"WebSite\",\"@id\":\"https:\/\/maringapost.com.br\/orlandogonzalez\/#website\",\"url\":\"https:\/\/maringapost.com.br\/orlandogonzalez\/\",\"name\":\"Orlando Gonzalez\",\"description\":\"Destaca o esporte de Maring\u00e1! Destaca o esporte do Paran\u00e1! Destaca o esporte do Brasil!\",\"potentialAction\":[{\"@type\":\"SearchAction\",\"target\":{\"@type\":\"EntryPoint\",\"urlTemplate\":\"https:\/\/maringapost.com.br\/orlandogonzalez\/?s={search_term_string}\"},\"query-input\":\"required name=search_term_string\"}],\"inLanguage\":\"pt-BR\"},{\"@type\":\"Person\",\"@id\":\"https:\/\/maringapost.com.br\/orlandogonzalez\/#\/schema\/person\/5cbe6257d08edea6afc9ebaa613b0633\",\"name\":\"Orlando Gonzalez\",\"image\":{\"@type\":\"ImageObject\",\"inLanguage\":\"pt-BR\",\"@id\":\"https:\/\/maringapost.com.br\/orlandogonzalez\/#\/schema\/person\/image\/\",\"url\":\"https:\/\/secure.gravatar.com\/avatar\/ecef9d1c9afe5ebdafadde8369065ba5?s=96&d=mm&r=g\",\"contentUrl\":\"https:\/\/secure.gravatar.com\/avatar\/ecef9d1c9afe5ebdafadde8369065ba5?s=96&d=mm&r=g\",\"caption\":\"Orlando Gonzalez\"},\"description\":\"H\u00e1 29 anos na cobertura do esporte de Maring\u00e1. Plant\u00e3o e narrador esportivo. Presta\u00e7\u00e3o de assessoria de imprensa esportiva, cobertura e transmiss\u00f5es ao vivo de eventos esportivos. E-mail: orlandogonzalez.assessoria@gmail.com WhatsApp: (44) 9 9126-6119\",\"sameAs\":[\"http:\/\/www.radiomaringa.com.br\/\",\"https:\/\/www.facebook.com\/profile.php?id=100011095815065\",\"https:\/\/www.instagram.com\/orlandomgonzalez\/\",\"https:\/\/br.pinterest.com\/ogonzalez0530\/\",\"https:\/\/x.com\/gonzalezorlando\",\"https:\/\/www.youtube.com\/channel\/UCvFpl55btth8wjnKiSS1ibA\",\"https:\/\/radiomaringaweb.tumblr.com\/\"],\"url\":\"https:\/\/maringapost.com.br\/orlandogonzalez\/author\/orlando\/\"}]}<\/script>\n<!-- \/ Yoast SEO Premium plugin. -->","yoast_head_json":{"title":"MARING\u00c1 - Briga de gente grande pelo p\u00f3dio do Transcatarina - Orlando Gonzalez","robots":{"index":"index","follow":"follow","max-snippet":"max-snippet:-1","max-image-preview":"max-image-preview:large","max-video-preview":"max-video-preview:-1"},"canonical":"https:\/\/maringapost.com.br\/orlandogonzalez\/2021\/10\/18\/maringa-briga-de-gente-grande-pelo-podio-do-transcatarina\/","og_locale":"pt_BR","og_type":"article","og_title":"MARING\u00c1 - Briga de gente grande pelo p\u00f3dio do Transcatarina","og_description":"Faltam oito dias para o Transcatarina 2021, e pilotos e navegadores j\u00e1 definiram suas estrat\u00e9gias para lutar pelo p\u00f3dio das categorias de competi\u00e7\u00e3o, sendo elas: M\u00e1ster, Graduados, Turismo, Turismo Iniciante e Turismo Light. De 26 a 30 de outubro, duplas de diversas regi\u00f5es do Brasil acelerar\u00e3o por Santa Catarina, entre as cidades de Fraiburgo e [&hellip;]","og_url":"https:\/\/maringapost.com.br\/orlandogonzalez\/2021\/10\/18\/maringa-briga-de-gente-grande-pelo-podio-do-transcatarina\/","og_site_name":"Orlando Gonzalez","article_author":"https:\/\/www.facebook.com\/profile.php?id=100011095815065","article_published_time":"2021-10-18T18:49:34+00:00","og_image":[{"width":1280,"height":853,"url":"https:\/\/maringapost.com.br\/orlandogonzalez\/wp-content\/uploads\/sites\/17\/2021\/10\/398745_989722__04_dudabairros_tc20_00010682.jpg","type":"image\/jpeg"}],"author":"Orlando Gonzalez","twitter_card":"summary_large_image","twitter_creator":"@gonzalezorlando","twitter_misc":{"Escrito por":false,"Est. tempo de leitura":"3 minutos"},"schema":{"@context":"https:\/\/schema.org","@graph":[{"@type":"WebPage","@id":"https:\/\/maringapost.com.br\/orlandogonzalez\/2021\/10\/18\/maringa-briga-de-gente-grande-pelo-podio-do-transcatarina\/","url":"https:\/\/maringapost.com.br\/orlandogonzalez\/2021\/10\/18\/maringa-briga-de-gente-grande-pelo-podio-do-transcatarina\/","name":"MARING\u00c1 - Briga de gente grande pelo p\u00f3dio do Transcatarina - Orlando Gonzalez","isPartOf":{"@id":"https:\/\/maringapost.com.br\/orlandogonzalez\/#website"},"primaryImageOfPage":{"@id":"https:\/\/maringapost.com.br\/orlandogonzalez\/2021\/10\/18\/maringa-briga-de-gente-grande-pelo-podio-do-transcatarina\/#primaryimage"},"image":{"@id":"https:\/\/maringapost.com.br\/orlandogonzalez\/2021\/10\/18\/maringa-briga-de-gente-grande-pelo-podio-do-transcatarina\/#primaryimage"},"thumbnailUrl":"https:\/\/maringapost.com.br\/orlandogonzalez\/wp-content\/uploads\/sites\/17\/2021\/10\/398745_989722__04_dudabairros_tc20_00010682.jpg","datePublished":"2021-10-18T18:49:34+00:00","dateModified":"2021-10-18T18:49:34+00:00","author":{"@id":"https:\/\/maringapost.com.br\/orlandogonzalez\/#\/schema\/person\/5cbe6257d08edea6afc9ebaa613b0633"},"inLanguage":"pt-BR","potentialAction":[{"@type":"ReadAction","target":["https:\/\/maringapost.com.br\/orlandogonzalez\/2021\/10\/18\/maringa-briga-de-gente-grande-pelo-podio-do-transcatarina\/"]}]},{"@type":"ImageObject","inLanguage":"pt-BR","@id":"https:\/\/maringapost.com.br\/orlandogonzalez\/2021\/10\/18\/maringa-briga-de-gente-grande-pelo-podio-do-transcatarina\/#primaryimage","url":"https:\/\/maringapost.com.br\/orlandogonzalez\/wp-content\/uploads\/sites\/17\/2021\/10\/398745_989722__04_dudabairros_tc20_00010682.jpg","contentUrl":"https:\/\/maringapost.com.br\/orlandogonzalez\/wp-content\/uploads\/sites\/17\/2021\/10\/398745_989722__04_dudabairros_tc20_00010682.jpg","width":1280,"height":853},{"@type":"WebSite","@id":"https:\/\/maringapost.com.br\/orlandogonzalez\/#website","url":"https:\/\/maringapost.com.br\/orlandogonzalez\/","name":"Orlando Gonzalez","description":"Destaca o esporte de Maring\u00e1! Destaca o esporte do Paran\u00e1! Destaca o esporte do Brasil!","potentialAction":[{"@type":"SearchAction","target":{"@type":"EntryPoint","urlTemplate":"https:\/\/maringapost.com.br\/orlandogonzalez\/?s={search_term_string}"},"query-input":"required name=search_term_string"}],"inLanguage":"pt-BR"},{"@type":"Person","@id":"https:\/\/maringapost.com.br\/orlandogonzalez\/#\/schema\/person\/5cbe6257d08edea6afc9ebaa613b0633","name":"Orlando Gonzalez","image":{"@type":"ImageObject","inLanguage":"pt-BR","@id":"https:\/\/maringapost.com.br\/orlandogonzalez\/#\/schema\/person\/image\/","url":"https:\/\/secure.gravatar.com\/avatar\/ecef9d1c9afe5ebdafadde8369065ba5?s=96&d=mm&r=g","contentUrl":"https:\/\/secure.gravatar.com\/avatar\/ecef9d1c9afe5ebdafadde8369065ba5?s=96&d=mm&r=g","caption":"Orlando Gonzalez"},"description":"H\u00e1 29 anos na cobertura do esporte de Maring\u00e1. Plant\u00e3o e narrador esportivo. Presta\u00e7\u00e3o de assessoria de imprensa esportiva, cobertura e transmiss\u00f5es ao vivo de eventos esportivos. E-mail: orlandogonzalez.assessoria@gmail.com WhatsApp: (44) 9 9126-6119","sameAs":["http:\/\/www.radiomaringa.com.br\/","https:\/\/www.facebook.com\/profile.php?id=100011095815065","https:\/\/www.instagram.com\/orlandomgonzalez\/","https:\/\/br.pinterest.com\/ogonzalez0530\/","https:\/\/x.com\/gonzalezorlando","https:\/\/www.youtube.com\/channel\/UCvFpl55btth8wjnKiSS1ibA","https:\/\/radiomaringaweb.tumblr.com\/"],"url":"https:\/\/maringapost.com.br\/orlandogonzalez\/author\/orlando\/"}]}},"_links":{"self":[{"href":"https:\/\/maringapost.com.br\/orlandogonzalez\/wp-json\/wp\/v2\/posts\/51311"}],"collection":[{"href":"https:\/\/maringapost.com.br\/orlandogonzalez\/wp-json\/wp\/v2\/posts"}],"about":[{"href":"https:\/\/maringapost.com.br\/orlandogonzalez\/wp-json\/wp\/v2\/types\/post"}],"author":[{"embeddable":true,"href":"https:\/\/maringapost.com.br\/orlandogonzalez\/wp-json\/wp\/v2\/users\/6307"}],"replies":[{"embeddable":true,"href":"https:\/\/maringapost.com.br\/orlandogonzalez\/wp-json\/wp\/v2\/comments?post=51311"}],"version-history":[{"count":1,"href":"https:\/\/maringapost.com.br\/orlandogonzalez\/wp-json\/wp\/v2\/posts\/51311\/revisions"}],"predecessor-version":[{"id":51313,"href":"https:\/\/maringapost.com.br\/orlandogonzalez\/wp-json\/wp\/v2\/posts\/51311\/revisions\/51313"}],"wp:featuredmedia":[{"embeddable":true,"href":"https:\/\/maringapost.com.br\/orlandogonzalez\/wp-json\/wp\/v2\/media\/51312"}],"wp:attachment":[{"href":"https:\/\/maringapost.com.br\/orlandogonzalez\/wp-json\/wp\/v2\/media?parent=51311"}],"wp:term":[{"taxonomy":"category","embeddable":true,"href":"https:\/\/maringapost.com.br\/orlandogonzalez\/wp-json\/wp\/v2\/categories?post=51311"},{"taxonomy":"post_tag","embeddable":true,"href":"https:\/\/maringapost.com.br\/orlandogonzalez\/wp-json\/wp\/v2\/tags?post=51311"}],"curies":[{"name":"wp","href":"https:\/\/api.w.org\/{rel}","templated":true}]}}