{"id":50800,"date":"2021-10-04T09:13:35","date_gmt":"2021-10-04T12:13:35","guid":{"rendered":"https:\/\/maringapost.com.br\/orlandogonzalez\/?p=50800"},"modified":"2021-10-04T09:13:47","modified_gmt":"2021-10-04T12:13:47","slug":"maringa-copa-truck-estabelece-finalistas-apos-vitorias-de-giaffone-e-dirani-no-potenza","status":"publish","type":"post","link":"https:\/\/maringapost.com.br\/orlandogonzalez\/2021\/10\/04\/maringa-copa-truck-estabelece-finalistas-apos-vitorias-de-giaffone-e-dirani-no-potenza\/","title":{"rendered":"MARING\u00c1 &#8211; Copa Truck estabelece finalistas ap\u00f3s vit\u00f3rias de Giaffone e Dirani no Potenza"},"content":{"rendered":"<p><span style=\"color: #555555;font-family: 'Trebuchet MS', Verdana, Geneva, sans-serif;text-align: justify;font-size: 24px\">O Aut\u00f3dromo Potenza, em Lima Duarte (MG), recebeu no \u00faltimo final de semana a oitava e pen\u00faltima etapa da Copa Truck em 2021 com duas corridas bastante movimentadas pelo apertado tra\u00e7ado de 3.200 metros. Mesmo assim, v\u00e1rias ultrapassagens, toques e at\u00e9 alguns acidentes fizeram parte do espet\u00e1culo que foi o encontro da categoria dos pesados em Minas Gerais. As vit\u00f3rias ficaram com Felipe Giaffone, da Iveco, na primeira corrida, e com Danilo Dirani, da Mercedes, na segunda prova \u2013 a que conta com a invers\u00e3o dos oito primeiros colocados no grid<a href=\"https:\/\/orlandogonzalez.com.br\" target=\"_blank\" rel=\"noopener\">.<\/a><\/span><br style=\"line-height: inherit;color: #555555;font-family: 'Trebuchet MS', Verdana, Geneva, sans-serif;text-align: justify\" \/><br style=\"line-height: inherit;color: #555555;font-family: 'Trebuchet MS', Verdana, Geneva, sans-serif;text-align: justify\" \/><span style=\"color: #555555;font-family: 'Trebuchet MS', Verdana, Geneva, sans-serif;text-align: justify;font-size: 24px\">A etapa serviu tamb\u00e9m para definir os finalistas na disputa pelo t\u00edtulo da temporada. Ap\u00f3s tr\u00eas descartes obrigat\u00f3rios dos piores resultados de cada piloto, apenas tr\u00eas est\u00e3o eleg\u00edveis na disputa:\u00a0 Andr\u00e9 Marques, que tem 227 pontos, Wellington Cirino, que tem 212, e Felipe Giaffone que soma 209. A grande final em Curitiba acontece no dia 5 de dezembro e colocar\u00e1 40 pontos em jogo na decis\u00e3o<a href=\"https:\/\/radiomaringa.com.br\/\" target=\"_blank\" rel=\"noopener\">.<\/a><\/span><br style=\"line-height: inherit;color: #555555;font-family: 'Trebuchet MS', Verdana, Geneva, sans-serif;text-align: justify\" \/><br style=\"line-height: inherit;color: #555555;font-family: 'Trebuchet MS', Verdana, Geneva, sans-serif;text-align: justify\" \/><span style=\"color: #555555;font-family: 'Trebuchet MS', Verdana, Geneva, sans-serif;text-align: justify;font-size: 24px\">Largando da pole position, Felipe Giaffone n\u00e3o deu chance para os advers\u00e1rios e venceu com uma vantagem de dois segundos para Beto Monteiro. L\u00edder do campeonato, Andr\u00e9 Marques terminou a primeira prova em um excelente terceiro lugar. Com a invers\u00e3o do grid, Jaidson Zini, ent\u00e3o oitavo na pista, largou na frente, mas foi Danilo Dirani quem brilhou buscando a lideran\u00e7a logo no come\u00e7o. Ele venceu pela terceira vez na temporada, e cruzou a linha de chegada com 1,4 segundo de vantagem para Paulo Salustiano. Marques repetiu o terceiro lugar, essencial para suas chances de t\u00edtulo.<\/span><br style=\"line-height: inherit;color: #555555;font-family: 'Trebuchet MS', Verdana, Geneva, sans-serif;text-align: justify\" \/><br style=\"line-height: inherit;color: #555555;font-family: 'Trebuchet MS', Verdana, Geneva, sans-serif;text-align: justify\" \/><span style=\"color: #555555;font-family: 'Trebuchet MS', Verdana, Geneva, sans-serif;text-align: justify;font-size: 24px\">A final da Copa Truck acontece naquela que ser\u00e1, oficialmente, a despedida do Aut\u00f3dromo Internacional de Curitiba, no dia 5 de dezembro. A partir de 2022, o aut\u00f3dromo ser\u00e1 fechado e dar\u00e1 lugar a um empreendimento imobili\u00e1rio.<\/span><br style=\"line-height: inherit;color: #555555;font-family: 'Trebuchet MS', Verdana, Geneva, sans-serif;text-align: justify\" \/><br style=\"line-height: inherit;color: #555555;font-family: 'Trebuchet MS', Verdana, Geneva, sans-serif;text-align: justify\" \/><span style=\"color: #555555;font-family: 'Trebuchet MS', Verdana, Geneva, sans-serif;text-align: justify;font-size: 24px\">A Fras-le, maior fabricante de materiais de fric\u00e7\u00e3o da Am\u00e9rica Latina e um dos l\u00edderes mundiais, \u00e9 a fornecedora oficial de pastilhas de freio para a Copa Truck, proporcionando efici\u00eancia e seguran\u00e7a nas frenagens dos caminh\u00f5es mais r\u00e1pidos do planeta.<\/span><br style=\"line-height: inherit;color: #555555;font-family: 'Trebuchet MS', Verdana, Geneva, sans-serif;text-align: justify\" \/><br style=\"line-height: inherit;color: #555555;font-family: 'Trebuchet MS', Verdana, Geneva, sans-serif;text-align: justify\" \/><span style=\"font-size: 24px\"><strong style=\"line-height: inherit;color: #555555;font-family: 'Trebuchet MS', Verdana, Geneva, sans-serif;text-align: justify\">Fala, piloto!<br style=\"line-height: inherit\" \/><\/strong><span style=\"color: #555555;font-family: 'Trebuchet MS', Verdana, Geneva, sans-serif;text-align: justify\">\u201cFoi muito legal. Dominamos a classifica\u00e7\u00e3o no s\u00e1bado com um caminh\u00e3o perfeito e na primeira corrida foi a mesma coisa. Feliz por ter vencido com um caminh\u00e3o que dominou. A segunda corrida foi mais dif\u00edcil, largando mais atr\u00e1s em uma pista em que \u00e9 muito dif\u00edcil ultrapassar. Acabei ficando preso atr\u00e1s do Adalberto Jardim e n\u00e3o deu para evoluir. Ent\u00e3o, estou feliz por ter vencido pela primeira vez na pista este ano \u2013 sem ter sido herdando a vit\u00f3ria pela desclassifica\u00e7\u00e3o de algu\u00e9m \u2013 e mais ainda por estar com um caminh\u00e3o bem acertado.\u201d<\/span><\/span><br style=\"line-height: inherit;color: #555555;font-family: 'Trebuchet MS', Verdana, Geneva, sans-serif;text-align: justify\" \/><span style=\"font-size: 24px\"><strong style=\"line-height: inherit;color: #555555;font-family: 'Trebuchet MS', Verdana, Geneva, sans-serif;text-align: justify\">(Felipe Giaffone, Usual Racing, Iveco #4) \u2013 VENCEDOR CORRIDA 1<br style=\"line-height: inherit\" \/><\/strong><\/span><br style=\"line-height: inherit;color: #555555;font-family: 'Trebuchet MS', Verdana, Geneva, sans-serif;text-align: justify\" \/><span style=\"font-size: 24px\"><strong style=\"line-height: inherit;color: #555555;font-family: 'Trebuchet MS', Verdana, Geneva, sans-serif;text-align: justify\">Fala, piloto!<\/strong><\/span><br style=\"line-height: inherit;color: #555555;font-family: 'Trebuchet MS', Verdana, Geneva, sans-serif;text-align: justify\" \/><span style=\"color: #555555;font-family: 'Trebuchet MS', Verdana, Geneva, sans-serif;text-align: justify;font-size: 24px\">\u201cFoi uma corrida para lavar a alma. A gente veio de alguns finais de semana n\u00e3o muito bons, com alguns problemas, mas a equipe foi remanejando e acertando as coisas. Aqui, repito, foi para lavar a alma. Terceira vit\u00f3ria no ano, e pela m\u00e9dia est\u00e1 muito bom. Agora \u00e9 manter a consist\u00eancia do equipamento e pensar no ano que vem. Os freios estiveram excelentes durante todo o tempo das duas corridas, 100%\u201d.<\/span><br style=\"line-height: inherit;color: #555555;font-family: 'Trebuchet MS', Verdana, Geneva, sans-serif;text-align: justify\" \/><span style=\"font-size: 24px\"><strong style=\"line-height: inherit;color: #555555;font-family: 'Trebuchet MS', Verdana, Geneva, sans-serif;text-align: justify\">(Danilo Dirani, PP Motorsport, Mercedes #28) \u2013 VENCEDOR CORRIDA 2<br style=\"line-height: inherit\" \/><br style=\"line-height: inherit\" \/>Resultado oficial da Corrida 1 (Top-10):<br style=\"line-height: inherit\" \/><\/strong><span style=\"color: #555555;font-family: 'Trebuchet MS', Verdana, Geneva, sans-serif;text-align: justify\">1. 4 Felipe Giaffone (Iveco)<\/span><\/span><br style=\"line-height: inherit;color: #555555;font-family: 'Trebuchet MS', Verdana, Geneva, sans-serif;text-align: justify\" \/><span style=\"color: #555555;font-family: 'Trebuchet MS', Verdana, Geneva, sans-serif;text-align: justify;font-size: 24px\">2. 88 Beto Monteiro (Volkswagen)<\/span><br style=\"line-height: inherit;color: #555555;font-family: 'Trebuchet MS', Verdana, Geneva, sans-serif;text-align: justify\" \/><span style=\"color: #555555;font-family: 'Trebuchet MS', Verdana, Geneva, sans-serif;text-align: justify;font-size: 24px\">3. 77 Andr\u00e9 Marques (Mercedes)<\/span><br style=\"line-height: inherit;color: #555555;font-family: 'Trebuchet MS', Verdana, Geneva, sans-serif;text-align: justify\" \/><span style=\"color: #555555;font-family: 'Trebuchet MS', Verdana, Geneva, sans-serif;text-align: justify;font-size: 24px\">4. 55 Paulo Salustiano (Volkswagen)<\/span><br style=\"line-height: inherit;color: #555555;font-family: 'Trebuchet MS', Verdana, Geneva, sans-serif;text-align: justify\" \/><span style=\"color: #555555;font-family: 'Trebuchet MS', Verdana, Geneva, sans-serif;text-align: justify;font-size: 24px\">5. 5 Adalberto Jardim (Prot\u00f3tipo)<\/span><br style=\"line-height: inherit;color: #555555;font-family: 'Trebuchet MS', Verdana, Geneva, sans-serif;text-align: justify\" \/><span style=\"color: #555555;font-family: 'Trebuchet MS', Verdana, Geneva, sans-serif;text-align: justify;font-size: 24px\">6. 28 Danilo Dirani (Mercedes)<\/span><br style=\"line-height: inherit;color: #555555;font-family: 'Trebuchet MS', Verdana, Geneva, sans-serif;text-align: justify\" \/><span style=\"color: #555555;font-family: 'Trebuchet MS', Verdana, Geneva, sans-serif;text-align: justify;font-size: 24px\">7. 25 Jaidson Zini (Mercedes)<\/span><br style=\"line-height: inherit;color: #555555;font-family: 'Trebuchet MS', Verdana, Geneva, sans-serif;text-align: justify\" \/><span style=\"color: #555555;font-family: 'Trebuchet MS', Verdana, Geneva, sans-serif;text-align: justify;font-size: 24px\">8. 6 Wellington Cirino (Mercedes)<\/span><br style=\"line-height: inherit;color: #555555;font-family: 'Trebuchet MS', Verdana, Geneva, sans-serif;text-align: justify\" \/><span style=\"color: #555555;font-family: 'Trebuchet MS', Verdana, Geneva, sans-serif;text-align: justify;font-size: 24px\">9. 45 Daniel Kelemen (Mercedes)<\/span><br style=\"line-height: inherit;color: #555555;font-family: 'Trebuchet MS', Verdana, Geneva, sans-serif;text-align: justify\" \/><span style=\"color: #555555;font-family: 'Trebuchet MS', Verdana, Geneva, sans-serif;text-align: justify;font-size: 24px\">10. 8 Rodrigo Pimenta (Prot\u00f3tipo)<\/span><br style=\"line-height: inherit;color: #555555;font-family: 'Trebuchet MS', Verdana, Geneva, sans-serif;text-align: justify\" \/><br style=\"line-height: inherit;color: #555555;font-family: 'Trebuchet MS', Verdana, Geneva, sans-serif;text-align: justify\" \/><span style=\"font-size: 24px\"><strong style=\"line-height: inherit;color: #555555;font-family: 'Trebuchet MS', Verdana, Geneva, sans-serif;text-align: justify\">Resultado oficial da Corrida 2 (Top-10):<br style=\"line-height: inherit\" \/><\/strong><span style=\"color: #555555;font-family: 'Trebuchet MS', Verdana, Geneva, sans-serif;text-align: justify\">1. 28 Danilo Dirani (Mercedes)<\/span><\/span><br style=\"line-height: inherit;color: #555555;font-family: 'Trebuchet MS', Verdana, Geneva, sans-serif;text-align: justify\" \/><span style=\"color: #555555;font-family: 'Trebuchet MS', Verdana, Geneva, sans-serif;text-align: justify;font-size: 24px\">2. 55 Paulo Salustiano (Volkswagen)<\/span><br style=\"line-height: inherit;color: #555555;font-family: 'Trebuchet MS', Verdana, Geneva, sans-serif;text-align: justify\" \/><span style=\"color: #555555;font-family: 'Trebuchet MS', Verdana, Geneva, sans-serif;text-align: justify;font-size: 24px\">3. 77 Andr\u00e9 Marques (Mercedes)<\/span><br style=\"line-height: inherit;color: #555555;font-family: 'Trebuchet MS', Verdana, Geneva, sans-serif;text-align: justify\" \/><span style=\"color: #555555;font-family: 'Trebuchet MS', Verdana, Geneva, sans-serif;text-align: justify;font-size: 24px\">4. 5 Adalberto Jardim (Prot\u00f3tipo)<\/span><br style=\"line-height: inherit;color: #555555;font-family: 'Trebuchet MS', Verdana, Geneva, sans-serif;text-align: justify\" \/><span style=\"color: #555555;font-family: 'Trebuchet MS', Verdana, Geneva, sans-serif;text-align: justify;font-size: 24px\">5. 6 Wellington Cirino (Mercedes)<\/span><br style=\"line-height: inherit;color: #555555;font-family: 'Trebuchet MS', Verdana, Geneva, sans-serif;text-align: justify\" \/><span style=\"color: #555555;font-family: 'Trebuchet MS', Verdana, Geneva, sans-serif;text-align: justify;font-size: 24px\">6. 4. Felipe Giaffone (Iveco)<\/span><br style=\"line-height: inherit;color: #555555;font-family: 'Trebuchet MS', Verdana, Geneva, sans-serif;text-align: justify\" \/><span style=\"color: #555555;font-family: 'Trebuchet MS', Verdana, Geneva, sans-serif;text-align: justify;font-size: 24px\">7. 88 Beto Monteiro (Volkswagen)<\/span><br style=\"line-height: inherit;color: #555555;font-family: 'Trebuchet MS', Verdana, Geneva, sans-serif;text-align: justify\" \/><span style=\"color: #555555;font-family: 'Trebuchet MS', Verdana, Geneva, sans-serif;text-align: justify;font-size: 24px\">8. 57 Felipe Tozzo (Iveco)<\/span><br style=\"line-height: inherit;color: #555555;font-family: 'Trebuchet MS', Verdana, Geneva, sans-serif;text-align: justify\" \/><span style=\"color: #555555;font-family: 'Trebuchet MS', Verdana, Geneva, sans-serif;text-align: justify;font-size: 24px\">9. 25 Jaidson Zini (Mercedes)<\/span><br style=\"line-height: inherit;color: #555555;font-family: 'Trebuchet MS', Verdana, Geneva, sans-serif;text-align: justify\" \/><span style=\"font-size: 24px\"><span style=\"color: #555555;font-family: 'Trebuchet MS', Verdana, Geneva, sans-serif;text-align: justify\">10. 29 Pedro Paulo Fernandes (Mercedes)<\/span><strong style=\"line-height: inherit;color: #555555;font-family: 'Trebuchet MS', Verdana, Geneva, sans-serif;text-align: justify\"><br style=\"line-height: inherit\" \/><\/strong><\/span><br style=\"line-height: inherit;color: #555555;font-family: 'Trebuchet MS', Verdana, Geneva, sans-serif;text-align: justify\" \/><span style=\"font-size: 24px\"><strong style=\"line-height: inherit;color: #555555;font-family: 'Trebuchet MS', Verdana, Geneva, sans-serif;text-align: justify\">CAMPEONATOS<u style=\"line-height: inherit\"><br style=\"line-height: inherit\" \/>Classifica\u00e7\u00e3o Geral Copa Truck (Top-10)<\/u><br style=\"line-height: inherit\" \/><\/strong><span style=\"color: #555555;font-family: 'Trebuchet MS', Verdana, Geneva, sans-serif;text-align: justify\">1. Andr\u00e9 Marques &#8211; 227 pontos<\/span><\/span><br style=\"line-height: inherit;color: #555555;font-family: 'Trebuchet MS', Verdana, Geneva, sans-serif;text-align: justify\" \/><span style=\"color: #555555;font-family: 'Trebuchet MS', Verdana, Geneva, sans-serif;text-align: justify;font-size: 24px\">2. Wellington Cirino &#8211; 213 (-14)<\/span><br style=\"line-height: inherit;color: #555555;font-family: 'Trebuchet MS', Verdana, Geneva, sans-serif;text-align: justify\" \/><span style=\"color: #555555;font-family: 'Trebuchet MS', Verdana, Geneva, sans-serif;text-align: justify;font-size: 24px\">3. Felipe Giaffone &#8211; 209 (-18)<\/span><br style=\"line-height: inherit;color: #555555;font-family: 'Trebuchet MS', Verdana, Geneva, sans-serif;text-align: justify\" \/><span style=\"color: #555555;font-family: 'Trebuchet MS', Verdana, Geneva, sans-serif;text-align: justify;font-size: 24px\">4. Paulo Salustiano &#8211; 182 (-45)<\/span><br style=\"line-height: inherit;color: #555555;font-family: 'Trebuchet MS', Verdana, Geneva, sans-serif;text-align: justify\" \/><span style=\"color: #555555;font-family: 'Trebuchet MS', Verdana, Geneva, sans-serif;text-align: justify;font-size: 24px\">5. Beto Monteiro &#8211; 166 (-61)<\/span><br style=\"line-height: inherit;color: #555555;font-family: 'Trebuchet MS', Verdana, Geneva, sans-serif;text-align: justify\" \/><span style=\"color: #555555;font-family: 'Trebuchet MS', Verdana, Geneva, sans-serif;text-align: justify;font-size: 24px\">6. Adalberto Jardim &#8211; 144 (-83)<\/span><br style=\"line-height: inherit;color: #555555;font-family: 'Trebuchet MS', Verdana, Geneva, sans-serif;text-align: justify\" \/><span style=\"color: #555555;font-family: 'Trebuchet MS', Verdana, Geneva, sans-serif;text-align: justify;font-size: 24px\">7. Luiz Lopes &#8211; 133 (-94)<\/span><br style=\"line-height: inherit;color: #555555;font-family: 'Trebuchet MS', Verdana, Geneva, sans-serif;text-align: justify\" \/><span style=\"color: #555555;font-family: 'Trebuchet MS', Verdana, Geneva, sans-serif;text-align: justify;font-size: 24px\">8. Jaidson Zini &#8211; 128 (-99)<\/span><br style=\"line-height: inherit;color: #555555;font-family: 'Trebuchet MS', Verdana, Geneva, sans-serif;text-align: justify\" \/><span style=\"color: #555555;font-family: 'Trebuchet MS', Verdana, Geneva, sans-serif;text-align: justify;font-size: 24px\">9. Danilo Dirani &#8211; 119 (-108)<\/span><br style=\"line-height: inherit;color: #555555;font-family: 'Trebuchet MS', Verdana, Geneva, sans-serif;text-align: justify\" \/><span style=\"color: #555555;font-family: 'Trebuchet MS', Verdana, Geneva, sans-serif;text-align: justify;font-size: 24px\">10. Roberval Andrade &#8211; 119 (-108)<\/span><br style=\"line-height: inherit;color: #555555;font-family: 'Trebuchet MS', Verdana, Geneva, sans-serif;text-align: justify\" \/><br style=\"line-height: inherit;color: #555555;font-family: 'Trebuchet MS', Verdana, Geneva, sans-serif;text-align: justify\" \/><span style=\"font-size: 24px\"><strong style=\"line-height: inherit;color: #555555;font-family: 'Trebuchet MS', Verdana, Geneva, sans-serif;text-align: justify\"><u style=\"line-height: inherit\">Classifica\u00e7\u00e3o Geral Super Truck (Top-10)*<\/u><br style=\"line-height: inherit\" \/><\/strong><span style=\"color: #555555;font-family: 'Trebuchet MS', Verdana, Geneva, sans-serif;text-align: justify\">1. Felipe Tozzo &#8211; 2018 pontos<\/span><\/span><br style=\"line-height: inherit;color: #555555;font-family: 'Trebuchet MS', Verdana, Geneva, sans-serif;text-align: justify\" \/><span style=\"color: #555555;font-family: 'Trebuchet MS', Verdana, Geneva, sans-serif;text-align: justify;font-size: 24px\">2. Jos\u00e9 Augusto Dias &#8211; 209 (-9)<\/span><br style=\"line-height: inherit;color: #555555;font-family: 'Trebuchet MS', Verdana, Geneva, sans-serif;text-align: justify\" \/><span style=\"color: #555555;font-family: 'Trebuchet MS', Verdana, Geneva, sans-serif;text-align: justify;font-size: 24px\">3. Giuliano Losacco &#8211; 203 (-15)<\/span><br style=\"line-height: inherit;color: #555555;font-family: 'Trebuchet MS', Verdana, Geneva, sans-serif;text-align: justify\" \/><span style=\"color: #555555;font-family: 'Trebuchet MS', Verdana, Geneva, sans-serif;text-align: justify;font-size: 24px\">4. Danilo Alamini &#8211; 173 (-45)<\/span><br style=\"line-height: inherit;color: #555555;font-family: 'Trebuchet MS', Verdana, Geneva, sans-serif;text-align: justify\" \/><span style=\"color: #555555;font-family: 'Trebuchet MS', Verdana, Geneva, sans-serif;text-align: justify;font-size: 24px\">5. Glauco Barros &#8211; 162 (-56)<\/span><br style=\"line-height: inherit;color: #555555;font-family: 'Trebuchet MS', Verdana, Geneva, sans-serif;text-align: justify\" \/><span style=\"color: #555555;font-family: 'Trebuchet MS', Verdana, Geneva, sans-serif;text-align: justify;font-size: 24px\">6. Daniel Kelemen &#8211; 157 (-61)<\/span><br style=\"line-height: inherit;color: #555555;font-family: 'Trebuchet MS', Verdana, Geneva, sans-serif;text-align: justify\" \/><span style=\"color: #555555;font-family: 'Trebuchet MS', Verdana, Geneva, sans-serif;text-align: justify;font-size: 24px\">7. Djalma Pivetta &#8211; 152 (-66)<\/span><br style=\"line-height: inherit;color: #555555;font-family: 'Trebuchet MS', Verdana, Geneva, sans-serif;text-align: justify\" \/><span style=\"color: #555555;font-family: 'Trebuchet MS', Verdana, Geneva, sans-serif;text-align: justify;font-size: 24px\">8. Evandro Camargo &#8211; 151 (-67)<\/span><br style=\"line-height: inherit;color: #555555;font-family: 'Trebuchet MS', Verdana, Geneva, sans-serif;text-align: justify\" \/><span style=\"color: #555555;font-family: 'Trebuchet MS', Verdana, Geneva, sans-serif;text-align: justify;font-size: 24px\">9. F\u00e1bio Foga\u00e7a &#8211; 134 (-84)<\/span><br style=\"line-height: inherit;color: #555555;font-family: 'Trebuchet MS', Verdana, Geneva, sans-serif;text-align: justify\" \/><span style=\"color: #555555;font-family: 'Trebuchet MS', Verdana, Geneva, sans-serif;text-align: justify;font-size: 24px\">10. Ricardo Alvarez &#8211; 112 (-106)<\/span><br style=\"line-height: inherit;color: #555555;font-family: 'Trebuchet MS', Verdana, Geneva, sans-serif;text-align: justify\" \/><span style=\"font-size: 24px\"><em style=\"line-height: inherit;color: #555555;font-family: 'Trebuchet MS', Verdana, Geneva, sans-serif;text-align: justify\">*A classe Super Truck \u00e9 destinada a pilotos com experi\u00eancia recente em corridas de caminh\u00f5es<br style=\"line-height: inherit\" \/><br style=\"line-height: inherit\" \/><\/em><strong style=\"line-height: inherit;color: #555555;font-family: 'Trebuchet MS', Verdana, Geneva, sans-serif;text-align: justify\"><u style=\"line-height: inherit\">Vencedores at\u00e9 o momento na temporada:<\/u><br style=\"line-height: inherit\" \/>Goi\u00e2nia:\u00a0<\/strong><span style=\"color: #555555;font-family: 'Trebuchet MS', Verdana, Geneva, sans-serif;text-align: justify\">Felipe Giaffone (Iveco) e Andr\u00e9 Marques (Mercedes)<\/span><\/span><br style=\"line-height: inherit;color: #555555;font-family: 'Trebuchet MS', Verdana, Geneva, sans-serif;text-align: justify\" \/><span style=\"font-size: 24px\"><strong style=\"line-height: inherit;color: #555555;font-family: 'Trebuchet MS', Verdana, Geneva, sans-serif;text-align: justify\">Interlagos:\u00a0<\/strong><span style=\"color: #555555;font-family: 'Trebuchet MS', Verdana, Geneva, sans-serif;text-align: justify\">Wellington Cirino (Mercedes) e Paulo Salustiano (Volkswagen)<\/span><\/span><br style=\"line-height: inherit;color: #555555;font-family: 'Trebuchet MS', Verdana, Geneva, sans-serif;text-align: justify\" \/><span style=\"font-size: 24px\"><strong style=\"line-height: inherit;color: #555555;font-family: 'Trebuchet MS', Verdana, Geneva, sans-serif;text-align: justify\">Cascavel:\u00a0<\/strong><span style=\"color: #555555;font-family: 'Trebuchet MS', Verdana, Geneva, sans-serif;text-align: justify\">Andr\u00e9 Marques (Mercedes) e Danilo Dirani (Mercedes)<\/span><\/span><br style=\"line-height: inherit;color: #555555;font-family: 'Trebuchet MS', Verdana, Geneva, sans-serif;text-align: justify\" \/><span style=\"font-size: 24px\"><strong style=\"line-height: inherit;color: #555555;font-family: 'Trebuchet MS', Verdana, Geneva, sans-serif;text-align: justify\">Cascavel:\u00a0<\/strong><span style=\"color: #555555;font-family: 'Trebuchet MS', Verdana, Geneva, sans-serif;text-align: justify\">Andr\u00e9 Marques (Mercedes) e Danilo Dirani (Mercedes)<\/span><\/span><br style=\"line-height: inherit;color: #555555;font-family: 'Trebuchet MS', Verdana, Geneva, sans-serif;text-align: justify\" \/><span style=\"font-size: 24px\"><strong style=\"line-height: inherit;color: #555555;font-family: 'Trebuchet MS', Verdana, Geneva, sans-serif;text-align: justify\">Tarum\u00e3:<\/strong><span style=\"color: #555555;font-family: 'Trebuchet MS', Verdana, Geneva, sans-serif;text-align: justify\">\u00a0Andr\u00e9 Marques (Mercedes) e Regis Boessio (Volvo)<\/span><\/span><br style=\"line-height: inherit;color: #555555;font-family: 'Trebuchet MS', Verdana, Geneva, sans-serif;text-align: justify\" \/><span style=\"font-size: 24px\"><strong style=\"line-height: inherit;color: #555555;font-family: 'Trebuchet MS', Verdana, Geneva, sans-serif;text-align: justify\">Curitiba:\u00a0<\/strong><span style=\"color: #555555;font-family: 'Trebuchet MS', Verdana, Geneva, sans-serif;text-align: justify\">Beto Monteiro (Volkswagen) em ambas<\/span><\/span><br style=\"line-height: inherit;color: #555555;font-family: 'Trebuchet MS', Verdana, Geneva, sans-serif;text-align: justify\" \/><span style=\"font-size: 24px\"><strong style=\"line-height: inherit;color: #555555;font-family: 'Trebuchet MS', Verdana, Geneva, sans-serif;text-align: justify\">Curitiba:\u00a0<\/strong><span style=\"color: #555555;font-family: 'Trebuchet MS', Verdana, Geneva, sans-serif;text-align: justify\">Andr\u00e9 Marques (Mercedes) em ambas<\/span><\/span><br style=\"line-height: inherit;color: #555555;font-family: 'Trebuchet MS', Verdana, Geneva, sans-serif;text-align: justify\" \/><span style=\"font-size: 24px\"><strong style=\"line-height: inherit;color: #555555;font-family: 'Trebuchet MS', Verdana, Geneva, sans-serif;text-align: justify\">Potenza:\u00a0<\/strong><span style=\"color: #555555;font-family: 'Trebuchet MS', Verdana, Geneva, sans-serif;text-align: justify\">Felipe Giaffone (Iveco) e Danilo Dirani (Mercedes)<\/span><\/span><br style=\"line-height: inherit;color: #555555;font-family: 'Trebuchet MS', Verdana, Geneva, sans-serif;text-align: justify\" \/><br style=\"line-height: inherit;color: #555555;font-family: 'Trebuchet MS', Verdana, Geneva, sans-serif;text-align: justify\" \/><span style=\"font-size: 24px\"><strong style=\"line-height: inherit;color: #555555;font-family: 'Trebuchet MS', Verdana, Geneva, sans-serif;text-align: justify\"><u style=\"line-height: inherit\">Calend\u00e1rio Copa Truck 2021<\/u><\/strong><\/span><br style=\"line-height: inherit;color: #555555;font-family: 'Trebuchet MS', Verdana, Geneva, sans-serif;text-align: justify\" \/><span style=\"color: #555555;font-family: 'Trebuchet MS', Verdana, Geneva, sans-serif;text-align: justify;font-size: 24px\">23\/05: Goi\u00e2nia (GO)<\/span><br style=\"line-height: inherit;color: #555555;font-family: 'Trebuchet MS', Verdana, Geneva, sans-serif;text-align: justify\" \/><span style=\"color: #555555;font-family: 'Trebuchet MS', Verdana, Geneva, sans-serif;text-align: justify;font-size: 24px\">27\/06: Interlagos (SP)<\/span><br style=\"line-height: inherit;color: #555555;font-family: 'Trebuchet MS', Verdana, Geneva, sans-serif;text-align: justify\" \/><span style=\"color: #555555;font-family: 'Trebuchet MS', Verdana, Geneva, sans-serif;text-align: justify;font-size: 24px\">17 e 18\/07: Cascavel (PR)<\/span><br style=\"line-height: inherit;color: #555555;font-family: 'Trebuchet MS', Verdana, Geneva, sans-serif;text-align: justify\" \/><span style=\"color: #555555;font-family: 'Trebuchet MS', Verdana, Geneva, sans-serif;text-align: justify;font-size: 24px\">15\/08: Tarum\u00e3 (RS)<\/span><br style=\"line-height: inherit;color: #555555;font-family: 'Trebuchet MS', Verdana, Geneva, sans-serif;text-align: justify\" \/><span style=\"color: #555555;font-family: 'Trebuchet MS', Verdana, Geneva, sans-serif;text-align: justify;font-size: 24px\">04 e 05\/09: Curitiba (PR)<\/span><br style=\"line-height: inherit;color: #555555;font-family: 'Trebuchet MS', Verdana, Geneva, sans-serif;text-align: justify\" \/><span style=\"color: #555555;font-family: 'Trebuchet MS', Verdana, Geneva, sans-serif;text-align: justify;font-size: 24px\">03\/10: Potenza (MG)<\/span><br style=\"line-height: inherit;color: #555555;font-family: 'Trebuchet MS', Verdana, Geneva, sans-serif;text-align: justify\" \/><span style=\"color: #555555;font-family: 'Trebuchet MS', Verdana, Geneva, sans-serif;text-align: justify;font-size: 24px\">05\/12: Curitiba (PR)<\/span><\/p>\n<p><span style=\"color: #555555;font-family: 'Trebuchet MS', Verdana, Geneva, sans-serif;text-align: justify;font-size: 24px\">(Foto: Vanderley Soares\/P1 Media Relations\/Divulga\u00e7\u00e3o)<\/span><\/p>\n","protected":false},"excerpt":{"rendered":"<p>O Aut\u00f3dromo Potenza, em Lima Duarte (MG), recebeu no \u00faltimo final de semana a oitava e pen\u00faltima etapa da Copa Truck em 2021 com duas corridas bastante movimentadas pelo apertado tra\u00e7ado de 3.200 metros. Mesmo assim, v\u00e1rias ultrapassagens, toques e at\u00e9 alguns acidentes fizeram parte do espet\u00e1culo que foi o encontro da categoria dos pesados [&hellip;]<\/p>\n","protected":false},"author":6307,"featured_media":50801,"comment_status":"closed","ping_status":"open","sticky":false,"template":"","format":"standard","meta":{"_exactmetrics_skip_tracking":false,"_exactmetrics_sitenote_active":false,"_exactmetrics_sitenote_note":"","_exactmetrics_sitenote_category":0,"footnotes":""},"categories":[1267],"tags":[11533],"yoast_head":"<!-- This site is optimized with the Yoast SEO Premium plugin v22.7 (Yoast SEO v22.7) - https:\/\/yoast.com\/wordpress\/plugins\/seo\/ -->\n<title>MARING\u00c1 - Copa Truck estabelece finalistas ap\u00f3s vit\u00f3rias de Giaffone e Dirani no Potenza - Orlando Gonzalez<\/title>\n<meta name=\"robots\" content=\"index, follow, max-snippet:-1, max-image-preview:large, max-video-preview:-1\" \/>\n<link rel=\"canonical\" href=\"https:\/\/maringapost.com.br\/orlandogonzalez\/2021\/10\/04\/maringa-copa-truck-estabelece-finalistas-apos-vitorias-de-giaffone-e-dirani-no-potenza\/\" \/>\n<meta property=\"og:locale\" content=\"pt_BR\" \/>\n<meta property=\"og:type\" content=\"article\" \/>\n<meta property=\"og:title\" content=\"MARING\u00c1 - Copa Truck estabelece finalistas ap\u00f3s vit\u00f3rias de Giaffone e Dirani no Potenza\" \/>\n<meta property=\"og:description\" content=\"O Aut\u00f3dromo Potenza, em Lima Duarte (MG), recebeu no \u00faltimo final de semana a oitava e pen\u00faltima etapa da Copa Truck em 2021 com duas corridas bastante movimentadas pelo apertado tra\u00e7ado de 3.200 metros. Mesmo assim, v\u00e1rias ultrapassagens, toques e at\u00e9 alguns acidentes fizeram parte do espet\u00e1culo que foi o encontro da categoria dos pesados [&hellip;]\" \/>\n<meta property=\"og:url\" content=\"https:\/\/maringapost.com.br\/orlandogonzalez\/2021\/10\/04\/maringa-copa-truck-estabelece-finalistas-apos-vitorias-de-giaffone-e-dirani-no-potenza\/\" \/>\n<meta property=\"og:site_name\" content=\"Orlando Gonzalez\" \/>\n<meta property=\"article:author\" content=\"https:\/\/www.facebook.com\/profile.php?id=100011095815065\" \/>\n<meta property=\"article:published_time\" content=\"2021-10-04T12:13:35+00:00\" \/>\n<meta property=\"article:modified_time\" content=\"2021-10-04T12:13:47+00:00\" \/>\n<meta property=\"og:image\" content=\"https:\/\/maringapost.com.br\/orlandogonzalez\/wp-content\/uploads\/sites\/17\/2021\/10\/398091_987408_whatsapp_image_2021_10_03_at_14.55.07.jpeg\" \/>\n\t<meta property=\"og:image:width\" content=\"1280\" \/>\n\t<meta property=\"og:image:height\" content=\"853\" \/>\n\t<meta property=\"og:image:type\" content=\"image\/jpeg\" \/>\n<meta name=\"author\" content=\"Orlando Gonzalez\" \/>\n<meta name=\"twitter:card\" content=\"summary_large_image\" \/>\n<meta name=\"twitter:creator\" content=\"@gonzalezorlando\" \/>\n<meta name=\"twitter:label1\" content=\"Escrito por\" \/>\n\t<meta name=\"twitter:data1\" content=\"\" \/>\n\t<meta name=\"twitter:label2\" content=\"Est. tempo de leitura\" \/>\n\t<meta name=\"twitter:data2\" content=\"4 minutos\" \/>\n<script type=\"application\/ld+json\" class=\"yoast-schema-graph\">{\"@context\":\"https:\/\/schema.org\",\"@graph\":[{\"@type\":\"WebPage\",\"@id\":\"https:\/\/maringapost.com.br\/orlandogonzalez\/2021\/10\/04\/maringa-copa-truck-estabelece-finalistas-apos-vitorias-de-giaffone-e-dirani-no-potenza\/\",\"url\":\"https:\/\/maringapost.com.br\/orlandogonzalez\/2021\/10\/04\/maringa-copa-truck-estabelece-finalistas-apos-vitorias-de-giaffone-e-dirani-no-potenza\/\",\"name\":\"MARING\u00c1 - Copa Truck estabelece finalistas ap\u00f3s vit\u00f3rias de Giaffone e Dirani no Potenza - Orlando Gonzalez\",\"isPartOf\":{\"@id\":\"https:\/\/maringapost.com.br\/orlandogonzalez\/#website\"},\"primaryImageOfPage\":{\"@id\":\"https:\/\/maringapost.com.br\/orlandogonzalez\/2021\/10\/04\/maringa-copa-truck-estabelece-finalistas-apos-vitorias-de-giaffone-e-dirani-no-potenza\/#primaryimage\"},\"image\":{\"@id\":\"https:\/\/maringapost.com.br\/orlandogonzalez\/2021\/10\/04\/maringa-copa-truck-estabelece-finalistas-apos-vitorias-de-giaffone-e-dirani-no-potenza\/#primaryimage\"},\"thumbnailUrl\":\"https:\/\/maringapost.com.br\/orlandogonzalez\/wp-content\/uploads\/sites\/17\/2021\/10\/398091_987408_whatsapp_image_2021_10_03_at_14.55.07.jpeg\",\"datePublished\":\"2021-10-04T12:13:35+00:00\",\"dateModified\":\"2021-10-04T12:13:47+00:00\",\"author\":{\"@id\":\"https:\/\/maringapost.com.br\/orlandogonzalez\/#\/schema\/person\/5cbe6257d08edea6afc9ebaa613b0633\"},\"inLanguage\":\"pt-BR\",\"potentialAction\":[{\"@type\":\"ReadAction\",\"target\":[\"https:\/\/maringapost.com.br\/orlandogonzalez\/2021\/10\/04\/maringa-copa-truck-estabelece-finalistas-apos-vitorias-de-giaffone-e-dirani-no-potenza\/\"]}]},{\"@type\":\"ImageObject\",\"inLanguage\":\"pt-BR\",\"@id\":\"https:\/\/maringapost.com.br\/orlandogonzalez\/2021\/10\/04\/maringa-copa-truck-estabelece-finalistas-apos-vitorias-de-giaffone-e-dirani-no-potenza\/#primaryimage\",\"url\":\"https:\/\/maringapost.com.br\/orlandogonzalez\/wp-content\/uploads\/sites\/17\/2021\/10\/398091_987408_whatsapp_image_2021_10_03_at_14.55.07.jpeg\",\"contentUrl\":\"https:\/\/maringapost.com.br\/orlandogonzalez\/wp-content\/uploads\/sites\/17\/2021\/10\/398091_987408_whatsapp_image_2021_10_03_at_14.55.07.jpeg\",\"width\":1280,\"height\":853},{\"@type\":\"WebSite\",\"@id\":\"https:\/\/maringapost.com.br\/orlandogonzalez\/#website\",\"url\":\"https:\/\/maringapost.com.br\/orlandogonzalez\/\",\"name\":\"Orlando Gonzalez\",\"description\":\"Destaca o esporte de Maring\u00e1! Destaca o esporte do Paran\u00e1! Destaca o esporte do Brasil!\",\"potentialAction\":[{\"@type\":\"SearchAction\",\"target\":{\"@type\":\"EntryPoint\",\"urlTemplate\":\"https:\/\/maringapost.com.br\/orlandogonzalez\/?s={search_term_string}\"},\"query-input\":\"required name=search_term_string\"}],\"inLanguage\":\"pt-BR\"},{\"@type\":\"Person\",\"@id\":\"https:\/\/maringapost.com.br\/orlandogonzalez\/#\/schema\/person\/5cbe6257d08edea6afc9ebaa613b0633\",\"name\":\"Orlando Gonzalez\",\"image\":{\"@type\":\"ImageObject\",\"inLanguage\":\"pt-BR\",\"@id\":\"https:\/\/maringapost.com.br\/orlandogonzalez\/#\/schema\/person\/image\/\",\"url\":\"https:\/\/secure.gravatar.com\/avatar\/ecef9d1c9afe5ebdafadde8369065ba5?s=96&d=mm&r=g\",\"contentUrl\":\"https:\/\/secure.gravatar.com\/avatar\/ecef9d1c9afe5ebdafadde8369065ba5?s=96&d=mm&r=g\",\"caption\":\"Orlando Gonzalez\"},\"description\":\"H\u00e1 29 anos na cobertura do esporte de Maring\u00e1. Plant\u00e3o e narrador esportivo. Presta\u00e7\u00e3o de assessoria de imprensa esportiva, cobertura e transmiss\u00f5es ao vivo de eventos esportivos. E-mail: orlandogonzalez.assessoria@gmail.com WhatsApp: (44) 9 9126-6119\",\"sameAs\":[\"http:\/\/www.radiomaringa.com.br\/\",\"https:\/\/www.facebook.com\/profile.php?id=100011095815065\",\"https:\/\/www.instagram.com\/orlandomgonzalez\/\",\"https:\/\/br.pinterest.com\/ogonzalez0530\/\",\"https:\/\/x.com\/gonzalezorlando\",\"https:\/\/www.youtube.com\/channel\/UCvFpl55btth8wjnKiSS1ibA\",\"https:\/\/radiomaringaweb.tumblr.com\/\"],\"url\":\"https:\/\/maringapost.com.br\/orlandogonzalez\/author\/orlando\/\"}]}<\/script>\n<!-- \/ Yoast SEO Premium plugin. -->","yoast_head_json":{"title":"MARING\u00c1 - Copa Truck estabelece finalistas ap\u00f3s vit\u00f3rias de Giaffone e Dirani no Potenza - Orlando Gonzalez","robots":{"index":"index","follow":"follow","max-snippet":"max-snippet:-1","max-image-preview":"max-image-preview:large","max-video-preview":"max-video-preview:-1"},"canonical":"https:\/\/maringapost.com.br\/orlandogonzalez\/2021\/10\/04\/maringa-copa-truck-estabelece-finalistas-apos-vitorias-de-giaffone-e-dirani-no-potenza\/","og_locale":"pt_BR","og_type":"article","og_title":"MARING\u00c1 - Copa Truck estabelece finalistas ap\u00f3s vit\u00f3rias de Giaffone e Dirani no Potenza","og_description":"O Aut\u00f3dromo Potenza, em Lima Duarte (MG), recebeu no \u00faltimo final de semana a oitava e pen\u00faltima etapa da Copa Truck em 2021 com duas corridas bastante movimentadas pelo apertado tra\u00e7ado de 3.200 metros. Mesmo assim, v\u00e1rias ultrapassagens, toques e at\u00e9 alguns acidentes fizeram parte do espet\u00e1culo que foi o encontro da categoria dos pesados [&hellip;]","og_url":"https:\/\/maringapost.com.br\/orlandogonzalez\/2021\/10\/04\/maringa-copa-truck-estabelece-finalistas-apos-vitorias-de-giaffone-e-dirani-no-potenza\/","og_site_name":"Orlando Gonzalez","article_author":"https:\/\/www.facebook.com\/profile.php?id=100011095815065","article_published_time":"2021-10-04T12:13:35+00:00","article_modified_time":"2021-10-04T12:13:47+00:00","og_image":[{"width":1280,"height":853,"url":"https:\/\/maringapost.com.br\/orlandogonzalez\/wp-content\/uploads\/sites\/17\/2021\/10\/398091_987408_whatsapp_image_2021_10_03_at_14.55.07.jpeg","type":"image\/jpeg"}],"author":"Orlando Gonzalez","twitter_card":"summary_large_image","twitter_creator":"@gonzalezorlando","twitter_misc":{"Escrito por":false,"Est. tempo de leitura":"4 minutos"},"schema":{"@context":"https:\/\/schema.org","@graph":[{"@type":"WebPage","@id":"https:\/\/maringapost.com.br\/orlandogonzalez\/2021\/10\/04\/maringa-copa-truck-estabelece-finalistas-apos-vitorias-de-giaffone-e-dirani-no-potenza\/","url":"https:\/\/maringapost.com.br\/orlandogonzalez\/2021\/10\/04\/maringa-copa-truck-estabelece-finalistas-apos-vitorias-de-giaffone-e-dirani-no-potenza\/","name":"MARING\u00c1 - Copa Truck estabelece finalistas ap\u00f3s vit\u00f3rias de Giaffone e Dirani no Potenza - Orlando Gonzalez","isPartOf":{"@id":"https:\/\/maringapost.com.br\/orlandogonzalez\/#website"},"primaryImageOfPage":{"@id":"https:\/\/maringapost.com.br\/orlandogonzalez\/2021\/10\/04\/maringa-copa-truck-estabelece-finalistas-apos-vitorias-de-giaffone-e-dirani-no-potenza\/#primaryimage"},"image":{"@id":"https:\/\/maringapost.com.br\/orlandogonzalez\/2021\/10\/04\/maringa-copa-truck-estabelece-finalistas-apos-vitorias-de-giaffone-e-dirani-no-potenza\/#primaryimage"},"thumbnailUrl":"https:\/\/maringapost.com.br\/orlandogonzalez\/wp-content\/uploads\/sites\/17\/2021\/10\/398091_987408_whatsapp_image_2021_10_03_at_14.55.07.jpeg","datePublished":"2021-10-04T12:13:35+00:00","dateModified":"2021-10-04T12:13:47+00:00","author":{"@id":"https:\/\/maringapost.com.br\/orlandogonzalez\/#\/schema\/person\/5cbe6257d08edea6afc9ebaa613b0633"},"inLanguage":"pt-BR","potentialAction":[{"@type":"ReadAction","target":["https:\/\/maringapost.com.br\/orlandogonzalez\/2021\/10\/04\/maringa-copa-truck-estabelece-finalistas-apos-vitorias-de-giaffone-e-dirani-no-potenza\/"]}]},{"@type":"ImageObject","inLanguage":"pt-BR","@id":"https:\/\/maringapost.com.br\/orlandogonzalez\/2021\/10\/04\/maringa-copa-truck-estabelece-finalistas-apos-vitorias-de-giaffone-e-dirani-no-potenza\/#primaryimage","url":"https:\/\/maringapost.com.br\/orlandogonzalez\/wp-content\/uploads\/sites\/17\/2021\/10\/398091_987408_whatsapp_image_2021_10_03_at_14.55.07.jpeg","contentUrl":"https:\/\/maringapost.com.br\/orlandogonzalez\/wp-content\/uploads\/sites\/17\/2021\/10\/398091_987408_whatsapp_image_2021_10_03_at_14.55.07.jpeg","width":1280,"height":853},{"@type":"WebSite","@id":"https:\/\/maringapost.com.br\/orlandogonzalez\/#website","url":"https:\/\/maringapost.com.br\/orlandogonzalez\/","name":"Orlando Gonzalez","description":"Destaca o esporte de Maring\u00e1! Destaca o esporte do Paran\u00e1! Destaca o esporte do Brasil!","potentialAction":[{"@type":"SearchAction","target":{"@type":"EntryPoint","urlTemplate":"https:\/\/maringapost.com.br\/orlandogonzalez\/?s={search_term_string}"},"query-input":"required name=search_term_string"}],"inLanguage":"pt-BR"},{"@type":"Person","@id":"https:\/\/maringapost.com.br\/orlandogonzalez\/#\/schema\/person\/5cbe6257d08edea6afc9ebaa613b0633","name":"Orlando Gonzalez","image":{"@type":"ImageObject","inLanguage":"pt-BR","@id":"https:\/\/maringapost.com.br\/orlandogonzalez\/#\/schema\/person\/image\/","url":"https:\/\/secure.gravatar.com\/avatar\/ecef9d1c9afe5ebdafadde8369065ba5?s=96&d=mm&r=g","contentUrl":"https:\/\/secure.gravatar.com\/avatar\/ecef9d1c9afe5ebdafadde8369065ba5?s=96&d=mm&r=g","caption":"Orlando Gonzalez"},"description":"H\u00e1 29 anos na cobertura do esporte de Maring\u00e1. Plant\u00e3o e narrador esportivo. Presta\u00e7\u00e3o de assessoria de imprensa esportiva, cobertura e transmiss\u00f5es ao vivo de eventos esportivos. E-mail: orlandogonzalez.assessoria@gmail.com WhatsApp: (44) 9 9126-6119","sameAs":["http:\/\/www.radiomaringa.com.br\/","https:\/\/www.facebook.com\/profile.php?id=100011095815065","https:\/\/www.instagram.com\/orlandomgonzalez\/","https:\/\/br.pinterest.com\/ogonzalez0530\/","https:\/\/x.com\/gonzalezorlando","https:\/\/www.youtube.com\/channel\/UCvFpl55btth8wjnKiSS1ibA","https:\/\/radiomaringaweb.tumblr.com\/"],"url":"https:\/\/maringapost.com.br\/orlandogonzalez\/author\/orlando\/"}]}},"_links":{"self":[{"href":"https:\/\/maringapost.com.br\/orlandogonzalez\/wp-json\/wp\/v2\/posts\/50800"}],"collection":[{"href":"https:\/\/maringapost.com.br\/orlandogonzalez\/wp-json\/wp\/v2\/posts"}],"about":[{"href":"https:\/\/maringapost.com.br\/orlandogonzalez\/wp-json\/wp\/v2\/types\/post"}],"author":[{"embeddable":true,"href":"https:\/\/maringapost.com.br\/orlandogonzalez\/wp-json\/wp\/v2\/users\/6307"}],"replies":[{"embeddable":true,"href":"https:\/\/maringapost.com.br\/orlandogonzalez\/wp-json\/wp\/v2\/comments?post=50800"}],"version-history":[{"count":1,"href":"https:\/\/maringapost.com.br\/orlandogonzalez\/wp-json\/wp\/v2\/posts\/50800\/revisions"}],"predecessor-version":[{"id":50802,"href":"https:\/\/maringapost.com.br\/orlandogonzalez\/wp-json\/wp\/v2\/posts\/50800\/revisions\/50802"}],"wp:featuredmedia":[{"embeddable":true,"href":"https:\/\/maringapost.com.br\/orlandogonzalez\/wp-json\/wp\/v2\/media\/50801"}],"wp:attachment":[{"href":"https:\/\/maringapost.com.br\/orlandogonzalez\/wp-json\/wp\/v2\/media?parent=50800"}],"wp:term":[{"taxonomy":"category","embeddable":true,"href":"https:\/\/maringapost.com.br\/orlandogonzalez\/wp-json\/wp\/v2\/categories?post=50800"},{"taxonomy":"post_tag","embeddable":true,"href":"https:\/\/maringapost.com.br\/orlandogonzalez\/wp-json\/wp\/v2\/tags?post=50800"}],"curies":[{"name":"wp","href":"https:\/\/api.w.org\/{rel}","templated":true}]}}