{"id":50227,"date":"2021-08-13T10:24:25","date_gmt":"2021-08-13T13:24:25","guid":{"rendered":"http:\/\/maringapost.com.br\/orlandogonzalez\/?p=50227"},"modified":"2021-08-13T10:24:25","modified_gmt":"2021-08-13T13:24:25","slug":"radio-maringa-gabriel-medina-e-italo-ferreira-levaram-a-pior-no-circuito-mundial-de-surfe-no-mexico","status":"publish","type":"post","link":"https:\/\/maringapost.com.br\/orlandogonzalez\/2021\/08\/13\/radio-maringa-gabriel-medina-e-italo-ferreira-levaram-a-pior-no-circuito-mundial-de-surfe-no-mexico\/","title":{"rendered":"R\u00c1DIO MARING\u00c1 &#8211; Gabriel Medina e \u00cdtalo Ferreira levaram a pior no Circuito Mundial de Surfe no M\u00e9xico"},"content":{"rendered":"<p style=\"margin: 0px 0px 1.3rem;color: #495057;font-family: 'Source Serif Pro', serif;font-size: 16px;background-color: #f7f8f9\"><span style=\"font-size: 24px\">Os campe\u00f5es mundiais Gabriel Medina e \u00cdtalo Ferreira levaram a pior nos duelos 100% brasileiros de quinta-feira (12), contra Deivid Silva e Mateus Herdy, respectivamente, pelas quartas de final do Open Mexico (Aberto do M\u00e9xico), s\u00e9tima etapa do Circuito Mundial de surfe. As baterias s\u00e3o realizadas na praia de Barra de La Cruz, em Oaxaca.<img decoding=\"async\" style=\"border: 0px none;vertical-align: middle;height: 1px;width: 1px\" src=\"https:\/\/agenciabrasil.ebc.com.br\/ebc.png?id=1418364&amp;o=node\" \/><img decoding=\"async\" style=\"border: 0px none;vertical-align: middle;height: 1px;width: 1px\" src=\"https:\/\/agenciabrasil.ebc.com.br\/ebc.gif?id=1418364&amp;o=node\" \/><\/span><\/p>\n<p style=\"margin: 0px 0px 1.3rem;color: #495057;font-family: 'Source Serif Pro', serif;font-size: 16px;background-color: #f7f8f9\"><span style=\"font-size: 24px\">Apesar das derrotas, Medina e \u00cdtalo est\u00e3o garantidos no WSL Finals, que reunir\u00e1 os cinco melhores surfistas dos circuitos masculino e feminino para definir os campe\u00f5es mundiais de 2021. A competi\u00e7\u00e3o ser\u00e1 entre os dias 9 e 17 de setembro, na praia de Trestles, na Calif\u00f3rnia (Estados Unidos). Al\u00e9m deles, o tamb\u00e9m brasileiro Filipe Toledo, o norte-americano Conner Coffin e o australiano Morgan Cibilic est\u00e3o classificados para o Finals.<\/span><\/p>\n<p style=\"margin: 0px 0px 1.3rem;color: #495057;font-family: 'Source Serif Pro', serif;font-size: 16px;background-color: #f7f8f9\"><span style=\"font-size: 24px\">Nas semifinais, Deivid ter\u00e1 pela frente o italiano Leonardo Fioravanti, enquanto Herdy enfrenta o australiano Jack Robinson. A previs\u00e3o da Liga Mundial de Surfe (WSL, sigla em ingl\u00eas) \u00e9 que as baterias comecem \u00e0s 9h15 (hor\u00e1rio de Bras\u00edlia) desta sexta-feira (13).<\/span><\/p>\n<p style=\"margin: 0px 0px 1.3rem;color: #495057;font-family: 'Source Serif Pro', serif;font-size: 16px;background-color: #f7f8f9\"><span style=\"font-size: 24px\">No confronto entre Medina e Deivid, o bicampe\u00e3o mundial esteve \u00e0 frente na maior parte do tempo, mas foi surpreendido nas \u00faltimas ondas da bateria, quando o compatriota, tamb\u00e9m paulista, obteve um 8,67, seguido por um 6,67. No fim, vit\u00f3ria de Deivid por 15,34 a 13,14.<\/span><\/p>\n<p style=\"margin: 0px 0px 1.3rem;color: #495057;font-family: 'Source Serif Pro', serif;font-size: 16px;background-color: #f7f8f9\"><span style=\"font-size: 24px\">O duelo entre \u00cdtalo e Herdy foi o \u00faltimo das quartas de final. O potiguar, atual campe\u00e3o mundial e ol\u00edmpico, conseguiu uma nota 6,60 e um 8,83 logo na sequ\u00eancia. Nos minutos finais, o catarinense, que precisava de uma nota acima de 8,17 para tomar a lideran\u00e7a, foi al\u00e9m: obteve um 9,27 e deixou o medalhista de ouro da Olimp\u00edada de T\u00f3quio (Jap\u00e3o) para tr\u00e1s. Triunfo de Herdy por 16,54 a 15,43.<\/span><\/p>\n<h2 style=\"margin-top: 0px;margin-bottom: 0.5rem;font-family: 'Open Sans', sans-serif;font-weight: 500;line-height: 1.2;color: #343a40;font-size: 32px;background-color: #f7f8f9\"><span style=\"font-size: 24px\">Tati perde, mas vai ao Finals<\/span><\/h2>\n<p style=\"margin: 0px 0px 1.3rem;color: #495057;font-family: 'Source Serif Pro', serif;font-size: 16px;background-color: #f7f8f9\"><span style=\"font-size: 24px\">Na disputa feminina do Aberto mexicano, Tatiana Weston-Webb foi superada pela australiana Stephanie Gilmore nas quartas de final. A brasileira demorou a pontuar e n\u00e3o conseguiu amea\u00e7ar a rival, que marcou um 8,33 logo na segunda onda, vencendo a bateria por 15,50 a 7,33 no somat\u00f3rio. Tati, por\u00e9m, est\u00e1 classificada para o WSL Finais, ao lado da havaiana Carissa Moore, da francesa Johanne Defay, da australiana Sally Fitzgibbons e da pr\u00f3pria Gilmore.<\/span><\/p>\n<p style=\"margin: 0px 0px 1.3rem;color: #495057;font-family: 'Source Serif Pro', serif;font-size: 16px;background-color: #f7f8f9\"><span style=\"font-size: 24px\">(Ag\u00eancia Brasil)<\/span><\/p>\n","protected":false},"excerpt":{"rendered":"<p>Os campe\u00f5es mundiais Gabriel Medina e \u00cdtalo Ferreira levaram a pior nos duelos 100% brasileiros de quinta-feira (12), contra Deivid Silva e Mateus Herdy, respectivamente, pelas quartas de final do Open Mexico (Aberto do M\u00e9xico), s\u00e9tima etapa do Circuito Mundial de surfe. As baterias s\u00e3o realizadas na praia de Barra de La Cruz, em Oaxaca. [&hellip;]<\/p>\n","protected":false},"author":6307,"featured_media":50228,"comment_status":"closed","ping_status":"open","sticky":false,"template":"","format":"standard","meta":{"_exactmetrics_skip_tracking":false,"_exactmetrics_sitenote_active":false,"_exactmetrics_sitenote_note":"","_exactmetrics_sitenote_category":0,"footnotes":""},"categories":[7995],"tags":[47,8535],"yoast_head":"<!-- This site is optimized with the Yoast SEO Premium plugin v22.7 (Yoast SEO v22.7) - https:\/\/yoast.com\/wordpress\/plugins\/seo\/ -->\n<title>R\u00c1DIO MARING\u00c1 - Gabriel Medina e \u00cdtalo Ferreira levaram a pior no Circuito Mundial de Surfe no M\u00e9xico - Orlando Gonzalez<\/title>\n<meta name=\"robots\" content=\"index, follow, max-snippet:-1, max-image-preview:large, max-video-preview:-1\" \/>\n<link rel=\"canonical\" href=\"https:\/\/maringapost.com.br\/orlandogonzalez\/2021\/08\/13\/radio-maringa-gabriel-medina-e-italo-ferreira-levaram-a-pior-no-circuito-mundial-de-surfe-no-mexico\/\" \/>\n<meta property=\"og:locale\" content=\"pt_BR\" \/>\n<meta property=\"og:type\" content=\"article\" \/>\n<meta property=\"og:title\" content=\"R\u00c1DIO MARING\u00c1 - Gabriel Medina e \u00cdtalo Ferreira levaram a pior no Circuito Mundial de Surfe no M\u00e9xico\" \/>\n<meta property=\"og:description\" content=\"Os campe\u00f5es mundiais Gabriel Medina e \u00cdtalo Ferreira levaram a pior nos duelos 100% brasileiros de quinta-feira (12), contra Deivid Silva e Mateus Herdy, respectivamente, pelas quartas de final do Open Mexico (Aberto do M\u00e9xico), s\u00e9tima etapa do Circuito Mundial de surfe. As baterias s\u00e3o realizadas na praia de Barra de La Cruz, em Oaxaca. [&hellip;]\" \/>\n<meta property=\"og:url\" content=\"https:\/\/maringapost.com.br\/orlandogonzalez\/2021\/08\/13\/radio-maringa-gabriel-medina-e-italo-ferreira-levaram-a-pior-no-circuito-mundial-de-surfe-no-mexico\/\" \/>\n<meta property=\"og:site_name\" content=\"Orlando Gonzalez\" \/>\n<meta property=\"article:author\" content=\"https:\/\/www.facebook.com\/profile.php?id=100011095815065\" \/>\n<meta property=\"article:published_time\" content=\"2021-08-13T13:24:25+00:00\" \/>\n<meta property=\"og:image\" content=\"https:\/\/maringapost.com.br\/orlandogonzalez\/wp-content\/uploads\/sites\/17\/2021\/08\/medina88.jpg\" \/>\n\t<meta property=\"og:image:width\" content=\"512\" \/>\n\t<meta property=\"og:image:height\" content=\"385\" \/>\n\t<meta property=\"og:image:type\" content=\"image\/jpeg\" \/>\n<meta name=\"author\" content=\"Orlando Gonzalez\" \/>\n<meta name=\"twitter:card\" content=\"summary_large_image\" \/>\n<meta name=\"twitter:creator\" content=\"@gonzalezorlando\" \/>\n<meta name=\"twitter:label1\" content=\"Escrito por\" \/>\n\t<meta name=\"twitter:data1\" content=\"\" \/>\n\t<meta name=\"twitter:label2\" content=\"Est. tempo de leitura\" \/>\n\t<meta name=\"twitter:data2\" content=\"2 minutos\" \/>\n<script type=\"application\/ld+json\" class=\"yoast-schema-graph\">{\"@context\":\"https:\/\/schema.org\",\"@graph\":[{\"@type\":\"WebPage\",\"@id\":\"https:\/\/maringapost.com.br\/orlandogonzalez\/2021\/08\/13\/radio-maringa-gabriel-medina-e-italo-ferreira-levaram-a-pior-no-circuito-mundial-de-surfe-no-mexico\/\",\"url\":\"https:\/\/maringapost.com.br\/orlandogonzalez\/2021\/08\/13\/radio-maringa-gabriel-medina-e-italo-ferreira-levaram-a-pior-no-circuito-mundial-de-surfe-no-mexico\/\",\"name\":\"R\u00c1DIO MARING\u00c1 - Gabriel Medina e \u00cdtalo Ferreira levaram a pior no Circuito Mundial de Surfe no M\u00e9xico - Orlando Gonzalez\",\"isPartOf\":{\"@id\":\"https:\/\/maringapost.com.br\/orlandogonzalez\/#website\"},\"primaryImageOfPage\":{\"@id\":\"https:\/\/maringapost.com.br\/orlandogonzalez\/2021\/08\/13\/radio-maringa-gabriel-medina-e-italo-ferreira-levaram-a-pior-no-circuito-mundial-de-surfe-no-mexico\/#primaryimage\"},\"image\":{\"@id\":\"https:\/\/maringapost.com.br\/orlandogonzalez\/2021\/08\/13\/radio-maringa-gabriel-medina-e-italo-ferreira-levaram-a-pior-no-circuito-mundial-de-surfe-no-mexico\/#primaryimage\"},\"thumbnailUrl\":\"https:\/\/maringapost.com.br\/orlandogonzalez\/wp-content\/uploads\/sites\/17\/2021\/08\/medina88.jpg\",\"datePublished\":\"2021-08-13T13:24:25+00:00\",\"dateModified\":\"2021-08-13T13:24:25+00:00\",\"author\":{\"@id\":\"https:\/\/maringapost.com.br\/orlandogonzalez\/#\/schema\/person\/5cbe6257d08edea6afc9ebaa613b0633\"},\"inLanguage\":\"pt-BR\",\"potentialAction\":[{\"@type\":\"ReadAction\",\"target\":[\"https:\/\/maringapost.com.br\/orlandogonzalez\/2021\/08\/13\/radio-maringa-gabriel-medina-e-italo-ferreira-levaram-a-pior-no-circuito-mundial-de-surfe-no-mexico\/\"]}]},{\"@type\":\"ImageObject\",\"inLanguage\":\"pt-BR\",\"@id\":\"https:\/\/maringapost.com.br\/orlandogonzalez\/2021\/08\/13\/radio-maringa-gabriel-medina-e-italo-ferreira-levaram-a-pior-no-circuito-mundial-de-surfe-no-mexico\/#primaryimage\",\"url\":\"https:\/\/maringapost.com.br\/orlandogonzalez\/wp-content\/uploads\/sites\/17\/2021\/08\/medina88.jpg\",\"contentUrl\":\"https:\/\/maringapost.com.br\/orlandogonzalez\/wp-content\/uploads\/sites\/17\/2021\/08\/medina88.jpg\",\"width\":512,\"height\":385},{\"@type\":\"WebSite\",\"@id\":\"https:\/\/maringapost.com.br\/orlandogonzalez\/#website\",\"url\":\"https:\/\/maringapost.com.br\/orlandogonzalez\/\",\"name\":\"Orlando Gonzalez\",\"description\":\"Destaca o esporte de Maring\u00e1! Destaca o esporte do Paran\u00e1! Destaca o esporte do Brasil!\",\"potentialAction\":[{\"@type\":\"SearchAction\",\"target\":{\"@type\":\"EntryPoint\",\"urlTemplate\":\"https:\/\/maringapost.com.br\/orlandogonzalez\/?s={search_term_string}\"},\"query-input\":\"required name=search_term_string\"}],\"inLanguage\":\"pt-BR\"},{\"@type\":\"Person\",\"@id\":\"https:\/\/maringapost.com.br\/orlandogonzalez\/#\/schema\/person\/5cbe6257d08edea6afc9ebaa613b0633\",\"name\":\"Orlando Gonzalez\",\"image\":{\"@type\":\"ImageObject\",\"inLanguage\":\"pt-BR\",\"@id\":\"https:\/\/maringapost.com.br\/orlandogonzalez\/#\/schema\/person\/image\/\",\"url\":\"https:\/\/secure.gravatar.com\/avatar\/ecef9d1c9afe5ebdafadde8369065ba5?s=96&d=mm&r=g\",\"contentUrl\":\"https:\/\/secure.gravatar.com\/avatar\/ecef9d1c9afe5ebdafadde8369065ba5?s=96&d=mm&r=g\",\"caption\":\"Orlando Gonzalez\"},\"description\":\"H\u00e1 29 anos na cobertura do esporte de Maring\u00e1. Plant\u00e3o e narrador esportivo. Presta\u00e7\u00e3o de assessoria de imprensa esportiva, cobertura e transmiss\u00f5es ao vivo de eventos esportivos. E-mail: orlandogonzalez.assessoria@gmail.com WhatsApp: (44) 9 9126-6119\",\"sameAs\":[\"http:\/\/www.radiomaringa.com.br\/\",\"https:\/\/www.facebook.com\/profile.php?id=100011095815065\",\"https:\/\/www.instagram.com\/orlandomgonzalez\/\",\"https:\/\/br.pinterest.com\/ogonzalez0530\/\",\"https:\/\/x.com\/gonzalezorlando\",\"https:\/\/www.youtube.com\/channel\/UCvFpl55btth8wjnKiSS1ibA\",\"https:\/\/radiomaringaweb.tumblr.com\/\"],\"url\":\"https:\/\/maringapost.com.br\/orlandogonzalez\/author\/orlando\/\"}]}<\/script>\n<!-- \/ Yoast SEO Premium plugin. -->","yoast_head_json":{"title":"R\u00c1DIO MARING\u00c1 - Gabriel Medina e \u00cdtalo Ferreira levaram a pior no Circuito Mundial de Surfe no M\u00e9xico - Orlando Gonzalez","robots":{"index":"index","follow":"follow","max-snippet":"max-snippet:-1","max-image-preview":"max-image-preview:large","max-video-preview":"max-video-preview:-1"},"canonical":"https:\/\/maringapost.com.br\/orlandogonzalez\/2021\/08\/13\/radio-maringa-gabriel-medina-e-italo-ferreira-levaram-a-pior-no-circuito-mundial-de-surfe-no-mexico\/","og_locale":"pt_BR","og_type":"article","og_title":"R\u00c1DIO MARING\u00c1 - Gabriel Medina e \u00cdtalo Ferreira levaram a pior no Circuito Mundial de Surfe no M\u00e9xico","og_description":"Os campe\u00f5es mundiais Gabriel Medina e \u00cdtalo Ferreira levaram a pior nos duelos 100% brasileiros de quinta-feira (12), contra Deivid Silva e Mateus Herdy, respectivamente, pelas quartas de final do Open Mexico (Aberto do M\u00e9xico), s\u00e9tima etapa do Circuito Mundial de surfe. As baterias s\u00e3o realizadas na praia de Barra de La Cruz, em Oaxaca. [&hellip;]","og_url":"https:\/\/maringapost.com.br\/orlandogonzalez\/2021\/08\/13\/radio-maringa-gabriel-medina-e-italo-ferreira-levaram-a-pior-no-circuito-mundial-de-surfe-no-mexico\/","og_site_name":"Orlando Gonzalez","article_author":"https:\/\/www.facebook.com\/profile.php?id=100011095815065","article_published_time":"2021-08-13T13:24:25+00:00","og_image":[{"width":512,"height":385,"url":"https:\/\/maringapost.com.br\/orlandogonzalez\/wp-content\/uploads\/sites\/17\/2021\/08\/medina88.jpg","type":"image\/jpeg"}],"author":"Orlando Gonzalez","twitter_card":"summary_large_image","twitter_creator":"@gonzalezorlando","twitter_misc":{"Escrito por":false,"Est. tempo de leitura":"2 minutos"},"schema":{"@context":"https:\/\/schema.org","@graph":[{"@type":"WebPage","@id":"https:\/\/maringapost.com.br\/orlandogonzalez\/2021\/08\/13\/radio-maringa-gabriel-medina-e-italo-ferreira-levaram-a-pior-no-circuito-mundial-de-surfe-no-mexico\/","url":"https:\/\/maringapost.com.br\/orlandogonzalez\/2021\/08\/13\/radio-maringa-gabriel-medina-e-italo-ferreira-levaram-a-pior-no-circuito-mundial-de-surfe-no-mexico\/","name":"R\u00c1DIO MARING\u00c1 - Gabriel Medina e \u00cdtalo Ferreira levaram a pior no Circuito Mundial de Surfe no M\u00e9xico - Orlando Gonzalez","isPartOf":{"@id":"https:\/\/maringapost.com.br\/orlandogonzalez\/#website"},"primaryImageOfPage":{"@id":"https:\/\/maringapost.com.br\/orlandogonzalez\/2021\/08\/13\/radio-maringa-gabriel-medina-e-italo-ferreira-levaram-a-pior-no-circuito-mundial-de-surfe-no-mexico\/#primaryimage"},"image":{"@id":"https:\/\/maringapost.com.br\/orlandogonzalez\/2021\/08\/13\/radio-maringa-gabriel-medina-e-italo-ferreira-levaram-a-pior-no-circuito-mundial-de-surfe-no-mexico\/#primaryimage"},"thumbnailUrl":"https:\/\/maringapost.com.br\/orlandogonzalez\/wp-content\/uploads\/sites\/17\/2021\/08\/medina88.jpg","datePublished":"2021-08-13T13:24:25+00:00","dateModified":"2021-08-13T13:24:25+00:00","author":{"@id":"https:\/\/maringapost.com.br\/orlandogonzalez\/#\/schema\/person\/5cbe6257d08edea6afc9ebaa613b0633"},"inLanguage":"pt-BR","potentialAction":[{"@type":"ReadAction","target":["https:\/\/maringapost.com.br\/orlandogonzalez\/2021\/08\/13\/radio-maringa-gabriel-medina-e-italo-ferreira-levaram-a-pior-no-circuito-mundial-de-surfe-no-mexico\/"]}]},{"@type":"ImageObject","inLanguage":"pt-BR","@id":"https:\/\/maringapost.com.br\/orlandogonzalez\/2021\/08\/13\/radio-maringa-gabriel-medina-e-italo-ferreira-levaram-a-pior-no-circuito-mundial-de-surfe-no-mexico\/#primaryimage","url":"https:\/\/maringapost.com.br\/orlandogonzalez\/wp-content\/uploads\/sites\/17\/2021\/08\/medina88.jpg","contentUrl":"https:\/\/maringapost.com.br\/orlandogonzalez\/wp-content\/uploads\/sites\/17\/2021\/08\/medina88.jpg","width":512,"height":385},{"@type":"WebSite","@id":"https:\/\/maringapost.com.br\/orlandogonzalez\/#website","url":"https:\/\/maringapost.com.br\/orlandogonzalez\/","name":"Orlando Gonzalez","description":"Destaca o esporte de Maring\u00e1! Destaca o esporte do Paran\u00e1! Destaca o esporte do Brasil!","potentialAction":[{"@type":"SearchAction","target":{"@type":"EntryPoint","urlTemplate":"https:\/\/maringapost.com.br\/orlandogonzalez\/?s={search_term_string}"},"query-input":"required name=search_term_string"}],"inLanguage":"pt-BR"},{"@type":"Person","@id":"https:\/\/maringapost.com.br\/orlandogonzalez\/#\/schema\/person\/5cbe6257d08edea6afc9ebaa613b0633","name":"Orlando Gonzalez","image":{"@type":"ImageObject","inLanguage":"pt-BR","@id":"https:\/\/maringapost.com.br\/orlandogonzalez\/#\/schema\/person\/image\/","url":"https:\/\/secure.gravatar.com\/avatar\/ecef9d1c9afe5ebdafadde8369065ba5?s=96&d=mm&r=g","contentUrl":"https:\/\/secure.gravatar.com\/avatar\/ecef9d1c9afe5ebdafadde8369065ba5?s=96&d=mm&r=g","caption":"Orlando Gonzalez"},"description":"H\u00e1 29 anos na cobertura do esporte de Maring\u00e1. Plant\u00e3o e narrador esportivo. Presta\u00e7\u00e3o de assessoria de imprensa esportiva, cobertura e transmiss\u00f5es ao vivo de eventos esportivos. E-mail: orlandogonzalez.assessoria@gmail.com WhatsApp: (44) 9 9126-6119","sameAs":["http:\/\/www.radiomaringa.com.br\/","https:\/\/www.facebook.com\/profile.php?id=100011095815065","https:\/\/www.instagram.com\/orlandomgonzalez\/","https:\/\/br.pinterest.com\/ogonzalez0530\/","https:\/\/x.com\/gonzalezorlando","https:\/\/www.youtube.com\/channel\/UCvFpl55btth8wjnKiSS1ibA","https:\/\/radiomaringaweb.tumblr.com\/"],"url":"https:\/\/maringapost.com.br\/orlandogonzalez\/author\/orlando\/"}]}},"_links":{"self":[{"href":"https:\/\/maringapost.com.br\/orlandogonzalez\/wp-json\/wp\/v2\/posts\/50227"}],"collection":[{"href":"https:\/\/maringapost.com.br\/orlandogonzalez\/wp-json\/wp\/v2\/posts"}],"about":[{"href":"https:\/\/maringapost.com.br\/orlandogonzalez\/wp-json\/wp\/v2\/types\/post"}],"author":[{"embeddable":true,"href":"https:\/\/maringapost.com.br\/orlandogonzalez\/wp-json\/wp\/v2\/users\/6307"}],"replies":[{"embeddable":true,"href":"https:\/\/maringapost.com.br\/orlandogonzalez\/wp-json\/wp\/v2\/comments?post=50227"}],"version-history":[{"count":1,"href":"https:\/\/maringapost.com.br\/orlandogonzalez\/wp-json\/wp\/v2\/posts\/50227\/revisions"}],"predecessor-version":[{"id":50229,"href":"https:\/\/maringapost.com.br\/orlandogonzalez\/wp-json\/wp\/v2\/posts\/50227\/revisions\/50229"}],"wp:featuredmedia":[{"embeddable":true,"href":"https:\/\/maringapost.com.br\/orlandogonzalez\/wp-json\/wp\/v2\/media\/50228"}],"wp:attachment":[{"href":"https:\/\/maringapost.com.br\/orlandogonzalez\/wp-json\/wp\/v2\/media?parent=50227"}],"wp:term":[{"taxonomy":"category","embeddable":true,"href":"https:\/\/maringapost.com.br\/orlandogonzalez\/wp-json\/wp\/v2\/categories?post=50227"},{"taxonomy":"post_tag","embeddable":true,"href":"https:\/\/maringapost.com.br\/orlandogonzalez\/wp-json\/wp\/v2\/tags?post=50227"}],"curies":[{"name":"wp","href":"https:\/\/api.w.org\/{rel}","templated":true}]}}