{"id":49795,"date":"2021-07-13T14:06:13","date_gmt":"2021-07-13T17:06:13","guid":{"rendered":"http:\/\/maringapost.com.br\/orlandogonzalez\/?p=49795"},"modified":"2021-07-13T14:06:24","modified_gmt":"2021-07-13T17:06:24","slug":"maringa-cascavel-recebe-duas-etapas-da-copa-truck-no-fim-de-semana","status":"publish","type":"post","link":"https:\/\/maringapost.com.br\/orlandogonzalez\/2021\/07\/13\/maringa-cascavel-recebe-duas-etapas-da-copa-truck-no-fim-de-semana\/","title":{"rendered":"MARING\u00c1 &#8211; Cascavel recebe duas etapas da Copa Truck no fim de semana"},"content":{"rendered":"<p><span style=\"color: #555555;font-family: 'Trebuchet MS', Verdana, Geneva, sans-serif;text-align: justify;font-size: 24px\">A Copa Truck chega ao Paran\u00e1 depois de come\u00e7ar a temporada na capital de Goi\u00e1s e depois passar por S\u00e3o Paulo. Cascavel (PR) recebe neste final de semana duas etapas v\u00e1lidas pela temporada 2021: a terceira, que ser\u00e1 disputada no s\u00e1bado (17) e a quarta, que acontece no domingo (18). Tudo com transmiss\u00e3o ao vivo da Band, do SporTV2 e do canal oficial da categoria no YouTube.<\/span><br style=\"line-height: inherit;color: #555555;font-family: 'Trebuchet MS', Verdana, Geneva, sans-serif;text-align: justify\" \/><br style=\"line-height: inherit;color: #555555;font-family: 'Trebuchet MS', Verdana, Geneva, sans-serif;text-align: justify\" \/><span style=\"color: #555555;font-family: 'Trebuchet MS', Verdana, Geneva, sans-serif;text-align: justify;font-size: 24px\">O circuito de 3.058 metros mal esfriou ap\u00f3s a etapa da Stock Car no \u00faltimo domingo (11) e j\u00e1 recebe os caminh\u00f5es mais velozes do mundo. O tra\u00e7ado \u00e9 considerado o mais r\u00e1pido do pa\u00eds, com apenas oito curvas, e quase todas de raio longo, com grandes desafios, como a famosa curva do Baci\u00e3o e a curva 8, que leva \u00e0 reta principal.<\/span><br style=\"line-height: inherit;color: #555555;font-family: 'Trebuchet MS', Verdana, Geneva, sans-serif;text-align: justify\" \/><br style=\"line-height: inherit;color: #555555;font-family: 'Trebuchet MS', Verdana, Geneva, sans-serif;text-align: justify\" \/><span style=\"color: #555555;font-family: 'Trebuchet MS', Verdana, Geneva, sans-serif;text-align: justify;font-size: 24px\">As velocidades alcan\u00e7adas se aproximam dos 200 km\/h e a m\u00e9dia de velocidade dos caminh\u00f5es durante uma volta em Cascavel chega a 140 km\/h. Com mais de quatro toneladas de peso e mil cavalos de pot\u00eancia, \u00e9 natural as grandes exig\u00eancias com o sistema de freios. E desde o in\u00edcio da temporada, os caminh\u00f5es da Copa Truck s\u00e3o parados pelas pastilhas produzidas pela Fras-le, que suportam mais de 800\u00baC de temperatura.<\/span><br style=\"line-height: inherit;color: #555555;font-family: 'Trebuchet MS', Verdana, Geneva, sans-serif;text-align: justify\" \/><br style=\"line-height: inherit;color: #555555;font-family: 'Trebuchet MS', Verdana, Geneva, sans-serif;text-align: justify\" \/><span style=\"color: #555555;font-family: 'Trebuchet MS', Verdana, Geneva, sans-serif;text-align: justify;font-size: 24px\">A pista que recebe as etapas do final de semana traz maiores m\u00e9dias de velocidade e um maior resfriamento para o sistema de freios, que n\u00e3o \u00e9 t\u00e3o exigido como nas pistas de Goi\u00e2nia e S\u00e3o Paulo, para citar as provas anteriores.<\/span><br style=\"line-height: inherit;color: #555555;font-family: 'Trebuchet MS', Verdana, Geneva, sans-serif;text-align: justify\" \/><br style=\"line-height: inherit;color: #555555;font-family: 'Trebuchet MS', Verdana, Geneva, sans-serif;text-align: justify\" \/><span style=\"color: #555555;font-family: 'Trebuchet MS', Verdana, Geneva, sans-serif;text-align: justify;font-size: 24px\">A programa\u00e7\u00e3o prev\u00ea dois treinos livres na sexta-feira (16) e a terceira etapa, no s\u00e1bado (17) come\u00e7ando com a sess\u00e3o classificat\u00f3ria \u00e0s oito horas. A largada da primeira corrida acontece \u00e0s 15h10 e a da segunda, \u00e0s 15h45. No domingo (18), os trucks invadem a pista \u00e0s oito horas para um treino de aquecimento e retornam para a classifica\u00e7\u00e3o \u00e0s 8h50. As corridas da quarta etapa t\u00eam largada programada para as 14h50 e 15h30. Tanto no s\u00e1bado como no domingo, as corridas ter\u00e3o transmiss\u00e3o ao vivo pela Band, SporTV2 e pelo YouTube oficial da Copa Truck.<\/span><br style=\"line-height: inherit;color: #555555;font-family: 'Trebuchet MS', Verdana, Geneva, sans-serif;text-align: justify\" \/><br style=\"line-height: inherit;color: #555555;font-family: 'Trebuchet MS', Verdana, Geneva, sans-serif;text-align: justify\" \/><span style=\"color: #555555;font-family: 'Trebuchet MS', Verdana, Geneva, sans-serif;text-align: justify;font-size: 24px\">A Fras-le, maior fabricante de materiais de fric\u00e7\u00e3o da Am\u00e9rica Latina e um dos l\u00edderes mundiais, \u00e9 a fornecedora oficial de pastilhas de freio para a Copa Truck, proporcionando efici\u00eancia e seguran\u00e7a nas frenagens dos caminh\u00f5es mais r\u00e1pidos do planeta.<\/span><br style=\"line-height: inherit;color: #555555;font-family: 'Trebuchet MS', Verdana, Geneva, sans-serif;text-align: justify\" \/><br style=\"line-height: inherit;color: #555555;font-family: 'Trebuchet MS', Verdana, Geneva, sans-serif;text-align: justify\" \/><span style=\"font-size: 24px\"><strong style=\"line-height: inherit;color: #555555;font-family: 'Trebuchet MS', Verdana, Geneva, sans-serif;text-align: justify\">Fala, piloto!<br style=\"line-height: inherit\" \/><\/strong><span style=\"color: #555555;font-family: 'Trebuchet MS', Verdana, Geneva, sans-serif;text-align: justify\">\u201cCascavel \u00e9 o ber\u00e7o das corridas de caminh\u00e3o. \u00c9 uma pista muito especial, que todo mundo gosta, 100% dos pilotos. Um tra\u00e7ado de alta velocidade, com duas freadas mais intensas, como no Baci\u00e3o e na entrada da reta, enfim, um circuito que n\u00e3o exige tanto do freio, desde que se tenha um conjunto eficiente, porque o caminh\u00e3o chega muito r\u00e1pido \u00e0s curvas. Minha primeira corrida esta temporada foi de fato em S\u00e3o Paulo, porque em Goi\u00e2nia meu truck quebrou na primeira volta. Em Interlagos pude sentir bem as novas pastilhas de freio. Fui conhecendo o material, sendo at\u00e9 conservador, mas gostei demais. O freio ficou muito melhor e depois da corrida checamos e ainda havia muito a oferecer. Foi uma grande aquisi\u00e7\u00e3o para a Copa Truck, porque o material traz muito mais seguran\u00e7a, efici\u00eancia e durabilidade. Foi sensacional\u201d.<\/span><\/span><br style=\"line-height: inherit;color: #555555;font-family: 'Trebuchet MS', Verdana, Geneva, sans-serif;text-align: justify\" \/><span style=\"font-size: 24px\"><strong style=\"line-height: inherit;color: #555555;font-family: 'Trebuchet MS', Verdana, Geneva, sans-serif;text-align: justify\">(Paulo Salustiano, R9 Motorsport, Volkswagen #55)<br style=\"line-height: inherit\" \/><\/strong><\/span><br style=\"line-height: inherit;color: #555555;font-family: 'Trebuchet MS', Verdana, Geneva, sans-serif;text-align: justify\" \/><span style=\"font-size: 24px\"><strong style=\"line-height: inherit;color: #555555;font-family: 'Trebuchet MS', Verdana, Geneva, sans-serif;text-align: justify\">A pista de Cascavel na \u00f3tica da FRAS-LE<\/strong><\/span><br style=\"line-height: inherit;color: #555555;font-family: 'Trebuchet MS', Verdana, Geneva, sans-serif;text-align: justify\" \/><span style=\"color: #555555;font-family: 'Trebuchet MS', Verdana, Geneva, sans-serif;text-align: justify;font-size: 24px\">\u201cEm uma pista com curvas de raios longos que permitem desenvolver alt\u00edssimas velocidades, a refrigera\u00e7\u00e3o dos freios \u00e9 mais eficiente, al\u00e9m das pr\u00f3prias caracter\u00edsticas do tra\u00e7ado exigirem menos do sistema como um todo. Duas curvas trar\u00e3o certamente grandes emo\u00e7\u00f5es e desafio aos pilotos durante a prova, com grande destaque a curva do Baci\u00e3o, onde os pilotos buscar\u00e3o o limite para realizar a frenagem em busca de boas ultrapassagens, e tamb\u00e9m a curva 8, que leva \u00e0 reta principal. O grande desafio para a Fras-le \u00e9 desenvolver um material de atrito capaz de adaptar-se em condi\u00e7\u00f5es n\u00e3o somente de extrema exig\u00eancia e altas temperaturas, mas tamb\u00e9m em condi\u00e7\u00f5es menos exigentes e com temperaturas de trabalho mais brandas, como \u00e9 o exemplo do circuito de Cascavel\u201d.<\/span><br style=\"line-height: inherit;color: #555555;font-family: 'Trebuchet MS', Verdana, Geneva, sans-serif;text-align: justify\" \/><span style=\"font-size: 24px\"><strong style=\"line-height: inherit;color: #555555;font-family: 'Trebuchet MS', Verdana, Geneva, sans-serif;text-align: justify\">(Roger Lusa dos Santos, Engenheiro de Aplica\u00e7\u00e3o da Fras-le)<br style=\"line-height: inherit\" \/><br style=\"line-height: inherit\" \/><\/strong><u style=\"line-height: inherit;color: #555555;font-family: 'Trebuchet MS', Verdana, Geneva, sans-serif;text-align: justify\">3\u00aa e 4\u00aa Etapa \u2013 Copa Truck 2021<\/u><\/span><br style=\"line-height: inherit;color: #555555;font-family: 'Trebuchet MS', Verdana, Geneva, sans-serif;text-align: justify\" \/><span style=\"font-size: 24px\"><strong style=\"line-height: inherit;color: #555555;font-family: 'Trebuchet MS', Verdana, Geneva, sans-serif;text-align: justify\">CASCAVEL (PR)<br style=\"line-height: inherit\" \/>Aut\u00f3dromo Internacional Zilmar Beux<br style=\"line-height: inherit\" \/><\/strong><span style=\"color: #555555;font-family: 'Trebuchet MS', Verdana, Geneva, sans-serif;text-align: justify\">Extens\u00e3o: 3.058 metros<\/span><\/span><br style=\"line-height: inherit;color: #555555;font-family: 'Trebuchet MS', Verdana, Geneva, sans-serif;text-align: justify\" \/><span style=\"color: #555555;font-family: 'Trebuchet MS', Verdana, Geneva, sans-serif;text-align: justify;font-size: 24px\">Sentido: anti-hor\u00e1rio<\/span><br style=\"line-height: inherit;color: #555555;font-family: 'Trebuchet MS', Verdana, Geneva, sans-serif;text-align: justify\" \/><span style=\"color: #555555;font-family: 'Trebuchet MS', Verdana, Geneva, sans-serif;text-align: justify;font-size: 24px\">Curvas: 8 (2 \u00e0 direita e 6 \u00e0 esquerda)<\/span><br style=\"line-height: inherit;color: #555555;font-family: 'Trebuchet MS', Verdana, Geneva, sans-serif;text-align: justify\" \/><br style=\"line-height: inherit;color: #555555;font-family: 'Trebuchet MS', Verdana, Geneva, sans-serif;text-align: justify\" \/><span style=\"font-size: 24px\"><strong style=\"line-height: inherit;color: #555555;font-family: 'Trebuchet MS', Verdana, Geneva, sans-serif;text-align: justify\">Inaugura\u00e7\u00e3o:<\/strong><span style=\"color: #555555;font-family: 'Trebuchet MS', Verdana, Geneva, sans-serif;text-align: justify\">\u00a07 de agosto de 1970<\/span><\/span><br style=\"line-height: inherit;color: #555555;font-family: 'Trebuchet MS', Verdana, Geneva, sans-serif;text-align: justify\" \/><span style=\"font-size: 24px\"><strong style=\"line-height: inherit;color: #555555;font-family: 'Trebuchet MS', Verdana, Geneva, sans-serif;text-align: justify\">Previs\u00e3o clim\u00e1tica:<\/strong><span style=\"color: #555555;font-family: 'Trebuchet MS', Verdana, Geneva, sans-serif;text-align: justify\">\u00a0Tempo ensolarado; m\u00ednima de 7\u00baC e m\u00e1xima de 17\u00baC<\/span><\/span><br style=\"line-height: inherit;color: #555555;font-family: 'Trebuchet MS', Verdana, Geneva, sans-serif;text-align: justify\" \/><span style=\"font-size: 24px\"><strong style=\"line-height: inherit;color: #555555;font-family: 'Trebuchet MS', Verdana, Geneva, sans-serif;text-align: justify\">Pole positions em 2020:<\/strong><span style=\"color: #555555;font-family: 'Trebuchet MS', Verdana, Geneva, sans-serif;text-align: justify\">\u00a0Wellington Cirino (MB) e Leandro Totti (MB)<\/span><\/span><br style=\"line-height: inherit;color: #555555;font-family: 'Trebuchet MS', Verdana, Geneva, sans-serif;text-align: justify\" \/><span style=\"font-size: 24px\"><strong style=\"line-height: inherit;color: #555555;font-family: 'Trebuchet MS', Verdana, Geneva, sans-serif;text-align: justify\">Vencedores em 2020:<\/strong><span style=\"color: #555555;font-family: 'Trebuchet MS', Verdana, Geneva, sans-serif;text-align: justify\">\u00a0Wellington Cirino (MB), Beto Monteiro (VW) e Valdeno Brito (MB)<\/span><\/span><br style=\"line-height: inherit;color: #555555;font-family: 'Trebuchet MS', Verdana, Geneva, sans-serif;text-align: justify\" \/><br style=\"line-height: inherit;color: #555555;font-family: 'Trebuchet MS', Verdana, Geneva, sans-serif;text-align: justify\" \/><span style=\"font-size: 24px\"><strong style=\"line-height: inherit;color: #555555;font-family: 'Trebuchet MS', Verdana, Geneva, sans-serif;text-align: justify\"><u style=\"line-height: inherit\">PROGRAMA\u00c7\u00c3O DAS ETAPAS:<br style=\"line-height: inherit\" \/><\/u>Sexta-feira, 16 de julho<br style=\"line-height: inherit\" \/><\/strong><span style=\"color: #555555;font-family: 'Trebuchet MS', Verdana, Geneva, sans-serif;text-align: justify\">12h50 \u2013 Treino Livre 1<\/span><\/span><br style=\"line-height: inherit;color: #555555;font-family: 'Trebuchet MS', Verdana, Geneva, sans-serif;text-align: justify\" \/><span style=\"font-size: 24px\"><span style=\"color: #555555;font-family: 'Trebuchet MS', Verdana, Geneva, sans-serif;text-align: justify\">14h20 \u2013 Treino Livre 2<\/span><strong style=\"line-height: inherit;color: #555555;font-family: 'Trebuchet MS', Verdana, Geneva, sans-serif;text-align: justify\"><br style=\"line-height: inherit\" \/>S\u00e1bado, 17 de julho<br style=\"line-height: inherit\" \/><\/strong><span style=\"color: #555555;font-family: 'Trebuchet MS', Verdana, Geneva, sans-serif;text-align: justify\">08h00 \u2013 Classifica\u00e7\u00e3o (3\u00aa etapa)<\/span><\/span><br style=\"line-height: inherit;color: #555555;font-family: 'Trebuchet MS', Verdana, Geneva, sans-serif;text-align: justify\" \/><span style=\"color: #555555;font-family: 'Trebuchet MS', Verdana, Geneva, sans-serif;text-align: justify;font-size: 24px\">15h10 \u2013 Largada Corrida 1 (3\u00aa etapa)<\/span><br style=\"line-height: inherit;color: #555555;font-family: 'Trebuchet MS', Verdana, Geneva, sans-serif;text-align: justify\" \/><span style=\"color: #555555;font-family: 'Trebuchet MS', Verdana, Geneva, sans-serif;text-align: justify;font-size: 24px\">15h45 \u2013 Largada Corrida 2 (3\u00aa etapa)<\/span><br style=\"line-height: inherit;color: #555555;font-family: 'Trebuchet MS', Verdana, Geneva, sans-serif;text-align: justify\" \/><span style=\"font-size: 24px\"><strong style=\"line-height: inherit;color: #555555;font-family: 'Trebuchet MS', Verdana, Geneva, sans-serif;text-align: justify\">Domingo, 27 de junho<br style=\"line-height: inherit\" \/><\/strong><span style=\"color: #555555;font-family: 'Trebuchet MS', Verdana, Geneva, sans-serif;text-align: justify\">08h00 \u2013 Warm-up<\/span><\/span><br style=\"line-height: inherit;color: #555555;font-family: 'Trebuchet MS', Verdana, Geneva, sans-serif;text-align: justify\" \/><span style=\"color: #555555;font-family: 'Trebuchet MS', Verdana, Geneva, sans-serif;text-align: justify;font-size: 24px\">08h50 \u2013 Classifica\u00e7\u00e3o (4\u00aa etapa)<\/span><br style=\"line-height: inherit;color: #555555;font-family: 'Trebuchet MS', Verdana, Geneva, sans-serif;text-align: justify\" \/><span style=\"color: #555555;font-family: 'Trebuchet MS', Verdana, Geneva, sans-serif;text-align: justify;font-size: 24px\">14h50 \u2013 Largada Corrida 1 (4\u00aa etapa)<\/span><br style=\"line-height: inherit;color: #555555;font-family: 'Trebuchet MS', Verdana, Geneva, sans-serif;text-align: justify\" \/><span style=\"color: #555555;font-family: 'Trebuchet MS', Verdana, Geneva, sans-serif;text-align: justify;font-size: 24px\">15h30 \u2013 Largada Corrida 2 (4\u00aa etapa)<\/span><br style=\"line-height: inherit;color: #555555;font-family: 'Trebuchet MS', Verdana, Geneva, sans-serif;text-align: justify\" \/><br style=\"line-height: inherit;color: #555555;font-family: 'Trebuchet MS', Verdana, Geneva, sans-serif;text-align: justify\" \/><span style=\"font-size: 24px\"><strong style=\"line-height: inherit;color: #555555;font-family: 'Trebuchet MS', Verdana, Geneva, sans-serif;text-align: justify\"><u style=\"line-height: inherit\">Vencedores at\u00e9 o momento na temporada:<\/u><br style=\"line-height: inherit\" \/>Goi\u00e2nia:\u00a0<\/strong><span style=\"color: #555555;font-family: 'Trebuchet MS', Verdana, Geneva, sans-serif;text-align: justify\">Felipe Giaffone (Iveco) e Andr\u00e9 Marques (Mercedes)<\/span><\/span><br style=\"line-height: inherit;color: #555555;font-family: 'Trebuchet MS', Verdana, Geneva, sans-serif;text-align: justify\" \/><span style=\"font-size: 24px\"><strong style=\"line-height: inherit;color: #555555;font-family: 'Trebuchet MS', Verdana, Geneva, sans-serif;text-align: justify\">Interlagos:\u00a0<\/strong><span style=\"color: #555555;font-family: 'Trebuchet MS', Verdana, Geneva, sans-serif;text-align: justify\">Wellington Cirino (Mercedes) e Paulo Salustiano (Volkswagen)<\/span><\/span><br style=\"line-height: inherit;color: #555555;font-family: 'Trebuchet MS', Verdana, Geneva, sans-serif;text-align: justify\" \/><br style=\"line-height: inherit;color: #555555;font-family: 'Trebuchet MS', Verdana, Geneva, sans-serif;text-align: justify\" \/><span style=\"font-size: 24px\"><strong style=\"line-height: inherit;color: #555555;font-family: 'Trebuchet MS', Verdana, Geneva, sans-serif;text-align: justify\">Classifica\u00e7\u00e3o do campeonato (Top-10 extra-oficial COPA TRUCK):<br style=\"line-height: inherit\" \/><\/strong><span style=\"color: #555555;font-family: 'Trebuchet MS', Verdana, Geneva, sans-serif;text-align: justify\">1. Wellington Cirino, 68 pontos<\/span><\/span><br style=\"line-height: inherit;color: #555555;font-family: 'Trebuchet MS', Verdana, Geneva, sans-serif;text-align: justify\" \/><span style=\"color: #555555;font-family: 'Trebuchet MS', Verdana, Geneva, sans-serif;text-align: justify;font-size: 24px\">2. Andr\u00e9 Marques, 62<\/span><br style=\"line-height: inherit;color: #555555;font-family: 'Trebuchet MS', Verdana, Geneva, sans-serif;text-align: justify\" \/><span style=\"color: #555555;font-family: 'Trebuchet MS', Verdana, Geneva, sans-serif;text-align: justify;font-size: 24px\">3. Felipe Giaffone, 52<\/span><br style=\"line-height: inherit;color: #555555;font-family: 'Trebuchet MS', Verdana, Geneva, sans-serif;text-align: justify\" \/><span style=\"color: #555555;font-family: 'Trebuchet MS', Verdana, Geneva, sans-serif;text-align: justify;font-size: 24px\">4. Valmir Benavides, 46<\/span><br style=\"line-height: inherit;color: #555555;font-family: 'Trebuchet MS', Verdana, Geneva, sans-serif;text-align: justify\" \/><span style=\"color: #555555;font-family: 'Trebuchet MS', Verdana, Geneva, sans-serif;text-align: justify;font-size: 24px\">5. Jaidson Zini, 44<\/span><br style=\"line-height: inherit;color: #555555;font-family: 'Trebuchet MS', Verdana, Geneva, sans-serif;text-align: justify\" \/><span style=\"color: #555555;font-family: 'Trebuchet MS', Verdana, Geneva, sans-serif;text-align: justify;font-size: 24px\">6. Luiz Lopes, 42<\/span><br style=\"line-height: inherit;color: #555555;font-family: 'Trebuchet MS', Verdana, Geneva, sans-serif;text-align: justify\" \/><span style=\"color: #555555;font-family: 'Trebuchet MS', Verdana, Geneva, sans-serif;text-align: justify;font-size: 24px\">7. Paulo Salustiano, 38<\/span><br style=\"line-height: inherit;color: #555555;font-family: 'Trebuchet MS', Verdana, Geneva, sans-serif;text-align: justify\" \/><span style=\"color: #555555;font-family: 'Trebuchet MS', Verdana, Geneva, sans-serif;text-align: justify;font-size: 24px\">8. Adalberto Jardim, 36<\/span><br style=\"line-height: inherit;color: #555555;font-family: 'Trebuchet MS', Verdana, Geneva, sans-serif;text-align: justify\" \/><span style=\"color: #555555;font-family: 'Trebuchet MS', Verdana, Geneva, sans-serif;text-align: justify;font-size: 24px\">9. Roberval Andrade, 31<\/span><br style=\"line-height: inherit;color: #555555;font-family: 'Trebuchet MS', Verdana, Geneva, sans-serif;text-align: justify\" \/><span style=\"color: #555555;font-family: 'Trebuchet MS', Verdana, Geneva, sans-serif;text-align: justify;font-size: 24px\">10. Beto Monteiro, 29<\/span><br style=\"line-height: inherit;color: #555555;font-family: 'Trebuchet MS', Verdana, Geneva, sans-serif;text-align: justify\" \/><br style=\"line-height: inherit;color: #555555;font-family: 'Trebuchet MS', Verdana, Geneva, sans-serif;text-align: justify\" \/><span style=\"font-size: 24px\"><strong style=\"line-height: inherit;color: #555555;font-family: 'Trebuchet MS', Verdana, Geneva, sans-serif;text-align: justify\">Classifica\u00e7\u00e3o do campeonato (Top-10 extra-oficial SUPER TRUCK):<br style=\"line-height: inherit\" \/><\/strong><span style=\"color: #555555;font-family: 'Trebuchet MS', Verdana, Geneva, sans-serif;text-align: justify\">1. Felipe Tozzo, 61 pontos<\/span><\/span><br style=\"line-height: inherit;color: #555555;font-family: 'Trebuchet MS', Verdana, Geneva, sans-serif;text-align: justify\" \/><span style=\"color: #555555;font-family: 'Trebuchet MS', Verdana, Geneva, sans-serif;text-align: justify;font-size: 24px\">2. Evandro Camargo, 57<\/span><br style=\"line-height: inherit;color: #555555;font-family: 'Trebuchet MS', Verdana, Geneva, sans-serif;text-align: justify\" \/><span style=\"color: #555555;font-family: 'Trebuchet MS', Verdana, Geneva, sans-serif;text-align: justify;font-size: 24px\">3. Giuliano Losacco, 52<\/span><br style=\"line-height: inherit;color: #555555;font-family: 'Trebuchet MS', Verdana, Geneva, sans-serif;text-align: justify\" \/><span style=\"color: #555555;font-family: 'Trebuchet MS', Verdana, Geneva, sans-serif;text-align: justify;font-size: 24px\">4. Glauco Barros, 49<\/span><br style=\"line-height: inherit;color: #555555;font-family: 'Trebuchet MS', Verdana, Geneva, sans-serif;text-align: justify\" \/><span style=\"color: #555555;font-family: 'Trebuchet MS', Verdana, Geneva, sans-serif;text-align: justify;font-size: 24px\">5. Djalma Piveta, 41<\/span><br style=\"line-height: inherit;color: #555555;font-family: 'Trebuchet MS', Verdana, Geneva, sans-serif;text-align: justify\" \/><span style=\"color: #555555;font-family: 'Trebuchet MS', Verdana, Geneva, sans-serif;text-align: justify;font-size: 24px\">6. Pedro Paulo Fernandes, 40<\/span><br style=\"line-height: inherit;color: #555555;font-family: 'Trebuchet MS', Verdana, Geneva, sans-serif;text-align: justify\" \/><span style=\"color: #555555;font-family: 'Trebuchet MS', Verdana, Geneva, sans-serif;text-align: justify;font-size: 24px\">7. Jos\u00e9 Augusto dias, 32<\/span><br style=\"line-height: inherit;color: #555555;font-family: 'Trebuchet MS', Verdana, Geneva, sans-serif;text-align: justify\" \/><span style=\"color: #555555;font-family: 'Trebuchet MS', Verdana, Geneva, sans-serif;text-align: justify;font-size: 24px\">8. Danilo Alamini, 27<\/span><br style=\"line-height: inherit;color: #555555;font-family: 'Trebuchet MS', Verdana, Geneva, sans-serif;text-align: justify\" \/><span style=\"color: #555555;font-family: 'Trebuchet MS', Verdana, Geneva, sans-serif;text-align: justify;font-size: 24px\">9. Daniel Kelemen, 26<\/span><br style=\"line-height: inherit;color: #555555;font-family: 'Trebuchet MS', Verdana, Geneva, sans-serif;text-align: justify\" \/><span style=\"color: #555555;font-family: 'Trebuchet MS', Verdana, Geneva, sans-serif;text-align: justify;font-size: 24px\">10. Ricardo Alvarez, 25<\/span><br style=\"line-height: inherit;color: #555555;font-family: 'Trebuchet MS', Verdana, Geneva, sans-serif;text-align: justify\" \/><br style=\"line-height: inherit;color: #555555;font-family: 'Trebuchet MS', Verdana, Geneva, sans-serif;text-align: justify\" \/><span style=\"font-size: 24px\"><strong style=\"line-height: inherit;color: #555555;font-family: 'Trebuchet MS', Verdana, Geneva, sans-serif;text-align: justify\"><u style=\"line-height: inherit\">Calend\u00e1rio Copa Truck 2021<\/u><\/strong><\/span><br style=\"line-height: inherit;color: #555555;font-family: 'Trebuchet MS', Verdana, Geneva, sans-serif;text-align: justify\" \/><span style=\"color: #555555;font-family: 'Trebuchet MS', Verdana, Geneva, sans-serif;text-align: justify;font-size: 24px\">23\/05: Goi\u00e2nia (GO)<\/span><br style=\"line-height: inherit;color: #555555;font-family: 'Trebuchet MS', Verdana, Geneva, sans-serif;text-align: justify\" \/><span style=\"color: #555555;font-family: 'Trebuchet MS', Verdana, Geneva, sans-serif;text-align: justify;font-size: 24px\">27\/06: Interlagos (SP)<\/span><br style=\"line-height: inherit;color: #555555;font-family: 'Trebuchet MS', Verdana, Geneva, sans-serif;text-align: justify\" \/><span style=\"color: #555555;font-family: 'Trebuchet MS', Verdana, Geneva, sans-serif;text-align: justify;font-size: 24px\">17 e 18\/07: Cascavel (PR)<\/span><br style=\"line-height: inherit;color: #555555;font-family: 'Trebuchet MS', Verdana, Geneva, sans-serif;text-align: justify\" \/><span style=\"color: #555555;font-family: 'Trebuchet MS', Verdana, Geneva, sans-serif;text-align: justify;font-size: 24px\">15\/08: Tarum\u00e3 (RS)<\/span><br style=\"line-height: inherit;color: #555555;font-family: 'Trebuchet MS', Verdana, Geneva, sans-serif;text-align: justify\" \/><span style=\"color: #555555;font-family: 'Trebuchet MS', Verdana, Geneva, sans-serif;text-align: justify;font-size: 24px\">04 e 05\/09: Curitiba (PR)<\/span><br style=\"line-height: inherit;color: #555555;font-family: 'Trebuchet MS', Verdana, Geneva, sans-serif;text-align: justify\" \/><span style=\"color: #555555;font-family: 'Trebuchet MS', Verdana, Geneva, sans-serif;text-align: justify;font-size: 24px\">03\/10: Potenza (MG)\/ou outro local<\/span><br style=\"line-height: inherit;color: #555555;font-family: 'Trebuchet MS', Verdana, Geneva, sans-serif;text-align: justify\" \/><span style=\"color: #555555;font-family: 'Trebuchet MS', Verdana, Geneva, sans-serif;text-align: justify;font-size: 24px\">05\/12: Curitiba (PR)<\/span><\/p>\n<p><span style=\"color: #555555;font-family: 'Trebuchet MS', Verdana, Geneva, sans-serif;text-align: justify;font-size: 24px\">(Assessoria)<\/span><\/p>\n","protected":false},"excerpt":{"rendered":"<p>A Copa Truck chega ao Paran\u00e1 depois de come\u00e7ar a temporada na capital de Goi\u00e1s e depois passar por S\u00e3o Paulo. Cascavel (PR) recebe neste final de semana duas etapas v\u00e1lidas pela temporada 2021: a terceira, que ser\u00e1 disputada no s\u00e1bado (17) e a quarta, que acontece no domingo (18). Tudo com transmiss\u00e3o ao vivo [&hellip;]<\/p>\n","protected":false},"author":6307,"featured_media":49796,"comment_status":"closed","ping_status":"open","sticky":false,"template":"","format":"standard","meta":{"_exactmetrics_skip_tracking":false,"_exactmetrics_sitenote_active":false,"_exactmetrics_sitenote_note":"","_exactmetrics_sitenote_category":0,"footnotes":""},"categories":[1267],"tags":[8910,11533],"yoast_head":"<!-- This site is optimized with the Yoast SEO Premium plugin v22.7 (Yoast SEO v22.7) - https:\/\/yoast.com\/wordpress\/plugins\/seo\/ -->\n<title>MARING\u00c1 - Cascavel recebe duas etapas da Copa Truck no fim de semana - Orlando Gonzalez<\/title>\n<meta name=\"robots\" content=\"index, follow, max-snippet:-1, max-image-preview:large, max-video-preview:-1\" \/>\n<link rel=\"canonical\" href=\"https:\/\/maringapost.com.br\/orlandogonzalez\/2021\/07\/13\/maringa-cascavel-recebe-duas-etapas-da-copa-truck-no-fim-de-semana\/\" \/>\n<meta property=\"og:locale\" content=\"pt_BR\" \/>\n<meta property=\"og:type\" content=\"article\" \/>\n<meta property=\"og:title\" content=\"MARING\u00c1 - Cascavel recebe duas etapas da Copa Truck no fim de semana\" \/>\n<meta property=\"og:description\" content=\"A Copa Truck chega ao Paran\u00e1 depois de come\u00e7ar a temporada na capital de Goi\u00e1s e depois passar por S\u00e3o Paulo. Cascavel (PR) recebe neste final de semana duas etapas v\u00e1lidas pela temporada 2021: a terceira, que ser\u00e1 disputada no s\u00e1bado (17) e a quarta, que acontece no domingo (18). Tudo com transmiss\u00e3o ao vivo [&hellip;]\" \/>\n<meta property=\"og:url\" content=\"https:\/\/maringapost.com.br\/orlandogonzalez\/2021\/07\/13\/maringa-cascavel-recebe-duas-etapas-da-copa-truck-no-fim-de-semana\/\" \/>\n<meta property=\"og:site_name\" content=\"Orlando Gonzalez\" \/>\n<meta property=\"article:author\" content=\"https:\/\/www.facebook.com\/profile.php?id=100011095815065\" \/>\n<meta property=\"article:published_time\" content=\"2021-07-13T17:06:13+00:00\" \/>\n<meta property=\"article:modified_time\" content=\"2021-07-13T17:06:24+00:00\" \/>\n<meta property=\"og:image\" content=\"https:\/\/maringapost.com.br\/orlandogonzalez\/wp-content\/uploads\/sites\/17\/2021\/07\/394202_975891_whatsapp_image_2021_06_27_at_15.28.27.jpeg\" \/>\n\t<meta property=\"og:image:width\" content=\"1280\" \/>\n\t<meta property=\"og:image:height\" content=\"853\" \/>\n\t<meta property=\"og:image:type\" content=\"image\/jpeg\" \/>\n<meta name=\"author\" content=\"Orlando Gonzalez\" \/>\n<meta name=\"twitter:card\" content=\"summary_large_image\" \/>\n<meta name=\"twitter:creator\" content=\"@gonzalezorlando\" \/>\n<meta name=\"twitter:label1\" content=\"Escrito por\" \/>\n\t<meta name=\"twitter:data1\" content=\"\" \/>\n\t<meta name=\"twitter:label2\" content=\"Est. tempo de leitura\" \/>\n\t<meta name=\"twitter:data2\" content=\"5 minutos\" \/>\n<script type=\"application\/ld+json\" class=\"yoast-schema-graph\">{\"@context\":\"https:\/\/schema.org\",\"@graph\":[{\"@type\":\"WebPage\",\"@id\":\"https:\/\/maringapost.com.br\/orlandogonzalez\/2021\/07\/13\/maringa-cascavel-recebe-duas-etapas-da-copa-truck-no-fim-de-semana\/\",\"url\":\"https:\/\/maringapost.com.br\/orlandogonzalez\/2021\/07\/13\/maringa-cascavel-recebe-duas-etapas-da-copa-truck-no-fim-de-semana\/\",\"name\":\"MARING\u00c1 - Cascavel recebe duas etapas da Copa Truck no fim de semana - Orlando Gonzalez\",\"isPartOf\":{\"@id\":\"https:\/\/maringapost.com.br\/orlandogonzalez\/#website\"},\"primaryImageOfPage\":{\"@id\":\"https:\/\/maringapost.com.br\/orlandogonzalez\/2021\/07\/13\/maringa-cascavel-recebe-duas-etapas-da-copa-truck-no-fim-de-semana\/#primaryimage\"},\"image\":{\"@id\":\"https:\/\/maringapost.com.br\/orlandogonzalez\/2021\/07\/13\/maringa-cascavel-recebe-duas-etapas-da-copa-truck-no-fim-de-semana\/#primaryimage\"},\"thumbnailUrl\":\"https:\/\/maringapost.com.br\/orlandogonzalez\/wp-content\/uploads\/sites\/17\/2021\/07\/394202_975891_whatsapp_image_2021_06_27_at_15.28.27.jpeg\",\"datePublished\":\"2021-07-13T17:06:13+00:00\",\"dateModified\":\"2021-07-13T17:06:24+00:00\",\"author\":{\"@id\":\"https:\/\/maringapost.com.br\/orlandogonzalez\/#\/schema\/person\/5cbe6257d08edea6afc9ebaa613b0633\"},\"inLanguage\":\"pt-BR\",\"potentialAction\":[{\"@type\":\"ReadAction\",\"target\":[\"https:\/\/maringapost.com.br\/orlandogonzalez\/2021\/07\/13\/maringa-cascavel-recebe-duas-etapas-da-copa-truck-no-fim-de-semana\/\"]}]},{\"@type\":\"ImageObject\",\"inLanguage\":\"pt-BR\",\"@id\":\"https:\/\/maringapost.com.br\/orlandogonzalez\/2021\/07\/13\/maringa-cascavel-recebe-duas-etapas-da-copa-truck-no-fim-de-semana\/#primaryimage\",\"url\":\"https:\/\/maringapost.com.br\/orlandogonzalez\/wp-content\/uploads\/sites\/17\/2021\/07\/394202_975891_whatsapp_image_2021_06_27_at_15.28.27.jpeg\",\"contentUrl\":\"https:\/\/maringapost.com.br\/orlandogonzalez\/wp-content\/uploads\/sites\/17\/2021\/07\/394202_975891_whatsapp_image_2021_06_27_at_15.28.27.jpeg\",\"width\":1280,\"height\":853},{\"@type\":\"WebSite\",\"@id\":\"https:\/\/maringapost.com.br\/orlandogonzalez\/#website\",\"url\":\"https:\/\/maringapost.com.br\/orlandogonzalez\/\",\"name\":\"Orlando Gonzalez\",\"description\":\"Destaca o esporte de Maring\u00e1! Destaca o esporte do Paran\u00e1! Destaca o esporte do Brasil!\",\"potentialAction\":[{\"@type\":\"SearchAction\",\"target\":{\"@type\":\"EntryPoint\",\"urlTemplate\":\"https:\/\/maringapost.com.br\/orlandogonzalez\/?s={search_term_string}\"},\"query-input\":\"required name=search_term_string\"}],\"inLanguage\":\"pt-BR\"},{\"@type\":\"Person\",\"@id\":\"https:\/\/maringapost.com.br\/orlandogonzalez\/#\/schema\/person\/5cbe6257d08edea6afc9ebaa613b0633\",\"name\":\"Orlando Gonzalez\",\"image\":{\"@type\":\"ImageObject\",\"inLanguage\":\"pt-BR\",\"@id\":\"https:\/\/maringapost.com.br\/orlandogonzalez\/#\/schema\/person\/image\/\",\"url\":\"https:\/\/secure.gravatar.com\/avatar\/ecef9d1c9afe5ebdafadde8369065ba5?s=96&d=mm&r=g\",\"contentUrl\":\"https:\/\/secure.gravatar.com\/avatar\/ecef9d1c9afe5ebdafadde8369065ba5?s=96&d=mm&r=g\",\"caption\":\"Orlando Gonzalez\"},\"description\":\"H\u00e1 29 anos na cobertura do esporte de Maring\u00e1. Plant\u00e3o e narrador esportivo. Presta\u00e7\u00e3o de assessoria de imprensa esportiva, cobertura e transmiss\u00f5es ao vivo de eventos esportivos. E-mail: orlandogonzalez.assessoria@gmail.com WhatsApp: (44) 9 9126-6119\",\"sameAs\":[\"http:\/\/www.radiomaringa.com.br\/\",\"https:\/\/www.facebook.com\/profile.php?id=100011095815065\",\"https:\/\/www.instagram.com\/orlandomgonzalez\/\",\"https:\/\/br.pinterest.com\/ogonzalez0530\/\",\"https:\/\/x.com\/gonzalezorlando\",\"https:\/\/www.youtube.com\/channel\/UCvFpl55btth8wjnKiSS1ibA\",\"https:\/\/radiomaringaweb.tumblr.com\/\"],\"url\":\"https:\/\/maringapost.com.br\/orlandogonzalez\/author\/orlando\/\"}]}<\/script>\n<!-- \/ Yoast SEO Premium plugin. -->","yoast_head_json":{"title":"MARING\u00c1 - Cascavel recebe duas etapas da Copa Truck no fim de semana - Orlando Gonzalez","robots":{"index":"index","follow":"follow","max-snippet":"max-snippet:-1","max-image-preview":"max-image-preview:large","max-video-preview":"max-video-preview:-1"},"canonical":"https:\/\/maringapost.com.br\/orlandogonzalez\/2021\/07\/13\/maringa-cascavel-recebe-duas-etapas-da-copa-truck-no-fim-de-semana\/","og_locale":"pt_BR","og_type":"article","og_title":"MARING\u00c1 - Cascavel recebe duas etapas da Copa Truck no fim de semana","og_description":"A Copa Truck chega ao Paran\u00e1 depois de come\u00e7ar a temporada na capital de Goi\u00e1s e depois passar por S\u00e3o Paulo. Cascavel (PR) recebe neste final de semana duas etapas v\u00e1lidas pela temporada 2021: a terceira, que ser\u00e1 disputada no s\u00e1bado (17) e a quarta, que acontece no domingo (18). Tudo com transmiss\u00e3o ao vivo [&hellip;]","og_url":"https:\/\/maringapost.com.br\/orlandogonzalez\/2021\/07\/13\/maringa-cascavel-recebe-duas-etapas-da-copa-truck-no-fim-de-semana\/","og_site_name":"Orlando Gonzalez","article_author":"https:\/\/www.facebook.com\/profile.php?id=100011095815065","article_published_time":"2021-07-13T17:06:13+00:00","article_modified_time":"2021-07-13T17:06:24+00:00","og_image":[{"width":1280,"height":853,"url":"https:\/\/maringapost.com.br\/orlandogonzalez\/wp-content\/uploads\/sites\/17\/2021\/07\/394202_975891_whatsapp_image_2021_06_27_at_15.28.27.jpeg","type":"image\/jpeg"}],"author":"Orlando Gonzalez","twitter_card":"summary_large_image","twitter_creator":"@gonzalezorlando","twitter_misc":{"Escrito por":false,"Est. tempo de leitura":"5 minutos"},"schema":{"@context":"https:\/\/schema.org","@graph":[{"@type":"WebPage","@id":"https:\/\/maringapost.com.br\/orlandogonzalez\/2021\/07\/13\/maringa-cascavel-recebe-duas-etapas-da-copa-truck-no-fim-de-semana\/","url":"https:\/\/maringapost.com.br\/orlandogonzalez\/2021\/07\/13\/maringa-cascavel-recebe-duas-etapas-da-copa-truck-no-fim-de-semana\/","name":"MARING\u00c1 - Cascavel recebe duas etapas da Copa Truck no fim de semana - Orlando Gonzalez","isPartOf":{"@id":"https:\/\/maringapost.com.br\/orlandogonzalez\/#website"},"primaryImageOfPage":{"@id":"https:\/\/maringapost.com.br\/orlandogonzalez\/2021\/07\/13\/maringa-cascavel-recebe-duas-etapas-da-copa-truck-no-fim-de-semana\/#primaryimage"},"image":{"@id":"https:\/\/maringapost.com.br\/orlandogonzalez\/2021\/07\/13\/maringa-cascavel-recebe-duas-etapas-da-copa-truck-no-fim-de-semana\/#primaryimage"},"thumbnailUrl":"https:\/\/maringapost.com.br\/orlandogonzalez\/wp-content\/uploads\/sites\/17\/2021\/07\/394202_975891_whatsapp_image_2021_06_27_at_15.28.27.jpeg","datePublished":"2021-07-13T17:06:13+00:00","dateModified":"2021-07-13T17:06:24+00:00","author":{"@id":"https:\/\/maringapost.com.br\/orlandogonzalez\/#\/schema\/person\/5cbe6257d08edea6afc9ebaa613b0633"},"inLanguage":"pt-BR","potentialAction":[{"@type":"ReadAction","target":["https:\/\/maringapost.com.br\/orlandogonzalez\/2021\/07\/13\/maringa-cascavel-recebe-duas-etapas-da-copa-truck-no-fim-de-semana\/"]}]},{"@type":"ImageObject","inLanguage":"pt-BR","@id":"https:\/\/maringapost.com.br\/orlandogonzalez\/2021\/07\/13\/maringa-cascavel-recebe-duas-etapas-da-copa-truck-no-fim-de-semana\/#primaryimage","url":"https:\/\/maringapost.com.br\/orlandogonzalez\/wp-content\/uploads\/sites\/17\/2021\/07\/394202_975891_whatsapp_image_2021_06_27_at_15.28.27.jpeg","contentUrl":"https:\/\/maringapost.com.br\/orlandogonzalez\/wp-content\/uploads\/sites\/17\/2021\/07\/394202_975891_whatsapp_image_2021_06_27_at_15.28.27.jpeg","width":1280,"height":853},{"@type":"WebSite","@id":"https:\/\/maringapost.com.br\/orlandogonzalez\/#website","url":"https:\/\/maringapost.com.br\/orlandogonzalez\/","name":"Orlando Gonzalez","description":"Destaca o esporte de Maring\u00e1! Destaca o esporte do Paran\u00e1! Destaca o esporte do Brasil!","potentialAction":[{"@type":"SearchAction","target":{"@type":"EntryPoint","urlTemplate":"https:\/\/maringapost.com.br\/orlandogonzalez\/?s={search_term_string}"},"query-input":"required name=search_term_string"}],"inLanguage":"pt-BR"},{"@type":"Person","@id":"https:\/\/maringapost.com.br\/orlandogonzalez\/#\/schema\/person\/5cbe6257d08edea6afc9ebaa613b0633","name":"Orlando Gonzalez","image":{"@type":"ImageObject","inLanguage":"pt-BR","@id":"https:\/\/maringapost.com.br\/orlandogonzalez\/#\/schema\/person\/image\/","url":"https:\/\/secure.gravatar.com\/avatar\/ecef9d1c9afe5ebdafadde8369065ba5?s=96&d=mm&r=g","contentUrl":"https:\/\/secure.gravatar.com\/avatar\/ecef9d1c9afe5ebdafadde8369065ba5?s=96&d=mm&r=g","caption":"Orlando Gonzalez"},"description":"H\u00e1 29 anos na cobertura do esporte de Maring\u00e1. Plant\u00e3o e narrador esportivo. Presta\u00e7\u00e3o de assessoria de imprensa esportiva, cobertura e transmiss\u00f5es ao vivo de eventos esportivos. E-mail: orlandogonzalez.assessoria@gmail.com WhatsApp: (44) 9 9126-6119","sameAs":["http:\/\/www.radiomaringa.com.br\/","https:\/\/www.facebook.com\/profile.php?id=100011095815065","https:\/\/www.instagram.com\/orlandomgonzalez\/","https:\/\/br.pinterest.com\/ogonzalez0530\/","https:\/\/x.com\/gonzalezorlando","https:\/\/www.youtube.com\/channel\/UCvFpl55btth8wjnKiSS1ibA","https:\/\/radiomaringaweb.tumblr.com\/"],"url":"https:\/\/maringapost.com.br\/orlandogonzalez\/author\/orlando\/"}]}},"_links":{"self":[{"href":"https:\/\/maringapost.com.br\/orlandogonzalez\/wp-json\/wp\/v2\/posts\/49795"}],"collection":[{"href":"https:\/\/maringapost.com.br\/orlandogonzalez\/wp-json\/wp\/v2\/posts"}],"about":[{"href":"https:\/\/maringapost.com.br\/orlandogonzalez\/wp-json\/wp\/v2\/types\/post"}],"author":[{"embeddable":true,"href":"https:\/\/maringapost.com.br\/orlandogonzalez\/wp-json\/wp\/v2\/users\/6307"}],"replies":[{"embeddable":true,"href":"https:\/\/maringapost.com.br\/orlandogonzalez\/wp-json\/wp\/v2\/comments?post=49795"}],"version-history":[{"count":1,"href":"https:\/\/maringapost.com.br\/orlandogonzalez\/wp-json\/wp\/v2\/posts\/49795\/revisions"}],"predecessor-version":[{"id":49797,"href":"https:\/\/maringapost.com.br\/orlandogonzalez\/wp-json\/wp\/v2\/posts\/49795\/revisions\/49797"}],"wp:featuredmedia":[{"embeddable":true,"href":"https:\/\/maringapost.com.br\/orlandogonzalez\/wp-json\/wp\/v2\/media\/49796"}],"wp:attachment":[{"href":"https:\/\/maringapost.com.br\/orlandogonzalez\/wp-json\/wp\/v2\/media?parent=49795"}],"wp:term":[{"taxonomy":"category","embeddable":true,"href":"https:\/\/maringapost.com.br\/orlandogonzalez\/wp-json\/wp\/v2\/categories?post=49795"},{"taxonomy":"post_tag","embeddable":true,"href":"https:\/\/maringapost.com.br\/orlandogonzalez\/wp-json\/wp\/v2\/tags?post=49795"}],"curies":[{"name":"wp","href":"https:\/\/api.w.org\/{rel}","templated":true}]}}