{"id":49403,"date":"2021-07-03T09:14:41","date_gmt":"2021-07-03T12:14:41","guid":{"rendered":"http:\/\/maringapost.com.br\/orlandogonzalez\/?p=49403"},"modified":"2021-07-03T09:14:41","modified_gmt":"2021-07-03T12:14:41","slug":"radio-maringa-pipo-derani-conquista-1a-vitoria-na-temporada-imsa","status":"publish","type":"post","link":"https:\/\/maringapost.com.br\/orlandogonzalez\/2021\/07\/03\/radio-maringa-pipo-derani-conquista-1a-vitoria-na-temporada-imsa\/","title":{"rendered":"R\u00c1DIO MARING\u00c1 &#8211; Pipo Derani conquista 1\u00aa vit\u00f3ria na temporada IMSA"},"content":{"rendered":"<p style=\"line-height: inherit;color: #555555;font-family: 'Trebuchet MS', Verdana, Geneva, sans-serif;text-align: justify\"><span style=\"font-size: 24px\">A disputa da sexta etapa da temporada 2021 do IMSA WeatherTech SportsCar Championship, realizada na noite de sexta-feira (2), em Watkins Glen, teve emo\u00e7\u00e3o do in\u00edcio ao fim, com chuva, bandeira vermelha e n\u00e3o poderia ter um desfecho melhor para o brasileiro Pipo Derani.<\/span><\/p>\n<p style=\"line-height: inherit;color: #555555;font-family: 'Trebuchet MS', Verdana, Geneva, sans-serif;text-align: justify\"><span style=\"font-size: 24px\">Ao lado do companheiro Felipe Nasr, o piloto da equipe Action Express Racing conquistou uma grande vit\u00f3ria, ap\u00f3s uma estrat\u00e9gia perfeita do time nas paradas de box com o #31 Whelen Engineering Cadillac DPi-V.R .<\/span><\/p>\n<p style=\"line-height: inherit;color: #555555;font-family: 'Trebuchet MS', Verdana, Geneva, sans-serif;text-align: justify\"><span style=\"font-size: 24px\">Foi a nona vit\u00f3ria de Derani na categoria, a primeira na temporada 2021, depois de ficar bem pr\u00f3ximo em Mid-Ohio e Detroit (quando terminou em segundo).<\/span><\/p>\n<p style=\"line-height: inherit;color: #555555;font-family: 'Trebuchet MS', Verdana, Geneva, sans-serif;text-align: justify\"><span style=\"font-size: 24px\">Com o resultado, a dupla brasileira segue mais viva do que nunca na briga pelo t\u00edtulo. Em terceiro lugar na tabela, eles est\u00e3o mais pr\u00f3ximos dos dois primeiros colocados.<\/span><\/p>\n<p style=\"line-height: inherit;color: #555555;font-family: 'Trebuchet MS', Verdana, Geneva, sans-serif;text-align: justify\"><span style=\"font-size: 24px\">Derani iniciou a prova em quarto no grid e, com uma bela largada, assumiu a terceira posi\u00e7\u00e3o na curva 2. O piloto se manteve na briga at\u00e9 parar no pit na volta 12, durante bandeira verde, para troca de pneus e reabastecimento. A equipe apostou numa estrat\u00e9gia diferente dos rivais, antecipando sua parada, na esperan\u00e7a de colocar o #31 Whelen Engineering Cadillac DPi-V.R na lideran\u00e7a.<\/span><\/p>\n<p style=\"line-height: inherit;color: #555555;font-family: 'Trebuchet MS', Verdana, Geneva, sans-serif;text-align: justify\"><span style=\"font-size: 24px\">E a estrat\u00e9gia funcionou. Na volta 25, Derani assumiu a ponta e conseguiu abrir uma boa vantagem. Oito voltas depois, a equipe observou que um dos carros vinha lento na pista e decidiu antecipar a entrada do brasileiro para troca de pilotos, prevendo que a bandeira amarela seria acionada.<\/span><\/p>\n<p style=\"line-height: inherit;color: #555555;font-family: 'Trebuchet MS', Verdana, Geneva, sans-serif;text-align: justify\"><span style=\"font-size: 24px\">Nasr voltou para a pista na quarta posi\u00e7\u00e3o, mas logo na volta 37 a corrida foi interrompida com bandeira vermelha, em virtude do risco de raios na regi\u00e3o. Foram 46 minutos com os carros parados nos boxes, mas o cron\u00f4metro rodando. Os pilotos s\u00f3 voltaram para a pista quando faltavam 40 minutos para o final da disputa.<\/span><\/p>\n<p style=\"line-height: inherit;color: #555555;font-family: 'Trebuchet MS', Verdana, Geneva, sans-serif;text-align: justify\"><span style=\"font-size: 24px\">Com os outros carros DPi parando para troca de pneus e combust\u00edvel ainda em bandeira amarela, Nasr j\u00e1 conseguiu sair na frente antes da bandeira verde ser acionada. O brasileiro manteve um ritmo forte, abriu vantagem, mas logo veio uma bandeira amarela, ap\u00f3s um carro sair da pista.<\/span><\/p>\n<p style=\"line-height: inherit;color: #555555;font-family: 'Trebuchet MS', Verdana, Geneva, sans-serif;text-align: justify\"><span style=\"font-size: 24px\">A relargada aconteceu quando faltavam 18 minutos para o final e Nasr seguiu acelerando forte para cruzar a linha de chegada em primeiro.<\/span><br style=\"line-height: inherit\" \/><br style=\"line-height: inherit\" \/><span style=\"font-size: 24px\">\u201cFoi um al\u00edvio\u201d, destacou Derani. \u201cAcredito que mostramos desde o in\u00edcio do ano que t\u00ednhamos um carro e uma equipe para vencer. Mas as coisas n\u00e3o sa\u00edram como gostar\u00edamos em Daytona e Sebring. E v\u00ednhamos a cada corrida pensando: \u2018\u00e9 esta que iremos ganhar?\u2019. Chegamos perto em Mid-Ohio, em Detroit. Agora, finalmente, vencemos\u201d, comemorou o brasileiro.<\/span><\/p>\n<p style=\"line-height: inherit;color: #555555;font-family: 'Trebuchet MS', Verdana, Geneva, sans-serif;text-align: justify\"><span style=\"font-size: 24px\">\u201cA equipe fez um trabalho fant\u00e1stico. Apostamos um pouco na estrat\u00e9gia e deu certo. Que pilotagem do Felipe no final! Foi maravilhoso para a equipe Whelen\u201d, finalizou o paulista de 27 anos.<\/span><\/p>\n<p style=\"line-height: inherit;color: #555555;font-family: 'Trebuchet MS', Verdana, Geneva, sans-serif;text-align: justify\"><span style=\"font-size: 24px\">A pr\u00f3xima etapa da temporada acontecer\u00e1 entre os dias 6 e 8 de agosto em Road America.<\/span><br style=\"line-height: inherit\" \/><br style=\"line-height: inherit\" \/><span style=\"font-size: 24px\"><strong style=\"line-height: inherit\">Confira o resultado em Watkins Glen (DPi):<\/strong><\/span><br style=\"line-height: inherit\" \/><span style=\"font-size: 24px\"><strong style=\"line-height: inherit\">1 #31 F. Nasr \/ P. Derani Whelen Engineering Racing Cadillac DPi 63 voltas em 2:41:27.882<\/strong><\/span><br style=\"line-height: inherit\" \/><span style=\"font-size: 24px\">2 #01 R. van der Zande \/ K. Magnussen Cadillac Chip Ganassi Racing +1.473<\/span><br style=\"line-height: inherit\" \/><span style=\"font-size: 24px\">3 #10 R. Taylor \/ F. Albuquerque Konica Minolta Acura ARX-05 Acura DPi +10.315<\/span><br style=\"line-height: inherit\" \/><span style=\"font-size: 24px\">4 #5 T. Vautier \/ L. Duval Mustang Sampling \/ JDC-Miller MotorSports Cadillac +12.025<\/span><br style=\"line-height: inherit\" \/><span style=\"font-size: 24px\">5 #55 O. Jarvis \/ H. Tincknell Mazda Motorsports Mazda +12.446<\/span><br style=\"line-height: inherit\" \/><span style=\"font-size: 24px\">6 #60 D. Cameron \/ O. Pla Meyer Shank Racing w\/Curb-Agajanian Acura DPi +15.107<\/span><\/p>\n<p style=\"line-height: inherit;color: #555555;font-family: 'Trebuchet MS', Verdana, Geneva, sans-serif;text-align: justify\"><span style=\"font-size: 24px\">(Assessoria)<\/span><\/p>\n","protected":false},"excerpt":{"rendered":"<p>A disputa da sexta etapa da temporada 2021 do IMSA WeatherTech SportsCar Championship, realizada na noite de sexta-feira (2), em Watkins Glen, teve emo\u00e7\u00e3o do in\u00edcio ao fim, com chuva, bandeira vermelha e n\u00e3o poderia ter um desfecho melhor para o brasileiro Pipo Derani. Ao lado do companheiro Felipe Nasr, o piloto da equipe Action [&hellip;]<\/p>\n","protected":false},"author":6307,"featured_media":49404,"comment_status":"closed","ping_status":"open","sticky":false,"template":"","format":"standard","meta":{"_exactmetrics_skip_tracking":false,"_exactmetrics_sitenote_active":false,"_exactmetrics_sitenote_note":"","_exactmetrics_sitenote_category":0,"footnotes":""},"categories":[1267],"tags":[8910,47],"yoast_head":"<!-- This site is optimized with the Yoast SEO Premium plugin v22.7 (Yoast SEO v22.7) - https:\/\/yoast.com\/wordpress\/plugins\/seo\/ -->\n<title>R\u00c1DIO MARING\u00c1 - Pipo Derani conquista 1\u00aa vit\u00f3ria na temporada IMSA - Orlando Gonzalez<\/title>\n<meta name=\"robots\" content=\"index, follow, max-snippet:-1, max-image-preview:large, max-video-preview:-1\" \/>\n<link rel=\"canonical\" href=\"https:\/\/maringapost.com.br\/orlandogonzalez\/2021\/07\/03\/radio-maringa-pipo-derani-conquista-1a-vitoria-na-temporada-imsa\/\" \/>\n<meta property=\"og:locale\" content=\"pt_BR\" \/>\n<meta property=\"og:type\" content=\"article\" \/>\n<meta property=\"og:title\" content=\"R\u00c1DIO MARING\u00c1 - Pipo Derani conquista 1\u00aa vit\u00f3ria na temporada IMSA\" \/>\n<meta property=\"og:description\" content=\"A disputa da sexta etapa da temporada 2021 do IMSA WeatherTech SportsCar Championship, realizada na noite de sexta-feira (2), em Watkins Glen, teve emo\u00e7\u00e3o do in\u00edcio ao fim, com chuva, bandeira vermelha e n\u00e3o poderia ter um desfecho melhor para o brasileiro Pipo Derani. Ao lado do companheiro Felipe Nasr, o piloto da equipe Action [&hellip;]\" \/>\n<meta property=\"og:url\" content=\"https:\/\/maringapost.com.br\/orlandogonzalez\/2021\/07\/03\/radio-maringa-pipo-derani-conquista-1a-vitoria-na-temporada-imsa\/\" \/>\n<meta property=\"og:site_name\" content=\"Orlando Gonzalez\" \/>\n<meta property=\"article:author\" content=\"https:\/\/www.facebook.com\/profile.php?id=100011095815065\" \/>\n<meta property=\"article:published_time\" content=\"2021-07-03T12:14:41+00:00\" \/>\n<meta property=\"og:image\" content=\"https:\/\/maringapost.com.br\/orlandogonzalez\/wp-content\/uploads\/sites\/17\/2021\/07\/393865_974875_070221_wgi_bcpix_1822088.jpg\" \/>\n\t<meta property=\"og:image:width\" content=\"1200\" \/>\n\t<meta property=\"og:image:height\" content=\"800\" \/>\n\t<meta property=\"og:image:type\" content=\"image\/jpeg\" \/>\n<meta name=\"author\" content=\"Orlando Gonzalez\" \/>\n<meta name=\"twitter:card\" content=\"summary_large_image\" \/>\n<meta name=\"twitter:creator\" content=\"@gonzalezorlando\" \/>\n<meta name=\"twitter:label1\" content=\"Escrito por\" \/>\n\t<meta name=\"twitter:data1\" content=\"\" \/>\n\t<meta name=\"twitter:label2\" content=\"Est. tempo de leitura\" \/>\n\t<meta name=\"twitter:data2\" content=\"3 minutos\" \/>\n<script type=\"application\/ld+json\" class=\"yoast-schema-graph\">{\"@context\":\"https:\/\/schema.org\",\"@graph\":[{\"@type\":\"WebPage\",\"@id\":\"https:\/\/maringapost.com.br\/orlandogonzalez\/2021\/07\/03\/radio-maringa-pipo-derani-conquista-1a-vitoria-na-temporada-imsa\/\",\"url\":\"https:\/\/maringapost.com.br\/orlandogonzalez\/2021\/07\/03\/radio-maringa-pipo-derani-conquista-1a-vitoria-na-temporada-imsa\/\",\"name\":\"R\u00c1DIO MARING\u00c1 - Pipo Derani conquista 1\u00aa vit\u00f3ria na temporada IMSA - Orlando Gonzalez\",\"isPartOf\":{\"@id\":\"https:\/\/maringapost.com.br\/orlandogonzalez\/#website\"},\"primaryImageOfPage\":{\"@id\":\"https:\/\/maringapost.com.br\/orlandogonzalez\/2021\/07\/03\/radio-maringa-pipo-derani-conquista-1a-vitoria-na-temporada-imsa\/#primaryimage\"},\"image\":{\"@id\":\"https:\/\/maringapost.com.br\/orlandogonzalez\/2021\/07\/03\/radio-maringa-pipo-derani-conquista-1a-vitoria-na-temporada-imsa\/#primaryimage\"},\"thumbnailUrl\":\"https:\/\/maringapost.com.br\/orlandogonzalez\/wp-content\/uploads\/sites\/17\/2021\/07\/393865_974875_070221_wgi_bcpix_1822088.jpg\",\"datePublished\":\"2021-07-03T12:14:41+00:00\",\"dateModified\":\"2021-07-03T12:14:41+00:00\",\"author\":{\"@id\":\"https:\/\/maringapost.com.br\/orlandogonzalez\/#\/schema\/person\/5cbe6257d08edea6afc9ebaa613b0633\"},\"inLanguage\":\"pt-BR\",\"potentialAction\":[{\"@type\":\"ReadAction\",\"target\":[\"https:\/\/maringapost.com.br\/orlandogonzalez\/2021\/07\/03\/radio-maringa-pipo-derani-conquista-1a-vitoria-na-temporada-imsa\/\"]}]},{\"@type\":\"ImageObject\",\"inLanguage\":\"pt-BR\",\"@id\":\"https:\/\/maringapost.com.br\/orlandogonzalez\/2021\/07\/03\/radio-maringa-pipo-derani-conquista-1a-vitoria-na-temporada-imsa\/#primaryimage\",\"url\":\"https:\/\/maringapost.com.br\/orlandogonzalez\/wp-content\/uploads\/sites\/17\/2021\/07\/393865_974875_070221_wgi_bcpix_1822088.jpg\",\"contentUrl\":\"https:\/\/maringapost.com.br\/orlandogonzalez\/wp-content\/uploads\/sites\/17\/2021\/07\/393865_974875_070221_wgi_bcpix_1822088.jpg\",\"width\":1200,\"height\":800},{\"@type\":\"WebSite\",\"@id\":\"https:\/\/maringapost.com.br\/orlandogonzalez\/#website\",\"url\":\"https:\/\/maringapost.com.br\/orlandogonzalez\/\",\"name\":\"Orlando Gonzalez\",\"description\":\"Destaca o esporte de Maring\u00e1! Destaca o esporte do Paran\u00e1! Destaca o esporte do Brasil!\",\"potentialAction\":[{\"@type\":\"SearchAction\",\"target\":{\"@type\":\"EntryPoint\",\"urlTemplate\":\"https:\/\/maringapost.com.br\/orlandogonzalez\/?s={search_term_string}\"},\"query-input\":\"required name=search_term_string\"}],\"inLanguage\":\"pt-BR\"},{\"@type\":\"Person\",\"@id\":\"https:\/\/maringapost.com.br\/orlandogonzalez\/#\/schema\/person\/5cbe6257d08edea6afc9ebaa613b0633\",\"name\":\"Orlando Gonzalez\",\"image\":{\"@type\":\"ImageObject\",\"inLanguage\":\"pt-BR\",\"@id\":\"https:\/\/maringapost.com.br\/orlandogonzalez\/#\/schema\/person\/image\/\",\"url\":\"https:\/\/secure.gravatar.com\/avatar\/ecef9d1c9afe5ebdafadde8369065ba5?s=96&d=mm&r=g\",\"contentUrl\":\"https:\/\/secure.gravatar.com\/avatar\/ecef9d1c9afe5ebdafadde8369065ba5?s=96&d=mm&r=g\",\"caption\":\"Orlando Gonzalez\"},\"description\":\"H\u00e1 29 anos na cobertura do esporte de Maring\u00e1. Plant\u00e3o e narrador esportivo. Presta\u00e7\u00e3o de assessoria de imprensa esportiva, cobertura e transmiss\u00f5es ao vivo de eventos esportivos. E-mail: orlandogonzalez.assessoria@gmail.com WhatsApp: (44) 9 9126-6119\",\"sameAs\":[\"http:\/\/www.radiomaringa.com.br\/\",\"https:\/\/www.facebook.com\/profile.php?id=100011095815065\",\"https:\/\/www.instagram.com\/orlandomgonzalez\/\",\"https:\/\/br.pinterest.com\/ogonzalez0530\/\",\"https:\/\/x.com\/gonzalezorlando\",\"https:\/\/www.youtube.com\/channel\/UCvFpl55btth8wjnKiSS1ibA\",\"https:\/\/radiomaringaweb.tumblr.com\/\"],\"url\":\"https:\/\/maringapost.com.br\/orlandogonzalez\/author\/orlando\/\"}]}<\/script>\n<!-- \/ Yoast SEO Premium plugin. -->","yoast_head_json":{"title":"R\u00c1DIO MARING\u00c1 - Pipo Derani conquista 1\u00aa vit\u00f3ria na temporada IMSA - Orlando Gonzalez","robots":{"index":"index","follow":"follow","max-snippet":"max-snippet:-1","max-image-preview":"max-image-preview:large","max-video-preview":"max-video-preview:-1"},"canonical":"https:\/\/maringapost.com.br\/orlandogonzalez\/2021\/07\/03\/radio-maringa-pipo-derani-conquista-1a-vitoria-na-temporada-imsa\/","og_locale":"pt_BR","og_type":"article","og_title":"R\u00c1DIO MARING\u00c1 - Pipo Derani conquista 1\u00aa vit\u00f3ria na temporada IMSA","og_description":"A disputa da sexta etapa da temporada 2021 do IMSA WeatherTech SportsCar Championship, realizada na noite de sexta-feira (2), em Watkins Glen, teve emo\u00e7\u00e3o do in\u00edcio ao fim, com chuva, bandeira vermelha e n\u00e3o poderia ter um desfecho melhor para o brasileiro Pipo Derani. Ao lado do companheiro Felipe Nasr, o piloto da equipe Action [&hellip;]","og_url":"https:\/\/maringapost.com.br\/orlandogonzalez\/2021\/07\/03\/radio-maringa-pipo-derani-conquista-1a-vitoria-na-temporada-imsa\/","og_site_name":"Orlando Gonzalez","article_author":"https:\/\/www.facebook.com\/profile.php?id=100011095815065","article_published_time":"2021-07-03T12:14:41+00:00","og_image":[{"width":1200,"height":800,"url":"https:\/\/maringapost.com.br\/orlandogonzalez\/wp-content\/uploads\/sites\/17\/2021\/07\/393865_974875_070221_wgi_bcpix_1822088.jpg","type":"image\/jpeg"}],"author":"Orlando Gonzalez","twitter_card":"summary_large_image","twitter_creator":"@gonzalezorlando","twitter_misc":{"Escrito por":false,"Est. tempo de leitura":"3 minutos"},"schema":{"@context":"https:\/\/schema.org","@graph":[{"@type":"WebPage","@id":"https:\/\/maringapost.com.br\/orlandogonzalez\/2021\/07\/03\/radio-maringa-pipo-derani-conquista-1a-vitoria-na-temporada-imsa\/","url":"https:\/\/maringapost.com.br\/orlandogonzalez\/2021\/07\/03\/radio-maringa-pipo-derani-conquista-1a-vitoria-na-temporada-imsa\/","name":"R\u00c1DIO MARING\u00c1 - Pipo Derani conquista 1\u00aa vit\u00f3ria na temporada IMSA - Orlando Gonzalez","isPartOf":{"@id":"https:\/\/maringapost.com.br\/orlandogonzalez\/#website"},"primaryImageOfPage":{"@id":"https:\/\/maringapost.com.br\/orlandogonzalez\/2021\/07\/03\/radio-maringa-pipo-derani-conquista-1a-vitoria-na-temporada-imsa\/#primaryimage"},"image":{"@id":"https:\/\/maringapost.com.br\/orlandogonzalez\/2021\/07\/03\/radio-maringa-pipo-derani-conquista-1a-vitoria-na-temporada-imsa\/#primaryimage"},"thumbnailUrl":"https:\/\/maringapost.com.br\/orlandogonzalez\/wp-content\/uploads\/sites\/17\/2021\/07\/393865_974875_070221_wgi_bcpix_1822088.jpg","datePublished":"2021-07-03T12:14:41+00:00","dateModified":"2021-07-03T12:14:41+00:00","author":{"@id":"https:\/\/maringapost.com.br\/orlandogonzalez\/#\/schema\/person\/5cbe6257d08edea6afc9ebaa613b0633"},"inLanguage":"pt-BR","potentialAction":[{"@type":"ReadAction","target":["https:\/\/maringapost.com.br\/orlandogonzalez\/2021\/07\/03\/radio-maringa-pipo-derani-conquista-1a-vitoria-na-temporada-imsa\/"]}]},{"@type":"ImageObject","inLanguage":"pt-BR","@id":"https:\/\/maringapost.com.br\/orlandogonzalez\/2021\/07\/03\/radio-maringa-pipo-derani-conquista-1a-vitoria-na-temporada-imsa\/#primaryimage","url":"https:\/\/maringapost.com.br\/orlandogonzalez\/wp-content\/uploads\/sites\/17\/2021\/07\/393865_974875_070221_wgi_bcpix_1822088.jpg","contentUrl":"https:\/\/maringapost.com.br\/orlandogonzalez\/wp-content\/uploads\/sites\/17\/2021\/07\/393865_974875_070221_wgi_bcpix_1822088.jpg","width":1200,"height":800},{"@type":"WebSite","@id":"https:\/\/maringapost.com.br\/orlandogonzalez\/#website","url":"https:\/\/maringapost.com.br\/orlandogonzalez\/","name":"Orlando Gonzalez","description":"Destaca o esporte de Maring\u00e1! Destaca o esporte do Paran\u00e1! Destaca o esporte do Brasil!","potentialAction":[{"@type":"SearchAction","target":{"@type":"EntryPoint","urlTemplate":"https:\/\/maringapost.com.br\/orlandogonzalez\/?s={search_term_string}"},"query-input":"required name=search_term_string"}],"inLanguage":"pt-BR"},{"@type":"Person","@id":"https:\/\/maringapost.com.br\/orlandogonzalez\/#\/schema\/person\/5cbe6257d08edea6afc9ebaa613b0633","name":"Orlando Gonzalez","image":{"@type":"ImageObject","inLanguage":"pt-BR","@id":"https:\/\/maringapost.com.br\/orlandogonzalez\/#\/schema\/person\/image\/","url":"https:\/\/secure.gravatar.com\/avatar\/ecef9d1c9afe5ebdafadde8369065ba5?s=96&d=mm&r=g","contentUrl":"https:\/\/secure.gravatar.com\/avatar\/ecef9d1c9afe5ebdafadde8369065ba5?s=96&d=mm&r=g","caption":"Orlando Gonzalez"},"description":"H\u00e1 29 anos na cobertura do esporte de Maring\u00e1. Plant\u00e3o e narrador esportivo. Presta\u00e7\u00e3o de assessoria de imprensa esportiva, cobertura e transmiss\u00f5es ao vivo de eventos esportivos. E-mail: orlandogonzalez.assessoria@gmail.com WhatsApp: (44) 9 9126-6119","sameAs":["http:\/\/www.radiomaringa.com.br\/","https:\/\/www.facebook.com\/profile.php?id=100011095815065","https:\/\/www.instagram.com\/orlandomgonzalez\/","https:\/\/br.pinterest.com\/ogonzalez0530\/","https:\/\/x.com\/gonzalezorlando","https:\/\/www.youtube.com\/channel\/UCvFpl55btth8wjnKiSS1ibA","https:\/\/radiomaringaweb.tumblr.com\/"],"url":"https:\/\/maringapost.com.br\/orlandogonzalez\/author\/orlando\/"}]}},"_links":{"self":[{"href":"https:\/\/maringapost.com.br\/orlandogonzalez\/wp-json\/wp\/v2\/posts\/49403"}],"collection":[{"href":"https:\/\/maringapost.com.br\/orlandogonzalez\/wp-json\/wp\/v2\/posts"}],"about":[{"href":"https:\/\/maringapost.com.br\/orlandogonzalez\/wp-json\/wp\/v2\/types\/post"}],"author":[{"embeddable":true,"href":"https:\/\/maringapost.com.br\/orlandogonzalez\/wp-json\/wp\/v2\/users\/6307"}],"replies":[{"embeddable":true,"href":"https:\/\/maringapost.com.br\/orlandogonzalez\/wp-json\/wp\/v2\/comments?post=49403"}],"version-history":[{"count":1,"href":"https:\/\/maringapost.com.br\/orlandogonzalez\/wp-json\/wp\/v2\/posts\/49403\/revisions"}],"predecessor-version":[{"id":49405,"href":"https:\/\/maringapost.com.br\/orlandogonzalez\/wp-json\/wp\/v2\/posts\/49403\/revisions\/49405"}],"wp:featuredmedia":[{"embeddable":true,"href":"https:\/\/maringapost.com.br\/orlandogonzalez\/wp-json\/wp\/v2\/media\/49404"}],"wp:attachment":[{"href":"https:\/\/maringapost.com.br\/orlandogonzalez\/wp-json\/wp\/v2\/media?parent=49403"}],"wp:term":[{"taxonomy":"category","embeddable":true,"href":"https:\/\/maringapost.com.br\/orlandogonzalez\/wp-json\/wp\/v2\/categories?post=49403"},{"taxonomy":"post_tag","embeddable":true,"href":"https:\/\/maringapost.com.br\/orlandogonzalez\/wp-json\/wp\/v2\/tags?post=49403"}],"curies":[{"name":"wp","href":"https:\/\/api.w.org\/{rel}","templated":true}]}}