{"id":48958,"date":"2021-06-20T17:49:17","date_gmt":"2021-06-20T20:49:17","guid":{"rendered":"http:\/\/maringapost.com.br\/orlandogonzalez\/?p=48958"},"modified":"2021-06-20T17:50:05","modified_gmt":"2021-06-20T20:50:05","slug":"radio-maringa-brasil-fica-sem-representante-na-maratona-aquatica-masculina-das-olimpiadas","status":"publish","type":"post","link":"https:\/\/maringapost.com.br\/orlandogonzalez\/2021\/06\/20\/radio-maringa-brasil-fica-sem-representante-na-maratona-aquatica-masculina-das-olimpiadas\/","title":{"rendered":"R\u00c1DIO MARING\u00c1 &#8211; Brasil fica sem representante na maratona aqu\u00e1tica masculina das Olimp\u00edadas"},"content":{"rendered":"<p style=\"margin: 0px 0px 1.3rem;color: #495057;font-family: 'Source Serif Pro', serif;font-size: 16px;background-color: #f7f8f9\"><span style=\"font-size: 24px\">O Brasil n\u00e3o ter\u00e1 representante na maratona aqu\u00e1tica masculina na Olimp\u00edada de T\u00f3quio. Neste domingo (20), Allan do Carmo e Diogo Villarinho competiram no Pr\u00e9-Ol\u00edmpico\u00a0de Set\u00fabal (Portugal)<a href=\"https:\/\/www.orlandogonzalez.com.br\/\" target=\"_blank\" rel=\"noopener\">,<\/a> mas ficaram longe das\u00a0<a style=\"color: #28a745;background-color: transparent;font-weight: bold\" href=\"https:\/\/www.fina.org\/competitions\/8\/fina-olympic-marathon-swim-qualifier-2021\/results?event=32f74130-3026-46b9-b1aa-a88a74b205e4\">15 vagas em disputa para os Jogos<\/a>.<img decoding=\"async\" style=\"border: 0px none;vertical-align: middle;height: 1px;width: 1px\" src=\"https:\/\/agenciabrasil.ebc.com.br\/ebc.png?id=1413153&amp;o=node\" \/><img decoding=\"async\" style=\"border: 0px none;vertical-align: middle;height: 1px;width: 1px\" src=\"https:\/\/agenciabrasil.ebc.com.br\/ebc.gif?id=1413153&amp;o=node\" \/><\/span><\/p>\n<p style=\"margin: 0px 0px 1.3rem;color: #495057;font-family: 'Source Serif Pro', serif;font-size: 16px;background-color: #f7f8f9\"><span style=\"font-size: 24px\">Para se classificarem, Allan ou Diogo precisavam ficar entre os nove primeiros colocados. Outra possibilidade seria um deles ser o melhor maratonista do continente americano fora do top-9. Diogo, que herdou o lugar na seletiva ap\u00f3s Guilherme Costa pedir dispensa (ele prioriza as provas em piscina), ficou em 21\u00ba, completando os dez quil\u00f4metros em 2h03min08s60, enquanto Allan, que buscava a terceira participa\u00e7\u00e3o ol\u00edmpica da carreira, foi o 44\u00ba, com 2h14min29s50<a href=\"https:\/\/radiomaringa.com.br\/\" target=\"_blank\" rel=\"noopener\">.<\/a><\/span><\/p>\n<p style=\"margin: 0px 0px 1.3rem;color: #495057;font-family: 'Source Serif Pro', serif;font-size: 16px;background-color: #f7f8f9\"><span style=\"font-size: 24px\">O brit\u00e2nico Hector Pardoe foi o vencedor da seletiva, seguido pelo grego Athanasios Kynigakis. Outro brit\u00e2nico, Tobias Robinson, completou o p\u00f3dio. Como h\u00e1 o limite de um classificado por pa\u00eds, este \u00faltimo, n\u00e3o obteve vaga em T\u00f3quio.<\/span><\/p>\n<p style=\"margin: 0px 0px 1.3rem;color: #495057;font-family: 'Source Serif Pro', serif;font-size: 16px;background-color: #f7f8f9\"><span style=\"font-size: 24px\">O pa\u00eds ter\u00e1 somente Ana Marcela Cunha competindo em \u00e1guas japonesas. Entre sexta-feira (18) e s\u00e1bado (19), a maratonista\u00a0esteve duas vezes no p\u00f3dio do Campeonato Espanhol de \u00c1guas Abertas, disputado no lago Banyolas, na regi\u00e3o da Catalunha. Ela foi medalhista de prata nos dez quil\u00f4metros e de ouro nos cinco quil\u00f4metros. Na \u00faltima segunda-feira (14), a baiana j\u00e1 havia vencido a prova\u00a0de dez\u00a0quil\u00f4metros no Campeonato Italiano da modalidade, na cidade de Piombino.<\/span><\/p>\n<p style=\"margin: 0px 0px 1.3rem;color: #495057;font-family: 'Source Serif Pro', serif;font-size: 16px;background-color: #f7f8f9\"><span style=\"font-size: 24px\">(<a href=\"https:\/\/agenciabrasil.ebc.com.br\/esportes\/noticia\/2021-06\/brasil-fica-sem-representante-na-maratona-aquatica-masculina-em-toquio\" target=\"_blank\" rel=\"noopener noreferrer\">Ag\u00eancia Brasil<\/a>)<\/span><\/p>\n","protected":false},"excerpt":{"rendered":"<p>O Brasil n\u00e3o ter\u00e1 representante na maratona aqu\u00e1tica masculina na Olimp\u00edada de T\u00f3quio. Neste domingo (20), Allan do Carmo e Diogo Villarinho competiram no Pr\u00e9-Ol\u00edmpico\u00a0de Set\u00fabal (Portugal), mas ficaram longe das\u00a015 vagas em disputa para os Jogos. Para se classificarem, Allan ou Diogo precisavam ficar entre os nove primeiros colocados. Outra possibilidade seria um deles [&hellip;]<\/p>\n","protected":false},"author":6307,"featured_media":48959,"comment_status":"closed","ping_status":"open","sticky":false,"template":"","format":"standard","meta":{"_exactmetrics_skip_tracking":false,"_exactmetrics_sitenote_active":false,"_exactmetrics_sitenote_note":"","_exactmetrics_sitenote_category":0,"footnotes":""},"categories":[5503],"tags":[13770,5506,7193,7334,47],"yoast_head":"<!-- This site is optimized with the Yoast SEO Premium plugin v22.7 (Yoast SEO v22.7) - https:\/\/yoast.com\/wordpress\/plugins\/seo\/ -->\n<title>R\u00c1DIO MARING\u00c1 - Brasil fica sem representante na maratona aqu\u00e1tica masculina das Olimp\u00edadas - Orlando Gonzalez<\/title>\n<meta name=\"robots\" content=\"index, follow, max-snippet:-1, max-image-preview:large, max-video-preview:-1\" \/>\n<link rel=\"canonical\" href=\"https:\/\/maringapost.com.br\/orlandogonzalez\/2021\/06\/20\/radio-maringa-brasil-fica-sem-representante-na-maratona-aquatica-masculina-das-olimpiadas\/\" \/>\n<meta property=\"og:locale\" content=\"pt_BR\" \/>\n<meta property=\"og:type\" content=\"article\" \/>\n<meta property=\"og:title\" content=\"R\u00c1DIO MARING\u00c1 - Brasil fica sem representante na maratona aqu\u00e1tica masculina das Olimp\u00edadas\" \/>\n<meta property=\"og:description\" content=\"O Brasil n\u00e3o ter\u00e1 representante na maratona aqu\u00e1tica masculina na Olimp\u00edada de T\u00f3quio. Neste domingo (20), Allan do Carmo e Diogo Villarinho competiram no Pr\u00e9-Ol\u00edmpico\u00a0de Set\u00fabal (Portugal), mas ficaram longe das\u00a015 vagas em disputa para os Jogos. Para se classificarem, Allan ou Diogo precisavam ficar entre os nove primeiros colocados. Outra possibilidade seria um deles [&hellip;]\" \/>\n<meta property=\"og:url\" content=\"https:\/\/maringapost.com.br\/orlandogonzalez\/2021\/06\/20\/radio-maringa-brasil-fica-sem-representante-na-maratona-aquatica-masculina-das-olimpiadas\/\" \/>\n<meta property=\"og:site_name\" content=\"Orlando Gonzalez\" \/>\n<meta property=\"article:author\" content=\"https:\/\/www.facebook.com\/profile.php?id=100011095815065\" \/>\n<meta property=\"article:published_time\" content=\"2021-06-20T20:49:17+00:00\" \/>\n<meta property=\"article:modified_time\" content=\"2021-06-20T20:50:05+00:00\" \/>\n<meta property=\"og:image\" content=\"https:\/\/maringapost.com.br\/orlandogonzalez\/wp-content\/uploads\/sites\/17\/2021\/06\/Brasilsem.jpg\" \/>\n\t<meta property=\"og:image:width\" content=\"1170\" \/>\n\t<meta property=\"og:image:height\" content=\"700\" \/>\n\t<meta property=\"og:image:type\" content=\"image\/jpeg\" \/>\n<meta name=\"author\" content=\"Orlando Gonzalez\" \/>\n<meta name=\"twitter:card\" content=\"summary_large_image\" \/>\n<meta name=\"twitter:creator\" content=\"@gonzalezorlando\" \/>\n<meta name=\"twitter:label1\" content=\"Escrito por\" \/>\n\t<meta name=\"twitter:data1\" content=\"\" \/>\n\t<meta name=\"twitter:label2\" content=\"Est. tempo de leitura\" \/>\n\t<meta name=\"twitter:data2\" content=\"2 minutos\" \/>\n<script type=\"application\/ld+json\" class=\"yoast-schema-graph\">{\"@context\":\"https:\/\/schema.org\",\"@graph\":[{\"@type\":\"WebPage\",\"@id\":\"https:\/\/maringapost.com.br\/orlandogonzalez\/2021\/06\/20\/radio-maringa-brasil-fica-sem-representante-na-maratona-aquatica-masculina-das-olimpiadas\/\",\"url\":\"https:\/\/maringapost.com.br\/orlandogonzalez\/2021\/06\/20\/radio-maringa-brasil-fica-sem-representante-na-maratona-aquatica-masculina-das-olimpiadas\/\",\"name\":\"R\u00c1DIO MARING\u00c1 - Brasil fica sem representante na maratona aqu\u00e1tica masculina das Olimp\u00edadas - Orlando Gonzalez\",\"isPartOf\":{\"@id\":\"https:\/\/maringapost.com.br\/orlandogonzalez\/#website\"},\"primaryImageOfPage\":{\"@id\":\"https:\/\/maringapost.com.br\/orlandogonzalez\/2021\/06\/20\/radio-maringa-brasil-fica-sem-representante-na-maratona-aquatica-masculina-das-olimpiadas\/#primaryimage\"},\"image\":{\"@id\":\"https:\/\/maringapost.com.br\/orlandogonzalez\/2021\/06\/20\/radio-maringa-brasil-fica-sem-representante-na-maratona-aquatica-masculina-das-olimpiadas\/#primaryimage\"},\"thumbnailUrl\":\"https:\/\/maringapost.com.br\/orlandogonzalez\/wp-content\/uploads\/sites\/17\/2021\/06\/Brasilsem.jpg\",\"datePublished\":\"2021-06-20T20:49:17+00:00\",\"dateModified\":\"2021-06-20T20:50:05+00:00\",\"author\":{\"@id\":\"https:\/\/maringapost.com.br\/orlandogonzalez\/#\/schema\/person\/5cbe6257d08edea6afc9ebaa613b0633\"},\"inLanguage\":\"pt-BR\",\"potentialAction\":[{\"@type\":\"ReadAction\",\"target\":[\"https:\/\/maringapost.com.br\/orlandogonzalez\/2021\/06\/20\/radio-maringa-brasil-fica-sem-representante-na-maratona-aquatica-masculina-das-olimpiadas\/\"]}]},{\"@type\":\"ImageObject\",\"inLanguage\":\"pt-BR\",\"@id\":\"https:\/\/maringapost.com.br\/orlandogonzalez\/2021\/06\/20\/radio-maringa-brasil-fica-sem-representante-na-maratona-aquatica-masculina-das-olimpiadas\/#primaryimage\",\"url\":\"https:\/\/maringapost.com.br\/orlandogonzalez\/wp-content\/uploads\/sites\/17\/2021\/06\/Brasilsem.jpg\",\"contentUrl\":\"https:\/\/maringapost.com.br\/orlandogonzalez\/wp-content\/uploads\/sites\/17\/2021\/06\/Brasilsem.jpg\",\"width\":1170,\"height\":700},{\"@type\":\"WebSite\",\"@id\":\"https:\/\/maringapost.com.br\/orlandogonzalez\/#website\",\"url\":\"https:\/\/maringapost.com.br\/orlandogonzalez\/\",\"name\":\"Orlando Gonzalez\",\"description\":\"Destaca o esporte de Maring\u00e1! Destaca o esporte do Paran\u00e1! Destaca o esporte do Brasil!\",\"potentialAction\":[{\"@type\":\"SearchAction\",\"target\":{\"@type\":\"EntryPoint\",\"urlTemplate\":\"https:\/\/maringapost.com.br\/orlandogonzalez\/?s={search_term_string}\"},\"query-input\":\"required name=search_term_string\"}],\"inLanguage\":\"pt-BR\"},{\"@type\":\"Person\",\"@id\":\"https:\/\/maringapost.com.br\/orlandogonzalez\/#\/schema\/person\/5cbe6257d08edea6afc9ebaa613b0633\",\"name\":\"Orlando Gonzalez\",\"image\":{\"@type\":\"ImageObject\",\"inLanguage\":\"pt-BR\",\"@id\":\"https:\/\/maringapost.com.br\/orlandogonzalez\/#\/schema\/person\/image\/\",\"url\":\"https:\/\/secure.gravatar.com\/avatar\/ecef9d1c9afe5ebdafadde8369065ba5?s=96&d=mm&r=g\",\"contentUrl\":\"https:\/\/secure.gravatar.com\/avatar\/ecef9d1c9afe5ebdafadde8369065ba5?s=96&d=mm&r=g\",\"caption\":\"Orlando Gonzalez\"},\"description\":\"H\u00e1 29 anos na cobertura do esporte de Maring\u00e1. Plant\u00e3o e narrador esportivo. Presta\u00e7\u00e3o de assessoria de imprensa esportiva, cobertura e transmiss\u00f5es ao vivo de eventos esportivos. E-mail: orlandogonzalez.assessoria@gmail.com WhatsApp: (44) 9 9126-6119\",\"sameAs\":[\"http:\/\/www.radiomaringa.com.br\/\",\"https:\/\/www.facebook.com\/profile.php?id=100011095815065\",\"https:\/\/www.instagram.com\/orlandomgonzalez\/\",\"https:\/\/br.pinterest.com\/ogonzalez0530\/\",\"https:\/\/x.com\/gonzalezorlando\",\"https:\/\/www.youtube.com\/channel\/UCvFpl55btth8wjnKiSS1ibA\",\"https:\/\/radiomaringaweb.tumblr.com\/\"],\"url\":\"https:\/\/maringapost.com.br\/orlandogonzalez\/author\/orlando\/\"}]}<\/script>\n<!-- \/ Yoast SEO Premium plugin. -->","yoast_head_json":{"title":"R\u00c1DIO MARING\u00c1 - Brasil fica sem representante na maratona aqu\u00e1tica masculina das Olimp\u00edadas - Orlando Gonzalez","robots":{"index":"index","follow":"follow","max-snippet":"max-snippet:-1","max-image-preview":"max-image-preview:large","max-video-preview":"max-video-preview:-1"},"canonical":"https:\/\/maringapost.com.br\/orlandogonzalez\/2021\/06\/20\/radio-maringa-brasil-fica-sem-representante-na-maratona-aquatica-masculina-das-olimpiadas\/","og_locale":"pt_BR","og_type":"article","og_title":"R\u00c1DIO MARING\u00c1 - Brasil fica sem representante na maratona aqu\u00e1tica masculina das Olimp\u00edadas","og_description":"O Brasil n\u00e3o ter\u00e1 representante na maratona aqu\u00e1tica masculina na Olimp\u00edada de T\u00f3quio. Neste domingo (20), Allan do Carmo e Diogo Villarinho competiram no Pr\u00e9-Ol\u00edmpico\u00a0de Set\u00fabal (Portugal), mas ficaram longe das\u00a015 vagas em disputa para os Jogos. Para se classificarem, Allan ou Diogo precisavam ficar entre os nove primeiros colocados. Outra possibilidade seria um deles [&hellip;]","og_url":"https:\/\/maringapost.com.br\/orlandogonzalez\/2021\/06\/20\/radio-maringa-brasil-fica-sem-representante-na-maratona-aquatica-masculina-das-olimpiadas\/","og_site_name":"Orlando Gonzalez","article_author":"https:\/\/www.facebook.com\/profile.php?id=100011095815065","article_published_time":"2021-06-20T20:49:17+00:00","article_modified_time":"2021-06-20T20:50:05+00:00","og_image":[{"width":1170,"height":700,"url":"https:\/\/maringapost.com.br\/orlandogonzalez\/wp-content\/uploads\/sites\/17\/2021\/06\/Brasilsem.jpg","type":"image\/jpeg"}],"author":"Orlando Gonzalez","twitter_card":"summary_large_image","twitter_creator":"@gonzalezorlando","twitter_misc":{"Escrito por":false,"Est. tempo de leitura":"2 minutos"},"schema":{"@context":"https:\/\/schema.org","@graph":[{"@type":"WebPage","@id":"https:\/\/maringapost.com.br\/orlandogonzalez\/2021\/06\/20\/radio-maringa-brasil-fica-sem-representante-na-maratona-aquatica-masculina-das-olimpiadas\/","url":"https:\/\/maringapost.com.br\/orlandogonzalez\/2021\/06\/20\/radio-maringa-brasil-fica-sem-representante-na-maratona-aquatica-masculina-das-olimpiadas\/","name":"R\u00c1DIO MARING\u00c1 - Brasil fica sem representante na maratona aqu\u00e1tica masculina das Olimp\u00edadas - Orlando Gonzalez","isPartOf":{"@id":"https:\/\/maringapost.com.br\/orlandogonzalez\/#website"},"primaryImageOfPage":{"@id":"https:\/\/maringapost.com.br\/orlandogonzalez\/2021\/06\/20\/radio-maringa-brasil-fica-sem-representante-na-maratona-aquatica-masculina-das-olimpiadas\/#primaryimage"},"image":{"@id":"https:\/\/maringapost.com.br\/orlandogonzalez\/2021\/06\/20\/radio-maringa-brasil-fica-sem-representante-na-maratona-aquatica-masculina-das-olimpiadas\/#primaryimage"},"thumbnailUrl":"https:\/\/maringapost.com.br\/orlandogonzalez\/wp-content\/uploads\/sites\/17\/2021\/06\/Brasilsem.jpg","datePublished":"2021-06-20T20:49:17+00:00","dateModified":"2021-06-20T20:50:05+00:00","author":{"@id":"https:\/\/maringapost.com.br\/orlandogonzalez\/#\/schema\/person\/5cbe6257d08edea6afc9ebaa613b0633"},"inLanguage":"pt-BR","potentialAction":[{"@type":"ReadAction","target":["https:\/\/maringapost.com.br\/orlandogonzalez\/2021\/06\/20\/radio-maringa-brasil-fica-sem-representante-na-maratona-aquatica-masculina-das-olimpiadas\/"]}]},{"@type":"ImageObject","inLanguage":"pt-BR","@id":"https:\/\/maringapost.com.br\/orlandogonzalez\/2021\/06\/20\/radio-maringa-brasil-fica-sem-representante-na-maratona-aquatica-masculina-das-olimpiadas\/#primaryimage","url":"https:\/\/maringapost.com.br\/orlandogonzalez\/wp-content\/uploads\/sites\/17\/2021\/06\/Brasilsem.jpg","contentUrl":"https:\/\/maringapost.com.br\/orlandogonzalez\/wp-content\/uploads\/sites\/17\/2021\/06\/Brasilsem.jpg","width":1170,"height":700},{"@type":"WebSite","@id":"https:\/\/maringapost.com.br\/orlandogonzalez\/#website","url":"https:\/\/maringapost.com.br\/orlandogonzalez\/","name":"Orlando Gonzalez","description":"Destaca o esporte de Maring\u00e1! Destaca o esporte do Paran\u00e1! Destaca o esporte do Brasil!","potentialAction":[{"@type":"SearchAction","target":{"@type":"EntryPoint","urlTemplate":"https:\/\/maringapost.com.br\/orlandogonzalez\/?s={search_term_string}"},"query-input":"required name=search_term_string"}],"inLanguage":"pt-BR"},{"@type":"Person","@id":"https:\/\/maringapost.com.br\/orlandogonzalez\/#\/schema\/person\/5cbe6257d08edea6afc9ebaa613b0633","name":"Orlando Gonzalez","image":{"@type":"ImageObject","inLanguage":"pt-BR","@id":"https:\/\/maringapost.com.br\/orlandogonzalez\/#\/schema\/person\/image\/","url":"https:\/\/secure.gravatar.com\/avatar\/ecef9d1c9afe5ebdafadde8369065ba5?s=96&d=mm&r=g","contentUrl":"https:\/\/secure.gravatar.com\/avatar\/ecef9d1c9afe5ebdafadde8369065ba5?s=96&d=mm&r=g","caption":"Orlando Gonzalez"},"description":"H\u00e1 29 anos na cobertura do esporte de Maring\u00e1. Plant\u00e3o e narrador esportivo. Presta\u00e7\u00e3o de assessoria de imprensa esportiva, cobertura e transmiss\u00f5es ao vivo de eventos esportivos. E-mail: orlandogonzalez.assessoria@gmail.com WhatsApp: (44) 9 9126-6119","sameAs":["http:\/\/www.radiomaringa.com.br\/","https:\/\/www.facebook.com\/profile.php?id=100011095815065","https:\/\/www.instagram.com\/orlandomgonzalez\/","https:\/\/br.pinterest.com\/ogonzalez0530\/","https:\/\/x.com\/gonzalezorlando","https:\/\/www.youtube.com\/channel\/UCvFpl55btth8wjnKiSS1ibA","https:\/\/radiomaringaweb.tumblr.com\/"],"url":"https:\/\/maringapost.com.br\/orlandogonzalez\/author\/orlando\/"}]}},"_links":{"self":[{"href":"https:\/\/maringapost.com.br\/orlandogonzalez\/wp-json\/wp\/v2\/posts\/48958"}],"collection":[{"href":"https:\/\/maringapost.com.br\/orlandogonzalez\/wp-json\/wp\/v2\/posts"}],"about":[{"href":"https:\/\/maringapost.com.br\/orlandogonzalez\/wp-json\/wp\/v2\/types\/post"}],"author":[{"embeddable":true,"href":"https:\/\/maringapost.com.br\/orlandogonzalez\/wp-json\/wp\/v2\/users\/6307"}],"replies":[{"embeddable":true,"href":"https:\/\/maringapost.com.br\/orlandogonzalez\/wp-json\/wp\/v2\/comments?post=48958"}],"version-history":[{"count":1,"href":"https:\/\/maringapost.com.br\/orlandogonzalez\/wp-json\/wp\/v2\/posts\/48958\/revisions"}],"predecessor-version":[{"id":48960,"href":"https:\/\/maringapost.com.br\/orlandogonzalez\/wp-json\/wp\/v2\/posts\/48958\/revisions\/48960"}],"wp:featuredmedia":[{"embeddable":true,"href":"https:\/\/maringapost.com.br\/orlandogonzalez\/wp-json\/wp\/v2\/media\/48959"}],"wp:attachment":[{"href":"https:\/\/maringapost.com.br\/orlandogonzalez\/wp-json\/wp\/v2\/media?parent=48958"}],"wp:term":[{"taxonomy":"category","embeddable":true,"href":"https:\/\/maringapost.com.br\/orlandogonzalez\/wp-json\/wp\/v2\/categories?post=48958"},{"taxonomy":"post_tag","embeddable":true,"href":"https:\/\/maringapost.com.br\/orlandogonzalez\/wp-json\/wp\/v2\/tags?post=48958"}],"curies":[{"name":"wp","href":"https:\/\/api.w.org\/{rel}","templated":true}]}}