{"id":48656,"date":"2021-06-16T10:45:59","date_gmt":"2021-06-16T13:45:59","guid":{"rendered":"http:\/\/maringapost.com.br\/orlandogonzalez\/?p=48656"},"modified":"2021-06-16T10:45:59","modified_gmt":"2021-06-16T13:45:59","slug":"radio-maringa-flamengo-e-coritiba-duelam-hoje-por-vaga-a-proxima-fase-da-copa-do-brasil","status":"publish","type":"post","link":"https:\/\/maringapost.com.br\/orlandogonzalez\/2021\/06\/16\/radio-maringa-flamengo-e-coritiba-duelam-hoje-por-vaga-a-proxima-fase-da-copa-do-brasil\/","title":{"rendered":"R\u00c1DIO MARING\u00c1 &#8211; Flamengo e Coritiba duelam hoje por vaga \u00e0 pr\u00f3xima fase da Copa do Brasil"},"content":{"rendered":"<p><span style=\"font-size: 24px\"><span style=\"color: #495057;font-family: 'Source Serif Pro', serif;background-color: #f7f8f9\">Flamengo e Coritiba sem enfrentam nesta quarta-feira (16) pela \u00faltima vaga nas oitavas de final da Copa do Brasil. O\u00a0jogo de volta da Terceira Fase come\u00e7a \u00e0s 21h30 (hor\u00e1rio de Bras\u00edlia) no Maracan\u00e3, no Rio de Janeiro, e ter\u00e1 transmiss\u00e3o ao vivo da\u00a0<\/span><a style=\"color: #28a745;background-color: #f7f8f9;font-weight: bold;font-family: 'Source Serif Pro', serif;font-size: 16px\" href=\"https:\/\/radios.ebc.com.br\/nacionalrioam\"><span style=\"font-weight: bolder\">R\u00e1dio Nacional<\/span><\/a><span style=\"color: #495057;font-family: 'Source Serif Pro', serif;background-color: #f7f8f9\">. A cobertura esportiva tem in\u00edcio \u00e0s 21h, com narra\u00e7\u00e3o de Rodrigo Campos, coment\u00e1rios de\u00a0M\u00e1rio Silva, reportagem de Rafael Monteiro e plant\u00e3o de not\u00edcias com\u00a0Luiz Ferreira.\u00a0<\/span><img decoding=\"async\" style=\"border: 0px none;vertical-align: middle;height: 1px;color: #495057;font-family: 'Source Serif Pro', serif;font-size: 16px;background-color: #f7f8f9;width: 1px\" src=\"https:\/\/agenciabrasil.ebc.com.br\/ebc.png?id=1412688&amp;o=node\" \/><img decoding=\"async\" style=\"border: 0px none;vertical-align: middle;height: 1px;color: #495057;font-family: 'Source Serif Pro', serif;font-size: 16px;background-color: #f7f8f9;width: 1px\" src=\"https:\/\/agenciabrasil.ebc.com.br\/ebc.gif?id=1412688&amp;o=node\" \/><\/span><\/p>\n<p style=\"margin: 0px 0px 1.3rem;color: #495057;font-family: 'Source Serif Pro', serif;font-size: 16px;background-color: #f7f8f9\"><span style=\"font-size: 24px\">O Rubro-Negro depende apenas de um empate para avan\u00e7ar, j\u00e1 que venceu a primeira partida, por 1 a 0, em\u00a0Curitiba.\u00a0J\u00e1 os paranaenses s\u00f3 se classificam esta noite se ganharem por dois gols de vantagem. Caso triunfem por um gol de diferen\u00e7a, a vaga nas oitavas ser\u00e1 definida nas penalidades.\u00a0<\/span><\/p>\n<p style=\"margin: 0px 0px 1.3rem;color: #495057;font-family: 'Source Serif Pro', serif;font-size: 16px;background-color: #f7f8f9\"><span style=\"font-size: 24px\">Al\u00e9m da vit\u00f3ria no primeiro jogo, o Flamengo vive melhor fase em rela\u00e7\u00e3o ao advers\u00e1rio. O clube carioca soma 15 jogos de invencibilidade na temporada de 2021: s\u00e3o\u00a0dez vit\u00f3rias e cinco empates. A \u00faltima vez que os rubro-negros foram derrotados foi em 15 de abril. Na ocasi\u00e3o, o Vasco levou a melhor sobre\u00a0o rival por 3 a 1 no Maracan\u00e3, em partida v\u00e1lida pelo Campeonato Carioca.\u00a0<\/span><\/p>\n<p style=\"margin: 0px 0px 1.3rem;color: #495057;font-family: 'Source Serif Pro', serif;font-size: 16px;background-color: #f7f8f9\"><span style=\"font-size: 24px\">Al\u00e9m disso, o Flamengo vem acumulando ta\u00e7as no ano, tendo em vista que no primeiro semestre j\u00e1 gritou campe\u00e3o na Supercopa do Brasil e no Estadual.\u00a0Na S\u00e9rie A do Campeonato Brasileiro, o Rubro-Negro venceu nas\u00a0duas rodadas que entrou em campo, contra o Palmeiras e Am\u00e9rica Mineiro.<\/span><\/p>\n<p style=\"margin: 0px 0px 1.3rem;color: #495057;font-family: 'Source Serif Pro', serif;font-size: 16px;background-color: #f7f8f9\"><span style=\"font-size: 24px\">Do outro lado, o Coxa come\u00e7ou a S\u00e9rie B do Brasileir\u00e3o de forma irregular, com uma vit\u00f3ria (Ava\u00ed), um empate (Londrina) e uma derrota (Botafogo). J\u00e1 no Campeonato Paranaense o time do Alto da Gl\u00f3ria decepcionou, pois sequer passou para as quartas de final.\u00a0<\/span><\/p>\n<p style=\"margin: 0px 0px 1.3rem;color: #495057;font-family: 'Source Serif Pro', serif;font-size: 16px;background-color: #f7f8f9\"><span style=\"font-size: 24px\">Na Copa do Brasil, a equipe alviverde chegou\u00a0\u00e0 terceira fase ap\u00f3s eliminar o Juventude Samas-MA (2 a 0) e o Oper\u00e1rio-PR (3 a 2).<\/span><\/p>\n<p style=\"margin: 0px 0px 1.3rem;color: #495057;font-family: 'Source Serif Pro', serif;font-size: 16px;background-color: #f7f8f9\"><span style=\"font-size: 24px\">(<a href=\"https:\/\/agenciabrasil.ebc.com.br\/esportes\/noticia\/2021-06\/flamengo-e-coritiba-decidem-ultima-vaga-nas-oitavas-da-copa-do-brasil\" target=\"_blank\" rel=\"noopener noreferrer\">Ag\u00eancia Brasil<\/a>)<\/span><\/p>\n","protected":false},"excerpt":{"rendered":"<p>Flamengo e Coritiba sem enfrentam nesta quarta-feira (16) pela \u00faltima vaga nas oitavas de final da Copa do Brasil. O\u00a0jogo de volta da Terceira Fase come\u00e7a \u00e0s 21h30 (hor\u00e1rio de Bras\u00edlia) no Maracan\u00e3, no Rio de Janeiro, e ter\u00e1 transmiss\u00e3o ao vivo da\u00a0R\u00e1dio Nacional. A cobertura esportiva tem in\u00edcio \u00e0s 21h, com narra\u00e7\u00e3o de Rodrigo [&hellip;]<\/p>\n","protected":false},"author":6307,"featured_media":48657,"comment_status":"closed","ping_status":"open","sticky":false,"template":"","format":"standard","meta":{"_exactmetrics_skip_tracking":false,"_exactmetrics_sitenote_active":false,"_exactmetrics_sitenote_note":"","_exactmetrics_sitenote_category":0,"footnotes":""},"categories":[1505],"tags":[93,13828,47],"yoast_head":"<!-- This site is optimized with the Yoast SEO Premium plugin v22.7 (Yoast SEO v22.7) - https:\/\/yoast.com\/wordpress\/plugins\/seo\/ -->\n<title>R\u00c1DIO MARING\u00c1 - Flamengo e Coritiba duelam hoje por vaga \u00e0 pr\u00f3xima fase da Copa do Brasil - Orlando Gonzalez<\/title>\n<meta name=\"robots\" content=\"index, follow, max-snippet:-1, max-image-preview:large, max-video-preview:-1\" \/>\n<link rel=\"canonical\" href=\"https:\/\/maringapost.com.br\/orlandogonzalez\/2021\/06\/16\/radio-maringa-flamengo-e-coritiba-duelam-hoje-por-vaga-a-proxima-fase-da-copa-do-brasil\/\" \/>\n<meta property=\"og:locale\" content=\"pt_BR\" \/>\n<meta property=\"og:type\" content=\"article\" \/>\n<meta property=\"og:title\" content=\"R\u00c1DIO MARING\u00c1 - Flamengo e Coritiba duelam hoje por vaga \u00e0 pr\u00f3xima fase da Copa do Brasil\" \/>\n<meta property=\"og:description\" content=\"Flamengo e Coritiba sem enfrentam nesta quarta-feira (16) pela \u00faltima vaga nas oitavas de final da Copa do Brasil. O\u00a0jogo de volta da Terceira Fase come\u00e7a \u00e0s 21h30 (hor\u00e1rio de Bras\u00edlia) no Maracan\u00e3, no Rio de Janeiro, e ter\u00e1 transmiss\u00e3o ao vivo da\u00a0R\u00e1dio Nacional. A cobertura esportiva tem in\u00edcio \u00e0s 21h, com narra\u00e7\u00e3o de Rodrigo [&hellip;]\" \/>\n<meta property=\"og:url\" content=\"https:\/\/maringapost.com.br\/orlandogonzalez\/2021\/06\/16\/radio-maringa-flamengo-e-coritiba-duelam-hoje-por-vaga-a-proxima-fase-da-copa-do-brasil\/\" \/>\n<meta property=\"og:site_name\" content=\"Orlando Gonzalez\" \/>\n<meta property=\"article:author\" content=\"https:\/\/www.facebook.com\/profile.php?id=100011095815065\" \/>\n<meta property=\"article:published_time\" content=\"2021-06-16T13:45:59+00:00\" \/>\n<meta property=\"og:image\" content=\"https:\/\/maringapost.com.br\/orlandogonzalez\/wp-content\/uploads\/sites\/17\/2021\/06\/maraca_flamengo.jpg\" \/>\n\t<meta property=\"og:image:width\" content=\"1170\" \/>\n\t<meta property=\"og:image:height\" content=\"700\" \/>\n\t<meta property=\"og:image:type\" content=\"image\/jpeg\" \/>\n<meta name=\"author\" content=\"Orlando Gonzalez\" \/>\n<meta name=\"twitter:card\" content=\"summary_large_image\" \/>\n<meta name=\"twitter:creator\" content=\"@gonzalezorlando\" \/>\n<meta name=\"twitter:label1\" content=\"Escrito por\" \/>\n\t<meta name=\"twitter:data1\" content=\"\" \/>\n\t<meta name=\"twitter:label2\" content=\"Est. tempo de leitura\" \/>\n\t<meta name=\"twitter:data2\" content=\"2 minutos\" \/>\n<script type=\"application\/ld+json\" class=\"yoast-schema-graph\">{\"@context\":\"https:\/\/schema.org\",\"@graph\":[{\"@type\":\"WebPage\",\"@id\":\"https:\/\/maringapost.com.br\/orlandogonzalez\/2021\/06\/16\/radio-maringa-flamengo-e-coritiba-duelam-hoje-por-vaga-a-proxima-fase-da-copa-do-brasil\/\",\"url\":\"https:\/\/maringapost.com.br\/orlandogonzalez\/2021\/06\/16\/radio-maringa-flamengo-e-coritiba-duelam-hoje-por-vaga-a-proxima-fase-da-copa-do-brasil\/\",\"name\":\"R\u00c1DIO MARING\u00c1 - Flamengo e Coritiba duelam hoje por vaga \u00e0 pr\u00f3xima fase da Copa do Brasil - Orlando Gonzalez\",\"isPartOf\":{\"@id\":\"https:\/\/maringapost.com.br\/orlandogonzalez\/#website\"},\"primaryImageOfPage\":{\"@id\":\"https:\/\/maringapost.com.br\/orlandogonzalez\/2021\/06\/16\/radio-maringa-flamengo-e-coritiba-duelam-hoje-por-vaga-a-proxima-fase-da-copa-do-brasil\/#primaryimage\"},\"image\":{\"@id\":\"https:\/\/maringapost.com.br\/orlandogonzalez\/2021\/06\/16\/radio-maringa-flamengo-e-coritiba-duelam-hoje-por-vaga-a-proxima-fase-da-copa-do-brasil\/#primaryimage\"},\"thumbnailUrl\":\"https:\/\/maringapost.com.br\/orlandogonzalez\/wp-content\/uploads\/sites\/17\/2021\/06\/maraca_flamengo.jpg\",\"datePublished\":\"2021-06-16T13:45:59+00:00\",\"dateModified\":\"2021-06-16T13:45:59+00:00\",\"author\":{\"@id\":\"https:\/\/maringapost.com.br\/orlandogonzalez\/#\/schema\/person\/5cbe6257d08edea6afc9ebaa613b0633\"},\"inLanguage\":\"pt-BR\",\"potentialAction\":[{\"@type\":\"ReadAction\",\"target\":[\"https:\/\/maringapost.com.br\/orlandogonzalez\/2021\/06\/16\/radio-maringa-flamengo-e-coritiba-duelam-hoje-por-vaga-a-proxima-fase-da-copa-do-brasil\/\"]}]},{\"@type\":\"ImageObject\",\"inLanguage\":\"pt-BR\",\"@id\":\"https:\/\/maringapost.com.br\/orlandogonzalez\/2021\/06\/16\/radio-maringa-flamengo-e-coritiba-duelam-hoje-por-vaga-a-proxima-fase-da-copa-do-brasil\/#primaryimage\",\"url\":\"https:\/\/maringapost.com.br\/orlandogonzalez\/wp-content\/uploads\/sites\/17\/2021\/06\/maraca_flamengo.jpg\",\"contentUrl\":\"https:\/\/maringapost.com.br\/orlandogonzalez\/wp-content\/uploads\/sites\/17\/2021\/06\/maraca_flamengo.jpg\",\"width\":1170,\"height\":700},{\"@type\":\"WebSite\",\"@id\":\"https:\/\/maringapost.com.br\/orlandogonzalez\/#website\",\"url\":\"https:\/\/maringapost.com.br\/orlandogonzalez\/\",\"name\":\"Orlando Gonzalez\",\"description\":\"Destaca o esporte de Maring\u00e1! Destaca o esporte do Paran\u00e1! Destaca o esporte do Brasil!\",\"potentialAction\":[{\"@type\":\"SearchAction\",\"target\":{\"@type\":\"EntryPoint\",\"urlTemplate\":\"https:\/\/maringapost.com.br\/orlandogonzalez\/?s={search_term_string}\"},\"query-input\":\"required name=search_term_string\"}],\"inLanguage\":\"pt-BR\"},{\"@type\":\"Person\",\"@id\":\"https:\/\/maringapost.com.br\/orlandogonzalez\/#\/schema\/person\/5cbe6257d08edea6afc9ebaa613b0633\",\"name\":\"Orlando Gonzalez\",\"image\":{\"@type\":\"ImageObject\",\"inLanguage\":\"pt-BR\",\"@id\":\"https:\/\/maringapost.com.br\/orlandogonzalez\/#\/schema\/person\/image\/\",\"url\":\"https:\/\/secure.gravatar.com\/avatar\/ecef9d1c9afe5ebdafadde8369065ba5?s=96&d=mm&r=g\",\"contentUrl\":\"https:\/\/secure.gravatar.com\/avatar\/ecef9d1c9afe5ebdafadde8369065ba5?s=96&d=mm&r=g\",\"caption\":\"Orlando Gonzalez\"},\"description\":\"H\u00e1 29 anos na cobertura do esporte de Maring\u00e1. Plant\u00e3o e narrador esportivo. Presta\u00e7\u00e3o de assessoria de imprensa esportiva, cobertura e transmiss\u00f5es ao vivo de eventos esportivos. E-mail: orlandogonzalez.assessoria@gmail.com WhatsApp: (44) 9 9126-6119\",\"sameAs\":[\"http:\/\/www.radiomaringa.com.br\/\",\"https:\/\/www.facebook.com\/profile.php?id=100011095815065\",\"https:\/\/www.instagram.com\/orlandomgonzalez\/\",\"https:\/\/br.pinterest.com\/ogonzalez0530\/\",\"https:\/\/x.com\/gonzalezorlando\",\"https:\/\/www.youtube.com\/channel\/UCvFpl55btth8wjnKiSS1ibA\",\"https:\/\/radiomaringaweb.tumblr.com\/\"],\"url\":\"https:\/\/maringapost.com.br\/orlandogonzalez\/author\/orlando\/\"}]}<\/script>\n<!-- \/ Yoast SEO Premium plugin. -->","yoast_head_json":{"title":"R\u00c1DIO MARING\u00c1 - Flamengo e Coritiba duelam hoje por vaga \u00e0 pr\u00f3xima fase da Copa do Brasil - Orlando Gonzalez","robots":{"index":"index","follow":"follow","max-snippet":"max-snippet:-1","max-image-preview":"max-image-preview:large","max-video-preview":"max-video-preview:-1"},"canonical":"https:\/\/maringapost.com.br\/orlandogonzalez\/2021\/06\/16\/radio-maringa-flamengo-e-coritiba-duelam-hoje-por-vaga-a-proxima-fase-da-copa-do-brasil\/","og_locale":"pt_BR","og_type":"article","og_title":"R\u00c1DIO MARING\u00c1 - Flamengo e Coritiba duelam hoje por vaga \u00e0 pr\u00f3xima fase da Copa do Brasil","og_description":"Flamengo e Coritiba sem enfrentam nesta quarta-feira (16) pela \u00faltima vaga nas oitavas de final da Copa do Brasil. O\u00a0jogo de volta da Terceira Fase come\u00e7a \u00e0s 21h30 (hor\u00e1rio de Bras\u00edlia) no Maracan\u00e3, no Rio de Janeiro, e ter\u00e1 transmiss\u00e3o ao vivo da\u00a0R\u00e1dio Nacional. A cobertura esportiva tem in\u00edcio \u00e0s 21h, com narra\u00e7\u00e3o de Rodrigo [&hellip;]","og_url":"https:\/\/maringapost.com.br\/orlandogonzalez\/2021\/06\/16\/radio-maringa-flamengo-e-coritiba-duelam-hoje-por-vaga-a-proxima-fase-da-copa-do-brasil\/","og_site_name":"Orlando Gonzalez","article_author":"https:\/\/www.facebook.com\/profile.php?id=100011095815065","article_published_time":"2021-06-16T13:45:59+00:00","og_image":[{"width":1170,"height":700,"url":"https:\/\/maringapost.com.br\/orlandogonzalez\/wp-content\/uploads\/sites\/17\/2021\/06\/maraca_flamengo.jpg","type":"image\/jpeg"}],"author":"Orlando Gonzalez","twitter_card":"summary_large_image","twitter_creator":"@gonzalezorlando","twitter_misc":{"Escrito por":false,"Est. tempo de leitura":"2 minutos"},"schema":{"@context":"https:\/\/schema.org","@graph":[{"@type":"WebPage","@id":"https:\/\/maringapost.com.br\/orlandogonzalez\/2021\/06\/16\/radio-maringa-flamengo-e-coritiba-duelam-hoje-por-vaga-a-proxima-fase-da-copa-do-brasil\/","url":"https:\/\/maringapost.com.br\/orlandogonzalez\/2021\/06\/16\/radio-maringa-flamengo-e-coritiba-duelam-hoje-por-vaga-a-proxima-fase-da-copa-do-brasil\/","name":"R\u00c1DIO MARING\u00c1 - Flamengo e Coritiba duelam hoje por vaga \u00e0 pr\u00f3xima fase da Copa do Brasil - Orlando Gonzalez","isPartOf":{"@id":"https:\/\/maringapost.com.br\/orlandogonzalez\/#website"},"primaryImageOfPage":{"@id":"https:\/\/maringapost.com.br\/orlandogonzalez\/2021\/06\/16\/radio-maringa-flamengo-e-coritiba-duelam-hoje-por-vaga-a-proxima-fase-da-copa-do-brasil\/#primaryimage"},"image":{"@id":"https:\/\/maringapost.com.br\/orlandogonzalez\/2021\/06\/16\/radio-maringa-flamengo-e-coritiba-duelam-hoje-por-vaga-a-proxima-fase-da-copa-do-brasil\/#primaryimage"},"thumbnailUrl":"https:\/\/maringapost.com.br\/orlandogonzalez\/wp-content\/uploads\/sites\/17\/2021\/06\/maraca_flamengo.jpg","datePublished":"2021-06-16T13:45:59+00:00","dateModified":"2021-06-16T13:45:59+00:00","author":{"@id":"https:\/\/maringapost.com.br\/orlandogonzalez\/#\/schema\/person\/5cbe6257d08edea6afc9ebaa613b0633"},"inLanguage":"pt-BR","potentialAction":[{"@type":"ReadAction","target":["https:\/\/maringapost.com.br\/orlandogonzalez\/2021\/06\/16\/radio-maringa-flamengo-e-coritiba-duelam-hoje-por-vaga-a-proxima-fase-da-copa-do-brasil\/"]}]},{"@type":"ImageObject","inLanguage":"pt-BR","@id":"https:\/\/maringapost.com.br\/orlandogonzalez\/2021\/06\/16\/radio-maringa-flamengo-e-coritiba-duelam-hoje-por-vaga-a-proxima-fase-da-copa-do-brasil\/#primaryimage","url":"https:\/\/maringapost.com.br\/orlandogonzalez\/wp-content\/uploads\/sites\/17\/2021\/06\/maraca_flamengo.jpg","contentUrl":"https:\/\/maringapost.com.br\/orlandogonzalez\/wp-content\/uploads\/sites\/17\/2021\/06\/maraca_flamengo.jpg","width":1170,"height":700},{"@type":"WebSite","@id":"https:\/\/maringapost.com.br\/orlandogonzalez\/#website","url":"https:\/\/maringapost.com.br\/orlandogonzalez\/","name":"Orlando Gonzalez","description":"Destaca o esporte de Maring\u00e1! Destaca o esporte do Paran\u00e1! Destaca o esporte do Brasil!","potentialAction":[{"@type":"SearchAction","target":{"@type":"EntryPoint","urlTemplate":"https:\/\/maringapost.com.br\/orlandogonzalez\/?s={search_term_string}"},"query-input":"required name=search_term_string"}],"inLanguage":"pt-BR"},{"@type":"Person","@id":"https:\/\/maringapost.com.br\/orlandogonzalez\/#\/schema\/person\/5cbe6257d08edea6afc9ebaa613b0633","name":"Orlando Gonzalez","image":{"@type":"ImageObject","inLanguage":"pt-BR","@id":"https:\/\/maringapost.com.br\/orlandogonzalez\/#\/schema\/person\/image\/","url":"https:\/\/secure.gravatar.com\/avatar\/ecef9d1c9afe5ebdafadde8369065ba5?s=96&d=mm&r=g","contentUrl":"https:\/\/secure.gravatar.com\/avatar\/ecef9d1c9afe5ebdafadde8369065ba5?s=96&d=mm&r=g","caption":"Orlando Gonzalez"},"description":"H\u00e1 29 anos na cobertura do esporte de Maring\u00e1. Plant\u00e3o e narrador esportivo. Presta\u00e7\u00e3o de assessoria de imprensa esportiva, cobertura e transmiss\u00f5es ao vivo de eventos esportivos. E-mail: orlandogonzalez.assessoria@gmail.com WhatsApp: (44) 9 9126-6119","sameAs":["http:\/\/www.radiomaringa.com.br\/","https:\/\/www.facebook.com\/profile.php?id=100011095815065","https:\/\/www.instagram.com\/orlandomgonzalez\/","https:\/\/br.pinterest.com\/ogonzalez0530\/","https:\/\/x.com\/gonzalezorlando","https:\/\/www.youtube.com\/channel\/UCvFpl55btth8wjnKiSS1ibA","https:\/\/radiomaringaweb.tumblr.com\/"],"url":"https:\/\/maringapost.com.br\/orlandogonzalez\/author\/orlando\/"}]}},"_links":{"self":[{"href":"https:\/\/maringapost.com.br\/orlandogonzalez\/wp-json\/wp\/v2\/posts\/48656"}],"collection":[{"href":"https:\/\/maringapost.com.br\/orlandogonzalez\/wp-json\/wp\/v2\/posts"}],"about":[{"href":"https:\/\/maringapost.com.br\/orlandogonzalez\/wp-json\/wp\/v2\/types\/post"}],"author":[{"embeddable":true,"href":"https:\/\/maringapost.com.br\/orlandogonzalez\/wp-json\/wp\/v2\/users\/6307"}],"replies":[{"embeddable":true,"href":"https:\/\/maringapost.com.br\/orlandogonzalez\/wp-json\/wp\/v2\/comments?post=48656"}],"version-history":[{"count":1,"href":"https:\/\/maringapost.com.br\/orlandogonzalez\/wp-json\/wp\/v2\/posts\/48656\/revisions"}],"predecessor-version":[{"id":48658,"href":"https:\/\/maringapost.com.br\/orlandogonzalez\/wp-json\/wp\/v2\/posts\/48656\/revisions\/48658"}],"wp:featuredmedia":[{"embeddable":true,"href":"https:\/\/maringapost.com.br\/orlandogonzalez\/wp-json\/wp\/v2\/media\/48657"}],"wp:attachment":[{"href":"https:\/\/maringapost.com.br\/orlandogonzalez\/wp-json\/wp\/v2\/media?parent=48656"}],"wp:term":[{"taxonomy":"category","embeddable":true,"href":"https:\/\/maringapost.com.br\/orlandogonzalez\/wp-json\/wp\/v2\/categories?post=48656"},{"taxonomy":"post_tag","embeddable":true,"href":"https:\/\/maringapost.com.br\/orlandogonzalez\/wp-json\/wp\/v2\/tags?post=48656"}],"curies":[{"name":"wp","href":"https:\/\/api.w.org\/{rel}","templated":true}]}}