{"id":48342,"date":"2021-06-12T09:01:15","date_gmt":"2021-06-12T12:01:15","guid":{"rendered":"http:\/\/maringapost.com.br\/orlandogonzalez\/?p=48342"},"modified":"2021-06-12T09:01:26","modified_gmt":"2021-06-12T12:01:26","slug":"radio-maringa-futebol-nordestino-celebra-boa-participacao-na-copa-do-brasil","status":"publish","type":"post","link":"https:\/\/maringapost.com.br\/orlandogonzalez\/2021\/06\/12\/radio-maringa-futebol-nordestino-celebra-boa-participacao-na-copa-do-brasil\/","title":{"rendered":"R\u00c1DIO MARING\u00c1 &#8211; Futebol nordestino celebra boa participa\u00e7\u00e3o na Copa do Brasil"},"content":{"rendered":"<p><span style=\"font-size: 24px\"><span style=\"color: #343434;font-family: Poppins, sans-serif\">A cada dia que passa, o futebol nordestino mostra sua for\u00e7a. As oitavas de final da<\/span><span style=\"color: #343434;font-family: Poppins, sans-serif\">\u00a0<\/span><span style=\"color: #343434;font-family: Poppins, sans-serif\">Copa Intelbras do Brasil<\/span><span style=\"color: #343434;font-family: Poppins, sans-serif\">\u00a0<\/span><span style=\"color: #343434;font-family: Poppins, sans-serif\">contar\u00e3o com a presen\u00e7a de seis clubes da regi\u00e3o, um recorde absoluto na competi\u00e7\u00e3o, que j\u00e1 tem mais de 30 anos de hist\u00f3ria. No \u00faltimo meio de semana,<\/span><span style=\"color: #343434;font-family: Poppins, sans-serif\">\u00a0<\/span><span style=\"color: #343434;font-family: Poppins, sans-serif\">ABC, Bahia, CRB, Fortaleza, Juazeirense e Vit\u00f3ria<\/span><span style=\"color: #343434;font-family: Poppins, sans-serif\">\u00a0<\/span><span style=\"color: #343434;font-family: Poppins, sans-serif\">garantiram vaga na pr\u00f3xima fase da competi\u00e7\u00e3o<a href=\"https:\/\/www.orlandogonzalez.com.br\/\" target=\"_blank\" rel=\"noopener\">.<\/a><\/span><\/span><\/p>\n<p style=\"margin: 0px 0px 20px;line-height: 30px;font-size: 16px;color: #343434;font-family: Poppins, sans-serif\"><span style=\"font-size: 24px\">A \u00faltima vez em que teve presen\u00e7a parecida de times nordestinos foi em 2009, quando cinco times do Nordeste estiveram nas oitavas de final. A edi\u00e7\u00e3o n\u00e3o contou com um finalista nordestino, mas confirmou o bom momento atravessado pelo futebol da regi\u00e3o: um ano antes, em 2008, o Sport Recife havia conquistado o t\u00edtulo; e um ano depois, em 2010, o Vit\u00f3ria foi vice-campe\u00e3o<a href=\"https:\/\/radiomaringa.com.br\/\" target=\"_blank\" rel=\"noopener\">.<\/a><\/span><\/p>\n<p style=\"margin: 0px 0px 20px;line-height: 30px;font-size: 16px;color: #343434;font-family: Poppins, sans-serif\"><span style=\"font-size: 24px\">Para o vice-presidente da\u00a0Liga do Nordeste, Constantino J\u00fanior, o grande desempenho dos clubes nordestinos na Copa do Brasil vem para refor\u00e7ar o trabalho de reestrutura\u00e7\u00e3o dos clubes, em especial com o desenvolvimento da Copa do Nordeste, competi\u00e7\u00e3o retomada em 2013 pela Liga e pela CBF.<\/span><\/p>\n<p style=\"margin: 0px 0px 20px;line-height: 30px;font-size: 16px;color: #343434;font-family: Poppins, sans-serif\"><span style=\"font-size: 24px\">\u201cIsso mostra &#8211; e \u00e9 muito significativo &#8211; que a regi\u00e3o vem se consolidando e buscando o seu espa\u00e7o no cen\u00e1rio nacional. O nordestino \u00e9 um apaixonado por futebol. Os clubes t\u00eam tradi\u00e7\u00e3o e camisa. Claro que, num momento dif\u00edcil como este sem torcida nos est\u00e1dios, representa muito para a nossa regi\u00e3o ter uma evolu\u00e7\u00e3o constante e esperamos que isso seja permanente, que consigamos ter cada vez mais representantes disputando as competi\u00e7\u00f5es nacionais\u201d, declarou\u00a0Constantino J\u00fanior. em entrevista ao site da CBF.<\/span><\/p>\n<p style=\"margin: 0px 0px 20px;line-height: 30px;font-size: 16px;color: #343434;font-family: Poppins, sans-serif\"><span style=\"font-size: 24px\">Uma das grandes surpresas do meio de semana na Copa do Brasil foi o\u00a0CRB. Depois de perder em casa, no jogo de ida, o Galo de Campina foi at\u00e9 S\u00e3o Paulo e derrubou o Palmeiras, atual campe\u00e3o da Conmebol Libertadores e da pr\u00f3pria Copa do Brasil. Os alagoanos devolveram a vit\u00f3ria por 1 a 0 e, nos p\u00eanaltis, eliminaram o Alviverde. Para o Presidente do CRB,\u00a0M\u00e1rio Marroquim, a classifica\u00e7\u00e3o diante de um time t\u00e3o forte como o Palmeiras tem ganhos em todos os \u00e2mbitos para o clube.<\/span><\/p>\n<p style=\"margin: 0px 0px 20px;line-height: 30px;font-size: 16px;color: #343434;font-family: Poppins, sans-serif\"><span style=\"font-size: 24px\">&#8220;O Nordeste est\u00e1 crescendo. Para o CRB, foi fundamental passar na Copa do Brasil, n\u00e3o s\u00f3 por quest\u00e3o de visibilidade, mas tamb\u00e9m pela afirma\u00e7\u00e3o e pela quest\u00e3o financeira, \u00e9 uma proje\u00e7\u00e3o nacional.\u00a0Passando de mais uma fase, podemos criar um caixa e fazer um sprint para conseguirmos subir da S\u00e9rie B para a A. A transforma\u00e7\u00e3o financeira nessas fases nos permite sonhar mais alto. A Copa do Brasil tem esse poder de transformar&#8221;, destacou o dirigente alvirrubro.<\/span><\/p>\n<p style=\"margin: 0px 0px 20px;line-height: 30px;font-size: 16px;color: #343434;font-family: Poppins, sans-serif\"><span style=\"font-size: 24px\">Um dos principais embates da terceira fase da Copa do Brasil foi justamente um duelo nordestino. Em dois grandes jogos na Arena Castel\u00e3o, Cear\u00e1 e\u00a0Fortaleza\u00a0fizeram um dos maiores Cl\u00e1ssicos-Rei da hist\u00f3ria dos dois clubes. Melhor para o Le\u00e3o, que venceu os dois jogos e garantiu sua participa\u00e7\u00e3o na pr\u00f3xima fase da competi\u00e7\u00e3o. O resultado \u00e9 tamb\u00e9m uma consolida\u00e7\u00e3o do projeto do pr\u00f3prio Fortaleza, que chega a esta fase pela terceira temporada consecutiva e que, ap\u00f3s duas rodadas, ocupa o primeiro lugar no Brasileir\u00e3o Assa\u00ed, com duas vit\u00f3rias em dois jogos.<\/span><\/p>\n<p style=\"margin: 0px 0px 20px;line-height: 30px;font-size: 16px;color: #343434;font-family: Poppins, sans-serif\"><span style=\"font-size: 24px\">Ao site da CBF, o presidente do clube,\u00a0Marcelo Paz, ressaltou que a for\u00e7a do futebol nordestino tem se comprovado a todo o momento, seja com o desempenho dos clubes no Brasileir\u00e3o, seja com o desenvolvimento da Copa do Nordeste e, obviamente, com a participa\u00e7\u00e3o dos times na Copa do Brasil.<\/span><\/p>\n<p style=\"margin: 0px 0px 20px;line-height: 30px;font-size: 16px;color: #343434;font-family: Poppins, sans-serif\"><span style=\"font-size: 24px\">\u201cEu acho que representa a consolida\u00e7\u00e3o do futebol nordestino no cen\u00e1rio nacional. Nos \u00faltimos anos, n\u00f3s sempre temos quatro times nordestinos na S\u00e9rie A. Isso mostra a for\u00e7a do nosso futebol. A Copa do Nordeste \u00e9 um sucesso de p\u00fablico e melhora a renda dos clubes participantes. Este resultado expressivo na Copa do Brasil n\u00e3o \u00e9 um acaso, \u00e9 um resultado de trabalho bem feito na regi\u00e3o, que tem uma torcida apaixonada, p\u00fablico consumidor, e que as gest\u00f5es est\u00e3o conseguindo transformar isso em resultado esportivo\u201d, analisou o comandante do Le\u00e3o.<\/span><\/p>\n<p style=\"margin: 0px 0px 20px;line-height: 30px;font-size: 16px;color: #343434;font-family: Poppins, sans-serif\"><span style=\"font-size: 24px\">Se a presen\u00e7a de seis clubes do Nordeste j\u00e1 \u00e9 um recorde a se comemorar para a regi\u00e3o, o\u00a0futebol baiano\u00a0tamb\u00e9m tem motivos de sobra para celebrar este momento. Pela primeira vez, o estado ter\u00e1 tr\u00eas representantes nas oitavas de final da Copa do Brasil. Bahia, Juazeirense e Vit\u00f3ria garantiram suas vagas e representam o futebol baiano na pr\u00f3xima fase da competi\u00e7\u00e3o, que promete trazer muitas emo\u00e7\u00f5es para o torcedor do futebol nordestino.<\/span><\/p>\n<p style=\"margin: 0px 0px 20px;line-height: 30px;font-size: 16px;color: #343434;font-family: Poppins, sans-serif\"><span style=\"font-size: 24px\">Presidente da Federa\u00e7\u00e3o Baiana de Futebol,\u00a0Ricardo Lima\u00a0mostrou muito orgulho por poder ver tr\u00eas clubes filiados representando t\u00e3o bem o estado na competi\u00e7\u00e3o nacional.<\/span><\/p>\n<p style=\"margin: 0px 0px 20px;line-height: 30px;font-size: 16px;color: #343434;font-family: Poppins, sans-serif\"><span style=\"font-size: 24px\">&#8220;\u00c9 algo hist\u00f3rico, que nunca foi visto. Quero parabenizar todo o futebol nordestino, em especial os nossos tr\u00eas filiados, Bahia, Juazeirense e Vit\u00f3ria. Tenho plena certeza que eles podem escrever mais um cap\u00edtulo dessa bonita hist\u00f3ria nos pr\u00f3ximos jogos. O futebol nordestino pode e deve chegar ainda mais longe no cen\u00e1rio nacional. Isso passa por uma mudan\u00e7a de mentalidade e por um processo de gest\u00e3o democr\u00e1tico, e depois disso n\u00f3s iremos colher os frutos de todo o prcoesso. \u00c9 muito importante para todos n\u00f3s que estamos envolvidos no futebol. Desejamos sorte e sempre estaremos ao lado dos nossos filiados&#8221;, concluiu.<\/span><\/p>\n<p style=\"margin: 0px 0px 20px;line-height: 30px;font-size: 16px;color: #343434;font-family: Poppins, sans-serif\"><span style=\"font-size: 24px\">(Texto:\u00a0Kely Pereira\/AGIF)<\/span><\/p>\n<p style=\"margin: 0px 0px 20px;line-height: 30px;font-size: 16px;color: #343434;font-family: Poppins, sans-serif\"><span style=\"font-size: 24px\"><a href=\"https:\/\/www.cbf.com.br\/futebol-brasileiro\/noticias\/copa-brasil\/nordeste-copa-do-brasil\" target=\"_blank\" rel=\"noopener noreferrer\">MAIS&#8230;<\/a><\/span><\/p>\n","protected":false},"excerpt":{"rendered":"<p>A cada dia que passa, o futebol nordestino mostra sua for\u00e7a. As oitavas de final da\u00a0Copa Intelbras do Brasil\u00a0contar\u00e3o com a presen\u00e7a de seis clubes da regi\u00e3o, um recorde absoluto na competi\u00e7\u00e3o, que j\u00e1 tem mais de 30 anos de hist\u00f3ria. No \u00faltimo meio de semana,\u00a0ABC, Bahia, CRB, Fortaleza, Juazeirense e Vit\u00f3ria\u00a0garantiram vaga na pr\u00f3xima [&hellip;]<\/p>\n","protected":false},"author":6307,"featured_media":48343,"comment_status":"closed","ping_status":"open","sticky":false,"template":"","format":"standard","meta":{"_exactmetrics_skip_tracking":false,"_exactmetrics_sitenote_active":false,"_exactmetrics_sitenote_note":"","_exactmetrics_sitenote_category":0,"footnotes":""},"categories":[1505],"tags":[93,14709,47],"yoast_head":"<!-- This site is optimized with the Yoast SEO Premium plugin v22.7 (Yoast SEO v22.7) - https:\/\/yoast.com\/wordpress\/plugins\/seo\/ -->\n<title>R\u00c1DIO MARING\u00c1 - Futebol nordestino celebra boa participa\u00e7\u00e3o na Copa do Brasil - Orlando Gonzalez<\/title>\n<meta name=\"robots\" content=\"index, follow, max-snippet:-1, max-image-preview:large, max-video-preview:-1\" \/>\n<link rel=\"canonical\" href=\"https:\/\/maringapost.com.br\/orlandogonzalez\/2021\/06\/12\/radio-maringa-futebol-nordestino-celebra-boa-participacao-na-copa-do-brasil\/\" \/>\n<meta property=\"og:locale\" content=\"pt_BR\" \/>\n<meta property=\"og:type\" content=\"article\" \/>\n<meta property=\"og:title\" content=\"R\u00c1DIO MARING\u00c1 - Futebol nordestino celebra boa participa\u00e7\u00e3o na Copa do Brasil\" \/>\n<meta property=\"og:description\" content=\"A cada dia que passa, o futebol nordestino mostra sua for\u00e7a. As oitavas de final da\u00a0Copa Intelbras do Brasil\u00a0contar\u00e3o com a presen\u00e7a de seis clubes da regi\u00e3o, um recorde absoluto na competi\u00e7\u00e3o, que j\u00e1 tem mais de 30 anos de hist\u00f3ria. No \u00faltimo meio de semana,\u00a0ABC, Bahia, CRB, Fortaleza, Juazeirense e Vit\u00f3ria\u00a0garantiram vaga na pr\u00f3xima [&hellip;]\" \/>\n<meta property=\"og:url\" content=\"https:\/\/maringapost.com.br\/orlandogonzalez\/2021\/06\/12\/radio-maringa-futebol-nordestino-celebra-boa-participacao-na-copa-do-brasil\/\" \/>\n<meta property=\"og:site_name\" content=\"Orlando Gonzalez\" \/>\n<meta property=\"article:author\" content=\"https:\/\/www.facebook.com\/profile.php?id=100011095815065\" \/>\n<meta property=\"article:published_time\" content=\"2021-06-12T12:01:15+00:00\" \/>\n<meta property=\"article:modified_time\" content=\"2021-06-12T12:01:26+00:00\" \/>\n<meta property=\"og:image\" content=\"https:\/\/maringapost.com.br\/orlandogonzalez\/wp-content\/uploads\/sites\/17\/2021\/06\/nordestinos23.jpeg\" \/>\n\t<meta property=\"og:image:width\" content=\"910\" \/>\n\t<meta property=\"og:image:height\" content=\"607\" \/>\n\t<meta property=\"og:image:type\" content=\"image\/jpeg\" \/>\n<meta name=\"author\" content=\"Orlando Gonzalez\" \/>\n<meta name=\"twitter:card\" content=\"summary_large_image\" \/>\n<meta name=\"twitter:creator\" content=\"@gonzalezorlando\" \/>\n<meta name=\"twitter:label1\" content=\"Escrito por\" \/>\n\t<meta name=\"twitter:data1\" content=\"\" \/>\n\t<meta name=\"twitter:label2\" content=\"Est. tempo de leitura\" \/>\n\t<meta name=\"twitter:data2\" content=\"4 minutos\" \/>\n<script type=\"application\/ld+json\" class=\"yoast-schema-graph\">{\"@context\":\"https:\/\/schema.org\",\"@graph\":[{\"@type\":\"WebPage\",\"@id\":\"https:\/\/maringapost.com.br\/orlandogonzalez\/2021\/06\/12\/radio-maringa-futebol-nordestino-celebra-boa-participacao-na-copa-do-brasil\/\",\"url\":\"https:\/\/maringapost.com.br\/orlandogonzalez\/2021\/06\/12\/radio-maringa-futebol-nordestino-celebra-boa-participacao-na-copa-do-brasil\/\",\"name\":\"R\u00c1DIO MARING\u00c1 - Futebol nordestino celebra boa participa\u00e7\u00e3o na Copa do Brasil - Orlando Gonzalez\",\"isPartOf\":{\"@id\":\"https:\/\/maringapost.com.br\/orlandogonzalez\/#website\"},\"primaryImageOfPage\":{\"@id\":\"https:\/\/maringapost.com.br\/orlandogonzalez\/2021\/06\/12\/radio-maringa-futebol-nordestino-celebra-boa-participacao-na-copa-do-brasil\/#primaryimage\"},\"image\":{\"@id\":\"https:\/\/maringapost.com.br\/orlandogonzalez\/2021\/06\/12\/radio-maringa-futebol-nordestino-celebra-boa-participacao-na-copa-do-brasil\/#primaryimage\"},\"thumbnailUrl\":\"https:\/\/maringapost.com.br\/orlandogonzalez\/wp-content\/uploads\/sites\/17\/2021\/06\/nordestinos23.jpeg\",\"datePublished\":\"2021-06-12T12:01:15+00:00\",\"dateModified\":\"2021-06-12T12:01:26+00:00\",\"author\":{\"@id\":\"https:\/\/maringapost.com.br\/orlandogonzalez\/#\/schema\/person\/5cbe6257d08edea6afc9ebaa613b0633\"},\"inLanguage\":\"pt-BR\",\"potentialAction\":[{\"@type\":\"ReadAction\",\"target\":[\"https:\/\/maringapost.com.br\/orlandogonzalez\/2021\/06\/12\/radio-maringa-futebol-nordestino-celebra-boa-participacao-na-copa-do-brasil\/\"]}]},{\"@type\":\"ImageObject\",\"inLanguage\":\"pt-BR\",\"@id\":\"https:\/\/maringapost.com.br\/orlandogonzalez\/2021\/06\/12\/radio-maringa-futebol-nordestino-celebra-boa-participacao-na-copa-do-brasil\/#primaryimage\",\"url\":\"https:\/\/maringapost.com.br\/orlandogonzalez\/wp-content\/uploads\/sites\/17\/2021\/06\/nordestinos23.jpeg\",\"contentUrl\":\"https:\/\/maringapost.com.br\/orlandogonzalez\/wp-content\/uploads\/sites\/17\/2021\/06\/nordestinos23.jpeg\",\"width\":910,\"height\":607},{\"@type\":\"WebSite\",\"@id\":\"https:\/\/maringapost.com.br\/orlandogonzalez\/#website\",\"url\":\"https:\/\/maringapost.com.br\/orlandogonzalez\/\",\"name\":\"Orlando Gonzalez\",\"description\":\"Destaca o esporte de Maring\u00e1! Destaca o esporte do Paran\u00e1! Destaca o esporte do Brasil!\",\"potentialAction\":[{\"@type\":\"SearchAction\",\"target\":{\"@type\":\"EntryPoint\",\"urlTemplate\":\"https:\/\/maringapost.com.br\/orlandogonzalez\/?s={search_term_string}\"},\"query-input\":\"required name=search_term_string\"}],\"inLanguage\":\"pt-BR\"},{\"@type\":\"Person\",\"@id\":\"https:\/\/maringapost.com.br\/orlandogonzalez\/#\/schema\/person\/5cbe6257d08edea6afc9ebaa613b0633\",\"name\":\"Orlando Gonzalez\",\"image\":{\"@type\":\"ImageObject\",\"inLanguage\":\"pt-BR\",\"@id\":\"https:\/\/maringapost.com.br\/orlandogonzalez\/#\/schema\/person\/image\/\",\"url\":\"https:\/\/secure.gravatar.com\/avatar\/ecef9d1c9afe5ebdafadde8369065ba5?s=96&d=mm&r=g\",\"contentUrl\":\"https:\/\/secure.gravatar.com\/avatar\/ecef9d1c9afe5ebdafadde8369065ba5?s=96&d=mm&r=g\",\"caption\":\"Orlando Gonzalez\"},\"description\":\"H\u00e1 29 anos na cobertura do esporte de Maring\u00e1. Plant\u00e3o e narrador esportivo. Presta\u00e7\u00e3o de assessoria de imprensa esportiva, cobertura e transmiss\u00f5es ao vivo de eventos esportivos. E-mail: orlandogonzalez.assessoria@gmail.com WhatsApp: (44) 9 9126-6119\",\"sameAs\":[\"http:\/\/www.radiomaringa.com.br\/\",\"https:\/\/www.facebook.com\/profile.php?id=100011095815065\",\"https:\/\/www.instagram.com\/orlandomgonzalez\/\",\"https:\/\/br.pinterest.com\/ogonzalez0530\/\",\"https:\/\/x.com\/gonzalezorlando\",\"https:\/\/www.youtube.com\/channel\/UCvFpl55btth8wjnKiSS1ibA\",\"https:\/\/radiomaringaweb.tumblr.com\/\"],\"url\":\"https:\/\/maringapost.com.br\/orlandogonzalez\/author\/orlando\/\"}]}<\/script>\n<!-- \/ Yoast SEO Premium plugin. -->","yoast_head_json":{"title":"R\u00c1DIO MARING\u00c1 - Futebol nordestino celebra boa participa\u00e7\u00e3o na Copa do Brasil - Orlando Gonzalez","robots":{"index":"index","follow":"follow","max-snippet":"max-snippet:-1","max-image-preview":"max-image-preview:large","max-video-preview":"max-video-preview:-1"},"canonical":"https:\/\/maringapost.com.br\/orlandogonzalez\/2021\/06\/12\/radio-maringa-futebol-nordestino-celebra-boa-participacao-na-copa-do-brasil\/","og_locale":"pt_BR","og_type":"article","og_title":"R\u00c1DIO MARING\u00c1 - Futebol nordestino celebra boa participa\u00e7\u00e3o na Copa do Brasil","og_description":"A cada dia que passa, o futebol nordestino mostra sua for\u00e7a. As oitavas de final da\u00a0Copa Intelbras do Brasil\u00a0contar\u00e3o com a presen\u00e7a de seis clubes da regi\u00e3o, um recorde absoluto na competi\u00e7\u00e3o, que j\u00e1 tem mais de 30 anos de hist\u00f3ria. No \u00faltimo meio de semana,\u00a0ABC, Bahia, CRB, Fortaleza, Juazeirense e Vit\u00f3ria\u00a0garantiram vaga na pr\u00f3xima [&hellip;]","og_url":"https:\/\/maringapost.com.br\/orlandogonzalez\/2021\/06\/12\/radio-maringa-futebol-nordestino-celebra-boa-participacao-na-copa-do-brasil\/","og_site_name":"Orlando Gonzalez","article_author":"https:\/\/www.facebook.com\/profile.php?id=100011095815065","article_published_time":"2021-06-12T12:01:15+00:00","article_modified_time":"2021-06-12T12:01:26+00:00","og_image":[{"width":910,"height":607,"url":"https:\/\/maringapost.com.br\/orlandogonzalez\/wp-content\/uploads\/sites\/17\/2021\/06\/nordestinos23.jpeg","type":"image\/jpeg"}],"author":"Orlando Gonzalez","twitter_card":"summary_large_image","twitter_creator":"@gonzalezorlando","twitter_misc":{"Escrito por":false,"Est. tempo de leitura":"4 minutos"},"schema":{"@context":"https:\/\/schema.org","@graph":[{"@type":"WebPage","@id":"https:\/\/maringapost.com.br\/orlandogonzalez\/2021\/06\/12\/radio-maringa-futebol-nordestino-celebra-boa-participacao-na-copa-do-brasil\/","url":"https:\/\/maringapost.com.br\/orlandogonzalez\/2021\/06\/12\/radio-maringa-futebol-nordestino-celebra-boa-participacao-na-copa-do-brasil\/","name":"R\u00c1DIO MARING\u00c1 - Futebol nordestino celebra boa participa\u00e7\u00e3o na Copa do Brasil - Orlando Gonzalez","isPartOf":{"@id":"https:\/\/maringapost.com.br\/orlandogonzalez\/#website"},"primaryImageOfPage":{"@id":"https:\/\/maringapost.com.br\/orlandogonzalez\/2021\/06\/12\/radio-maringa-futebol-nordestino-celebra-boa-participacao-na-copa-do-brasil\/#primaryimage"},"image":{"@id":"https:\/\/maringapost.com.br\/orlandogonzalez\/2021\/06\/12\/radio-maringa-futebol-nordestino-celebra-boa-participacao-na-copa-do-brasil\/#primaryimage"},"thumbnailUrl":"https:\/\/maringapost.com.br\/orlandogonzalez\/wp-content\/uploads\/sites\/17\/2021\/06\/nordestinos23.jpeg","datePublished":"2021-06-12T12:01:15+00:00","dateModified":"2021-06-12T12:01:26+00:00","author":{"@id":"https:\/\/maringapost.com.br\/orlandogonzalez\/#\/schema\/person\/5cbe6257d08edea6afc9ebaa613b0633"},"inLanguage":"pt-BR","potentialAction":[{"@type":"ReadAction","target":["https:\/\/maringapost.com.br\/orlandogonzalez\/2021\/06\/12\/radio-maringa-futebol-nordestino-celebra-boa-participacao-na-copa-do-brasil\/"]}]},{"@type":"ImageObject","inLanguage":"pt-BR","@id":"https:\/\/maringapost.com.br\/orlandogonzalez\/2021\/06\/12\/radio-maringa-futebol-nordestino-celebra-boa-participacao-na-copa-do-brasil\/#primaryimage","url":"https:\/\/maringapost.com.br\/orlandogonzalez\/wp-content\/uploads\/sites\/17\/2021\/06\/nordestinos23.jpeg","contentUrl":"https:\/\/maringapost.com.br\/orlandogonzalez\/wp-content\/uploads\/sites\/17\/2021\/06\/nordestinos23.jpeg","width":910,"height":607},{"@type":"WebSite","@id":"https:\/\/maringapost.com.br\/orlandogonzalez\/#website","url":"https:\/\/maringapost.com.br\/orlandogonzalez\/","name":"Orlando Gonzalez","description":"Destaca o esporte de Maring\u00e1! Destaca o esporte do Paran\u00e1! Destaca o esporte do Brasil!","potentialAction":[{"@type":"SearchAction","target":{"@type":"EntryPoint","urlTemplate":"https:\/\/maringapost.com.br\/orlandogonzalez\/?s={search_term_string}"},"query-input":"required name=search_term_string"}],"inLanguage":"pt-BR"},{"@type":"Person","@id":"https:\/\/maringapost.com.br\/orlandogonzalez\/#\/schema\/person\/5cbe6257d08edea6afc9ebaa613b0633","name":"Orlando Gonzalez","image":{"@type":"ImageObject","inLanguage":"pt-BR","@id":"https:\/\/maringapost.com.br\/orlandogonzalez\/#\/schema\/person\/image\/","url":"https:\/\/secure.gravatar.com\/avatar\/ecef9d1c9afe5ebdafadde8369065ba5?s=96&d=mm&r=g","contentUrl":"https:\/\/secure.gravatar.com\/avatar\/ecef9d1c9afe5ebdafadde8369065ba5?s=96&d=mm&r=g","caption":"Orlando Gonzalez"},"description":"H\u00e1 29 anos na cobertura do esporte de Maring\u00e1. Plant\u00e3o e narrador esportivo. Presta\u00e7\u00e3o de assessoria de imprensa esportiva, cobertura e transmiss\u00f5es ao vivo de eventos esportivos. E-mail: orlandogonzalez.assessoria@gmail.com WhatsApp: (44) 9 9126-6119","sameAs":["http:\/\/www.radiomaringa.com.br\/","https:\/\/www.facebook.com\/profile.php?id=100011095815065","https:\/\/www.instagram.com\/orlandomgonzalez\/","https:\/\/br.pinterest.com\/ogonzalez0530\/","https:\/\/x.com\/gonzalezorlando","https:\/\/www.youtube.com\/channel\/UCvFpl55btth8wjnKiSS1ibA","https:\/\/radiomaringaweb.tumblr.com\/"],"url":"https:\/\/maringapost.com.br\/orlandogonzalez\/author\/orlando\/"}]}},"_links":{"self":[{"href":"https:\/\/maringapost.com.br\/orlandogonzalez\/wp-json\/wp\/v2\/posts\/48342"}],"collection":[{"href":"https:\/\/maringapost.com.br\/orlandogonzalez\/wp-json\/wp\/v2\/posts"}],"about":[{"href":"https:\/\/maringapost.com.br\/orlandogonzalez\/wp-json\/wp\/v2\/types\/post"}],"author":[{"embeddable":true,"href":"https:\/\/maringapost.com.br\/orlandogonzalez\/wp-json\/wp\/v2\/users\/6307"}],"replies":[{"embeddable":true,"href":"https:\/\/maringapost.com.br\/orlandogonzalez\/wp-json\/wp\/v2\/comments?post=48342"}],"version-history":[{"count":2,"href":"https:\/\/maringapost.com.br\/orlandogonzalez\/wp-json\/wp\/v2\/posts\/48342\/revisions"}],"predecessor-version":[{"id":48345,"href":"https:\/\/maringapost.com.br\/orlandogonzalez\/wp-json\/wp\/v2\/posts\/48342\/revisions\/48345"}],"wp:featuredmedia":[{"embeddable":true,"href":"https:\/\/maringapost.com.br\/orlandogonzalez\/wp-json\/wp\/v2\/media\/48343"}],"wp:attachment":[{"href":"https:\/\/maringapost.com.br\/orlandogonzalez\/wp-json\/wp\/v2\/media?parent=48342"}],"wp:term":[{"taxonomy":"category","embeddable":true,"href":"https:\/\/maringapost.com.br\/orlandogonzalez\/wp-json\/wp\/v2\/categories?post=48342"},{"taxonomy":"post_tag","embeddable":true,"href":"https:\/\/maringapost.com.br\/orlandogonzalez\/wp-json\/wp\/v2\/tags?post=48342"}],"curies":[{"name":"wp","href":"https:\/\/api.w.org\/{rel}","templated":true}]}}