{"id":48275,"date":"2021-06-10T12:56:32","date_gmt":"2021-06-10T15:56:32","guid":{"rendered":"http:\/\/maringapost.com.br\/orlandogonzalez\/?p=48275"},"modified":"2021-06-10T12:56:32","modified_gmt":"2021-06-10T15:56:32","slug":"radio-maringa-paranaense-e-open-da-copa-brasil-de-kart-tem-programacao-definida-em-londrina","status":"publish","type":"post","link":"https:\/\/maringapost.com.br\/orlandogonzalez\/2021\/06\/10\/radio-maringa-paranaense-e-open-da-copa-brasil-de-kart-tem-programacao-definida-em-londrina\/","title":{"rendered":"R\u00c1DIO MARING\u00c1 &#8211; Paranaense e Open da Copa Brasil de Kart t\u00eam programa\u00e7\u00e3o definida em Londrina"},"content":{"rendered":"<p style=\"margin: 0cm 0cm 0pt;color: #222222;font-family: Arial, Helvetica, sans-serif;font-size: small;text-align: justify\"><span><span>O Campeonato Paranaense de Kart j\u00e1 tem programa\u00e7\u00e3o definida. A competi\u00e7\u00e3o ser\u00e1 disputada de 21 a 26 deste m\u00eas, no Kart\u00f3dromo Luigi Borghesi, em Londrina, no Norte do Paran\u00e1. A promo\u00e7\u00e3o e organiza\u00e7\u00e3o ser\u00e3o da Associa\u00e7\u00e3o dos Kartistas da Regi\u00e3o de Londrina (AKRL), com supervis\u00e3o da Federa\u00e7\u00e3o Paranaense de Automobilismo (FPrA).<\/span><\/span><\/p>\n<p style=\"margin: 0cm 0cm 0pt;color: #222222;font-family: Arial, Helvetica, sans-serif;font-size: small;text-align: justify\"><span>\u00a0<\/span><\/p>\n<p style=\"margin: 0cm 0cm 0pt;color: #222222;font-family: Arial, Helvetica, sans-serif;font-size: small;text-align: justify\"><span><span>Al\u00e9m de definir os campe\u00f5es estaduais de 2021, o Paranaense ser\u00e1 Open da 22\u00aa Copa Brasil de Kart, que ser\u00e1 disputada em Londrina, de 21 a 30 de julho.<\/span><\/span><\/p>\n<p style=\"margin: 0cm 0cm 0pt;color: #222222;font-family: Arial, Helvetica, sans-serif;font-size: small;text-align: justify\"><span>\u00a0<\/span><\/p>\n<p style=\"margin: 0cm 0cm 0pt;color: #222222;font-family: Arial, Helvetica, sans-serif;font-size: small;text-align: justify\"><span><span>A programa\u00e7\u00e3o come\u00e7a no dia 21 com os treinos livres, que v\u00e3o at\u00e9 o dia 23, atendendo a pilotos de todo o Brasil, que estar\u00e3o Londrina preparando-se para a Copa Brasil. Nos dias 24 e 25 ser\u00e3o realizados os treinos oficiais, enquanto que as provas estar\u00e3o marcadas para o dia 26. Al\u00e9m da programa\u00e7\u00e3o, o regulamento t\u00e9cnico da competi\u00e7\u00e3o est\u00e1 a disposi\u00e7\u00e3o de pilotos e equipes no site da FPrA no endere\u00e7o\u00a0<a href=\"http:\/\/fpra.com.br\/site\/regulamentos\/regulamento-kart\/\" data-saferedirecturl=\"https:\/\/www.google.com\/url?q=http:\/\/fpra.com.br\/site\/regulamentos\/regulamento-kart\/&amp;source=gmail&amp;ust=1623425755360000&amp;usg=AFQjCNF5PVdNcd3Dm9jWzF69vGX_iogGuA\">http:\/\/fpra.com.br\/site\/regulamentos\/regulamento-kart\/<\/a><\/span><\/span><\/p>\n<p style=\"margin: 0cm 0cm 0pt;color: #222222;font-family: Arial, Helvetica, sans-serif;font-size: small;text-align: justify\"><span>\u00a0<\/span><\/p>\n<p style=\"margin: 0cm 0cm 0pt;color: #222222;font-family: Arial, Helvetica, sans-serif;font-size: small;text-align: justify\"><span><span>As categorias em disputas ser\u00e3o as mesmas da Copa Brasil, Elas ser\u00e3o Mirim, Cadete, J\u00fanior Menor, J\u00fanior, Sprinter (aberta a pilotos da categoria Novatos), Graduados A, Graduados B, S\u00eanior (aberta a pilotos das categorias S\u00eanior A e S\u00eanior B), Super S\u00eanior, Super S\u00eanior M\u00e1ster, J\u00fanior FIA, OK J\u00fanior, OK FIA, F\u00f3rmula 4 Graduados, F\u00f3rmula 4 S\u00eanior, F\u00f3rmula 4 Super S\u00eanior, F\u00f3rmula 4 Junior (abertas a pilotos das categorias J\u00fanior Menor e J\u00fanior), e Shifter,<\/span><\/span><\/p>\n<p style=\"margin: 0cm 0cm 0pt;color: #222222;font-family: Arial, Helvetica, sans-serif;font-size: small;text-align: justify\"><span><span>(Assessoria)<\/span><\/span><\/p>\n","protected":false},"excerpt":{"rendered":"<p>O Campeonato Paranaense de Kart j\u00e1 tem programa\u00e7\u00e3o definida. A competi\u00e7\u00e3o ser\u00e1 disputada de 21 a 26 deste m\u00eas, no Kart\u00f3dromo Luigi Borghesi, em Londrina, no Norte do Paran\u00e1. A promo\u00e7\u00e3o e organiza\u00e7\u00e3o ser\u00e3o da Associa\u00e7\u00e3o dos Kartistas da Regi\u00e3o de Londrina (AKRL), com supervis\u00e3o da Federa\u00e7\u00e3o Paranaense de Automobilismo (FPrA). \u00a0 Al\u00e9m de definir [&hellip;]<\/p>\n","protected":false},"author":6307,"featured_media":48276,"comment_status":"closed","ping_status":"open","sticky":false,"template":"","format":"standard","meta":{"_exactmetrics_skip_tracking":false,"_exactmetrics_sitenote_active":false,"_exactmetrics_sitenote_note":"","_exactmetrics_sitenote_category":0,"footnotes":""},"categories":[1267],"tags":[8910,47],"yoast_head":"<!-- This site is optimized with the Yoast SEO Premium plugin v22.7 (Yoast SEO v22.7) - https:\/\/yoast.com\/wordpress\/plugins\/seo\/ -->\n<title>R\u00c1DIO MARING\u00c1 - Paranaense e Open da Copa Brasil de Kart t\u00eam programa\u00e7\u00e3o definida em Londrina - Orlando Gonzalez<\/title>\n<meta name=\"robots\" content=\"index, follow, max-snippet:-1, max-image-preview:large, max-video-preview:-1\" \/>\n<link rel=\"canonical\" href=\"https:\/\/maringapost.com.br\/orlandogonzalez\/2021\/06\/10\/radio-maringa-paranaense-e-open-da-copa-brasil-de-kart-tem-programacao-definida-em-londrina\/\" \/>\n<meta property=\"og:locale\" content=\"pt_BR\" \/>\n<meta property=\"og:type\" content=\"article\" \/>\n<meta property=\"og:title\" content=\"R\u00c1DIO MARING\u00c1 - Paranaense e Open da Copa Brasil de Kart t\u00eam programa\u00e7\u00e3o definida em Londrina\" \/>\n<meta property=\"og:description\" content=\"O Campeonato Paranaense de Kart j\u00e1 tem programa\u00e7\u00e3o definida. A competi\u00e7\u00e3o ser\u00e1 disputada de 21 a 26 deste m\u00eas, no Kart\u00f3dromo Luigi Borghesi, em Londrina, no Norte do Paran\u00e1. A promo\u00e7\u00e3o e organiza\u00e7\u00e3o ser\u00e3o da Associa\u00e7\u00e3o dos Kartistas da Regi\u00e3o de Londrina (AKRL), com supervis\u00e3o da Federa\u00e7\u00e3o Paranaense de Automobilismo (FPrA). \u00a0 Al\u00e9m de definir [&hellip;]\" \/>\n<meta property=\"og:url\" content=\"https:\/\/maringapost.com.br\/orlandogonzalez\/2021\/06\/10\/radio-maringa-paranaense-e-open-da-copa-brasil-de-kart-tem-programacao-definida-em-londrina\/\" \/>\n<meta property=\"og:site_name\" content=\"Orlando Gonzalez\" \/>\n<meta property=\"article:author\" content=\"https:\/\/www.facebook.com\/profile.php?id=100011095815065\" \/>\n<meta property=\"article:published_time\" content=\"2021-06-10T15:56:32+00:00\" \/>\n<meta property=\"og:image\" content=\"https:\/\/maringapost.com.br\/orlandogonzalez\/wp-content\/uploads\/sites\/17\/2021\/06\/Kart-de-Londrina02-Genesio-da-Silva.jpeg\" \/>\n\t<meta property=\"og:image:width\" content=\"1280\" \/>\n\t<meta property=\"og:image:height\" content=\"784\" \/>\n\t<meta property=\"og:image:type\" content=\"image\/jpeg\" \/>\n<meta name=\"author\" content=\"Orlando Gonzalez\" \/>\n<meta name=\"twitter:card\" content=\"summary_large_image\" \/>\n<meta name=\"twitter:creator\" content=\"@gonzalezorlando\" \/>\n<meta name=\"twitter:label1\" content=\"Escrito por\" \/>\n\t<meta name=\"twitter:data1\" content=\"\" \/>\n\t<meta name=\"twitter:label2\" content=\"Est. tempo de leitura\" \/>\n\t<meta name=\"twitter:data2\" content=\"1 minuto\" \/>\n<script type=\"application\/ld+json\" class=\"yoast-schema-graph\">{\"@context\":\"https:\/\/schema.org\",\"@graph\":[{\"@type\":\"WebPage\",\"@id\":\"https:\/\/maringapost.com.br\/orlandogonzalez\/2021\/06\/10\/radio-maringa-paranaense-e-open-da-copa-brasil-de-kart-tem-programacao-definida-em-londrina\/\",\"url\":\"https:\/\/maringapost.com.br\/orlandogonzalez\/2021\/06\/10\/radio-maringa-paranaense-e-open-da-copa-brasil-de-kart-tem-programacao-definida-em-londrina\/\",\"name\":\"R\u00c1DIO MARING\u00c1 - Paranaense e Open da Copa Brasil de Kart t\u00eam programa\u00e7\u00e3o definida em Londrina - Orlando Gonzalez\",\"isPartOf\":{\"@id\":\"https:\/\/maringapost.com.br\/orlandogonzalez\/#website\"},\"primaryImageOfPage\":{\"@id\":\"https:\/\/maringapost.com.br\/orlandogonzalez\/2021\/06\/10\/radio-maringa-paranaense-e-open-da-copa-brasil-de-kart-tem-programacao-definida-em-londrina\/#primaryimage\"},\"image\":{\"@id\":\"https:\/\/maringapost.com.br\/orlandogonzalez\/2021\/06\/10\/radio-maringa-paranaense-e-open-da-copa-brasil-de-kart-tem-programacao-definida-em-londrina\/#primaryimage\"},\"thumbnailUrl\":\"https:\/\/maringapost.com.br\/orlandogonzalez\/wp-content\/uploads\/sites\/17\/2021\/06\/Kart-de-Londrina02-Genesio-da-Silva.jpeg\",\"datePublished\":\"2021-06-10T15:56:32+00:00\",\"dateModified\":\"2021-06-10T15:56:32+00:00\",\"author\":{\"@id\":\"https:\/\/maringapost.com.br\/orlandogonzalez\/#\/schema\/person\/5cbe6257d08edea6afc9ebaa613b0633\"},\"inLanguage\":\"pt-BR\",\"potentialAction\":[{\"@type\":\"ReadAction\",\"target\":[\"https:\/\/maringapost.com.br\/orlandogonzalez\/2021\/06\/10\/radio-maringa-paranaense-e-open-da-copa-brasil-de-kart-tem-programacao-definida-em-londrina\/\"]}]},{\"@type\":\"ImageObject\",\"inLanguage\":\"pt-BR\",\"@id\":\"https:\/\/maringapost.com.br\/orlandogonzalez\/2021\/06\/10\/radio-maringa-paranaense-e-open-da-copa-brasil-de-kart-tem-programacao-definida-em-londrina\/#primaryimage\",\"url\":\"https:\/\/maringapost.com.br\/orlandogonzalez\/wp-content\/uploads\/sites\/17\/2021\/06\/Kart-de-Londrina02-Genesio-da-Silva.jpeg\",\"contentUrl\":\"https:\/\/maringapost.com.br\/orlandogonzalez\/wp-content\/uploads\/sites\/17\/2021\/06\/Kart-de-Londrina02-Genesio-da-Silva.jpeg\",\"width\":1280,\"height\":784},{\"@type\":\"WebSite\",\"@id\":\"https:\/\/maringapost.com.br\/orlandogonzalez\/#website\",\"url\":\"https:\/\/maringapost.com.br\/orlandogonzalez\/\",\"name\":\"Orlando Gonzalez\",\"description\":\"Destaca o esporte de Maring\u00e1! Destaca o esporte do Paran\u00e1! Destaca o esporte do Brasil!\",\"potentialAction\":[{\"@type\":\"SearchAction\",\"target\":{\"@type\":\"EntryPoint\",\"urlTemplate\":\"https:\/\/maringapost.com.br\/orlandogonzalez\/?s={search_term_string}\"},\"query-input\":\"required name=search_term_string\"}],\"inLanguage\":\"pt-BR\"},{\"@type\":\"Person\",\"@id\":\"https:\/\/maringapost.com.br\/orlandogonzalez\/#\/schema\/person\/5cbe6257d08edea6afc9ebaa613b0633\",\"name\":\"Orlando Gonzalez\",\"image\":{\"@type\":\"ImageObject\",\"inLanguage\":\"pt-BR\",\"@id\":\"https:\/\/maringapost.com.br\/orlandogonzalez\/#\/schema\/person\/image\/\",\"url\":\"https:\/\/secure.gravatar.com\/avatar\/ecef9d1c9afe5ebdafadde8369065ba5?s=96&d=mm&r=g\",\"contentUrl\":\"https:\/\/secure.gravatar.com\/avatar\/ecef9d1c9afe5ebdafadde8369065ba5?s=96&d=mm&r=g\",\"caption\":\"Orlando Gonzalez\"},\"description\":\"H\u00e1 29 anos na cobertura do esporte de Maring\u00e1. Plant\u00e3o e narrador esportivo. Presta\u00e7\u00e3o de assessoria de imprensa esportiva, cobertura e transmiss\u00f5es ao vivo de eventos esportivos. E-mail: orlandogonzalez.assessoria@gmail.com WhatsApp: (44) 9 9126-6119\",\"sameAs\":[\"http:\/\/www.radiomaringa.com.br\/\",\"https:\/\/www.facebook.com\/profile.php?id=100011095815065\",\"https:\/\/www.instagram.com\/orlandomgonzalez\/\",\"https:\/\/br.pinterest.com\/ogonzalez0530\/\",\"https:\/\/x.com\/gonzalezorlando\",\"https:\/\/www.youtube.com\/channel\/UCvFpl55btth8wjnKiSS1ibA\",\"https:\/\/radiomaringaweb.tumblr.com\/\"],\"url\":\"https:\/\/maringapost.com.br\/orlandogonzalez\/author\/orlando\/\"}]}<\/script>\n<!-- \/ Yoast SEO Premium plugin. -->","yoast_head_json":{"title":"R\u00c1DIO MARING\u00c1 - Paranaense e Open da Copa Brasil de Kart t\u00eam programa\u00e7\u00e3o definida em Londrina - Orlando Gonzalez","robots":{"index":"index","follow":"follow","max-snippet":"max-snippet:-1","max-image-preview":"max-image-preview:large","max-video-preview":"max-video-preview:-1"},"canonical":"https:\/\/maringapost.com.br\/orlandogonzalez\/2021\/06\/10\/radio-maringa-paranaense-e-open-da-copa-brasil-de-kart-tem-programacao-definida-em-londrina\/","og_locale":"pt_BR","og_type":"article","og_title":"R\u00c1DIO MARING\u00c1 - Paranaense e Open da Copa Brasil de Kart t\u00eam programa\u00e7\u00e3o definida em Londrina","og_description":"O Campeonato Paranaense de Kart j\u00e1 tem programa\u00e7\u00e3o definida. A competi\u00e7\u00e3o ser\u00e1 disputada de 21 a 26 deste m\u00eas, no Kart\u00f3dromo Luigi Borghesi, em Londrina, no Norte do Paran\u00e1. A promo\u00e7\u00e3o e organiza\u00e7\u00e3o ser\u00e3o da Associa\u00e7\u00e3o dos Kartistas da Regi\u00e3o de Londrina (AKRL), com supervis\u00e3o da Federa\u00e7\u00e3o Paranaense de Automobilismo (FPrA). \u00a0 Al\u00e9m de definir [&hellip;]","og_url":"https:\/\/maringapost.com.br\/orlandogonzalez\/2021\/06\/10\/radio-maringa-paranaense-e-open-da-copa-brasil-de-kart-tem-programacao-definida-em-londrina\/","og_site_name":"Orlando Gonzalez","article_author":"https:\/\/www.facebook.com\/profile.php?id=100011095815065","article_published_time":"2021-06-10T15:56:32+00:00","og_image":[{"width":1280,"height":784,"url":"https:\/\/maringapost.com.br\/orlandogonzalez\/wp-content\/uploads\/sites\/17\/2021\/06\/Kart-de-Londrina02-Genesio-da-Silva.jpeg","type":"image\/jpeg"}],"author":"Orlando Gonzalez","twitter_card":"summary_large_image","twitter_creator":"@gonzalezorlando","twitter_misc":{"Escrito por":false,"Est. tempo de leitura":"1 minuto"},"schema":{"@context":"https:\/\/schema.org","@graph":[{"@type":"WebPage","@id":"https:\/\/maringapost.com.br\/orlandogonzalez\/2021\/06\/10\/radio-maringa-paranaense-e-open-da-copa-brasil-de-kart-tem-programacao-definida-em-londrina\/","url":"https:\/\/maringapost.com.br\/orlandogonzalez\/2021\/06\/10\/radio-maringa-paranaense-e-open-da-copa-brasil-de-kart-tem-programacao-definida-em-londrina\/","name":"R\u00c1DIO MARING\u00c1 - Paranaense e Open da Copa Brasil de Kart t\u00eam programa\u00e7\u00e3o definida em Londrina - Orlando Gonzalez","isPartOf":{"@id":"https:\/\/maringapost.com.br\/orlandogonzalez\/#website"},"primaryImageOfPage":{"@id":"https:\/\/maringapost.com.br\/orlandogonzalez\/2021\/06\/10\/radio-maringa-paranaense-e-open-da-copa-brasil-de-kart-tem-programacao-definida-em-londrina\/#primaryimage"},"image":{"@id":"https:\/\/maringapost.com.br\/orlandogonzalez\/2021\/06\/10\/radio-maringa-paranaense-e-open-da-copa-brasil-de-kart-tem-programacao-definida-em-londrina\/#primaryimage"},"thumbnailUrl":"https:\/\/maringapost.com.br\/orlandogonzalez\/wp-content\/uploads\/sites\/17\/2021\/06\/Kart-de-Londrina02-Genesio-da-Silva.jpeg","datePublished":"2021-06-10T15:56:32+00:00","dateModified":"2021-06-10T15:56:32+00:00","author":{"@id":"https:\/\/maringapost.com.br\/orlandogonzalez\/#\/schema\/person\/5cbe6257d08edea6afc9ebaa613b0633"},"inLanguage":"pt-BR","potentialAction":[{"@type":"ReadAction","target":["https:\/\/maringapost.com.br\/orlandogonzalez\/2021\/06\/10\/radio-maringa-paranaense-e-open-da-copa-brasil-de-kart-tem-programacao-definida-em-londrina\/"]}]},{"@type":"ImageObject","inLanguage":"pt-BR","@id":"https:\/\/maringapost.com.br\/orlandogonzalez\/2021\/06\/10\/radio-maringa-paranaense-e-open-da-copa-brasil-de-kart-tem-programacao-definida-em-londrina\/#primaryimage","url":"https:\/\/maringapost.com.br\/orlandogonzalez\/wp-content\/uploads\/sites\/17\/2021\/06\/Kart-de-Londrina02-Genesio-da-Silva.jpeg","contentUrl":"https:\/\/maringapost.com.br\/orlandogonzalez\/wp-content\/uploads\/sites\/17\/2021\/06\/Kart-de-Londrina02-Genesio-da-Silva.jpeg","width":1280,"height":784},{"@type":"WebSite","@id":"https:\/\/maringapost.com.br\/orlandogonzalez\/#website","url":"https:\/\/maringapost.com.br\/orlandogonzalez\/","name":"Orlando Gonzalez","description":"Destaca o esporte de Maring\u00e1! Destaca o esporte do Paran\u00e1! Destaca o esporte do Brasil!","potentialAction":[{"@type":"SearchAction","target":{"@type":"EntryPoint","urlTemplate":"https:\/\/maringapost.com.br\/orlandogonzalez\/?s={search_term_string}"},"query-input":"required name=search_term_string"}],"inLanguage":"pt-BR"},{"@type":"Person","@id":"https:\/\/maringapost.com.br\/orlandogonzalez\/#\/schema\/person\/5cbe6257d08edea6afc9ebaa613b0633","name":"Orlando Gonzalez","image":{"@type":"ImageObject","inLanguage":"pt-BR","@id":"https:\/\/maringapost.com.br\/orlandogonzalez\/#\/schema\/person\/image\/","url":"https:\/\/secure.gravatar.com\/avatar\/ecef9d1c9afe5ebdafadde8369065ba5?s=96&d=mm&r=g","contentUrl":"https:\/\/secure.gravatar.com\/avatar\/ecef9d1c9afe5ebdafadde8369065ba5?s=96&d=mm&r=g","caption":"Orlando Gonzalez"},"description":"H\u00e1 29 anos na cobertura do esporte de Maring\u00e1. Plant\u00e3o e narrador esportivo. Presta\u00e7\u00e3o de assessoria de imprensa esportiva, cobertura e transmiss\u00f5es ao vivo de eventos esportivos. E-mail: orlandogonzalez.assessoria@gmail.com WhatsApp: (44) 9 9126-6119","sameAs":["http:\/\/www.radiomaringa.com.br\/","https:\/\/www.facebook.com\/profile.php?id=100011095815065","https:\/\/www.instagram.com\/orlandomgonzalez\/","https:\/\/br.pinterest.com\/ogonzalez0530\/","https:\/\/x.com\/gonzalezorlando","https:\/\/www.youtube.com\/channel\/UCvFpl55btth8wjnKiSS1ibA","https:\/\/radiomaringaweb.tumblr.com\/"],"url":"https:\/\/maringapost.com.br\/orlandogonzalez\/author\/orlando\/"}]}},"_links":{"self":[{"href":"https:\/\/maringapost.com.br\/orlandogonzalez\/wp-json\/wp\/v2\/posts\/48275"}],"collection":[{"href":"https:\/\/maringapost.com.br\/orlandogonzalez\/wp-json\/wp\/v2\/posts"}],"about":[{"href":"https:\/\/maringapost.com.br\/orlandogonzalez\/wp-json\/wp\/v2\/types\/post"}],"author":[{"embeddable":true,"href":"https:\/\/maringapost.com.br\/orlandogonzalez\/wp-json\/wp\/v2\/users\/6307"}],"replies":[{"embeddable":true,"href":"https:\/\/maringapost.com.br\/orlandogonzalez\/wp-json\/wp\/v2\/comments?post=48275"}],"version-history":[{"count":1,"href":"https:\/\/maringapost.com.br\/orlandogonzalez\/wp-json\/wp\/v2\/posts\/48275\/revisions"}],"predecessor-version":[{"id":48277,"href":"https:\/\/maringapost.com.br\/orlandogonzalez\/wp-json\/wp\/v2\/posts\/48275\/revisions\/48277"}],"wp:featuredmedia":[{"embeddable":true,"href":"https:\/\/maringapost.com.br\/orlandogonzalez\/wp-json\/wp\/v2\/media\/48276"}],"wp:attachment":[{"href":"https:\/\/maringapost.com.br\/orlandogonzalez\/wp-json\/wp\/v2\/media?parent=48275"}],"wp:term":[{"taxonomy":"category","embeddable":true,"href":"https:\/\/maringapost.com.br\/orlandogonzalez\/wp-json\/wp\/v2\/categories?post=48275"},{"taxonomy":"post_tag","embeddable":true,"href":"https:\/\/maringapost.com.br\/orlandogonzalez\/wp-json\/wp\/v2\/tags?post=48275"}],"curies":[{"name":"wp","href":"https:\/\/api.w.org\/{rel}","templated":true}]}}