{"id":48091,"date":"2021-06-07T16:50:40","date_gmt":"2021-06-07T19:50:40","guid":{"rendered":"http:\/\/maringapost.com.br\/orlandogonzalez\/?p=48091"},"modified":"2021-06-07T16:50:59","modified_gmt":"2021-06-07T19:50:59","slug":"radio-maringa-apos-golear-inter-fortaleza-enfrenta-rival-ceara-pela-copa-do-brasil","status":"publish","type":"post","link":"https:\/\/maringapost.com.br\/orlandogonzalez\/2021\/06\/07\/radio-maringa-apos-golear-inter-fortaleza-enfrenta-rival-ceara-pela-copa-do-brasil\/","title":{"rendered":"R\u00c1DIO MARING\u00c1 &#8211; Ap\u00f3s golear Inter, Fortaleza enfrenta rival Cear\u00e1 pela Copa do Brasil"},"content":{"rendered":"<p><span style=\"font-size: 24px\"><span style=\"color: #495057;font-family: 'Source Serif Pro', serif;background-color: #f7f8f9\">Nada como uma goleada por 5 a 1 e a lideran\u00e7a do Campeonato Brasileiro para iniciar uma semana decisiva. O massacre de\u00a0domingo\u00a0(6) para cima do Internacional, na Arena Castel\u00e3o, pela\u00a0segunda\u00a0rodada, deu sequ\u00eancia \u00e0 boa fase do Fortaleza sob comando do argentino Juan Pablo Vojvoda. S\u00e3o oito jogos, 28 gols marcados e seis vit\u00f3rias \u2014 uma delas justamente a do t\u00edtulo estadual, sobre o rival Cear\u00e1<a href=\"https:\/\/www.orlandogonzalez.com.br\/\" target=\"_blank\" rel=\"noopener\">.<\/a><\/span><img decoding=\"async\" src=\"https:\/\/agenciabrasil.ebc.com.br\/ebc.png?id=1411849&amp;o=node\" \/><img decoding=\"async\" src=\"https:\/\/agenciabrasil.ebc.com.br\/ebc.gif?id=1411849&amp;o=node\" \/><\/span><\/p>\n<p><span style=\"font-size: 24px\">O Voz\u00e3o, ali\u00e1s, ser\u00e1 o advers\u00e1rio desta\u00a0quinta-feira (10), \u00e0s 19h (hor\u00e1rio de Bras\u00edlia), no Castel\u00e3o, no jogo de volta do confronto pela terceira fase da Copa do Brasil. No duelo de ida, no mesmo local, o Cl\u00e1ssico-Rei terminou empatado em 1 a 1. Em caso de nova igualdade, a vaga \u00e0 pr\u00f3xima fase da competi\u00e7\u00e3o nacional ser\u00e1 decidida nos p\u00eanaltis<a href=\"\/\/radiomaringa.com.br\/\" target=\"_blank\" rel=\"noopener\">.<\/a><\/span><\/p>\n<p><span style=\"font-size: 24px\">&#8220;Na minha considera\u00e7\u00e3o, futebol tem momentos. Esse \u00e9 um momento bom da equipe e \u00e9 bom desfrut\u00e1-lo, mas j\u00e1 temos de pensar no Cear\u00e1. O futebol brasileiro tem sempre muitas partidas importantes. Assim ser\u00e1 na\u00a0quinta, tanto para o rival, como para n\u00f3s&#8221;, disse Vojvoda, em entrevista coletiva ap\u00f3s a goleada sobre o Inter.<\/span><\/p>\n<p><span style=\"font-size: 24px\">Para o lado derrotado no Castel\u00e3o, mudar a chave do Brasileiro para a Copa do Brasil se faz ainda mais necess\u00e1rio. O Colorado tamb\u00e9m tem compromisso do torneio mata-mata na\u00a0quinta, mas \u00e0s 21h30, contra o Vit\u00f3ria, no Beira-Rio. Os ga\u00fachos levaram a melhor no jogo de ida, no Barrad\u00e3o, por 1 a 0 e t\u00eam a vantagem do empate.<\/span><\/p>\n<p><span style=\"font-size: 24px\">Se Vojvoda vive bom momento no Fortaleza, o mesmo n\u00e3o se pode dizer de Miguel Angel Ramirez. A campanha irregular na Libertadores, apesar da classifica\u00e7\u00e3o \u00e0s oitavas de final, e a perda do t\u00edtulo ga\u00facho para o rival Gr\u00eamio, deixam o t\u00e9cnico espanhol sob risco. Em 23 partidas no comando colorado, s\u00e3o 11 vit\u00f3rias, sete derrotas e cinco empates.<\/span><\/p>\n<p><span style=\"font-size: 24px\">&#8220;N\u00f3s respaldamos demais este elenco. \u00c9 fun\u00e7\u00e3o nossa, como gestores, cobrarmos resultados e trabalho. E o trabalho vem sendo feito. Ajustes dever\u00e3o ser feitos, sim, mas de forma alguma faremos mudan\u00e7a nesse momento, \u00e0s v\u00e9speras de uma decis\u00e3o de Copa do Brasil. Temos confian\u00e7a nesse elenco, que possui 50% dos jogadores com menos de 23 anos e que, no m\u00e9dio a longo prazo, dar\u00e3o muito resultado&#8221;, afirmou o vice de futebol do Inter, Jo\u00e3o Patricio Herrmann, tamb\u00e9m depois da partida em Fortaleza, durante entrevista coletiva.<\/span><\/p>\n<p><span style=\"font-size: 24px\">Pela terceira rodada do Brasileir\u00e3o, Fortaleza e Inter voltam a jogar\u00a0somente no\u00a0domingo\u00a0que vem (13), \u00e0s 18h15. O Le\u00e3o do Pici recebe o Sport no Castel\u00e3o e o Colorado visita o Bahia em Pitua\u00e7u.<\/span><\/p>\n<p><span style=\"font-size: 24px\">(Texto: Lincoln Chaves\/Ag\u00eancia Brasil. Foto: Leonardo Moreira\/Fortaleza)<\/span><\/p>\n","protected":false},"excerpt":{"rendered":"<p>Nada como uma goleada por 5 a 1 e a lideran\u00e7a do Campeonato Brasileiro para iniciar uma semana decisiva. O massacre de\u00a0domingo\u00a0(6) para cima do Internacional, na Arena Castel\u00e3o, pela\u00a0segunda\u00a0rodada, deu sequ\u00eancia \u00e0 boa fase do Fortaleza sob comando do argentino Juan Pablo Vojvoda. S\u00e3o oito jogos, 28 gols marcados e seis vit\u00f3rias \u2014 uma [&hellip;]<\/p>\n","protected":false},"author":6307,"featured_media":48092,"comment_status":"closed","ping_status":"open","sticky":false,"template":"","format":"standard","meta":{"_exactmetrics_skip_tracking":false,"_exactmetrics_sitenote_active":false,"_exactmetrics_sitenote_note":"","_exactmetrics_sitenote_category":0,"footnotes":""},"categories":[1505],"tags":[93,14656,47],"yoast_head":"<!-- This site is optimized with the Yoast SEO Premium plugin v22.7 (Yoast SEO v22.7) - https:\/\/yoast.com\/wordpress\/plugins\/seo\/ -->\n<title>R\u00c1DIO MARING\u00c1 - Ap\u00f3s golear Inter, Fortaleza enfrenta rival Cear\u00e1 pela Copa do Brasil - Orlando Gonzalez<\/title>\n<meta name=\"robots\" content=\"index, follow, max-snippet:-1, max-image-preview:large, max-video-preview:-1\" \/>\n<link rel=\"canonical\" href=\"https:\/\/maringapost.com.br\/orlandogonzalez\/2021\/06\/07\/radio-maringa-apos-golear-inter-fortaleza-enfrenta-rival-ceara-pela-copa-do-brasil\/\" \/>\n<meta property=\"og:locale\" content=\"pt_BR\" \/>\n<meta property=\"og:type\" content=\"article\" \/>\n<meta property=\"og:title\" content=\"R\u00c1DIO MARING\u00c1 - Ap\u00f3s golear Inter, Fortaleza enfrenta rival Cear\u00e1 pela Copa do Brasil\" \/>\n<meta property=\"og:description\" content=\"Nada como uma goleada por 5 a 1 e a lideran\u00e7a do Campeonato Brasileiro para iniciar uma semana decisiva. O massacre de\u00a0domingo\u00a0(6) para cima do Internacional, na Arena Castel\u00e3o, pela\u00a0segunda\u00a0rodada, deu sequ\u00eancia \u00e0 boa fase do Fortaleza sob comando do argentino Juan Pablo Vojvoda. S\u00e3o oito jogos, 28 gols marcados e seis vit\u00f3rias \u2014 uma [&hellip;]\" \/>\n<meta property=\"og:url\" content=\"https:\/\/maringapost.com.br\/orlandogonzalez\/2021\/06\/07\/radio-maringa-apos-golear-inter-fortaleza-enfrenta-rival-ceara-pela-copa-do-brasil\/\" \/>\n<meta property=\"og:site_name\" content=\"Orlando Gonzalez\" \/>\n<meta property=\"article:author\" content=\"https:\/\/www.facebook.com\/profile.php?id=100011095815065\" \/>\n<meta property=\"article:published_time\" content=\"2021-06-07T19:50:40+00:00\" \/>\n<meta property=\"article:modified_time\" content=\"2021-06-07T19:50:59+00:00\" \/>\n<meta property=\"og:image\" content=\"https:\/\/maringapost.com.br\/orlandogonzalez\/wp-content\/uploads\/sites\/17\/2021\/06\/fortalezaemcampo.jpg\" \/>\n\t<meta property=\"og:image:width\" content=\"1170\" \/>\n\t<meta property=\"og:image:height\" content=\"700\" \/>\n\t<meta property=\"og:image:type\" content=\"image\/jpeg\" \/>\n<meta name=\"author\" content=\"Orlando Gonzalez\" \/>\n<meta name=\"twitter:card\" content=\"summary_large_image\" \/>\n<meta name=\"twitter:creator\" content=\"@gonzalezorlando\" \/>\n<meta name=\"twitter:label1\" content=\"Escrito por\" \/>\n\t<meta name=\"twitter:data1\" content=\"\" \/>\n\t<meta name=\"twitter:label2\" content=\"Est. tempo de leitura\" \/>\n\t<meta name=\"twitter:data2\" content=\"3 minutos\" \/>\n<script type=\"application\/ld+json\" class=\"yoast-schema-graph\">{\"@context\":\"https:\/\/schema.org\",\"@graph\":[{\"@type\":\"WebPage\",\"@id\":\"https:\/\/maringapost.com.br\/orlandogonzalez\/2021\/06\/07\/radio-maringa-apos-golear-inter-fortaleza-enfrenta-rival-ceara-pela-copa-do-brasil\/\",\"url\":\"https:\/\/maringapost.com.br\/orlandogonzalez\/2021\/06\/07\/radio-maringa-apos-golear-inter-fortaleza-enfrenta-rival-ceara-pela-copa-do-brasil\/\",\"name\":\"R\u00c1DIO MARING\u00c1 - Ap\u00f3s golear Inter, Fortaleza enfrenta rival Cear\u00e1 pela Copa do Brasil - Orlando Gonzalez\",\"isPartOf\":{\"@id\":\"https:\/\/maringapost.com.br\/orlandogonzalez\/#website\"},\"primaryImageOfPage\":{\"@id\":\"https:\/\/maringapost.com.br\/orlandogonzalez\/2021\/06\/07\/radio-maringa-apos-golear-inter-fortaleza-enfrenta-rival-ceara-pela-copa-do-brasil\/#primaryimage\"},\"image\":{\"@id\":\"https:\/\/maringapost.com.br\/orlandogonzalez\/2021\/06\/07\/radio-maringa-apos-golear-inter-fortaleza-enfrenta-rival-ceara-pela-copa-do-brasil\/#primaryimage\"},\"thumbnailUrl\":\"https:\/\/maringapost.com.br\/orlandogonzalez\/wp-content\/uploads\/sites\/17\/2021\/06\/fortalezaemcampo.jpg\",\"datePublished\":\"2021-06-07T19:50:40+00:00\",\"dateModified\":\"2021-06-07T19:50:59+00:00\",\"author\":{\"@id\":\"https:\/\/maringapost.com.br\/orlandogonzalez\/#\/schema\/person\/5cbe6257d08edea6afc9ebaa613b0633\"},\"inLanguage\":\"pt-BR\",\"potentialAction\":[{\"@type\":\"ReadAction\",\"target\":[\"https:\/\/maringapost.com.br\/orlandogonzalez\/2021\/06\/07\/radio-maringa-apos-golear-inter-fortaleza-enfrenta-rival-ceara-pela-copa-do-brasil\/\"]}]},{\"@type\":\"ImageObject\",\"inLanguage\":\"pt-BR\",\"@id\":\"https:\/\/maringapost.com.br\/orlandogonzalez\/2021\/06\/07\/radio-maringa-apos-golear-inter-fortaleza-enfrenta-rival-ceara-pela-copa-do-brasil\/#primaryimage\",\"url\":\"https:\/\/maringapost.com.br\/orlandogonzalez\/wp-content\/uploads\/sites\/17\/2021\/06\/fortalezaemcampo.jpg\",\"contentUrl\":\"https:\/\/maringapost.com.br\/orlandogonzalez\/wp-content\/uploads\/sites\/17\/2021\/06\/fortalezaemcampo.jpg\",\"width\":1170,\"height\":700},{\"@type\":\"WebSite\",\"@id\":\"https:\/\/maringapost.com.br\/orlandogonzalez\/#website\",\"url\":\"https:\/\/maringapost.com.br\/orlandogonzalez\/\",\"name\":\"Orlando Gonzalez\",\"description\":\"Destaca o esporte de Maring\u00e1! Destaca o esporte do Paran\u00e1! Destaca o esporte do Brasil!\",\"potentialAction\":[{\"@type\":\"SearchAction\",\"target\":{\"@type\":\"EntryPoint\",\"urlTemplate\":\"https:\/\/maringapost.com.br\/orlandogonzalez\/?s={search_term_string}\"},\"query-input\":\"required name=search_term_string\"}],\"inLanguage\":\"pt-BR\"},{\"@type\":\"Person\",\"@id\":\"https:\/\/maringapost.com.br\/orlandogonzalez\/#\/schema\/person\/5cbe6257d08edea6afc9ebaa613b0633\",\"name\":\"Orlando Gonzalez\",\"image\":{\"@type\":\"ImageObject\",\"inLanguage\":\"pt-BR\",\"@id\":\"https:\/\/maringapost.com.br\/orlandogonzalez\/#\/schema\/person\/image\/\",\"url\":\"https:\/\/secure.gravatar.com\/avatar\/ecef9d1c9afe5ebdafadde8369065ba5?s=96&d=mm&r=g\",\"contentUrl\":\"https:\/\/secure.gravatar.com\/avatar\/ecef9d1c9afe5ebdafadde8369065ba5?s=96&d=mm&r=g\",\"caption\":\"Orlando Gonzalez\"},\"description\":\"H\u00e1 29 anos na cobertura do esporte de Maring\u00e1. Plant\u00e3o e narrador esportivo. Presta\u00e7\u00e3o de assessoria de imprensa esportiva, cobertura e transmiss\u00f5es ao vivo de eventos esportivos. E-mail: orlandogonzalez.assessoria@gmail.com WhatsApp: (44) 9 9126-6119\",\"sameAs\":[\"http:\/\/www.radiomaringa.com.br\/\",\"https:\/\/www.facebook.com\/profile.php?id=100011095815065\",\"https:\/\/www.instagram.com\/orlandomgonzalez\/\",\"https:\/\/br.pinterest.com\/ogonzalez0530\/\",\"https:\/\/x.com\/gonzalezorlando\",\"https:\/\/www.youtube.com\/channel\/UCvFpl55btth8wjnKiSS1ibA\",\"https:\/\/radiomaringaweb.tumblr.com\/\"],\"url\":\"https:\/\/maringapost.com.br\/orlandogonzalez\/author\/orlando\/\"}]}<\/script>\n<!-- \/ Yoast SEO Premium plugin. -->","yoast_head_json":{"title":"R\u00c1DIO MARING\u00c1 - Ap\u00f3s golear Inter, Fortaleza enfrenta rival Cear\u00e1 pela Copa do Brasil - Orlando Gonzalez","robots":{"index":"index","follow":"follow","max-snippet":"max-snippet:-1","max-image-preview":"max-image-preview:large","max-video-preview":"max-video-preview:-1"},"canonical":"https:\/\/maringapost.com.br\/orlandogonzalez\/2021\/06\/07\/radio-maringa-apos-golear-inter-fortaleza-enfrenta-rival-ceara-pela-copa-do-brasil\/","og_locale":"pt_BR","og_type":"article","og_title":"R\u00c1DIO MARING\u00c1 - Ap\u00f3s golear Inter, Fortaleza enfrenta rival Cear\u00e1 pela Copa do Brasil","og_description":"Nada como uma goleada por 5 a 1 e a lideran\u00e7a do Campeonato Brasileiro para iniciar uma semana decisiva. O massacre de\u00a0domingo\u00a0(6) para cima do Internacional, na Arena Castel\u00e3o, pela\u00a0segunda\u00a0rodada, deu sequ\u00eancia \u00e0 boa fase do Fortaleza sob comando do argentino Juan Pablo Vojvoda. S\u00e3o oito jogos, 28 gols marcados e seis vit\u00f3rias \u2014 uma [&hellip;]","og_url":"https:\/\/maringapost.com.br\/orlandogonzalez\/2021\/06\/07\/radio-maringa-apos-golear-inter-fortaleza-enfrenta-rival-ceara-pela-copa-do-brasil\/","og_site_name":"Orlando Gonzalez","article_author":"https:\/\/www.facebook.com\/profile.php?id=100011095815065","article_published_time":"2021-06-07T19:50:40+00:00","article_modified_time":"2021-06-07T19:50:59+00:00","og_image":[{"width":1170,"height":700,"url":"https:\/\/maringapost.com.br\/orlandogonzalez\/wp-content\/uploads\/sites\/17\/2021\/06\/fortalezaemcampo.jpg","type":"image\/jpeg"}],"author":"Orlando Gonzalez","twitter_card":"summary_large_image","twitter_creator":"@gonzalezorlando","twitter_misc":{"Escrito por":false,"Est. tempo de leitura":"3 minutos"},"schema":{"@context":"https:\/\/schema.org","@graph":[{"@type":"WebPage","@id":"https:\/\/maringapost.com.br\/orlandogonzalez\/2021\/06\/07\/radio-maringa-apos-golear-inter-fortaleza-enfrenta-rival-ceara-pela-copa-do-brasil\/","url":"https:\/\/maringapost.com.br\/orlandogonzalez\/2021\/06\/07\/radio-maringa-apos-golear-inter-fortaleza-enfrenta-rival-ceara-pela-copa-do-brasil\/","name":"R\u00c1DIO MARING\u00c1 - Ap\u00f3s golear Inter, Fortaleza enfrenta rival Cear\u00e1 pela Copa do Brasil - Orlando Gonzalez","isPartOf":{"@id":"https:\/\/maringapost.com.br\/orlandogonzalez\/#website"},"primaryImageOfPage":{"@id":"https:\/\/maringapost.com.br\/orlandogonzalez\/2021\/06\/07\/radio-maringa-apos-golear-inter-fortaleza-enfrenta-rival-ceara-pela-copa-do-brasil\/#primaryimage"},"image":{"@id":"https:\/\/maringapost.com.br\/orlandogonzalez\/2021\/06\/07\/radio-maringa-apos-golear-inter-fortaleza-enfrenta-rival-ceara-pela-copa-do-brasil\/#primaryimage"},"thumbnailUrl":"https:\/\/maringapost.com.br\/orlandogonzalez\/wp-content\/uploads\/sites\/17\/2021\/06\/fortalezaemcampo.jpg","datePublished":"2021-06-07T19:50:40+00:00","dateModified":"2021-06-07T19:50:59+00:00","author":{"@id":"https:\/\/maringapost.com.br\/orlandogonzalez\/#\/schema\/person\/5cbe6257d08edea6afc9ebaa613b0633"},"inLanguage":"pt-BR","potentialAction":[{"@type":"ReadAction","target":["https:\/\/maringapost.com.br\/orlandogonzalez\/2021\/06\/07\/radio-maringa-apos-golear-inter-fortaleza-enfrenta-rival-ceara-pela-copa-do-brasil\/"]}]},{"@type":"ImageObject","inLanguage":"pt-BR","@id":"https:\/\/maringapost.com.br\/orlandogonzalez\/2021\/06\/07\/radio-maringa-apos-golear-inter-fortaleza-enfrenta-rival-ceara-pela-copa-do-brasil\/#primaryimage","url":"https:\/\/maringapost.com.br\/orlandogonzalez\/wp-content\/uploads\/sites\/17\/2021\/06\/fortalezaemcampo.jpg","contentUrl":"https:\/\/maringapost.com.br\/orlandogonzalez\/wp-content\/uploads\/sites\/17\/2021\/06\/fortalezaemcampo.jpg","width":1170,"height":700},{"@type":"WebSite","@id":"https:\/\/maringapost.com.br\/orlandogonzalez\/#website","url":"https:\/\/maringapost.com.br\/orlandogonzalez\/","name":"Orlando Gonzalez","description":"Destaca o esporte de Maring\u00e1! Destaca o esporte do Paran\u00e1! Destaca o esporte do Brasil!","potentialAction":[{"@type":"SearchAction","target":{"@type":"EntryPoint","urlTemplate":"https:\/\/maringapost.com.br\/orlandogonzalez\/?s={search_term_string}"},"query-input":"required name=search_term_string"}],"inLanguage":"pt-BR"},{"@type":"Person","@id":"https:\/\/maringapost.com.br\/orlandogonzalez\/#\/schema\/person\/5cbe6257d08edea6afc9ebaa613b0633","name":"Orlando Gonzalez","image":{"@type":"ImageObject","inLanguage":"pt-BR","@id":"https:\/\/maringapost.com.br\/orlandogonzalez\/#\/schema\/person\/image\/","url":"https:\/\/secure.gravatar.com\/avatar\/ecef9d1c9afe5ebdafadde8369065ba5?s=96&d=mm&r=g","contentUrl":"https:\/\/secure.gravatar.com\/avatar\/ecef9d1c9afe5ebdafadde8369065ba5?s=96&d=mm&r=g","caption":"Orlando Gonzalez"},"description":"H\u00e1 29 anos na cobertura do esporte de Maring\u00e1. Plant\u00e3o e narrador esportivo. Presta\u00e7\u00e3o de assessoria de imprensa esportiva, cobertura e transmiss\u00f5es ao vivo de eventos esportivos. E-mail: orlandogonzalez.assessoria@gmail.com WhatsApp: (44) 9 9126-6119","sameAs":["http:\/\/www.radiomaringa.com.br\/","https:\/\/www.facebook.com\/profile.php?id=100011095815065","https:\/\/www.instagram.com\/orlandomgonzalez\/","https:\/\/br.pinterest.com\/ogonzalez0530\/","https:\/\/x.com\/gonzalezorlando","https:\/\/www.youtube.com\/channel\/UCvFpl55btth8wjnKiSS1ibA","https:\/\/radiomaringaweb.tumblr.com\/"],"url":"https:\/\/maringapost.com.br\/orlandogonzalez\/author\/orlando\/"}]}},"_links":{"self":[{"href":"https:\/\/maringapost.com.br\/orlandogonzalez\/wp-json\/wp\/v2\/posts\/48091"}],"collection":[{"href":"https:\/\/maringapost.com.br\/orlandogonzalez\/wp-json\/wp\/v2\/posts"}],"about":[{"href":"https:\/\/maringapost.com.br\/orlandogonzalez\/wp-json\/wp\/v2\/types\/post"}],"author":[{"embeddable":true,"href":"https:\/\/maringapost.com.br\/orlandogonzalez\/wp-json\/wp\/v2\/users\/6307"}],"replies":[{"embeddable":true,"href":"https:\/\/maringapost.com.br\/orlandogonzalez\/wp-json\/wp\/v2\/comments?post=48091"}],"version-history":[{"count":1,"href":"https:\/\/maringapost.com.br\/orlandogonzalez\/wp-json\/wp\/v2\/posts\/48091\/revisions"}],"predecessor-version":[{"id":48093,"href":"https:\/\/maringapost.com.br\/orlandogonzalez\/wp-json\/wp\/v2\/posts\/48091\/revisions\/48093"}],"wp:featuredmedia":[{"embeddable":true,"href":"https:\/\/maringapost.com.br\/orlandogonzalez\/wp-json\/wp\/v2\/media\/48092"}],"wp:attachment":[{"href":"https:\/\/maringapost.com.br\/orlandogonzalez\/wp-json\/wp\/v2\/media?parent=48091"}],"wp:term":[{"taxonomy":"category","embeddable":true,"href":"https:\/\/maringapost.com.br\/orlandogonzalez\/wp-json\/wp\/v2\/categories?post=48091"},{"taxonomy":"post_tag","embeddable":true,"href":"https:\/\/maringapost.com.br\/orlandogonzalez\/wp-json\/wp\/v2\/tags?post=48091"}],"curies":[{"name":"wp","href":"https:\/\/api.w.org\/{rel}","templated":true}]}}