{"id":47849,"date":"2021-06-04T13:05:45","date_gmt":"2021-06-04T16:05:45","guid":{"rendered":"http:\/\/maringapost.com.br\/orlandogonzalez\/?p=47849"},"modified":"2021-06-04T13:05:57","modified_gmt":"2021-06-04T16:05:57","slug":"radio-maringa-volei-de-praia-do-brasil-conquista-titulos-de-etapa-dos-jogos-pan-americanos-sub-23","status":"publish","type":"post","link":"https:\/\/maringapost.com.br\/orlandogonzalez\/2021\/06\/04\/radio-maringa-volei-de-praia-do-brasil-conquista-titulos-de-etapa-dos-jogos-pan-americanos-sub-23\/","title":{"rendered":"R\u00c1DIO MARING\u00c1 &#8211; V\u00f4lei de Praia do Brasil conquista t\u00edtulos de etapa dos Jogos Pan-Americanos Sub-23"},"content":{"rendered":"<p style=\"margin-top: 0px;margin-bottom: 1rem;color: #212529;font-family: 'Exo 2', sans-serif;font-size: 16px\"><span style=\"font-size: 24px\">Representante do Brasil nesta primeira etapa das eliminat\u00f3rias dos Jogos Pan-Americanos sub-23, Th\u00e2mela\/Vit\u00f3ria e Mateus\/Johann foram campe\u00f5es na quinta-feira (3), em Assun\u00e7\u00e3o, no Paraguai. Os dois times brasileiros tiveram grandes desempenhos ao longo da competi\u00e7\u00e3o e confirmaram a expectativa por t\u00edtulos<a href=\"https:\/\/www.orlandogonzalez.com.br\/\" target=\"_blank\" rel=\"noopener\">.<\/a><\/span><\/p>\n<p style=\"margin-top: 0px;margin-bottom: 1rem;color: #212529;font-family: 'Exo 2', sans-serif;font-size: 16px\"><span style=\"font-size: 24px\">Na decis\u00e3o, as meninas derrotaram as peruanas Mendoza e Allcca por 2 sets a 0, com parciais de 21\/13 e 21\/16. Depois de comemorar o t\u00edtulo, Th\u00e2mela falou sobre o que foi fundamental para que ela subisse ao degrau mais alto do p\u00f3dio ao lado de Vit\u00f3ria<a href=\"\/\/radiomaringa.com.br\/\" target=\"_blank\" rel=\"noopener\">.<\/a><\/span><\/p>\n<p style=\"margin-top: 0px;margin-bottom: 1rem;color: #212529;font-family: 'Exo 2', sans-serif;font-size: 16px\"><span style=\"font-size: 24px\">\u201cEstudamos bem e nos juntamos para fazer o melhor dentro de quadra. Jogamos concentradas e conscientes e isso fez bastante a diferen\u00e7a no jogo de hoje\u201d, comentou Th\u00e2mela.<\/span><\/p>\n<p style=\"margin-top: 0px;margin-bottom: 1rem;color: #212529;font-family: 'Exo 2', sans-serif;font-size: 16px\"><span style=\"font-size: 24px\">Sobre a forma\u00e7\u00e3o da dupla para a disputa desta competi\u00e7\u00e3o \u2013 Th\u00e2mela joga com Elize, e Vit\u00f3ria com Andressa \u2013 a jogadora j\u00e1 previa que n\u00e3o ia enfrentar problemas. \u201cN\u00f3s j\u00e1 jogamos juntas um Sul-Americano e sempre nos entrosamos r\u00e1pido. Dessa vez foi a mesma coisa\u201d, comentou Th\u00e2mela.<\/span><\/p>\n<p style=\"margin-top: 0px;margin-bottom: 1rem;color: #212529;font-family: 'Exo 2', sans-serif;font-size: 16px\"><span style=\"font-size: 24px\">Nas eliminat\u00f3rias masculina, os brasileiros Mateus e Johann venceram o primeiro jogo do dia diante dos argentinos Capogrosso e Amieva por 2 sets a 1 (21\/16, 11\/21 e 15\/8). A dupla verde e amarela seguiu adiante na competi\u00e7\u00e3o e, na final, passou pelo time do Chile, Aravena\/Droguett, de virada, por 2 a 1 (18\/21, 21\/15 e 15\/9).<\/span><\/p>\n<p style=\"margin-top: 0px;margin-bottom: 1rem;color: #212529;font-family: 'Exo 2', sans-serif;font-size: 16px\"><span style=\"font-size: 24px\">O jovem Johann comemorou muito a conquista deste primeiro t\u00edtulo para o Brasil. \u201cMuito especial para n\u00f3s dois conquistar esse t\u00edtulo. Representar nosso pa\u00eds \u00e9 uma sensa\u00e7\u00e3o indescrit\u00edvel. Foi muito importante participar desse campeonato e nos d\u00e1 muito orgulho\u201d, disse Johann.<\/span><\/p>\n<p style=\"margin-top: 0px;margin-bottom: 1rem;color: #212529;font-family: 'Exo 2', sans-serif;font-size: 16px\"><span style=\"font-size: 24px\">O brasileiro ainda falou sobre a supera\u00e7\u00e3o encarada pelos dois. \u201cFoi muito desgastante, mas conseguimos nos manter fortes na parte mental, com um ajudando o outro sempre, e tivemos a paci\u00eancia necess\u00e1ria para conseguir sair com a vit\u00f3ria\u201d, concluiu Johann.<\/span><\/p>\n<p style=\"margin-top: 0px;margin-bottom: 1rem;color: #212529;font-family: 'Exo 2', sans-serif;font-size: 16px\"><span style=\"font-size: 24px\">As eliminat\u00f3rias acontecem para a primeira edi\u00e7\u00e3o dos Jogos Pan-Americanos sub-23. O campeonato ser\u00e1 realizado de 25 de novembro a 5 de dezembro deste ano, na Col\u00f4mbia.<\/span><\/p>\n<p style=\"margin-top: 0px;margin-bottom: 1rem;color: #212529;font-family: 'Exo 2', sans-serif;font-size: 16px\"><span style=\"font-size: 24px\">(Foto: CSV)<\/span><\/p>\n<p style=\"margin-top: 0px;margin-bottom: 1rem;color: #212529;font-family: 'Exo 2', sans-serif;font-size: 16px\"><span style=\"font-size: 24px\"><a href=\"https:\/\/cbv.com.br\/noticia\/28460\/brasileiros-sao-campeoes-no-paraguai\" target=\"_blank\" rel=\"noopener noreferrer\">MAIS&#8230;<\/a><\/span><\/p>\n","protected":false},"excerpt":{"rendered":"<p>Representante do Brasil nesta primeira etapa das eliminat\u00f3rias dos Jogos Pan-Americanos sub-23, Th\u00e2mela\/Vit\u00f3ria e Mateus\/Johann foram campe\u00f5es na quinta-feira (3), em Assun\u00e7\u00e3o, no Paraguai. Os dois times brasileiros tiveram grandes desempenhos ao longo da competi\u00e7\u00e3o e confirmaram a expectativa por t\u00edtulos. Na decis\u00e3o, as meninas derrotaram as peruanas Mendoza e Allcca por 2 sets a [&hellip;]<\/p>\n","protected":false},"author":6307,"featured_media":47850,"comment_status":"closed","ping_status":"open","sticky":false,"template":"","format":"standard","meta":{"_exactmetrics_skip_tracking":false,"_exactmetrics_sitenote_active":false,"_exactmetrics_sitenote_note":"","_exactmetrics_sitenote_category":0,"footnotes":""},"categories":[1338],"tags":[47,14603],"yoast_head":"<!-- This site is optimized with the Yoast SEO Premium plugin v22.7 (Yoast SEO v22.7) - https:\/\/yoast.com\/wordpress\/plugins\/seo\/ -->\n<title>R\u00c1DIO MARING\u00c1 - V\u00f4lei de Praia do Brasil conquista t\u00edtulos de etapa dos Jogos Pan-Americanos Sub-23 - Orlando Gonzalez<\/title>\n<meta name=\"robots\" content=\"index, follow, max-snippet:-1, max-image-preview:large, max-video-preview:-1\" \/>\n<link rel=\"canonical\" href=\"https:\/\/maringapost.com.br\/orlandogonzalez\/2021\/06\/04\/radio-maringa-volei-de-praia-do-brasil-conquista-titulos-de-etapa-dos-jogos-pan-americanos-sub-23\/\" \/>\n<meta property=\"og:locale\" content=\"pt_BR\" \/>\n<meta property=\"og:type\" content=\"article\" \/>\n<meta property=\"og:title\" content=\"R\u00c1DIO MARING\u00c1 - V\u00f4lei de Praia do Brasil conquista t\u00edtulos de etapa dos Jogos Pan-Americanos Sub-23\" \/>\n<meta property=\"og:description\" content=\"Representante do Brasil nesta primeira etapa das eliminat\u00f3rias dos Jogos Pan-Americanos sub-23, Th\u00e2mela\/Vit\u00f3ria e Mateus\/Johann foram campe\u00f5es na quinta-feira (3), em Assun\u00e7\u00e3o, no Paraguai. Os dois times brasileiros tiveram grandes desempenhos ao longo da competi\u00e7\u00e3o e confirmaram a expectativa por t\u00edtulos. Na decis\u00e3o, as meninas derrotaram as peruanas Mendoza e Allcca por 2 sets a [&hellip;]\" \/>\n<meta property=\"og:url\" content=\"https:\/\/maringapost.com.br\/orlandogonzalez\/2021\/06\/04\/radio-maringa-volei-de-praia-do-brasil-conquista-titulos-de-etapa-dos-jogos-pan-americanos-sub-23\/\" \/>\n<meta property=\"og:site_name\" content=\"Orlando Gonzalez\" \/>\n<meta property=\"article:author\" content=\"https:\/\/www.facebook.com\/profile.php?id=100011095815065\" \/>\n<meta property=\"article:published_time\" content=\"2021-06-04T16:05:45+00:00\" \/>\n<meta property=\"article:modified_time\" content=\"2021-06-04T16:05:57+00:00\" \/>\n<meta property=\"og:image\" content=\"https:\/\/maringapost.com.br\/orlandogonzalez\/wp-content\/uploads\/sites\/17\/2021\/06\/praiabrasil.jpg\" \/>\n\t<meta property=\"og:image:width\" content=\"800\" \/>\n\t<meta property=\"og:image:height\" content=\"533\" \/>\n\t<meta property=\"og:image:type\" content=\"image\/jpeg\" \/>\n<meta name=\"author\" content=\"Orlando Gonzalez\" \/>\n<meta name=\"twitter:card\" content=\"summary_large_image\" \/>\n<meta name=\"twitter:creator\" content=\"@gonzalezorlando\" \/>\n<meta name=\"twitter:label1\" content=\"Escrito por\" \/>\n\t<meta name=\"twitter:data1\" content=\"\" \/>\n\t<meta name=\"twitter:label2\" content=\"Est. tempo de leitura\" \/>\n\t<meta name=\"twitter:data2\" content=\"2 minutos\" \/>\n<script type=\"application\/ld+json\" class=\"yoast-schema-graph\">{\"@context\":\"https:\/\/schema.org\",\"@graph\":[{\"@type\":\"WebPage\",\"@id\":\"https:\/\/maringapost.com.br\/orlandogonzalez\/2021\/06\/04\/radio-maringa-volei-de-praia-do-brasil-conquista-titulos-de-etapa-dos-jogos-pan-americanos-sub-23\/\",\"url\":\"https:\/\/maringapost.com.br\/orlandogonzalez\/2021\/06\/04\/radio-maringa-volei-de-praia-do-brasil-conquista-titulos-de-etapa-dos-jogos-pan-americanos-sub-23\/\",\"name\":\"R\u00c1DIO MARING\u00c1 - V\u00f4lei de Praia do Brasil conquista t\u00edtulos de etapa dos Jogos Pan-Americanos Sub-23 - Orlando Gonzalez\",\"isPartOf\":{\"@id\":\"https:\/\/maringapost.com.br\/orlandogonzalez\/#website\"},\"primaryImageOfPage\":{\"@id\":\"https:\/\/maringapost.com.br\/orlandogonzalez\/2021\/06\/04\/radio-maringa-volei-de-praia-do-brasil-conquista-titulos-de-etapa-dos-jogos-pan-americanos-sub-23\/#primaryimage\"},\"image\":{\"@id\":\"https:\/\/maringapost.com.br\/orlandogonzalez\/2021\/06\/04\/radio-maringa-volei-de-praia-do-brasil-conquista-titulos-de-etapa-dos-jogos-pan-americanos-sub-23\/#primaryimage\"},\"thumbnailUrl\":\"https:\/\/maringapost.com.br\/orlandogonzalez\/wp-content\/uploads\/sites\/17\/2021\/06\/praiabrasil.jpg\",\"datePublished\":\"2021-06-04T16:05:45+00:00\",\"dateModified\":\"2021-06-04T16:05:57+00:00\",\"author\":{\"@id\":\"https:\/\/maringapost.com.br\/orlandogonzalez\/#\/schema\/person\/5cbe6257d08edea6afc9ebaa613b0633\"},\"inLanguage\":\"pt-BR\",\"potentialAction\":[{\"@type\":\"ReadAction\",\"target\":[\"https:\/\/maringapost.com.br\/orlandogonzalez\/2021\/06\/04\/radio-maringa-volei-de-praia-do-brasil-conquista-titulos-de-etapa-dos-jogos-pan-americanos-sub-23\/\"]}]},{\"@type\":\"ImageObject\",\"inLanguage\":\"pt-BR\",\"@id\":\"https:\/\/maringapost.com.br\/orlandogonzalez\/2021\/06\/04\/radio-maringa-volei-de-praia-do-brasil-conquista-titulos-de-etapa-dos-jogos-pan-americanos-sub-23\/#primaryimage\",\"url\":\"https:\/\/maringapost.com.br\/orlandogonzalez\/wp-content\/uploads\/sites\/17\/2021\/06\/praiabrasil.jpg\",\"contentUrl\":\"https:\/\/maringapost.com.br\/orlandogonzalez\/wp-content\/uploads\/sites\/17\/2021\/06\/praiabrasil.jpg\",\"width\":800,\"height\":533},{\"@type\":\"WebSite\",\"@id\":\"https:\/\/maringapost.com.br\/orlandogonzalez\/#website\",\"url\":\"https:\/\/maringapost.com.br\/orlandogonzalez\/\",\"name\":\"Orlando Gonzalez\",\"description\":\"Destaca o esporte de Maring\u00e1! Destaca o esporte do Paran\u00e1! Destaca o esporte do Brasil!\",\"potentialAction\":[{\"@type\":\"SearchAction\",\"target\":{\"@type\":\"EntryPoint\",\"urlTemplate\":\"https:\/\/maringapost.com.br\/orlandogonzalez\/?s={search_term_string}\"},\"query-input\":\"required name=search_term_string\"}],\"inLanguage\":\"pt-BR\"},{\"@type\":\"Person\",\"@id\":\"https:\/\/maringapost.com.br\/orlandogonzalez\/#\/schema\/person\/5cbe6257d08edea6afc9ebaa613b0633\",\"name\":\"Orlando Gonzalez\",\"image\":{\"@type\":\"ImageObject\",\"inLanguage\":\"pt-BR\",\"@id\":\"https:\/\/maringapost.com.br\/orlandogonzalez\/#\/schema\/person\/image\/\",\"url\":\"https:\/\/secure.gravatar.com\/avatar\/ecef9d1c9afe5ebdafadde8369065ba5?s=96&d=mm&r=g\",\"contentUrl\":\"https:\/\/secure.gravatar.com\/avatar\/ecef9d1c9afe5ebdafadde8369065ba5?s=96&d=mm&r=g\",\"caption\":\"Orlando Gonzalez\"},\"description\":\"H\u00e1 29 anos na cobertura do esporte de Maring\u00e1. Plant\u00e3o e narrador esportivo. Presta\u00e7\u00e3o de assessoria de imprensa esportiva, cobertura e transmiss\u00f5es ao vivo de eventos esportivos. E-mail: orlandogonzalez.assessoria@gmail.com WhatsApp: (44) 9 9126-6119\",\"sameAs\":[\"http:\/\/www.radiomaringa.com.br\/\",\"https:\/\/www.facebook.com\/profile.php?id=100011095815065\",\"https:\/\/www.instagram.com\/orlandomgonzalez\/\",\"https:\/\/br.pinterest.com\/ogonzalez0530\/\",\"https:\/\/x.com\/gonzalezorlando\",\"https:\/\/www.youtube.com\/channel\/UCvFpl55btth8wjnKiSS1ibA\",\"https:\/\/radiomaringaweb.tumblr.com\/\"],\"url\":\"https:\/\/maringapost.com.br\/orlandogonzalez\/author\/orlando\/\"}]}<\/script>\n<!-- \/ Yoast SEO Premium plugin. -->","yoast_head_json":{"title":"R\u00c1DIO MARING\u00c1 - V\u00f4lei de Praia do Brasil conquista t\u00edtulos de etapa dos Jogos Pan-Americanos Sub-23 - Orlando Gonzalez","robots":{"index":"index","follow":"follow","max-snippet":"max-snippet:-1","max-image-preview":"max-image-preview:large","max-video-preview":"max-video-preview:-1"},"canonical":"https:\/\/maringapost.com.br\/orlandogonzalez\/2021\/06\/04\/radio-maringa-volei-de-praia-do-brasil-conquista-titulos-de-etapa-dos-jogos-pan-americanos-sub-23\/","og_locale":"pt_BR","og_type":"article","og_title":"R\u00c1DIO MARING\u00c1 - V\u00f4lei de Praia do Brasil conquista t\u00edtulos de etapa dos Jogos Pan-Americanos Sub-23","og_description":"Representante do Brasil nesta primeira etapa das eliminat\u00f3rias dos Jogos Pan-Americanos sub-23, Th\u00e2mela\/Vit\u00f3ria e Mateus\/Johann foram campe\u00f5es na quinta-feira (3), em Assun\u00e7\u00e3o, no Paraguai. Os dois times brasileiros tiveram grandes desempenhos ao longo da competi\u00e7\u00e3o e confirmaram a expectativa por t\u00edtulos. Na decis\u00e3o, as meninas derrotaram as peruanas Mendoza e Allcca por 2 sets a [&hellip;]","og_url":"https:\/\/maringapost.com.br\/orlandogonzalez\/2021\/06\/04\/radio-maringa-volei-de-praia-do-brasil-conquista-titulos-de-etapa-dos-jogos-pan-americanos-sub-23\/","og_site_name":"Orlando Gonzalez","article_author":"https:\/\/www.facebook.com\/profile.php?id=100011095815065","article_published_time":"2021-06-04T16:05:45+00:00","article_modified_time":"2021-06-04T16:05:57+00:00","og_image":[{"width":800,"height":533,"url":"https:\/\/maringapost.com.br\/orlandogonzalez\/wp-content\/uploads\/sites\/17\/2021\/06\/praiabrasil.jpg","type":"image\/jpeg"}],"author":"Orlando Gonzalez","twitter_card":"summary_large_image","twitter_creator":"@gonzalezorlando","twitter_misc":{"Escrito por":false,"Est. tempo de leitura":"2 minutos"},"schema":{"@context":"https:\/\/schema.org","@graph":[{"@type":"WebPage","@id":"https:\/\/maringapost.com.br\/orlandogonzalez\/2021\/06\/04\/radio-maringa-volei-de-praia-do-brasil-conquista-titulos-de-etapa-dos-jogos-pan-americanos-sub-23\/","url":"https:\/\/maringapost.com.br\/orlandogonzalez\/2021\/06\/04\/radio-maringa-volei-de-praia-do-brasil-conquista-titulos-de-etapa-dos-jogos-pan-americanos-sub-23\/","name":"R\u00c1DIO MARING\u00c1 - V\u00f4lei de Praia do Brasil conquista t\u00edtulos de etapa dos Jogos Pan-Americanos Sub-23 - Orlando Gonzalez","isPartOf":{"@id":"https:\/\/maringapost.com.br\/orlandogonzalez\/#website"},"primaryImageOfPage":{"@id":"https:\/\/maringapost.com.br\/orlandogonzalez\/2021\/06\/04\/radio-maringa-volei-de-praia-do-brasil-conquista-titulos-de-etapa-dos-jogos-pan-americanos-sub-23\/#primaryimage"},"image":{"@id":"https:\/\/maringapost.com.br\/orlandogonzalez\/2021\/06\/04\/radio-maringa-volei-de-praia-do-brasil-conquista-titulos-de-etapa-dos-jogos-pan-americanos-sub-23\/#primaryimage"},"thumbnailUrl":"https:\/\/maringapost.com.br\/orlandogonzalez\/wp-content\/uploads\/sites\/17\/2021\/06\/praiabrasil.jpg","datePublished":"2021-06-04T16:05:45+00:00","dateModified":"2021-06-04T16:05:57+00:00","author":{"@id":"https:\/\/maringapost.com.br\/orlandogonzalez\/#\/schema\/person\/5cbe6257d08edea6afc9ebaa613b0633"},"inLanguage":"pt-BR","potentialAction":[{"@type":"ReadAction","target":["https:\/\/maringapost.com.br\/orlandogonzalez\/2021\/06\/04\/radio-maringa-volei-de-praia-do-brasil-conquista-titulos-de-etapa-dos-jogos-pan-americanos-sub-23\/"]}]},{"@type":"ImageObject","inLanguage":"pt-BR","@id":"https:\/\/maringapost.com.br\/orlandogonzalez\/2021\/06\/04\/radio-maringa-volei-de-praia-do-brasil-conquista-titulos-de-etapa-dos-jogos-pan-americanos-sub-23\/#primaryimage","url":"https:\/\/maringapost.com.br\/orlandogonzalez\/wp-content\/uploads\/sites\/17\/2021\/06\/praiabrasil.jpg","contentUrl":"https:\/\/maringapost.com.br\/orlandogonzalez\/wp-content\/uploads\/sites\/17\/2021\/06\/praiabrasil.jpg","width":800,"height":533},{"@type":"WebSite","@id":"https:\/\/maringapost.com.br\/orlandogonzalez\/#website","url":"https:\/\/maringapost.com.br\/orlandogonzalez\/","name":"Orlando Gonzalez","description":"Destaca o esporte de Maring\u00e1! Destaca o esporte do Paran\u00e1! Destaca o esporte do Brasil!","potentialAction":[{"@type":"SearchAction","target":{"@type":"EntryPoint","urlTemplate":"https:\/\/maringapost.com.br\/orlandogonzalez\/?s={search_term_string}"},"query-input":"required name=search_term_string"}],"inLanguage":"pt-BR"},{"@type":"Person","@id":"https:\/\/maringapost.com.br\/orlandogonzalez\/#\/schema\/person\/5cbe6257d08edea6afc9ebaa613b0633","name":"Orlando Gonzalez","image":{"@type":"ImageObject","inLanguage":"pt-BR","@id":"https:\/\/maringapost.com.br\/orlandogonzalez\/#\/schema\/person\/image\/","url":"https:\/\/secure.gravatar.com\/avatar\/ecef9d1c9afe5ebdafadde8369065ba5?s=96&d=mm&r=g","contentUrl":"https:\/\/secure.gravatar.com\/avatar\/ecef9d1c9afe5ebdafadde8369065ba5?s=96&d=mm&r=g","caption":"Orlando Gonzalez"},"description":"H\u00e1 29 anos na cobertura do esporte de Maring\u00e1. Plant\u00e3o e narrador esportivo. Presta\u00e7\u00e3o de assessoria de imprensa esportiva, cobertura e transmiss\u00f5es ao vivo de eventos esportivos. E-mail: orlandogonzalez.assessoria@gmail.com WhatsApp: (44) 9 9126-6119","sameAs":["http:\/\/www.radiomaringa.com.br\/","https:\/\/www.facebook.com\/profile.php?id=100011095815065","https:\/\/www.instagram.com\/orlandomgonzalez\/","https:\/\/br.pinterest.com\/ogonzalez0530\/","https:\/\/x.com\/gonzalezorlando","https:\/\/www.youtube.com\/channel\/UCvFpl55btth8wjnKiSS1ibA","https:\/\/radiomaringaweb.tumblr.com\/"],"url":"https:\/\/maringapost.com.br\/orlandogonzalez\/author\/orlando\/"}]}},"_links":{"self":[{"href":"https:\/\/maringapost.com.br\/orlandogonzalez\/wp-json\/wp\/v2\/posts\/47849"}],"collection":[{"href":"https:\/\/maringapost.com.br\/orlandogonzalez\/wp-json\/wp\/v2\/posts"}],"about":[{"href":"https:\/\/maringapost.com.br\/orlandogonzalez\/wp-json\/wp\/v2\/types\/post"}],"author":[{"embeddable":true,"href":"https:\/\/maringapost.com.br\/orlandogonzalez\/wp-json\/wp\/v2\/users\/6307"}],"replies":[{"embeddable":true,"href":"https:\/\/maringapost.com.br\/orlandogonzalez\/wp-json\/wp\/v2\/comments?post=47849"}],"version-history":[{"count":1,"href":"https:\/\/maringapost.com.br\/orlandogonzalez\/wp-json\/wp\/v2\/posts\/47849\/revisions"}],"predecessor-version":[{"id":47851,"href":"https:\/\/maringapost.com.br\/orlandogonzalez\/wp-json\/wp\/v2\/posts\/47849\/revisions\/47851"}],"wp:featuredmedia":[{"embeddable":true,"href":"https:\/\/maringapost.com.br\/orlandogonzalez\/wp-json\/wp\/v2\/media\/47850"}],"wp:attachment":[{"href":"https:\/\/maringapost.com.br\/orlandogonzalez\/wp-json\/wp\/v2\/media?parent=47849"}],"wp:term":[{"taxonomy":"category","embeddable":true,"href":"https:\/\/maringapost.com.br\/orlandogonzalez\/wp-json\/wp\/v2\/categories?post=47849"},{"taxonomy":"post_tag","embeddable":true,"href":"https:\/\/maringapost.com.br\/orlandogonzalez\/wp-json\/wp\/v2\/tags?post=47849"}],"curies":[{"name":"wp","href":"https:\/\/api.w.org\/{rel}","templated":true}]}}