{"id":47827,"date":"2021-06-04T10:52:41","date_gmt":"2021-06-04T13:52:41","guid":{"rendered":"http:\/\/maringapost.com.br\/orlandogonzalez\/?p=47827"},"modified":"2021-06-04T10:53:00","modified_gmt":"2021-06-04T13:53:00","slug":"radio-maringa-fora-de-casa-internacional-derrota-o-vitoria-pela-copa-do-brasil","status":"publish","type":"post","link":"https:\/\/maringapost.com.br\/orlandogonzalez\/2021\/06\/04\/radio-maringa-fora-de-casa-internacional-derrota-o-vitoria-pela-copa-do-brasil\/","title":{"rendered":"R\u00c1DIO MARING\u00c1 &#8211; Fora de casa, Internacional derrota o Vit\u00f3ria pela Copa do Brasil"},"content":{"rendered":"<p style=\"margin: 0px 0px 20px;line-height: 30px;font-size: 16px;color: #343434;font-family: Poppins, sans-serif\"><span style=\"font-size: 24px\">O\u00a0Internacional\u00a0largou bem na corrida por uma vaga nas oitavas da\u00a0Copa Intelbras do Brasil.\u00a0Na noite de quinta-feira (3), jogando no Manoel Barradas, o Colorado bateu o\u00a0Vit\u00f3ria\u00a0por 1 a 0, pelo jogo de ida da terceira fase, e conquistou a vantagem do empate para o segundo confronto<a href=\"https:\/\/www.orlandogonzalez.com.br\/\" target=\"_blank\" rel=\"noopener\">.<\/a>\u00a0<\/span><\/p>\n<p style=\"margin: 0px 0px 20px;line-height: 30px;font-size: 16px;color: #343434;font-family: Poppins, sans-serif\"><span style=\"font-size: 24px\">J\u00e1 o Rubro-Negro precisa igualar o saldo de gols no jogo de volta para levar a decis\u00e3o para as penalidades ou vencer por dois gols de diferen\u00e7a para carimbar a classifica\u00e7\u00e3o no tempo normal. Ga\u00fachos e baianos voltam a se enfrentar no pr\u00f3ximo dia 10, no Beira-Rio<a href=\"\/\/radiomaringa.com.br\/\" target=\"_blank\" rel=\"noopener\">.\u00a0<\/a><\/span><\/p>\n<p style=\"margin: 0px 0px 20px;line-height: 30px;font-size: 16px;color: #343434;font-family: Poppins, sans-serif\"><span style=\"font-size: 24px\"><a style=\"background-color: transparent;color: #2dc733;font-weight: bold\" href=\"https:\/\/www.cbf.com.br\/futebol-brasileiro\/competicoes\/copa-brasil-masculino\/2021\/+Confira%20a%20tabela%20completa%20da%20terceira%20fase!\" target=\"_blank\" rel=\"noopener noreferrer\">+Confira a tabela completa da terceira fase!<\/a><\/span><\/p>\n<h4 style=\"font-family: Poppins, sans-serif;font-weight: 400;line-height: 1.1;color: #003999;margin: 0px;font-size: 16px;letter-spacing: 0.02em\"><span style=\"font-size: 24px\">O jogo<\/span><\/h4>\n<p>&nbsp;<\/p>\n<p style=\"margin: 0px 0px 20px;line-height: 30px;font-size: 16px;color: #343434;font-family: Poppins, sans-serif\"><span style=\"font-size: 24px\">Foram 45 minutos de poucas emo\u00e7\u00f5es no Barrad\u00e3o. Mesmo jogando longe de seus dom\u00ednios, o Inter teve o controle da posse de bola, mas encontrou dificuldades para furar o bloqueio advers\u00e1rio.<\/span><\/p>\n<p style=\"margin: 0px 0px 20px;line-height: 30px;font-size: 16px;color: #343434;font-family: Poppins, sans-serif\"><span style=\"font-size: 24px\">Do outro lado, o Vit\u00f3ria criou a primeira boa oportunidade do jogo j\u00e1 na marca dos 34 minutos em finaliza\u00e7\u00e3o certeira de Guilherme Santos, que s\u00f3 n\u00e3o parou no fundo da meta colorada porque Daniel voou para fazer a defesa.<\/span><\/p>\n<p style=\"margin: 0px 0px 20px;line-height: 30px;font-size: 16px;color: #343434;font-family: Poppins, sans-serif\"><span style=\"font-size: 24px\">J\u00e1 o Inter teve sua melhor chance nos p\u00e9s de Eden\u00edlson. Aos 37 minutos, o camisa 8 recebeu passe a\u00e7ucarado de Patrick, mas pecou na hora do arremate e mandou para longe do gol.\u00a0<\/span><\/p>\n<p style=\"margin: 0px 0px 20px;line-height: 30px;font-size: 16px;color: #343434;font-family: Poppins, sans-serif\"><span style=\"font-size: 24px\">Depois do intervalo, o Internacional voltou a levar perigo, aos cinco minutos, com Caio Vidal, que saiu de frente para a meta, ap\u00f3s passe de Taison, mas viu Ronaldo fazer a defesa.<\/span><\/p>\n<p style=\"margin: 0px 0px 20px;line-height: 30px;font-size: 16px;color: #343434;font-family: Poppins, sans-serif\"><span style=\"font-size: 24px\">Ainda com maior dom\u00ednio das a\u00e7\u00f5es, o Colorado conseguiu balan\u00e7ar as redes, aos 27 minutos, em cobran\u00e7a de p\u00eanalti de\u00a0Thiago Galhardo. Na sequ\u00eancia, Taison quase ampliou o marcador para os visitantes, mas esbarrou na trave. E o 1 a 0 seguiu no marcador at\u00e9 o fim da partida.\u00a0<\/span><\/p>\n<p style=\"margin: 0px 0px 20px;line-height: 30px;font-size: 16px;color: #343434;font-family: Poppins, sans-serif\"><span style=\"font-size: 24px\">(Foto: Jhony Pinho\/AGIF)<\/span><\/p>\n<p style=\"margin: 0px 0px 20px;line-height: 30px;font-size: 16px;color: #343434;font-family: Poppins, sans-serif\"><span style=\"font-size: 24px\"><a href=\"https:\/\/www.cbf.com.br\/futebol-brasileiro\/competicoes\/copa-brasil-masculino\/2021\/72\" target=\"_blank\" rel=\"noopener noreferrer\">MAIS&#8230;<\/a><\/span><\/p>\n","protected":false},"excerpt":{"rendered":"<p>O\u00a0Internacional\u00a0largou bem na corrida por uma vaga nas oitavas da\u00a0Copa Intelbras do Brasil.\u00a0Na noite de quinta-feira (3), jogando no Manoel Barradas, o Colorado bateu o\u00a0Vit\u00f3ria\u00a0por 1 a 0, pelo jogo de ida da terceira fase, e conquistou a vantagem do empate para o segundo confronto.\u00a0 J\u00e1 o Rubro-Negro precisa igualar o saldo de gols no [&hellip;]<\/p>\n","protected":false},"author":6307,"featured_media":47828,"comment_status":"closed","ping_status":"open","sticky":false,"template":"","format":"standard","meta":{"_exactmetrics_skip_tracking":false,"_exactmetrics_sitenote_active":false,"_exactmetrics_sitenote_note":"","_exactmetrics_sitenote_category":0,"footnotes":""},"categories":[1505],"tags":[93,14598,47],"yoast_head":"<!-- This site is optimized with the Yoast SEO Premium plugin v22.7 (Yoast SEO v22.7) - https:\/\/yoast.com\/wordpress\/plugins\/seo\/ -->\n<title>R\u00c1DIO MARING\u00c1 - Fora de casa, Internacional derrota o Vit\u00f3ria pela Copa do Brasil - Orlando Gonzalez<\/title>\n<meta name=\"robots\" content=\"index, follow, max-snippet:-1, max-image-preview:large, max-video-preview:-1\" \/>\n<link rel=\"canonical\" href=\"https:\/\/maringapost.com.br\/orlandogonzalez\/2021\/06\/04\/radio-maringa-fora-de-casa-internacional-derrota-o-vitoria-pela-copa-do-brasil\/\" \/>\n<meta property=\"og:locale\" content=\"pt_BR\" \/>\n<meta property=\"og:type\" content=\"article\" \/>\n<meta property=\"og:title\" content=\"R\u00c1DIO MARING\u00c1 - Fora de casa, Internacional derrota o Vit\u00f3ria pela Copa do Brasil\" \/>\n<meta property=\"og:description\" content=\"O\u00a0Internacional\u00a0largou bem na corrida por uma vaga nas oitavas da\u00a0Copa Intelbras do Brasil.\u00a0Na noite de quinta-feira (3), jogando no Manoel Barradas, o Colorado bateu o\u00a0Vit\u00f3ria\u00a0por 1 a 0, pelo jogo de ida da terceira fase, e conquistou a vantagem do empate para o segundo confronto.\u00a0 J\u00e1 o Rubro-Negro precisa igualar o saldo de gols no [&hellip;]\" \/>\n<meta property=\"og:url\" content=\"https:\/\/maringapost.com.br\/orlandogonzalez\/2021\/06\/04\/radio-maringa-fora-de-casa-internacional-derrota-o-vitoria-pela-copa-do-brasil\/\" \/>\n<meta property=\"og:site_name\" content=\"Orlando Gonzalez\" \/>\n<meta property=\"article:author\" content=\"https:\/\/www.facebook.com\/profile.php?id=100011095815065\" \/>\n<meta property=\"article:published_time\" content=\"2021-06-04T13:52:41+00:00\" \/>\n<meta property=\"article:modified_time\" content=\"2021-06-04T13:53:00+00:00\" \/>\n<meta property=\"og:image\" content=\"https:\/\/maringapost.com.br\/orlandogonzalez\/wp-content\/uploads\/sites\/17\/2021\/06\/intervence.jpeg\" \/>\n\t<meta property=\"og:image:width\" content=\"910\" \/>\n\t<meta property=\"og:image:height\" content=\"455\" \/>\n\t<meta property=\"og:image:type\" content=\"image\/jpeg\" \/>\n<meta name=\"author\" content=\"Orlando Gonzalez\" \/>\n<meta name=\"twitter:card\" content=\"summary_large_image\" \/>\n<meta name=\"twitter:creator\" content=\"@gonzalezorlando\" \/>\n<meta name=\"twitter:label1\" content=\"Escrito por\" \/>\n\t<meta name=\"twitter:data1\" content=\"\" \/>\n\t<meta name=\"twitter:label2\" content=\"Est. tempo de leitura\" \/>\n\t<meta name=\"twitter:data2\" content=\"2 minutos\" \/>\n<script type=\"application\/ld+json\" class=\"yoast-schema-graph\">{\"@context\":\"https:\/\/schema.org\",\"@graph\":[{\"@type\":\"WebPage\",\"@id\":\"https:\/\/maringapost.com.br\/orlandogonzalez\/2021\/06\/04\/radio-maringa-fora-de-casa-internacional-derrota-o-vitoria-pela-copa-do-brasil\/\",\"url\":\"https:\/\/maringapost.com.br\/orlandogonzalez\/2021\/06\/04\/radio-maringa-fora-de-casa-internacional-derrota-o-vitoria-pela-copa-do-brasil\/\",\"name\":\"R\u00c1DIO MARING\u00c1 - Fora de casa, Internacional derrota o Vit\u00f3ria pela Copa do Brasil - Orlando Gonzalez\",\"isPartOf\":{\"@id\":\"https:\/\/maringapost.com.br\/orlandogonzalez\/#website\"},\"primaryImageOfPage\":{\"@id\":\"https:\/\/maringapost.com.br\/orlandogonzalez\/2021\/06\/04\/radio-maringa-fora-de-casa-internacional-derrota-o-vitoria-pela-copa-do-brasil\/#primaryimage\"},\"image\":{\"@id\":\"https:\/\/maringapost.com.br\/orlandogonzalez\/2021\/06\/04\/radio-maringa-fora-de-casa-internacional-derrota-o-vitoria-pela-copa-do-brasil\/#primaryimage\"},\"thumbnailUrl\":\"https:\/\/maringapost.com.br\/orlandogonzalez\/wp-content\/uploads\/sites\/17\/2021\/06\/intervence.jpeg\",\"datePublished\":\"2021-06-04T13:52:41+00:00\",\"dateModified\":\"2021-06-04T13:53:00+00:00\",\"author\":{\"@id\":\"https:\/\/maringapost.com.br\/orlandogonzalez\/#\/schema\/person\/5cbe6257d08edea6afc9ebaa613b0633\"},\"inLanguage\":\"pt-BR\",\"potentialAction\":[{\"@type\":\"ReadAction\",\"target\":[\"https:\/\/maringapost.com.br\/orlandogonzalez\/2021\/06\/04\/radio-maringa-fora-de-casa-internacional-derrota-o-vitoria-pela-copa-do-brasil\/\"]}]},{\"@type\":\"ImageObject\",\"inLanguage\":\"pt-BR\",\"@id\":\"https:\/\/maringapost.com.br\/orlandogonzalez\/2021\/06\/04\/radio-maringa-fora-de-casa-internacional-derrota-o-vitoria-pela-copa-do-brasil\/#primaryimage\",\"url\":\"https:\/\/maringapost.com.br\/orlandogonzalez\/wp-content\/uploads\/sites\/17\/2021\/06\/intervence.jpeg\",\"contentUrl\":\"https:\/\/maringapost.com.br\/orlandogonzalez\/wp-content\/uploads\/sites\/17\/2021\/06\/intervence.jpeg\",\"width\":910,\"height\":455},{\"@type\":\"WebSite\",\"@id\":\"https:\/\/maringapost.com.br\/orlandogonzalez\/#website\",\"url\":\"https:\/\/maringapost.com.br\/orlandogonzalez\/\",\"name\":\"Orlando Gonzalez\",\"description\":\"Destaca o esporte de Maring\u00e1! Destaca o esporte do Paran\u00e1! Destaca o esporte do Brasil!\",\"potentialAction\":[{\"@type\":\"SearchAction\",\"target\":{\"@type\":\"EntryPoint\",\"urlTemplate\":\"https:\/\/maringapost.com.br\/orlandogonzalez\/?s={search_term_string}\"},\"query-input\":\"required name=search_term_string\"}],\"inLanguage\":\"pt-BR\"},{\"@type\":\"Person\",\"@id\":\"https:\/\/maringapost.com.br\/orlandogonzalez\/#\/schema\/person\/5cbe6257d08edea6afc9ebaa613b0633\",\"name\":\"Orlando Gonzalez\",\"image\":{\"@type\":\"ImageObject\",\"inLanguage\":\"pt-BR\",\"@id\":\"https:\/\/maringapost.com.br\/orlandogonzalez\/#\/schema\/person\/image\/\",\"url\":\"https:\/\/secure.gravatar.com\/avatar\/ecef9d1c9afe5ebdafadde8369065ba5?s=96&d=mm&r=g\",\"contentUrl\":\"https:\/\/secure.gravatar.com\/avatar\/ecef9d1c9afe5ebdafadde8369065ba5?s=96&d=mm&r=g\",\"caption\":\"Orlando Gonzalez\"},\"description\":\"H\u00e1 29 anos na cobertura do esporte de Maring\u00e1. Plant\u00e3o e narrador esportivo. Presta\u00e7\u00e3o de assessoria de imprensa esportiva, cobertura e transmiss\u00f5es ao vivo de eventos esportivos. E-mail: orlandogonzalez.assessoria@gmail.com WhatsApp: (44) 9 9126-6119\",\"sameAs\":[\"http:\/\/www.radiomaringa.com.br\/\",\"https:\/\/www.facebook.com\/profile.php?id=100011095815065\",\"https:\/\/www.instagram.com\/orlandomgonzalez\/\",\"https:\/\/br.pinterest.com\/ogonzalez0530\/\",\"https:\/\/x.com\/gonzalezorlando\",\"https:\/\/www.youtube.com\/channel\/UCvFpl55btth8wjnKiSS1ibA\",\"https:\/\/radiomaringaweb.tumblr.com\/\"],\"url\":\"https:\/\/maringapost.com.br\/orlandogonzalez\/author\/orlando\/\"}]}<\/script>\n<!-- \/ Yoast SEO Premium plugin. -->","yoast_head_json":{"title":"R\u00c1DIO MARING\u00c1 - Fora de casa, Internacional derrota o Vit\u00f3ria pela Copa do Brasil - Orlando Gonzalez","robots":{"index":"index","follow":"follow","max-snippet":"max-snippet:-1","max-image-preview":"max-image-preview:large","max-video-preview":"max-video-preview:-1"},"canonical":"https:\/\/maringapost.com.br\/orlandogonzalez\/2021\/06\/04\/radio-maringa-fora-de-casa-internacional-derrota-o-vitoria-pela-copa-do-brasil\/","og_locale":"pt_BR","og_type":"article","og_title":"R\u00c1DIO MARING\u00c1 - Fora de casa, Internacional derrota o Vit\u00f3ria pela Copa do Brasil","og_description":"O\u00a0Internacional\u00a0largou bem na corrida por uma vaga nas oitavas da\u00a0Copa Intelbras do Brasil.\u00a0Na noite de quinta-feira (3), jogando no Manoel Barradas, o Colorado bateu o\u00a0Vit\u00f3ria\u00a0por 1 a 0, pelo jogo de ida da terceira fase, e conquistou a vantagem do empate para o segundo confronto.\u00a0 J\u00e1 o Rubro-Negro precisa igualar o saldo de gols no [&hellip;]","og_url":"https:\/\/maringapost.com.br\/orlandogonzalez\/2021\/06\/04\/radio-maringa-fora-de-casa-internacional-derrota-o-vitoria-pela-copa-do-brasil\/","og_site_name":"Orlando Gonzalez","article_author":"https:\/\/www.facebook.com\/profile.php?id=100011095815065","article_published_time":"2021-06-04T13:52:41+00:00","article_modified_time":"2021-06-04T13:53:00+00:00","og_image":[{"width":910,"height":455,"url":"https:\/\/maringapost.com.br\/orlandogonzalez\/wp-content\/uploads\/sites\/17\/2021\/06\/intervence.jpeg","type":"image\/jpeg"}],"author":"Orlando Gonzalez","twitter_card":"summary_large_image","twitter_creator":"@gonzalezorlando","twitter_misc":{"Escrito por":false,"Est. tempo de leitura":"2 minutos"},"schema":{"@context":"https:\/\/schema.org","@graph":[{"@type":"WebPage","@id":"https:\/\/maringapost.com.br\/orlandogonzalez\/2021\/06\/04\/radio-maringa-fora-de-casa-internacional-derrota-o-vitoria-pela-copa-do-brasil\/","url":"https:\/\/maringapost.com.br\/orlandogonzalez\/2021\/06\/04\/radio-maringa-fora-de-casa-internacional-derrota-o-vitoria-pela-copa-do-brasil\/","name":"R\u00c1DIO MARING\u00c1 - Fora de casa, Internacional derrota o Vit\u00f3ria pela Copa do Brasil - Orlando Gonzalez","isPartOf":{"@id":"https:\/\/maringapost.com.br\/orlandogonzalez\/#website"},"primaryImageOfPage":{"@id":"https:\/\/maringapost.com.br\/orlandogonzalez\/2021\/06\/04\/radio-maringa-fora-de-casa-internacional-derrota-o-vitoria-pela-copa-do-brasil\/#primaryimage"},"image":{"@id":"https:\/\/maringapost.com.br\/orlandogonzalez\/2021\/06\/04\/radio-maringa-fora-de-casa-internacional-derrota-o-vitoria-pela-copa-do-brasil\/#primaryimage"},"thumbnailUrl":"https:\/\/maringapost.com.br\/orlandogonzalez\/wp-content\/uploads\/sites\/17\/2021\/06\/intervence.jpeg","datePublished":"2021-06-04T13:52:41+00:00","dateModified":"2021-06-04T13:53:00+00:00","author":{"@id":"https:\/\/maringapost.com.br\/orlandogonzalez\/#\/schema\/person\/5cbe6257d08edea6afc9ebaa613b0633"},"inLanguage":"pt-BR","potentialAction":[{"@type":"ReadAction","target":["https:\/\/maringapost.com.br\/orlandogonzalez\/2021\/06\/04\/radio-maringa-fora-de-casa-internacional-derrota-o-vitoria-pela-copa-do-brasil\/"]}]},{"@type":"ImageObject","inLanguage":"pt-BR","@id":"https:\/\/maringapost.com.br\/orlandogonzalez\/2021\/06\/04\/radio-maringa-fora-de-casa-internacional-derrota-o-vitoria-pela-copa-do-brasil\/#primaryimage","url":"https:\/\/maringapost.com.br\/orlandogonzalez\/wp-content\/uploads\/sites\/17\/2021\/06\/intervence.jpeg","contentUrl":"https:\/\/maringapost.com.br\/orlandogonzalez\/wp-content\/uploads\/sites\/17\/2021\/06\/intervence.jpeg","width":910,"height":455},{"@type":"WebSite","@id":"https:\/\/maringapost.com.br\/orlandogonzalez\/#website","url":"https:\/\/maringapost.com.br\/orlandogonzalez\/","name":"Orlando Gonzalez","description":"Destaca o esporte de Maring\u00e1! Destaca o esporte do Paran\u00e1! Destaca o esporte do Brasil!","potentialAction":[{"@type":"SearchAction","target":{"@type":"EntryPoint","urlTemplate":"https:\/\/maringapost.com.br\/orlandogonzalez\/?s={search_term_string}"},"query-input":"required name=search_term_string"}],"inLanguage":"pt-BR"},{"@type":"Person","@id":"https:\/\/maringapost.com.br\/orlandogonzalez\/#\/schema\/person\/5cbe6257d08edea6afc9ebaa613b0633","name":"Orlando Gonzalez","image":{"@type":"ImageObject","inLanguage":"pt-BR","@id":"https:\/\/maringapost.com.br\/orlandogonzalez\/#\/schema\/person\/image\/","url":"https:\/\/secure.gravatar.com\/avatar\/ecef9d1c9afe5ebdafadde8369065ba5?s=96&d=mm&r=g","contentUrl":"https:\/\/secure.gravatar.com\/avatar\/ecef9d1c9afe5ebdafadde8369065ba5?s=96&d=mm&r=g","caption":"Orlando Gonzalez"},"description":"H\u00e1 29 anos na cobertura do esporte de Maring\u00e1. Plant\u00e3o e narrador esportivo. Presta\u00e7\u00e3o de assessoria de imprensa esportiva, cobertura e transmiss\u00f5es ao vivo de eventos esportivos. E-mail: orlandogonzalez.assessoria@gmail.com WhatsApp: (44) 9 9126-6119","sameAs":["http:\/\/www.radiomaringa.com.br\/","https:\/\/www.facebook.com\/profile.php?id=100011095815065","https:\/\/www.instagram.com\/orlandomgonzalez\/","https:\/\/br.pinterest.com\/ogonzalez0530\/","https:\/\/x.com\/gonzalezorlando","https:\/\/www.youtube.com\/channel\/UCvFpl55btth8wjnKiSS1ibA","https:\/\/radiomaringaweb.tumblr.com\/"],"url":"https:\/\/maringapost.com.br\/orlandogonzalez\/author\/orlando\/"}]}},"_links":{"self":[{"href":"https:\/\/maringapost.com.br\/orlandogonzalez\/wp-json\/wp\/v2\/posts\/47827"}],"collection":[{"href":"https:\/\/maringapost.com.br\/orlandogonzalez\/wp-json\/wp\/v2\/posts"}],"about":[{"href":"https:\/\/maringapost.com.br\/orlandogonzalez\/wp-json\/wp\/v2\/types\/post"}],"author":[{"embeddable":true,"href":"https:\/\/maringapost.com.br\/orlandogonzalez\/wp-json\/wp\/v2\/users\/6307"}],"replies":[{"embeddable":true,"href":"https:\/\/maringapost.com.br\/orlandogonzalez\/wp-json\/wp\/v2\/comments?post=47827"}],"version-history":[{"count":2,"href":"https:\/\/maringapost.com.br\/orlandogonzalez\/wp-json\/wp\/v2\/posts\/47827\/revisions"}],"predecessor-version":[{"id":47830,"href":"https:\/\/maringapost.com.br\/orlandogonzalez\/wp-json\/wp\/v2\/posts\/47827\/revisions\/47830"}],"wp:featuredmedia":[{"embeddable":true,"href":"https:\/\/maringapost.com.br\/orlandogonzalez\/wp-json\/wp\/v2\/media\/47828"}],"wp:attachment":[{"href":"https:\/\/maringapost.com.br\/orlandogonzalez\/wp-json\/wp\/v2\/media?parent=47827"}],"wp:term":[{"taxonomy":"category","embeddable":true,"href":"https:\/\/maringapost.com.br\/orlandogonzalez\/wp-json\/wp\/v2\/categories?post=47827"},{"taxonomy":"post_tag","embeddable":true,"href":"https:\/\/maringapost.com.br\/orlandogonzalez\/wp-json\/wp\/v2\/tags?post=47827"}],"curies":[{"name":"wp","href":"https:\/\/api.w.org\/{rel}","templated":true}]}}