{"id":47796,"date":"2021-06-03T14:55:35","date_gmt":"2021-06-03T17:55:35","guid":{"rendered":"http:\/\/maringapost.com.br\/orlandogonzalez\/?p=47796"},"modified":"2021-06-03T14:56:26","modified_gmt":"2021-06-03T17:56:26","slug":"radio-maringa-curitiba-sedia-segunda-etapa-do-imperio-endurance-brasil-neste-sabado","status":"publish","type":"post","link":"https:\/\/maringapost.com.br\/orlandogonzalez\/2021\/06\/03\/radio-maringa-curitiba-sedia-segunda-etapa-do-imperio-endurance-brasil-neste-sabado\/","title":{"rendered":"R\u00c1DIO MARING\u00c1 &#8211; Curitiba sedia segunda etapa do Imp\u00e9rio Endurance Brasil neste s\u00e1bado"},"content":{"rendered":"<p style=\"line-height: inherit;color: #555555;font-family: 'Trebuchet MS', 'Lucida Grande', 'Lucida Sans Unicode', 'Lucida Sans', Tahoma, sans-serif;font-size: 16px;text-align: justify\"><span style=\"font-size: 24px\">Curitiba\u00a0recebe neste s\u00e1bado a segunda etapa do Imp\u00e9rio Endurance Brasil, a categoria que re\u00fane as marcas mais desejadas e os carros mais r\u00e1pidos do Brasil. A prova ter\u00e1 quatro horas de dura\u00e7\u00e3o e tem tudo para ser uma das mais disputadas da temporada, com duelos quentes pela vit\u00f3ria nas sete categorias que comp\u00f5e o evento<a href=\"https:\/\/www.orlandogonzalez.com.br\/\" target=\"_blank\" rel=\"noopener\">.\u00a0<\/a><\/span><\/p>\n<p style=\"line-height: inherit;color: #555555;font-family: 'Trebuchet MS', 'Lucida Grande', 'Lucida Sans Unicode', 'Lucida Sans', Tahoma, sans-serif;font-size: 16px;text-align: justify\"><span style=\"font-size: 24px\">Vencedores da disputa que abriu a temporada em Goi\u00e2nia, o trio Fernando Fortes, Henrique Assun\u00e7\u00e3o e Fernando Ohasi \u2013 os dois primeiros atuais campe\u00f5es da categoria &#8211; chega \u00e0 capital paranaense disposto a repetir a dose. Mas sabem que vencer duas seguidas n\u00e3o \u00e9 tarefa f\u00e1cil<a href=\"\/\/radiomaringa.com.br\/\" target=\"_blank\" rel=\"noopener\">.<\/a><\/span><br style=\"line-height: inherit\" \/><br style=\"line-height: inherit\" \/><span style=\"font-size: 24px\">\u201cEstamos muito felizes por termos come\u00e7ado bem o campeonato, mas a gente sabe que o Imp\u00e9rio Endurance Brasil \u00e9 muito equilibrado e n\u00e3o existem favoritos. Vamos fazer nosso trabalho, focados em buscar o melhor resultado poss\u00edvel. Porque, mais importante do que vencer, \u00e9 ter regularidade e somar o m\u00e1ximo de pontos poss\u00edvel em cada etapa. Foi isso que nos levou ao t\u00edtulo do ano passado\u201d, afirmou Assun\u00e7\u00e3o.\u00a0<\/span><br style=\"line-height: inherit\" \/><br style=\"line-height: inherit\" \/><span style=\"font-size: 24px\"><strong style=\"line-height: inherit\">GT3 PROMETE ESQUENTAR EM CURITIBA<\/strong><\/span><\/p>\n<p style=\"line-height: inherit;color: #555555;font-family: 'Trebuchet MS', 'Lucida Grande', 'Lucida Sans Unicode', 'Lucida Sans', Tahoma, sans-serif;font-size: 16px;text-align: justify\"><span style=\"font-size: 24px\">A previs\u00e3o do tempo aponta que, no s\u00e1bado, a temperatura n\u00e3o chegar\u00e1 nem a 20 graus. Mas na categoria GT3, a disputa tamb\u00e9m promete pegar fogo! Ricardo Maur\u00edcio e Marcel Visconde \u2013 dupla veterana do Imp\u00e9rio Endurance Brasil &#8211; venceram na abertura da temporada a bordo da Porsche 911, mas contam com rivais de alt\u00edssimo n\u00edvel que prometem pisar fundo para alcan\u00e7ar o degrau mais alto do p\u00f3dio em Goi\u00e2nia.<\/span><br style=\"line-height: inherit\" \/><br style=\"line-height: inherit\" \/><span style=\"font-size: 24px\">\u00c9 o caso de dois estreantes de peso. Cac\u00e1 Bueno e Ricardo Baptista ingressaram no campeonato este ano a bordo de uma Mercedes AMG GT3. Em Goi\u00e2nia, ficaram na segunda posi\u00e7\u00e3o da categoria e agora se sentem mais preparados para brigar pela vit\u00f3ria.<\/span><br style=\"line-height: inherit\" \/><br style=\"line-height: inherit\" \/><span style=\"font-size: 24px\">\u201cNossa estreia foi bem positiva com um p\u00f3dio e vamos continuar trabalhando para vencer na categoria GT3. A primeira etapa nos deu uma boa confian\u00e7a para temporada 2021 e tenho certeza de que estaremos novamente fortes neste final de semana em Curitiba, j\u00e1 que esta pista tem caracter\u00edsticas parecidas com Goi\u00e2nia. \u00c9 minha primeira temporada no Endurance Brasil e j\u00e1 vimos que o equil\u00edbrio dos carros \u00e9 bem forte, assim como o alto n\u00edvel t\u00e9cnico dos pilotos\u201d, afirmou Cac\u00e1 Beuno.<\/span><\/p>\n<p style=\"line-height: inherit;color: #555555;font-family: 'Trebuchet MS', 'Lucida Grande', 'Lucida Sans Unicode', 'Lucida Sans', Tahoma, sans-serif;font-size: 16px;text-align: justify\"><span style=\"font-size: 24px\">Outra dupla que merece destaque no grid da GT3 \u00e9 Marcelo Hahn e Allam Khodair, que competem a bordo de uma McLaren 720s. Os dois correm juntos desde 2007, j\u00e1 conquistaram o Sul-Americano de GT (20013) e chegam no Imp\u00e9rio Endurance Brasil credenciados pela conquista da GT Open no ano passado.<\/span><\/p>\n<p style=\"line-height: inherit;color: #555555;font-family: 'Trebuchet MS', 'Lucida Grande', 'Lucida Sans Unicode', 'Lucida Sans', Tahoma, sans-serif;font-size: 16px;text-align: justify\"><span style=\"font-size: 24px\">\u201cNossa primeira corrida, em Goi\u00e2nia, foi de adapta\u00e7\u00e3o. O carro tinha acabado de chegar ao Brasil, n\u00f3s n\u00e3o sab\u00edamos bem como ele iria reagir \u00e0s caracter\u00edsticas da pistas brasileiras, aos insumos nacionais&#8230; Passada essa primeira experi\u00eancia, tanto para o carro quanto para n\u00f3s, que n\u00e3o conhec\u00edamos o campeonato, acredito que poderemos brigar ainda mais forte pelos primeiros lugares\u201d, afirmou Khodair, que ao lado de Hahn foi terceiro colocado da GT3 na primeira etapa da temporada.<\/span><\/p>\n<p style=\"line-height: inherit;color: #555555;font-family: 'Trebuchet MS', 'Lucida Grande', 'Lucida Sans Unicode', 'Lucida Sans', Tahoma, sans-serif;font-size: 16px;text-align: justify\"><span style=\"font-size: 24px\"><strong style=\"line-height: inherit\">HEGEMONIA POSTA \u00c0 PROVA NA GT4<\/strong><\/span><\/p>\n<p style=\"line-height: inherit;color: #555555;font-family: 'Trebuchet MS', 'Lucida Grande', 'Lucida Sans Unicode', 'Lucida Sans', Tahoma, sans-serif;font-size: 16px;text-align: justify\"><span style=\"font-size: 24px\">Na categoria GT4, os hegem\u00f4nicos \u00c1tila Abreu e L\u00e9o Sanchez, campe\u00f5es do ano passado e vencedores da etapa de Goi\u00e2nia a bordo da Mercedes, enfrentam a concorr\u00eancia das duas McLaren 570S da equipe Autlog. De um lado, o trio formado por Gustavo Conde, Marco Pisani e Marcelo Brisc. Do outro, o um quarteto com Leandro Ferrari, C\u00e1ssio Homem de Mello, Andr\u00e9 Moraes Jr, e Fl\u00e1vio Abrunhoza. Outro desafiante desta categoria \u00e9 a BMW M4 de Henry Visconde, Paulo Sousa e Lucas Foresti.<\/span><\/p>\n<p style=\"line-height: inherit;color: #555555;font-family: 'Trebuchet MS', 'Lucida Grande', 'Lucida Sans Unicode', 'Lucida Sans', Tahoma, sans-serif;font-size: 16px;text-align: justify\"><span style=\"font-size: 24px\">Na GT4 Light, a briga est\u00e1 concentrada em duas marcas: A Ginetta, que conta com tr\u00eas carros no grid, e o Audi dos irm\u00e3os Wagner e F\u00e1bio Ebrahim.<\/span><br style=\"line-height: inherit\" \/><br style=\"line-height: inherit\" \/><span style=\"font-size: 24px\">Outra categoria que tem duelo direto pela vit\u00f3ria \u00e9 a P2, onde o nov\u00edssimo prot\u00f3tipo da Giaffone Racing preparado pela JD David Team guiado por Alan Hellmeister e Guto Negr\u00e3o desafia o MCR V8 do trio de pilotos da FTR Motorsport Fernando Poeta, Mar\u00e7al Muller e Claudio Ricci.<\/span><\/p>\n<p style=\"line-height: inherit;color: #555555;font-family: 'Trebuchet MS', 'Lucida Grande', 'Lucida Sans Unicode', 'Lucida Sans', Tahoma, sans-serif;font-size: 16px;text-align: justify\"><span style=\"font-size: 24px\">Na P3, destaque para a volta dos atuais campe\u00f5es Aldoir Sette e Marcelo Campagnolo ao grid. A dupla n\u00e3o participou da etapa de Goi\u00e2nia e chega em Curitiba com o objetivo de tirar das m\u00e3os de Tiel Andrade e Jo\u00e3o Pedro Maia a primeira coloca\u00e7\u00e3o do campeonato.\u00a0<\/span><\/p>\n<p style=\"line-height: inherit;color: #555555;font-family: 'Trebuchet MS', 'Lucida Grande', 'Lucida Sans Unicode', 'Lucida Sans', Tahoma, sans-serif;font-size: 16px;text-align: justify\"><span style=\"font-size: 24px\">A largada das Quatro Horas de Curitibaest\u00e1 marcada para 11h30 deste s\u00e1bado. A prova conta com transmiss\u00e3o ao vivo e na \u00edntegra no canal do Imp\u00e9rio Endurance Brasil no Youtube.<\/span><\/p>\n<p style=\"line-height: inherit;color: #555555;font-family: 'Trebuchet MS', 'Lucida Grande', 'Lucida Sans Unicode', 'Lucida Sans', Tahoma, sans-serif;font-size: 16px;text-align: justify\"><span style=\"font-size: 24px\">(Assessoria)<\/span><\/p>\n","protected":false},"excerpt":{"rendered":"<p>Curitiba\u00a0recebe neste s\u00e1bado a segunda etapa do Imp\u00e9rio Endurance Brasil, a categoria que re\u00fane as marcas mais desejadas e os carros mais r\u00e1pidos do Brasil. A prova ter\u00e1 quatro horas de dura\u00e7\u00e3o e tem tudo para ser uma das mais disputadas da temporada, com duelos quentes pela vit\u00f3ria nas sete categorias que comp\u00f5e o evento.\u00a0 [&hellip;]<\/p>\n","protected":false},"author":6307,"featured_media":47797,"comment_status":"closed","ping_status":"open","sticky":false,"template":"","format":"standard","meta":{"_exactmetrics_skip_tracking":false,"_exactmetrics_sitenote_active":false,"_exactmetrics_sitenote_note":"","_exactmetrics_sitenote_category":0,"footnotes":""},"categories":[1267],"tags":[14555,4619,47],"yoast_head":"<!-- This site is optimized with the Yoast SEO Premium plugin v22.7 (Yoast SEO v22.7) - https:\/\/yoast.com\/wordpress\/plugins\/seo\/ -->\n<title>R\u00c1DIO MARING\u00c1 - Curitiba sedia segunda etapa do Imp\u00e9rio Endurance Brasil neste s\u00e1bado - Orlando Gonzalez<\/title>\n<meta name=\"robots\" content=\"index, follow, max-snippet:-1, max-image-preview:large, max-video-preview:-1\" \/>\n<link rel=\"canonical\" href=\"https:\/\/maringapost.com.br\/orlandogonzalez\/2021\/06\/03\/radio-maringa-curitiba-sedia-segunda-etapa-do-imperio-endurance-brasil-neste-sabado\/\" \/>\n<meta property=\"og:locale\" content=\"pt_BR\" \/>\n<meta property=\"og:type\" content=\"article\" \/>\n<meta property=\"og:title\" content=\"R\u00c1DIO MARING\u00c1 - Curitiba sedia segunda etapa do Imp\u00e9rio Endurance Brasil neste s\u00e1bado\" \/>\n<meta property=\"og:description\" content=\"Curitiba\u00a0recebe neste s\u00e1bado a segunda etapa do Imp\u00e9rio Endurance Brasil, a categoria que re\u00fane as marcas mais desejadas e os carros mais r\u00e1pidos do Brasil. A prova ter\u00e1 quatro horas de dura\u00e7\u00e3o e tem tudo para ser uma das mais disputadas da temporada, com duelos quentes pela vit\u00f3ria nas sete categorias que comp\u00f5e o evento.\u00a0 [&hellip;]\" \/>\n<meta property=\"og:url\" content=\"https:\/\/maringapost.com.br\/orlandogonzalez\/2021\/06\/03\/radio-maringa-curitiba-sedia-segunda-etapa-do-imperio-endurance-brasil-neste-sabado\/\" \/>\n<meta property=\"og:site_name\" content=\"Orlando Gonzalez\" \/>\n<meta property=\"article:author\" content=\"https:\/\/www.facebook.com\/profile.php?id=100011095815065\" \/>\n<meta property=\"article:published_time\" content=\"2021-06-03T17:55:35+00:00\" \/>\n<meta property=\"article:modified_time\" content=\"2021-06-03T17:56:26+00:00\" \/>\n<meta property=\"og:image\" content=\"https:\/\/maringapost.com.br\/orlandogonzalez\/wp-content\/uploads\/sites\/17\/2021\/06\/392673_971309_btx15414.jpg\" \/>\n\t<meta property=\"og:image:width\" content=\"1280\" \/>\n\t<meta property=\"og:image:height\" content=\"853\" \/>\n\t<meta property=\"og:image:type\" content=\"image\/jpeg\" \/>\n<meta name=\"author\" content=\"Orlando Gonzalez\" \/>\n<meta name=\"twitter:card\" content=\"summary_large_image\" \/>\n<meta name=\"twitter:creator\" content=\"@gonzalezorlando\" \/>\n<meta name=\"twitter:label1\" content=\"Escrito por\" \/>\n\t<meta name=\"twitter:data1\" content=\"\" \/>\n\t<meta name=\"twitter:label2\" content=\"Est. tempo de leitura\" \/>\n\t<meta name=\"twitter:data2\" content=\"4 minutos\" \/>\n<script type=\"application\/ld+json\" class=\"yoast-schema-graph\">{\"@context\":\"https:\/\/schema.org\",\"@graph\":[{\"@type\":\"WebPage\",\"@id\":\"https:\/\/maringapost.com.br\/orlandogonzalez\/2021\/06\/03\/radio-maringa-curitiba-sedia-segunda-etapa-do-imperio-endurance-brasil-neste-sabado\/\",\"url\":\"https:\/\/maringapost.com.br\/orlandogonzalez\/2021\/06\/03\/radio-maringa-curitiba-sedia-segunda-etapa-do-imperio-endurance-brasil-neste-sabado\/\",\"name\":\"R\u00c1DIO MARING\u00c1 - Curitiba sedia segunda etapa do Imp\u00e9rio Endurance Brasil neste s\u00e1bado - Orlando Gonzalez\",\"isPartOf\":{\"@id\":\"https:\/\/maringapost.com.br\/orlandogonzalez\/#website\"},\"primaryImageOfPage\":{\"@id\":\"https:\/\/maringapost.com.br\/orlandogonzalez\/2021\/06\/03\/radio-maringa-curitiba-sedia-segunda-etapa-do-imperio-endurance-brasil-neste-sabado\/#primaryimage\"},\"image\":{\"@id\":\"https:\/\/maringapost.com.br\/orlandogonzalez\/2021\/06\/03\/radio-maringa-curitiba-sedia-segunda-etapa-do-imperio-endurance-brasil-neste-sabado\/#primaryimage\"},\"thumbnailUrl\":\"https:\/\/maringapost.com.br\/orlandogonzalez\/wp-content\/uploads\/sites\/17\/2021\/06\/392673_971309_btx15414.jpg\",\"datePublished\":\"2021-06-03T17:55:35+00:00\",\"dateModified\":\"2021-06-03T17:56:26+00:00\",\"author\":{\"@id\":\"https:\/\/maringapost.com.br\/orlandogonzalez\/#\/schema\/person\/5cbe6257d08edea6afc9ebaa613b0633\"},\"inLanguage\":\"pt-BR\",\"potentialAction\":[{\"@type\":\"ReadAction\",\"target\":[\"https:\/\/maringapost.com.br\/orlandogonzalez\/2021\/06\/03\/radio-maringa-curitiba-sedia-segunda-etapa-do-imperio-endurance-brasil-neste-sabado\/\"]}]},{\"@type\":\"ImageObject\",\"inLanguage\":\"pt-BR\",\"@id\":\"https:\/\/maringapost.com.br\/orlandogonzalez\/2021\/06\/03\/radio-maringa-curitiba-sedia-segunda-etapa-do-imperio-endurance-brasil-neste-sabado\/#primaryimage\",\"url\":\"https:\/\/maringapost.com.br\/orlandogonzalez\/wp-content\/uploads\/sites\/17\/2021\/06\/392673_971309_btx15414.jpg\",\"contentUrl\":\"https:\/\/maringapost.com.br\/orlandogonzalez\/wp-content\/uploads\/sites\/17\/2021\/06\/392673_971309_btx15414.jpg\",\"width\":1280,\"height\":853},{\"@type\":\"WebSite\",\"@id\":\"https:\/\/maringapost.com.br\/orlandogonzalez\/#website\",\"url\":\"https:\/\/maringapost.com.br\/orlandogonzalez\/\",\"name\":\"Orlando Gonzalez\",\"description\":\"Destaca o esporte de Maring\u00e1! Destaca o esporte do Paran\u00e1! Destaca o esporte do Brasil!\",\"potentialAction\":[{\"@type\":\"SearchAction\",\"target\":{\"@type\":\"EntryPoint\",\"urlTemplate\":\"https:\/\/maringapost.com.br\/orlandogonzalez\/?s={search_term_string}\"},\"query-input\":\"required name=search_term_string\"}],\"inLanguage\":\"pt-BR\"},{\"@type\":\"Person\",\"@id\":\"https:\/\/maringapost.com.br\/orlandogonzalez\/#\/schema\/person\/5cbe6257d08edea6afc9ebaa613b0633\",\"name\":\"Orlando Gonzalez\",\"image\":{\"@type\":\"ImageObject\",\"inLanguage\":\"pt-BR\",\"@id\":\"https:\/\/maringapost.com.br\/orlandogonzalez\/#\/schema\/person\/image\/\",\"url\":\"https:\/\/secure.gravatar.com\/avatar\/ecef9d1c9afe5ebdafadde8369065ba5?s=96&d=mm&r=g\",\"contentUrl\":\"https:\/\/secure.gravatar.com\/avatar\/ecef9d1c9afe5ebdafadde8369065ba5?s=96&d=mm&r=g\",\"caption\":\"Orlando Gonzalez\"},\"description\":\"H\u00e1 29 anos na cobertura do esporte de Maring\u00e1. Plant\u00e3o e narrador esportivo. Presta\u00e7\u00e3o de assessoria de imprensa esportiva, cobertura e transmiss\u00f5es ao vivo de eventos esportivos. E-mail: orlandogonzalez.assessoria@gmail.com WhatsApp: (44) 9 9126-6119\",\"sameAs\":[\"http:\/\/www.radiomaringa.com.br\/\",\"https:\/\/www.facebook.com\/profile.php?id=100011095815065\",\"https:\/\/www.instagram.com\/orlandomgonzalez\/\",\"https:\/\/br.pinterest.com\/ogonzalez0530\/\",\"https:\/\/x.com\/gonzalezorlando\",\"https:\/\/www.youtube.com\/channel\/UCvFpl55btth8wjnKiSS1ibA\",\"https:\/\/radiomaringaweb.tumblr.com\/\"],\"url\":\"https:\/\/maringapost.com.br\/orlandogonzalez\/author\/orlando\/\"}]}<\/script>\n<!-- \/ Yoast SEO Premium plugin. -->","yoast_head_json":{"title":"R\u00c1DIO MARING\u00c1 - Curitiba sedia segunda etapa do Imp\u00e9rio Endurance Brasil neste s\u00e1bado - Orlando Gonzalez","robots":{"index":"index","follow":"follow","max-snippet":"max-snippet:-1","max-image-preview":"max-image-preview:large","max-video-preview":"max-video-preview:-1"},"canonical":"https:\/\/maringapost.com.br\/orlandogonzalez\/2021\/06\/03\/radio-maringa-curitiba-sedia-segunda-etapa-do-imperio-endurance-brasil-neste-sabado\/","og_locale":"pt_BR","og_type":"article","og_title":"R\u00c1DIO MARING\u00c1 - Curitiba sedia segunda etapa do Imp\u00e9rio Endurance Brasil neste s\u00e1bado","og_description":"Curitiba\u00a0recebe neste s\u00e1bado a segunda etapa do Imp\u00e9rio Endurance Brasil, a categoria que re\u00fane as marcas mais desejadas e os carros mais r\u00e1pidos do Brasil. A prova ter\u00e1 quatro horas de dura\u00e7\u00e3o e tem tudo para ser uma das mais disputadas da temporada, com duelos quentes pela vit\u00f3ria nas sete categorias que comp\u00f5e o evento.\u00a0 [&hellip;]","og_url":"https:\/\/maringapost.com.br\/orlandogonzalez\/2021\/06\/03\/radio-maringa-curitiba-sedia-segunda-etapa-do-imperio-endurance-brasil-neste-sabado\/","og_site_name":"Orlando Gonzalez","article_author":"https:\/\/www.facebook.com\/profile.php?id=100011095815065","article_published_time":"2021-06-03T17:55:35+00:00","article_modified_time":"2021-06-03T17:56:26+00:00","og_image":[{"width":1280,"height":853,"url":"https:\/\/maringapost.com.br\/orlandogonzalez\/wp-content\/uploads\/sites\/17\/2021\/06\/392673_971309_btx15414.jpg","type":"image\/jpeg"}],"author":"Orlando Gonzalez","twitter_card":"summary_large_image","twitter_creator":"@gonzalezorlando","twitter_misc":{"Escrito por":false,"Est. tempo de leitura":"4 minutos"},"schema":{"@context":"https:\/\/schema.org","@graph":[{"@type":"WebPage","@id":"https:\/\/maringapost.com.br\/orlandogonzalez\/2021\/06\/03\/radio-maringa-curitiba-sedia-segunda-etapa-do-imperio-endurance-brasil-neste-sabado\/","url":"https:\/\/maringapost.com.br\/orlandogonzalez\/2021\/06\/03\/radio-maringa-curitiba-sedia-segunda-etapa-do-imperio-endurance-brasil-neste-sabado\/","name":"R\u00c1DIO MARING\u00c1 - Curitiba sedia segunda etapa do Imp\u00e9rio Endurance Brasil neste s\u00e1bado - Orlando Gonzalez","isPartOf":{"@id":"https:\/\/maringapost.com.br\/orlandogonzalez\/#website"},"primaryImageOfPage":{"@id":"https:\/\/maringapost.com.br\/orlandogonzalez\/2021\/06\/03\/radio-maringa-curitiba-sedia-segunda-etapa-do-imperio-endurance-brasil-neste-sabado\/#primaryimage"},"image":{"@id":"https:\/\/maringapost.com.br\/orlandogonzalez\/2021\/06\/03\/radio-maringa-curitiba-sedia-segunda-etapa-do-imperio-endurance-brasil-neste-sabado\/#primaryimage"},"thumbnailUrl":"https:\/\/maringapost.com.br\/orlandogonzalez\/wp-content\/uploads\/sites\/17\/2021\/06\/392673_971309_btx15414.jpg","datePublished":"2021-06-03T17:55:35+00:00","dateModified":"2021-06-03T17:56:26+00:00","author":{"@id":"https:\/\/maringapost.com.br\/orlandogonzalez\/#\/schema\/person\/5cbe6257d08edea6afc9ebaa613b0633"},"inLanguage":"pt-BR","potentialAction":[{"@type":"ReadAction","target":["https:\/\/maringapost.com.br\/orlandogonzalez\/2021\/06\/03\/radio-maringa-curitiba-sedia-segunda-etapa-do-imperio-endurance-brasil-neste-sabado\/"]}]},{"@type":"ImageObject","inLanguage":"pt-BR","@id":"https:\/\/maringapost.com.br\/orlandogonzalez\/2021\/06\/03\/radio-maringa-curitiba-sedia-segunda-etapa-do-imperio-endurance-brasil-neste-sabado\/#primaryimage","url":"https:\/\/maringapost.com.br\/orlandogonzalez\/wp-content\/uploads\/sites\/17\/2021\/06\/392673_971309_btx15414.jpg","contentUrl":"https:\/\/maringapost.com.br\/orlandogonzalez\/wp-content\/uploads\/sites\/17\/2021\/06\/392673_971309_btx15414.jpg","width":1280,"height":853},{"@type":"WebSite","@id":"https:\/\/maringapost.com.br\/orlandogonzalez\/#website","url":"https:\/\/maringapost.com.br\/orlandogonzalez\/","name":"Orlando Gonzalez","description":"Destaca o esporte de Maring\u00e1! Destaca o esporte do Paran\u00e1! Destaca o esporte do Brasil!","potentialAction":[{"@type":"SearchAction","target":{"@type":"EntryPoint","urlTemplate":"https:\/\/maringapost.com.br\/orlandogonzalez\/?s={search_term_string}"},"query-input":"required name=search_term_string"}],"inLanguage":"pt-BR"},{"@type":"Person","@id":"https:\/\/maringapost.com.br\/orlandogonzalez\/#\/schema\/person\/5cbe6257d08edea6afc9ebaa613b0633","name":"Orlando Gonzalez","image":{"@type":"ImageObject","inLanguage":"pt-BR","@id":"https:\/\/maringapost.com.br\/orlandogonzalez\/#\/schema\/person\/image\/","url":"https:\/\/secure.gravatar.com\/avatar\/ecef9d1c9afe5ebdafadde8369065ba5?s=96&d=mm&r=g","contentUrl":"https:\/\/secure.gravatar.com\/avatar\/ecef9d1c9afe5ebdafadde8369065ba5?s=96&d=mm&r=g","caption":"Orlando Gonzalez"},"description":"H\u00e1 29 anos na cobertura do esporte de Maring\u00e1. Plant\u00e3o e narrador esportivo. Presta\u00e7\u00e3o de assessoria de imprensa esportiva, cobertura e transmiss\u00f5es ao vivo de eventos esportivos. E-mail: orlandogonzalez.assessoria@gmail.com WhatsApp: (44) 9 9126-6119","sameAs":["http:\/\/www.radiomaringa.com.br\/","https:\/\/www.facebook.com\/profile.php?id=100011095815065","https:\/\/www.instagram.com\/orlandomgonzalez\/","https:\/\/br.pinterest.com\/ogonzalez0530\/","https:\/\/x.com\/gonzalezorlando","https:\/\/www.youtube.com\/channel\/UCvFpl55btth8wjnKiSS1ibA","https:\/\/radiomaringaweb.tumblr.com\/"],"url":"https:\/\/maringapost.com.br\/orlandogonzalez\/author\/orlando\/"}]}},"_links":{"self":[{"href":"https:\/\/maringapost.com.br\/orlandogonzalez\/wp-json\/wp\/v2\/posts\/47796"}],"collection":[{"href":"https:\/\/maringapost.com.br\/orlandogonzalez\/wp-json\/wp\/v2\/posts"}],"about":[{"href":"https:\/\/maringapost.com.br\/orlandogonzalez\/wp-json\/wp\/v2\/types\/post"}],"author":[{"embeddable":true,"href":"https:\/\/maringapost.com.br\/orlandogonzalez\/wp-json\/wp\/v2\/users\/6307"}],"replies":[{"embeddable":true,"href":"https:\/\/maringapost.com.br\/orlandogonzalez\/wp-json\/wp\/v2\/comments?post=47796"}],"version-history":[{"count":2,"href":"https:\/\/maringapost.com.br\/orlandogonzalez\/wp-json\/wp\/v2\/posts\/47796\/revisions"}],"predecessor-version":[{"id":47799,"href":"https:\/\/maringapost.com.br\/orlandogonzalez\/wp-json\/wp\/v2\/posts\/47796\/revisions\/47799"}],"wp:featuredmedia":[{"embeddable":true,"href":"https:\/\/maringapost.com.br\/orlandogonzalez\/wp-json\/wp\/v2\/media\/47797"}],"wp:attachment":[{"href":"https:\/\/maringapost.com.br\/orlandogonzalez\/wp-json\/wp\/v2\/media?parent=47796"}],"wp:term":[{"taxonomy":"category","embeddable":true,"href":"https:\/\/maringapost.com.br\/orlandogonzalez\/wp-json\/wp\/v2\/categories?post=47796"},{"taxonomy":"post_tag","embeddable":true,"href":"https:\/\/maringapost.com.br\/orlandogonzalez\/wp-json\/wp\/v2\/tags?post=47796"}],"curies":[{"name":"wp","href":"https:\/\/api.w.org\/{rel}","templated":true}]}}