{"id":47714,"date":"2021-06-02T11:07:34","date_gmt":"2021-06-02T14:07:34","guid":{"rendered":"http:\/\/maringapost.com.br\/orlandogonzalez\/?p=47714"},"modified":"2021-06-02T11:10:22","modified_gmt":"2021-06-02T14:10:22","slug":"radio-maringa-paranaense-agatha-disputa-etapa-do-circuito-mundial-de-volei-de-praia-na-republica-tcheca","status":"publish","type":"post","link":"https:\/\/maringapost.com.br\/orlandogonzalez\/2021\/06\/02\/radio-maringa-paranaense-agatha-disputa-etapa-do-circuito-mundial-de-volei-de-praia-na-republica-tcheca\/","title":{"rendered":"R\u00c1DIO MARING\u00c1 &#8211; Paranaense \u00c1gatha disputa etapa do Circuito Mundial de V\u00f4lei de Praia na Rep\u00fablica Tcheca"},"content":{"rendered":"<p style=\"margin-top: 0px;margin-bottom: 1rem;color: #212529;font-family: 'Exo 2', sans-serif;font-size: 16px\"><span style=\"font-size: 24px\">A Rep\u00fablica Tcheca vai receber, a partir desta quarta-feira (2), mais uma etapa do Circuito Mundial de V\u00f4lei de Praia. Depois da disputa em Sochi, na R\u00fassia, na semana passada, agora \u00e9 a vez de Ostrava sediar um torneio quatro estrelas, mais uma vez com uma antiga f\u00e1brica como cen\u00e1rio, com a disputa do qualifying come\u00e7ando nesta\u00a0quarta e a chave principal na quinta (03.06)<a href=\"https:\/\/www.orlandogonzalez.com.br\/\" target=\"_blank\" rel=\"noopener\">.<\/a><\/span><\/p>\n<p style=\"margin-top: 0px;margin-bottom: 1rem;color: #212529;font-family: 'Exo 2', sans-serif;font-size: 16px\"><span style=\"font-size: 24px\">Campe\u00e3s na \u00faltima etapa disputada em Ostrava, em 2019, \u00c1gatha e Duda (PR\/SE) v\u00e3o defender o t\u00edtulo a partir de quinta. Al\u00e9m delas, Talita\/Taiana (AL\/CE) e B\u00e1rbara Seixas\/Carol Solberg (RJ) j\u00e1 est\u00e3o garantidas na fase de grupos feminina. Tain\u00e1\/Victoria (MS\/SE) disputam o qualifying<a href=\"\/\/radiomaringa.com.br\/\" target=\"_blank\" rel=\"noopener\">.<\/a><\/span><\/p>\n<p style=\"margin-top: 0px;margin-bottom: 1rem;color: #212529;font-family: 'Exo 2', sans-serif;font-size: 16px\"><span style=\"font-size: 24px\">\u201cEm 2019 a gente ganhou aqui, que foi a \u00faltima vez que teve torneio, ent\u00e3o a gente sabe bem como \u00e9 jogar uma final aqui em Ostrava, a quadra central. Deve ter p\u00fablico na quadra central, ent\u00e3o acaba que \u00e9 uma novidade tamb\u00e9m. Faz tanto tempo que a gente n\u00e3o joga com p\u00fablico. Jogamos um pouquinho com p\u00fablico em Sochi e aqui tamb\u00e9m deve ter\u201d, disse \u00c1gatha.<\/span><\/p>\n<p style=\"margin-top: 0px;margin-bottom: 1rem;color: #212529;font-family: 'Exo 2', sans-serif;font-size: 16px\"><span style=\"font-size: 24px\">Depois da quinta coloca\u00e7\u00e3o em Sochi, a dupla classificada para as Olimp\u00edadas de T\u00f3quio chega \u00e0 Rep\u00fablica Tcheca querendo voltar a um lugar que se acostumaram nesta temporada: o p\u00f3dio.<\/span><\/p>\n<p style=\"margin-top: 0px;margin-bottom: 1rem;color: #212529;font-family: 'Exo 2', sans-serif;font-size: 16px\"><span style=\"font-size: 24px\">\u201cViemos de um resultado que faz um tempinho que a gente n\u00e3o tinha, que foi ficar fora do p\u00f3dio. A gente vem de uma sequ\u00eancia muito boa de resultados, ent\u00e3o isso ficou um pouquinho amargo na nossa boca. Mas, desde Sochi, a gente vem conversando no time, conversando com nosso t\u00e9cnico, para falar sobre nossos erros, ver o que precisa melhorar. Por isso que a gente est\u00e1 feliz de chegar em Ostrava e ter essa nova oportunidade de fazer melhor no torneio. O v\u00f4lei de praia tem disso. Por muitas vezes, jogando um torneio atr\u00e1s do outro, as vezes que voc\u00ea vai muito bem em um torneio, voc\u00ea nem tem tempo de comemorar. Mas, se voc\u00ea n\u00e3o vai t\u00e3o bem, voc\u00ea tem a chance de reverter isso rapidamente. \u00c9 assim que a gente est\u00e1 encarando Ostrava: vendo as coisas que a gente errou e pode melhorar para fazer melhor aqui\u201d, completou \u00c1gatha.<\/span><\/p>\n<p style=\"margin-top: 0px;margin-bottom: 1rem;color: #212529;font-family: 'Exo 2', sans-serif;font-size: 16px\"><span style=\"font-size: 24px\">No torneio masculino, Alison\/\u00c1lvaro Filho (ES\/PB) e George\/Andr\u00e9 Stein (PB\/ES) s\u00e3o as duplas j\u00e1 garantidas na chave principal, e\u00a0Guto\/Arthur Mariano (RJ\/MS) e Vitor Felipe\/Renato (PB)\u00a0jogam\u00a0o qualifying. A beleza e curiosidade do cen\u00e1rio do torneio em Ostrava\u00a0deixam\u00a0George ainda mais empolgado para a competi\u00e7\u00e3o.<\/span><\/p>\n<p style=\"margin-top: 0px;margin-bottom: 1rem;color: #212529;font-family: 'Exo 2', sans-serif;font-size: 16px\"><span style=\"font-size: 24px\">\u201cEstamos bem animados para esta etapa. Estamos treinando muito bem aqui em Ostrava e \u00e9 uma etapa deslumbrante e muito diferente de todas, j\u00e1 que jogamos numa f\u00e1brica antiga. Vamos fazer um excelente torneio, assim como todos os brasileiros\u201d, destacou George.<\/span><\/p>\n<p style=\"margin-top: 0px;margin-bottom: 1rem;color: #212529;font-family: 'Exo 2', sans-serif;font-size: 16px\"><span style=\"font-weight: bolder;font-size: 24px\">Qualifying define \u00faltimos classificados nesta quarta<\/span><\/p>\n<p style=\"margin-top: 0px;margin-bottom: 1rem;color: #212529;font-family: 'Exo 2', sans-serif;font-size: 16px\"><span style=\"font-size: 24px\">As \u00faltimas vagas para o torneio principal ser\u00e3o definidas nesta quarta-feira (02.06), e o Brasil ter\u00e1 tr\u00eas duplas em a\u00e7\u00e3o. No torneio feminino, Tain\u00e1 e Victoria (SE\/MS) enfrentam Emi Van Driel\/Mexime Van Driel (HOL), \u00e0s 5h40 (Hor\u00e1rio de Bras\u00edlia).<\/span><\/p>\n<p style=\"margin-top: 0px;margin-bottom: 1rem;color: #212529;font-family: 'Exo 2', sans-serif;font-size: 16px\"><span style=\"font-size: 24px\">Na disputa masculina, Vitor Felipe e Renato (PB) ter\u00e3o pela frente Brunner\/Schalk (EUA), \u00e0s 7h20 (de Bras\u00edlia), e Guto e Arthur Mariano (RJ\/MS) v\u00e3o encarar Sepka\/Semerad (TCH), \u00e0s 9h (de Bras\u00edlia).<\/span><\/p>\n<p style=\"margin-top: 0px;margin-bottom: 1rem;color: #212529;font-family: 'Exo 2', sans-serif;font-size: 16px\"><span style=\"font-size: 24px\">(CBV)<\/span><\/p>\n<p style=\"margin-top: 0px;margin-bottom: 1rem;color: #212529;font-family: 'Exo 2', sans-serif;font-size: 16px\"><span style=\"font-size: 24px\"><a href=\"https:\/\/cbv.com.br\/noticia\/28450\/disputada-em-antiga-fabrica--etapa-de-ostrava-comeca-nesta-quarta-feira\" target=\"_blank\" rel=\"noopener noreferrer\">MAIS&#8230;<\/a><\/span><\/p>\n","protected":false},"excerpt":{"rendered":"<p>A Rep\u00fablica Tcheca vai receber, a partir desta quarta-feira (2), mais uma etapa do Circuito Mundial de V\u00f4lei de Praia. Depois da disputa em Sochi, na R\u00fassia, na semana passada, agora \u00e9 a vez de Ostrava sediar um torneio quatro estrelas, mais uma vez com uma antiga f\u00e1brica como cen\u00e1rio, com a disputa do qualifying [&hellip;]<\/p>\n","protected":false},"author":6307,"featured_media":47715,"comment_status":"closed","ping_status":"open","sticky":false,"template":"","format":"standard","meta":{"_exactmetrics_skip_tracking":false,"_exactmetrics_sitenote_active":false,"_exactmetrics_sitenote_note":"","_exactmetrics_sitenote_category":0,"footnotes":""},"categories":[1338],"tags":[14572,47],"yoast_head":"<!-- This site is optimized with the Yoast SEO Premium plugin v22.7 (Yoast SEO v22.7) - https:\/\/yoast.com\/wordpress\/plugins\/seo\/ -->\n<title>R\u00c1DIO MARING\u00c1 - Paranaense \u00c1gatha disputa etapa do Circuito Mundial de V\u00f4lei de Praia na Rep\u00fablica Tcheca - Orlando Gonzalez<\/title>\n<meta name=\"robots\" content=\"index, follow, max-snippet:-1, max-image-preview:large, max-video-preview:-1\" \/>\n<link rel=\"canonical\" href=\"https:\/\/maringapost.com.br\/orlandogonzalez\/2021\/06\/02\/radio-maringa-paranaense-agatha-disputa-etapa-do-circuito-mundial-de-volei-de-praia-na-republica-tcheca\/\" \/>\n<meta property=\"og:locale\" content=\"pt_BR\" \/>\n<meta property=\"og:type\" content=\"article\" \/>\n<meta property=\"og:title\" content=\"R\u00c1DIO MARING\u00c1 - Paranaense \u00c1gatha disputa etapa do Circuito Mundial de V\u00f4lei de Praia na Rep\u00fablica Tcheca\" \/>\n<meta property=\"og:description\" content=\"A Rep\u00fablica Tcheca vai receber, a partir desta quarta-feira (2), mais uma etapa do Circuito Mundial de V\u00f4lei de Praia. Depois da disputa em Sochi, na R\u00fassia, na semana passada, agora \u00e9 a vez de Ostrava sediar um torneio quatro estrelas, mais uma vez com uma antiga f\u00e1brica como cen\u00e1rio, com a disputa do qualifying [&hellip;]\" \/>\n<meta property=\"og:url\" content=\"https:\/\/maringapost.com.br\/orlandogonzalez\/2021\/06\/02\/radio-maringa-paranaense-agatha-disputa-etapa-do-circuito-mundial-de-volei-de-praia-na-republica-tcheca\/\" \/>\n<meta property=\"og:site_name\" content=\"Orlando Gonzalez\" \/>\n<meta property=\"article:author\" content=\"https:\/\/www.facebook.com\/profile.php?id=100011095815065\" \/>\n<meta property=\"article:published_time\" content=\"2021-06-02T14:07:34+00:00\" \/>\n<meta property=\"article:modified_time\" content=\"2021-06-02T14:10:22+00:00\" \/>\n<meta property=\"og:image\" content=\"https:\/\/maringapost.com.br\/orlandogonzalez\/wp-content\/uploads\/sites\/17\/2021\/06\/agatha.jpg\" \/>\n\t<meta property=\"og:image:width\" content=\"799\" \/>\n\t<meta property=\"og:image:height\" content=\"538\" \/>\n\t<meta property=\"og:image:type\" content=\"image\/jpeg\" \/>\n<meta name=\"author\" content=\"Orlando Gonzalez\" \/>\n<meta name=\"twitter:card\" content=\"summary_large_image\" \/>\n<meta name=\"twitter:creator\" content=\"@gonzalezorlando\" \/>\n<meta name=\"twitter:label1\" content=\"Escrito por\" \/>\n\t<meta name=\"twitter:data1\" content=\"\" \/>\n\t<meta name=\"twitter:label2\" content=\"Est. tempo de leitura\" \/>\n\t<meta name=\"twitter:data2\" content=\"3 minutos\" \/>\n<script type=\"application\/ld+json\" class=\"yoast-schema-graph\">{\"@context\":\"https:\/\/schema.org\",\"@graph\":[{\"@type\":\"WebPage\",\"@id\":\"https:\/\/maringapost.com.br\/orlandogonzalez\/2021\/06\/02\/radio-maringa-paranaense-agatha-disputa-etapa-do-circuito-mundial-de-volei-de-praia-na-republica-tcheca\/\",\"url\":\"https:\/\/maringapost.com.br\/orlandogonzalez\/2021\/06\/02\/radio-maringa-paranaense-agatha-disputa-etapa-do-circuito-mundial-de-volei-de-praia-na-republica-tcheca\/\",\"name\":\"R\u00c1DIO MARING\u00c1 - Paranaense \u00c1gatha disputa etapa do Circuito Mundial de V\u00f4lei de Praia na Rep\u00fablica Tcheca - Orlando Gonzalez\",\"isPartOf\":{\"@id\":\"https:\/\/maringapost.com.br\/orlandogonzalez\/#website\"},\"primaryImageOfPage\":{\"@id\":\"https:\/\/maringapost.com.br\/orlandogonzalez\/2021\/06\/02\/radio-maringa-paranaense-agatha-disputa-etapa-do-circuito-mundial-de-volei-de-praia-na-republica-tcheca\/#primaryimage\"},\"image\":{\"@id\":\"https:\/\/maringapost.com.br\/orlandogonzalez\/2021\/06\/02\/radio-maringa-paranaense-agatha-disputa-etapa-do-circuito-mundial-de-volei-de-praia-na-republica-tcheca\/#primaryimage\"},\"thumbnailUrl\":\"https:\/\/maringapost.com.br\/orlandogonzalez\/wp-content\/uploads\/sites\/17\/2021\/06\/agatha.jpg\",\"datePublished\":\"2021-06-02T14:07:34+00:00\",\"dateModified\":\"2021-06-02T14:10:22+00:00\",\"author\":{\"@id\":\"https:\/\/maringapost.com.br\/orlandogonzalez\/#\/schema\/person\/5cbe6257d08edea6afc9ebaa613b0633\"},\"inLanguage\":\"pt-BR\",\"potentialAction\":[{\"@type\":\"ReadAction\",\"target\":[\"https:\/\/maringapost.com.br\/orlandogonzalez\/2021\/06\/02\/radio-maringa-paranaense-agatha-disputa-etapa-do-circuito-mundial-de-volei-de-praia-na-republica-tcheca\/\"]}]},{\"@type\":\"ImageObject\",\"inLanguage\":\"pt-BR\",\"@id\":\"https:\/\/maringapost.com.br\/orlandogonzalez\/2021\/06\/02\/radio-maringa-paranaense-agatha-disputa-etapa-do-circuito-mundial-de-volei-de-praia-na-republica-tcheca\/#primaryimage\",\"url\":\"https:\/\/maringapost.com.br\/orlandogonzalez\/wp-content\/uploads\/sites\/17\/2021\/06\/agatha.jpg\",\"contentUrl\":\"https:\/\/maringapost.com.br\/orlandogonzalez\/wp-content\/uploads\/sites\/17\/2021\/06\/agatha.jpg\",\"width\":799,\"height\":538},{\"@type\":\"WebSite\",\"@id\":\"https:\/\/maringapost.com.br\/orlandogonzalez\/#website\",\"url\":\"https:\/\/maringapost.com.br\/orlandogonzalez\/\",\"name\":\"Orlando Gonzalez\",\"description\":\"Destaca o esporte de Maring\u00e1! Destaca o esporte do Paran\u00e1! Destaca o esporte do Brasil!\",\"potentialAction\":[{\"@type\":\"SearchAction\",\"target\":{\"@type\":\"EntryPoint\",\"urlTemplate\":\"https:\/\/maringapost.com.br\/orlandogonzalez\/?s={search_term_string}\"},\"query-input\":\"required name=search_term_string\"}],\"inLanguage\":\"pt-BR\"},{\"@type\":\"Person\",\"@id\":\"https:\/\/maringapost.com.br\/orlandogonzalez\/#\/schema\/person\/5cbe6257d08edea6afc9ebaa613b0633\",\"name\":\"Orlando Gonzalez\",\"image\":{\"@type\":\"ImageObject\",\"inLanguage\":\"pt-BR\",\"@id\":\"https:\/\/maringapost.com.br\/orlandogonzalez\/#\/schema\/person\/image\/\",\"url\":\"https:\/\/secure.gravatar.com\/avatar\/ecef9d1c9afe5ebdafadde8369065ba5?s=96&d=mm&r=g\",\"contentUrl\":\"https:\/\/secure.gravatar.com\/avatar\/ecef9d1c9afe5ebdafadde8369065ba5?s=96&d=mm&r=g\",\"caption\":\"Orlando Gonzalez\"},\"description\":\"H\u00e1 29 anos na cobertura do esporte de Maring\u00e1. Plant\u00e3o e narrador esportivo. Presta\u00e7\u00e3o de assessoria de imprensa esportiva, cobertura e transmiss\u00f5es ao vivo de eventos esportivos. E-mail: orlandogonzalez.assessoria@gmail.com WhatsApp: (44) 9 9126-6119\",\"sameAs\":[\"http:\/\/www.radiomaringa.com.br\/\",\"https:\/\/www.facebook.com\/profile.php?id=100011095815065\",\"https:\/\/www.instagram.com\/orlandomgonzalez\/\",\"https:\/\/br.pinterest.com\/ogonzalez0530\/\",\"https:\/\/x.com\/gonzalezorlando\",\"https:\/\/www.youtube.com\/channel\/UCvFpl55btth8wjnKiSS1ibA\",\"https:\/\/radiomaringaweb.tumblr.com\/\"],\"url\":\"https:\/\/maringapost.com.br\/orlandogonzalez\/author\/orlando\/\"}]}<\/script>\n<!-- \/ Yoast SEO Premium plugin. -->","yoast_head_json":{"title":"R\u00c1DIO MARING\u00c1 - Paranaense \u00c1gatha disputa etapa do Circuito Mundial de V\u00f4lei de Praia na Rep\u00fablica Tcheca - Orlando Gonzalez","robots":{"index":"index","follow":"follow","max-snippet":"max-snippet:-1","max-image-preview":"max-image-preview:large","max-video-preview":"max-video-preview:-1"},"canonical":"https:\/\/maringapost.com.br\/orlandogonzalez\/2021\/06\/02\/radio-maringa-paranaense-agatha-disputa-etapa-do-circuito-mundial-de-volei-de-praia-na-republica-tcheca\/","og_locale":"pt_BR","og_type":"article","og_title":"R\u00c1DIO MARING\u00c1 - Paranaense \u00c1gatha disputa etapa do Circuito Mundial de V\u00f4lei de Praia na Rep\u00fablica Tcheca","og_description":"A Rep\u00fablica Tcheca vai receber, a partir desta quarta-feira (2), mais uma etapa do Circuito Mundial de V\u00f4lei de Praia. Depois da disputa em Sochi, na R\u00fassia, na semana passada, agora \u00e9 a vez de Ostrava sediar um torneio quatro estrelas, mais uma vez com uma antiga f\u00e1brica como cen\u00e1rio, com a disputa do qualifying [&hellip;]","og_url":"https:\/\/maringapost.com.br\/orlandogonzalez\/2021\/06\/02\/radio-maringa-paranaense-agatha-disputa-etapa-do-circuito-mundial-de-volei-de-praia-na-republica-tcheca\/","og_site_name":"Orlando Gonzalez","article_author":"https:\/\/www.facebook.com\/profile.php?id=100011095815065","article_published_time":"2021-06-02T14:07:34+00:00","article_modified_time":"2021-06-02T14:10:22+00:00","og_image":[{"width":799,"height":538,"url":"https:\/\/maringapost.com.br\/orlandogonzalez\/wp-content\/uploads\/sites\/17\/2021\/06\/agatha.jpg","type":"image\/jpeg"}],"author":"Orlando Gonzalez","twitter_card":"summary_large_image","twitter_creator":"@gonzalezorlando","twitter_misc":{"Escrito por":false,"Est. tempo de leitura":"3 minutos"},"schema":{"@context":"https:\/\/schema.org","@graph":[{"@type":"WebPage","@id":"https:\/\/maringapost.com.br\/orlandogonzalez\/2021\/06\/02\/radio-maringa-paranaense-agatha-disputa-etapa-do-circuito-mundial-de-volei-de-praia-na-republica-tcheca\/","url":"https:\/\/maringapost.com.br\/orlandogonzalez\/2021\/06\/02\/radio-maringa-paranaense-agatha-disputa-etapa-do-circuito-mundial-de-volei-de-praia-na-republica-tcheca\/","name":"R\u00c1DIO MARING\u00c1 - Paranaense \u00c1gatha disputa etapa do Circuito Mundial de V\u00f4lei de Praia na Rep\u00fablica Tcheca - Orlando Gonzalez","isPartOf":{"@id":"https:\/\/maringapost.com.br\/orlandogonzalez\/#website"},"primaryImageOfPage":{"@id":"https:\/\/maringapost.com.br\/orlandogonzalez\/2021\/06\/02\/radio-maringa-paranaense-agatha-disputa-etapa-do-circuito-mundial-de-volei-de-praia-na-republica-tcheca\/#primaryimage"},"image":{"@id":"https:\/\/maringapost.com.br\/orlandogonzalez\/2021\/06\/02\/radio-maringa-paranaense-agatha-disputa-etapa-do-circuito-mundial-de-volei-de-praia-na-republica-tcheca\/#primaryimage"},"thumbnailUrl":"https:\/\/maringapost.com.br\/orlandogonzalez\/wp-content\/uploads\/sites\/17\/2021\/06\/agatha.jpg","datePublished":"2021-06-02T14:07:34+00:00","dateModified":"2021-06-02T14:10:22+00:00","author":{"@id":"https:\/\/maringapost.com.br\/orlandogonzalez\/#\/schema\/person\/5cbe6257d08edea6afc9ebaa613b0633"},"inLanguage":"pt-BR","potentialAction":[{"@type":"ReadAction","target":["https:\/\/maringapost.com.br\/orlandogonzalez\/2021\/06\/02\/radio-maringa-paranaense-agatha-disputa-etapa-do-circuito-mundial-de-volei-de-praia-na-republica-tcheca\/"]}]},{"@type":"ImageObject","inLanguage":"pt-BR","@id":"https:\/\/maringapost.com.br\/orlandogonzalez\/2021\/06\/02\/radio-maringa-paranaense-agatha-disputa-etapa-do-circuito-mundial-de-volei-de-praia-na-republica-tcheca\/#primaryimage","url":"https:\/\/maringapost.com.br\/orlandogonzalez\/wp-content\/uploads\/sites\/17\/2021\/06\/agatha.jpg","contentUrl":"https:\/\/maringapost.com.br\/orlandogonzalez\/wp-content\/uploads\/sites\/17\/2021\/06\/agatha.jpg","width":799,"height":538},{"@type":"WebSite","@id":"https:\/\/maringapost.com.br\/orlandogonzalez\/#website","url":"https:\/\/maringapost.com.br\/orlandogonzalez\/","name":"Orlando Gonzalez","description":"Destaca o esporte de Maring\u00e1! Destaca o esporte do Paran\u00e1! Destaca o esporte do Brasil!","potentialAction":[{"@type":"SearchAction","target":{"@type":"EntryPoint","urlTemplate":"https:\/\/maringapost.com.br\/orlandogonzalez\/?s={search_term_string}"},"query-input":"required name=search_term_string"}],"inLanguage":"pt-BR"},{"@type":"Person","@id":"https:\/\/maringapost.com.br\/orlandogonzalez\/#\/schema\/person\/5cbe6257d08edea6afc9ebaa613b0633","name":"Orlando Gonzalez","image":{"@type":"ImageObject","inLanguage":"pt-BR","@id":"https:\/\/maringapost.com.br\/orlandogonzalez\/#\/schema\/person\/image\/","url":"https:\/\/secure.gravatar.com\/avatar\/ecef9d1c9afe5ebdafadde8369065ba5?s=96&d=mm&r=g","contentUrl":"https:\/\/secure.gravatar.com\/avatar\/ecef9d1c9afe5ebdafadde8369065ba5?s=96&d=mm&r=g","caption":"Orlando Gonzalez"},"description":"H\u00e1 29 anos na cobertura do esporte de Maring\u00e1. Plant\u00e3o e narrador esportivo. Presta\u00e7\u00e3o de assessoria de imprensa esportiva, cobertura e transmiss\u00f5es ao vivo de eventos esportivos. E-mail: orlandogonzalez.assessoria@gmail.com WhatsApp: (44) 9 9126-6119","sameAs":["http:\/\/www.radiomaringa.com.br\/","https:\/\/www.facebook.com\/profile.php?id=100011095815065","https:\/\/www.instagram.com\/orlandomgonzalez\/","https:\/\/br.pinterest.com\/ogonzalez0530\/","https:\/\/x.com\/gonzalezorlando","https:\/\/www.youtube.com\/channel\/UCvFpl55btth8wjnKiSS1ibA","https:\/\/radiomaringaweb.tumblr.com\/"],"url":"https:\/\/maringapost.com.br\/orlandogonzalez\/author\/orlando\/"}]}},"_links":{"self":[{"href":"https:\/\/maringapost.com.br\/orlandogonzalez\/wp-json\/wp\/v2\/posts\/47714"}],"collection":[{"href":"https:\/\/maringapost.com.br\/orlandogonzalez\/wp-json\/wp\/v2\/posts"}],"about":[{"href":"https:\/\/maringapost.com.br\/orlandogonzalez\/wp-json\/wp\/v2\/types\/post"}],"author":[{"embeddable":true,"href":"https:\/\/maringapost.com.br\/orlandogonzalez\/wp-json\/wp\/v2\/users\/6307"}],"replies":[{"embeddable":true,"href":"https:\/\/maringapost.com.br\/orlandogonzalez\/wp-json\/wp\/v2\/comments?post=47714"}],"version-history":[{"count":1,"href":"https:\/\/maringapost.com.br\/orlandogonzalez\/wp-json\/wp\/v2\/posts\/47714\/revisions"}],"predecessor-version":[{"id":47716,"href":"https:\/\/maringapost.com.br\/orlandogonzalez\/wp-json\/wp\/v2\/posts\/47714\/revisions\/47716"}],"wp:featuredmedia":[{"embeddable":true,"href":"https:\/\/maringapost.com.br\/orlandogonzalez\/wp-json\/wp\/v2\/media\/47715"}],"wp:attachment":[{"href":"https:\/\/maringapost.com.br\/orlandogonzalez\/wp-json\/wp\/v2\/media?parent=47714"}],"wp:term":[{"taxonomy":"category","embeddable":true,"href":"https:\/\/maringapost.com.br\/orlandogonzalez\/wp-json\/wp\/v2\/categories?post=47714"},{"taxonomy":"post_tag","embeddable":true,"href":"https:\/\/maringapost.com.br\/orlandogonzalez\/wp-json\/wp\/v2\/tags?post=47714"}],"curies":[{"name":"wp","href":"https:\/\/api.w.org\/{rel}","templated":true}]}}