{"id":47665,"date":"2021-06-01T15:16:24","date_gmt":"2021-06-01T18:16:24","guid":{"rendered":"http:\/\/maringapost.com.br\/orlandogonzalez\/?p=47665"},"modified":"2021-06-01T15:16:40","modified_gmt":"2021-06-01T18:16:40","slug":"radio-maringa-com-trio-olimpico-taekwondo-brasil-disputa-pan-americano-no-mexico","status":"publish","type":"post","link":"https:\/\/maringapost.com.br\/orlandogonzalez\/2021\/06\/01\/radio-maringa-com-trio-olimpico-taekwondo-brasil-disputa-pan-americano-no-mexico\/","title":{"rendered":"R\u00c1DIO MARING\u00c1 &#8211; Com trio ol\u00edmpico, taekwondo Brasil disputa Pan-Americano no M\u00e9xico"},"content":{"rendered":"<p><span style=\"font-size: 24px\">A sele\u00e7\u00e3o brasileira de taekwondo j\u00e1 est\u00e1 em Cancun, no M\u00e9xico, onde vai participar do Campeonato Pan-Americano da modalidade, nos dias 3\u00a0e 4\u00a0de junho. O time verde e amarelo ser\u00e1 formado por 26 atletas, com destaque para o trio Milena Titoneli (at\u00e9 67 kg), Edival Marques Pontes (at\u00e9 74 kg) e \u00cdcaro Miguel (at\u00e9 87 kg), que v\u00e3o\u00a0representar o Brasil nos Jogos Ol\u00edmpicos de T\u00f3quio.<img decoding=\"async\" src=\"https:\/\/agenciabrasil.ebc.com.br\/ebc.png?id=1411298&amp;o=node\" \/><img decoding=\"async\" src=\"https:\/\/agenciabrasil.ebc.com.br\/ebc.gif?id=1411298&amp;o=node\" \/><\/span><\/p>\n<p><span style=\"font-size: 24px\">Prata no Mundial e nos Jogos Pan-Americanos de Lima em 2019 e\u00a0<a href=\"https:\/\/agenciabrasil.ebc.com.br\/esportes\/noticia\/2020-04\/icaro-miguel-e-o-novo-lider-do-ranking-mundial-de-taekwondo-ate-87kg\">l\u00edder<\/a>\u00a0do ranking mundial da categoria at\u00e9 87kg, \u00cdcaro Miguel destaca a import\u00e2ncia do torneio para que os brasileiros possam retomar o ritmo de competi\u00e7\u00f5es. &#8220;Disputamos o\u00a0<a href=\"https:\/\/agenciabrasil.ebc.com.br\/esportes\/noticia\/2021-03\/taekwondo-na-volta-dos-eventos-brasileiros-ganham-medalhas-na-europa\">Aberto da Bulg\u00e1ria<\/a>\u00a0em mar\u00e7o, mas antes disso est\u00e1vamos um ano sem competir. Por isso, esse evento de alto n\u00edvel \u00e9 um bom teste pessoal para a Ol\u00edmpiada. Vou conseguir avaliar meu ritmo de competi\u00e7\u00f5es. Acredito em um bom resultado de toda sele\u00e7\u00e3o&#8221;, disse o atleta \u00e0 Ag\u00eancia Brasil.<\/span><\/p>\n<p><span style=\"font-size: 24px\">Miguel lembrou tamb\u00e9m que, nos Jogos de T\u00f3quio, ele participar\u00e1 na categoria at\u00e9 80kg. &#8220;A divis\u00e3o de peso \u00e9 diferente na Olimp\u00edada. Inclusive, o \u00fanico atleta que eu enfrentarei em T\u00f3quio e que estar\u00e1 tamb\u00e9m nesse Pan-Americano \u00e9 o Mois\u00e9s Hernandes, da Rep\u00fablica Dominicana. Mas, aqui no M\u00e9xico, ele vai disputar na categoria at\u00e9 80kg e eu estarei na at\u00e9 87kg&#8221;.<\/span><\/p>\n<p><span style=\"font-size: 24px\">Al\u00e9m dos tr\u00eas atletas ol\u00edmpicos, os medalhistas do Mundial de 2019, Caroline Gomes, Paulo Ricardo e Maicon Andrade (que tamb\u00e9m foi bronze nos Jogos Ol\u00edmpicos do Rio\u00a0de Janeiro) est\u00e3o inscritos.<\/span><\/p>\n<p><span style=\"font-size: 24px\">Respeitando um r\u00edgido protocolo sanit\u00e1rio, a competi\u00e7\u00e3o ocorrer\u00e1 em formato de bolha, sem presen\u00e7a de p\u00fablico e com deslocamentos restritos. Todas as lutas ocorrer\u00e3o no mesmo hotel no qual as delega\u00e7\u00f5es estar\u00e3o hospedadas. O Pan-Americano deve\u00a0ter\u00a0a participa\u00e7\u00e3o de 128 atletas em nove categorias no masculino e no feminino. As lutas ser\u00e3o disputadas em tr\u00eas rounds de dois minutos.<\/span><\/p>\n<h2><span style=\"font-size: 24px\">Sele\u00e7\u00e3o Brasileira<\/span><\/h2>\n<p><span style=\"font-size: 24px\"><strong>Time masculino<\/strong><\/span><\/p>\n<p><span style=\"font-size: 24px\">Victor Kazuya Ishihara Dos Santos (at\u00e9 54 kg), Paulo Ricardo Souza De Melo (at\u00e9 54 kg), Jo\u00e3o Miguel Neto (at\u00e9 58 kg), Jo\u00e3o Victor Souza Diniz (at\u00e9 63 kg), William Ribeiro Da Silva (at\u00e9 63 kg), Henrique Igor da Silva (at\u00e9 68 kg), Edival Marques Quirino Pontes (at\u00e9 74 kg), Vinicius Assis Matos (at\u00e9 74 kg), Lucas de Krishna Ostapiv (at\u00e9 80 kg), Icaro Miguel Martins Soares (at\u00e9 87 kg), Jhonatan Alves Ferreira Lima (at\u00e9 87 kg), Maicon de Andrade Siqueira (acima 87 kg) e Robson Henrique do Carmo Maia (acima 87 kg).<\/span><\/p>\n<p><span style=\"font-size: 24px\"><strong>Time Feminino<\/strong><\/span><\/p>\n<p><span style=\"font-size: 24px\">Valeria Rodrigues Dos Santos (at\u00e9 46 kg), Leticia Lerica Eberle de Oliveira (at\u00e9 46 kg), Nivea Maria Barros (at\u00e9 49 kg), Bruna Eduarda Silva Rocha (at\u00e9 49 kg), Leonor Dias De Lima (at\u00e9 53 kg), Sandy Camila Leite Macedo (at\u00e9 57 kg), Caroline Gomes dos Santos (at\u00e9 62 kg), B\u00e1rbara Dias Novaes (at\u00e9 62 kg), Milena Titoneli Guimar\u00e3es (at\u00e9 67 kg), Julia Gabriela Herculano (at\u00e9 67 kg), Raiany Fidelis Pereira (at\u00e9 73 kg), Raphaella Galacho (at\u00e9 73 kg) e Gabriele Siqueira (acima 73 kg).<\/span><\/p>\n<p><span style=\"font-size: 24px\"><strong>Comiss\u00e3o Multidisciplinar<\/strong><\/span><\/p>\n<p><span style=\"font-size: 24px\">Os treinadores s\u00e3o Clayton dos Santos, Diego Ribeiro, Rodney Saraiva e Juan Miguel Moreno. A m\u00e9dica \u00e9 Nat\u00e1lia Teixeira Mour\u00e3o, os fisioterapeutas ser\u00e3o Fabio Lins e Fl\u00e1via Rocco. E a medalhista ol\u00edmpica Nat\u00e1lia Falavigna ser\u00e1 a chefe da delega\u00e7\u00e3o.<\/span><\/p>\n<p><span style=\"font-size: 24px\">(Ag\u00eancia Brasil)<\/span><\/p>\n","protected":false},"excerpt":{"rendered":"<p>A sele\u00e7\u00e3o brasileira de taekwondo j\u00e1 est\u00e1 em Cancun, no M\u00e9xico, onde vai participar do Campeonato Pan-Americano da modalidade, nos dias 3\u00a0e 4\u00a0de junho. O time verde e amarelo ser\u00e1 formado por 26 atletas, com destaque para o trio Milena Titoneli (at\u00e9 67 kg), Edival Marques Pontes (at\u00e9 74 kg) e \u00cdcaro Miguel (at\u00e9 87 [&hellip;]<\/p>\n","protected":false},"author":6307,"featured_media":47666,"comment_status":"closed","ping_status":"open","sticky":false,"template":"","format":"standard","meta":{"_exactmetrics_skip_tracking":false,"_exactmetrics_sitenote_active":false,"_exactmetrics_sitenote_note":"","_exactmetrics_sitenote_category":0,"footnotes":""},"categories":[9137],"tags":[4619,47,14560],"yoast_head":"<!-- This site is optimized with the Yoast SEO Premium plugin v22.7 (Yoast SEO v22.7) - https:\/\/yoast.com\/wordpress\/plugins\/seo\/ -->\n<title>R\u00c1DIO MARING\u00c1 - Com trio ol\u00edmpico, taekwondo Brasil disputa Pan-Americano no M\u00e9xico - Orlando Gonzalez<\/title>\n<meta name=\"robots\" content=\"index, follow, max-snippet:-1, max-image-preview:large, max-video-preview:-1\" \/>\n<link rel=\"canonical\" href=\"https:\/\/maringapost.com.br\/orlandogonzalez\/2021\/06\/01\/radio-maringa-com-trio-olimpico-taekwondo-brasil-disputa-pan-americano-no-mexico\/\" \/>\n<meta property=\"og:locale\" content=\"pt_BR\" \/>\n<meta property=\"og:type\" content=\"article\" \/>\n<meta property=\"og:title\" content=\"R\u00c1DIO MARING\u00c1 - Com trio ol\u00edmpico, taekwondo Brasil disputa Pan-Americano no M\u00e9xico\" \/>\n<meta property=\"og:description\" content=\"A sele\u00e7\u00e3o brasileira de taekwondo j\u00e1 est\u00e1 em Cancun, no M\u00e9xico, onde vai participar do Campeonato Pan-Americano da modalidade, nos dias 3\u00a0e 4\u00a0de junho. O time verde e amarelo ser\u00e1 formado por 26 atletas, com destaque para o trio Milena Titoneli (at\u00e9 67 kg), Edival Marques Pontes (at\u00e9 74 kg) e \u00cdcaro Miguel (at\u00e9 87 [&hellip;]\" \/>\n<meta property=\"og:url\" content=\"https:\/\/maringapost.com.br\/orlandogonzalez\/2021\/06\/01\/radio-maringa-com-trio-olimpico-taekwondo-brasil-disputa-pan-americano-no-mexico\/\" \/>\n<meta property=\"og:site_name\" content=\"Orlando Gonzalez\" \/>\n<meta property=\"article:author\" content=\"https:\/\/www.facebook.com\/profile.php?id=100011095815065\" \/>\n<meta property=\"article:published_time\" content=\"2021-06-01T18:16:24+00:00\" \/>\n<meta property=\"article:modified_time\" content=\"2021-06-01T18:16:40+00:00\" \/>\n<meta property=\"og:image\" content=\"https:\/\/maringapost.com.br\/orlandogonzalez\/wp-content\/uploads\/sites\/17\/2021\/06\/taekwondobrasil.jpg\" \/>\n\t<meta property=\"og:image:width\" content=\"1170\" \/>\n\t<meta property=\"og:image:height\" content=\"700\" \/>\n\t<meta property=\"og:image:type\" content=\"image\/jpeg\" \/>\n<meta name=\"author\" content=\"Orlando Gonzalez\" \/>\n<meta name=\"twitter:card\" content=\"summary_large_image\" \/>\n<meta name=\"twitter:creator\" content=\"@gonzalezorlando\" \/>\n<meta name=\"twitter:label1\" content=\"Escrito por\" \/>\n\t<meta name=\"twitter:data1\" content=\"\" \/>\n\t<meta name=\"twitter:label2\" content=\"Est. tempo de leitura\" \/>\n\t<meta name=\"twitter:data2\" content=\"3 minutos\" \/>\n<script type=\"application\/ld+json\" class=\"yoast-schema-graph\">{\"@context\":\"https:\/\/schema.org\",\"@graph\":[{\"@type\":\"WebPage\",\"@id\":\"https:\/\/maringapost.com.br\/orlandogonzalez\/2021\/06\/01\/radio-maringa-com-trio-olimpico-taekwondo-brasil-disputa-pan-americano-no-mexico\/\",\"url\":\"https:\/\/maringapost.com.br\/orlandogonzalez\/2021\/06\/01\/radio-maringa-com-trio-olimpico-taekwondo-brasil-disputa-pan-americano-no-mexico\/\",\"name\":\"R\u00c1DIO MARING\u00c1 - Com trio ol\u00edmpico, taekwondo Brasil disputa Pan-Americano no M\u00e9xico - Orlando Gonzalez\",\"isPartOf\":{\"@id\":\"https:\/\/maringapost.com.br\/orlandogonzalez\/#website\"},\"primaryImageOfPage\":{\"@id\":\"https:\/\/maringapost.com.br\/orlandogonzalez\/2021\/06\/01\/radio-maringa-com-trio-olimpico-taekwondo-brasil-disputa-pan-americano-no-mexico\/#primaryimage\"},\"image\":{\"@id\":\"https:\/\/maringapost.com.br\/orlandogonzalez\/2021\/06\/01\/radio-maringa-com-trio-olimpico-taekwondo-brasil-disputa-pan-americano-no-mexico\/#primaryimage\"},\"thumbnailUrl\":\"https:\/\/maringapost.com.br\/orlandogonzalez\/wp-content\/uploads\/sites\/17\/2021\/06\/taekwondobrasil.jpg\",\"datePublished\":\"2021-06-01T18:16:24+00:00\",\"dateModified\":\"2021-06-01T18:16:40+00:00\",\"author\":{\"@id\":\"https:\/\/maringapost.com.br\/orlandogonzalez\/#\/schema\/person\/5cbe6257d08edea6afc9ebaa613b0633\"},\"inLanguage\":\"pt-BR\",\"potentialAction\":[{\"@type\":\"ReadAction\",\"target\":[\"https:\/\/maringapost.com.br\/orlandogonzalez\/2021\/06\/01\/radio-maringa-com-trio-olimpico-taekwondo-brasil-disputa-pan-americano-no-mexico\/\"]}]},{\"@type\":\"ImageObject\",\"inLanguage\":\"pt-BR\",\"@id\":\"https:\/\/maringapost.com.br\/orlandogonzalez\/2021\/06\/01\/radio-maringa-com-trio-olimpico-taekwondo-brasil-disputa-pan-americano-no-mexico\/#primaryimage\",\"url\":\"https:\/\/maringapost.com.br\/orlandogonzalez\/wp-content\/uploads\/sites\/17\/2021\/06\/taekwondobrasil.jpg\",\"contentUrl\":\"https:\/\/maringapost.com.br\/orlandogonzalez\/wp-content\/uploads\/sites\/17\/2021\/06\/taekwondobrasil.jpg\",\"width\":1170,\"height\":700},{\"@type\":\"WebSite\",\"@id\":\"https:\/\/maringapost.com.br\/orlandogonzalez\/#website\",\"url\":\"https:\/\/maringapost.com.br\/orlandogonzalez\/\",\"name\":\"Orlando Gonzalez\",\"description\":\"Destaca o esporte de Maring\u00e1! Destaca o esporte do Paran\u00e1! Destaca o esporte do Brasil!\",\"potentialAction\":[{\"@type\":\"SearchAction\",\"target\":{\"@type\":\"EntryPoint\",\"urlTemplate\":\"https:\/\/maringapost.com.br\/orlandogonzalez\/?s={search_term_string}\"},\"query-input\":\"required name=search_term_string\"}],\"inLanguage\":\"pt-BR\"},{\"@type\":\"Person\",\"@id\":\"https:\/\/maringapost.com.br\/orlandogonzalez\/#\/schema\/person\/5cbe6257d08edea6afc9ebaa613b0633\",\"name\":\"Orlando Gonzalez\",\"image\":{\"@type\":\"ImageObject\",\"inLanguage\":\"pt-BR\",\"@id\":\"https:\/\/maringapost.com.br\/orlandogonzalez\/#\/schema\/person\/image\/\",\"url\":\"https:\/\/secure.gravatar.com\/avatar\/ecef9d1c9afe5ebdafadde8369065ba5?s=96&d=mm&r=g\",\"contentUrl\":\"https:\/\/secure.gravatar.com\/avatar\/ecef9d1c9afe5ebdafadde8369065ba5?s=96&d=mm&r=g\",\"caption\":\"Orlando Gonzalez\"},\"description\":\"H\u00e1 29 anos na cobertura do esporte de Maring\u00e1. Plant\u00e3o e narrador esportivo. Presta\u00e7\u00e3o de assessoria de imprensa esportiva, cobertura e transmiss\u00f5es ao vivo de eventos esportivos. E-mail: orlandogonzalez.assessoria@gmail.com WhatsApp: (44) 9 9126-6119\",\"sameAs\":[\"http:\/\/www.radiomaringa.com.br\/\",\"https:\/\/www.facebook.com\/profile.php?id=100011095815065\",\"https:\/\/www.instagram.com\/orlandomgonzalez\/\",\"https:\/\/br.pinterest.com\/ogonzalez0530\/\",\"https:\/\/x.com\/gonzalezorlando\",\"https:\/\/www.youtube.com\/channel\/UCvFpl55btth8wjnKiSS1ibA\",\"https:\/\/radiomaringaweb.tumblr.com\/\"],\"url\":\"https:\/\/maringapost.com.br\/orlandogonzalez\/author\/orlando\/\"}]}<\/script>\n<!-- \/ Yoast SEO Premium plugin. -->","yoast_head_json":{"title":"R\u00c1DIO MARING\u00c1 - Com trio ol\u00edmpico, taekwondo Brasil disputa Pan-Americano no M\u00e9xico - Orlando Gonzalez","robots":{"index":"index","follow":"follow","max-snippet":"max-snippet:-1","max-image-preview":"max-image-preview:large","max-video-preview":"max-video-preview:-1"},"canonical":"https:\/\/maringapost.com.br\/orlandogonzalez\/2021\/06\/01\/radio-maringa-com-trio-olimpico-taekwondo-brasil-disputa-pan-americano-no-mexico\/","og_locale":"pt_BR","og_type":"article","og_title":"R\u00c1DIO MARING\u00c1 - Com trio ol\u00edmpico, taekwondo Brasil disputa Pan-Americano no M\u00e9xico","og_description":"A sele\u00e7\u00e3o brasileira de taekwondo j\u00e1 est\u00e1 em Cancun, no M\u00e9xico, onde vai participar do Campeonato Pan-Americano da modalidade, nos dias 3\u00a0e 4\u00a0de junho. O time verde e amarelo ser\u00e1 formado por 26 atletas, com destaque para o trio Milena Titoneli (at\u00e9 67 kg), Edival Marques Pontes (at\u00e9 74 kg) e \u00cdcaro Miguel (at\u00e9 87 [&hellip;]","og_url":"https:\/\/maringapost.com.br\/orlandogonzalez\/2021\/06\/01\/radio-maringa-com-trio-olimpico-taekwondo-brasil-disputa-pan-americano-no-mexico\/","og_site_name":"Orlando Gonzalez","article_author":"https:\/\/www.facebook.com\/profile.php?id=100011095815065","article_published_time":"2021-06-01T18:16:24+00:00","article_modified_time":"2021-06-01T18:16:40+00:00","og_image":[{"width":1170,"height":700,"url":"https:\/\/maringapost.com.br\/orlandogonzalez\/wp-content\/uploads\/sites\/17\/2021\/06\/taekwondobrasil.jpg","type":"image\/jpeg"}],"author":"Orlando Gonzalez","twitter_card":"summary_large_image","twitter_creator":"@gonzalezorlando","twitter_misc":{"Escrito por":false,"Est. tempo de leitura":"3 minutos"},"schema":{"@context":"https:\/\/schema.org","@graph":[{"@type":"WebPage","@id":"https:\/\/maringapost.com.br\/orlandogonzalez\/2021\/06\/01\/radio-maringa-com-trio-olimpico-taekwondo-brasil-disputa-pan-americano-no-mexico\/","url":"https:\/\/maringapost.com.br\/orlandogonzalez\/2021\/06\/01\/radio-maringa-com-trio-olimpico-taekwondo-brasil-disputa-pan-americano-no-mexico\/","name":"R\u00c1DIO MARING\u00c1 - Com trio ol\u00edmpico, taekwondo Brasil disputa Pan-Americano no M\u00e9xico - Orlando Gonzalez","isPartOf":{"@id":"https:\/\/maringapost.com.br\/orlandogonzalez\/#website"},"primaryImageOfPage":{"@id":"https:\/\/maringapost.com.br\/orlandogonzalez\/2021\/06\/01\/radio-maringa-com-trio-olimpico-taekwondo-brasil-disputa-pan-americano-no-mexico\/#primaryimage"},"image":{"@id":"https:\/\/maringapost.com.br\/orlandogonzalez\/2021\/06\/01\/radio-maringa-com-trio-olimpico-taekwondo-brasil-disputa-pan-americano-no-mexico\/#primaryimage"},"thumbnailUrl":"https:\/\/maringapost.com.br\/orlandogonzalez\/wp-content\/uploads\/sites\/17\/2021\/06\/taekwondobrasil.jpg","datePublished":"2021-06-01T18:16:24+00:00","dateModified":"2021-06-01T18:16:40+00:00","author":{"@id":"https:\/\/maringapost.com.br\/orlandogonzalez\/#\/schema\/person\/5cbe6257d08edea6afc9ebaa613b0633"},"inLanguage":"pt-BR","potentialAction":[{"@type":"ReadAction","target":["https:\/\/maringapost.com.br\/orlandogonzalez\/2021\/06\/01\/radio-maringa-com-trio-olimpico-taekwondo-brasil-disputa-pan-americano-no-mexico\/"]}]},{"@type":"ImageObject","inLanguage":"pt-BR","@id":"https:\/\/maringapost.com.br\/orlandogonzalez\/2021\/06\/01\/radio-maringa-com-trio-olimpico-taekwondo-brasil-disputa-pan-americano-no-mexico\/#primaryimage","url":"https:\/\/maringapost.com.br\/orlandogonzalez\/wp-content\/uploads\/sites\/17\/2021\/06\/taekwondobrasil.jpg","contentUrl":"https:\/\/maringapost.com.br\/orlandogonzalez\/wp-content\/uploads\/sites\/17\/2021\/06\/taekwondobrasil.jpg","width":1170,"height":700},{"@type":"WebSite","@id":"https:\/\/maringapost.com.br\/orlandogonzalez\/#website","url":"https:\/\/maringapost.com.br\/orlandogonzalez\/","name":"Orlando Gonzalez","description":"Destaca o esporte de Maring\u00e1! Destaca o esporte do Paran\u00e1! Destaca o esporte do Brasil!","potentialAction":[{"@type":"SearchAction","target":{"@type":"EntryPoint","urlTemplate":"https:\/\/maringapost.com.br\/orlandogonzalez\/?s={search_term_string}"},"query-input":"required name=search_term_string"}],"inLanguage":"pt-BR"},{"@type":"Person","@id":"https:\/\/maringapost.com.br\/orlandogonzalez\/#\/schema\/person\/5cbe6257d08edea6afc9ebaa613b0633","name":"Orlando Gonzalez","image":{"@type":"ImageObject","inLanguage":"pt-BR","@id":"https:\/\/maringapost.com.br\/orlandogonzalez\/#\/schema\/person\/image\/","url":"https:\/\/secure.gravatar.com\/avatar\/ecef9d1c9afe5ebdafadde8369065ba5?s=96&d=mm&r=g","contentUrl":"https:\/\/secure.gravatar.com\/avatar\/ecef9d1c9afe5ebdafadde8369065ba5?s=96&d=mm&r=g","caption":"Orlando Gonzalez"},"description":"H\u00e1 29 anos na cobertura do esporte de Maring\u00e1. Plant\u00e3o e narrador esportivo. Presta\u00e7\u00e3o de assessoria de imprensa esportiva, cobertura e transmiss\u00f5es ao vivo de eventos esportivos. E-mail: orlandogonzalez.assessoria@gmail.com WhatsApp: (44) 9 9126-6119","sameAs":["http:\/\/www.radiomaringa.com.br\/","https:\/\/www.facebook.com\/profile.php?id=100011095815065","https:\/\/www.instagram.com\/orlandomgonzalez\/","https:\/\/br.pinterest.com\/ogonzalez0530\/","https:\/\/x.com\/gonzalezorlando","https:\/\/www.youtube.com\/channel\/UCvFpl55btth8wjnKiSS1ibA","https:\/\/radiomaringaweb.tumblr.com\/"],"url":"https:\/\/maringapost.com.br\/orlandogonzalez\/author\/orlando\/"}]}},"_links":{"self":[{"href":"https:\/\/maringapost.com.br\/orlandogonzalez\/wp-json\/wp\/v2\/posts\/47665"}],"collection":[{"href":"https:\/\/maringapost.com.br\/orlandogonzalez\/wp-json\/wp\/v2\/posts"}],"about":[{"href":"https:\/\/maringapost.com.br\/orlandogonzalez\/wp-json\/wp\/v2\/types\/post"}],"author":[{"embeddable":true,"href":"https:\/\/maringapost.com.br\/orlandogonzalez\/wp-json\/wp\/v2\/users\/6307"}],"replies":[{"embeddable":true,"href":"https:\/\/maringapost.com.br\/orlandogonzalez\/wp-json\/wp\/v2\/comments?post=47665"}],"version-history":[{"count":1,"href":"https:\/\/maringapost.com.br\/orlandogonzalez\/wp-json\/wp\/v2\/posts\/47665\/revisions"}],"predecessor-version":[{"id":47667,"href":"https:\/\/maringapost.com.br\/orlandogonzalez\/wp-json\/wp\/v2\/posts\/47665\/revisions\/47667"}],"wp:featuredmedia":[{"embeddable":true,"href":"https:\/\/maringapost.com.br\/orlandogonzalez\/wp-json\/wp\/v2\/media\/47666"}],"wp:attachment":[{"href":"https:\/\/maringapost.com.br\/orlandogonzalez\/wp-json\/wp\/v2\/media?parent=47665"}],"wp:term":[{"taxonomy":"category","embeddable":true,"href":"https:\/\/maringapost.com.br\/orlandogonzalez\/wp-json\/wp\/v2\/categories?post=47665"},{"taxonomy":"post_tag","embeddable":true,"href":"https:\/\/maringapost.com.br\/orlandogonzalez\/wp-json\/wp\/v2\/tags?post=47665"}],"curies":[{"name":"wp","href":"https:\/\/api.w.org\/{rel}","templated":true}]}}