{"id":47652,"date":"2021-06-01T13:58:28","date_gmt":"2021-06-01T16:58:28","guid":{"rendered":"http:\/\/maringapost.com.br\/orlandogonzalez\/?p=47652"},"modified":"2021-06-01T13:58:43","modified_gmt":"2021-06-01T16:58:43","slug":"radio-maringa-japao-se-une-a-atletas-em-apoio-a-osaka-apos-renuncia-a-roland-garros","status":"publish","type":"post","link":"https:\/\/maringapost.com.br\/orlandogonzalez\/2021\/06\/01\/radio-maringa-japao-se-une-a-atletas-em-apoio-a-osaka-apos-renuncia-a-roland-garros\/","title":{"rendered":"R\u00c1DIO MARING\u00c1 &#8211; Jap\u00e3o se une a atletas em apoio a Osaka ap\u00f3s ren\u00fancia a Roland Garros"},"content":{"rendered":"<p><span style=\"font-size: 24px\">O Jap\u00e3o se uniu a figuras destacadas do t\u00eanis para demonstrar apoio a Naomi Osaka nesta ter\u00e7a-feira (1) depois que a tenista n\u00famero dois\u00a0do mundo desistiu de disputar Roland Garros devido a uma desaven\u00e7a sobre atividades de m\u00eddia p\u00f3s-jogo, explicando que sofre de depress\u00e3o e ansiedade<a href=\"https:\/\/www.orlandogonzalez.com.br\/\" target=\"_blank\" rel=\"noopener\">.<\/a><img decoding=\"async\" src=\"https:\/\/agenciabrasil.ebc.com.br\/ebc.png?id=1411360&amp;o=node\" \/><img decoding=\"async\" src=\"https:\/\/agenciabrasil.ebc.com.br\/ebc.gif?id=1411360&amp;o=node\" \/><\/span><\/p>\n<p><span style=\"font-size: 24px\">Um dos maiores nomes do esporte, Osaka surpreendeu o mundo do t\u00eanis ao se retirar ontem (31) do Grand Slam depois de ser multada e amea\u00e7ada de expuls\u00e3o por se recusar a falar \u00e0 m\u00eddia ap\u00f3s sua partida de primeira rodada no domingo (30).<\/span><\/p>\n<p><span style=\"font-size: 24px\">Na semana passada, a vencedora de quatro t\u00edtulos de Grand Slam expressou sua inten\u00e7\u00e3o de ignorar os compromissos midi\u00e1ticos para proteger seu bem-estar mental, e voltou ao Twitter na segunda-feira (31)\u00a0\u00a0para anunciar sua desist\u00eancia<a href=\"\/\/radiomaringa.com.br\/\" target=\"_blank\" rel=\"noopener\">.<\/a><\/span><\/p>\n<p><span style=\"font-size: 24px\">Embora sua postura inicial tenha rendido \u00e0 japonesa de 23 anos pouco apoio dos colegas, a maioria dizendo que lidar com a m\u00eddia \u00e9 parte do trabalho, sua sa\u00edda desencadeou uma onda de solidariedade em todo o mundo.<\/span><\/p>\n<p><span style=\"font-size: 24px\">&#8220;A primeira coisa a ser considerada \u00e9 a sa\u00fade da senhorita Osaka. Desejo a ela a recupera\u00e7\u00e3o mais r\u00e1pida poss\u00edvel&#8221;, disse Toshihisa Tsuchihashi, diretor-executivo da Associa\u00e7\u00e3o de T\u00eanis do Jap\u00e3o (JTA), em um comunicado nesta ter\u00e7a-feira (1).<\/span><\/p>\n<p><span style=\"font-size: 24px\">O secret\u00e1rio-chefe de gabinete japon\u00eas, Katsunobu Kato, disse em uma coletiva de imprensa que &#8220;cuidar\u00e1 dela discretamente&#8221; e que existem preocupa\u00e7\u00f5es na ruas de T\u00f3quio com a mulher que ser\u00e1 um dos rostos da Olimp\u00edada deste ano na cidade.<\/span><\/p>\n<p><span style=\"font-size: 24px\">&#8220;Acho que ela est\u00e1 sob muita press\u00e3o, mais do que podemos imaginar&#8221;, disse Tomomi Noguchi, artes\u00e3 de kimono de 67 anos, \u00e0 Reuters.<\/span><\/p>\n<p><span style=\"font-size: 24px\">Vickie Skorji, que administra um n\u00famero de telefone de emerg\u00eancia do Tell, um servi\u00e7o de aconselhamento sem fins lucrativos do Jap\u00e3o, disse que a sociedade precisa ser &#8220;mais respeitosa e solid\u00e1ria&#8221; quando o assunto \u00e9 sa\u00fade mental.<\/span><\/p>\n<p><span style=\"font-size: 24px\">&#8220;Quem perguntou a ela como ela est\u00e1? Ela divulgou um comunicado e disse &#8216;preciso cuidar de mim mesma&#8217; e foi punida&#8221;, disse Skorji \u00e0 Reuters.<\/span><\/p>\n<p><span style=\"font-size: 24px\">Seus pensamentos ecoaram coment\u00e1rios anteriores das tenistas pioneiras Martina Navratilova e Billie Jean King.<\/span><\/p>\n<p><span style=\"font-size: 24px\">&#8220;\u00c9 incrivelmente corajoso Naomi Osaka revelar a verdade sobre sua luta com a depress\u00e3o&#8221;, escreveu King nas redes sociais.<\/span><\/p>\n<p><span style=\"font-size: 24px\">(Ag\u00eancia Brasil)<\/span><\/p>\n","protected":false},"excerpt":{"rendered":"<p>O Jap\u00e3o se uniu a figuras destacadas do t\u00eanis para demonstrar apoio a Naomi Osaka nesta ter\u00e7a-feira (1) depois que a tenista n\u00famero dois\u00a0do mundo desistiu de disputar Roland Garros devido a uma desaven\u00e7a sobre atividades de m\u00eddia p\u00f3s-jogo, explicando que sofre de depress\u00e3o e ansiedade. Um dos maiores nomes do esporte, Osaka surpreendeu o [&hellip;]<\/p>\n","protected":false},"author":6307,"featured_media":47653,"comment_status":"closed","ping_status":"open","sticky":false,"template":"","format":"standard","meta":{"_exactmetrics_skip_tracking":false,"_exactmetrics_sitenote_active":false,"_exactmetrics_sitenote_note":"","_exactmetrics_sitenote_category":0,"footnotes":""},"categories":[2544],"tags":[47,11725],"yoast_head":"<!-- This site is optimized with the Yoast SEO Premium plugin v22.7 (Yoast SEO v22.7) - https:\/\/yoast.com\/wordpress\/plugins\/seo\/ -->\n<title>R\u00c1DIO MARING\u00c1 - Jap\u00e3o se une a atletas em apoio a Osaka ap\u00f3s ren\u00fancia a Roland Garros - Orlando Gonzalez<\/title>\n<meta name=\"robots\" content=\"index, follow, max-snippet:-1, max-image-preview:large, max-video-preview:-1\" \/>\n<link rel=\"canonical\" href=\"https:\/\/maringapost.com.br\/orlandogonzalez\/2021\/06\/01\/radio-maringa-japao-se-une-a-atletas-em-apoio-a-osaka-apos-renuncia-a-roland-garros\/\" \/>\n<meta property=\"og:locale\" content=\"pt_BR\" \/>\n<meta property=\"og:type\" content=\"article\" \/>\n<meta property=\"og:title\" content=\"R\u00c1DIO MARING\u00c1 - Jap\u00e3o se une a atletas em apoio a Osaka ap\u00f3s ren\u00fancia a Roland Garros\" \/>\n<meta property=\"og:description\" content=\"O Jap\u00e3o se uniu a figuras destacadas do t\u00eanis para demonstrar apoio a Naomi Osaka nesta ter\u00e7a-feira (1) depois que a tenista n\u00famero dois\u00a0do mundo desistiu de disputar Roland Garros devido a uma desaven\u00e7a sobre atividades de m\u00eddia p\u00f3s-jogo, explicando que sofre de depress\u00e3o e ansiedade. Um dos maiores nomes do esporte, Osaka surpreendeu o [&hellip;]\" \/>\n<meta property=\"og:url\" content=\"https:\/\/maringapost.com.br\/orlandogonzalez\/2021\/06\/01\/radio-maringa-japao-se-une-a-atletas-em-apoio-a-osaka-apos-renuncia-a-roland-garros\/\" \/>\n<meta property=\"og:site_name\" content=\"Orlando Gonzalez\" \/>\n<meta property=\"article:author\" content=\"https:\/\/www.facebook.com\/profile.php?id=100011095815065\" \/>\n<meta property=\"article:published_time\" content=\"2021-06-01T16:58:28+00:00\" \/>\n<meta property=\"article:modified_time\" content=\"2021-06-01T16:58:43+00:00\" \/>\n<meta property=\"og:image\" content=\"https:\/\/maringapost.com.br\/orlandogonzalez\/wp-content\/uploads\/sites\/17\/2021\/06\/osaka2.jpg\" \/>\n\t<meta property=\"og:image:width\" content=\"1170\" \/>\n\t<meta property=\"og:image:height\" content=\"700\" \/>\n\t<meta property=\"og:image:type\" content=\"image\/jpeg\" \/>\n<meta name=\"author\" content=\"Orlando Gonzalez\" \/>\n<meta name=\"twitter:card\" content=\"summary_large_image\" \/>\n<meta name=\"twitter:creator\" content=\"@gonzalezorlando\" \/>\n<meta name=\"twitter:label1\" content=\"Escrito por\" \/>\n\t<meta name=\"twitter:data1\" content=\"\" \/>\n\t<meta name=\"twitter:label2\" content=\"Est. tempo de leitura\" \/>\n\t<meta name=\"twitter:data2\" content=\"2 minutos\" \/>\n<script type=\"application\/ld+json\" class=\"yoast-schema-graph\">{\"@context\":\"https:\/\/schema.org\",\"@graph\":[{\"@type\":\"WebPage\",\"@id\":\"https:\/\/maringapost.com.br\/orlandogonzalez\/2021\/06\/01\/radio-maringa-japao-se-une-a-atletas-em-apoio-a-osaka-apos-renuncia-a-roland-garros\/\",\"url\":\"https:\/\/maringapost.com.br\/orlandogonzalez\/2021\/06\/01\/radio-maringa-japao-se-une-a-atletas-em-apoio-a-osaka-apos-renuncia-a-roland-garros\/\",\"name\":\"R\u00c1DIO MARING\u00c1 - Jap\u00e3o se une a atletas em apoio a Osaka ap\u00f3s ren\u00fancia a Roland Garros - Orlando Gonzalez\",\"isPartOf\":{\"@id\":\"https:\/\/maringapost.com.br\/orlandogonzalez\/#website\"},\"primaryImageOfPage\":{\"@id\":\"https:\/\/maringapost.com.br\/orlandogonzalez\/2021\/06\/01\/radio-maringa-japao-se-une-a-atletas-em-apoio-a-osaka-apos-renuncia-a-roland-garros\/#primaryimage\"},\"image\":{\"@id\":\"https:\/\/maringapost.com.br\/orlandogonzalez\/2021\/06\/01\/radio-maringa-japao-se-une-a-atletas-em-apoio-a-osaka-apos-renuncia-a-roland-garros\/#primaryimage\"},\"thumbnailUrl\":\"https:\/\/maringapost.com.br\/orlandogonzalez\/wp-content\/uploads\/sites\/17\/2021\/06\/osaka2.jpg\",\"datePublished\":\"2021-06-01T16:58:28+00:00\",\"dateModified\":\"2021-06-01T16:58:43+00:00\",\"author\":{\"@id\":\"https:\/\/maringapost.com.br\/orlandogonzalez\/#\/schema\/person\/5cbe6257d08edea6afc9ebaa613b0633\"},\"inLanguage\":\"pt-BR\",\"potentialAction\":[{\"@type\":\"ReadAction\",\"target\":[\"https:\/\/maringapost.com.br\/orlandogonzalez\/2021\/06\/01\/radio-maringa-japao-se-une-a-atletas-em-apoio-a-osaka-apos-renuncia-a-roland-garros\/\"]}]},{\"@type\":\"ImageObject\",\"inLanguage\":\"pt-BR\",\"@id\":\"https:\/\/maringapost.com.br\/orlandogonzalez\/2021\/06\/01\/radio-maringa-japao-se-une-a-atletas-em-apoio-a-osaka-apos-renuncia-a-roland-garros\/#primaryimage\",\"url\":\"https:\/\/maringapost.com.br\/orlandogonzalez\/wp-content\/uploads\/sites\/17\/2021\/06\/osaka2.jpg\",\"contentUrl\":\"https:\/\/maringapost.com.br\/orlandogonzalez\/wp-content\/uploads\/sites\/17\/2021\/06\/osaka2.jpg\",\"width\":1170,\"height\":700},{\"@type\":\"WebSite\",\"@id\":\"https:\/\/maringapost.com.br\/orlandogonzalez\/#website\",\"url\":\"https:\/\/maringapost.com.br\/orlandogonzalez\/\",\"name\":\"Orlando Gonzalez\",\"description\":\"Destaca o esporte de Maring\u00e1! Destaca o esporte do Paran\u00e1! Destaca o esporte do Brasil!\",\"potentialAction\":[{\"@type\":\"SearchAction\",\"target\":{\"@type\":\"EntryPoint\",\"urlTemplate\":\"https:\/\/maringapost.com.br\/orlandogonzalez\/?s={search_term_string}\"},\"query-input\":\"required name=search_term_string\"}],\"inLanguage\":\"pt-BR\"},{\"@type\":\"Person\",\"@id\":\"https:\/\/maringapost.com.br\/orlandogonzalez\/#\/schema\/person\/5cbe6257d08edea6afc9ebaa613b0633\",\"name\":\"Orlando Gonzalez\",\"image\":{\"@type\":\"ImageObject\",\"inLanguage\":\"pt-BR\",\"@id\":\"https:\/\/maringapost.com.br\/orlandogonzalez\/#\/schema\/person\/image\/\",\"url\":\"https:\/\/secure.gravatar.com\/avatar\/ecef9d1c9afe5ebdafadde8369065ba5?s=96&d=mm&r=g\",\"contentUrl\":\"https:\/\/secure.gravatar.com\/avatar\/ecef9d1c9afe5ebdafadde8369065ba5?s=96&d=mm&r=g\",\"caption\":\"Orlando Gonzalez\"},\"description\":\"H\u00e1 29 anos na cobertura do esporte de Maring\u00e1. Plant\u00e3o e narrador esportivo. Presta\u00e7\u00e3o de assessoria de imprensa esportiva, cobertura e transmiss\u00f5es ao vivo de eventos esportivos. E-mail: orlandogonzalez.assessoria@gmail.com WhatsApp: (44) 9 9126-6119\",\"sameAs\":[\"http:\/\/www.radiomaringa.com.br\/\",\"https:\/\/www.facebook.com\/profile.php?id=100011095815065\",\"https:\/\/www.instagram.com\/orlandomgonzalez\/\",\"https:\/\/br.pinterest.com\/ogonzalez0530\/\",\"https:\/\/x.com\/gonzalezorlando\",\"https:\/\/www.youtube.com\/channel\/UCvFpl55btth8wjnKiSS1ibA\",\"https:\/\/radiomaringaweb.tumblr.com\/\"],\"url\":\"https:\/\/maringapost.com.br\/orlandogonzalez\/author\/orlando\/\"}]}<\/script>\n<!-- \/ Yoast SEO Premium plugin. -->","yoast_head_json":{"title":"R\u00c1DIO MARING\u00c1 - Jap\u00e3o se une a atletas em apoio a Osaka ap\u00f3s ren\u00fancia a Roland Garros - Orlando Gonzalez","robots":{"index":"index","follow":"follow","max-snippet":"max-snippet:-1","max-image-preview":"max-image-preview:large","max-video-preview":"max-video-preview:-1"},"canonical":"https:\/\/maringapost.com.br\/orlandogonzalez\/2021\/06\/01\/radio-maringa-japao-se-une-a-atletas-em-apoio-a-osaka-apos-renuncia-a-roland-garros\/","og_locale":"pt_BR","og_type":"article","og_title":"R\u00c1DIO MARING\u00c1 - Jap\u00e3o se une a atletas em apoio a Osaka ap\u00f3s ren\u00fancia a Roland Garros","og_description":"O Jap\u00e3o se uniu a figuras destacadas do t\u00eanis para demonstrar apoio a Naomi Osaka nesta ter\u00e7a-feira (1) depois que a tenista n\u00famero dois\u00a0do mundo desistiu de disputar Roland Garros devido a uma desaven\u00e7a sobre atividades de m\u00eddia p\u00f3s-jogo, explicando que sofre de depress\u00e3o e ansiedade. Um dos maiores nomes do esporte, Osaka surpreendeu o [&hellip;]","og_url":"https:\/\/maringapost.com.br\/orlandogonzalez\/2021\/06\/01\/radio-maringa-japao-se-une-a-atletas-em-apoio-a-osaka-apos-renuncia-a-roland-garros\/","og_site_name":"Orlando Gonzalez","article_author":"https:\/\/www.facebook.com\/profile.php?id=100011095815065","article_published_time":"2021-06-01T16:58:28+00:00","article_modified_time":"2021-06-01T16:58:43+00:00","og_image":[{"width":1170,"height":700,"url":"https:\/\/maringapost.com.br\/orlandogonzalez\/wp-content\/uploads\/sites\/17\/2021\/06\/osaka2.jpg","type":"image\/jpeg"}],"author":"Orlando Gonzalez","twitter_card":"summary_large_image","twitter_creator":"@gonzalezorlando","twitter_misc":{"Escrito por":false,"Est. tempo de leitura":"2 minutos"},"schema":{"@context":"https:\/\/schema.org","@graph":[{"@type":"WebPage","@id":"https:\/\/maringapost.com.br\/orlandogonzalez\/2021\/06\/01\/radio-maringa-japao-se-une-a-atletas-em-apoio-a-osaka-apos-renuncia-a-roland-garros\/","url":"https:\/\/maringapost.com.br\/orlandogonzalez\/2021\/06\/01\/radio-maringa-japao-se-une-a-atletas-em-apoio-a-osaka-apos-renuncia-a-roland-garros\/","name":"R\u00c1DIO MARING\u00c1 - Jap\u00e3o se une a atletas em apoio a Osaka ap\u00f3s ren\u00fancia a Roland Garros - Orlando Gonzalez","isPartOf":{"@id":"https:\/\/maringapost.com.br\/orlandogonzalez\/#website"},"primaryImageOfPage":{"@id":"https:\/\/maringapost.com.br\/orlandogonzalez\/2021\/06\/01\/radio-maringa-japao-se-une-a-atletas-em-apoio-a-osaka-apos-renuncia-a-roland-garros\/#primaryimage"},"image":{"@id":"https:\/\/maringapost.com.br\/orlandogonzalez\/2021\/06\/01\/radio-maringa-japao-se-une-a-atletas-em-apoio-a-osaka-apos-renuncia-a-roland-garros\/#primaryimage"},"thumbnailUrl":"https:\/\/maringapost.com.br\/orlandogonzalez\/wp-content\/uploads\/sites\/17\/2021\/06\/osaka2.jpg","datePublished":"2021-06-01T16:58:28+00:00","dateModified":"2021-06-01T16:58:43+00:00","author":{"@id":"https:\/\/maringapost.com.br\/orlandogonzalez\/#\/schema\/person\/5cbe6257d08edea6afc9ebaa613b0633"},"inLanguage":"pt-BR","potentialAction":[{"@type":"ReadAction","target":["https:\/\/maringapost.com.br\/orlandogonzalez\/2021\/06\/01\/radio-maringa-japao-se-une-a-atletas-em-apoio-a-osaka-apos-renuncia-a-roland-garros\/"]}]},{"@type":"ImageObject","inLanguage":"pt-BR","@id":"https:\/\/maringapost.com.br\/orlandogonzalez\/2021\/06\/01\/radio-maringa-japao-se-une-a-atletas-em-apoio-a-osaka-apos-renuncia-a-roland-garros\/#primaryimage","url":"https:\/\/maringapost.com.br\/orlandogonzalez\/wp-content\/uploads\/sites\/17\/2021\/06\/osaka2.jpg","contentUrl":"https:\/\/maringapost.com.br\/orlandogonzalez\/wp-content\/uploads\/sites\/17\/2021\/06\/osaka2.jpg","width":1170,"height":700},{"@type":"WebSite","@id":"https:\/\/maringapost.com.br\/orlandogonzalez\/#website","url":"https:\/\/maringapost.com.br\/orlandogonzalez\/","name":"Orlando Gonzalez","description":"Destaca o esporte de Maring\u00e1! Destaca o esporte do Paran\u00e1! Destaca o esporte do Brasil!","potentialAction":[{"@type":"SearchAction","target":{"@type":"EntryPoint","urlTemplate":"https:\/\/maringapost.com.br\/orlandogonzalez\/?s={search_term_string}"},"query-input":"required name=search_term_string"}],"inLanguage":"pt-BR"},{"@type":"Person","@id":"https:\/\/maringapost.com.br\/orlandogonzalez\/#\/schema\/person\/5cbe6257d08edea6afc9ebaa613b0633","name":"Orlando Gonzalez","image":{"@type":"ImageObject","inLanguage":"pt-BR","@id":"https:\/\/maringapost.com.br\/orlandogonzalez\/#\/schema\/person\/image\/","url":"https:\/\/secure.gravatar.com\/avatar\/ecef9d1c9afe5ebdafadde8369065ba5?s=96&d=mm&r=g","contentUrl":"https:\/\/secure.gravatar.com\/avatar\/ecef9d1c9afe5ebdafadde8369065ba5?s=96&d=mm&r=g","caption":"Orlando Gonzalez"},"description":"H\u00e1 29 anos na cobertura do esporte de Maring\u00e1. Plant\u00e3o e narrador esportivo. Presta\u00e7\u00e3o de assessoria de imprensa esportiva, cobertura e transmiss\u00f5es ao vivo de eventos esportivos. E-mail: orlandogonzalez.assessoria@gmail.com WhatsApp: (44) 9 9126-6119","sameAs":["http:\/\/www.radiomaringa.com.br\/","https:\/\/www.facebook.com\/profile.php?id=100011095815065","https:\/\/www.instagram.com\/orlandomgonzalez\/","https:\/\/br.pinterest.com\/ogonzalez0530\/","https:\/\/x.com\/gonzalezorlando","https:\/\/www.youtube.com\/channel\/UCvFpl55btth8wjnKiSS1ibA","https:\/\/radiomaringaweb.tumblr.com\/"],"url":"https:\/\/maringapost.com.br\/orlandogonzalez\/author\/orlando\/"}]}},"_links":{"self":[{"href":"https:\/\/maringapost.com.br\/orlandogonzalez\/wp-json\/wp\/v2\/posts\/47652"}],"collection":[{"href":"https:\/\/maringapost.com.br\/orlandogonzalez\/wp-json\/wp\/v2\/posts"}],"about":[{"href":"https:\/\/maringapost.com.br\/orlandogonzalez\/wp-json\/wp\/v2\/types\/post"}],"author":[{"embeddable":true,"href":"https:\/\/maringapost.com.br\/orlandogonzalez\/wp-json\/wp\/v2\/users\/6307"}],"replies":[{"embeddable":true,"href":"https:\/\/maringapost.com.br\/orlandogonzalez\/wp-json\/wp\/v2\/comments?post=47652"}],"version-history":[{"count":1,"href":"https:\/\/maringapost.com.br\/orlandogonzalez\/wp-json\/wp\/v2\/posts\/47652\/revisions"}],"predecessor-version":[{"id":47654,"href":"https:\/\/maringapost.com.br\/orlandogonzalez\/wp-json\/wp\/v2\/posts\/47652\/revisions\/47654"}],"wp:featuredmedia":[{"embeddable":true,"href":"https:\/\/maringapost.com.br\/orlandogonzalez\/wp-json\/wp\/v2\/media\/47653"}],"wp:attachment":[{"href":"https:\/\/maringapost.com.br\/orlandogonzalez\/wp-json\/wp\/v2\/media?parent=47652"}],"wp:term":[{"taxonomy":"category","embeddable":true,"href":"https:\/\/maringapost.com.br\/orlandogonzalez\/wp-json\/wp\/v2\/categories?post=47652"},{"taxonomy":"post_tag","embeddable":true,"href":"https:\/\/maringapost.com.br\/orlandogonzalez\/wp-json\/wp\/v2\/tags?post=47652"}],"curies":[{"name":"wp","href":"https:\/\/api.w.org\/{rel}","templated":true}]}}