{"id":47645,"date":"2021-06-01T10:10:07","date_gmt":"2021-06-01T13:10:07","guid":{"rendered":"http:\/\/maringapost.com.br\/orlandogonzalez\/?p=47645"},"modified":"2021-06-01T10:10:27","modified_gmt":"2021-06-01T13:10:27","slug":"radio-maringa-time-xandy-e-xandinho-negrao-ficara-fora-da-etapa-endurance-de-curitiba","status":"publish","type":"post","link":"https:\/\/maringapost.com.br\/orlandogonzalez\/2021\/06\/01\/radio-maringa-time-xandy-e-xandinho-negrao-ficara-fora-da-etapa-endurance-de-curitiba\/","title":{"rendered":"R\u00c1DIO MARING\u00c1 &#8211; Time Xandy e Xandinho Negr\u00e3o ficar\u00e1 fora da etapa Endurance de Curitiba"},"content":{"rendered":"<p style=\"line-height: inherit;color: #555555;font-family: 'Trebuchet MS', Verdana, Geneva, sans-serif;text-align: justify\"><span style=\"font-size: 24px\">Pela segunda vez, Xandy e Xandinho Negr\u00e3o v\u00e3o ficar de fora de uma etapa do Imp\u00e9rio Endurance Brasil, categoria que re\u00fane os carros mais r\u00e1pidos do pa\u00eds. Presentes nas corridas do campeonato desde prova no Velopark realizada em 2018, pai e filho v\u00e3o se ausentar da segunda etapa da atual temporada, marcada para este fim de semana, em Curitiba (PR), por raz\u00f5es distintas: Xandinho est\u00e1 fora do pa\u00eds por raz\u00f5es profissionais e Xandy esta se recuperando de uma les\u00e3o<a href=\"https:\/\/www.orlandogonzalez.com.br\/\" target=\"_blank\" rel=\"noopener\">.<\/a><\/span><\/p>\n<p style=\"line-height: inherit;color: #555555;font-family: 'Trebuchet MS', Verdana, Geneva, sans-serif;text-align: justify\"><span style=\"font-size: 24px\">Sem o cl\u00e3 Negr\u00e3o, a nova Mercedes AMG GT3 #09 que ambos dividem com o amigo e chefe de equipe Andreas Mattheis n\u00e3o vai participar da prova. \u201cN\u00e3o fazia sentido correr sem o Xandy e o Xandinho, ent\u00e3o decidimos abortar a miss\u00e3o e nos concentrar em realizar novos testes com o carro at\u00e9 a etapa seguinte\u201d, frisou o l\u00edder da AMattheis Motorsport. \u201cTreinamos em Curitiba na semana passada e evolu\u00edmos muito o carro. T\u00ednhamos a expectativa de fazer uma grande prova, mas o campeonato permite o descarte de um resultado. Ent\u00e3o, diante da circunst\u00e2ncia, optamos por ficar de fora para voltarmos mais fortes na pr\u00f3xima etapa\u201d, explica<a href=\"\/\/radiomaringa.com.br\/\" target=\"_blank\" rel=\"noopener\">.<\/a><\/span><\/p>\n<p style=\"line-height: inherit;color: #555555;font-family: 'Trebuchet MS', Verdana, Geneva, sans-serif;text-align: justify\"><span style=\"font-size: 24px\">Nos dois dias de treinos da equipe na \u00faltima semana, no circuito curitibano, as dores de Xandy j\u00e1 haviam limitado a participa\u00e7\u00e3o dele. \u201cSenti um desconforto e fiquei de fora do segundo dia. \u00c9 uma les\u00e3o que ainda estou tratando e n\u00e3o me sinto apto a disputar uma prova neste momento\u201d, declarou Xandy, que nos testes teve a companhia de Marcos Gomes, pois Xandinho j\u00e1 se encontrava fora do pa\u00eds na ocasi\u00e3o. \u201cMeu pai e eu ficamos tristes em n\u00e3o poder acelerar, mas a situa\u00e7\u00e3o n\u00e3o nos favoreceu e optamos por ficar de fora. O momento exige austeridade em quest\u00f5es de sa\u00fade e acho que foi a decis\u00e3o mais sensata\u201d, completou Xandinho.<\/span><\/p>\n<p style=\"line-height: inherit;color: #555555;font-family: 'Trebuchet MS', Verdana, Geneva, sans-serif;text-align: justify\"><span style=\"font-size: 24px\">A segunda etapa do Imp\u00e9rio Endurance Brasil acontece neste s\u00e1bado (5), em Curitiba, com quatro horas de dura\u00e7\u00e3o e largada \u00e0s 11h30. A prova ser\u00e1 transmitida em TV para todo o pa\u00eds pelo canal por assinatura Bandsports e via internet no canal oficial de YouTube da categoria. A volta da Mercedes do cl\u00e3 Negr\u00e3o e de Andreas Mattheis est\u00e1 prevista para ocorrer na prova do dia 3 de julho, em local a ser oficializado pela categoria.<\/span><\/p>\n<p style=\"line-height: inherit;color: #555555;font-family: 'Trebuchet MS', Verdana, Geneva, sans-serif;text-align: justify\"><span style=\"font-size: 24px\">(Assessoria)<\/span><\/p>\n","protected":false},"excerpt":{"rendered":"<p>Pela segunda vez, Xandy e Xandinho Negr\u00e3o v\u00e3o ficar de fora de uma etapa do Imp\u00e9rio Endurance Brasil, categoria que re\u00fane os carros mais r\u00e1pidos do pa\u00eds. Presentes nas corridas do campeonato desde prova no Velopark realizada em 2018, pai e filho v\u00e3o se ausentar da segunda etapa da atual temporada, marcada para este fim [&hellip;]<\/p>\n","protected":false},"author":6307,"featured_media":47646,"comment_status":"closed","ping_status":"open","sticky":false,"template":"","format":"standard","meta":{"_exactmetrics_skip_tracking":false,"_exactmetrics_sitenote_active":false,"_exactmetrics_sitenote_note":"","_exactmetrics_sitenote_category":0,"footnotes":""},"categories":[1267],"tags":[14555,47],"yoast_head":"<!-- This site is optimized with the Yoast SEO Premium plugin v22.7 (Yoast SEO v22.7) - https:\/\/yoast.com\/wordpress\/plugins\/seo\/ -->\n<title>R\u00c1DIO MARING\u00c1 - Time Xandy e Xandinho Negr\u00e3o ficar\u00e1 fora da etapa Endurance de Curitiba - Orlando Gonzalez<\/title>\n<meta name=\"robots\" content=\"index, follow, max-snippet:-1, max-image-preview:large, max-video-preview:-1\" \/>\n<link rel=\"canonical\" href=\"https:\/\/maringapost.com.br\/orlandogonzalez\/2021\/06\/01\/radio-maringa-time-xandy-e-xandinho-negrao-ficara-fora-da-etapa-endurance-de-curitiba\/\" \/>\n<meta property=\"og:locale\" content=\"pt_BR\" \/>\n<meta property=\"og:type\" content=\"article\" \/>\n<meta property=\"og:title\" content=\"R\u00c1DIO MARING\u00c1 - Time Xandy e Xandinho Negr\u00e3o ficar\u00e1 fora da etapa Endurance de Curitiba\" \/>\n<meta property=\"og:description\" content=\"Pela segunda vez, Xandy e Xandinho Negr\u00e3o v\u00e3o ficar de fora de uma etapa do Imp\u00e9rio Endurance Brasil, categoria que re\u00fane os carros mais r\u00e1pidos do pa\u00eds. Presentes nas corridas do campeonato desde prova no Velopark realizada em 2018, pai e filho v\u00e3o se ausentar da segunda etapa da atual temporada, marcada para este fim [&hellip;]\" \/>\n<meta property=\"og:url\" content=\"https:\/\/maringapost.com.br\/orlandogonzalez\/2021\/06\/01\/radio-maringa-time-xandy-e-xandinho-negrao-ficara-fora-da-etapa-endurance-de-curitiba\/\" \/>\n<meta property=\"og:site_name\" content=\"Orlando Gonzalez\" \/>\n<meta property=\"article:author\" content=\"https:\/\/www.facebook.com\/profile.php?id=100011095815065\" \/>\n<meta property=\"article:published_time\" content=\"2021-06-01T13:10:07+00:00\" \/>\n<meta property=\"article:modified_time\" content=\"2021-06-01T13:10:27+00:00\" \/>\n<meta property=\"og:image\" content=\"https:\/\/maringapost.com.br\/orlandogonzalez\/wp-content\/uploads\/sites\/17\/2021\/06\/392558_971043_btx12705.jpg\" \/>\n\t<meta property=\"og:image:width\" content=\"1280\" \/>\n\t<meta property=\"og:image:height\" content=\"853\" \/>\n\t<meta property=\"og:image:type\" content=\"image\/jpeg\" \/>\n<meta name=\"author\" content=\"Orlando Gonzalez\" \/>\n<meta name=\"twitter:card\" content=\"summary_large_image\" \/>\n<meta name=\"twitter:creator\" content=\"@gonzalezorlando\" \/>\n<meta name=\"twitter:label1\" content=\"Escrito por\" \/>\n\t<meta name=\"twitter:data1\" content=\"\" \/>\n\t<meta name=\"twitter:label2\" content=\"Est. tempo de leitura\" \/>\n\t<meta name=\"twitter:data2\" content=\"2 minutos\" \/>\n<script type=\"application\/ld+json\" class=\"yoast-schema-graph\">{\"@context\":\"https:\/\/schema.org\",\"@graph\":[{\"@type\":\"WebPage\",\"@id\":\"https:\/\/maringapost.com.br\/orlandogonzalez\/2021\/06\/01\/radio-maringa-time-xandy-e-xandinho-negrao-ficara-fora-da-etapa-endurance-de-curitiba\/\",\"url\":\"https:\/\/maringapost.com.br\/orlandogonzalez\/2021\/06\/01\/radio-maringa-time-xandy-e-xandinho-negrao-ficara-fora-da-etapa-endurance-de-curitiba\/\",\"name\":\"R\u00c1DIO MARING\u00c1 - Time Xandy e Xandinho Negr\u00e3o ficar\u00e1 fora da etapa Endurance de Curitiba - Orlando Gonzalez\",\"isPartOf\":{\"@id\":\"https:\/\/maringapost.com.br\/orlandogonzalez\/#website\"},\"primaryImageOfPage\":{\"@id\":\"https:\/\/maringapost.com.br\/orlandogonzalez\/2021\/06\/01\/radio-maringa-time-xandy-e-xandinho-negrao-ficara-fora-da-etapa-endurance-de-curitiba\/#primaryimage\"},\"image\":{\"@id\":\"https:\/\/maringapost.com.br\/orlandogonzalez\/2021\/06\/01\/radio-maringa-time-xandy-e-xandinho-negrao-ficara-fora-da-etapa-endurance-de-curitiba\/#primaryimage\"},\"thumbnailUrl\":\"https:\/\/maringapost.com.br\/orlandogonzalez\/wp-content\/uploads\/sites\/17\/2021\/06\/392558_971043_btx12705.jpg\",\"datePublished\":\"2021-06-01T13:10:07+00:00\",\"dateModified\":\"2021-06-01T13:10:27+00:00\",\"author\":{\"@id\":\"https:\/\/maringapost.com.br\/orlandogonzalez\/#\/schema\/person\/5cbe6257d08edea6afc9ebaa613b0633\"},\"inLanguage\":\"pt-BR\",\"potentialAction\":[{\"@type\":\"ReadAction\",\"target\":[\"https:\/\/maringapost.com.br\/orlandogonzalez\/2021\/06\/01\/radio-maringa-time-xandy-e-xandinho-negrao-ficara-fora-da-etapa-endurance-de-curitiba\/\"]}]},{\"@type\":\"ImageObject\",\"inLanguage\":\"pt-BR\",\"@id\":\"https:\/\/maringapost.com.br\/orlandogonzalez\/2021\/06\/01\/radio-maringa-time-xandy-e-xandinho-negrao-ficara-fora-da-etapa-endurance-de-curitiba\/#primaryimage\",\"url\":\"https:\/\/maringapost.com.br\/orlandogonzalez\/wp-content\/uploads\/sites\/17\/2021\/06\/392558_971043_btx12705.jpg\",\"contentUrl\":\"https:\/\/maringapost.com.br\/orlandogonzalez\/wp-content\/uploads\/sites\/17\/2021\/06\/392558_971043_btx12705.jpg\",\"width\":1280,\"height\":853},{\"@type\":\"WebSite\",\"@id\":\"https:\/\/maringapost.com.br\/orlandogonzalez\/#website\",\"url\":\"https:\/\/maringapost.com.br\/orlandogonzalez\/\",\"name\":\"Orlando Gonzalez\",\"description\":\"Destaca o esporte de Maring\u00e1! Destaca o esporte do Paran\u00e1! Destaca o esporte do Brasil!\",\"potentialAction\":[{\"@type\":\"SearchAction\",\"target\":{\"@type\":\"EntryPoint\",\"urlTemplate\":\"https:\/\/maringapost.com.br\/orlandogonzalez\/?s={search_term_string}\"},\"query-input\":\"required name=search_term_string\"}],\"inLanguage\":\"pt-BR\"},{\"@type\":\"Person\",\"@id\":\"https:\/\/maringapost.com.br\/orlandogonzalez\/#\/schema\/person\/5cbe6257d08edea6afc9ebaa613b0633\",\"name\":\"Orlando Gonzalez\",\"image\":{\"@type\":\"ImageObject\",\"inLanguage\":\"pt-BR\",\"@id\":\"https:\/\/maringapost.com.br\/orlandogonzalez\/#\/schema\/person\/image\/\",\"url\":\"https:\/\/secure.gravatar.com\/avatar\/ecef9d1c9afe5ebdafadde8369065ba5?s=96&d=mm&r=g\",\"contentUrl\":\"https:\/\/secure.gravatar.com\/avatar\/ecef9d1c9afe5ebdafadde8369065ba5?s=96&d=mm&r=g\",\"caption\":\"Orlando Gonzalez\"},\"description\":\"H\u00e1 29 anos na cobertura do esporte de Maring\u00e1. Plant\u00e3o e narrador esportivo. Presta\u00e7\u00e3o de assessoria de imprensa esportiva, cobertura e transmiss\u00f5es ao vivo de eventos esportivos. E-mail: orlandogonzalez.assessoria@gmail.com WhatsApp: (44) 9 9126-6119\",\"sameAs\":[\"http:\/\/www.radiomaringa.com.br\/\",\"https:\/\/www.facebook.com\/profile.php?id=100011095815065\",\"https:\/\/www.instagram.com\/orlandomgonzalez\/\",\"https:\/\/br.pinterest.com\/ogonzalez0530\/\",\"https:\/\/x.com\/gonzalezorlando\",\"https:\/\/www.youtube.com\/channel\/UCvFpl55btth8wjnKiSS1ibA\",\"https:\/\/radiomaringaweb.tumblr.com\/\"],\"url\":\"https:\/\/maringapost.com.br\/orlandogonzalez\/author\/orlando\/\"}]}<\/script>\n<!-- \/ Yoast SEO Premium plugin. -->","yoast_head_json":{"title":"R\u00c1DIO MARING\u00c1 - Time Xandy e Xandinho Negr\u00e3o ficar\u00e1 fora da etapa Endurance de Curitiba - Orlando Gonzalez","robots":{"index":"index","follow":"follow","max-snippet":"max-snippet:-1","max-image-preview":"max-image-preview:large","max-video-preview":"max-video-preview:-1"},"canonical":"https:\/\/maringapost.com.br\/orlandogonzalez\/2021\/06\/01\/radio-maringa-time-xandy-e-xandinho-negrao-ficara-fora-da-etapa-endurance-de-curitiba\/","og_locale":"pt_BR","og_type":"article","og_title":"R\u00c1DIO MARING\u00c1 - Time Xandy e Xandinho Negr\u00e3o ficar\u00e1 fora da etapa Endurance de Curitiba","og_description":"Pela segunda vez, Xandy e Xandinho Negr\u00e3o v\u00e3o ficar de fora de uma etapa do Imp\u00e9rio Endurance Brasil, categoria que re\u00fane os carros mais r\u00e1pidos do pa\u00eds. Presentes nas corridas do campeonato desde prova no Velopark realizada em 2018, pai e filho v\u00e3o se ausentar da segunda etapa da atual temporada, marcada para este fim [&hellip;]","og_url":"https:\/\/maringapost.com.br\/orlandogonzalez\/2021\/06\/01\/radio-maringa-time-xandy-e-xandinho-negrao-ficara-fora-da-etapa-endurance-de-curitiba\/","og_site_name":"Orlando Gonzalez","article_author":"https:\/\/www.facebook.com\/profile.php?id=100011095815065","article_published_time":"2021-06-01T13:10:07+00:00","article_modified_time":"2021-06-01T13:10:27+00:00","og_image":[{"width":1280,"height":853,"url":"https:\/\/maringapost.com.br\/orlandogonzalez\/wp-content\/uploads\/sites\/17\/2021\/06\/392558_971043_btx12705.jpg","type":"image\/jpeg"}],"author":"Orlando Gonzalez","twitter_card":"summary_large_image","twitter_creator":"@gonzalezorlando","twitter_misc":{"Escrito por":false,"Est. tempo de leitura":"2 minutos"},"schema":{"@context":"https:\/\/schema.org","@graph":[{"@type":"WebPage","@id":"https:\/\/maringapost.com.br\/orlandogonzalez\/2021\/06\/01\/radio-maringa-time-xandy-e-xandinho-negrao-ficara-fora-da-etapa-endurance-de-curitiba\/","url":"https:\/\/maringapost.com.br\/orlandogonzalez\/2021\/06\/01\/radio-maringa-time-xandy-e-xandinho-negrao-ficara-fora-da-etapa-endurance-de-curitiba\/","name":"R\u00c1DIO MARING\u00c1 - Time Xandy e Xandinho Negr\u00e3o ficar\u00e1 fora da etapa Endurance de Curitiba - Orlando Gonzalez","isPartOf":{"@id":"https:\/\/maringapost.com.br\/orlandogonzalez\/#website"},"primaryImageOfPage":{"@id":"https:\/\/maringapost.com.br\/orlandogonzalez\/2021\/06\/01\/radio-maringa-time-xandy-e-xandinho-negrao-ficara-fora-da-etapa-endurance-de-curitiba\/#primaryimage"},"image":{"@id":"https:\/\/maringapost.com.br\/orlandogonzalez\/2021\/06\/01\/radio-maringa-time-xandy-e-xandinho-negrao-ficara-fora-da-etapa-endurance-de-curitiba\/#primaryimage"},"thumbnailUrl":"https:\/\/maringapost.com.br\/orlandogonzalez\/wp-content\/uploads\/sites\/17\/2021\/06\/392558_971043_btx12705.jpg","datePublished":"2021-06-01T13:10:07+00:00","dateModified":"2021-06-01T13:10:27+00:00","author":{"@id":"https:\/\/maringapost.com.br\/orlandogonzalez\/#\/schema\/person\/5cbe6257d08edea6afc9ebaa613b0633"},"inLanguage":"pt-BR","potentialAction":[{"@type":"ReadAction","target":["https:\/\/maringapost.com.br\/orlandogonzalez\/2021\/06\/01\/radio-maringa-time-xandy-e-xandinho-negrao-ficara-fora-da-etapa-endurance-de-curitiba\/"]}]},{"@type":"ImageObject","inLanguage":"pt-BR","@id":"https:\/\/maringapost.com.br\/orlandogonzalez\/2021\/06\/01\/radio-maringa-time-xandy-e-xandinho-negrao-ficara-fora-da-etapa-endurance-de-curitiba\/#primaryimage","url":"https:\/\/maringapost.com.br\/orlandogonzalez\/wp-content\/uploads\/sites\/17\/2021\/06\/392558_971043_btx12705.jpg","contentUrl":"https:\/\/maringapost.com.br\/orlandogonzalez\/wp-content\/uploads\/sites\/17\/2021\/06\/392558_971043_btx12705.jpg","width":1280,"height":853},{"@type":"WebSite","@id":"https:\/\/maringapost.com.br\/orlandogonzalez\/#website","url":"https:\/\/maringapost.com.br\/orlandogonzalez\/","name":"Orlando Gonzalez","description":"Destaca o esporte de Maring\u00e1! Destaca o esporte do Paran\u00e1! Destaca o esporte do Brasil!","potentialAction":[{"@type":"SearchAction","target":{"@type":"EntryPoint","urlTemplate":"https:\/\/maringapost.com.br\/orlandogonzalez\/?s={search_term_string}"},"query-input":"required name=search_term_string"}],"inLanguage":"pt-BR"},{"@type":"Person","@id":"https:\/\/maringapost.com.br\/orlandogonzalez\/#\/schema\/person\/5cbe6257d08edea6afc9ebaa613b0633","name":"Orlando Gonzalez","image":{"@type":"ImageObject","inLanguage":"pt-BR","@id":"https:\/\/maringapost.com.br\/orlandogonzalez\/#\/schema\/person\/image\/","url":"https:\/\/secure.gravatar.com\/avatar\/ecef9d1c9afe5ebdafadde8369065ba5?s=96&d=mm&r=g","contentUrl":"https:\/\/secure.gravatar.com\/avatar\/ecef9d1c9afe5ebdafadde8369065ba5?s=96&d=mm&r=g","caption":"Orlando Gonzalez"},"description":"H\u00e1 29 anos na cobertura do esporte de Maring\u00e1. Plant\u00e3o e narrador esportivo. Presta\u00e7\u00e3o de assessoria de imprensa esportiva, cobertura e transmiss\u00f5es ao vivo de eventos esportivos. E-mail: orlandogonzalez.assessoria@gmail.com WhatsApp: (44) 9 9126-6119","sameAs":["http:\/\/www.radiomaringa.com.br\/","https:\/\/www.facebook.com\/profile.php?id=100011095815065","https:\/\/www.instagram.com\/orlandomgonzalez\/","https:\/\/br.pinterest.com\/ogonzalez0530\/","https:\/\/x.com\/gonzalezorlando","https:\/\/www.youtube.com\/channel\/UCvFpl55btth8wjnKiSS1ibA","https:\/\/radiomaringaweb.tumblr.com\/"],"url":"https:\/\/maringapost.com.br\/orlandogonzalez\/author\/orlando\/"}]}},"_links":{"self":[{"href":"https:\/\/maringapost.com.br\/orlandogonzalez\/wp-json\/wp\/v2\/posts\/47645"}],"collection":[{"href":"https:\/\/maringapost.com.br\/orlandogonzalez\/wp-json\/wp\/v2\/posts"}],"about":[{"href":"https:\/\/maringapost.com.br\/orlandogonzalez\/wp-json\/wp\/v2\/types\/post"}],"author":[{"embeddable":true,"href":"https:\/\/maringapost.com.br\/orlandogonzalez\/wp-json\/wp\/v2\/users\/6307"}],"replies":[{"embeddable":true,"href":"https:\/\/maringapost.com.br\/orlandogonzalez\/wp-json\/wp\/v2\/comments?post=47645"}],"version-history":[{"count":1,"href":"https:\/\/maringapost.com.br\/orlandogonzalez\/wp-json\/wp\/v2\/posts\/47645\/revisions"}],"predecessor-version":[{"id":47647,"href":"https:\/\/maringapost.com.br\/orlandogonzalez\/wp-json\/wp\/v2\/posts\/47645\/revisions\/47647"}],"wp:featuredmedia":[{"embeddable":true,"href":"https:\/\/maringapost.com.br\/orlandogonzalez\/wp-json\/wp\/v2\/media\/47646"}],"wp:attachment":[{"href":"https:\/\/maringapost.com.br\/orlandogonzalez\/wp-json\/wp\/v2\/media?parent=47645"}],"wp:term":[{"taxonomy":"category","embeddable":true,"href":"https:\/\/maringapost.com.br\/orlandogonzalez\/wp-json\/wp\/v2\/categories?post=47645"},{"taxonomy":"post_tag","embeddable":true,"href":"https:\/\/maringapost.com.br\/orlandogonzalez\/wp-json\/wp\/v2\/tags?post=47645"}],"curies":[{"name":"wp","href":"https:\/\/api.w.org\/{rel}","templated":true}]}}