{"id":47448,"date":"2021-05-29T11:22:37","date_gmt":"2021-05-29T14:22:37","guid":{"rendered":"http:\/\/maringapost.com.br\/orlandogonzalez\/?p=47448"},"modified":"2021-05-29T11:23:50","modified_gmt":"2021-05-29T14:23:50","slug":"radio-maringa-piloto-fernando-croce-estreia-na-porsche-carreira-cup-4-0-neste-final-de-semana","status":"publish","type":"post","link":"https:\/\/maringapost.com.br\/orlandogonzalez\/2021\/05\/29\/radio-maringa-piloto-fernando-croce-estreia-na-porsche-carreira-cup-4-0-neste-final-de-semana\/","title":{"rendered":"R\u00c1DIO MARING\u00c1 &#8211; Piloto Fernando Croce estreia na Porsche Carreira Cup 4.0 neste final de semana"},"content":{"rendered":"<p><span style=\"font-size: 24px\">A temporada 2021 da Porsche Cup come\u00e7a neste fim de semana (29 e 30 de maio) no aut\u00f3dromo Velocitta, em Mogi-Gua\u00e7u, interior de S\u00e3o Paulo, e conta com um piloto estreante: Fernando Croce. Com experi\u00eancia em diferentes categorias do automobilismo nacional e internacional, o piloto paulista esta ansioso e confiante depois do primeiro dia de treinos<a href=\"https:\/\/www.orlandogonzalez.com.br\/\" target=\"_blank\" rel=\"noopener\">.<\/a><\/span><\/p>\n<p><span style=\"font-size: 24px\">Com passagens por categorias como Stock Car, F\u00f3rmula 3, Stock Light, GT3 Brasil, Trofeo Lamborghini, Croce que tamb\u00e9m conta em seu curr\u00edculo participa\u00e7\u00f5es na Porsche Mobil 1 Supercup far\u00e1 sua primeira disputa com os carros mais velozes da Porsche Cup, estar\u00e1 no grid da Carrera Cup 4.0. Esta ser\u00e1 a primeira vez que o piloto acelera no circuito de Mogi Gua\u00e7u depois de ficar dois anos fora das competi\u00e7\u00f5es<a href=\"https:\/\/radiomaringa.com.br\/\" target=\"_blank\" rel=\"noopener\">.\u00a0<\/a><\/span><\/p>\n<p><span style=\"font-size: 24px\">&#8220;A pista \u00e9 muito t\u00e9cnica, exige um pouco de adapta\u00e7\u00e3o, o carro em si, \u00e9 bem parecido com o que guiei na Europa, mas acredito que pego a m\u00e3o logo da pista, espero uma boa estreia e uma melhora no carro e na performance para estar mais competitivo para o classificat\u00f3rio. Mas esta tudo dentro do esperado, estou confiante em uma melhor performance nas corridas&#8221;,\u00a0contou o piloto do carro #84.<\/span><\/p>\n<p><span style=\"font-size: 24px\">A programa\u00e7\u00e3o da etapa come\u00e7ou nesta sexta-feira com treinos opcionais e livres. No s\u00e1bado acontecem os qualis (com direito a Q2 para apurar o top10 de cada grid) e as primeiras duas corridas, uma da Carrera Cup e outra da GT3 Cup. No domingo est\u00e3o previstas as corridas que largam com grid invertido. O n\u00famero de posi\u00e7\u00f5es \u00e9 determinado por sorteio entre 6, 7 ou 8, escolha feita ap\u00f3s a cerim\u00f4nia de p\u00f3dio pelo vencedor da prova 1.<\/span><\/p>\n<p><span style=\"font-size: 24px\">A corrida de abertura do campeonato da Porsche Cup ter\u00e1 exibi\u00e7\u00e3o ao vivo da Band (corridas), portais\u00a0<a href=\"https:\/\/click.presskit.com.br\/url\/80426540ba\/63818787b8b\" target=\"_blank\" rel=\"noopener\" data-saferedirecturl=\"https:\/\/www.google.com\/url?q=https:\/\/click.presskit.com.br\/url\/80426540ba\/63818787b8b&amp;source=gmail&amp;ust=1622384246634000&amp;usg=AFQjCNFzx5ODXv8bP3g-skg8P6rQ8VcYjw\">motorsport.com<\/a>, F1 Mania e canal oficial da Porsche Cup no Youtube (quali e corridas) e ser\u00e1 transmitida tamb\u00e9m pelo Sportv 3 \u00e0s 21h30 de s\u00e1bado e 19h de domingo.<\/span><\/p>\n<p><span style=\"font-size: 24px\">(Assessoria)<\/span><\/p>\n","protected":false},"excerpt":{"rendered":"<p>A temporada 2021 da Porsche Cup come\u00e7a neste fim de semana (29 e 30 de maio) no aut\u00f3dromo Velocitta, em Mogi-Gua\u00e7u, interior de S\u00e3o Paulo, e conta com um piloto estreante: Fernando Croce. Com experi\u00eancia em diferentes categorias do automobilismo nacional e internacional, o piloto paulista esta ansioso e confiante depois do primeiro dia de [&hellip;]<\/p>\n","protected":false},"author":6307,"featured_media":47449,"comment_status":"closed","ping_status":"open","sticky":false,"template":"","format":"standard","meta":{"_exactmetrics_skip_tracking":false,"_exactmetrics_sitenote_active":false,"_exactmetrics_sitenote_note":"","_exactmetrics_sitenote_category":0,"footnotes":""},"categories":[1267],"tags":[8910,4619,47],"yoast_head":"<!-- This site is optimized with the Yoast SEO Premium plugin v22.7 (Yoast SEO v22.7) - https:\/\/yoast.com\/wordpress\/plugins\/seo\/ -->\n<title>R\u00c1DIO MARING\u00c1 - Piloto Fernando Croce estreia na Porsche Carreira Cup 4.0 neste final de semana - Orlando Gonzalez<\/title>\n<meta name=\"robots\" content=\"index, follow, max-snippet:-1, max-image-preview:large, max-video-preview:-1\" \/>\n<link rel=\"canonical\" href=\"https:\/\/maringapost.com.br\/orlandogonzalez\/2021\/05\/29\/radio-maringa-piloto-fernando-croce-estreia-na-porsche-carreira-cup-4-0-neste-final-de-semana\/\" \/>\n<meta property=\"og:locale\" content=\"pt_BR\" \/>\n<meta property=\"og:type\" content=\"article\" \/>\n<meta property=\"og:title\" content=\"R\u00c1DIO MARING\u00c1 - Piloto Fernando Croce estreia na Porsche Carreira Cup 4.0 neste final de semana\" \/>\n<meta property=\"og:description\" content=\"A temporada 2021 da Porsche Cup come\u00e7a neste fim de semana (29 e 30 de maio) no aut\u00f3dromo Velocitta, em Mogi-Gua\u00e7u, interior de S\u00e3o Paulo, e conta com um piloto estreante: Fernando Croce. Com experi\u00eancia em diferentes categorias do automobilismo nacional e internacional, o piloto paulista esta ansioso e confiante depois do primeiro dia de [&hellip;]\" \/>\n<meta property=\"og:url\" content=\"https:\/\/maringapost.com.br\/orlandogonzalez\/2021\/05\/29\/radio-maringa-piloto-fernando-croce-estreia-na-porsche-carreira-cup-4-0-neste-final-de-semana\/\" \/>\n<meta property=\"og:site_name\" content=\"Orlando Gonzalez\" \/>\n<meta property=\"article:author\" content=\"https:\/\/www.facebook.com\/profile.php?id=100011095815065\" \/>\n<meta property=\"article:published_time\" content=\"2021-05-29T14:22:37+00:00\" \/>\n<meta property=\"article:modified_time\" content=\"2021-05-29T14:23:50+00:00\" \/>\n<meta property=\"og:image\" content=\"https:\/\/maringapost.com.br\/orlandogonzalez\/wp-content\/uploads\/sites\/17\/2021\/05\/392472_970790_whatsapp_image_2021_05_28_at_16.53.38.jpeg\" \/>\n\t<meta property=\"og:image:width\" content=\"958\" \/>\n\t<meta property=\"og:image:height\" content=\"1280\" \/>\n\t<meta property=\"og:image:type\" content=\"image\/jpeg\" \/>\n<meta name=\"author\" content=\"Orlando Gonzalez\" \/>\n<meta name=\"twitter:card\" content=\"summary_large_image\" \/>\n<meta name=\"twitter:creator\" content=\"@gonzalezorlando\" \/>\n<meta name=\"twitter:label1\" content=\"Escrito por\" \/>\n\t<meta name=\"twitter:data1\" content=\"\" \/>\n\t<meta name=\"twitter:label2\" content=\"Est. tempo de leitura\" \/>\n\t<meta name=\"twitter:data2\" content=\"2 minutos\" \/>\n<script type=\"application\/ld+json\" class=\"yoast-schema-graph\">{\"@context\":\"https:\/\/schema.org\",\"@graph\":[{\"@type\":\"WebPage\",\"@id\":\"https:\/\/maringapost.com.br\/orlandogonzalez\/2021\/05\/29\/radio-maringa-piloto-fernando-croce-estreia-na-porsche-carreira-cup-4-0-neste-final-de-semana\/\",\"url\":\"https:\/\/maringapost.com.br\/orlandogonzalez\/2021\/05\/29\/radio-maringa-piloto-fernando-croce-estreia-na-porsche-carreira-cup-4-0-neste-final-de-semana\/\",\"name\":\"R\u00c1DIO MARING\u00c1 - Piloto Fernando Croce estreia na Porsche Carreira Cup 4.0 neste final de semana - Orlando Gonzalez\",\"isPartOf\":{\"@id\":\"https:\/\/maringapost.com.br\/orlandogonzalez\/#website\"},\"primaryImageOfPage\":{\"@id\":\"https:\/\/maringapost.com.br\/orlandogonzalez\/2021\/05\/29\/radio-maringa-piloto-fernando-croce-estreia-na-porsche-carreira-cup-4-0-neste-final-de-semana\/#primaryimage\"},\"image\":{\"@id\":\"https:\/\/maringapost.com.br\/orlandogonzalez\/2021\/05\/29\/radio-maringa-piloto-fernando-croce-estreia-na-porsche-carreira-cup-4-0-neste-final-de-semana\/#primaryimage\"},\"thumbnailUrl\":\"https:\/\/maringapost.com.br\/orlandogonzalez\/wp-content\/uploads\/sites\/17\/2021\/05\/392472_970790_whatsapp_image_2021_05_28_at_16.53.38.jpeg\",\"datePublished\":\"2021-05-29T14:22:37+00:00\",\"dateModified\":\"2021-05-29T14:23:50+00:00\",\"author\":{\"@id\":\"https:\/\/maringapost.com.br\/orlandogonzalez\/#\/schema\/person\/5cbe6257d08edea6afc9ebaa613b0633\"},\"inLanguage\":\"pt-BR\",\"potentialAction\":[{\"@type\":\"ReadAction\",\"target\":[\"https:\/\/maringapost.com.br\/orlandogonzalez\/2021\/05\/29\/radio-maringa-piloto-fernando-croce-estreia-na-porsche-carreira-cup-4-0-neste-final-de-semana\/\"]}]},{\"@type\":\"ImageObject\",\"inLanguage\":\"pt-BR\",\"@id\":\"https:\/\/maringapost.com.br\/orlandogonzalez\/2021\/05\/29\/radio-maringa-piloto-fernando-croce-estreia-na-porsche-carreira-cup-4-0-neste-final-de-semana\/#primaryimage\",\"url\":\"https:\/\/maringapost.com.br\/orlandogonzalez\/wp-content\/uploads\/sites\/17\/2021\/05\/392472_970790_whatsapp_image_2021_05_28_at_16.53.38.jpeg\",\"contentUrl\":\"https:\/\/maringapost.com.br\/orlandogonzalez\/wp-content\/uploads\/sites\/17\/2021\/05\/392472_970790_whatsapp_image_2021_05_28_at_16.53.38.jpeg\",\"width\":958,\"height\":1280},{\"@type\":\"WebSite\",\"@id\":\"https:\/\/maringapost.com.br\/orlandogonzalez\/#website\",\"url\":\"https:\/\/maringapost.com.br\/orlandogonzalez\/\",\"name\":\"Orlando Gonzalez\",\"description\":\"Destaca o esporte de Maring\u00e1! Destaca o esporte do Paran\u00e1! Destaca o esporte do Brasil!\",\"potentialAction\":[{\"@type\":\"SearchAction\",\"target\":{\"@type\":\"EntryPoint\",\"urlTemplate\":\"https:\/\/maringapost.com.br\/orlandogonzalez\/?s={search_term_string}\"},\"query-input\":\"required name=search_term_string\"}],\"inLanguage\":\"pt-BR\"},{\"@type\":\"Person\",\"@id\":\"https:\/\/maringapost.com.br\/orlandogonzalez\/#\/schema\/person\/5cbe6257d08edea6afc9ebaa613b0633\",\"name\":\"Orlando Gonzalez\",\"image\":{\"@type\":\"ImageObject\",\"inLanguage\":\"pt-BR\",\"@id\":\"https:\/\/maringapost.com.br\/orlandogonzalez\/#\/schema\/person\/image\/\",\"url\":\"https:\/\/secure.gravatar.com\/avatar\/ecef9d1c9afe5ebdafadde8369065ba5?s=96&d=mm&r=g\",\"contentUrl\":\"https:\/\/secure.gravatar.com\/avatar\/ecef9d1c9afe5ebdafadde8369065ba5?s=96&d=mm&r=g\",\"caption\":\"Orlando Gonzalez\"},\"description\":\"H\u00e1 29 anos na cobertura do esporte de Maring\u00e1. Plant\u00e3o e narrador esportivo. Presta\u00e7\u00e3o de assessoria de imprensa esportiva, cobertura e transmiss\u00f5es ao vivo de eventos esportivos. E-mail: orlandogonzalez.assessoria@gmail.com WhatsApp: (44) 9 9126-6119\",\"sameAs\":[\"http:\/\/www.radiomaringa.com.br\/\",\"https:\/\/www.facebook.com\/profile.php?id=100011095815065\",\"https:\/\/www.instagram.com\/orlandomgonzalez\/\",\"https:\/\/br.pinterest.com\/ogonzalez0530\/\",\"https:\/\/x.com\/gonzalezorlando\",\"https:\/\/www.youtube.com\/channel\/UCvFpl55btth8wjnKiSS1ibA\",\"https:\/\/radiomaringaweb.tumblr.com\/\"],\"url\":\"https:\/\/maringapost.com.br\/orlandogonzalez\/author\/orlando\/\"}]}<\/script>\n<!-- \/ Yoast SEO Premium plugin. -->","yoast_head_json":{"title":"R\u00c1DIO MARING\u00c1 - Piloto Fernando Croce estreia na Porsche Carreira Cup 4.0 neste final de semana - Orlando Gonzalez","robots":{"index":"index","follow":"follow","max-snippet":"max-snippet:-1","max-image-preview":"max-image-preview:large","max-video-preview":"max-video-preview:-1"},"canonical":"https:\/\/maringapost.com.br\/orlandogonzalez\/2021\/05\/29\/radio-maringa-piloto-fernando-croce-estreia-na-porsche-carreira-cup-4-0-neste-final-de-semana\/","og_locale":"pt_BR","og_type":"article","og_title":"R\u00c1DIO MARING\u00c1 - Piloto Fernando Croce estreia na Porsche Carreira Cup 4.0 neste final de semana","og_description":"A temporada 2021 da Porsche Cup come\u00e7a neste fim de semana (29 e 30 de maio) no aut\u00f3dromo Velocitta, em Mogi-Gua\u00e7u, interior de S\u00e3o Paulo, e conta com um piloto estreante: Fernando Croce. Com experi\u00eancia em diferentes categorias do automobilismo nacional e internacional, o piloto paulista esta ansioso e confiante depois do primeiro dia de [&hellip;]","og_url":"https:\/\/maringapost.com.br\/orlandogonzalez\/2021\/05\/29\/radio-maringa-piloto-fernando-croce-estreia-na-porsche-carreira-cup-4-0-neste-final-de-semana\/","og_site_name":"Orlando Gonzalez","article_author":"https:\/\/www.facebook.com\/profile.php?id=100011095815065","article_published_time":"2021-05-29T14:22:37+00:00","article_modified_time":"2021-05-29T14:23:50+00:00","og_image":[{"width":958,"height":1280,"url":"https:\/\/maringapost.com.br\/orlandogonzalez\/wp-content\/uploads\/sites\/17\/2021\/05\/392472_970790_whatsapp_image_2021_05_28_at_16.53.38.jpeg","type":"image\/jpeg"}],"author":"Orlando Gonzalez","twitter_card":"summary_large_image","twitter_creator":"@gonzalezorlando","twitter_misc":{"Escrito por":false,"Est. tempo de leitura":"2 minutos"},"schema":{"@context":"https:\/\/schema.org","@graph":[{"@type":"WebPage","@id":"https:\/\/maringapost.com.br\/orlandogonzalez\/2021\/05\/29\/radio-maringa-piloto-fernando-croce-estreia-na-porsche-carreira-cup-4-0-neste-final-de-semana\/","url":"https:\/\/maringapost.com.br\/orlandogonzalez\/2021\/05\/29\/radio-maringa-piloto-fernando-croce-estreia-na-porsche-carreira-cup-4-0-neste-final-de-semana\/","name":"R\u00c1DIO MARING\u00c1 - Piloto Fernando Croce estreia na Porsche Carreira Cup 4.0 neste final de semana - Orlando Gonzalez","isPartOf":{"@id":"https:\/\/maringapost.com.br\/orlandogonzalez\/#website"},"primaryImageOfPage":{"@id":"https:\/\/maringapost.com.br\/orlandogonzalez\/2021\/05\/29\/radio-maringa-piloto-fernando-croce-estreia-na-porsche-carreira-cup-4-0-neste-final-de-semana\/#primaryimage"},"image":{"@id":"https:\/\/maringapost.com.br\/orlandogonzalez\/2021\/05\/29\/radio-maringa-piloto-fernando-croce-estreia-na-porsche-carreira-cup-4-0-neste-final-de-semana\/#primaryimage"},"thumbnailUrl":"https:\/\/maringapost.com.br\/orlandogonzalez\/wp-content\/uploads\/sites\/17\/2021\/05\/392472_970790_whatsapp_image_2021_05_28_at_16.53.38.jpeg","datePublished":"2021-05-29T14:22:37+00:00","dateModified":"2021-05-29T14:23:50+00:00","author":{"@id":"https:\/\/maringapost.com.br\/orlandogonzalez\/#\/schema\/person\/5cbe6257d08edea6afc9ebaa613b0633"},"inLanguage":"pt-BR","potentialAction":[{"@type":"ReadAction","target":["https:\/\/maringapost.com.br\/orlandogonzalez\/2021\/05\/29\/radio-maringa-piloto-fernando-croce-estreia-na-porsche-carreira-cup-4-0-neste-final-de-semana\/"]}]},{"@type":"ImageObject","inLanguage":"pt-BR","@id":"https:\/\/maringapost.com.br\/orlandogonzalez\/2021\/05\/29\/radio-maringa-piloto-fernando-croce-estreia-na-porsche-carreira-cup-4-0-neste-final-de-semana\/#primaryimage","url":"https:\/\/maringapost.com.br\/orlandogonzalez\/wp-content\/uploads\/sites\/17\/2021\/05\/392472_970790_whatsapp_image_2021_05_28_at_16.53.38.jpeg","contentUrl":"https:\/\/maringapost.com.br\/orlandogonzalez\/wp-content\/uploads\/sites\/17\/2021\/05\/392472_970790_whatsapp_image_2021_05_28_at_16.53.38.jpeg","width":958,"height":1280},{"@type":"WebSite","@id":"https:\/\/maringapost.com.br\/orlandogonzalez\/#website","url":"https:\/\/maringapost.com.br\/orlandogonzalez\/","name":"Orlando Gonzalez","description":"Destaca o esporte de Maring\u00e1! Destaca o esporte do Paran\u00e1! Destaca o esporte do Brasil!","potentialAction":[{"@type":"SearchAction","target":{"@type":"EntryPoint","urlTemplate":"https:\/\/maringapost.com.br\/orlandogonzalez\/?s={search_term_string}"},"query-input":"required name=search_term_string"}],"inLanguage":"pt-BR"},{"@type":"Person","@id":"https:\/\/maringapost.com.br\/orlandogonzalez\/#\/schema\/person\/5cbe6257d08edea6afc9ebaa613b0633","name":"Orlando Gonzalez","image":{"@type":"ImageObject","inLanguage":"pt-BR","@id":"https:\/\/maringapost.com.br\/orlandogonzalez\/#\/schema\/person\/image\/","url":"https:\/\/secure.gravatar.com\/avatar\/ecef9d1c9afe5ebdafadde8369065ba5?s=96&d=mm&r=g","contentUrl":"https:\/\/secure.gravatar.com\/avatar\/ecef9d1c9afe5ebdafadde8369065ba5?s=96&d=mm&r=g","caption":"Orlando Gonzalez"},"description":"H\u00e1 29 anos na cobertura do esporte de Maring\u00e1. Plant\u00e3o e narrador esportivo. Presta\u00e7\u00e3o de assessoria de imprensa esportiva, cobertura e transmiss\u00f5es ao vivo de eventos esportivos. E-mail: orlandogonzalez.assessoria@gmail.com WhatsApp: (44) 9 9126-6119","sameAs":["http:\/\/www.radiomaringa.com.br\/","https:\/\/www.facebook.com\/profile.php?id=100011095815065","https:\/\/www.instagram.com\/orlandomgonzalez\/","https:\/\/br.pinterest.com\/ogonzalez0530\/","https:\/\/x.com\/gonzalezorlando","https:\/\/www.youtube.com\/channel\/UCvFpl55btth8wjnKiSS1ibA","https:\/\/radiomaringaweb.tumblr.com\/"],"url":"https:\/\/maringapost.com.br\/orlandogonzalez\/author\/orlando\/"}]}},"_links":{"self":[{"href":"https:\/\/maringapost.com.br\/orlandogonzalez\/wp-json\/wp\/v2\/posts\/47448"}],"collection":[{"href":"https:\/\/maringapost.com.br\/orlandogonzalez\/wp-json\/wp\/v2\/posts"}],"about":[{"href":"https:\/\/maringapost.com.br\/orlandogonzalez\/wp-json\/wp\/v2\/types\/post"}],"author":[{"embeddable":true,"href":"https:\/\/maringapost.com.br\/orlandogonzalez\/wp-json\/wp\/v2\/users\/6307"}],"replies":[{"embeddable":true,"href":"https:\/\/maringapost.com.br\/orlandogonzalez\/wp-json\/wp\/v2\/comments?post=47448"}],"version-history":[{"count":2,"href":"https:\/\/maringapost.com.br\/orlandogonzalez\/wp-json\/wp\/v2\/posts\/47448\/revisions"}],"predecessor-version":[{"id":47451,"href":"https:\/\/maringapost.com.br\/orlandogonzalez\/wp-json\/wp\/v2\/posts\/47448\/revisions\/47451"}],"wp:featuredmedia":[{"embeddable":true,"href":"https:\/\/maringapost.com.br\/orlandogonzalez\/wp-json\/wp\/v2\/media\/47449"}],"wp:attachment":[{"href":"https:\/\/maringapost.com.br\/orlandogonzalez\/wp-json\/wp\/v2\/media?parent=47448"}],"wp:term":[{"taxonomy":"category","embeddable":true,"href":"https:\/\/maringapost.com.br\/orlandogonzalez\/wp-json\/wp\/v2\/categories?post=47448"},{"taxonomy":"post_tag","embeddable":true,"href":"https:\/\/maringapost.com.br\/orlandogonzalez\/wp-json\/wp\/v2\/tags?post=47448"}],"curies":[{"name":"wp","href":"https:\/\/api.w.org\/{rel}","templated":true}]}}