{"id":47293,"date":"2021-05-26T14:48:24","date_gmt":"2021-05-26T17:48:24","guid":{"rendered":"http:\/\/maringapost.com.br\/orlandogonzalez\/?p=47293"},"modified":"2021-05-26T14:48:42","modified_gmt":"2021-05-26T17:48:42","slug":"radio-maringa-sebastien-buemi-recebe-com-entusiasmo-a-mobilidade-eletrica-dentro-e-fora-da-pista","status":"publish","type":"post","link":"https:\/\/maringapost.com.br\/orlandogonzalez\/2021\/05\/26\/radio-maringa-sebastien-buemi-recebe-com-entusiasmo-a-mobilidade-eletrica-dentro-e-fora-da-pista\/","title":{"rendered":"R\u00c1DIO MARING\u00c1 &#8211; S\u00e9bastien Buemi recebe com entusiasmo a mobilidade el\u00e9trica dentro e fora da pista"},"content":{"rendered":"<p style=\"margin: 0px 0px 10px;color: #333333;font-family: NissanPro, Helvetica, Arial, sans-serif\"><span style=\"font-size: 24px\">S\u00e9bastien Buemi, um dos pilotos mais bem-sucedidos da hist\u00f3ria da F\u00f3rmula E e dono de um Nissan LEAF, compartilha hist\u00f3rias de como ele abra\u00e7ou o carro el\u00e9trico dentro e fora das pistas em uma tentativa de inspirar outros a mudar para um ve\u00edculo 100% el\u00e9trico, como parte da s\u00e9rie \u201c<em>Minha Vida com um Nissan LEAF\u201d<a href=\"https:\/\/www.orlandogonzalez.com.br\/\" target=\"_blank\" rel=\"noopener\">.<\/a><\/em>\u00a0<\/span><\/p>\n<p style=\"margin: 0px 0px 10px;color: #333333;font-family: NissanPro, Helvetica, Arial, sans-serif\"><span style=\"font-size: 24px\">A paix\u00e3o de S\u00e9bastien por carros el\u00e9tricos reflete perfeitamente o prop\u00f3sito mais amplo da Nissan, uma marca comprometida com a eletrifica\u00e7\u00e3o e obten\u00e7\u00e3o da neutralidade de carbono. Sendo um embaixador global da Nissan e atual piloto de F\u00f3rmula E da Nissan, os ve\u00edculos el\u00e9tricos (EVs) fazem parte da sua vida profissional e familiar<a href=\"\/\/radiomaringa.com.br\/\" target=\"_blank\" rel=\"noopener\">.<\/a><\/span><\/p>\n<p style=\"margin: 0px 0px 10px;color: #333333;font-family: NissanPro, Helvetica, Arial, sans-serif\"><span style=\"font-size: 24px\">\u201cEu dirijo um carro el\u00e9trico todos os dias e n\u00e3o apenas quando estou competindo. Quando levo meus filhos para a escola e quando fa\u00e7o minhas tarefas di\u00e1rias na cidade onde nasci, na Su\u00ed\u00e7a. Meu Nissan LEAF me permite desfrutar da emo\u00e7\u00e3o de um EV mesmo quando n\u00e3o estou na pista\u201d, diz S\u00e9bastien Buemi.<\/span><\/p>\n<p style=\"margin: 0px 0px 10px;color: #333333;font-family: NissanPro, Helvetica, Arial, sans-serif\"><span style=\"font-size: 24px\">Desde que come\u00e7ou a competir na F\u00f3rmula E, ele tem se encantado pela pot\u00eancia e efici\u00eancia dos ve\u00edculos el\u00e9tricos. E a tecnologia avan\u00e7ada no Nissan LEAF de S\u00e9bastien ajuda a otimizar a efici\u00eancia na estrada.<\/span><\/p>\n<p style=\"margin: 0px 0px 10px;color: #333333;font-family: NissanPro, Helvetica, Arial, sans-serif\"><span style=\"font-size: 24px\">\u201cCompetindo pela a Nissan na F\u00f3rmula E, fiquei impressionado com a emocionante entrega de energia, acelera\u00e7\u00e3o e gerenciamento de energia que os ve\u00edculos el\u00e9tricos proporcionam\u201d, explica.<\/span><\/p>\n<p style=\"margin: 0px 0px 10px;color: #333333;font-family: NissanPro, Helvetica, Arial, sans-serif\"><span style=\"font-size: 24px\">\u201cO LEAF traz emo\u00e7\u00e3o para a minha condu\u00e7\u00e3o di\u00e1ria! A pot\u00eancia instant\u00e2nea e o inovador e-Pedal, al\u00e9m da frenagem regenerativa, tornam a experi\u00eancia ao volante ainda mais tranquila\u201d.<\/span><br \/>\n<span style=\"font-size: 24px\">\u00a0<\/span><br \/>\n<span style=\"font-size: 24px\">Pensando em at\u00e9 onde seu Nissan LEAF pode lev\u00e1-lo com uma carga, S\u00e9bastien se junta a milhares de motoristas surpresos com a autonomia do seu carro el\u00e9trico. 70%<span style=\"line-height: 0;vertical-align: baseline\">1<\/span>\u00a0dos propriet\u00e1rios de um ve\u00edculo el\u00e9trico afirmam que ela \u00e9 melhor do que o esperado antes da compra.<\/span><\/p>\n<p style=\"margin: 0px 0px 10px;color: #333333;font-family: NissanPro, Helvetica, Arial, sans-serif\"><span style=\"font-size: 24px\">S\u00e9bastien Buemi tamb\u00e9m sente que carregar seu LEAF \u00e9 uma experi\u00eancia f\u00e1cil e sem estresse gra\u00e7as \u00e0s v\u00e1rias formas de carregamento dispon\u00edveis e uma infraestrutura que tem aumentado ano ap\u00f3s ano. \u201cNos \u00faltimos 10 anos, a infraestrutura de pontos de carregamento melhorou enormemente. Mesmo na Su\u00ed\u00e7a, onde moro, \u00e9 muito f\u00e1cil encontrar um ponto de carregamento, tornando-se uma experi\u00eancia perfeita\u201d, acrescenta.<\/span><\/p>\n<p style=\"margin: 0px 0px 10px;color: #333333;font-family: NissanPro, Helvetica, Arial, sans-serif\"><span style=\"font-size: 24px\">Com sua participa\u00e7\u00e3o na s\u00e9rie<a style=\"background-color: transparent;color: #000000\" href=\"https:\/\/youtu.be\/sCDEoANDmCc\" target=\"_blank\" rel=\"noopener noreferrer\">\u00a0\u201cMinha Vida com um Nissan LEAF\u201d,<\/a>\u00a0S\u00e9bastien quer tranquilizar as pessoas e demonstrar todos os benef\u00edcios que os ve\u00edculos el\u00e9tricos t\u00eam a oferecer.<\/span><\/p>\n<p style=\"margin: 0px 0px 10px;color: #333333;font-family: NissanPro, Helvetica, Arial, sans-serif\"><span style=\"font-size: 24px\">Ele se junta ao lend\u00e1rio treinado de futebol<a style=\"background-color: transparent;color: #000000\" href=\"https:\/\/europe.nissannews.com\/en-GB\/releases\/pep-guardiola-feels-the-thrill-of-an-electrified-future-with-the-sustainable-power-of-the-all-electric-nissan-leaf\" target=\"_blank\" rel=\"noopener noreferrer\">\u00a0Pep Guardiola<\/a>\u00a0e ao jogador de<a style=\"background-color: transparent;color: #000000\" href=\"https:\/\/www.youtube.com\/watch?v=ZvWwQCwLq14\" target=\"_blank\" rel=\"noopener noreferrer\">\u00a0futebol Eden Hazard<\/a>\u00a0no movimento el\u00e9trico motivando as pessoas a fazerem essa troca tamb\u00e9m.<\/span><\/p>\n<p style=\"margin: 0px 0px 10px;color: #333333;font-family: NissanPro, Helvetica, Arial, sans-serif\"><span style=\"font-size: 24px\">Tommaso Volpe, diretor da Nissan Global Motorsports para a F\u00f3rmula E comenta: \u201cPara n\u00f3s, a F\u00f3rmula E \u00e9 sobre emo\u00e7\u00e3o, energia e meio ambiente. \u00c9 \u00f3timo ver S\u00e9bastien adotando esses princ\u00edpios na sua vida privada e mostrando como podem ser integrados em todos os dias dirigindo com seu Nissan LEAF. \u201d<\/span><\/p>\n<p style=\"margin: 0px 0px 10px;color: #333333;font-family: NissanPro, Helvetica, Arial, sans-serif\"><span style=\"font-size: 24px\">\u201cA Nissan tem como objetivo trazer sua expertise na transfer\u00eancia de conhecimento e tecnologia entre o aut\u00f3dromo e a estrada. Inspirado na energia e no ambiente da F\u00f3rmula E, o Nissan LEAF \u00e9 um ve\u00edculo el\u00e9trico amado por clientes e pilotos de F\u00f3rmula E!\u201d\u00a0<\/span><\/p>\n<p style=\"margin: 0px 0px 10px;color: #333333;font-family: NissanPro, Helvetica, Arial, sans-serif\"><span style=\"font-size: 24px\">(Assessoria)<\/span><\/p>\n","protected":false},"excerpt":{"rendered":"<p>S\u00e9bastien Buemi, um dos pilotos mais bem-sucedidos da hist\u00f3ria da F\u00f3rmula E e dono de um Nissan LEAF, compartilha hist\u00f3rias de como ele abra\u00e7ou o carro el\u00e9trico dentro e fora das pistas em uma tentativa de inspirar outros a mudar para um ve\u00edculo 100% el\u00e9trico, como parte da s\u00e9rie \u201cMinha Vida com um Nissan LEAF\u201d.\u00a0 [&hellip;]<\/p>\n","protected":false},"author":6307,"featured_media":47294,"comment_status":"closed","ping_status":"open","sticky":false,"template":"","format":"standard","meta":{"_exactmetrics_skip_tracking":false,"_exactmetrics_sitenote_active":false,"_exactmetrics_sitenote_note":"","_exactmetrics_sitenote_category":0,"footnotes":""},"categories":[1267],"tags":[4619,10373,47],"yoast_head":"<!-- This site is optimized with the Yoast SEO Premium plugin v22.7 (Yoast SEO v22.7) - https:\/\/yoast.com\/wordpress\/plugins\/seo\/ -->\n<title>R\u00c1DIO MARING\u00c1 - S\u00e9bastien Buemi recebe com entusiasmo a mobilidade el\u00e9trica dentro e fora da pista - Orlando Gonzalez<\/title>\n<meta name=\"robots\" content=\"index, follow, max-snippet:-1, max-image-preview:large, max-video-preview:-1\" \/>\n<link rel=\"canonical\" href=\"https:\/\/maringapost.com.br\/orlandogonzalez\/2021\/05\/26\/radio-maringa-sebastien-buemi-recebe-com-entusiasmo-a-mobilidade-eletrica-dentro-e-fora-da-pista\/\" \/>\n<meta property=\"og:locale\" content=\"pt_BR\" \/>\n<meta property=\"og:type\" content=\"article\" \/>\n<meta property=\"og:title\" content=\"R\u00c1DIO MARING\u00c1 - S\u00e9bastien Buemi recebe com entusiasmo a mobilidade el\u00e9trica dentro e fora da pista\" \/>\n<meta property=\"og:description\" content=\"S\u00e9bastien Buemi, um dos pilotos mais bem-sucedidos da hist\u00f3ria da F\u00f3rmula E e dono de um Nissan LEAF, compartilha hist\u00f3rias de como ele abra\u00e7ou o carro el\u00e9trico dentro e fora das pistas em uma tentativa de inspirar outros a mudar para um ve\u00edculo 100% el\u00e9trico, como parte da s\u00e9rie \u201cMinha Vida com um Nissan LEAF\u201d.\u00a0 [&hellip;]\" \/>\n<meta property=\"og:url\" content=\"https:\/\/maringapost.com.br\/orlandogonzalez\/2021\/05\/26\/radio-maringa-sebastien-buemi-recebe-com-entusiasmo-a-mobilidade-eletrica-dentro-e-fora-da-pista\/\" \/>\n<meta property=\"og:site_name\" content=\"Orlando Gonzalez\" \/>\n<meta property=\"article:author\" content=\"https:\/\/www.facebook.com\/profile.php?id=100011095815065\" \/>\n<meta property=\"article:published_time\" content=\"2021-05-26T17:48:24+00:00\" \/>\n<meta property=\"article:modified_time\" content=\"2021-05-26T17:48:42+00:00\" \/>\n<meta property=\"og:image\" content=\"https:\/\/maringapost.com.br\/orlandogonzalez\/wp-content\/uploads\/sites\/17\/2021\/05\/sebastian.jpg\" \/>\n\t<meta property=\"og:image:width\" content=\"928\" \/>\n\t<meta property=\"og:image:height\" content=\"551\" \/>\n\t<meta property=\"og:image:type\" content=\"image\/jpeg\" \/>\n<meta name=\"author\" content=\"Orlando Gonzalez\" \/>\n<meta name=\"twitter:card\" content=\"summary_large_image\" \/>\n<meta name=\"twitter:creator\" content=\"@gonzalezorlando\" \/>\n<meta name=\"twitter:label1\" content=\"Escrito por\" \/>\n\t<meta name=\"twitter:data1\" content=\"\" \/>\n\t<meta name=\"twitter:label2\" content=\"Est. tempo de leitura\" \/>\n\t<meta name=\"twitter:data2\" content=\"3 minutos\" \/>\n<script type=\"application\/ld+json\" class=\"yoast-schema-graph\">{\"@context\":\"https:\/\/schema.org\",\"@graph\":[{\"@type\":\"WebPage\",\"@id\":\"https:\/\/maringapost.com.br\/orlandogonzalez\/2021\/05\/26\/radio-maringa-sebastien-buemi-recebe-com-entusiasmo-a-mobilidade-eletrica-dentro-e-fora-da-pista\/\",\"url\":\"https:\/\/maringapost.com.br\/orlandogonzalez\/2021\/05\/26\/radio-maringa-sebastien-buemi-recebe-com-entusiasmo-a-mobilidade-eletrica-dentro-e-fora-da-pista\/\",\"name\":\"R\u00c1DIO MARING\u00c1 - S\u00e9bastien Buemi recebe com entusiasmo a mobilidade el\u00e9trica dentro e fora da pista - Orlando Gonzalez\",\"isPartOf\":{\"@id\":\"https:\/\/maringapost.com.br\/orlandogonzalez\/#website\"},\"primaryImageOfPage\":{\"@id\":\"https:\/\/maringapost.com.br\/orlandogonzalez\/2021\/05\/26\/radio-maringa-sebastien-buemi-recebe-com-entusiasmo-a-mobilidade-eletrica-dentro-e-fora-da-pista\/#primaryimage\"},\"image\":{\"@id\":\"https:\/\/maringapost.com.br\/orlandogonzalez\/2021\/05\/26\/radio-maringa-sebastien-buemi-recebe-com-entusiasmo-a-mobilidade-eletrica-dentro-e-fora-da-pista\/#primaryimage\"},\"thumbnailUrl\":\"https:\/\/maringapost.com.br\/orlandogonzalez\/wp-content\/uploads\/sites\/17\/2021\/05\/sebastian.jpg\",\"datePublished\":\"2021-05-26T17:48:24+00:00\",\"dateModified\":\"2021-05-26T17:48:42+00:00\",\"author\":{\"@id\":\"https:\/\/maringapost.com.br\/orlandogonzalez\/#\/schema\/person\/5cbe6257d08edea6afc9ebaa613b0633\"},\"inLanguage\":\"pt-BR\",\"potentialAction\":[{\"@type\":\"ReadAction\",\"target\":[\"https:\/\/maringapost.com.br\/orlandogonzalez\/2021\/05\/26\/radio-maringa-sebastien-buemi-recebe-com-entusiasmo-a-mobilidade-eletrica-dentro-e-fora-da-pista\/\"]}]},{\"@type\":\"ImageObject\",\"inLanguage\":\"pt-BR\",\"@id\":\"https:\/\/maringapost.com.br\/orlandogonzalez\/2021\/05\/26\/radio-maringa-sebastien-buemi-recebe-com-entusiasmo-a-mobilidade-eletrica-dentro-e-fora-da-pista\/#primaryimage\",\"url\":\"https:\/\/maringapost.com.br\/orlandogonzalez\/wp-content\/uploads\/sites\/17\/2021\/05\/sebastian.jpg\",\"contentUrl\":\"https:\/\/maringapost.com.br\/orlandogonzalez\/wp-content\/uploads\/sites\/17\/2021\/05\/sebastian.jpg\",\"width\":928,\"height\":551},{\"@type\":\"WebSite\",\"@id\":\"https:\/\/maringapost.com.br\/orlandogonzalez\/#website\",\"url\":\"https:\/\/maringapost.com.br\/orlandogonzalez\/\",\"name\":\"Orlando Gonzalez\",\"description\":\"Destaca o esporte de Maring\u00e1! Destaca o esporte do Paran\u00e1! Destaca o esporte do Brasil!\",\"potentialAction\":[{\"@type\":\"SearchAction\",\"target\":{\"@type\":\"EntryPoint\",\"urlTemplate\":\"https:\/\/maringapost.com.br\/orlandogonzalez\/?s={search_term_string}\"},\"query-input\":\"required name=search_term_string\"}],\"inLanguage\":\"pt-BR\"},{\"@type\":\"Person\",\"@id\":\"https:\/\/maringapost.com.br\/orlandogonzalez\/#\/schema\/person\/5cbe6257d08edea6afc9ebaa613b0633\",\"name\":\"Orlando Gonzalez\",\"image\":{\"@type\":\"ImageObject\",\"inLanguage\":\"pt-BR\",\"@id\":\"https:\/\/maringapost.com.br\/orlandogonzalez\/#\/schema\/person\/image\/\",\"url\":\"https:\/\/secure.gravatar.com\/avatar\/ecef9d1c9afe5ebdafadde8369065ba5?s=96&d=mm&r=g\",\"contentUrl\":\"https:\/\/secure.gravatar.com\/avatar\/ecef9d1c9afe5ebdafadde8369065ba5?s=96&d=mm&r=g\",\"caption\":\"Orlando Gonzalez\"},\"description\":\"H\u00e1 29 anos na cobertura do esporte de Maring\u00e1. Plant\u00e3o e narrador esportivo. Presta\u00e7\u00e3o de assessoria de imprensa esportiva, cobertura e transmiss\u00f5es ao vivo de eventos esportivos. E-mail: orlandogonzalez.assessoria@gmail.com WhatsApp: (44) 9 9126-6119\",\"sameAs\":[\"http:\/\/www.radiomaringa.com.br\/\",\"https:\/\/www.facebook.com\/profile.php?id=100011095815065\",\"https:\/\/www.instagram.com\/orlandomgonzalez\/\",\"https:\/\/br.pinterest.com\/ogonzalez0530\/\",\"https:\/\/x.com\/gonzalezorlando\",\"https:\/\/www.youtube.com\/channel\/UCvFpl55btth8wjnKiSS1ibA\",\"https:\/\/radiomaringaweb.tumblr.com\/\"],\"url\":\"https:\/\/maringapost.com.br\/orlandogonzalez\/author\/orlando\/\"}]}<\/script>\n<!-- \/ Yoast SEO Premium plugin. -->","yoast_head_json":{"title":"R\u00c1DIO MARING\u00c1 - S\u00e9bastien Buemi recebe com entusiasmo a mobilidade el\u00e9trica dentro e fora da pista - Orlando Gonzalez","robots":{"index":"index","follow":"follow","max-snippet":"max-snippet:-1","max-image-preview":"max-image-preview:large","max-video-preview":"max-video-preview:-1"},"canonical":"https:\/\/maringapost.com.br\/orlandogonzalez\/2021\/05\/26\/radio-maringa-sebastien-buemi-recebe-com-entusiasmo-a-mobilidade-eletrica-dentro-e-fora-da-pista\/","og_locale":"pt_BR","og_type":"article","og_title":"R\u00c1DIO MARING\u00c1 - S\u00e9bastien Buemi recebe com entusiasmo a mobilidade el\u00e9trica dentro e fora da pista","og_description":"S\u00e9bastien Buemi, um dos pilotos mais bem-sucedidos da hist\u00f3ria da F\u00f3rmula E e dono de um Nissan LEAF, compartilha hist\u00f3rias de como ele abra\u00e7ou o carro el\u00e9trico dentro e fora das pistas em uma tentativa de inspirar outros a mudar para um ve\u00edculo 100% el\u00e9trico, como parte da s\u00e9rie \u201cMinha Vida com um Nissan LEAF\u201d.\u00a0 [&hellip;]","og_url":"https:\/\/maringapost.com.br\/orlandogonzalez\/2021\/05\/26\/radio-maringa-sebastien-buemi-recebe-com-entusiasmo-a-mobilidade-eletrica-dentro-e-fora-da-pista\/","og_site_name":"Orlando Gonzalez","article_author":"https:\/\/www.facebook.com\/profile.php?id=100011095815065","article_published_time":"2021-05-26T17:48:24+00:00","article_modified_time":"2021-05-26T17:48:42+00:00","og_image":[{"width":928,"height":551,"url":"https:\/\/maringapost.com.br\/orlandogonzalez\/wp-content\/uploads\/sites\/17\/2021\/05\/sebastian.jpg","type":"image\/jpeg"}],"author":"Orlando Gonzalez","twitter_card":"summary_large_image","twitter_creator":"@gonzalezorlando","twitter_misc":{"Escrito por":false,"Est. tempo de leitura":"3 minutos"},"schema":{"@context":"https:\/\/schema.org","@graph":[{"@type":"WebPage","@id":"https:\/\/maringapost.com.br\/orlandogonzalez\/2021\/05\/26\/radio-maringa-sebastien-buemi-recebe-com-entusiasmo-a-mobilidade-eletrica-dentro-e-fora-da-pista\/","url":"https:\/\/maringapost.com.br\/orlandogonzalez\/2021\/05\/26\/radio-maringa-sebastien-buemi-recebe-com-entusiasmo-a-mobilidade-eletrica-dentro-e-fora-da-pista\/","name":"R\u00c1DIO MARING\u00c1 - S\u00e9bastien Buemi recebe com entusiasmo a mobilidade el\u00e9trica dentro e fora da pista - Orlando Gonzalez","isPartOf":{"@id":"https:\/\/maringapost.com.br\/orlandogonzalez\/#website"},"primaryImageOfPage":{"@id":"https:\/\/maringapost.com.br\/orlandogonzalez\/2021\/05\/26\/radio-maringa-sebastien-buemi-recebe-com-entusiasmo-a-mobilidade-eletrica-dentro-e-fora-da-pista\/#primaryimage"},"image":{"@id":"https:\/\/maringapost.com.br\/orlandogonzalez\/2021\/05\/26\/radio-maringa-sebastien-buemi-recebe-com-entusiasmo-a-mobilidade-eletrica-dentro-e-fora-da-pista\/#primaryimage"},"thumbnailUrl":"https:\/\/maringapost.com.br\/orlandogonzalez\/wp-content\/uploads\/sites\/17\/2021\/05\/sebastian.jpg","datePublished":"2021-05-26T17:48:24+00:00","dateModified":"2021-05-26T17:48:42+00:00","author":{"@id":"https:\/\/maringapost.com.br\/orlandogonzalez\/#\/schema\/person\/5cbe6257d08edea6afc9ebaa613b0633"},"inLanguage":"pt-BR","potentialAction":[{"@type":"ReadAction","target":["https:\/\/maringapost.com.br\/orlandogonzalez\/2021\/05\/26\/radio-maringa-sebastien-buemi-recebe-com-entusiasmo-a-mobilidade-eletrica-dentro-e-fora-da-pista\/"]}]},{"@type":"ImageObject","inLanguage":"pt-BR","@id":"https:\/\/maringapost.com.br\/orlandogonzalez\/2021\/05\/26\/radio-maringa-sebastien-buemi-recebe-com-entusiasmo-a-mobilidade-eletrica-dentro-e-fora-da-pista\/#primaryimage","url":"https:\/\/maringapost.com.br\/orlandogonzalez\/wp-content\/uploads\/sites\/17\/2021\/05\/sebastian.jpg","contentUrl":"https:\/\/maringapost.com.br\/orlandogonzalez\/wp-content\/uploads\/sites\/17\/2021\/05\/sebastian.jpg","width":928,"height":551},{"@type":"WebSite","@id":"https:\/\/maringapost.com.br\/orlandogonzalez\/#website","url":"https:\/\/maringapost.com.br\/orlandogonzalez\/","name":"Orlando Gonzalez","description":"Destaca o esporte de Maring\u00e1! Destaca o esporte do Paran\u00e1! Destaca o esporte do Brasil!","potentialAction":[{"@type":"SearchAction","target":{"@type":"EntryPoint","urlTemplate":"https:\/\/maringapost.com.br\/orlandogonzalez\/?s={search_term_string}"},"query-input":"required name=search_term_string"}],"inLanguage":"pt-BR"},{"@type":"Person","@id":"https:\/\/maringapost.com.br\/orlandogonzalez\/#\/schema\/person\/5cbe6257d08edea6afc9ebaa613b0633","name":"Orlando Gonzalez","image":{"@type":"ImageObject","inLanguage":"pt-BR","@id":"https:\/\/maringapost.com.br\/orlandogonzalez\/#\/schema\/person\/image\/","url":"https:\/\/secure.gravatar.com\/avatar\/ecef9d1c9afe5ebdafadde8369065ba5?s=96&d=mm&r=g","contentUrl":"https:\/\/secure.gravatar.com\/avatar\/ecef9d1c9afe5ebdafadde8369065ba5?s=96&d=mm&r=g","caption":"Orlando Gonzalez"},"description":"H\u00e1 29 anos na cobertura do esporte de Maring\u00e1. Plant\u00e3o e narrador esportivo. Presta\u00e7\u00e3o de assessoria de imprensa esportiva, cobertura e transmiss\u00f5es ao vivo de eventos esportivos. E-mail: orlandogonzalez.assessoria@gmail.com WhatsApp: (44) 9 9126-6119","sameAs":["http:\/\/www.radiomaringa.com.br\/","https:\/\/www.facebook.com\/profile.php?id=100011095815065","https:\/\/www.instagram.com\/orlandomgonzalez\/","https:\/\/br.pinterest.com\/ogonzalez0530\/","https:\/\/x.com\/gonzalezorlando","https:\/\/www.youtube.com\/channel\/UCvFpl55btth8wjnKiSS1ibA","https:\/\/radiomaringaweb.tumblr.com\/"],"url":"https:\/\/maringapost.com.br\/orlandogonzalez\/author\/orlando\/"}]}},"_links":{"self":[{"href":"https:\/\/maringapost.com.br\/orlandogonzalez\/wp-json\/wp\/v2\/posts\/47293"}],"collection":[{"href":"https:\/\/maringapost.com.br\/orlandogonzalez\/wp-json\/wp\/v2\/posts"}],"about":[{"href":"https:\/\/maringapost.com.br\/orlandogonzalez\/wp-json\/wp\/v2\/types\/post"}],"author":[{"embeddable":true,"href":"https:\/\/maringapost.com.br\/orlandogonzalez\/wp-json\/wp\/v2\/users\/6307"}],"replies":[{"embeddable":true,"href":"https:\/\/maringapost.com.br\/orlandogonzalez\/wp-json\/wp\/v2\/comments?post=47293"}],"version-history":[{"count":2,"href":"https:\/\/maringapost.com.br\/orlandogonzalez\/wp-json\/wp\/v2\/posts\/47293\/revisions"}],"predecessor-version":[{"id":47296,"href":"https:\/\/maringapost.com.br\/orlandogonzalez\/wp-json\/wp\/v2\/posts\/47293\/revisions\/47296"}],"wp:featuredmedia":[{"embeddable":true,"href":"https:\/\/maringapost.com.br\/orlandogonzalez\/wp-json\/wp\/v2\/media\/47294"}],"wp:attachment":[{"href":"https:\/\/maringapost.com.br\/orlandogonzalez\/wp-json\/wp\/v2\/media?parent=47293"}],"wp:term":[{"taxonomy":"category","embeddable":true,"href":"https:\/\/maringapost.com.br\/orlandogonzalez\/wp-json\/wp\/v2\/categories?post=47293"},{"taxonomy":"post_tag","embeddable":true,"href":"https:\/\/maringapost.com.br\/orlandogonzalez\/wp-json\/wp\/v2\/tags?post=47293"}],"curies":[{"name":"wp","href":"https:\/\/api.w.org\/{rel}","templated":true}]}}