{"id":47290,"date":"2021-05-26T14:34:25","date_gmt":"2021-05-26T17:34:25","guid":{"rendered":"http:\/\/maringapost.com.br\/orlandogonzalez\/?p=47290"},"modified":"2021-05-26T14:34:37","modified_gmt":"2021-05-26T17:34:37","slug":"radio-maringa-transcatarina-2021-ja-soma-207-participantes-confirmados","status":"publish","type":"post","link":"https:\/\/maringapost.com.br\/orlandogonzalez\/2021\/05\/26\/radio-maringa-transcatarina-2021-ja-soma-207-participantes-confirmados\/","title":{"rendered":"R\u00c1DIO MARING\u00c1 &#8211; Transcatarina 2021 j\u00e1 soma 207 participantes confirmados"},"content":{"rendered":"<p style=\"line-height: inherit;color: #555555;font-family: 'Trebuchet MS', Verdana, Geneva, sans-serif;text-align: justify\"><span style=\"font-size: 24px\">Organizado pelo Ca\u00e7ador Jeep Clube, o Transcatarina comemora o n\u00famero de inscritos para a 13\u00aa edi\u00e7\u00e3o do evento, que ser\u00e1 de 26 a 30 de outubro, com largada de Fraiburgo e chegada em Tubar\u00e3o. Os pernoites ser\u00e3o em Lages e Ca\u00e7ador (SC)<a href=\"https:\/\/www.orlandogonzalez.com.br\/\" target=\"_blank\" rel=\"noopener\">.\u00a0<\/a><\/span><\/p>\n<p style=\"line-height: inherit;color: #555555;font-family: 'Trebuchet MS', Verdana, Geneva, sans-serif;text-align: justify\"><span style=\"font-size: 24px\"><em style=\"line-height: inherit\">\u201cJ\u00e1 somos 260 pr\u00e9-inscritos, sendo 207 confirmados. Isso nos deixa bastante motivados, principalmente porque s\u00e3o pessoas vindas de diversas regi\u00f5es do Brasil e, dada as atuais circunst\u00e2ncias do mundo, est\u00e3o todas ansiosas para esse reencontro, querem colocar o 4&#215;4 nas trilhas e curtir as aventuras do off-road\u201d<\/em>, declarou o diretor geral do Transcatarina, Edson Jo\u00e3o da Costa, dizendo que a meta \u00e9 atingir os 290 ve\u00edculos no grid<a href=\"\/\/radiomaringa.com.br\/\" target=\"_blank\" rel=\"noopener\">.<\/a> \u00a0\u00a0<\/span><\/p>\n<p style=\"line-height: inherit;color: #555555;font-family: 'Trebuchet MS', Verdana, Geneva, sans-serif;text-align: justify\"><span style=\"font-size: 24px\">As inscri\u00e7\u00f5es para o Transcatarina 2021 est\u00e3o abertas e podem ser feitas pelo site\u00a0<a style=\"line-height: inherit;color: #1155cc\" href=\"https:\/\/click.presskit.com.br\/url\/803713b181\/48373406e41\" target=\"_blank\" rel=\"noopener noreferrer\" data-saferedirecturl=\"https:\/\/www.google.com\/url?q=https:\/\/click.presskit.com.br\/url\/803713b181\/48373406e41&amp;source=gmail&amp;ust=1622133553524000&amp;usg=AFQjCNEqhEP482W3v3PLvSa4C-7kbKKVwA\">www.transcatarina.com.br<\/a>. As categorias dispon\u00edveis s\u00e3o de competi\u00e7\u00e3o (M\u00e1ster, Graduados, Turismo, Turismo Iniciante e Turismo Light), e de passeio (Passeio Expedition, Passeio Radical 1 e 2, Camping e Adventure 1, 2 e 3).\u00a0<em style=\"line-height: inherit\">\u201cAlgumas categorias est\u00e3o lotadas, ou seja, sem vagas. Oriento a quem tiver interesse em um\u00a0desses grupos, a entrar em contato conosco para que possamos remanej\u00e1-lo para uma categoria do perfil dele e que ainda tenha espa\u00e7o\u201d<\/em>, aconselhou Costa.\u00a0<\/span><\/p>\n<p style=\"line-height: inherit;color: #555555;font-family: 'Trebuchet MS', Verdana, Geneva, sans-serif;text-align: justify\"><span style=\"font-size: 24px\"><strong style=\"line-height: inherit\">365 dias de espera<\/strong>\u00a0<\/span><\/p>\n<p style=\"line-height: inherit;color: #555555;font-family: 'Trebuchet MS', Verdana, Geneva, sans-serif;text-align: justify\"><span style=\"font-size: 24px\">O Transcatarina \u00e9 o tipo de evento fixo no calend\u00e1rio dos participantes. \u00c9 um compromisso, as f\u00e9rias que eles tiram todos os anos. E isso \u00e9 o que confirma o mineiro Leandro Miotti, de Uberl\u00e2ndia, que seguir\u00e1 pela s\u00e9tima vez na categoria Adventure 3.<em style=\"line-height: inherit\">\u00a0<\/em><\/span><\/p>\n<p style=\"line-height: inherit;color: #555555;font-family: 'Trebuchet MS', Verdana, Geneva, sans-serif;text-align: justify\"><span style=\"font-size: 24px\"><em style=\"line-height: inherit\">\u201cO Transcatarina \u00e9 algo diferente. S\u00e3o quatro dias de envolvimento com aquilo que amamos. S\u00e3o momentos de brincadeiras, desafios, amizades e companheirismo. Acordamos cedo, almo\u00e7amos e jantamos juntos, ajustamos o carro&#8230; Enfim, \u00e9 uma grande divers\u00e3o com a fam\u00edlia do fora-de-estrada. \u00c9 apaixonante\u201d<\/em>, enfatiza Miotti. Para estar no Transcatarina, ele percorre aproximadamente 3 mil quil\u00f4metros.\u00a0<\/span><\/p>\n<p style=\"line-height: inherit;color: #555555;font-family: 'Trebuchet MS', Verdana, Geneva, sans-serif;text-align: justify\"><span style=\"font-size: 24px\"><strong style=\"line-height: inherit\">Melhorias no 4&#215;4<\/strong>\u00a0<\/span><\/p>\n<p style=\"line-height: inherit;color: #555555;font-family: 'Trebuchet MS', Verdana, Geneva, sans-serif;text-align: justify\"><span style=\"font-size: 24px\">Um comportamento que comumente se observa no Transcatarina \u00e9 que, ainda na festa de encerramento, os participantes come\u00e7am a pedir pela abertura das inscri\u00e7\u00f5es do ano seguinte, pois j\u00e1 querem reservar a vaga e a fazer planos.\u00a0<\/span><\/p>\n<p style=\"line-height: inherit;color: #555555;font-family: 'Trebuchet MS', Verdana, Geneva, sans-serif;text-align: justify\"><span style=\"font-size: 24px\"><em style=\"line-height: inherit\">\u201cAssim que nos inscrevemos, trabalhamos durante o ano inteiro nas melhorias de nossos ve\u00edculos. Queremos sempre aperfei\u00e7oar algo, levar um extra. Mexemos no motor, suspens\u00e3o, pneus etc. O objetivo \u00e9 deixar a m\u00e1quina pronta e robusta para encarar os obst\u00e1culos off-road com sucesso\u201d<\/em>, contou Miotti, que completou.\u00a0<em style=\"line-height: inherit\">\u201cO Transcatarina \u00e9 transformador, aconselho as pessoas a se permitirem, pois s\u00f3 depois de experimentarem ser\u00e3o capazes de entender o que mant\u00e9m a essa paix\u00e3o\u201d<\/em>.<\/span><\/p>\n<p style=\"line-height: inherit;color: #555555;font-family: 'Trebuchet MS', Verdana, Geneva, sans-serif;text-align: justify\"><span style=\"font-size: 24px\">(Assessoria)<\/span><\/p>\n","protected":false},"excerpt":{"rendered":"<p>Organizado pelo Ca\u00e7ador Jeep Clube, o Transcatarina comemora o n\u00famero de inscritos para a 13\u00aa edi\u00e7\u00e3o do evento, que ser\u00e1 de 26 a 30 de outubro, com largada de Fraiburgo e chegada em Tubar\u00e3o. Os pernoites ser\u00e3o em Lages e Ca\u00e7ador (SC).\u00a0 \u201cJ\u00e1 somos 260 pr\u00e9-inscritos, sendo 207 confirmados. Isso nos deixa bastante motivados, principalmente [&hellip;]<\/p>\n","protected":false},"author":6307,"featured_media":47291,"comment_status":"closed","ping_status":"open","sticky":false,"template":"","format":"standard","meta":{"_exactmetrics_skip_tracking":false,"_exactmetrics_sitenote_active":false,"_exactmetrics_sitenote_note":"","_exactmetrics_sitenote_category":0,"footnotes":""},"categories":[1267],"tags":[8910,47],"yoast_head":"<!-- This site is optimized with the Yoast SEO Premium plugin v22.7 (Yoast SEO v22.7) - https:\/\/yoast.com\/wordpress\/plugins\/seo\/ -->\n<title>R\u00c1DIO MARING\u00c1 - Transcatarina 2021 j\u00e1 soma 207 participantes confirmados - Orlando Gonzalez<\/title>\n<meta name=\"robots\" content=\"index, follow, max-snippet:-1, max-image-preview:large, max-video-preview:-1\" \/>\n<link rel=\"canonical\" href=\"https:\/\/maringapost.com.br\/orlandogonzalez\/2021\/05\/26\/radio-maringa-transcatarina-2021-ja-soma-207-participantes-confirmados\/\" \/>\n<meta property=\"og:locale\" content=\"pt_BR\" \/>\n<meta property=\"og:type\" content=\"article\" \/>\n<meta property=\"og:title\" content=\"R\u00c1DIO MARING\u00c1 - Transcatarina 2021 j\u00e1 soma 207 participantes confirmados\" \/>\n<meta property=\"og:description\" content=\"Organizado pelo Ca\u00e7ador Jeep Clube, o Transcatarina comemora o n\u00famero de inscritos para a 13\u00aa edi\u00e7\u00e3o do evento, que ser\u00e1 de 26 a 30 de outubro, com largada de Fraiburgo e chegada em Tubar\u00e3o. Os pernoites ser\u00e3o em Lages e Ca\u00e7ador (SC).\u00a0 \u201cJ\u00e1 somos 260 pr\u00e9-inscritos, sendo 207 confirmados. Isso nos deixa bastante motivados, principalmente [&hellip;]\" \/>\n<meta property=\"og:url\" content=\"https:\/\/maringapost.com.br\/orlandogonzalez\/2021\/05\/26\/radio-maringa-transcatarina-2021-ja-soma-207-participantes-confirmados\/\" \/>\n<meta property=\"og:site_name\" content=\"Orlando Gonzalez\" \/>\n<meta property=\"article:author\" content=\"https:\/\/www.facebook.com\/profile.php?id=100011095815065\" \/>\n<meta property=\"article:published_time\" content=\"2021-05-26T17:34:25+00:00\" \/>\n<meta property=\"article:modified_time\" content=\"2021-05-26T17:34:37+00:00\" \/>\n<meta property=\"og:image\" content=\"https:\/\/maringapost.com.br\/orlandogonzalez\/wp-content\/uploads\/sites\/17\/2021\/05\/392354_970470_106_01_donicastilho_tc20_4575.jpg\" \/>\n\t<meta property=\"og:image:width\" content=\"1280\" \/>\n\t<meta property=\"og:image:height\" content=\"804\" \/>\n\t<meta property=\"og:image:type\" content=\"image\/jpeg\" \/>\n<meta name=\"author\" content=\"Orlando Gonzalez\" \/>\n<meta name=\"twitter:card\" content=\"summary_large_image\" \/>\n<meta name=\"twitter:creator\" content=\"@gonzalezorlando\" \/>\n<meta name=\"twitter:label1\" content=\"Escrito por\" \/>\n\t<meta name=\"twitter:data1\" content=\"\" \/>\n\t<meta name=\"twitter:label2\" content=\"Est. tempo de leitura\" \/>\n\t<meta name=\"twitter:data2\" content=\"2 minutos\" \/>\n<script type=\"application\/ld+json\" class=\"yoast-schema-graph\">{\"@context\":\"https:\/\/schema.org\",\"@graph\":[{\"@type\":\"WebPage\",\"@id\":\"https:\/\/maringapost.com.br\/orlandogonzalez\/2021\/05\/26\/radio-maringa-transcatarina-2021-ja-soma-207-participantes-confirmados\/\",\"url\":\"https:\/\/maringapost.com.br\/orlandogonzalez\/2021\/05\/26\/radio-maringa-transcatarina-2021-ja-soma-207-participantes-confirmados\/\",\"name\":\"R\u00c1DIO MARING\u00c1 - Transcatarina 2021 j\u00e1 soma 207 participantes confirmados - Orlando Gonzalez\",\"isPartOf\":{\"@id\":\"https:\/\/maringapost.com.br\/orlandogonzalez\/#website\"},\"primaryImageOfPage\":{\"@id\":\"https:\/\/maringapost.com.br\/orlandogonzalez\/2021\/05\/26\/radio-maringa-transcatarina-2021-ja-soma-207-participantes-confirmados\/#primaryimage\"},\"image\":{\"@id\":\"https:\/\/maringapost.com.br\/orlandogonzalez\/2021\/05\/26\/radio-maringa-transcatarina-2021-ja-soma-207-participantes-confirmados\/#primaryimage\"},\"thumbnailUrl\":\"https:\/\/maringapost.com.br\/orlandogonzalez\/wp-content\/uploads\/sites\/17\/2021\/05\/392354_970470_106_01_donicastilho_tc20_4575.jpg\",\"datePublished\":\"2021-05-26T17:34:25+00:00\",\"dateModified\":\"2021-05-26T17:34:37+00:00\",\"author\":{\"@id\":\"https:\/\/maringapost.com.br\/orlandogonzalez\/#\/schema\/person\/5cbe6257d08edea6afc9ebaa613b0633\"},\"inLanguage\":\"pt-BR\",\"potentialAction\":[{\"@type\":\"ReadAction\",\"target\":[\"https:\/\/maringapost.com.br\/orlandogonzalez\/2021\/05\/26\/radio-maringa-transcatarina-2021-ja-soma-207-participantes-confirmados\/\"]}]},{\"@type\":\"ImageObject\",\"inLanguage\":\"pt-BR\",\"@id\":\"https:\/\/maringapost.com.br\/orlandogonzalez\/2021\/05\/26\/radio-maringa-transcatarina-2021-ja-soma-207-participantes-confirmados\/#primaryimage\",\"url\":\"https:\/\/maringapost.com.br\/orlandogonzalez\/wp-content\/uploads\/sites\/17\/2021\/05\/392354_970470_106_01_donicastilho_tc20_4575.jpg\",\"contentUrl\":\"https:\/\/maringapost.com.br\/orlandogonzalez\/wp-content\/uploads\/sites\/17\/2021\/05\/392354_970470_106_01_donicastilho_tc20_4575.jpg\",\"width\":1280,\"height\":804},{\"@type\":\"WebSite\",\"@id\":\"https:\/\/maringapost.com.br\/orlandogonzalez\/#website\",\"url\":\"https:\/\/maringapost.com.br\/orlandogonzalez\/\",\"name\":\"Orlando Gonzalez\",\"description\":\"Destaca o esporte de Maring\u00e1! Destaca o esporte do Paran\u00e1! Destaca o esporte do Brasil!\",\"potentialAction\":[{\"@type\":\"SearchAction\",\"target\":{\"@type\":\"EntryPoint\",\"urlTemplate\":\"https:\/\/maringapost.com.br\/orlandogonzalez\/?s={search_term_string}\"},\"query-input\":\"required name=search_term_string\"}],\"inLanguage\":\"pt-BR\"},{\"@type\":\"Person\",\"@id\":\"https:\/\/maringapost.com.br\/orlandogonzalez\/#\/schema\/person\/5cbe6257d08edea6afc9ebaa613b0633\",\"name\":\"Orlando Gonzalez\",\"image\":{\"@type\":\"ImageObject\",\"inLanguage\":\"pt-BR\",\"@id\":\"https:\/\/maringapost.com.br\/orlandogonzalez\/#\/schema\/person\/image\/\",\"url\":\"https:\/\/secure.gravatar.com\/avatar\/ecef9d1c9afe5ebdafadde8369065ba5?s=96&d=mm&r=g\",\"contentUrl\":\"https:\/\/secure.gravatar.com\/avatar\/ecef9d1c9afe5ebdafadde8369065ba5?s=96&d=mm&r=g\",\"caption\":\"Orlando Gonzalez\"},\"description\":\"H\u00e1 29 anos na cobertura do esporte de Maring\u00e1. Plant\u00e3o e narrador esportivo. Presta\u00e7\u00e3o de assessoria de imprensa esportiva, cobertura e transmiss\u00f5es ao vivo de eventos esportivos. E-mail: orlandogonzalez.assessoria@gmail.com WhatsApp: (44) 9 9126-6119\",\"sameAs\":[\"http:\/\/www.radiomaringa.com.br\/\",\"https:\/\/www.facebook.com\/profile.php?id=100011095815065\",\"https:\/\/www.instagram.com\/orlandomgonzalez\/\",\"https:\/\/br.pinterest.com\/ogonzalez0530\/\",\"https:\/\/x.com\/gonzalezorlando\",\"https:\/\/www.youtube.com\/channel\/UCvFpl55btth8wjnKiSS1ibA\",\"https:\/\/radiomaringaweb.tumblr.com\/\"],\"url\":\"https:\/\/maringapost.com.br\/orlandogonzalez\/author\/orlando\/\"}]}<\/script>\n<!-- \/ Yoast SEO Premium plugin. -->","yoast_head_json":{"title":"R\u00c1DIO MARING\u00c1 - Transcatarina 2021 j\u00e1 soma 207 participantes confirmados - Orlando Gonzalez","robots":{"index":"index","follow":"follow","max-snippet":"max-snippet:-1","max-image-preview":"max-image-preview:large","max-video-preview":"max-video-preview:-1"},"canonical":"https:\/\/maringapost.com.br\/orlandogonzalez\/2021\/05\/26\/radio-maringa-transcatarina-2021-ja-soma-207-participantes-confirmados\/","og_locale":"pt_BR","og_type":"article","og_title":"R\u00c1DIO MARING\u00c1 - Transcatarina 2021 j\u00e1 soma 207 participantes confirmados","og_description":"Organizado pelo Ca\u00e7ador Jeep Clube, o Transcatarina comemora o n\u00famero de inscritos para a 13\u00aa edi\u00e7\u00e3o do evento, que ser\u00e1 de 26 a 30 de outubro, com largada de Fraiburgo e chegada em Tubar\u00e3o. Os pernoites ser\u00e3o em Lages e Ca\u00e7ador (SC).\u00a0 \u201cJ\u00e1 somos 260 pr\u00e9-inscritos, sendo 207 confirmados. Isso nos deixa bastante motivados, principalmente [&hellip;]","og_url":"https:\/\/maringapost.com.br\/orlandogonzalez\/2021\/05\/26\/radio-maringa-transcatarina-2021-ja-soma-207-participantes-confirmados\/","og_site_name":"Orlando Gonzalez","article_author":"https:\/\/www.facebook.com\/profile.php?id=100011095815065","article_published_time":"2021-05-26T17:34:25+00:00","article_modified_time":"2021-05-26T17:34:37+00:00","og_image":[{"width":1280,"height":804,"url":"https:\/\/maringapost.com.br\/orlandogonzalez\/wp-content\/uploads\/sites\/17\/2021\/05\/392354_970470_106_01_donicastilho_tc20_4575.jpg","type":"image\/jpeg"}],"author":"Orlando Gonzalez","twitter_card":"summary_large_image","twitter_creator":"@gonzalezorlando","twitter_misc":{"Escrito por":false,"Est. tempo de leitura":"2 minutos"},"schema":{"@context":"https:\/\/schema.org","@graph":[{"@type":"WebPage","@id":"https:\/\/maringapost.com.br\/orlandogonzalez\/2021\/05\/26\/radio-maringa-transcatarina-2021-ja-soma-207-participantes-confirmados\/","url":"https:\/\/maringapost.com.br\/orlandogonzalez\/2021\/05\/26\/radio-maringa-transcatarina-2021-ja-soma-207-participantes-confirmados\/","name":"R\u00c1DIO MARING\u00c1 - Transcatarina 2021 j\u00e1 soma 207 participantes confirmados - Orlando Gonzalez","isPartOf":{"@id":"https:\/\/maringapost.com.br\/orlandogonzalez\/#website"},"primaryImageOfPage":{"@id":"https:\/\/maringapost.com.br\/orlandogonzalez\/2021\/05\/26\/radio-maringa-transcatarina-2021-ja-soma-207-participantes-confirmados\/#primaryimage"},"image":{"@id":"https:\/\/maringapost.com.br\/orlandogonzalez\/2021\/05\/26\/radio-maringa-transcatarina-2021-ja-soma-207-participantes-confirmados\/#primaryimage"},"thumbnailUrl":"https:\/\/maringapost.com.br\/orlandogonzalez\/wp-content\/uploads\/sites\/17\/2021\/05\/392354_970470_106_01_donicastilho_tc20_4575.jpg","datePublished":"2021-05-26T17:34:25+00:00","dateModified":"2021-05-26T17:34:37+00:00","author":{"@id":"https:\/\/maringapost.com.br\/orlandogonzalez\/#\/schema\/person\/5cbe6257d08edea6afc9ebaa613b0633"},"inLanguage":"pt-BR","potentialAction":[{"@type":"ReadAction","target":["https:\/\/maringapost.com.br\/orlandogonzalez\/2021\/05\/26\/radio-maringa-transcatarina-2021-ja-soma-207-participantes-confirmados\/"]}]},{"@type":"ImageObject","inLanguage":"pt-BR","@id":"https:\/\/maringapost.com.br\/orlandogonzalez\/2021\/05\/26\/radio-maringa-transcatarina-2021-ja-soma-207-participantes-confirmados\/#primaryimage","url":"https:\/\/maringapost.com.br\/orlandogonzalez\/wp-content\/uploads\/sites\/17\/2021\/05\/392354_970470_106_01_donicastilho_tc20_4575.jpg","contentUrl":"https:\/\/maringapost.com.br\/orlandogonzalez\/wp-content\/uploads\/sites\/17\/2021\/05\/392354_970470_106_01_donicastilho_tc20_4575.jpg","width":1280,"height":804},{"@type":"WebSite","@id":"https:\/\/maringapost.com.br\/orlandogonzalez\/#website","url":"https:\/\/maringapost.com.br\/orlandogonzalez\/","name":"Orlando Gonzalez","description":"Destaca o esporte de Maring\u00e1! Destaca o esporte do Paran\u00e1! Destaca o esporte do Brasil!","potentialAction":[{"@type":"SearchAction","target":{"@type":"EntryPoint","urlTemplate":"https:\/\/maringapost.com.br\/orlandogonzalez\/?s={search_term_string}"},"query-input":"required name=search_term_string"}],"inLanguage":"pt-BR"},{"@type":"Person","@id":"https:\/\/maringapost.com.br\/orlandogonzalez\/#\/schema\/person\/5cbe6257d08edea6afc9ebaa613b0633","name":"Orlando Gonzalez","image":{"@type":"ImageObject","inLanguage":"pt-BR","@id":"https:\/\/maringapost.com.br\/orlandogonzalez\/#\/schema\/person\/image\/","url":"https:\/\/secure.gravatar.com\/avatar\/ecef9d1c9afe5ebdafadde8369065ba5?s=96&d=mm&r=g","contentUrl":"https:\/\/secure.gravatar.com\/avatar\/ecef9d1c9afe5ebdafadde8369065ba5?s=96&d=mm&r=g","caption":"Orlando Gonzalez"},"description":"H\u00e1 29 anos na cobertura do esporte de Maring\u00e1. Plant\u00e3o e narrador esportivo. Presta\u00e7\u00e3o de assessoria de imprensa esportiva, cobertura e transmiss\u00f5es ao vivo de eventos esportivos. E-mail: orlandogonzalez.assessoria@gmail.com WhatsApp: (44) 9 9126-6119","sameAs":["http:\/\/www.radiomaringa.com.br\/","https:\/\/www.facebook.com\/profile.php?id=100011095815065","https:\/\/www.instagram.com\/orlandomgonzalez\/","https:\/\/br.pinterest.com\/ogonzalez0530\/","https:\/\/x.com\/gonzalezorlando","https:\/\/www.youtube.com\/channel\/UCvFpl55btth8wjnKiSS1ibA","https:\/\/radiomaringaweb.tumblr.com\/"],"url":"https:\/\/maringapost.com.br\/orlandogonzalez\/author\/orlando\/"}]}},"_links":{"self":[{"href":"https:\/\/maringapost.com.br\/orlandogonzalez\/wp-json\/wp\/v2\/posts\/47290"}],"collection":[{"href":"https:\/\/maringapost.com.br\/orlandogonzalez\/wp-json\/wp\/v2\/posts"}],"about":[{"href":"https:\/\/maringapost.com.br\/orlandogonzalez\/wp-json\/wp\/v2\/types\/post"}],"author":[{"embeddable":true,"href":"https:\/\/maringapost.com.br\/orlandogonzalez\/wp-json\/wp\/v2\/users\/6307"}],"replies":[{"embeddable":true,"href":"https:\/\/maringapost.com.br\/orlandogonzalez\/wp-json\/wp\/v2\/comments?post=47290"}],"version-history":[{"count":1,"href":"https:\/\/maringapost.com.br\/orlandogonzalez\/wp-json\/wp\/v2\/posts\/47290\/revisions"}],"predecessor-version":[{"id":47292,"href":"https:\/\/maringapost.com.br\/orlandogonzalez\/wp-json\/wp\/v2\/posts\/47290\/revisions\/47292"}],"wp:featuredmedia":[{"embeddable":true,"href":"https:\/\/maringapost.com.br\/orlandogonzalez\/wp-json\/wp\/v2\/media\/47291"}],"wp:attachment":[{"href":"https:\/\/maringapost.com.br\/orlandogonzalez\/wp-json\/wp\/v2\/media?parent=47290"}],"wp:term":[{"taxonomy":"category","embeddable":true,"href":"https:\/\/maringapost.com.br\/orlandogonzalez\/wp-json\/wp\/v2\/categories?post=47290"},{"taxonomy":"post_tag","embeddable":true,"href":"https:\/\/maringapost.com.br\/orlandogonzalez\/wp-json\/wp\/v2\/tags?post=47290"}],"curies":[{"name":"wp","href":"https:\/\/api.w.org\/{rel}","templated":true}]}}