{"id":47253,"date":"2021-05-26T11:09:09","date_gmt":"2021-05-26T14:09:09","guid":{"rendered":"http:\/\/maringapost.com.br\/orlandogonzalez\/?p=47253"},"modified":"2021-05-26T11:09:23","modified_gmt":"2021-05-26T14:09:23","slug":"radio-maringa-circuito-brasileiro-challenger-de-volei-de-praia-entra-nas-semifinais-no-rio","status":"publish","type":"post","link":"https:\/\/maringapost.com.br\/orlandogonzalez\/2021\/05\/26\/radio-maringa-circuito-brasileiro-challenger-de-volei-de-praia-entra-nas-semifinais-no-rio\/","title":{"rendered":"R\u00c1DIO MARING\u00c1 &#8211; Circuito Brasileiro Challenger de V\u00f4lei de Praia entra nas semifinais no Rio"},"content":{"rendered":"<p><span style=\"color: #212529;font-family: 'Exo 2', sans-serif;font-size: 24px\">Com 16 jogos foram realizados na ter\u00e7a-feira (25), segundo dia de atividades pela segunda etapa do Circuito Brasileiro Challenger de V\u00f4lei de Praia, que acontece na Escola de Educa\u00e7\u00e3o F\u00edsica do Ex\u00e9rcito (EsEFEx), na Urca, no Rio de Janeiro (RJ)<a href=\"https:\/\/www.orlandogonzalez.com.br\/\" target=\"_blank\" rel=\"noopener\">.\u00a0<\/a><\/span><\/p>\n<p><span style=\"font-size: 24px\">Com os resultados conquistados, est\u00e3o definidos os confrontos da semifinal, que ser\u00e1 realizada nesta quarta-feira (26): Andressa e Vit\u00f3ria (PB\/RJ) contra Aline e Neide (SC\/AL), e Josi\/Juliana (SC\/CE) contra Thamela\/Elize (ES)<a href=\"\/\/radiomaringa.com.br\/\" target=\"_blank\" rel=\"noopener\">.<\/a>\u00a0<\/span><\/p>\n<p><span style=\"font-size: 24px\">As campe\u00e3s da primeira etapa, Andressa e Vit\u00f3ria, estrearam com vit\u00f3ria tamb\u00e9m nesta segunda etapa. Pelas quartas de final, a dupla bateu Barbara\/Verena (RJ\/CE) por 2 sets a 0 (21\/11 e 21\/14). Thamela e Elize tamb\u00e9m conseguiram resultado positivo sobre Victoria e Ana Luiza (CE\/SC) por 21\/14 e 21\/13. Josi\/Juliana (SC\/CE) superou Val\/Vivian (RJ\/PA) por 21\/18 e 21\/15. Andrezza\/Fernanda (AM\/BA) venceu Flavia\/\u00c2ngela (RJ\/DF) por 2 a 0 (21\/16 e 21\/19).<\/span><\/p>\n<p><span style=\"font-size: 24px\">Andressa e Vit\u00f3ria voltaram a jogar e a vencer, desta vez sobre Teresa e Juliana Sim\u00f5es (DR\/PR) com parciais de 21\/13 e 21\/14. \u00a0Thamesa e Elize bateram Thainara e Sandressa (RN\/AL) por 21\/19 e 21\/13. Josi\/Juliana superou Izabel\/Thati (PA\/PB) por 2 a 0, em um duplo 21\/16. Aline e Neide levaram a melhor sobre Andrezza e Fernanda por 21\/15 e 21\/12. Barbara\/Verena passou por Teresa\/Juliana Sim\u00f5es por 2 a 1 (19\/21, 21\/17 e 23\/21). \u00a0<\/span><\/p>\n<p><span style=\"font-size: 24px\">Victoria\/Ana Luiza derrotou Thainara\/Sandressa por 2 a 1, com parciais de 23\/21, 19\/21 e 15\/11. Izabel\/Thati tamb\u00e9m venceu Val\/Vivian por 2 a 0 (21\/17 e 21\/14), e Aline\/Neide ganhou de Flavia\/\u00c2ngela por 17\/21, 21\/17 e 15\/13. Andressa e Vitoria venceram o terceiro jogo do dia, desta vez sobre Barbara e Verena, por 21\/18 e 21\/10. Josi e Juliana tamb\u00e9m conseguiram bom resultado sobre Andrezza e Fernanda: 21\/16, 15\/21 e 15\/10. Aline e Neide derrotaram Izabel e Thati por 2 a 1 (22\/24, 21\/9 e 15\/8), e, encerrando a programa\u00e7\u00e3o feminina, Thamela e Elize derrotaram Victoria e Ana Luiza por um duplo 21\/12.<\/span><\/p>\n<p><span style=\"font-size: 24px\">(Foto:\u00a0Wander Roberto\/Inovafoto\/CBV)<\/span><\/p>\n<p><span style=\"font-size: 24px\"><a href=\"https:\/\/cbv.com.br\/noticia\/28425\/semifinais-da-segunda-etapa-acontecem-nesta-quarta-feira\" target=\"_blank\" rel=\"noopener noreferrer\">MAIS&#8230;<\/a><\/span><\/p>\n","protected":false},"excerpt":{"rendered":"<p>Com 16 jogos foram realizados na ter\u00e7a-feira (25), segundo dia de atividades pela segunda etapa do Circuito Brasileiro Challenger de V\u00f4lei de Praia, que acontece na Escola de Educa\u00e7\u00e3o F\u00edsica do Ex\u00e9rcito (EsEFEx), na Urca, no Rio de Janeiro (RJ).\u00a0 Com os resultados conquistados, est\u00e3o definidos os confrontos da semifinal, que ser\u00e1 realizada nesta quarta-feira [&hellip;]<\/p>\n","protected":false},"author":6307,"featured_media":47254,"comment_status":"closed","ping_status":"open","sticky":false,"template":"","format":"standard","meta":{"_exactmetrics_skip_tracking":false,"_exactmetrics_sitenote_active":false,"_exactmetrics_sitenote_note":"","_exactmetrics_sitenote_category":0,"footnotes":""},"categories":[1338],"tags":[14446,47],"yoast_head":"<!-- This site is optimized with the Yoast SEO Premium plugin v22.7 (Yoast SEO v22.7) - https:\/\/yoast.com\/wordpress\/plugins\/seo\/ -->\n<title>R\u00c1DIO MARING\u00c1 - Circuito Brasileiro Challenger de V\u00f4lei de Praia entra nas semifinais no Rio - Orlando Gonzalez<\/title>\n<meta name=\"robots\" content=\"index, follow, max-snippet:-1, max-image-preview:large, max-video-preview:-1\" \/>\n<link rel=\"canonical\" href=\"https:\/\/maringapost.com.br\/orlandogonzalez\/2021\/05\/26\/radio-maringa-circuito-brasileiro-challenger-de-volei-de-praia-entra-nas-semifinais-no-rio\/\" \/>\n<meta property=\"og:locale\" content=\"pt_BR\" \/>\n<meta property=\"og:type\" content=\"article\" \/>\n<meta property=\"og:title\" content=\"R\u00c1DIO MARING\u00c1 - Circuito Brasileiro Challenger de V\u00f4lei de Praia entra nas semifinais no Rio\" \/>\n<meta property=\"og:description\" content=\"Com 16 jogos foram realizados na ter\u00e7a-feira (25), segundo dia de atividades pela segunda etapa do Circuito Brasileiro Challenger de V\u00f4lei de Praia, que acontece na Escola de Educa\u00e7\u00e3o F\u00edsica do Ex\u00e9rcito (EsEFEx), na Urca, no Rio de Janeiro (RJ).\u00a0 Com os resultados conquistados, est\u00e3o definidos os confrontos da semifinal, que ser\u00e1 realizada nesta quarta-feira [&hellip;]\" \/>\n<meta property=\"og:url\" content=\"https:\/\/maringapost.com.br\/orlandogonzalez\/2021\/05\/26\/radio-maringa-circuito-brasileiro-challenger-de-volei-de-praia-entra-nas-semifinais-no-rio\/\" \/>\n<meta property=\"og:site_name\" content=\"Orlando Gonzalez\" \/>\n<meta property=\"article:author\" content=\"https:\/\/www.facebook.com\/profile.php?id=100011095815065\" \/>\n<meta property=\"article:published_time\" content=\"2021-05-26T14:09:09+00:00\" \/>\n<meta property=\"article:modified_time\" content=\"2021-05-26T14:09:23+00:00\" \/>\n<meta property=\"og:image\" content=\"https:\/\/maringapost.com.br\/orlandogonzalez\/wp-content\/uploads\/sites\/17\/2021\/05\/duplafeminina.jpg\" \/>\n\t<meta property=\"og:image:width\" content=\"800\" \/>\n\t<meta property=\"og:image:height\" content=\"533\" \/>\n\t<meta property=\"og:image:type\" content=\"image\/jpeg\" \/>\n<meta name=\"author\" content=\"Orlando Gonzalez\" \/>\n<meta name=\"twitter:card\" content=\"summary_large_image\" \/>\n<meta name=\"twitter:creator\" content=\"@gonzalezorlando\" \/>\n<meta name=\"twitter:label1\" content=\"Escrito por\" \/>\n\t<meta name=\"twitter:data1\" content=\"\" \/>\n\t<meta name=\"twitter:label2\" content=\"Est. tempo de leitura\" \/>\n\t<meta name=\"twitter:data2\" content=\"2 minutos\" \/>\n<script type=\"application\/ld+json\" class=\"yoast-schema-graph\">{\"@context\":\"https:\/\/schema.org\",\"@graph\":[{\"@type\":\"WebPage\",\"@id\":\"https:\/\/maringapost.com.br\/orlandogonzalez\/2021\/05\/26\/radio-maringa-circuito-brasileiro-challenger-de-volei-de-praia-entra-nas-semifinais-no-rio\/\",\"url\":\"https:\/\/maringapost.com.br\/orlandogonzalez\/2021\/05\/26\/radio-maringa-circuito-brasileiro-challenger-de-volei-de-praia-entra-nas-semifinais-no-rio\/\",\"name\":\"R\u00c1DIO MARING\u00c1 - Circuito Brasileiro Challenger de V\u00f4lei de Praia entra nas semifinais no Rio - Orlando Gonzalez\",\"isPartOf\":{\"@id\":\"https:\/\/maringapost.com.br\/orlandogonzalez\/#website\"},\"primaryImageOfPage\":{\"@id\":\"https:\/\/maringapost.com.br\/orlandogonzalez\/2021\/05\/26\/radio-maringa-circuito-brasileiro-challenger-de-volei-de-praia-entra-nas-semifinais-no-rio\/#primaryimage\"},\"image\":{\"@id\":\"https:\/\/maringapost.com.br\/orlandogonzalez\/2021\/05\/26\/radio-maringa-circuito-brasileiro-challenger-de-volei-de-praia-entra-nas-semifinais-no-rio\/#primaryimage\"},\"thumbnailUrl\":\"https:\/\/maringapost.com.br\/orlandogonzalez\/wp-content\/uploads\/sites\/17\/2021\/05\/duplafeminina.jpg\",\"datePublished\":\"2021-05-26T14:09:09+00:00\",\"dateModified\":\"2021-05-26T14:09:23+00:00\",\"author\":{\"@id\":\"https:\/\/maringapost.com.br\/orlandogonzalez\/#\/schema\/person\/5cbe6257d08edea6afc9ebaa613b0633\"},\"inLanguage\":\"pt-BR\",\"potentialAction\":[{\"@type\":\"ReadAction\",\"target\":[\"https:\/\/maringapost.com.br\/orlandogonzalez\/2021\/05\/26\/radio-maringa-circuito-brasileiro-challenger-de-volei-de-praia-entra-nas-semifinais-no-rio\/\"]}]},{\"@type\":\"ImageObject\",\"inLanguage\":\"pt-BR\",\"@id\":\"https:\/\/maringapost.com.br\/orlandogonzalez\/2021\/05\/26\/radio-maringa-circuito-brasileiro-challenger-de-volei-de-praia-entra-nas-semifinais-no-rio\/#primaryimage\",\"url\":\"https:\/\/maringapost.com.br\/orlandogonzalez\/wp-content\/uploads\/sites\/17\/2021\/05\/duplafeminina.jpg\",\"contentUrl\":\"https:\/\/maringapost.com.br\/orlandogonzalez\/wp-content\/uploads\/sites\/17\/2021\/05\/duplafeminina.jpg\",\"width\":800,\"height\":533},{\"@type\":\"WebSite\",\"@id\":\"https:\/\/maringapost.com.br\/orlandogonzalez\/#website\",\"url\":\"https:\/\/maringapost.com.br\/orlandogonzalez\/\",\"name\":\"Orlando Gonzalez\",\"description\":\"Destaca o esporte de Maring\u00e1! Destaca o esporte do Paran\u00e1! Destaca o esporte do Brasil!\",\"potentialAction\":[{\"@type\":\"SearchAction\",\"target\":{\"@type\":\"EntryPoint\",\"urlTemplate\":\"https:\/\/maringapost.com.br\/orlandogonzalez\/?s={search_term_string}\"},\"query-input\":\"required name=search_term_string\"}],\"inLanguage\":\"pt-BR\"},{\"@type\":\"Person\",\"@id\":\"https:\/\/maringapost.com.br\/orlandogonzalez\/#\/schema\/person\/5cbe6257d08edea6afc9ebaa613b0633\",\"name\":\"Orlando Gonzalez\",\"image\":{\"@type\":\"ImageObject\",\"inLanguage\":\"pt-BR\",\"@id\":\"https:\/\/maringapost.com.br\/orlandogonzalez\/#\/schema\/person\/image\/\",\"url\":\"https:\/\/secure.gravatar.com\/avatar\/ecef9d1c9afe5ebdafadde8369065ba5?s=96&d=mm&r=g\",\"contentUrl\":\"https:\/\/secure.gravatar.com\/avatar\/ecef9d1c9afe5ebdafadde8369065ba5?s=96&d=mm&r=g\",\"caption\":\"Orlando Gonzalez\"},\"description\":\"H\u00e1 29 anos na cobertura do esporte de Maring\u00e1. Plant\u00e3o e narrador esportivo. Presta\u00e7\u00e3o de assessoria de imprensa esportiva, cobertura e transmiss\u00f5es ao vivo de eventos esportivos. E-mail: orlandogonzalez.assessoria@gmail.com WhatsApp: (44) 9 9126-6119\",\"sameAs\":[\"http:\/\/www.radiomaringa.com.br\/\",\"https:\/\/www.facebook.com\/profile.php?id=100011095815065\",\"https:\/\/www.instagram.com\/orlandomgonzalez\/\",\"https:\/\/br.pinterest.com\/ogonzalez0530\/\",\"https:\/\/x.com\/gonzalezorlando\",\"https:\/\/www.youtube.com\/channel\/UCvFpl55btth8wjnKiSS1ibA\",\"https:\/\/radiomaringaweb.tumblr.com\/\"],\"url\":\"https:\/\/maringapost.com.br\/orlandogonzalez\/author\/orlando\/\"}]}<\/script>\n<!-- \/ Yoast SEO Premium plugin. -->","yoast_head_json":{"title":"R\u00c1DIO MARING\u00c1 - Circuito Brasileiro Challenger de V\u00f4lei de Praia entra nas semifinais no Rio - Orlando Gonzalez","robots":{"index":"index","follow":"follow","max-snippet":"max-snippet:-1","max-image-preview":"max-image-preview:large","max-video-preview":"max-video-preview:-1"},"canonical":"https:\/\/maringapost.com.br\/orlandogonzalez\/2021\/05\/26\/radio-maringa-circuito-brasileiro-challenger-de-volei-de-praia-entra-nas-semifinais-no-rio\/","og_locale":"pt_BR","og_type":"article","og_title":"R\u00c1DIO MARING\u00c1 - Circuito Brasileiro Challenger de V\u00f4lei de Praia entra nas semifinais no Rio","og_description":"Com 16 jogos foram realizados na ter\u00e7a-feira (25), segundo dia de atividades pela segunda etapa do Circuito Brasileiro Challenger de V\u00f4lei de Praia, que acontece na Escola de Educa\u00e7\u00e3o F\u00edsica do Ex\u00e9rcito (EsEFEx), na Urca, no Rio de Janeiro (RJ).\u00a0 Com os resultados conquistados, est\u00e3o definidos os confrontos da semifinal, que ser\u00e1 realizada nesta quarta-feira [&hellip;]","og_url":"https:\/\/maringapost.com.br\/orlandogonzalez\/2021\/05\/26\/radio-maringa-circuito-brasileiro-challenger-de-volei-de-praia-entra-nas-semifinais-no-rio\/","og_site_name":"Orlando Gonzalez","article_author":"https:\/\/www.facebook.com\/profile.php?id=100011095815065","article_published_time":"2021-05-26T14:09:09+00:00","article_modified_time":"2021-05-26T14:09:23+00:00","og_image":[{"width":800,"height":533,"url":"https:\/\/maringapost.com.br\/orlandogonzalez\/wp-content\/uploads\/sites\/17\/2021\/05\/duplafeminina.jpg","type":"image\/jpeg"}],"author":"Orlando Gonzalez","twitter_card":"summary_large_image","twitter_creator":"@gonzalezorlando","twitter_misc":{"Escrito por":false,"Est. tempo de leitura":"2 minutos"},"schema":{"@context":"https:\/\/schema.org","@graph":[{"@type":"WebPage","@id":"https:\/\/maringapost.com.br\/orlandogonzalez\/2021\/05\/26\/radio-maringa-circuito-brasileiro-challenger-de-volei-de-praia-entra-nas-semifinais-no-rio\/","url":"https:\/\/maringapost.com.br\/orlandogonzalez\/2021\/05\/26\/radio-maringa-circuito-brasileiro-challenger-de-volei-de-praia-entra-nas-semifinais-no-rio\/","name":"R\u00c1DIO MARING\u00c1 - Circuito Brasileiro Challenger de V\u00f4lei de Praia entra nas semifinais no Rio - Orlando Gonzalez","isPartOf":{"@id":"https:\/\/maringapost.com.br\/orlandogonzalez\/#website"},"primaryImageOfPage":{"@id":"https:\/\/maringapost.com.br\/orlandogonzalez\/2021\/05\/26\/radio-maringa-circuito-brasileiro-challenger-de-volei-de-praia-entra-nas-semifinais-no-rio\/#primaryimage"},"image":{"@id":"https:\/\/maringapost.com.br\/orlandogonzalez\/2021\/05\/26\/radio-maringa-circuito-brasileiro-challenger-de-volei-de-praia-entra-nas-semifinais-no-rio\/#primaryimage"},"thumbnailUrl":"https:\/\/maringapost.com.br\/orlandogonzalez\/wp-content\/uploads\/sites\/17\/2021\/05\/duplafeminina.jpg","datePublished":"2021-05-26T14:09:09+00:00","dateModified":"2021-05-26T14:09:23+00:00","author":{"@id":"https:\/\/maringapost.com.br\/orlandogonzalez\/#\/schema\/person\/5cbe6257d08edea6afc9ebaa613b0633"},"inLanguage":"pt-BR","potentialAction":[{"@type":"ReadAction","target":["https:\/\/maringapost.com.br\/orlandogonzalez\/2021\/05\/26\/radio-maringa-circuito-brasileiro-challenger-de-volei-de-praia-entra-nas-semifinais-no-rio\/"]}]},{"@type":"ImageObject","inLanguage":"pt-BR","@id":"https:\/\/maringapost.com.br\/orlandogonzalez\/2021\/05\/26\/radio-maringa-circuito-brasileiro-challenger-de-volei-de-praia-entra-nas-semifinais-no-rio\/#primaryimage","url":"https:\/\/maringapost.com.br\/orlandogonzalez\/wp-content\/uploads\/sites\/17\/2021\/05\/duplafeminina.jpg","contentUrl":"https:\/\/maringapost.com.br\/orlandogonzalez\/wp-content\/uploads\/sites\/17\/2021\/05\/duplafeminina.jpg","width":800,"height":533},{"@type":"WebSite","@id":"https:\/\/maringapost.com.br\/orlandogonzalez\/#website","url":"https:\/\/maringapost.com.br\/orlandogonzalez\/","name":"Orlando Gonzalez","description":"Destaca o esporte de Maring\u00e1! Destaca o esporte do Paran\u00e1! Destaca o esporte do Brasil!","potentialAction":[{"@type":"SearchAction","target":{"@type":"EntryPoint","urlTemplate":"https:\/\/maringapost.com.br\/orlandogonzalez\/?s={search_term_string}"},"query-input":"required name=search_term_string"}],"inLanguage":"pt-BR"},{"@type":"Person","@id":"https:\/\/maringapost.com.br\/orlandogonzalez\/#\/schema\/person\/5cbe6257d08edea6afc9ebaa613b0633","name":"Orlando Gonzalez","image":{"@type":"ImageObject","inLanguage":"pt-BR","@id":"https:\/\/maringapost.com.br\/orlandogonzalez\/#\/schema\/person\/image\/","url":"https:\/\/secure.gravatar.com\/avatar\/ecef9d1c9afe5ebdafadde8369065ba5?s=96&d=mm&r=g","contentUrl":"https:\/\/secure.gravatar.com\/avatar\/ecef9d1c9afe5ebdafadde8369065ba5?s=96&d=mm&r=g","caption":"Orlando Gonzalez"},"description":"H\u00e1 29 anos na cobertura do esporte de Maring\u00e1. Plant\u00e3o e narrador esportivo. Presta\u00e7\u00e3o de assessoria de imprensa esportiva, cobertura e transmiss\u00f5es ao vivo de eventos esportivos. E-mail: orlandogonzalez.assessoria@gmail.com WhatsApp: (44) 9 9126-6119","sameAs":["http:\/\/www.radiomaringa.com.br\/","https:\/\/www.facebook.com\/profile.php?id=100011095815065","https:\/\/www.instagram.com\/orlandomgonzalez\/","https:\/\/br.pinterest.com\/ogonzalez0530\/","https:\/\/x.com\/gonzalezorlando","https:\/\/www.youtube.com\/channel\/UCvFpl55btth8wjnKiSS1ibA","https:\/\/radiomaringaweb.tumblr.com\/"],"url":"https:\/\/maringapost.com.br\/orlandogonzalez\/author\/orlando\/"}]}},"_links":{"self":[{"href":"https:\/\/maringapost.com.br\/orlandogonzalez\/wp-json\/wp\/v2\/posts\/47253"}],"collection":[{"href":"https:\/\/maringapost.com.br\/orlandogonzalez\/wp-json\/wp\/v2\/posts"}],"about":[{"href":"https:\/\/maringapost.com.br\/orlandogonzalez\/wp-json\/wp\/v2\/types\/post"}],"author":[{"embeddable":true,"href":"https:\/\/maringapost.com.br\/orlandogonzalez\/wp-json\/wp\/v2\/users\/6307"}],"replies":[{"embeddable":true,"href":"https:\/\/maringapost.com.br\/orlandogonzalez\/wp-json\/wp\/v2\/comments?post=47253"}],"version-history":[{"count":1,"href":"https:\/\/maringapost.com.br\/orlandogonzalez\/wp-json\/wp\/v2\/posts\/47253\/revisions"}],"predecessor-version":[{"id":47255,"href":"https:\/\/maringapost.com.br\/orlandogonzalez\/wp-json\/wp\/v2\/posts\/47253\/revisions\/47255"}],"wp:featuredmedia":[{"embeddable":true,"href":"https:\/\/maringapost.com.br\/orlandogonzalez\/wp-json\/wp\/v2\/media\/47254"}],"wp:attachment":[{"href":"https:\/\/maringapost.com.br\/orlandogonzalez\/wp-json\/wp\/v2\/media?parent=47253"}],"wp:term":[{"taxonomy":"category","embeddable":true,"href":"https:\/\/maringapost.com.br\/orlandogonzalez\/wp-json\/wp\/v2\/categories?post=47253"},{"taxonomy":"post_tag","embeddable":true,"href":"https:\/\/maringapost.com.br\/orlandogonzalez\/wp-json\/wp\/v2\/tags?post=47253"}],"curies":[{"name":"wp","href":"https:\/\/api.w.org\/{rel}","templated":true}]}}