{"id":47145,"date":"2021-05-25T08:26:50","date_gmt":"2021-05-25T11:26:50","guid":{"rendered":"http:\/\/maringapost.com.br\/orlandogonzalez\/?p=47145"},"modified":"2021-05-25T08:41:28","modified_gmt":"2021-05-25T11:41:28","slug":"radio-maringa-daniel-nascimento-faz-indice-olimpico-em-sua-estreia-na-maratona","status":"publish","type":"post","link":"https:\/\/maringapost.com.br\/orlandogonzalez\/2021\/05\/25\/radio-maringa-daniel-nascimento-faz-indice-olimpico-em-sua-estreia-na-maratona\/","title":{"rendered":"R\u00c1DIO MARING\u00c1 &#8211; Daniel Nascimento faz \u00edndice ol\u00edmpico em sua estreia na maratona"},"content":{"rendered":"<p><span style=\"font-size: 24px\">O fundista Daniel Ferreira do Nascimento estreou na maratona e de cara, na primeira prova de sua carreira, obteve o \u00edndice ol\u00edmpico no domingo (23\/5), ao completar os 42,195 km em 2:09.04 no Campeonato Nacional de Maratona &#8220;El Bicentenario del Per\u00fa&#8221;, no Circuito de Praias, entre os distritos de San Miguel e Magdalena, prova organizada pela Federa\u00e7\u00e3o Desportiva Peruana de Atletismo. Foi a melhor estreia de um sul-americano na dist\u00e2ncia em toda a hist\u00f3ria. O segundo colocado na maratona foi Ulises Jhamer Martin (2:13.28) e o terceiro John Deivis Tello (2:14.19)<a href=\"https:\/\/www.orlandogonzalez.com.br\/\" target=\"_blank\" rel=\"noopener\">.<\/a><\/span><\/p>\n<p><span style=\"font-size: 24px\">Daniel bateu em mais de 2 minutos o \u00edndice exigido pela World Athletics para a qualifica\u00e7\u00e3o nos Jogos de T\u00f3quio, que \u00e9 2:11.30 \u2013 a maratona ol\u00edmpica ser\u00e1 disputada em Sapporo, no Jap\u00e3o<a href=\"\/\/radiomaringa.com.br\/\" target=\"_blank\" rel=\"noopener\">.<\/a><\/span><\/p>\n<p><span style=\"font-size: 24px\"><a href=\"https:\/\/www.cob.org.br\/pt\/toquio-2020\/vagas-confirmadas\" target=\"_blank\" rel=\"noopener\"><b>+ T\u00d3QUIO 2020: Conhe\u00e7a as vagas do Time Brasil<\/b><\/a><\/span><\/p>\n<p><span style=\"font-size: 24px\">O treinador Neto Gon\u00e7alves disse que havia o planejamento para Daniel correr uma maratona este ano, mas que as provas foram sendo canceladas por causa da pandemia da COVID-19. Daniel decidiu ir para o Qu\u00eania \u2013 ficou 42 dias treinando na cidade Iten, a 2.400 m de altitude. \u201cEle sempre quis ir para o Qu\u00eania, aprender, treinar com eles, com alguns dos melhores fundistas do mundo. Fechou um patroc\u00ednio para as passagens e foi para o Qu\u00eania. L\u00e1, surgiu a oportunidade de correr essa maratona no Peru, foi e baixou em dois minutos o \u00edndice\u201d, disse Neto.<\/span><\/p>\n<p><span style=\"font-size: 24px\">A marca de Daniel \u00e9 a quinta melhor da hist\u00f3ria na Am\u00e9rica do Sul, atr\u00e1s de outros quatro brasileiros: Ronaldo da Costa (2:06:05), em Berlim; Marilson Gomes dos Santos (2:06:34), em Londres;<a href=\"https:\/\/www.cob.org.br\/pt\/cob\/time-brasil\/atletas\/vanderlei-cordeiro-de-lima\" target=\"_blank\" rel=\"noopener\">\u00a0Vanderlei Cordeiro de Lima<\/a>\u00a0(2:08:31), em T\u00f3quio; e Luiz Ant\u00f4nio dos Santos (2:08:55), em Roterd\u00e3. O resultado \u00e9 tamb\u00e9m o melhor da hist\u00f3ria alcan\u00e7ado em competi\u00e7\u00e3o na Am\u00e9rica do Sul.<\/span><\/p>\n<p><span style=\"font-size: 24px\">No Brasil, Daniel, que nasceu em Paragua\u00e7u Paulista, treinar em Bauru e na cidade de Fern\u00e3o, onde mora sua m\u00e3e. Est\u00e1 com Neto Gon\u00e7alves desde maio de 2019. Entre os resultados mais recentes de Daniel est\u00e3o o de brasileiro melhor colocado na S\u00e3o Silvestre 2019, em que conquistou o 11\u00ba lugar. Em 2020, o atleta foi campe\u00e3o da 14\u00aa Meia Maratona de S\u00e3o Paulo, o que garantiu a ele vaga no Mundial de Meia Maratona, na Pol\u00f4nia, no qual ficou na 93\u00aa coloca\u00e7\u00e3o. Daniel Nascimento tamb\u00e9m representou o Brasil na Copa Pan-Americana de Cross Country, no Canad\u00e1, onde conquistou o 8\u00ba lugar, depois de conquistar o t\u00edtulo brasileiro em Serra (ES).<\/span><\/p>\n<p><span style=\"font-size: 24px\">Com a qualifica\u00e7\u00e3o de Daniel, o Brasil passa a ter tr\u00eas atletas classificados para os Jogos Ol\u00edmpicos na maratona. J\u00e1 t\u00eam vagas Paulo Roberto de Almeida Paula (2:10:08) e Daniel Chaves da Silva (2:11:10). O prazo para a obten\u00e7\u00e3o de \u00edndice termina no dia 31 de maio.<\/span><\/p>\n<p><span style=\"font-size: 24px\">(Foto: Wagner Carmo\/CBAt)<\/span><\/p>\n<p><span style=\"font-size: 24px\"><a href=\"https:\/\/www.cob.org.br\/pt\/galerias\/noticias\/daniel-nascimento-faz-indice-olimpico-em-sua-estreia-na-maratona\/\" target=\"_blank\" rel=\"noopener\">MAIS&#8230;<\/a><\/span><\/p>\n","protected":false},"excerpt":{"rendered":"<p>O fundista Daniel Ferreira do Nascimento estreou na maratona e de cara, na primeira prova de sua carreira, obteve o \u00edndice ol\u00edmpico no domingo (23\/5), ao completar os 42,195 km em 2:09.04 no Campeonato Nacional de Maratona &#8220;El Bicentenario del Per\u00fa&#8221;, no Circuito de Praias, entre os distritos de San Miguel e Magdalena, prova organizada [&hellip;]<\/p>\n","protected":false},"author":6307,"featured_media":47146,"comment_status":"closed","ping_status":"open","sticky":false,"template":"","format":"standard","meta":{"_exactmetrics_skip_tracking":false,"_exactmetrics_sitenote_active":false,"_exactmetrics_sitenote_note":"","_exactmetrics_sitenote_category":0,"footnotes":""},"categories":[962],"tags":[7306,47],"yoast_head":"<!-- This site is optimized with the Yoast SEO Premium plugin v22.7 (Yoast SEO v22.7) - https:\/\/yoast.com\/wordpress\/plugins\/seo\/ -->\n<title>R\u00c1DIO MARING\u00c1 - Daniel Nascimento faz \u00edndice ol\u00edmpico em sua estreia na maratona - Orlando Gonzalez<\/title>\n<meta name=\"robots\" content=\"index, follow, max-snippet:-1, max-image-preview:large, max-video-preview:-1\" \/>\n<link rel=\"canonical\" href=\"https:\/\/maringapost.com.br\/orlandogonzalez\/2021\/05\/25\/radio-maringa-daniel-nascimento-faz-indice-olimpico-em-sua-estreia-na-maratona\/\" \/>\n<meta property=\"og:locale\" content=\"pt_BR\" \/>\n<meta property=\"og:type\" content=\"article\" \/>\n<meta property=\"og:title\" content=\"R\u00c1DIO MARING\u00c1 - Daniel Nascimento faz \u00edndice ol\u00edmpico em sua estreia na maratona\" \/>\n<meta property=\"og:description\" content=\"O fundista Daniel Ferreira do Nascimento estreou na maratona e de cara, na primeira prova de sua carreira, obteve o \u00edndice ol\u00edmpico no domingo (23\/5), ao completar os 42,195 km em 2:09.04 no Campeonato Nacional de Maratona &#8220;El Bicentenario del Per\u00fa&#8221;, no Circuito de Praias, entre os distritos de San Miguel e Magdalena, prova organizada [&hellip;]\" \/>\n<meta property=\"og:url\" content=\"https:\/\/maringapost.com.br\/orlandogonzalez\/2021\/05\/25\/radio-maringa-daniel-nascimento-faz-indice-olimpico-em-sua-estreia-na-maratona\/\" \/>\n<meta property=\"og:site_name\" content=\"Orlando Gonzalez\" \/>\n<meta property=\"article:author\" content=\"https:\/\/www.facebook.com\/profile.php?id=100011095815065\" \/>\n<meta property=\"article:published_time\" content=\"2021-05-25T11:26:50+00:00\" \/>\n<meta property=\"article:modified_time\" content=\"2021-05-25T11:41:28+00:00\" \/>\n<meta property=\"og:image\" content=\"https:\/\/maringapost.com.br\/orlandogonzalez\/wp-content\/uploads\/sites\/17\/2021\/05\/daniel88.jpg\" \/>\n\t<meta property=\"og:image:width\" content=\"600\" \/>\n\t<meta property=\"og:image:height\" content=\"400\" \/>\n\t<meta property=\"og:image:type\" content=\"image\/jpeg\" \/>\n<meta name=\"author\" content=\"Orlando Gonzalez\" \/>\n<meta name=\"twitter:card\" content=\"summary_large_image\" \/>\n<meta name=\"twitter:creator\" content=\"@gonzalezorlando\" \/>\n<meta name=\"twitter:label1\" content=\"Escrito por\" \/>\n\t<meta name=\"twitter:data1\" content=\"\" \/>\n\t<meta name=\"twitter:label2\" content=\"Est. tempo de leitura\" \/>\n\t<meta name=\"twitter:data2\" content=\"2 minutos\" \/>\n<script type=\"application\/ld+json\" class=\"yoast-schema-graph\">{\"@context\":\"https:\/\/schema.org\",\"@graph\":[{\"@type\":\"WebPage\",\"@id\":\"https:\/\/maringapost.com.br\/orlandogonzalez\/2021\/05\/25\/radio-maringa-daniel-nascimento-faz-indice-olimpico-em-sua-estreia-na-maratona\/\",\"url\":\"https:\/\/maringapost.com.br\/orlandogonzalez\/2021\/05\/25\/radio-maringa-daniel-nascimento-faz-indice-olimpico-em-sua-estreia-na-maratona\/\",\"name\":\"R\u00c1DIO MARING\u00c1 - Daniel Nascimento faz \u00edndice ol\u00edmpico em sua estreia na maratona - Orlando Gonzalez\",\"isPartOf\":{\"@id\":\"https:\/\/maringapost.com.br\/orlandogonzalez\/#website\"},\"primaryImageOfPage\":{\"@id\":\"https:\/\/maringapost.com.br\/orlandogonzalez\/2021\/05\/25\/radio-maringa-daniel-nascimento-faz-indice-olimpico-em-sua-estreia-na-maratona\/#primaryimage\"},\"image\":{\"@id\":\"https:\/\/maringapost.com.br\/orlandogonzalez\/2021\/05\/25\/radio-maringa-daniel-nascimento-faz-indice-olimpico-em-sua-estreia-na-maratona\/#primaryimage\"},\"thumbnailUrl\":\"https:\/\/maringapost.com.br\/orlandogonzalez\/wp-content\/uploads\/sites\/17\/2021\/05\/daniel88.jpg\",\"datePublished\":\"2021-05-25T11:26:50+00:00\",\"dateModified\":\"2021-05-25T11:41:28+00:00\",\"author\":{\"@id\":\"https:\/\/maringapost.com.br\/orlandogonzalez\/#\/schema\/person\/5cbe6257d08edea6afc9ebaa613b0633\"},\"inLanguage\":\"pt-BR\",\"potentialAction\":[{\"@type\":\"ReadAction\",\"target\":[\"https:\/\/maringapost.com.br\/orlandogonzalez\/2021\/05\/25\/radio-maringa-daniel-nascimento-faz-indice-olimpico-em-sua-estreia-na-maratona\/\"]}]},{\"@type\":\"ImageObject\",\"inLanguage\":\"pt-BR\",\"@id\":\"https:\/\/maringapost.com.br\/orlandogonzalez\/2021\/05\/25\/radio-maringa-daniel-nascimento-faz-indice-olimpico-em-sua-estreia-na-maratona\/#primaryimage\",\"url\":\"https:\/\/maringapost.com.br\/orlandogonzalez\/wp-content\/uploads\/sites\/17\/2021\/05\/daniel88.jpg\",\"contentUrl\":\"https:\/\/maringapost.com.br\/orlandogonzalez\/wp-content\/uploads\/sites\/17\/2021\/05\/daniel88.jpg\",\"width\":600,\"height\":400},{\"@type\":\"WebSite\",\"@id\":\"https:\/\/maringapost.com.br\/orlandogonzalez\/#website\",\"url\":\"https:\/\/maringapost.com.br\/orlandogonzalez\/\",\"name\":\"Orlando Gonzalez\",\"description\":\"Destaca o esporte de Maring\u00e1! Destaca o esporte do Paran\u00e1! Destaca o esporte do Brasil!\",\"potentialAction\":[{\"@type\":\"SearchAction\",\"target\":{\"@type\":\"EntryPoint\",\"urlTemplate\":\"https:\/\/maringapost.com.br\/orlandogonzalez\/?s={search_term_string}\"},\"query-input\":\"required name=search_term_string\"}],\"inLanguage\":\"pt-BR\"},{\"@type\":\"Person\",\"@id\":\"https:\/\/maringapost.com.br\/orlandogonzalez\/#\/schema\/person\/5cbe6257d08edea6afc9ebaa613b0633\",\"name\":\"Orlando Gonzalez\",\"image\":{\"@type\":\"ImageObject\",\"inLanguage\":\"pt-BR\",\"@id\":\"https:\/\/maringapost.com.br\/orlandogonzalez\/#\/schema\/person\/image\/\",\"url\":\"https:\/\/secure.gravatar.com\/avatar\/ecef9d1c9afe5ebdafadde8369065ba5?s=96&d=mm&r=g\",\"contentUrl\":\"https:\/\/secure.gravatar.com\/avatar\/ecef9d1c9afe5ebdafadde8369065ba5?s=96&d=mm&r=g\",\"caption\":\"Orlando Gonzalez\"},\"description\":\"H\u00e1 29 anos na cobertura do esporte de Maring\u00e1. Plant\u00e3o e narrador esportivo. Presta\u00e7\u00e3o de assessoria de imprensa esportiva, cobertura e transmiss\u00f5es ao vivo de eventos esportivos. E-mail: orlandogonzalez.assessoria@gmail.com WhatsApp: (44) 9 9126-6119\",\"sameAs\":[\"http:\/\/www.radiomaringa.com.br\/\",\"https:\/\/www.facebook.com\/profile.php?id=100011095815065\",\"https:\/\/www.instagram.com\/orlandomgonzalez\/\",\"https:\/\/br.pinterest.com\/ogonzalez0530\/\",\"https:\/\/x.com\/gonzalezorlando\",\"https:\/\/www.youtube.com\/channel\/UCvFpl55btth8wjnKiSS1ibA\",\"https:\/\/radiomaringaweb.tumblr.com\/\"],\"url\":\"https:\/\/maringapost.com.br\/orlandogonzalez\/author\/orlando\/\"}]}<\/script>\n<!-- \/ Yoast SEO Premium plugin. -->","yoast_head_json":{"title":"R\u00c1DIO MARING\u00c1 - Daniel Nascimento faz \u00edndice ol\u00edmpico em sua estreia na maratona - Orlando Gonzalez","robots":{"index":"index","follow":"follow","max-snippet":"max-snippet:-1","max-image-preview":"max-image-preview:large","max-video-preview":"max-video-preview:-1"},"canonical":"https:\/\/maringapost.com.br\/orlandogonzalez\/2021\/05\/25\/radio-maringa-daniel-nascimento-faz-indice-olimpico-em-sua-estreia-na-maratona\/","og_locale":"pt_BR","og_type":"article","og_title":"R\u00c1DIO MARING\u00c1 - Daniel Nascimento faz \u00edndice ol\u00edmpico em sua estreia na maratona","og_description":"O fundista Daniel Ferreira do Nascimento estreou na maratona e de cara, na primeira prova de sua carreira, obteve o \u00edndice ol\u00edmpico no domingo (23\/5), ao completar os 42,195 km em 2:09.04 no Campeonato Nacional de Maratona &#8220;El Bicentenario del Per\u00fa&#8221;, no Circuito de Praias, entre os distritos de San Miguel e Magdalena, prova organizada [&hellip;]","og_url":"https:\/\/maringapost.com.br\/orlandogonzalez\/2021\/05\/25\/radio-maringa-daniel-nascimento-faz-indice-olimpico-em-sua-estreia-na-maratona\/","og_site_name":"Orlando Gonzalez","article_author":"https:\/\/www.facebook.com\/profile.php?id=100011095815065","article_published_time":"2021-05-25T11:26:50+00:00","article_modified_time":"2021-05-25T11:41:28+00:00","og_image":[{"width":600,"height":400,"url":"https:\/\/maringapost.com.br\/orlandogonzalez\/wp-content\/uploads\/sites\/17\/2021\/05\/daniel88.jpg","type":"image\/jpeg"}],"author":"Orlando Gonzalez","twitter_card":"summary_large_image","twitter_creator":"@gonzalezorlando","twitter_misc":{"Escrito por":false,"Est. tempo de leitura":"2 minutos"},"schema":{"@context":"https:\/\/schema.org","@graph":[{"@type":"WebPage","@id":"https:\/\/maringapost.com.br\/orlandogonzalez\/2021\/05\/25\/radio-maringa-daniel-nascimento-faz-indice-olimpico-em-sua-estreia-na-maratona\/","url":"https:\/\/maringapost.com.br\/orlandogonzalez\/2021\/05\/25\/radio-maringa-daniel-nascimento-faz-indice-olimpico-em-sua-estreia-na-maratona\/","name":"R\u00c1DIO MARING\u00c1 - Daniel Nascimento faz \u00edndice ol\u00edmpico em sua estreia na maratona - Orlando Gonzalez","isPartOf":{"@id":"https:\/\/maringapost.com.br\/orlandogonzalez\/#website"},"primaryImageOfPage":{"@id":"https:\/\/maringapost.com.br\/orlandogonzalez\/2021\/05\/25\/radio-maringa-daniel-nascimento-faz-indice-olimpico-em-sua-estreia-na-maratona\/#primaryimage"},"image":{"@id":"https:\/\/maringapost.com.br\/orlandogonzalez\/2021\/05\/25\/radio-maringa-daniel-nascimento-faz-indice-olimpico-em-sua-estreia-na-maratona\/#primaryimage"},"thumbnailUrl":"https:\/\/maringapost.com.br\/orlandogonzalez\/wp-content\/uploads\/sites\/17\/2021\/05\/daniel88.jpg","datePublished":"2021-05-25T11:26:50+00:00","dateModified":"2021-05-25T11:41:28+00:00","author":{"@id":"https:\/\/maringapost.com.br\/orlandogonzalez\/#\/schema\/person\/5cbe6257d08edea6afc9ebaa613b0633"},"inLanguage":"pt-BR","potentialAction":[{"@type":"ReadAction","target":["https:\/\/maringapost.com.br\/orlandogonzalez\/2021\/05\/25\/radio-maringa-daniel-nascimento-faz-indice-olimpico-em-sua-estreia-na-maratona\/"]}]},{"@type":"ImageObject","inLanguage":"pt-BR","@id":"https:\/\/maringapost.com.br\/orlandogonzalez\/2021\/05\/25\/radio-maringa-daniel-nascimento-faz-indice-olimpico-em-sua-estreia-na-maratona\/#primaryimage","url":"https:\/\/maringapost.com.br\/orlandogonzalez\/wp-content\/uploads\/sites\/17\/2021\/05\/daniel88.jpg","contentUrl":"https:\/\/maringapost.com.br\/orlandogonzalez\/wp-content\/uploads\/sites\/17\/2021\/05\/daniel88.jpg","width":600,"height":400},{"@type":"WebSite","@id":"https:\/\/maringapost.com.br\/orlandogonzalez\/#website","url":"https:\/\/maringapost.com.br\/orlandogonzalez\/","name":"Orlando Gonzalez","description":"Destaca o esporte de Maring\u00e1! Destaca o esporte do Paran\u00e1! Destaca o esporte do Brasil!","potentialAction":[{"@type":"SearchAction","target":{"@type":"EntryPoint","urlTemplate":"https:\/\/maringapost.com.br\/orlandogonzalez\/?s={search_term_string}"},"query-input":"required name=search_term_string"}],"inLanguage":"pt-BR"},{"@type":"Person","@id":"https:\/\/maringapost.com.br\/orlandogonzalez\/#\/schema\/person\/5cbe6257d08edea6afc9ebaa613b0633","name":"Orlando Gonzalez","image":{"@type":"ImageObject","inLanguage":"pt-BR","@id":"https:\/\/maringapost.com.br\/orlandogonzalez\/#\/schema\/person\/image\/","url":"https:\/\/secure.gravatar.com\/avatar\/ecef9d1c9afe5ebdafadde8369065ba5?s=96&d=mm&r=g","contentUrl":"https:\/\/secure.gravatar.com\/avatar\/ecef9d1c9afe5ebdafadde8369065ba5?s=96&d=mm&r=g","caption":"Orlando Gonzalez"},"description":"H\u00e1 29 anos na cobertura do esporte de Maring\u00e1. Plant\u00e3o e narrador esportivo. Presta\u00e7\u00e3o de assessoria de imprensa esportiva, cobertura e transmiss\u00f5es ao vivo de eventos esportivos. E-mail: orlandogonzalez.assessoria@gmail.com WhatsApp: (44) 9 9126-6119","sameAs":["http:\/\/www.radiomaringa.com.br\/","https:\/\/www.facebook.com\/profile.php?id=100011095815065","https:\/\/www.instagram.com\/orlandomgonzalez\/","https:\/\/br.pinterest.com\/ogonzalez0530\/","https:\/\/x.com\/gonzalezorlando","https:\/\/www.youtube.com\/channel\/UCvFpl55btth8wjnKiSS1ibA","https:\/\/radiomaringaweb.tumblr.com\/"],"url":"https:\/\/maringapost.com.br\/orlandogonzalez\/author\/orlando\/"}]}},"_links":{"self":[{"href":"https:\/\/maringapost.com.br\/orlandogonzalez\/wp-json\/wp\/v2\/posts\/47145"}],"collection":[{"href":"https:\/\/maringapost.com.br\/orlandogonzalez\/wp-json\/wp\/v2\/posts"}],"about":[{"href":"https:\/\/maringapost.com.br\/orlandogonzalez\/wp-json\/wp\/v2\/types\/post"}],"author":[{"embeddable":true,"href":"https:\/\/maringapost.com.br\/orlandogonzalez\/wp-json\/wp\/v2\/users\/6307"}],"replies":[{"embeddable":true,"href":"https:\/\/maringapost.com.br\/orlandogonzalez\/wp-json\/wp\/v2\/comments?post=47145"}],"version-history":[{"count":2,"href":"https:\/\/maringapost.com.br\/orlandogonzalez\/wp-json\/wp\/v2\/posts\/47145\/revisions"}],"predecessor-version":[{"id":47148,"href":"https:\/\/maringapost.com.br\/orlandogonzalez\/wp-json\/wp\/v2\/posts\/47145\/revisions\/47148"}],"wp:featuredmedia":[{"embeddable":true,"href":"https:\/\/maringapost.com.br\/orlandogonzalez\/wp-json\/wp\/v2\/media\/47146"}],"wp:attachment":[{"href":"https:\/\/maringapost.com.br\/orlandogonzalez\/wp-json\/wp\/v2\/media?parent=47145"}],"wp:term":[{"taxonomy":"category","embeddable":true,"href":"https:\/\/maringapost.com.br\/orlandogonzalez\/wp-json\/wp\/v2\/categories?post=47145"},{"taxonomy":"post_tag","embeddable":true,"href":"https:\/\/maringapost.com.br\/orlandogonzalez\/wp-json\/wp\/v2\/tags?post=47145"}],"curies":[{"name":"wp","href":"https:\/\/api.w.org\/{rel}","templated":true}]}}