{"id":47061,"date":"2021-05-23T11:13:35","date_gmt":"2021-05-23T14:13:35","guid":{"rendered":"http:\/\/maringapost.com.br\/orlandogonzalez\/?p=47061"},"modified":"2021-05-23T11:13:47","modified_gmt":"2021-05-23T14:13:47","slug":"radio-maringa-gabriela-muniz-brilha-no-brasileiro-prevent-senior-sports-sub-20","status":"publish","type":"post","link":"https:\/\/maringapost.com.br\/orlandogonzalez\/2021\/05\/23\/radio-maringa-gabriela-muniz-brilha-no-brasileiro-prevent-senior-sports-sub-20\/","title":{"rendered":"R\u00c1DIO MARING\u00c1 &#8211; Gabriela Muniz brilha no Brasileiro Prevent Senior Sports Sub-20"},"content":{"rendered":"<p><span style=\"font-size: 24px\">A brasiliense Gabriela de Souza Muniz (CASO) confirmou o seu amplo favoritismo nos 10.000 m marcha atl\u00e9tica do Campeonato Brasileiro Prevent Senior Sports de Atletismo Sub-20, que come\u00e7ou nesta sexta-feira (21\/5), no Centro Nacional de Desenvolvimento do Atletismo (CNDA), na cidade de Bragan\u00e7a Paulista (SP)<a href=\"https:\/\/www.orlandogonzalez.com.br\/\" target=\"_blank\" rel=\"noopener\">.<\/a><\/span><\/p>\n<p><span style=\"font-size: 24px\">Aos 18 anos \u2013 completa 19 no dia 12 de junho -, ela conquistou o tricampeonato da competi\u00e7\u00e3o, com direito a recorde do torneio, recorde brasileiro e ratifica\u00e7\u00e3o dos \u00edndices para o Mundial de Nair\u00f3bi, no Qu\u00eania, de 17 a 22 de agosto, e do Pan-Americano de Santiago, no Chile, de 22 a 24 de outubro \u2013 ambos na categoria sub-20<a href=\"\/\/radiomaringa.com.br\/\" target=\"_blank\" rel=\"noopener\">.<\/a><\/span><\/p>\n<p><span style=\"font-size: 24px\">Ela completou as 25 voltas na pista em 47:20:89. O recorde do Campeonato era dela mesma, com 50:38:30, desde 2019. J\u00e1 o recorde brasileiro, Gabriela havia batido em abril, com 47.33.5.<\/span><\/p>\n<p><span style=\"font-size: 24px\">A atleta, companheira de treinos de Caio Bonfim, medalha de bronze nos 20 km no Mundial de Londres-2017, em Sobradinho (DF), ficou muito feliz com o resultado e com a sua evolu\u00e7\u00e3o na modalidade. \u201cSenti um pouco o clima seco em Bragan\u00e7a Paulista e n\u00e3o estou acostumada a competir \u00e0 tarde. Mas fiquei feliz com a marca. Em outras condi\u00e7\u00f5es, poderia ter alcan\u00e7ado um tempo ainda melhor\u201d, comentou.<\/span><\/p>\n<p><span style=\"font-size: 24px\">Campe\u00e3 da Copa Pan-Americana Sub-20 no dia 7 de maio, em Guayaquil, no Equador, a atleta tem novos desafios pela frente. Al\u00e9m de querer fechar com chave-de-ouro a categoria este ano, ela sonha em conseguir o \u00edndice para representar o Brasil nos Jogos Ol\u00edmpicos de T\u00f3quio. \u201cN\u00e3o \u00e9 a minha prioridade, mas um desejo forte. Se tiver a oportunidade, vou tentar minha qualifica\u00e7\u00e3o nos 20 km\u201d, disse, referindo-se \u00e0 marca exigida de 1:31:00.<\/span><\/p>\n<p><span style=\"font-size: 24px\">Treinada por Gianetti Bonfim e Jo\u00e3o Sena, pais de Caio Bonfim, Gabriela tem a expectativa de poder competir no tradicional GP de La Coru\u00f1a, na Espanha, em junho. \u201cEstamos fazendo de tudo para viabilizar a viagem do Caio e, se for autorizada, a Gabi vai tamb\u00e9m\u201d, revelou Gianetti. \u201cL\u00e1 o clima \u00e9 excelente, muito prop\u00edcio a obten\u00e7\u00e3o de grandes marcas, al\u00e9m de sempre reunir atletas de alto n\u00edvel.\u201d<\/span><\/p>\n<p><span style=\"font-size: 24px\">Jo\u00e3o Sena est\u00e1 se movimentando nos bastidores. Pediu ajuda para a CBAt, o Comit\u00ea Ol\u00edmpico do Brasil,\u00a0a Embaixada da Espanha e o Minist\u00e9rio de Rela\u00e7\u00f5es Exteriores para contornar as restri\u00e7\u00f5es que os brasileiros tem enfrentado para entrar na Europa em fun\u00e7\u00e3o da pandemia.<\/span><\/p>\n<p><span style=\"font-size: 24px\">Outro \u00edndice para o Mundial foi alcan\u00e7ado pelo potiguar Igor Clemente Medeiros de Oliveira (CPA-RN) nos 100 m. Venceu a prova com 10.58 (1.6), numa chegada acirrada, obtendo justamente o tempo exigido pela World Athletics. S\u00f3 p\u00f4de comemorar ap\u00f3s o an\u00fancio do resultado pelo sistema de som do est\u00e1dio.<\/span><\/p>\n<p><span style=\"font-size: 24px\">\u201cN\u00e3o esperava a vit\u00f3ria. A prova estava muito forte e com v\u00e1rios atletas em condi\u00e7\u00f5es de ganhar\u201d, explicou Igor, de 19 anos, que mora e treina em Natal. \u201cConsegui fazer a minha melhor marca pessoal e comemorar o resultado mais expressivo da minha carreira\u201d, disse o velocista, que treina no Centro de Aten\u00e7\u00e3o Integrada \u00e0 Crian\u00e7a (CAIC). \u201cA pista da UFRN est\u00e1 fechada, mas eu consegui me virar na pandemia e treinar na praia. Moro a 500 metros do mar\u201d, completou imensamente feliz.<\/span><\/p>\n<p><span style=\"font-size: 24px\">Renan Correa Gallina (AA Maring\u00e1) conseguiu a sua segunda medalha de prata na competi\u00e7\u00e3o, com 10.59 &#8211; j\u00e1 havia sido vice-campe\u00e3o pela manh\u00e3 no salto em altura. Enzo de Castro Barros (LUASA-SP) ficou em terceiro lugar, com 10.62.<\/span><\/p>\n<p><span style=\"font-size: 24px\">J\u00e1 a velocista paulista Ana Cecilia Correia de Oliveira (ABDA-SP) confirmou a boa regularidade ao vencer os 100 m, com 12.07 (0.1), recorde pessoal. Aos 17 anos, ela j\u00e1 havia conquistado a prata em 2020 na categoria e tinha sido campe\u00e3 do Brasileiro Sub-18. \u201cEstrou extremamente feliz porque queimei uma largada este ano e fiquei um pouco insegura. Na prova tudo deu certo e consegui meu PB\u201d, disse a atleta nascida em Bauru (SP) e treinada por Maur\u00edcio Birelo. \u201cEstava preocupada tamb\u00e9m com o vento de Bragan\u00e7a Paulista, mas desta vez estava tranquilo para a marca ser homologada.\u201d<\/span><\/p>\n<p><span style=\"font-size: 24px\">Tainara Mees (AATI-SC) foi a vice-campe\u00e3, com 12.10, seguida de Suellen Vit\u00f3ria de Sant\u2019Anna (AEFV-RJ), com 12.18.<\/span><\/p>\n<p><span style=\"font-size: 24px\">Sem a presen\u00e7a de p\u00fablico por causa das restri\u00e7\u00f5es impostas pela pandemia do coronav\u00edrus, os f\u00e3s do esporte podem acompanhar o desempenho dos novos talentos na competi\u00e7\u00e3o ao vivo pelo Canal Atletismo da TVNSports:\u00a0<a href=\"https:\/\/canalatletismo.tvnsports.com.br\/\" target=\"_blank\" rel=\"noopener noreferrer\">ASSISTA AQUI<\/a><\/span><\/p>\n<p><span style=\"font-size: 24px\">Ao todo, o torneio, que termina domingo (23\/6), re\u00fane cerca de 650 atletas de 123 clubes, de 22 Estados e do Distrito Federal e tem suas normas adaptadas para o atendimento aos protocolos de enfrentamento da pandemia da COVID-19. Todos os participantes passam pela medi\u00e7\u00e3o da temperatura corporal antes de entrar no CNDA e a realiza\u00e7\u00e3o de teste de COVID-19 em casos suspeitos. \u00c9 tamb\u00e9m obrigat\u00f3rio o uso de m\u00e1scaras, a disponibilidade de \u00e1lcool em gel, limpeza de implementos, distanciamento entre atletas na c\u00e2mara de chamada, distanciamento entre os treinadores no momento das provas de seus atletas e a cerim\u00f4nia de premia\u00e7\u00e3o diferenciada (os que forem ao p\u00f3dio pegam as pr\u00f3prias medalhas), entre outros procedimentos.<\/span><\/p>\n<p>(Foto: Vagner Carmo CBAt)<\/p>\n<p><a href=\"https:\/\/cbat.org.br\/novo\/noticias\/noticia.aspx?id=29688\" target=\"_blank\" rel=\"noopener\">MAIS&#8230;<\/a><\/p>\n","protected":false},"excerpt":{"rendered":"<p>A brasiliense Gabriela de Souza Muniz (CASO) confirmou o seu amplo favoritismo nos 10.000 m marcha atl\u00e9tica do Campeonato Brasileiro Prevent Senior Sports de Atletismo Sub-20, que come\u00e7ou nesta sexta-feira (21\/5), no Centro Nacional de Desenvolvimento do Atletismo (CNDA), na cidade de Bragan\u00e7a Paulista (SP). Aos 18 anos \u2013 completa 19 no dia 12 de [&hellip;]<\/p>\n","protected":false},"author":6307,"featured_media":47062,"comment_status":"closed","ping_status":"open","sticky":false,"template":"","format":"standard","meta":{"_exactmetrics_skip_tracking":false,"_exactmetrics_sitenote_active":false,"_exactmetrics_sitenote_note":"","_exactmetrics_sitenote_category":0,"footnotes":""},"categories":[962],"tags":[7306,47],"yoast_head":"<!-- This site is optimized with the Yoast SEO Premium plugin v22.7 (Yoast SEO v22.7) - https:\/\/yoast.com\/wordpress\/plugins\/seo\/ -->\n<title>R\u00c1DIO MARING\u00c1 - Gabriela Muniz brilha no Brasileiro Prevent Senior Sports Sub-20 - Orlando Gonzalez<\/title>\n<meta name=\"robots\" content=\"index, follow, max-snippet:-1, max-image-preview:large, max-video-preview:-1\" \/>\n<link rel=\"canonical\" href=\"https:\/\/maringapost.com.br\/orlandogonzalez\/2021\/05\/23\/radio-maringa-gabriela-muniz-brilha-no-brasileiro-prevent-senior-sports-sub-20\/\" \/>\n<meta property=\"og:locale\" content=\"pt_BR\" \/>\n<meta property=\"og:type\" content=\"article\" \/>\n<meta property=\"og:title\" content=\"R\u00c1DIO MARING\u00c1 - Gabriela Muniz brilha no Brasileiro Prevent Senior Sports Sub-20\" \/>\n<meta property=\"og:description\" content=\"A brasiliense Gabriela de Souza Muniz (CASO) confirmou o seu amplo favoritismo nos 10.000 m marcha atl\u00e9tica do Campeonato Brasileiro Prevent Senior Sports de Atletismo Sub-20, que come\u00e7ou nesta sexta-feira (21\/5), no Centro Nacional de Desenvolvimento do Atletismo (CNDA), na cidade de Bragan\u00e7a Paulista (SP). Aos 18 anos \u2013 completa 19 no dia 12 de [&hellip;]\" \/>\n<meta property=\"og:url\" content=\"https:\/\/maringapost.com.br\/orlandogonzalez\/2021\/05\/23\/radio-maringa-gabriela-muniz-brilha-no-brasileiro-prevent-senior-sports-sub-20\/\" \/>\n<meta property=\"og:site_name\" content=\"Orlando Gonzalez\" \/>\n<meta property=\"article:author\" content=\"https:\/\/www.facebook.com\/profile.php?id=100011095815065\" \/>\n<meta property=\"article:published_time\" content=\"2021-05-23T14:13:35+00:00\" \/>\n<meta property=\"article:modified_time\" content=\"2021-05-23T14:13:47+00:00\" \/>\n<meta property=\"og:image\" content=\"https:\/\/maringapost.com.br\/orlandogonzalez\/wp-content\/uploads\/sites\/17\/2021\/05\/atletabrasil.jpg\" \/>\n\t<meta property=\"og:image:width\" content=\"640\" \/>\n\t<meta property=\"og:image:height\" content=\"640\" \/>\n\t<meta property=\"og:image:type\" content=\"image\/jpeg\" \/>\n<meta name=\"author\" content=\"Orlando Gonzalez\" \/>\n<meta name=\"twitter:card\" content=\"summary_large_image\" \/>\n<meta name=\"twitter:creator\" content=\"@gonzalezorlando\" \/>\n<meta name=\"twitter:label1\" content=\"Escrito por\" \/>\n\t<meta name=\"twitter:data1\" content=\"\" \/>\n\t<meta name=\"twitter:label2\" content=\"Est. tempo de leitura\" \/>\n\t<meta name=\"twitter:data2\" content=\"4 minutos\" \/>\n<script type=\"application\/ld+json\" class=\"yoast-schema-graph\">{\"@context\":\"https:\/\/schema.org\",\"@graph\":[{\"@type\":\"WebPage\",\"@id\":\"https:\/\/maringapost.com.br\/orlandogonzalez\/2021\/05\/23\/radio-maringa-gabriela-muniz-brilha-no-brasileiro-prevent-senior-sports-sub-20\/\",\"url\":\"https:\/\/maringapost.com.br\/orlandogonzalez\/2021\/05\/23\/radio-maringa-gabriela-muniz-brilha-no-brasileiro-prevent-senior-sports-sub-20\/\",\"name\":\"R\u00c1DIO MARING\u00c1 - Gabriela Muniz brilha no Brasileiro Prevent Senior Sports Sub-20 - Orlando Gonzalez\",\"isPartOf\":{\"@id\":\"https:\/\/maringapost.com.br\/orlandogonzalez\/#website\"},\"primaryImageOfPage\":{\"@id\":\"https:\/\/maringapost.com.br\/orlandogonzalez\/2021\/05\/23\/radio-maringa-gabriela-muniz-brilha-no-brasileiro-prevent-senior-sports-sub-20\/#primaryimage\"},\"image\":{\"@id\":\"https:\/\/maringapost.com.br\/orlandogonzalez\/2021\/05\/23\/radio-maringa-gabriela-muniz-brilha-no-brasileiro-prevent-senior-sports-sub-20\/#primaryimage\"},\"thumbnailUrl\":\"https:\/\/maringapost.com.br\/orlandogonzalez\/wp-content\/uploads\/sites\/17\/2021\/05\/atletabrasil.jpg\",\"datePublished\":\"2021-05-23T14:13:35+00:00\",\"dateModified\":\"2021-05-23T14:13:47+00:00\",\"author\":{\"@id\":\"https:\/\/maringapost.com.br\/orlandogonzalez\/#\/schema\/person\/5cbe6257d08edea6afc9ebaa613b0633\"},\"inLanguage\":\"pt-BR\",\"potentialAction\":[{\"@type\":\"ReadAction\",\"target\":[\"https:\/\/maringapost.com.br\/orlandogonzalez\/2021\/05\/23\/radio-maringa-gabriela-muniz-brilha-no-brasileiro-prevent-senior-sports-sub-20\/\"]}]},{\"@type\":\"ImageObject\",\"inLanguage\":\"pt-BR\",\"@id\":\"https:\/\/maringapost.com.br\/orlandogonzalez\/2021\/05\/23\/radio-maringa-gabriela-muniz-brilha-no-brasileiro-prevent-senior-sports-sub-20\/#primaryimage\",\"url\":\"https:\/\/maringapost.com.br\/orlandogonzalez\/wp-content\/uploads\/sites\/17\/2021\/05\/atletabrasil.jpg\",\"contentUrl\":\"https:\/\/maringapost.com.br\/orlandogonzalez\/wp-content\/uploads\/sites\/17\/2021\/05\/atletabrasil.jpg\",\"width\":640,\"height\":640},{\"@type\":\"WebSite\",\"@id\":\"https:\/\/maringapost.com.br\/orlandogonzalez\/#website\",\"url\":\"https:\/\/maringapost.com.br\/orlandogonzalez\/\",\"name\":\"Orlando Gonzalez\",\"description\":\"Destaca o esporte de Maring\u00e1! Destaca o esporte do Paran\u00e1! Destaca o esporte do Brasil!\",\"potentialAction\":[{\"@type\":\"SearchAction\",\"target\":{\"@type\":\"EntryPoint\",\"urlTemplate\":\"https:\/\/maringapost.com.br\/orlandogonzalez\/?s={search_term_string}\"},\"query-input\":\"required name=search_term_string\"}],\"inLanguage\":\"pt-BR\"},{\"@type\":\"Person\",\"@id\":\"https:\/\/maringapost.com.br\/orlandogonzalez\/#\/schema\/person\/5cbe6257d08edea6afc9ebaa613b0633\",\"name\":\"Orlando Gonzalez\",\"image\":{\"@type\":\"ImageObject\",\"inLanguage\":\"pt-BR\",\"@id\":\"https:\/\/maringapost.com.br\/orlandogonzalez\/#\/schema\/person\/image\/\",\"url\":\"https:\/\/secure.gravatar.com\/avatar\/ecef9d1c9afe5ebdafadde8369065ba5?s=96&d=mm&r=g\",\"contentUrl\":\"https:\/\/secure.gravatar.com\/avatar\/ecef9d1c9afe5ebdafadde8369065ba5?s=96&d=mm&r=g\",\"caption\":\"Orlando Gonzalez\"},\"description\":\"H\u00e1 29 anos na cobertura do esporte de Maring\u00e1. Plant\u00e3o e narrador esportivo. Presta\u00e7\u00e3o de assessoria de imprensa esportiva, cobertura e transmiss\u00f5es ao vivo de eventos esportivos. E-mail: orlandogonzalez.assessoria@gmail.com WhatsApp: (44) 9 9126-6119\",\"sameAs\":[\"http:\/\/www.radiomaringa.com.br\/\",\"https:\/\/www.facebook.com\/profile.php?id=100011095815065\",\"https:\/\/www.instagram.com\/orlandomgonzalez\/\",\"https:\/\/br.pinterest.com\/ogonzalez0530\/\",\"https:\/\/x.com\/gonzalezorlando\",\"https:\/\/www.youtube.com\/channel\/UCvFpl55btth8wjnKiSS1ibA\",\"https:\/\/radiomaringaweb.tumblr.com\/\"],\"url\":\"https:\/\/maringapost.com.br\/orlandogonzalez\/author\/orlando\/\"}]}<\/script>\n<!-- \/ Yoast SEO Premium plugin. -->","yoast_head_json":{"title":"R\u00c1DIO MARING\u00c1 - Gabriela Muniz brilha no Brasileiro Prevent Senior Sports Sub-20 - Orlando Gonzalez","robots":{"index":"index","follow":"follow","max-snippet":"max-snippet:-1","max-image-preview":"max-image-preview:large","max-video-preview":"max-video-preview:-1"},"canonical":"https:\/\/maringapost.com.br\/orlandogonzalez\/2021\/05\/23\/radio-maringa-gabriela-muniz-brilha-no-brasileiro-prevent-senior-sports-sub-20\/","og_locale":"pt_BR","og_type":"article","og_title":"R\u00c1DIO MARING\u00c1 - Gabriela Muniz brilha no Brasileiro Prevent Senior Sports Sub-20","og_description":"A brasiliense Gabriela de Souza Muniz (CASO) confirmou o seu amplo favoritismo nos 10.000 m marcha atl\u00e9tica do Campeonato Brasileiro Prevent Senior Sports de Atletismo Sub-20, que come\u00e7ou nesta sexta-feira (21\/5), no Centro Nacional de Desenvolvimento do Atletismo (CNDA), na cidade de Bragan\u00e7a Paulista (SP). Aos 18 anos \u2013 completa 19 no dia 12 de [&hellip;]","og_url":"https:\/\/maringapost.com.br\/orlandogonzalez\/2021\/05\/23\/radio-maringa-gabriela-muniz-brilha-no-brasileiro-prevent-senior-sports-sub-20\/","og_site_name":"Orlando Gonzalez","article_author":"https:\/\/www.facebook.com\/profile.php?id=100011095815065","article_published_time":"2021-05-23T14:13:35+00:00","article_modified_time":"2021-05-23T14:13:47+00:00","og_image":[{"width":640,"height":640,"url":"https:\/\/maringapost.com.br\/orlandogonzalez\/wp-content\/uploads\/sites\/17\/2021\/05\/atletabrasil.jpg","type":"image\/jpeg"}],"author":"Orlando Gonzalez","twitter_card":"summary_large_image","twitter_creator":"@gonzalezorlando","twitter_misc":{"Escrito por":false,"Est. tempo de leitura":"4 minutos"},"schema":{"@context":"https:\/\/schema.org","@graph":[{"@type":"WebPage","@id":"https:\/\/maringapost.com.br\/orlandogonzalez\/2021\/05\/23\/radio-maringa-gabriela-muniz-brilha-no-brasileiro-prevent-senior-sports-sub-20\/","url":"https:\/\/maringapost.com.br\/orlandogonzalez\/2021\/05\/23\/radio-maringa-gabriela-muniz-brilha-no-brasileiro-prevent-senior-sports-sub-20\/","name":"R\u00c1DIO MARING\u00c1 - Gabriela Muniz brilha no Brasileiro Prevent Senior Sports Sub-20 - Orlando Gonzalez","isPartOf":{"@id":"https:\/\/maringapost.com.br\/orlandogonzalez\/#website"},"primaryImageOfPage":{"@id":"https:\/\/maringapost.com.br\/orlandogonzalez\/2021\/05\/23\/radio-maringa-gabriela-muniz-brilha-no-brasileiro-prevent-senior-sports-sub-20\/#primaryimage"},"image":{"@id":"https:\/\/maringapost.com.br\/orlandogonzalez\/2021\/05\/23\/radio-maringa-gabriela-muniz-brilha-no-brasileiro-prevent-senior-sports-sub-20\/#primaryimage"},"thumbnailUrl":"https:\/\/maringapost.com.br\/orlandogonzalez\/wp-content\/uploads\/sites\/17\/2021\/05\/atletabrasil.jpg","datePublished":"2021-05-23T14:13:35+00:00","dateModified":"2021-05-23T14:13:47+00:00","author":{"@id":"https:\/\/maringapost.com.br\/orlandogonzalez\/#\/schema\/person\/5cbe6257d08edea6afc9ebaa613b0633"},"inLanguage":"pt-BR","potentialAction":[{"@type":"ReadAction","target":["https:\/\/maringapost.com.br\/orlandogonzalez\/2021\/05\/23\/radio-maringa-gabriela-muniz-brilha-no-brasileiro-prevent-senior-sports-sub-20\/"]}]},{"@type":"ImageObject","inLanguage":"pt-BR","@id":"https:\/\/maringapost.com.br\/orlandogonzalez\/2021\/05\/23\/radio-maringa-gabriela-muniz-brilha-no-brasileiro-prevent-senior-sports-sub-20\/#primaryimage","url":"https:\/\/maringapost.com.br\/orlandogonzalez\/wp-content\/uploads\/sites\/17\/2021\/05\/atletabrasil.jpg","contentUrl":"https:\/\/maringapost.com.br\/orlandogonzalez\/wp-content\/uploads\/sites\/17\/2021\/05\/atletabrasil.jpg","width":640,"height":640},{"@type":"WebSite","@id":"https:\/\/maringapost.com.br\/orlandogonzalez\/#website","url":"https:\/\/maringapost.com.br\/orlandogonzalez\/","name":"Orlando Gonzalez","description":"Destaca o esporte de Maring\u00e1! Destaca o esporte do Paran\u00e1! Destaca o esporte do Brasil!","potentialAction":[{"@type":"SearchAction","target":{"@type":"EntryPoint","urlTemplate":"https:\/\/maringapost.com.br\/orlandogonzalez\/?s={search_term_string}"},"query-input":"required name=search_term_string"}],"inLanguage":"pt-BR"},{"@type":"Person","@id":"https:\/\/maringapost.com.br\/orlandogonzalez\/#\/schema\/person\/5cbe6257d08edea6afc9ebaa613b0633","name":"Orlando Gonzalez","image":{"@type":"ImageObject","inLanguage":"pt-BR","@id":"https:\/\/maringapost.com.br\/orlandogonzalez\/#\/schema\/person\/image\/","url":"https:\/\/secure.gravatar.com\/avatar\/ecef9d1c9afe5ebdafadde8369065ba5?s=96&d=mm&r=g","contentUrl":"https:\/\/secure.gravatar.com\/avatar\/ecef9d1c9afe5ebdafadde8369065ba5?s=96&d=mm&r=g","caption":"Orlando Gonzalez"},"description":"H\u00e1 29 anos na cobertura do esporte de Maring\u00e1. Plant\u00e3o e narrador esportivo. Presta\u00e7\u00e3o de assessoria de imprensa esportiva, cobertura e transmiss\u00f5es ao vivo de eventos esportivos. E-mail: orlandogonzalez.assessoria@gmail.com WhatsApp: (44) 9 9126-6119","sameAs":["http:\/\/www.radiomaringa.com.br\/","https:\/\/www.facebook.com\/profile.php?id=100011095815065","https:\/\/www.instagram.com\/orlandomgonzalez\/","https:\/\/br.pinterest.com\/ogonzalez0530\/","https:\/\/x.com\/gonzalezorlando","https:\/\/www.youtube.com\/channel\/UCvFpl55btth8wjnKiSS1ibA","https:\/\/radiomaringaweb.tumblr.com\/"],"url":"https:\/\/maringapost.com.br\/orlandogonzalez\/author\/orlando\/"}]}},"_links":{"self":[{"href":"https:\/\/maringapost.com.br\/orlandogonzalez\/wp-json\/wp\/v2\/posts\/47061"}],"collection":[{"href":"https:\/\/maringapost.com.br\/orlandogonzalez\/wp-json\/wp\/v2\/posts"}],"about":[{"href":"https:\/\/maringapost.com.br\/orlandogonzalez\/wp-json\/wp\/v2\/types\/post"}],"author":[{"embeddable":true,"href":"https:\/\/maringapost.com.br\/orlandogonzalez\/wp-json\/wp\/v2\/users\/6307"}],"replies":[{"embeddable":true,"href":"https:\/\/maringapost.com.br\/orlandogonzalez\/wp-json\/wp\/v2\/comments?post=47061"}],"version-history":[{"count":1,"href":"https:\/\/maringapost.com.br\/orlandogonzalez\/wp-json\/wp\/v2\/posts\/47061\/revisions"}],"predecessor-version":[{"id":47063,"href":"https:\/\/maringapost.com.br\/orlandogonzalez\/wp-json\/wp\/v2\/posts\/47061\/revisions\/47063"}],"wp:featuredmedia":[{"embeddable":true,"href":"https:\/\/maringapost.com.br\/orlandogonzalez\/wp-json\/wp\/v2\/media\/47062"}],"wp:attachment":[{"href":"https:\/\/maringapost.com.br\/orlandogonzalez\/wp-json\/wp\/v2\/media?parent=47061"}],"wp:term":[{"taxonomy":"category","embeddable":true,"href":"https:\/\/maringapost.com.br\/orlandogonzalez\/wp-json\/wp\/v2\/categories?post=47061"},{"taxonomy":"post_tag","embeddable":true,"href":"https:\/\/maringapost.com.br\/orlandogonzalez\/wp-json\/wp\/v2\/tags?post=47061"}],"curies":[{"name":"wp","href":"https:\/\/api.w.org\/{rel}","templated":true}]}}