{"id":47035,"date":"2021-05-22T22:22:33","date_gmt":"2021-05-23T01:22:33","guid":{"rendered":"http:\/\/maringapost.com.br\/orlandogonzalez\/?p=47035"},"modified":"2021-05-22T22:22:33","modified_gmt":"2021-05-23T01:22:33","slug":"radio-maringa-primeiro-trofeu-pole-position-maxon-da-truck-e-de-felipe-giaffone","status":"publish","type":"post","link":"https:\/\/maringapost.com.br\/orlandogonzalez\/2021\/05\/22\/radio-maringa-primeiro-trofeu-pole-position-maxon-da-truck-e-de-felipe-giaffone\/","title":{"rendered":"R\u00c1DIO MARING\u00c1 &#8211; Primeiro Trof\u00e9u Pole Position Maxon da Truck \u00e9 de Felipe Giaffone"},"content":{"rendered":"<p><span style=\"font-size: 24px\">A Copa Truck definiu neste s\u00e1bado (22) o grid de largada da primeira etapa da temporada 2021, que acontece neste domingo e tem como palco o Aut\u00f3dromo Ayrton Senna, em Goi\u00e2nia (GO). Patrocinadora Oficial do evento a Maxon Oil premiar\u00e1, durante toda a temporada, o piloto que conquistar o lugar de honra no grid com o Trof\u00e9u Pole Position Maxon. Dessa vez, quem levou a melhor foi o experiente e multicampe\u00e3o dos brutos, Felipe Giaffone<a href=\"https:\/\/www.orlandogonzalez.com.br\/\" target=\"_blank\" rel=\"noopener\">.<\/a><\/span><\/p>\n<p><span style=\"font-size: 24px\">O piloto do caminh\u00e3o Iveco #4 pisou fundo e com o tempo de 1min51s301 garantiu a primeira posi\u00e7\u00e3o do grid. A segunda coloca\u00e7\u00e3o ficou com Wellington Cirino, com o tempo de 1min51s409, seguido pelo atual campe\u00e3o da Copa Truck, Beto Monteiro, com a marca de 1min51s687. Andr\u00e9 Marques (1min51s927) e Giuliano Losacco (1min52s096) completam o top-5. Piloto Maxon Racing, Daniel Kelemen largar\u00e1 na 14\u00aa posi\u00e7\u00e3o<a href=\"\/\/radiomaringa.com.br\/\" target=\"_blank\" rel=\"noopener\">.<\/a><\/span><\/p>\n<p><span style=\"font-size: 24px\">A largada da temporada 2021 em Goi\u00e2nia acontece neste domingo \u00e0s 14h, com transmiss\u00e3o ao vivo da Band, do SporTV2 e dos canais oficiais da Copa Truck. Ser\u00e3o duas provas, uma de 25 e outra de 20 minutos, com uma interven\u00e7\u00e3o para a invers\u00e3o dos oito primeiros colocados ao fim da corrida inicial.<\/span><\/p>\n<p><span style=\"font-size: 24px\"><strong>Confira abaixo o grid de largada completo:<\/strong><\/span><\/p>\n<p><span style=\"font-size: 24px\">1\u00b0 Felipe Giaffone (Iveco)<\/span><br \/>\n<span style=\"font-size: 24px\">2\u00b0 Wellington Cirino (Mercedes-Benz)<\/span><br \/>\n<span style=\"font-size: 24px\">3\u00b0 Beto Monteiro (Volkswagen)<\/span><br \/>\n<span style=\"font-size: 24px\">4\u00b0 Andr\u00e9 Marques (Mercedes-Benz)<\/span><br \/>\n<span style=\"font-size: 24px\">5\u00b0 Giuliano Losacco (Mercedes-Benz)<\/span><br \/>\n<span style=\"font-size: 24px\">6\u00b0 Valmir Benavides (Iveco)<\/span><br \/>\n<span style=\"font-size: 24px\">7\u00b0 Felipe Tozzo (Iveco)*<\/span><br \/>\n<span style=\"font-size: 24px\">8\u00b0 Danilo Alamini (MAN)*<\/span><br \/>\n<span style=\"font-size: 24px\">9\u00b0 Evandro Camargo (Mercedes-Benz)*<\/span><br \/>\n<span style=\"font-size: 24px\">10\u00b0 Adalberto Jardim (Prot\u00f3tipo)<\/span><br \/>\n<span style=\"font-size: 24px\">11\u00b0 Djalma Pivetta (Iveco)*<\/span><br \/>\n<span style=\"font-size: 24px\">12\u00b0 F\u00e1bio Foga\u00e7a (Prot\u00f3tipo)*<\/span><br \/>\n<span style=\"font-size: 24px\">13\u00b0 Glauco Barros (Mercedes-Benz)*<\/span><br \/>\n<span style=\"font-size: 24px\">14\u00b0 Daniel Kelemen (Mercedes-Benz)*<\/span><br \/>\n<span style=\"font-size: 24px\">15\u00b0 Jaidson Zini (Mercedes-Benz)<\/span><br \/>\n<span style=\"font-size: 24px\">16\u00b0 Rodrigo Pimenta (Prot\u00f3tipo)*<\/span><br \/>\n<span style=\"font-size: 24px\">27\u00b0 D\u00e9bora Rodrigues (Volkswagen)<\/span><br \/>\n<span style=\"font-size: 24px\">18\u00b0 Paulo Salustiano (Volkswagen)<\/span><br \/>\n<span style=\"font-size: 24px\">19\u00b0 Danilo Dirani (Mercedes-Benz)<\/span><br \/>\n<span style=\"font-size: 24px\">20\u00b0 Jos\u00e9 Augusto Dias (Volkswagen)*<\/span><br \/>\n<span style=\"font-size: 24px\">21\u00b0 Luiz Lopes (Iveco)<\/span><br \/>\n<span style=\"font-size: 24px\">22\u00b0 Roberval Andrade (Volkswagen)<\/span><br \/>\n<span style=\"font-size: 24px\">23\u00b0 Carlos Machado (Volvo)*<\/span><br \/>\n<span style=\"font-size: 24px\">24\u00b0 Pedro Paulo Fernandes (Mercedes-Benz)*<\/span><br \/>\n<span style=\"font-size: 24px\">25\u00b0 Leandro Totti (Volvo)<\/span><br \/>\n<span style=\"font-size: 24px\">26\u00b0 Maicon Roncem (Volvo)*<\/span><\/p>\n<p><span style=\"font-size: 24px\">* &#8211; Pilotos da categoria Super Truck.<\/span><\/p>\n<p><span style=\"font-size: 24px\"><strong>Programa\u00e7\u00e3o do\u00a0domingo<\/strong><\/span><br \/>\n<span style=\"font-size: 24px\">08h00: GT Sprint Race \u2013 Warm Up<\/span><br \/>\n<span style=\"font-size: 24px\">08h40: Copa Truck \u2013 Warm Up<\/span><br \/>\n<span style=\"font-size: 24px\">09h17: GT Sprint Race \u2013 Corrida 2<\/span><br \/>\n<span style=\"font-size: 24px\">11h50: Copa Shell HB20 \u2013 Corrida 2<\/span><br \/>\n<span style=\"font-size: 24px\">12h52: GT Sprint Race \u2013 Corrida 3<\/span><br \/>\n<span style=\"font-size: 24px\">14h08: Copa Truck \u2013 Corrida 1<\/span><br \/>\n<span style=\"font-size: 24px\">14h38: Copa Truck \u2013 Corrida 2<\/span><\/p>\n<p><span style=\"font-size: 24px\"><strong>Copa HB20:\u00a0Vit\u00f3ria de Bornemann na categoria Elite<\/strong><\/span><\/p>\n<p><span style=\"font-size: 24px\">A primeira corrida, que marca a rodada dupla da segunda etapa do ano para a Copa HB20, teve vit\u00f3ria do piloto da Maxon Racing, Lucas Bornemman, na categoria Elite. O dono do carro #41 largou na quarta coloca\u00e7\u00e3o na categoria e conquistou duas posi\u00e7\u00f5es j\u00e1 nas voltas iniciais e soube administrar bem essa vantagem. Faltando 17 minutos para o final da prova, Bornemann fez uma ultrapassagem dupla espetacular em cima do l\u00edder da Elite, Daniel Nino, e de Fernando Jr., piloto da categoria PRO, para assumir a lideran\u00e7a e conquistar sua primeira vit\u00f3ria na temporada e a oitava coloca\u00e7\u00e3o na Geral.<\/span><\/p>\n<p><span style=\"font-size: 24px\">Bornemann saiu do carro extremamente emocionado para comemorar sua primeira vit\u00f3ria. \u201cFoi sensacional. Sab\u00edamos que t\u00ednhamos um bom ritmo, mas no classificat\u00f3rio o tempo n\u00e3o veio e eu larguei em quarto. Sabendo que eu tinha esse ritmo optei por ser conservador na largada e vim fazendo uma corrida mais constante. Me livrando dos enroscos e acabou dando tudo certo! S\u00f3 tenho que agradecer minha equipe, a Maxon e a todos que me apoiam. Valeu muito a torcida!\u201d, destacou.<\/span><\/p>\n<p><span style=\"font-size: 24px\">\u00a0<\/span><\/p>\n<p><span style=\"font-size: 24px\"><strong>Resultado da corrida 1:<\/strong><\/span><\/p>\n<p><span style=\"font-size: 24px\">1\u00ba. Kleber Eletric (PRO) \u2013 28.23.369<\/span><\/p>\n<p><span style=\"font-size: 24px\">2\u00ba. Raphael Abbate (PRO) &#8211; 7.124<\/span><\/p>\n<p><span style=\"font-size: 24px\">3\u00ba. Thiago Riberi\/L. Viscardi (PRO) \u2013 9.571<\/span><\/p>\n<p><span style=\"font-size: 24px\">4\u00ba. Alberto Cattucci (PRO) \u2013 9.875<\/span><\/p>\n<p><span style=\"font-size: 24px\">5\u00ba. Bruno Testa (PRO) \u2013 10.286<\/span><\/p>\n<p><span style=\"font-size: 24px\">6\u00ba. Rafael Reis (PRO) \u2013 17.558<\/span><\/p>\n<p><span style=\"font-size: 24px\">7\u00ba. Gustavo Magnabosco (PRO) &#8211; 18.972<\/span><\/p>\n<p><span style=\"font-size: 24px\"><strong>8\u00ba. Lucas Bornemann (ELITE) \u2013 19.797<\/strong><\/span><\/p>\n<p><span style=\"font-size: 24px\">9\u00ba. Fernando Jr. (PRO) \u2013 20.581<\/span><\/p>\n<p><span style=\"font-size: 24px\">10\u00ba. Daniel Nino (ELITE) \u2013 21.419\u00a0<\/span><\/p>\n<p><span style=\"font-size: 24px\">(Assessoria)<\/span><\/p>\n","protected":false},"excerpt":{"rendered":"<p>A Copa Truck definiu neste s\u00e1bado (22) o grid de largada da primeira etapa da temporada 2021, que acontece neste domingo e tem como palco o Aut\u00f3dromo Ayrton Senna, em Goi\u00e2nia (GO). Patrocinadora Oficial do evento a Maxon Oil premiar\u00e1, durante toda a temporada, o piloto que conquistar o lugar de honra no grid com [&hellip;]<\/p>\n","protected":false},"author":6307,"featured_media":47036,"comment_status":"closed","ping_status":"open","sticky":false,"template":"","format":"standard","meta":{"_exactmetrics_skip_tracking":false,"_exactmetrics_sitenote_active":false,"_exactmetrics_sitenote_note":"","_exactmetrics_sitenote_category":0,"footnotes":""},"categories":[1267],"tags":[11533,47],"yoast_head":"<!-- This site is optimized with the Yoast SEO Premium plugin v22.7 (Yoast SEO v22.7) - https:\/\/yoast.com\/wordpress\/plugins\/seo\/ -->\n<title>R\u00c1DIO MARING\u00c1 - Primeiro Trof\u00e9u Pole Position Maxon da Truck \u00e9 de Felipe Giaffone - Orlando Gonzalez<\/title>\n<meta name=\"robots\" content=\"index, follow, max-snippet:-1, max-image-preview:large, max-video-preview:-1\" \/>\n<link rel=\"canonical\" href=\"https:\/\/maringapost.com.br\/orlandogonzalez\/2021\/05\/22\/radio-maringa-primeiro-trofeu-pole-position-maxon-da-truck-e-de-felipe-giaffone\/\" \/>\n<meta property=\"og:locale\" content=\"pt_BR\" \/>\n<meta property=\"og:type\" content=\"article\" \/>\n<meta property=\"og:title\" content=\"R\u00c1DIO MARING\u00c1 - Primeiro Trof\u00e9u Pole Position Maxon da Truck \u00e9 de Felipe Giaffone\" \/>\n<meta property=\"og:description\" content=\"A Copa Truck definiu neste s\u00e1bado (22) o grid de largada da primeira etapa da temporada 2021, que acontece neste domingo e tem como palco o Aut\u00f3dromo Ayrton Senna, em Goi\u00e2nia (GO). Patrocinadora Oficial do evento a Maxon Oil premiar\u00e1, durante toda a temporada, o piloto que conquistar o lugar de honra no grid com [&hellip;]\" \/>\n<meta property=\"og:url\" content=\"https:\/\/maringapost.com.br\/orlandogonzalez\/2021\/05\/22\/radio-maringa-primeiro-trofeu-pole-position-maxon-da-truck-e-de-felipe-giaffone\/\" \/>\n<meta property=\"og:site_name\" content=\"Orlando Gonzalez\" \/>\n<meta property=\"article:author\" content=\"https:\/\/www.facebook.com\/profile.php?id=100011095815065\" \/>\n<meta property=\"article:published_time\" content=\"2021-05-23T01:22:33+00:00\" \/>\n<meta property=\"og:image\" content=\"https:\/\/maringapost.com.br\/orlandogonzalez\/wp-content\/uploads\/sites\/17\/2021\/05\/392244_970155_whatsapp_image_2021_05_22_at_13.29.42.jpeg\" \/>\n\t<meta property=\"og:image:width\" content=\"1280\" \/>\n\t<meta property=\"og:image:height\" content=\"852\" \/>\n\t<meta property=\"og:image:type\" content=\"image\/jpeg\" \/>\n<meta name=\"author\" content=\"Orlando Gonzalez\" \/>\n<meta name=\"twitter:card\" content=\"summary_large_image\" \/>\n<meta name=\"twitter:creator\" content=\"@gonzalezorlando\" \/>\n<meta name=\"twitter:label1\" content=\"Escrito por\" \/>\n\t<meta name=\"twitter:data1\" content=\"\" \/>\n\t<meta name=\"twitter:label2\" content=\"Est. tempo de leitura\" \/>\n\t<meta name=\"twitter:data2\" content=\"3 minutos\" \/>\n<script type=\"application\/ld+json\" class=\"yoast-schema-graph\">{\"@context\":\"https:\/\/schema.org\",\"@graph\":[{\"@type\":\"WebPage\",\"@id\":\"https:\/\/maringapost.com.br\/orlandogonzalez\/2021\/05\/22\/radio-maringa-primeiro-trofeu-pole-position-maxon-da-truck-e-de-felipe-giaffone\/\",\"url\":\"https:\/\/maringapost.com.br\/orlandogonzalez\/2021\/05\/22\/radio-maringa-primeiro-trofeu-pole-position-maxon-da-truck-e-de-felipe-giaffone\/\",\"name\":\"R\u00c1DIO MARING\u00c1 - Primeiro Trof\u00e9u Pole Position Maxon da Truck \u00e9 de Felipe Giaffone - Orlando Gonzalez\",\"isPartOf\":{\"@id\":\"https:\/\/maringapost.com.br\/orlandogonzalez\/#website\"},\"primaryImageOfPage\":{\"@id\":\"https:\/\/maringapost.com.br\/orlandogonzalez\/2021\/05\/22\/radio-maringa-primeiro-trofeu-pole-position-maxon-da-truck-e-de-felipe-giaffone\/#primaryimage\"},\"image\":{\"@id\":\"https:\/\/maringapost.com.br\/orlandogonzalez\/2021\/05\/22\/radio-maringa-primeiro-trofeu-pole-position-maxon-da-truck-e-de-felipe-giaffone\/#primaryimage\"},\"thumbnailUrl\":\"https:\/\/maringapost.com.br\/orlandogonzalez\/wp-content\/uploads\/sites\/17\/2021\/05\/392244_970155_whatsapp_image_2021_05_22_at_13.29.42.jpeg\",\"datePublished\":\"2021-05-23T01:22:33+00:00\",\"dateModified\":\"2021-05-23T01:22:33+00:00\",\"author\":{\"@id\":\"https:\/\/maringapost.com.br\/orlandogonzalez\/#\/schema\/person\/5cbe6257d08edea6afc9ebaa613b0633\"},\"inLanguage\":\"pt-BR\",\"potentialAction\":[{\"@type\":\"ReadAction\",\"target\":[\"https:\/\/maringapost.com.br\/orlandogonzalez\/2021\/05\/22\/radio-maringa-primeiro-trofeu-pole-position-maxon-da-truck-e-de-felipe-giaffone\/\"]}]},{\"@type\":\"ImageObject\",\"inLanguage\":\"pt-BR\",\"@id\":\"https:\/\/maringapost.com.br\/orlandogonzalez\/2021\/05\/22\/radio-maringa-primeiro-trofeu-pole-position-maxon-da-truck-e-de-felipe-giaffone\/#primaryimage\",\"url\":\"https:\/\/maringapost.com.br\/orlandogonzalez\/wp-content\/uploads\/sites\/17\/2021\/05\/392244_970155_whatsapp_image_2021_05_22_at_13.29.42.jpeg\",\"contentUrl\":\"https:\/\/maringapost.com.br\/orlandogonzalez\/wp-content\/uploads\/sites\/17\/2021\/05\/392244_970155_whatsapp_image_2021_05_22_at_13.29.42.jpeg\",\"width\":1280,\"height\":852},{\"@type\":\"WebSite\",\"@id\":\"https:\/\/maringapost.com.br\/orlandogonzalez\/#website\",\"url\":\"https:\/\/maringapost.com.br\/orlandogonzalez\/\",\"name\":\"Orlando Gonzalez\",\"description\":\"Destaca o esporte de Maring\u00e1! Destaca o esporte do Paran\u00e1! Destaca o esporte do Brasil!\",\"potentialAction\":[{\"@type\":\"SearchAction\",\"target\":{\"@type\":\"EntryPoint\",\"urlTemplate\":\"https:\/\/maringapost.com.br\/orlandogonzalez\/?s={search_term_string}\"},\"query-input\":\"required name=search_term_string\"}],\"inLanguage\":\"pt-BR\"},{\"@type\":\"Person\",\"@id\":\"https:\/\/maringapost.com.br\/orlandogonzalez\/#\/schema\/person\/5cbe6257d08edea6afc9ebaa613b0633\",\"name\":\"Orlando Gonzalez\",\"image\":{\"@type\":\"ImageObject\",\"inLanguage\":\"pt-BR\",\"@id\":\"https:\/\/maringapost.com.br\/orlandogonzalez\/#\/schema\/person\/image\/\",\"url\":\"https:\/\/secure.gravatar.com\/avatar\/ecef9d1c9afe5ebdafadde8369065ba5?s=96&d=mm&r=g\",\"contentUrl\":\"https:\/\/secure.gravatar.com\/avatar\/ecef9d1c9afe5ebdafadde8369065ba5?s=96&d=mm&r=g\",\"caption\":\"Orlando Gonzalez\"},\"description\":\"H\u00e1 29 anos na cobertura do esporte de Maring\u00e1. Plant\u00e3o e narrador esportivo. Presta\u00e7\u00e3o de assessoria de imprensa esportiva, cobertura e transmiss\u00f5es ao vivo de eventos esportivos. E-mail: orlandogonzalez.assessoria@gmail.com WhatsApp: (44) 9 9126-6119\",\"sameAs\":[\"http:\/\/www.radiomaringa.com.br\/\",\"https:\/\/www.facebook.com\/profile.php?id=100011095815065\",\"https:\/\/www.instagram.com\/orlandomgonzalez\/\",\"https:\/\/br.pinterest.com\/ogonzalez0530\/\",\"https:\/\/x.com\/gonzalezorlando\",\"https:\/\/www.youtube.com\/channel\/UCvFpl55btth8wjnKiSS1ibA\",\"https:\/\/radiomaringaweb.tumblr.com\/\"],\"url\":\"https:\/\/maringapost.com.br\/orlandogonzalez\/author\/orlando\/\"}]}<\/script>\n<!-- \/ Yoast SEO Premium plugin. -->","yoast_head_json":{"title":"R\u00c1DIO MARING\u00c1 - Primeiro Trof\u00e9u Pole Position Maxon da Truck \u00e9 de Felipe Giaffone - Orlando Gonzalez","robots":{"index":"index","follow":"follow","max-snippet":"max-snippet:-1","max-image-preview":"max-image-preview:large","max-video-preview":"max-video-preview:-1"},"canonical":"https:\/\/maringapost.com.br\/orlandogonzalez\/2021\/05\/22\/radio-maringa-primeiro-trofeu-pole-position-maxon-da-truck-e-de-felipe-giaffone\/","og_locale":"pt_BR","og_type":"article","og_title":"R\u00c1DIO MARING\u00c1 - Primeiro Trof\u00e9u Pole Position Maxon da Truck \u00e9 de Felipe Giaffone","og_description":"A Copa Truck definiu neste s\u00e1bado (22) o grid de largada da primeira etapa da temporada 2021, que acontece neste domingo e tem como palco o Aut\u00f3dromo Ayrton Senna, em Goi\u00e2nia (GO). Patrocinadora Oficial do evento a Maxon Oil premiar\u00e1, durante toda a temporada, o piloto que conquistar o lugar de honra no grid com [&hellip;]","og_url":"https:\/\/maringapost.com.br\/orlandogonzalez\/2021\/05\/22\/radio-maringa-primeiro-trofeu-pole-position-maxon-da-truck-e-de-felipe-giaffone\/","og_site_name":"Orlando Gonzalez","article_author":"https:\/\/www.facebook.com\/profile.php?id=100011095815065","article_published_time":"2021-05-23T01:22:33+00:00","og_image":[{"width":1280,"height":852,"url":"https:\/\/maringapost.com.br\/orlandogonzalez\/wp-content\/uploads\/sites\/17\/2021\/05\/392244_970155_whatsapp_image_2021_05_22_at_13.29.42.jpeg","type":"image\/jpeg"}],"author":"Orlando Gonzalez","twitter_card":"summary_large_image","twitter_creator":"@gonzalezorlando","twitter_misc":{"Escrito por":false,"Est. tempo de leitura":"3 minutos"},"schema":{"@context":"https:\/\/schema.org","@graph":[{"@type":"WebPage","@id":"https:\/\/maringapost.com.br\/orlandogonzalez\/2021\/05\/22\/radio-maringa-primeiro-trofeu-pole-position-maxon-da-truck-e-de-felipe-giaffone\/","url":"https:\/\/maringapost.com.br\/orlandogonzalez\/2021\/05\/22\/radio-maringa-primeiro-trofeu-pole-position-maxon-da-truck-e-de-felipe-giaffone\/","name":"R\u00c1DIO MARING\u00c1 - Primeiro Trof\u00e9u Pole Position Maxon da Truck \u00e9 de Felipe Giaffone - Orlando Gonzalez","isPartOf":{"@id":"https:\/\/maringapost.com.br\/orlandogonzalez\/#website"},"primaryImageOfPage":{"@id":"https:\/\/maringapost.com.br\/orlandogonzalez\/2021\/05\/22\/radio-maringa-primeiro-trofeu-pole-position-maxon-da-truck-e-de-felipe-giaffone\/#primaryimage"},"image":{"@id":"https:\/\/maringapost.com.br\/orlandogonzalez\/2021\/05\/22\/radio-maringa-primeiro-trofeu-pole-position-maxon-da-truck-e-de-felipe-giaffone\/#primaryimage"},"thumbnailUrl":"https:\/\/maringapost.com.br\/orlandogonzalez\/wp-content\/uploads\/sites\/17\/2021\/05\/392244_970155_whatsapp_image_2021_05_22_at_13.29.42.jpeg","datePublished":"2021-05-23T01:22:33+00:00","dateModified":"2021-05-23T01:22:33+00:00","author":{"@id":"https:\/\/maringapost.com.br\/orlandogonzalez\/#\/schema\/person\/5cbe6257d08edea6afc9ebaa613b0633"},"inLanguage":"pt-BR","potentialAction":[{"@type":"ReadAction","target":["https:\/\/maringapost.com.br\/orlandogonzalez\/2021\/05\/22\/radio-maringa-primeiro-trofeu-pole-position-maxon-da-truck-e-de-felipe-giaffone\/"]}]},{"@type":"ImageObject","inLanguage":"pt-BR","@id":"https:\/\/maringapost.com.br\/orlandogonzalez\/2021\/05\/22\/radio-maringa-primeiro-trofeu-pole-position-maxon-da-truck-e-de-felipe-giaffone\/#primaryimage","url":"https:\/\/maringapost.com.br\/orlandogonzalez\/wp-content\/uploads\/sites\/17\/2021\/05\/392244_970155_whatsapp_image_2021_05_22_at_13.29.42.jpeg","contentUrl":"https:\/\/maringapost.com.br\/orlandogonzalez\/wp-content\/uploads\/sites\/17\/2021\/05\/392244_970155_whatsapp_image_2021_05_22_at_13.29.42.jpeg","width":1280,"height":852},{"@type":"WebSite","@id":"https:\/\/maringapost.com.br\/orlandogonzalez\/#website","url":"https:\/\/maringapost.com.br\/orlandogonzalez\/","name":"Orlando Gonzalez","description":"Destaca o esporte de Maring\u00e1! Destaca o esporte do Paran\u00e1! Destaca o esporte do Brasil!","potentialAction":[{"@type":"SearchAction","target":{"@type":"EntryPoint","urlTemplate":"https:\/\/maringapost.com.br\/orlandogonzalez\/?s={search_term_string}"},"query-input":"required name=search_term_string"}],"inLanguage":"pt-BR"},{"@type":"Person","@id":"https:\/\/maringapost.com.br\/orlandogonzalez\/#\/schema\/person\/5cbe6257d08edea6afc9ebaa613b0633","name":"Orlando Gonzalez","image":{"@type":"ImageObject","inLanguage":"pt-BR","@id":"https:\/\/maringapost.com.br\/orlandogonzalez\/#\/schema\/person\/image\/","url":"https:\/\/secure.gravatar.com\/avatar\/ecef9d1c9afe5ebdafadde8369065ba5?s=96&d=mm&r=g","contentUrl":"https:\/\/secure.gravatar.com\/avatar\/ecef9d1c9afe5ebdafadde8369065ba5?s=96&d=mm&r=g","caption":"Orlando Gonzalez"},"description":"H\u00e1 29 anos na cobertura do esporte de Maring\u00e1. Plant\u00e3o e narrador esportivo. Presta\u00e7\u00e3o de assessoria de imprensa esportiva, cobertura e transmiss\u00f5es ao vivo de eventos esportivos. E-mail: orlandogonzalez.assessoria@gmail.com WhatsApp: (44) 9 9126-6119","sameAs":["http:\/\/www.radiomaringa.com.br\/","https:\/\/www.facebook.com\/profile.php?id=100011095815065","https:\/\/www.instagram.com\/orlandomgonzalez\/","https:\/\/br.pinterest.com\/ogonzalez0530\/","https:\/\/x.com\/gonzalezorlando","https:\/\/www.youtube.com\/channel\/UCvFpl55btth8wjnKiSS1ibA","https:\/\/radiomaringaweb.tumblr.com\/"],"url":"https:\/\/maringapost.com.br\/orlandogonzalez\/author\/orlando\/"}]}},"_links":{"self":[{"href":"https:\/\/maringapost.com.br\/orlandogonzalez\/wp-json\/wp\/v2\/posts\/47035"}],"collection":[{"href":"https:\/\/maringapost.com.br\/orlandogonzalez\/wp-json\/wp\/v2\/posts"}],"about":[{"href":"https:\/\/maringapost.com.br\/orlandogonzalez\/wp-json\/wp\/v2\/types\/post"}],"author":[{"embeddable":true,"href":"https:\/\/maringapost.com.br\/orlandogonzalez\/wp-json\/wp\/v2\/users\/6307"}],"replies":[{"embeddable":true,"href":"https:\/\/maringapost.com.br\/orlandogonzalez\/wp-json\/wp\/v2\/comments?post=47035"}],"version-history":[{"count":1,"href":"https:\/\/maringapost.com.br\/orlandogonzalez\/wp-json\/wp\/v2\/posts\/47035\/revisions"}],"predecessor-version":[{"id":47037,"href":"https:\/\/maringapost.com.br\/orlandogonzalez\/wp-json\/wp\/v2\/posts\/47035\/revisions\/47037"}],"wp:featuredmedia":[{"embeddable":true,"href":"https:\/\/maringapost.com.br\/orlandogonzalez\/wp-json\/wp\/v2\/media\/47036"}],"wp:attachment":[{"href":"https:\/\/maringapost.com.br\/orlandogonzalez\/wp-json\/wp\/v2\/media?parent=47035"}],"wp:term":[{"taxonomy":"category","embeddable":true,"href":"https:\/\/maringapost.com.br\/orlandogonzalez\/wp-json\/wp\/v2\/categories?post=47035"},{"taxonomy":"post_tag","embeddable":true,"href":"https:\/\/maringapost.com.br\/orlandogonzalez\/wp-json\/wp\/v2\/tags?post=47035"}],"curies":[{"name":"wp","href":"https:\/\/api.w.org\/{rel}","templated":true}]}}