{"id":46682,"date":"2021-05-11T07:43:29","date_gmt":"2021-05-11T10:43:29","guid":{"rendered":"http:\/\/maringapost.com.br\/orlandogonzalez\/?p=46682"},"modified":"2021-05-11T07:43:42","modified_gmt":"2021-05-11T10:43:42","slug":"radio-maringa-flamengo-larga-com-vitoria-no-brasileiro-sub-17","status":"publish","type":"post","link":"https:\/\/maringapost.com.br\/orlandogonzalez\/2021\/05\/11\/radio-maringa-flamengo-larga-com-vitoria-no-brasileiro-sub-17\/","title":{"rendered":"R\u00c1DIO MARING\u00c1 &#8211; Flamengo larga com vit\u00f3ria no Brasileiro Sub-17"},"content":{"rendered":"<p style=\"margin: 0px 0px 20px;line-height: 30px;font-size: 16px;color: #343434;font-family: Poppins, sans-serif\"><span style=\"font-size: 24px\">A primeira rodada do\u00a0Campeonato Brasileiro Sub-17\u00a0ficou completa na noite de segunda-feira (10), com a estreia de\u00a0Palmeiras\u00a0e\u00a0Flamengo\u00a0na edi\u00e7\u00e3o de 2021. No Allianz Parque, as equipes fizeram uma partida movimentada, com o time carioca vencendo por 2 a 1<a href=\"https:\/\/www.orlandogonzalez.com.br\/\" target=\"_blank\" rel=\"noopener\">.<\/a><\/span><\/p>\n<p style=\"margin: 0px 0px 20px;line-height: 30px;font-size: 16px;color: #343434;font-family: Poppins, sans-serif\"><span style=\"font-size: 24px\">Ap\u00f3s os primeiros tr\u00eas pontos na competi\u00e7\u00e3o de base, o pr\u00f3ximo compromisso do Rubro-Negro ser\u00e1 contra o Cear\u00e1, no s\u00e1bado (15), no Est\u00e1dio da G\u00e1vea. No mesmo dia, o Verd\u00e3o enfrenta o Botafogo, no CEFAT<a href=\"\/\/radiomaringa.com.br\/\" target=\"_blank\" rel=\"noopener\">.<\/a><\/span><\/p>\n<p><a href=\"https:\/\/www.youtube.com\/channel\/UC5yYQJwnQmF2Oy9QtygufBA\" target=\"_blank\" rel=\"noopener\"><img loading=\"lazy\" decoding=\"async\" class=\"alignnone wp-image-46654 size-large\" src=\"https:\/\/maringapost.com.br\/orlandogonzalez\/wp-content\/uploads\/sites\/17\/2021\/05\/daniloesperto-1024x502.jpg\" alt=\"\" width=\"696\" height=\"341\" srcset=\"https:\/\/maringapost.com.br\/orlandogonzalez\/wp-content\/uploads\/sites\/17\/2021\/05\/daniloesperto-1024x502.jpg 1024w, https:\/\/maringapost.com.br\/orlandogonzalez\/wp-content\/uploads\/sites\/17\/2021\/05\/daniloesperto-300x147.jpg 300w, https:\/\/maringapost.com.br\/orlandogonzalez\/wp-content\/uploads\/sites\/17\/2021\/05\/daniloesperto-768x376.jpg 768w, https:\/\/maringapost.com.br\/orlandogonzalez\/wp-content\/uploads\/sites\/17\/2021\/05\/daniloesperto-324x160.jpg 324w, https:\/\/maringapost.com.br\/orlandogonzalez\/wp-content\/uploads\/sites\/17\/2021\/05\/daniloesperto-533x261.jpg 533w, https:\/\/maringapost.com.br\/orlandogonzalez\/wp-content\/uploads\/sites\/17\/2021\/05\/daniloesperto-696x341.jpg 696w, https:\/\/maringapost.com.br\/orlandogonzalez\/wp-content\/uploads\/sites\/17\/2021\/05\/daniloesperto-1068x523.jpg 1068w, https:\/\/maringapost.com.br\/orlandogonzalez\/wp-content\/uploads\/sites\/17\/2021\/05\/daniloesperto-857x420.jpg 857w, https:\/\/maringapost.com.br\/orlandogonzalez\/wp-content\/uploads\/sites\/17\/2021\/05\/daniloesperto.jpg 1280w\" sizes=\"(max-width: 696px) 100vw, 696px\" \/><\/a><\/p>\n<p style=\"margin: 0px 0px 20px;line-height: 30px;font-size: 16px;color: #343434;font-family: Poppins, sans-serif\"><span style=\"font-size: 24px\"><a style=\"background-color: transparent;color: #2dc733;font-weight: bold\" href=\"https:\/\/www.cbf.com.br\/futebol-brasileiro\/competicoes\/campeonato-brasileiro-sub17\" target=\"_blank\" rel=\"noopener noreferrer\">+Confira a tabela completa do Brasileir\u00e3o Sub-17!<\/a><\/span><\/p>\n<p style=\"margin: 0px 0px 20px;line-height: 30px;font-size: 16px;color: #343434;font-family: Poppins, sans-serif\"><span style=\"font-size: 24px\">O jogo<\/span><\/p>\n<p style=\"margin: 0px 0px 20px;line-height: 30px;font-size: 16px;color: #343434;font-family: Poppins, sans-serif\"><span style=\"font-size: 24px\">A etapa inicial foi agitada, com boas chances criadas entre as equipes e um gol para cada lado. Jogando em casa, o Palmeiras come\u00e7ou controlando as a\u00e7\u00f5es, mas viu o Flamengo apertar na marca\u00e7\u00e3o e conseguir abrir o placar aos 25 minutos. Petterson avan\u00e7ou pela esquerda e finalizou para defesa de Jos\u00e9 Henrique. Mas, no rebote, Victor Hugo n\u00e3o desperdi\u00e7ou e colocou o time carioca na frente. Logo depois, o Verd\u00e3o partiu para o ataque e quase empatou no chute de fora da \u00e1rea de Luiz Freitas, que Dyogo defendeu e, no rebote, tamb\u00e9m segurou as duas finaliza\u00e7\u00f5es de Carlos Eduardo para salvar o Fla.<\/span><\/p>\n<p style=\"margin: 0px 0px 20px;line-height: 30px;font-size: 16px;color: #343434;font-family: Poppins, sans-serif\"><span style=\"font-size: 24px\">Nos minutos seguintes, o Palmeiras chegou bem com Mina e Wendell, que mandaram por cima do gol e desperdi\u00e7aram a oportunidade. A partida seguiu agitada e o Flamengo quase ampliou aos 31, quando Samuel invadiu a \u00e1rea e cruzou para Fran\u00e7a, que chutou de primeiro e obrigou Jos\u00e9 Henrique a fazer a defesa. O Verd\u00e3o respondeu logo depois com Luiz Freitas, que pegou rebote e mandou na trave. A press\u00e3o dos donos da casa virou gol j\u00e1 aos 45. Jean Carlos arriscou de fora da \u00e1rea e mandou um belo chute, sem chances para Dyogo: 1 a 1.<\/span><\/p>\n<p style=\"margin: 0px 0px 20px;line-height: 30px;font-size: 16px;color: #343434;font-family: Poppins, sans-serif\"><span style=\"font-size: 24px\">A volta do intervalo seguiu o ritmo intenso e, j\u00e1 no primeiro lance, Dyogo parou Carlos Eduardo com falta na grande \u00e1rea: p\u00eanalti. Luiz Freitas foi para a cobran\u00e7a, mas foi parado em defesa do camisa 1 rubro-negro. Depois, os cariocas se lan\u00e7aram mais ao ataque e viram o Verd\u00e3o perder Jean Carlos, expulso com cart\u00e3o vermelho direto por falta em Z\u00e9 Welinton. Controlando melhor as a\u00e7\u00f5es, o Fla voltou a ficar na frente na marca dos 17, quando Petterson tocou pela esquerda para Mateus, que dominou na grande \u00e1rea e marcou o gol da vit\u00f3ria flamenguista: 2 a 1.\u00a0Antes do apito final, Victor Hugo, Petterson, Vitor Muller e Fran\u00e7a ainda levaram perigo \u00e0 meta alviverde, mas o placar n\u00e3o foi mais alterado.<\/span><\/p>\n<p style=\"margin: 0px 0px 20px;line-height: 30px;font-size: 16px;color: #343434;font-family: Poppins, sans-serif\"><span style=\"font-size: 24px\">(Texto: CBF. Foto: F\u00e1bio Menotti\/Palmeiras)<\/span><\/p>\n<p style=\"margin: 0px 0px 20px;line-height: 30px;font-size: 16px;color: #343434;font-family: Poppins, sans-serif\">\n","protected":false},"excerpt":{"rendered":"<p>A primeira rodada do\u00a0Campeonato Brasileiro Sub-17\u00a0ficou completa na noite de segunda-feira (10), com a estreia de\u00a0Palmeiras\u00a0e\u00a0Flamengo\u00a0na edi\u00e7\u00e3o de 2021. No Allianz Parque, as equipes fizeram uma partida movimentada, com o time carioca vencendo por 2 a 1. Ap\u00f3s os primeiros tr\u00eas pontos na competi\u00e7\u00e3o de base, o pr\u00f3ximo compromisso do Rubro-Negro ser\u00e1 contra o Cear\u00e1, [&hellip;]<\/p>\n","protected":false},"author":6307,"featured_media":46683,"comment_status":"closed","ping_status":"open","sticky":false,"template":"","format":"standard","meta":{"_exactmetrics_skip_tracking":false,"_exactmetrics_sitenote_active":false,"_exactmetrics_sitenote_note":"","_exactmetrics_sitenote_category":0,"footnotes":""},"categories":[14346],"tags":[],"yoast_head":"<!-- This site is optimized with the Yoast SEO Premium plugin v22.7 (Yoast SEO v22.7) - https:\/\/yoast.com\/wordpress\/plugins\/seo\/ -->\n<title>R\u00c1DIO MARING\u00c1 - Flamengo larga com vit\u00f3ria no Brasileiro Sub-17 - Orlando Gonzalez<\/title>\n<meta name=\"robots\" content=\"index, follow, max-snippet:-1, max-image-preview:large, max-video-preview:-1\" \/>\n<link rel=\"canonical\" href=\"https:\/\/maringapost.com.br\/orlandogonzalez\/2021\/05\/11\/radio-maringa-flamengo-larga-com-vitoria-no-brasileiro-sub-17\/\" \/>\n<meta property=\"og:locale\" content=\"pt_BR\" \/>\n<meta property=\"og:type\" content=\"article\" \/>\n<meta property=\"og:title\" content=\"R\u00c1DIO MARING\u00c1 - Flamengo larga com vit\u00f3ria no Brasileiro Sub-17\" \/>\n<meta property=\"og:description\" content=\"A primeira rodada do\u00a0Campeonato Brasileiro Sub-17\u00a0ficou completa na noite de segunda-feira (10), com a estreia de\u00a0Palmeiras\u00a0e\u00a0Flamengo\u00a0na edi\u00e7\u00e3o de 2021. No Allianz Parque, as equipes fizeram uma partida movimentada, com o time carioca vencendo por 2 a 1. Ap\u00f3s os primeiros tr\u00eas pontos na competi\u00e7\u00e3o de base, o pr\u00f3ximo compromisso do Rubro-Negro ser\u00e1 contra o Cear\u00e1, [&hellip;]\" \/>\n<meta property=\"og:url\" content=\"https:\/\/maringapost.com.br\/orlandogonzalez\/2021\/05\/11\/radio-maringa-flamengo-larga-com-vitoria-no-brasileiro-sub-17\/\" \/>\n<meta property=\"og:site_name\" content=\"Orlando Gonzalez\" \/>\n<meta property=\"article:author\" content=\"https:\/\/www.facebook.com\/profile.php?id=100011095815065\" \/>\n<meta property=\"article:published_time\" content=\"2021-05-11T10:43:29+00:00\" \/>\n<meta property=\"article:modified_time\" content=\"2021-05-11T10:43:42+00:00\" \/>\n<meta property=\"og:image\" content=\"https:\/\/maringapost.com.br\/orlandogonzalez\/wp-content\/uploads\/sites\/17\/2021\/05\/Fla17.jpeg\" \/>\n\t<meta property=\"og:image:width\" content=\"910\" \/>\n\t<meta property=\"og:image:height\" content=\"455\" \/>\n\t<meta property=\"og:image:type\" content=\"image\/jpeg\" \/>\n<meta name=\"author\" content=\"Orlando Gonzalez\" \/>\n<meta name=\"twitter:card\" content=\"summary_large_image\" \/>\n<meta name=\"twitter:creator\" content=\"@gonzalezorlando\" \/>\n<meta name=\"twitter:label1\" content=\"Escrito por\" \/>\n\t<meta name=\"twitter:data1\" content=\"\" \/>\n\t<meta name=\"twitter:label2\" content=\"Est. tempo de leitura\" \/>\n\t<meta name=\"twitter:data2\" content=\"3 minutos\" \/>\n<script type=\"application\/ld+json\" class=\"yoast-schema-graph\">{\"@context\":\"https:\/\/schema.org\",\"@graph\":[{\"@type\":\"WebPage\",\"@id\":\"https:\/\/maringapost.com.br\/orlandogonzalez\/2021\/05\/11\/radio-maringa-flamengo-larga-com-vitoria-no-brasileiro-sub-17\/\",\"url\":\"https:\/\/maringapost.com.br\/orlandogonzalez\/2021\/05\/11\/radio-maringa-flamengo-larga-com-vitoria-no-brasileiro-sub-17\/\",\"name\":\"R\u00c1DIO MARING\u00c1 - Flamengo larga com vit\u00f3ria no Brasileiro Sub-17 - Orlando Gonzalez\",\"isPartOf\":{\"@id\":\"https:\/\/maringapost.com.br\/orlandogonzalez\/#website\"},\"primaryImageOfPage\":{\"@id\":\"https:\/\/maringapost.com.br\/orlandogonzalez\/2021\/05\/11\/radio-maringa-flamengo-larga-com-vitoria-no-brasileiro-sub-17\/#primaryimage\"},\"image\":{\"@id\":\"https:\/\/maringapost.com.br\/orlandogonzalez\/2021\/05\/11\/radio-maringa-flamengo-larga-com-vitoria-no-brasileiro-sub-17\/#primaryimage\"},\"thumbnailUrl\":\"https:\/\/maringapost.com.br\/orlandogonzalez\/wp-content\/uploads\/sites\/17\/2021\/05\/Fla17.jpeg\",\"datePublished\":\"2021-05-11T10:43:29+00:00\",\"dateModified\":\"2021-05-11T10:43:42+00:00\",\"author\":{\"@id\":\"https:\/\/maringapost.com.br\/orlandogonzalez\/#\/schema\/person\/5cbe6257d08edea6afc9ebaa613b0633\"},\"inLanguage\":\"pt-BR\",\"potentialAction\":[{\"@type\":\"ReadAction\",\"target\":[\"https:\/\/maringapost.com.br\/orlandogonzalez\/2021\/05\/11\/radio-maringa-flamengo-larga-com-vitoria-no-brasileiro-sub-17\/\"]}]},{\"@type\":\"ImageObject\",\"inLanguage\":\"pt-BR\",\"@id\":\"https:\/\/maringapost.com.br\/orlandogonzalez\/2021\/05\/11\/radio-maringa-flamengo-larga-com-vitoria-no-brasileiro-sub-17\/#primaryimage\",\"url\":\"https:\/\/maringapost.com.br\/orlandogonzalez\/wp-content\/uploads\/sites\/17\/2021\/05\/Fla17.jpeg\",\"contentUrl\":\"https:\/\/maringapost.com.br\/orlandogonzalez\/wp-content\/uploads\/sites\/17\/2021\/05\/Fla17.jpeg\",\"width\":910,\"height\":455},{\"@type\":\"WebSite\",\"@id\":\"https:\/\/maringapost.com.br\/orlandogonzalez\/#website\",\"url\":\"https:\/\/maringapost.com.br\/orlandogonzalez\/\",\"name\":\"Orlando Gonzalez\",\"description\":\"Destaca o esporte de Maring\u00e1! Destaca o esporte do Paran\u00e1! Destaca o esporte do Brasil!\",\"potentialAction\":[{\"@type\":\"SearchAction\",\"target\":{\"@type\":\"EntryPoint\",\"urlTemplate\":\"https:\/\/maringapost.com.br\/orlandogonzalez\/?s={search_term_string}\"},\"query-input\":\"required name=search_term_string\"}],\"inLanguage\":\"pt-BR\"},{\"@type\":\"Person\",\"@id\":\"https:\/\/maringapost.com.br\/orlandogonzalez\/#\/schema\/person\/5cbe6257d08edea6afc9ebaa613b0633\",\"name\":\"Orlando Gonzalez\",\"image\":{\"@type\":\"ImageObject\",\"inLanguage\":\"pt-BR\",\"@id\":\"https:\/\/maringapost.com.br\/orlandogonzalez\/#\/schema\/person\/image\/\",\"url\":\"https:\/\/secure.gravatar.com\/avatar\/ecef9d1c9afe5ebdafadde8369065ba5?s=96&d=mm&r=g\",\"contentUrl\":\"https:\/\/secure.gravatar.com\/avatar\/ecef9d1c9afe5ebdafadde8369065ba5?s=96&d=mm&r=g\",\"caption\":\"Orlando Gonzalez\"},\"description\":\"H\u00e1 29 anos na cobertura do esporte de Maring\u00e1. Plant\u00e3o e narrador esportivo. Presta\u00e7\u00e3o de assessoria de imprensa esportiva, cobertura e transmiss\u00f5es ao vivo de eventos esportivos. E-mail: orlandogonzalez.assessoria@gmail.com WhatsApp: (44) 9 9126-6119\",\"sameAs\":[\"http:\/\/www.radiomaringa.com.br\/\",\"https:\/\/www.facebook.com\/profile.php?id=100011095815065\",\"https:\/\/www.instagram.com\/orlandomgonzalez\/\",\"https:\/\/br.pinterest.com\/ogonzalez0530\/\",\"https:\/\/x.com\/gonzalezorlando\",\"https:\/\/www.youtube.com\/channel\/UCvFpl55btth8wjnKiSS1ibA\",\"https:\/\/radiomaringaweb.tumblr.com\/\"],\"url\":\"https:\/\/maringapost.com.br\/orlandogonzalez\/author\/orlando\/\"}]}<\/script>\n<!-- \/ Yoast SEO Premium plugin. -->","yoast_head_json":{"title":"R\u00c1DIO MARING\u00c1 - Flamengo larga com vit\u00f3ria no Brasileiro Sub-17 - Orlando Gonzalez","robots":{"index":"index","follow":"follow","max-snippet":"max-snippet:-1","max-image-preview":"max-image-preview:large","max-video-preview":"max-video-preview:-1"},"canonical":"https:\/\/maringapost.com.br\/orlandogonzalez\/2021\/05\/11\/radio-maringa-flamengo-larga-com-vitoria-no-brasileiro-sub-17\/","og_locale":"pt_BR","og_type":"article","og_title":"R\u00c1DIO MARING\u00c1 - Flamengo larga com vit\u00f3ria no Brasileiro Sub-17","og_description":"A primeira rodada do\u00a0Campeonato Brasileiro Sub-17\u00a0ficou completa na noite de segunda-feira (10), com a estreia de\u00a0Palmeiras\u00a0e\u00a0Flamengo\u00a0na edi\u00e7\u00e3o de 2021. No Allianz Parque, as equipes fizeram uma partida movimentada, com o time carioca vencendo por 2 a 1. Ap\u00f3s os primeiros tr\u00eas pontos na competi\u00e7\u00e3o de base, o pr\u00f3ximo compromisso do Rubro-Negro ser\u00e1 contra o Cear\u00e1, [&hellip;]","og_url":"https:\/\/maringapost.com.br\/orlandogonzalez\/2021\/05\/11\/radio-maringa-flamengo-larga-com-vitoria-no-brasileiro-sub-17\/","og_site_name":"Orlando Gonzalez","article_author":"https:\/\/www.facebook.com\/profile.php?id=100011095815065","article_published_time":"2021-05-11T10:43:29+00:00","article_modified_time":"2021-05-11T10:43:42+00:00","og_image":[{"width":910,"height":455,"url":"https:\/\/maringapost.com.br\/orlandogonzalez\/wp-content\/uploads\/sites\/17\/2021\/05\/Fla17.jpeg","type":"image\/jpeg"}],"author":"Orlando Gonzalez","twitter_card":"summary_large_image","twitter_creator":"@gonzalezorlando","twitter_misc":{"Escrito por":false,"Est. tempo de leitura":"3 minutos"},"schema":{"@context":"https:\/\/schema.org","@graph":[{"@type":"WebPage","@id":"https:\/\/maringapost.com.br\/orlandogonzalez\/2021\/05\/11\/radio-maringa-flamengo-larga-com-vitoria-no-brasileiro-sub-17\/","url":"https:\/\/maringapost.com.br\/orlandogonzalez\/2021\/05\/11\/radio-maringa-flamengo-larga-com-vitoria-no-brasileiro-sub-17\/","name":"R\u00c1DIO MARING\u00c1 - Flamengo larga com vit\u00f3ria no Brasileiro Sub-17 - Orlando Gonzalez","isPartOf":{"@id":"https:\/\/maringapost.com.br\/orlandogonzalez\/#website"},"primaryImageOfPage":{"@id":"https:\/\/maringapost.com.br\/orlandogonzalez\/2021\/05\/11\/radio-maringa-flamengo-larga-com-vitoria-no-brasileiro-sub-17\/#primaryimage"},"image":{"@id":"https:\/\/maringapost.com.br\/orlandogonzalez\/2021\/05\/11\/radio-maringa-flamengo-larga-com-vitoria-no-brasileiro-sub-17\/#primaryimage"},"thumbnailUrl":"https:\/\/maringapost.com.br\/orlandogonzalez\/wp-content\/uploads\/sites\/17\/2021\/05\/Fla17.jpeg","datePublished":"2021-05-11T10:43:29+00:00","dateModified":"2021-05-11T10:43:42+00:00","author":{"@id":"https:\/\/maringapost.com.br\/orlandogonzalez\/#\/schema\/person\/5cbe6257d08edea6afc9ebaa613b0633"},"inLanguage":"pt-BR","potentialAction":[{"@type":"ReadAction","target":["https:\/\/maringapost.com.br\/orlandogonzalez\/2021\/05\/11\/radio-maringa-flamengo-larga-com-vitoria-no-brasileiro-sub-17\/"]}]},{"@type":"ImageObject","inLanguage":"pt-BR","@id":"https:\/\/maringapost.com.br\/orlandogonzalez\/2021\/05\/11\/radio-maringa-flamengo-larga-com-vitoria-no-brasileiro-sub-17\/#primaryimage","url":"https:\/\/maringapost.com.br\/orlandogonzalez\/wp-content\/uploads\/sites\/17\/2021\/05\/Fla17.jpeg","contentUrl":"https:\/\/maringapost.com.br\/orlandogonzalez\/wp-content\/uploads\/sites\/17\/2021\/05\/Fla17.jpeg","width":910,"height":455},{"@type":"WebSite","@id":"https:\/\/maringapost.com.br\/orlandogonzalez\/#website","url":"https:\/\/maringapost.com.br\/orlandogonzalez\/","name":"Orlando Gonzalez","description":"Destaca o esporte de Maring\u00e1! Destaca o esporte do Paran\u00e1! Destaca o esporte do Brasil!","potentialAction":[{"@type":"SearchAction","target":{"@type":"EntryPoint","urlTemplate":"https:\/\/maringapost.com.br\/orlandogonzalez\/?s={search_term_string}"},"query-input":"required name=search_term_string"}],"inLanguage":"pt-BR"},{"@type":"Person","@id":"https:\/\/maringapost.com.br\/orlandogonzalez\/#\/schema\/person\/5cbe6257d08edea6afc9ebaa613b0633","name":"Orlando Gonzalez","image":{"@type":"ImageObject","inLanguage":"pt-BR","@id":"https:\/\/maringapost.com.br\/orlandogonzalez\/#\/schema\/person\/image\/","url":"https:\/\/secure.gravatar.com\/avatar\/ecef9d1c9afe5ebdafadde8369065ba5?s=96&d=mm&r=g","contentUrl":"https:\/\/secure.gravatar.com\/avatar\/ecef9d1c9afe5ebdafadde8369065ba5?s=96&d=mm&r=g","caption":"Orlando Gonzalez"},"description":"H\u00e1 29 anos na cobertura do esporte de Maring\u00e1. Plant\u00e3o e narrador esportivo. Presta\u00e7\u00e3o de assessoria de imprensa esportiva, cobertura e transmiss\u00f5es ao vivo de eventos esportivos. E-mail: orlandogonzalez.assessoria@gmail.com WhatsApp: (44) 9 9126-6119","sameAs":["http:\/\/www.radiomaringa.com.br\/","https:\/\/www.facebook.com\/profile.php?id=100011095815065","https:\/\/www.instagram.com\/orlandomgonzalez\/","https:\/\/br.pinterest.com\/ogonzalez0530\/","https:\/\/x.com\/gonzalezorlando","https:\/\/www.youtube.com\/channel\/UCvFpl55btth8wjnKiSS1ibA","https:\/\/radiomaringaweb.tumblr.com\/"],"url":"https:\/\/maringapost.com.br\/orlandogonzalez\/author\/orlando\/"}]}},"_links":{"self":[{"href":"https:\/\/maringapost.com.br\/orlandogonzalez\/wp-json\/wp\/v2\/posts\/46682"}],"collection":[{"href":"https:\/\/maringapost.com.br\/orlandogonzalez\/wp-json\/wp\/v2\/posts"}],"about":[{"href":"https:\/\/maringapost.com.br\/orlandogonzalez\/wp-json\/wp\/v2\/types\/post"}],"author":[{"embeddable":true,"href":"https:\/\/maringapost.com.br\/orlandogonzalez\/wp-json\/wp\/v2\/users\/6307"}],"replies":[{"embeddable":true,"href":"https:\/\/maringapost.com.br\/orlandogonzalez\/wp-json\/wp\/v2\/comments?post=46682"}],"version-history":[{"count":2,"href":"https:\/\/maringapost.com.br\/orlandogonzalez\/wp-json\/wp\/v2\/posts\/46682\/revisions"}],"predecessor-version":[{"id":46685,"href":"https:\/\/maringapost.com.br\/orlandogonzalez\/wp-json\/wp\/v2\/posts\/46682\/revisions\/46685"}],"wp:featuredmedia":[{"embeddable":true,"href":"https:\/\/maringapost.com.br\/orlandogonzalez\/wp-json\/wp\/v2\/media\/46683"}],"wp:attachment":[{"href":"https:\/\/maringapost.com.br\/orlandogonzalez\/wp-json\/wp\/v2\/media?parent=46682"}],"wp:term":[{"taxonomy":"category","embeddable":true,"href":"https:\/\/maringapost.com.br\/orlandogonzalez\/wp-json\/wp\/v2\/categories?post=46682"},{"taxonomy":"post_tag","embeddable":true,"href":"https:\/\/maringapost.com.br\/orlandogonzalez\/wp-json\/wp\/v2\/tags?post=46682"}],"curies":[{"name":"wp","href":"https:\/\/api.w.org\/{rel}","templated":true}]}}