{"id":46418,"date":"2021-04-21T15:00:49","date_gmt":"2021-04-21T18:00:49","guid":{"rendered":"http:\/\/maringapost.com.br\/orlandogonzalez\/?p=46418"},"modified":"2021-04-21T15:01:02","modified_gmt":"2021-04-21T18:01:02","slug":"radio-maringa-equipe-nissan-e-dams-segue-para-valencia-para-rodada-dupla-da-formula-e-na-europa","status":"publish","type":"post","link":"https:\/\/maringapost.com.br\/orlandogonzalez\/2021\/04\/21\/radio-maringa-equipe-nissan-e-dams-segue-para-valencia-para-rodada-dupla-da-formula-e-na-europa\/","title":{"rendered":"R\u00c1DIO MARING\u00c1 &#8211; Equipe Nissan e.dams segue para Val\u00eancia para rodada dupla da F\u00f3rmula E na Europa"},"content":{"rendered":"<p style=\"margin: 0px 0px 10px;color: #333333;font-family: NissanPro, Helvetica, Arial, sans-serif\"><span style=\"font-size: 24px\">A equipe Nissan e.dams vai correr pela primeira vez no Circuito Ricardo Tormo em Val\u00eancia, na Espanha. As etapas cinco e seis da s\u00e9tima temporada do Campeonato Mundial ABB FIA de F\u00f3rmula E acontecem neste fim de semana, 24 e 25 de abril, em rodadas duplas pela segunda vez na Europa<a href=\"https:\/\/www.orlandogonzalez.com.br\/\" target=\"_blank\" rel=\"noopener\">.<\/a><\/span><\/p>\n<p style=\"margin: 0px 0px 10px;color: #333333;font-family: NissanPro, Helvetica, Arial, sans-serif\"><span style=\"font-size: 24px\">O Circuito Ricardo Tormo tem sediado os testes pr\u00e9-temporada desde a quarta temporada (2017\u201318) do campeonato, mas neste fim de semana, famoso aut\u00f3dromo espanhol ser\u00e1 palco das corridas da F\u00f3rmula E pela primeira vez. O tra\u00e7ado do circuito localizado na cidade de Cheste, nos arredores de Val\u00eancia, tem v\u00e1rios tipos de curvas e retas r\u00e1pidas, constituindo um novo e emocionante desafio a ser enfrentado pelos pilotos da equipe Nissan e.dams<a href=\"\/\/radiomaringa.com.br\/\" target=\"_blank\" rel=\"noopener\">.<\/a><\/span><\/p>\n<p style=\"margin: 0px 0px 10px;color: #333333;font-family: NissanPro, Helvetica, Arial, sans-serif\"><span style=\"font-size: 24px\">Na \u00faltima rodada, em Roma, a equipe enfrentou um de seus fins de semana de corrida mais intensos. As variadas condi\u00e7\u00f5es meteorol\u00f3gicas, que inclu\u00edram per\u00edodos secos e de chuva, afetaram o circuito estreito, r\u00e1pido e sinuoso do E-Prix da capital da It\u00e1lia durante os dois dias de corrida, proporcionando muitas emo\u00e7\u00f5es para os f\u00e3s da F\u00f3rmula E.<\/span><\/p>\n<p style=\"margin: 0px 0px 10px;color: #333333;font-family: NissanPro, Helvetica, Arial, sans-serif\"><span style=\"font-size: 24px\">O piloto da equipe Nissan e.dams S\u00e9bastien Buemi brigou muito nas duas corridas, marcando 11 do total de 12 pontos acumulados pela equipe. Seu companheiro de equipe Oliver Rowland levou um ponto pra casa por ter sido o mais r\u00e1pido no resultado geral das qualifica\u00e7\u00f5es por grupos, tendo liderado a corrida no in\u00edcio da terceira rodada.<\/span><\/p>\n<p style=\"margin: 0px 0px 10px;color: #333333;font-family: NissanPro, Helvetica, Arial, sans-serif\"><span style=\"font-size: 24px\">A Nissan est\u00e1 competindo neste campeonato mundial para levar a emo\u00e7\u00e3o e a divers\u00e3o dos ve\u00edculos el\u00e9tricos de zero emiss\u00e3o a uma plateia global. Como parte da sua meta de atingir a neutralidade de carbono em todas as suas opera\u00e7\u00f5es e no ciclo de vida de seus produtos at\u00e9 2050, a Nissan pretende eletrificar todos os novos ve\u00edculos lan\u00e7ados em mercados-chave at\u00e9 o in\u00edcio dos anos 2030. A Nissan tem o objetivo de empregar sua expertise na transfer\u00eancia de\u00a0<em>know-how<\/em>\u00a0e tecnologia entre as pistas e as ruas, para oferecer ve\u00edculos el\u00e9tricos ainda melhores aos seus clientes.<\/span><\/p>\n<p style=\"margin: 0px 0px 10px;color: #333333;font-family: NissanPro, Helvetica, Arial, sans-serif\"><span style=\"font-size: 24px\"><em>&#8220;Roma foi uma rodada dif\u00edcil para n\u00f3s, mas a equipe mostrou um grande esp\u00edrito de luta durante todo o fim de semana, em condi\u00e7\u00f5es trai\u00e7oeiras&#8221;<\/em>, disse Tommaso Volpe, diretor mundial de esportes a motor na Nissan. &#8220;<em>Levamos para casa 12 pontos, o que n\u00e3o era exatamente o que poder\u00edamos desejar para uma equipe que conta com o nosso sucesso e performance na F\u00f3rmula E. Dito isso, cada corrida \u00e9 uma oportunidade importante para aprender mais sobre o desenvolvimento de ve\u00edculos el\u00e9tricos, pois estamos concentrados em nossa meta de transferir tecnologia das pistas para as ruas&#8221;<\/em>.<\/span><\/p>\n<p style=\"margin: 0px 0px 10px;color: #333333;font-family: NissanPro, Helvetica, Arial, sans-serif\"><span style=\"font-size: 24px\">Em mar\u00e7o, a Nissan anunciou seu compromisso de longo prazo para dar vida \u00e0 sua estrat\u00e9gia de eletrifica\u00e7\u00e3o na F\u00f3rmula E, ampliando sua participa\u00e7\u00e3o com os carros de gera\u00e7\u00e3o 3 (Gen3) at\u00e9 a d\u00e9cima segunda temporada (2025-2026). A Nissan ingressou na categoria na quinta temporada como a \u00fanica montadora de autom\u00f3veis japonesa.<\/span><\/p>\n<p style=\"margin: 0px 0px 10px;color: #333333;font-family: NissanPro, Helvetica, Arial, sans-serif\"><span style=\"font-size: 24px\"><em>&#8220;Esperamos que as pr\u00f3ximas corridas em Val\u00eancia aconte\u00e7am em condi\u00e7\u00f5es de clima seco durante todo o fim de semana&#8221;<\/em>, disse Gregory Driot, codiretor da equipe Nissan e.dams.\u00a0<em>&#8220;Com o tempo firme poderemos executar nossa estrat\u00e9gia de corrida de forma mais efetiva e mostrar a velocidade e a competitividade que sabemos que tanto nossos pilotos como nossos carros de corrida t\u00eam. Mas se houver novamente desafios como vimos em Roma, a equipe vai enfrent\u00e1-los de cabe\u00e7a erguida. Certamente n\u00e3o existe monotonia na F\u00f3rmula E&#8221;!<\/em><\/span><\/p>\n<p style=\"margin: 0px 0px 10px;color: #333333;font-family: NissanPro, Helvetica, Arial, sans-serif\"><span style=\"font-weight: bold;font-size: 24px\">Coment\u00e1rios dos pilotos<\/span><\/p>\n<p style=\"margin: 0px 0px 10px;color: #333333;font-family: NissanPro, Helvetica, Arial, sans-serif\"><span style=\"font-weight: bold;font-size: 24px\">S\u00e9bastien Buemi<\/span><\/p>\n<p style=\"margin: 0px 0px 10px;color: #333333;font-family: NissanPro, Helvetica, Arial, sans-serif\"><span style=\"font-size: 24px\"><em>&#8220;Tivemos corridas dif\u00edceis em Roma, mas levamos alguns pontos para casa e \u00e9 muito importante continuar tentando e fazendo isso a cada corrida. Nosso ritmo na It\u00e1lia n\u00e3o estava no n\u00edvel quer\u00edamos, mas agora tivemos algum tempo para trabalhar nosso carro na f\u00e1brica e aplicaremos nossos novos aprendizados e dados neste fim de semana. Fazemos os testes em Val\u00eancia todos os anos e tamb\u00e9m fizemos recentemente, por isso sabemos como correr l\u00e1. N\u00e3o vejo a hora de melhorar a performance que tivemos em Roma&#8221;.<\/em><\/span><\/p>\n<p style=\"margin: 0px 0px 10px;color: #333333;font-family: NissanPro, Helvetica, Arial, sans-serif\"><span style=\"font-weight: bold;font-size: 24px\">Oliver Rowland<\/span><\/p>\n<p style=\"margin: 0px 0px 10px;color: #333333;font-family: NissanPro, Helvetica, Arial, sans-serif\"><span style=\"font-size: 24px\"><em>&#8220;Roma foi emocionante, sem d\u00favida alguma. Apesar de n\u00e3o ter pontuado na corrida, fui\u00a0<\/em>mais r\u00e1pido do que qualquer um nas qualifica\u00e7\u00f5es por grupos e este ponto acumulado por velocidade no campeonato me deixa confiante de que podemos melhorar como equipe em Val\u00eancia. Como pilotos competitivos, sempre queremos mais&#8221;.<\/span><\/p>\n<p style=\"margin: 0px 0px 10px;color: #333333;font-family: NissanPro, Helvetica, Arial, sans-serif\"><span style=\"font-weight: bold;font-size: 24px\">Acompanhe as corridas<\/span><\/p>\n<p style=\"margin: 0px 0px 10px;color: #333333;font-family: NissanPro, Helvetica, Arial, sans-serif\"><span style=\"font-size: 24px\"><a style=\"background-color: transparent;color: #000000\" href=\"https:\/\/www.fiaformulae.com\/en\/watch\/ways-to-watch\" target=\"_blank\" rel=\"noopener noreferrer\"><u>https:\/\/www.fiaformulae.com\/en\/watch\/ways-to-watch<\/u><\/a><\/span><\/p>\n<p style=\"margin: 0px 0px 10px;color: #333333;font-family: NissanPro, Helvetica, Arial, sans-serif\"><span style=\"font-weight: bold;font-size: 24px\">TV ao Vivo (novidade no Brasil para esta temporada)<\/span><\/p>\n<p style=\"margin: 0px 0px 10px;color: #333333;font-family: NissanPro, Helvetica, Arial, sans-serif\"><span style=\"font-size: 24px\">TV Cultura<\/span><br \/><span style=\"font-size: 24px\">SporTV (Globo)<\/span><\/p>\n<p style=\"margin: 0px 0px 10px;color: #333333;font-family: NissanPro, Helvetica, Arial, sans-serif\"><span style=\"font-weight: bold;font-size: 24px\">S\u00c1BADO -24\/04\/2021<\/span><br \/><span style=\"font-size: 24px\">5h45 (hor\u00e1rio de Bras\u00edlia) \u2013 Classifica\u00e7\u00e3o<\/span><br \/><span style=\"font-size: 24px\">09h30 (hor\u00e1rio de Bras\u00edlia) \u2013 Corrida<\/span><\/p>\n<p style=\"margin: 0px 0px 10px;color: #333333;font-family: NissanPro, Helvetica, Arial, sans-serif\"><span style=\"font-weight: bold;font-size: 24px\">DOMINGO \u2013 25\/04\/2021<\/span><br \/><span style=\"font-size: 24px\">4h45 (hor\u00e1rio de Bras\u00edlia) \u2013 Classifica\u00e7\u00e3o<\/span><br \/><span style=\"font-size: 24px\">8h30 (hor\u00e1rio de Bras\u00edlia) \u2013\u00a0 Corrida\u00a0<\/span><\/p>\n<p style=\"margin: 0px 0px 10px;color: #333333;font-family: NissanPro, Helvetica, Arial, sans-serif\"><span style=\"font-size: 24px\">(Assessoria)<\/span><\/p>\n","protected":false},"excerpt":{"rendered":"<p>A equipe Nissan e.dams vai correr pela primeira vez no Circuito Ricardo Tormo em Val\u00eancia, na Espanha. As etapas cinco e seis da s\u00e9tima temporada do Campeonato Mundial ABB FIA de F\u00f3rmula E acontecem neste fim de semana, 24 e 25 de abril, em rodadas duplas pela segunda vez na Europa. O Circuito Ricardo Tormo [&hellip;]<\/p>\n","protected":false},"author":6307,"featured_media":46419,"comment_status":"closed","ping_status":"open","sticky":false,"template":"","format":"standard","meta":{"_exactmetrics_skip_tracking":false,"_exactmetrics_sitenote_active":false,"_exactmetrics_sitenote_note":"","_exactmetrics_sitenote_category":0,"footnotes":""},"categories":[1267],"tags":[14306,4619,47],"yoast_head":"<!-- This site is optimized with the Yoast SEO Premium plugin v22.7 (Yoast SEO v22.7) - https:\/\/yoast.com\/wordpress\/plugins\/seo\/ -->\n<title>R\u00c1DIO MARING\u00c1 - Equipe Nissan e.dams segue para Val\u00eancia para rodada dupla da F\u00f3rmula E na Europa - Orlando Gonzalez<\/title>\n<meta name=\"robots\" content=\"index, follow, max-snippet:-1, max-image-preview:large, max-video-preview:-1\" \/>\n<link rel=\"canonical\" href=\"https:\/\/maringapost.com.br\/orlandogonzalez\/2021\/04\/21\/radio-maringa-equipe-nissan-e-dams-segue-para-valencia-para-rodada-dupla-da-formula-e-na-europa\/\" \/>\n<meta property=\"og:locale\" content=\"pt_BR\" \/>\n<meta property=\"og:type\" content=\"article\" \/>\n<meta property=\"og:title\" content=\"R\u00c1DIO MARING\u00c1 - Equipe Nissan e.dams segue para Val\u00eancia para rodada dupla da F\u00f3rmula E na Europa\" \/>\n<meta property=\"og:description\" content=\"A equipe Nissan e.dams vai correr pela primeira vez no Circuito Ricardo Tormo em Val\u00eancia, na Espanha. As etapas cinco e seis da s\u00e9tima temporada do Campeonato Mundial ABB FIA de F\u00f3rmula E acontecem neste fim de semana, 24 e 25 de abril, em rodadas duplas pela segunda vez na Europa. O Circuito Ricardo Tormo [&hellip;]\" \/>\n<meta property=\"og:url\" content=\"https:\/\/maringapost.com.br\/orlandogonzalez\/2021\/04\/21\/radio-maringa-equipe-nissan-e-dams-segue-para-valencia-para-rodada-dupla-da-formula-e-na-europa\/\" \/>\n<meta property=\"og:site_name\" content=\"Orlando Gonzalez\" \/>\n<meta property=\"article:author\" content=\"https:\/\/www.facebook.com\/profile.php?id=100011095815065\" \/>\n<meta property=\"article:published_time\" content=\"2021-04-21T18:00:49+00:00\" \/>\n<meta property=\"article:modified_time\" content=\"2021-04-21T18:01:02+00:00\" \/>\n<meta property=\"og:image\" content=\"https:\/\/maringapost.com.br\/orlandogonzalez\/wp-content\/uploads\/sites\/17\/2021\/04\/carro4.jpg\" \/>\n\t<meta property=\"og:image:width\" content=\"928\" \/>\n\t<meta property=\"og:image:height\" content=\"619\" \/>\n\t<meta property=\"og:image:type\" content=\"image\/jpeg\" \/>\n<meta name=\"author\" content=\"Orlando Gonzalez\" \/>\n<meta name=\"twitter:card\" content=\"summary_large_image\" \/>\n<meta name=\"twitter:creator\" content=\"@gonzalezorlando\" \/>\n<meta name=\"twitter:label1\" content=\"Escrito por\" \/>\n\t<meta name=\"twitter:data1\" content=\"\" \/>\n\t<meta name=\"twitter:label2\" content=\"Est. tempo de leitura\" \/>\n\t<meta name=\"twitter:data2\" content=\"4 minutos\" \/>\n<script type=\"application\/ld+json\" class=\"yoast-schema-graph\">{\"@context\":\"https:\/\/schema.org\",\"@graph\":[{\"@type\":\"WebPage\",\"@id\":\"https:\/\/maringapost.com.br\/orlandogonzalez\/2021\/04\/21\/radio-maringa-equipe-nissan-e-dams-segue-para-valencia-para-rodada-dupla-da-formula-e-na-europa\/\",\"url\":\"https:\/\/maringapost.com.br\/orlandogonzalez\/2021\/04\/21\/radio-maringa-equipe-nissan-e-dams-segue-para-valencia-para-rodada-dupla-da-formula-e-na-europa\/\",\"name\":\"R\u00c1DIO MARING\u00c1 - Equipe Nissan e.dams segue para Val\u00eancia para rodada dupla da F\u00f3rmula E na Europa - Orlando Gonzalez\",\"isPartOf\":{\"@id\":\"https:\/\/maringapost.com.br\/orlandogonzalez\/#website\"},\"primaryImageOfPage\":{\"@id\":\"https:\/\/maringapost.com.br\/orlandogonzalez\/2021\/04\/21\/radio-maringa-equipe-nissan-e-dams-segue-para-valencia-para-rodada-dupla-da-formula-e-na-europa\/#primaryimage\"},\"image\":{\"@id\":\"https:\/\/maringapost.com.br\/orlandogonzalez\/2021\/04\/21\/radio-maringa-equipe-nissan-e-dams-segue-para-valencia-para-rodada-dupla-da-formula-e-na-europa\/#primaryimage\"},\"thumbnailUrl\":\"https:\/\/maringapost.com.br\/orlandogonzalez\/wp-content\/uploads\/sites\/17\/2021\/04\/carro4.jpg\",\"datePublished\":\"2021-04-21T18:00:49+00:00\",\"dateModified\":\"2021-04-21T18:01:02+00:00\",\"author\":{\"@id\":\"https:\/\/maringapost.com.br\/orlandogonzalez\/#\/schema\/person\/5cbe6257d08edea6afc9ebaa613b0633\"},\"inLanguage\":\"pt-BR\",\"potentialAction\":[{\"@type\":\"ReadAction\",\"target\":[\"https:\/\/maringapost.com.br\/orlandogonzalez\/2021\/04\/21\/radio-maringa-equipe-nissan-e-dams-segue-para-valencia-para-rodada-dupla-da-formula-e-na-europa\/\"]}]},{\"@type\":\"ImageObject\",\"inLanguage\":\"pt-BR\",\"@id\":\"https:\/\/maringapost.com.br\/orlandogonzalez\/2021\/04\/21\/radio-maringa-equipe-nissan-e-dams-segue-para-valencia-para-rodada-dupla-da-formula-e-na-europa\/#primaryimage\",\"url\":\"https:\/\/maringapost.com.br\/orlandogonzalez\/wp-content\/uploads\/sites\/17\/2021\/04\/carro4.jpg\",\"contentUrl\":\"https:\/\/maringapost.com.br\/orlandogonzalez\/wp-content\/uploads\/sites\/17\/2021\/04\/carro4.jpg\",\"width\":928,\"height\":619},{\"@type\":\"WebSite\",\"@id\":\"https:\/\/maringapost.com.br\/orlandogonzalez\/#website\",\"url\":\"https:\/\/maringapost.com.br\/orlandogonzalez\/\",\"name\":\"Orlando Gonzalez\",\"description\":\"Destaca o esporte de Maring\u00e1! Destaca o esporte do Paran\u00e1! Destaca o esporte do Brasil!\",\"potentialAction\":[{\"@type\":\"SearchAction\",\"target\":{\"@type\":\"EntryPoint\",\"urlTemplate\":\"https:\/\/maringapost.com.br\/orlandogonzalez\/?s={search_term_string}\"},\"query-input\":\"required name=search_term_string\"}],\"inLanguage\":\"pt-BR\"},{\"@type\":\"Person\",\"@id\":\"https:\/\/maringapost.com.br\/orlandogonzalez\/#\/schema\/person\/5cbe6257d08edea6afc9ebaa613b0633\",\"name\":\"Orlando Gonzalez\",\"image\":{\"@type\":\"ImageObject\",\"inLanguage\":\"pt-BR\",\"@id\":\"https:\/\/maringapost.com.br\/orlandogonzalez\/#\/schema\/person\/image\/\",\"url\":\"https:\/\/secure.gravatar.com\/avatar\/ecef9d1c9afe5ebdafadde8369065ba5?s=96&d=mm&r=g\",\"contentUrl\":\"https:\/\/secure.gravatar.com\/avatar\/ecef9d1c9afe5ebdafadde8369065ba5?s=96&d=mm&r=g\",\"caption\":\"Orlando Gonzalez\"},\"description\":\"H\u00e1 29 anos na cobertura do esporte de Maring\u00e1. Plant\u00e3o e narrador esportivo. Presta\u00e7\u00e3o de assessoria de imprensa esportiva, cobertura e transmiss\u00f5es ao vivo de eventos esportivos. E-mail: orlandogonzalez.assessoria@gmail.com WhatsApp: (44) 9 9126-6119\",\"sameAs\":[\"http:\/\/www.radiomaringa.com.br\/\",\"https:\/\/www.facebook.com\/profile.php?id=100011095815065\",\"https:\/\/www.instagram.com\/orlandomgonzalez\/\",\"https:\/\/br.pinterest.com\/ogonzalez0530\/\",\"https:\/\/x.com\/gonzalezorlando\",\"https:\/\/www.youtube.com\/channel\/UCvFpl55btth8wjnKiSS1ibA\",\"https:\/\/radiomaringaweb.tumblr.com\/\"],\"url\":\"https:\/\/maringapost.com.br\/orlandogonzalez\/author\/orlando\/\"}]}<\/script>\n<!-- \/ Yoast SEO Premium plugin. -->","yoast_head_json":{"title":"R\u00c1DIO MARING\u00c1 - Equipe Nissan e.dams segue para Val\u00eancia para rodada dupla da F\u00f3rmula E na Europa - Orlando Gonzalez","robots":{"index":"index","follow":"follow","max-snippet":"max-snippet:-1","max-image-preview":"max-image-preview:large","max-video-preview":"max-video-preview:-1"},"canonical":"https:\/\/maringapost.com.br\/orlandogonzalez\/2021\/04\/21\/radio-maringa-equipe-nissan-e-dams-segue-para-valencia-para-rodada-dupla-da-formula-e-na-europa\/","og_locale":"pt_BR","og_type":"article","og_title":"R\u00c1DIO MARING\u00c1 - Equipe Nissan e.dams segue para Val\u00eancia para rodada dupla da F\u00f3rmula E na Europa","og_description":"A equipe Nissan e.dams vai correr pela primeira vez no Circuito Ricardo Tormo em Val\u00eancia, na Espanha. As etapas cinco e seis da s\u00e9tima temporada do Campeonato Mundial ABB FIA de F\u00f3rmula E acontecem neste fim de semana, 24 e 25 de abril, em rodadas duplas pela segunda vez na Europa. O Circuito Ricardo Tormo [&hellip;]","og_url":"https:\/\/maringapost.com.br\/orlandogonzalez\/2021\/04\/21\/radio-maringa-equipe-nissan-e-dams-segue-para-valencia-para-rodada-dupla-da-formula-e-na-europa\/","og_site_name":"Orlando Gonzalez","article_author":"https:\/\/www.facebook.com\/profile.php?id=100011095815065","article_published_time":"2021-04-21T18:00:49+00:00","article_modified_time":"2021-04-21T18:01:02+00:00","og_image":[{"width":928,"height":619,"url":"https:\/\/maringapost.com.br\/orlandogonzalez\/wp-content\/uploads\/sites\/17\/2021\/04\/carro4.jpg","type":"image\/jpeg"}],"author":"Orlando Gonzalez","twitter_card":"summary_large_image","twitter_creator":"@gonzalezorlando","twitter_misc":{"Escrito por":false,"Est. tempo de leitura":"4 minutos"},"schema":{"@context":"https:\/\/schema.org","@graph":[{"@type":"WebPage","@id":"https:\/\/maringapost.com.br\/orlandogonzalez\/2021\/04\/21\/radio-maringa-equipe-nissan-e-dams-segue-para-valencia-para-rodada-dupla-da-formula-e-na-europa\/","url":"https:\/\/maringapost.com.br\/orlandogonzalez\/2021\/04\/21\/radio-maringa-equipe-nissan-e-dams-segue-para-valencia-para-rodada-dupla-da-formula-e-na-europa\/","name":"R\u00c1DIO MARING\u00c1 - Equipe Nissan e.dams segue para Val\u00eancia para rodada dupla da F\u00f3rmula E na Europa - Orlando Gonzalez","isPartOf":{"@id":"https:\/\/maringapost.com.br\/orlandogonzalez\/#website"},"primaryImageOfPage":{"@id":"https:\/\/maringapost.com.br\/orlandogonzalez\/2021\/04\/21\/radio-maringa-equipe-nissan-e-dams-segue-para-valencia-para-rodada-dupla-da-formula-e-na-europa\/#primaryimage"},"image":{"@id":"https:\/\/maringapost.com.br\/orlandogonzalez\/2021\/04\/21\/radio-maringa-equipe-nissan-e-dams-segue-para-valencia-para-rodada-dupla-da-formula-e-na-europa\/#primaryimage"},"thumbnailUrl":"https:\/\/maringapost.com.br\/orlandogonzalez\/wp-content\/uploads\/sites\/17\/2021\/04\/carro4.jpg","datePublished":"2021-04-21T18:00:49+00:00","dateModified":"2021-04-21T18:01:02+00:00","author":{"@id":"https:\/\/maringapost.com.br\/orlandogonzalez\/#\/schema\/person\/5cbe6257d08edea6afc9ebaa613b0633"},"inLanguage":"pt-BR","potentialAction":[{"@type":"ReadAction","target":["https:\/\/maringapost.com.br\/orlandogonzalez\/2021\/04\/21\/radio-maringa-equipe-nissan-e-dams-segue-para-valencia-para-rodada-dupla-da-formula-e-na-europa\/"]}]},{"@type":"ImageObject","inLanguage":"pt-BR","@id":"https:\/\/maringapost.com.br\/orlandogonzalez\/2021\/04\/21\/radio-maringa-equipe-nissan-e-dams-segue-para-valencia-para-rodada-dupla-da-formula-e-na-europa\/#primaryimage","url":"https:\/\/maringapost.com.br\/orlandogonzalez\/wp-content\/uploads\/sites\/17\/2021\/04\/carro4.jpg","contentUrl":"https:\/\/maringapost.com.br\/orlandogonzalez\/wp-content\/uploads\/sites\/17\/2021\/04\/carro4.jpg","width":928,"height":619},{"@type":"WebSite","@id":"https:\/\/maringapost.com.br\/orlandogonzalez\/#website","url":"https:\/\/maringapost.com.br\/orlandogonzalez\/","name":"Orlando Gonzalez","description":"Destaca o esporte de Maring\u00e1! Destaca o esporte do Paran\u00e1! Destaca o esporte do Brasil!","potentialAction":[{"@type":"SearchAction","target":{"@type":"EntryPoint","urlTemplate":"https:\/\/maringapost.com.br\/orlandogonzalez\/?s={search_term_string}"},"query-input":"required name=search_term_string"}],"inLanguage":"pt-BR"},{"@type":"Person","@id":"https:\/\/maringapost.com.br\/orlandogonzalez\/#\/schema\/person\/5cbe6257d08edea6afc9ebaa613b0633","name":"Orlando Gonzalez","image":{"@type":"ImageObject","inLanguage":"pt-BR","@id":"https:\/\/maringapost.com.br\/orlandogonzalez\/#\/schema\/person\/image\/","url":"https:\/\/secure.gravatar.com\/avatar\/ecef9d1c9afe5ebdafadde8369065ba5?s=96&d=mm&r=g","contentUrl":"https:\/\/secure.gravatar.com\/avatar\/ecef9d1c9afe5ebdafadde8369065ba5?s=96&d=mm&r=g","caption":"Orlando Gonzalez"},"description":"H\u00e1 29 anos na cobertura do esporte de Maring\u00e1. Plant\u00e3o e narrador esportivo. Presta\u00e7\u00e3o de assessoria de imprensa esportiva, cobertura e transmiss\u00f5es ao vivo de eventos esportivos. E-mail: orlandogonzalez.assessoria@gmail.com WhatsApp: (44) 9 9126-6119","sameAs":["http:\/\/www.radiomaringa.com.br\/","https:\/\/www.facebook.com\/profile.php?id=100011095815065","https:\/\/www.instagram.com\/orlandomgonzalez\/","https:\/\/br.pinterest.com\/ogonzalez0530\/","https:\/\/x.com\/gonzalezorlando","https:\/\/www.youtube.com\/channel\/UCvFpl55btth8wjnKiSS1ibA","https:\/\/radiomaringaweb.tumblr.com\/"],"url":"https:\/\/maringapost.com.br\/orlandogonzalez\/author\/orlando\/"}]}},"_links":{"self":[{"href":"https:\/\/maringapost.com.br\/orlandogonzalez\/wp-json\/wp\/v2\/posts\/46418"}],"collection":[{"href":"https:\/\/maringapost.com.br\/orlandogonzalez\/wp-json\/wp\/v2\/posts"}],"about":[{"href":"https:\/\/maringapost.com.br\/orlandogonzalez\/wp-json\/wp\/v2\/types\/post"}],"author":[{"embeddable":true,"href":"https:\/\/maringapost.com.br\/orlandogonzalez\/wp-json\/wp\/v2\/users\/6307"}],"replies":[{"embeddable":true,"href":"https:\/\/maringapost.com.br\/orlandogonzalez\/wp-json\/wp\/v2\/comments?post=46418"}],"version-history":[{"count":1,"href":"https:\/\/maringapost.com.br\/orlandogonzalez\/wp-json\/wp\/v2\/posts\/46418\/revisions"}],"predecessor-version":[{"id":46420,"href":"https:\/\/maringapost.com.br\/orlandogonzalez\/wp-json\/wp\/v2\/posts\/46418\/revisions\/46420"}],"wp:featuredmedia":[{"embeddable":true,"href":"https:\/\/maringapost.com.br\/orlandogonzalez\/wp-json\/wp\/v2\/media\/46419"}],"wp:attachment":[{"href":"https:\/\/maringapost.com.br\/orlandogonzalez\/wp-json\/wp\/v2\/media?parent=46418"}],"wp:term":[{"taxonomy":"category","embeddable":true,"href":"https:\/\/maringapost.com.br\/orlandogonzalez\/wp-json\/wp\/v2\/categories?post=46418"},{"taxonomy":"post_tag","embeddable":true,"href":"https:\/\/maringapost.com.br\/orlandogonzalez\/wp-json\/wp\/v2\/tags?post=46418"}],"curies":[{"name":"wp","href":"https:\/\/api.w.org\/{rel}","templated":true}]}}