{"id":46239,"date":"2021-04-18T10:21:02","date_gmt":"2021-04-18T13:21:02","guid":{"rendered":"http:\/\/maringapost.com.br\/orlandogonzalez\/?p=46239"},"modified":"2021-04-18T10:21:15","modified_gmt":"2021-04-18T13:21:15","slug":"radio-maringa-vasco-visita-boavista-de-olho-em-vaga-nas-semifinais-do-carioca","status":"publish","type":"post","link":"https:\/\/maringapost.com.br\/orlandogonzalez\/2021\/04\/18\/radio-maringa-vasco-visita-boavista-de-olho-em-vaga-nas-semifinais-do-carioca\/","title":{"rendered":"R\u00c1DIO MARING\u00c1 &#8211; Vasco visita Boavista de olho em vaga nas semifinais do Carioca"},"content":{"rendered":"<p>O Vasco visita neste domingo (18) o Boavista, em Saquarema (RJ), em jogo decisivo\u00a0da pen\u00faltima rodada da Ta\u00e7a Guanabara &#8211; primeiro turno do\u00a0Campeonato Carioca &#8211; que pode manter o Cruzmaltino na briga por uma vaga nas semifinais do Estadual. O duelo \u00e0s 18h30 (hor\u00e1rio de Bras\u00edlia), no Est\u00e1dio Elcyr Resende, no distrito de Bacax\u00e1, ser\u00e1 transmitido ao vivo pela\u00a0<a href=\"https:\/\/radios.ebc.com.br\/nacionalrioam\">R\u00e1dio Nacional.<\/a>\u00a0A cobertura esportiva come\u00e7a \u00e0s 18h, com narra\u00e7\u00e3o de Rodrigo Campos, coment\u00e1rio de Waldir Luiz, reportagem de Mauricio Costa e plant\u00e3o de not\u00edcias com Luiz Ferreira<a href=\"https:\/\/www.orlandogonzalez.com.br\/\" target=\"_blank\" rel=\"noopener\">.<\/a><img decoding=\"async\" src=\"https:\/\/agenciabrasil.ebc.com.br\/ebc.png?id=1407125&amp;o=node\" \/><img decoding=\"async\" src=\"https:\/\/agenciabrasil.ebc.com.br\/ebc.gif?id=1407125&amp;o=node\" \/><\/p>\n<p>Em sexto lugar na tabela,\u00a0com 13 pontos, o Cruzmaltino viu suas chances de classifica\u00e7\u00e3o \u00e0s\u00a0semifinais aumentarem ontem (17), ap\u00f3s o empate\u00a0do\u00a0<a href=\"https:\/\/agenciabrasil.ebc.com.br\/esportes\/noticia\/2021-04\/reservas-do-flamengo-arrancam-empate-com-portuguesa-no-carioca\">Flamengo com a Portuguesa, em 2 a 2<\/a>.\u00a0Se derrotar o Boavista nesta noite, o Vasco chega a 16 pontos, ultrapassando o Madureira, em quinto lugar, com 15, e poder\u00e1 alcan\u00e7ar o G4 na \u00faltima rodada, no pr\u00f3ximo domingo (25)<a href=\"https:\/\/radiomaringa.com.br\/\" target=\"_blank\" rel=\"noopener\">.<\/a><\/p>\n<p>O Gigante da Colina tamb\u00e9m vem embalado ap\u00f3s a vit\u00f3ria sobre o Rubro-Negro na \u00faltima quinta-feira (15) por 3 a 1. Comandado pelo t\u00e9cnico Marcelo Cabo, o Vasco\u00a0deve entrar em campo com o mesmo time que derrotou o Flamengo, com Luc\u00e3o; L\u00e9o Matos, Leandro Castan, Ernando e Zeca; Andrey, Matias Galarza,\u00a0 Morato e Marquinhos Gabriel; Gabriel Pac e German Cano.<\/p>\n<p>Rec\u00e9m-classificado para a terceira fase da Copa do Brasil, o Boavista est\u00e1 em nono lugar na tabela do Campeonato Carioca, com 10 pontos, j\u00e1 sem chances de classifica\u00e7\u00e3o. O time de Saquarema entrar\u00e1 em campo desfalcado do volante Fernando Bob, expulso no confronto sem gols contra o Madureira, na \u00faltima rodada. O t\u00e9cnico Leandr\u00e3o deve relacionar a mesma equipe, com\u00a0Klever; Caio Felipe, Gustav\u00e3o, Victor Pereira e Jean Victor; Douglas Pedroso, Ralph, Erick Flores e Marquinhos; Vitor Feij\u00e3o e Jefferson Renan.<\/p>\n<p>(Texto: Ag\u00eancia Brasil. Foto: Rafael Ribeiro\/Vasco)<\/p>\n","protected":false},"excerpt":{"rendered":"<p>O Vasco visita neste domingo (18) o Boavista, em Saquarema (RJ), em jogo decisivo\u00a0da pen\u00faltima rodada da Ta\u00e7a Guanabara &#8211; primeiro turno do\u00a0Campeonato Carioca &#8211; que pode manter o Cruzmaltino na briga por uma vaga nas semifinais do Estadual. O duelo \u00e0s 18h30 (hor\u00e1rio de Bras\u00edlia), no Est\u00e1dio Elcyr Resende, no distrito de Bacax\u00e1, ser\u00e1 [&hellip;]<\/p>\n","protected":false},"author":6307,"featured_media":46240,"comment_status":"closed","ping_status":"open","sticky":false,"template":"","format":"standard","meta":{"_exactmetrics_skip_tracking":false,"_exactmetrics_sitenote_active":false,"_exactmetrics_sitenote_note":"","_exactmetrics_sitenote_category":0,"footnotes":""},"categories":[4983],"tags":[47,14277],"yoast_head":"<!-- This site is optimized with the Yoast SEO Premium plugin v22.7 (Yoast SEO v22.7) - https:\/\/yoast.com\/wordpress\/plugins\/seo\/ -->\n<title>R\u00c1DIO MARING\u00c1 - Vasco visita Boavista de olho em vaga nas semifinais do Carioca - Orlando Gonzalez<\/title>\n<meta name=\"robots\" content=\"index, follow, max-snippet:-1, max-image-preview:large, max-video-preview:-1\" \/>\n<link rel=\"canonical\" href=\"https:\/\/maringapost.com.br\/orlandogonzalez\/2021\/04\/18\/radio-maringa-vasco-visita-boavista-de-olho-em-vaga-nas-semifinais-do-carioca\/\" \/>\n<meta property=\"og:locale\" content=\"pt_BR\" \/>\n<meta property=\"og:type\" content=\"article\" \/>\n<meta property=\"og:title\" content=\"R\u00c1DIO MARING\u00c1 - Vasco visita Boavista de olho em vaga nas semifinais do Carioca\" \/>\n<meta property=\"og:description\" content=\"O Vasco visita neste domingo (18) o Boavista, em Saquarema (RJ), em jogo decisivo\u00a0da pen\u00faltima rodada da Ta\u00e7a Guanabara &#8211; primeiro turno do\u00a0Campeonato Carioca &#8211; que pode manter o Cruzmaltino na briga por uma vaga nas semifinais do Estadual. O duelo \u00e0s 18h30 (hor\u00e1rio de Bras\u00edlia), no Est\u00e1dio Elcyr Resende, no distrito de Bacax\u00e1, ser\u00e1 [&hellip;]\" \/>\n<meta property=\"og:url\" content=\"https:\/\/maringapost.com.br\/orlandogonzalez\/2021\/04\/18\/radio-maringa-vasco-visita-boavista-de-olho-em-vaga-nas-semifinais-do-carioca\/\" \/>\n<meta property=\"og:site_name\" content=\"Orlando Gonzalez\" \/>\n<meta property=\"article:author\" content=\"https:\/\/www.facebook.com\/profile.php?id=100011095815065\" \/>\n<meta property=\"article:published_time\" content=\"2021-04-18T13:21:02+00:00\" \/>\n<meta property=\"article:modified_time\" content=\"2021-04-18T13:21:15+00:00\" \/>\n<meta property=\"og:image\" content=\"https:\/\/maringapost.com.br\/orlandogonzalez\/wp-content\/uploads\/sites\/17\/2021\/04\/vasco_jogadores.jpg\" \/>\n\t<meta property=\"og:image:width\" content=\"1170\" \/>\n\t<meta property=\"og:image:height\" content=\"700\" \/>\n\t<meta property=\"og:image:type\" content=\"image\/jpeg\" \/>\n<meta name=\"author\" content=\"Orlando Gonzalez\" \/>\n<meta name=\"twitter:card\" content=\"summary_large_image\" \/>\n<meta name=\"twitter:creator\" content=\"@gonzalezorlando\" \/>\n<meta name=\"twitter:label1\" content=\"Escrito por\" \/>\n\t<meta name=\"twitter:data1\" content=\"\" \/>\n\t<meta name=\"twitter:label2\" content=\"Est. tempo de leitura\" \/>\n\t<meta name=\"twitter:data2\" content=\"2 minutos\" \/>\n<script type=\"application\/ld+json\" class=\"yoast-schema-graph\">{\"@context\":\"https:\/\/schema.org\",\"@graph\":[{\"@type\":\"WebPage\",\"@id\":\"https:\/\/maringapost.com.br\/orlandogonzalez\/2021\/04\/18\/radio-maringa-vasco-visita-boavista-de-olho-em-vaga-nas-semifinais-do-carioca\/\",\"url\":\"https:\/\/maringapost.com.br\/orlandogonzalez\/2021\/04\/18\/radio-maringa-vasco-visita-boavista-de-olho-em-vaga-nas-semifinais-do-carioca\/\",\"name\":\"R\u00c1DIO MARING\u00c1 - Vasco visita Boavista de olho em vaga nas semifinais do Carioca - Orlando Gonzalez\",\"isPartOf\":{\"@id\":\"https:\/\/maringapost.com.br\/orlandogonzalez\/#website\"},\"primaryImageOfPage\":{\"@id\":\"https:\/\/maringapost.com.br\/orlandogonzalez\/2021\/04\/18\/radio-maringa-vasco-visita-boavista-de-olho-em-vaga-nas-semifinais-do-carioca\/#primaryimage\"},\"image\":{\"@id\":\"https:\/\/maringapost.com.br\/orlandogonzalez\/2021\/04\/18\/radio-maringa-vasco-visita-boavista-de-olho-em-vaga-nas-semifinais-do-carioca\/#primaryimage\"},\"thumbnailUrl\":\"https:\/\/maringapost.com.br\/orlandogonzalez\/wp-content\/uploads\/sites\/17\/2021\/04\/vasco_jogadores.jpg\",\"datePublished\":\"2021-04-18T13:21:02+00:00\",\"dateModified\":\"2021-04-18T13:21:15+00:00\",\"author\":{\"@id\":\"https:\/\/maringapost.com.br\/orlandogonzalez\/#\/schema\/person\/5cbe6257d08edea6afc9ebaa613b0633\"},\"inLanguage\":\"pt-BR\",\"potentialAction\":[{\"@type\":\"ReadAction\",\"target\":[\"https:\/\/maringapost.com.br\/orlandogonzalez\/2021\/04\/18\/radio-maringa-vasco-visita-boavista-de-olho-em-vaga-nas-semifinais-do-carioca\/\"]}]},{\"@type\":\"ImageObject\",\"inLanguage\":\"pt-BR\",\"@id\":\"https:\/\/maringapost.com.br\/orlandogonzalez\/2021\/04\/18\/radio-maringa-vasco-visita-boavista-de-olho-em-vaga-nas-semifinais-do-carioca\/#primaryimage\",\"url\":\"https:\/\/maringapost.com.br\/orlandogonzalez\/wp-content\/uploads\/sites\/17\/2021\/04\/vasco_jogadores.jpg\",\"contentUrl\":\"https:\/\/maringapost.com.br\/orlandogonzalez\/wp-content\/uploads\/sites\/17\/2021\/04\/vasco_jogadores.jpg\",\"width\":1170,\"height\":700},{\"@type\":\"WebSite\",\"@id\":\"https:\/\/maringapost.com.br\/orlandogonzalez\/#website\",\"url\":\"https:\/\/maringapost.com.br\/orlandogonzalez\/\",\"name\":\"Orlando Gonzalez\",\"description\":\"Destaca o esporte de Maring\u00e1! Destaca o esporte do Paran\u00e1! Destaca o esporte do Brasil!\",\"potentialAction\":[{\"@type\":\"SearchAction\",\"target\":{\"@type\":\"EntryPoint\",\"urlTemplate\":\"https:\/\/maringapost.com.br\/orlandogonzalez\/?s={search_term_string}\"},\"query-input\":\"required name=search_term_string\"}],\"inLanguage\":\"pt-BR\"},{\"@type\":\"Person\",\"@id\":\"https:\/\/maringapost.com.br\/orlandogonzalez\/#\/schema\/person\/5cbe6257d08edea6afc9ebaa613b0633\",\"name\":\"Orlando Gonzalez\",\"image\":{\"@type\":\"ImageObject\",\"inLanguage\":\"pt-BR\",\"@id\":\"https:\/\/maringapost.com.br\/orlandogonzalez\/#\/schema\/person\/image\/\",\"url\":\"https:\/\/secure.gravatar.com\/avatar\/ecef9d1c9afe5ebdafadde8369065ba5?s=96&d=mm&r=g\",\"contentUrl\":\"https:\/\/secure.gravatar.com\/avatar\/ecef9d1c9afe5ebdafadde8369065ba5?s=96&d=mm&r=g\",\"caption\":\"Orlando Gonzalez\"},\"description\":\"H\u00e1 29 anos na cobertura do esporte de Maring\u00e1. Plant\u00e3o e narrador esportivo. Presta\u00e7\u00e3o de assessoria de imprensa esportiva, cobertura e transmiss\u00f5es ao vivo de eventos esportivos. E-mail: orlandogonzalez.assessoria@gmail.com WhatsApp: (44) 9 9126-6119\",\"sameAs\":[\"http:\/\/www.radiomaringa.com.br\/\",\"https:\/\/www.facebook.com\/profile.php?id=100011095815065\",\"https:\/\/www.instagram.com\/orlandomgonzalez\/\",\"https:\/\/br.pinterest.com\/ogonzalez0530\/\",\"https:\/\/x.com\/gonzalezorlando\",\"https:\/\/www.youtube.com\/channel\/UCvFpl55btth8wjnKiSS1ibA\",\"https:\/\/radiomaringaweb.tumblr.com\/\"],\"url\":\"https:\/\/maringapost.com.br\/orlandogonzalez\/author\/orlando\/\"}]}<\/script>\n<!-- \/ Yoast SEO Premium plugin. -->","yoast_head_json":{"title":"R\u00c1DIO MARING\u00c1 - Vasco visita Boavista de olho em vaga nas semifinais do Carioca - Orlando Gonzalez","robots":{"index":"index","follow":"follow","max-snippet":"max-snippet:-1","max-image-preview":"max-image-preview:large","max-video-preview":"max-video-preview:-1"},"canonical":"https:\/\/maringapost.com.br\/orlandogonzalez\/2021\/04\/18\/radio-maringa-vasco-visita-boavista-de-olho-em-vaga-nas-semifinais-do-carioca\/","og_locale":"pt_BR","og_type":"article","og_title":"R\u00c1DIO MARING\u00c1 - Vasco visita Boavista de olho em vaga nas semifinais do Carioca","og_description":"O Vasco visita neste domingo (18) o Boavista, em Saquarema (RJ), em jogo decisivo\u00a0da pen\u00faltima rodada da Ta\u00e7a Guanabara &#8211; primeiro turno do\u00a0Campeonato Carioca &#8211; que pode manter o Cruzmaltino na briga por uma vaga nas semifinais do Estadual. O duelo \u00e0s 18h30 (hor\u00e1rio de Bras\u00edlia), no Est\u00e1dio Elcyr Resende, no distrito de Bacax\u00e1, ser\u00e1 [&hellip;]","og_url":"https:\/\/maringapost.com.br\/orlandogonzalez\/2021\/04\/18\/radio-maringa-vasco-visita-boavista-de-olho-em-vaga-nas-semifinais-do-carioca\/","og_site_name":"Orlando Gonzalez","article_author":"https:\/\/www.facebook.com\/profile.php?id=100011095815065","article_published_time":"2021-04-18T13:21:02+00:00","article_modified_time":"2021-04-18T13:21:15+00:00","og_image":[{"width":1170,"height":700,"url":"https:\/\/maringapost.com.br\/orlandogonzalez\/wp-content\/uploads\/sites\/17\/2021\/04\/vasco_jogadores.jpg","type":"image\/jpeg"}],"author":"Orlando Gonzalez","twitter_card":"summary_large_image","twitter_creator":"@gonzalezorlando","twitter_misc":{"Escrito por":false,"Est. tempo de leitura":"2 minutos"},"schema":{"@context":"https:\/\/schema.org","@graph":[{"@type":"WebPage","@id":"https:\/\/maringapost.com.br\/orlandogonzalez\/2021\/04\/18\/radio-maringa-vasco-visita-boavista-de-olho-em-vaga-nas-semifinais-do-carioca\/","url":"https:\/\/maringapost.com.br\/orlandogonzalez\/2021\/04\/18\/radio-maringa-vasco-visita-boavista-de-olho-em-vaga-nas-semifinais-do-carioca\/","name":"R\u00c1DIO MARING\u00c1 - Vasco visita Boavista de olho em vaga nas semifinais do Carioca - Orlando Gonzalez","isPartOf":{"@id":"https:\/\/maringapost.com.br\/orlandogonzalez\/#website"},"primaryImageOfPage":{"@id":"https:\/\/maringapost.com.br\/orlandogonzalez\/2021\/04\/18\/radio-maringa-vasco-visita-boavista-de-olho-em-vaga-nas-semifinais-do-carioca\/#primaryimage"},"image":{"@id":"https:\/\/maringapost.com.br\/orlandogonzalez\/2021\/04\/18\/radio-maringa-vasco-visita-boavista-de-olho-em-vaga-nas-semifinais-do-carioca\/#primaryimage"},"thumbnailUrl":"https:\/\/maringapost.com.br\/orlandogonzalez\/wp-content\/uploads\/sites\/17\/2021\/04\/vasco_jogadores.jpg","datePublished":"2021-04-18T13:21:02+00:00","dateModified":"2021-04-18T13:21:15+00:00","author":{"@id":"https:\/\/maringapost.com.br\/orlandogonzalez\/#\/schema\/person\/5cbe6257d08edea6afc9ebaa613b0633"},"inLanguage":"pt-BR","potentialAction":[{"@type":"ReadAction","target":["https:\/\/maringapost.com.br\/orlandogonzalez\/2021\/04\/18\/radio-maringa-vasco-visita-boavista-de-olho-em-vaga-nas-semifinais-do-carioca\/"]}]},{"@type":"ImageObject","inLanguage":"pt-BR","@id":"https:\/\/maringapost.com.br\/orlandogonzalez\/2021\/04\/18\/radio-maringa-vasco-visita-boavista-de-olho-em-vaga-nas-semifinais-do-carioca\/#primaryimage","url":"https:\/\/maringapost.com.br\/orlandogonzalez\/wp-content\/uploads\/sites\/17\/2021\/04\/vasco_jogadores.jpg","contentUrl":"https:\/\/maringapost.com.br\/orlandogonzalez\/wp-content\/uploads\/sites\/17\/2021\/04\/vasco_jogadores.jpg","width":1170,"height":700},{"@type":"WebSite","@id":"https:\/\/maringapost.com.br\/orlandogonzalez\/#website","url":"https:\/\/maringapost.com.br\/orlandogonzalez\/","name":"Orlando Gonzalez","description":"Destaca o esporte de Maring\u00e1! Destaca o esporte do Paran\u00e1! Destaca o esporte do Brasil!","potentialAction":[{"@type":"SearchAction","target":{"@type":"EntryPoint","urlTemplate":"https:\/\/maringapost.com.br\/orlandogonzalez\/?s={search_term_string}"},"query-input":"required name=search_term_string"}],"inLanguage":"pt-BR"},{"@type":"Person","@id":"https:\/\/maringapost.com.br\/orlandogonzalez\/#\/schema\/person\/5cbe6257d08edea6afc9ebaa613b0633","name":"Orlando Gonzalez","image":{"@type":"ImageObject","inLanguage":"pt-BR","@id":"https:\/\/maringapost.com.br\/orlandogonzalez\/#\/schema\/person\/image\/","url":"https:\/\/secure.gravatar.com\/avatar\/ecef9d1c9afe5ebdafadde8369065ba5?s=96&d=mm&r=g","contentUrl":"https:\/\/secure.gravatar.com\/avatar\/ecef9d1c9afe5ebdafadde8369065ba5?s=96&d=mm&r=g","caption":"Orlando Gonzalez"},"description":"H\u00e1 29 anos na cobertura do esporte de Maring\u00e1. Plant\u00e3o e narrador esportivo. Presta\u00e7\u00e3o de assessoria de imprensa esportiva, cobertura e transmiss\u00f5es ao vivo de eventos esportivos. E-mail: orlandogonzalez.assessoria@gmail.com WhatsApp: (44) 9 9126-6119","sameAs":["http:\/\/www.radiomaringa.com.br\/","https:\/\/www.facebook.com\/profile.php?id=100011095815065","https:\/\/www.instagram.com\/orlandomgonzalez\/","https:\/\/br.pinterest.com\/ogonzalez0530\/","https:\/\/x.com\/gonzalezorlando","https:\/\/www.youtube.com\/channel\/UCvFpl55btth8wjnKiSS1ibA","https:\/\/radiomaringaweb.tumblr.com\/"],"url":"https:\/\/maringapost.com.br\/orlandogonzalez\/author\/orlando\/"}]}},"_links":{"self":[{"href":"https:\/\/maringapost.com.br\/orlandogonzalez\/wp-json\/wp\/v2\/posts\/46239"}],"collection":[{"href":"https:\/\/maringapost.com.br\/orlandogonzalez\/wp-json\/wp\/v2\/posts"}],"about":[{"href":"https:\/\/maringapost.com.br\/orlandogonzalez\/wp-json\/wp\/v2\/types\/post"}],"author":[{"embeddable":true,"href":"https:\/\/maringapost.com.br\/orlandogonzalez\/wp-json\/wp\/v2\/users\/6307"}],"replies":[{"embeddable":true,"href":"https:\/\/maringapost.com.br\/orlandogonzalez\/wp-json\/wp\/v2\/comments?post=46239"}],"version-history":[{"count":1,"href":"https:\/\/maringapost.com.br\/orlandogonzalez\/wp-json\/wp\/v2\/posts\/46239\/revisions"}],"predecessor-version":[{"id":46241,"href":"https:\/\/maringapost.com.br\/orlandogonzalez\/wp-json\/wp\/v2\/posts\/46239\/revisions\/46241"}],"wp:featuredmedia":[{"embeddable":true,"href":"https:\/\/maringapost.com.br\/orlandogonzalez\/wp-json\/wp\/v2\/media\/46240"}],"wp:attachment":[{"href":"https:\/\/maringapost.com.br\/orlandogonzalez\/wp-json\/wp\/v2\/media?parent=46239"}],"wp:term":[{"taxonomy":"category","embeddable":true,"href":"https:\/\/maringapost.com.br\/orlandogonzalez\/wp-json\/wp\/v2\/categories?post=46239"},{"taxonomy":"post_tag","embeddable":true,"href":"https:\/\/maringapost.com.br\/orlandogonzalez\/wp-json\/wp\/v2\/tags?post=46239"}],"curies":[{"name":"wp","href":"https:\/\/api.w.org\/{rel}","templated":true}]}}