{"id":45812,"date":"2021-03-31T22:26:56","date_gmt":"2021-04-01T01:26:56","guid":{"rendered":"http:\/\/maringapost.com.br\/orlandogonzalez\/?p=45812"},"modified":"2021-03-31T22:26:56","modified_gmt":"2021-04-01T01:26:56","slug":"radio-maringa-melo-e-rojer-iniciam-temporada-no-saibro-na-proxima-semana-na-italia","status":"publish","type":"post","link":"https:\/\/maringapost.com.br\/orlandogonzalez\/2021\/03\/31\/radio-maringa-melo-e-rojer-iniciam-temporada-no-saibro-na-proxima-semana-na-italia\/","title":{"rendered":"R\u00c1DIO MARING\u00c1 &#8211; Melo e Rojer iniciam temporada no saibro na pr\u00f3xima semana na It\u00e1lia"},"content":{"rendered":"<p>Com o ATP 250 de Cagliari, a partir de segunda-feira (05\/04), o mineiro Marcelo Melo e o holand\u00eas Jean-Julien Rojer iniciam na It\u00e1lia a temporada no saibro europeu. O torneio ser\u00e1 realizado at\u00e9 o dia 11 de abril, nas quadras do Cagliari Tennis Club. Depois, Melo e Rojer seguem para o Masters 1000 de Monte Carlo (programado entre os dias 11 e 18), em M\u00f4naco, e o ATP 500 de Barcelona (de 19 a 25), na Espanha<a href=\"https:\/\/www.orlandogonzalez.com.br\/\" target=\"_blank\" rel=\"noopener\">.<\/a><\/p>\n<p>A pr\u00f3xima semana marca a abertura de uma sequ\u00eancia de v\u00e1rios torneios na Europa, no saibro, at\u00e9 a disputa de Roland Garros, em Paris, na Fran\u00e7a, Grand Slam entre os dias 23 de maio e 6 de junho.<\/p>\n<p>Ap\u00f3s jogar o Masters 1000 de Miami, ao lado de Rojer, e de treinos na Fl\u00f3rida, Melo viajou nesta quarta-feira (31) dos Estados Unidos para a Europa, na nova etapa de prepara\u00e7\u00e3o da dupla visando a estreia na It\u00e1lia.<\/p>\n<p>\u201cTreinar com foco, agora, nos torneios no saibro, em busca de bons resultados e de continuar evoluindo como dupla, com cada vez mais entrosamento\u201d, afirma Marcelo, que tem o patroc\u00ednio de Centauro, BMG e Itamb\u00e9, com apoio da Volvo, Head, Voss, Foxton, Asics, Bolsa Atleta e Confedera\u00e7\u00e3o Brasileira de T\u00eanis.<\/p>\n<p>Melo e Rojer come\u00e7aram a nova parceria neste m\u00eas de mar\u00e7o, em quadras duras, disputando quatro torneios: o ATP 500 de Roterd\u00e3, o ATP 250 de Doha, o ATP 500 de Dubai e o Masters 1000 de Miami.<\/p>\n<p>No ranking mundial individual de duplas divulgado pela Associa\u00e7\u00e3o dos Tenistas Profissionais (ATP), Melo est\u00e1 em 16\u00ba lugar, com 5.670 pontos. Rojer aparece em 27\u00ba, com 4.070 pontos.<\/p>\n<p><strong>Recordista em t\u00edtulos e semanas no topo do ranking \u2013\u00a0<\/strong>Recordista brasileiro em n\u00famero de t\u00edtulos, com 35 conquistas, e tamb\u00e9m em semanas no topo do ranking da ATP \u2013 56 -, assim como em participa\u00e7\u00f5es no ATP Finals \u2013 completou oito seguidas em 2020 -, Marcelo somou mais um recorde ao chegar a 500 vit\u00f3rias, na estreia no ATP 500 de Washington, em julho de 2019, passando a ser o 35\u00ba jogador de todos os tempos a atingir essa marca.<\/p>\n<p>Entre 2017 e 2018, Marcelo ficou 30 semanas \u2013 25 consecutivas &#8211; como l\u00edder do ranking mundial individual de duplas da ATP (13 semanas em 2017 \u2013 terminando o ano como n\u00famero 1 &#8211; e 17 semanas em 2018). Antes, ocupou a lideran\u00e7a pela primeira vez em 2015, por 22 semanas, tamb\u00e9m virando o ano na frente, e voltou ao primeiro lugar por mais quatro semanas a partir de maio de 2016. \u00danico brasileiro na hist\u00f3ria a ser n\u00famero 1 do mundo em duplas.<\/p>\n<p>Em 2020, no M\u00e9xico, no ATP 500 de Acapulco, o mineiro Marcelo conquistou o 34\u00ba t\u00edtulo da carreira, o 14\u00aa com o polon\u00eas Lukasz Kubot, e no m\u00eas de outubro, no ATP 500 de Viena somou o 35\u00aa da carreira, 15\u00ba com Kubot. Pelo 14\u00ba ano consecutivo comemora no m\u00ednimo um t\u00edtulo por temporada. Juntos,\u00a0Melo e Kubot\u00a0ganharam pelo menos um torneio por ano desde 2015.<\/p>\n<p>Dos 35 t\u00edtulos, todos em duplas, dois s\u00e3o Grand Slam \u2013 Roland Garros, na Fran\u00e7a (2015) e Wimbledon, em Londres (2017) e nove Masters 1000, al\u00e9m de nove ATP 500 e 15 ATP 250.<\/p>\n<p><strong>Cinco vit\u00f3rias em 2021 &#8211;\u00a0<\/strong>Nesta temporada 2021, Marcelo Melo tem tr\u00eas vit\u00f3rias ao lado do romeno Horia Tecau, uma na estreia no Murray River Open (ATP 250) e duas no Australian Open, ambos em Melbourne. Uma vit\u00f3ria jogando com a russa Vera Zvonareva na estreia nas duplas mistas do Grand Slam. E uma vit\u00f3ria com Jean-Julien Rojer na estreia do ATP 250 de Doha.<\/p>\n<p>Em 2020,\u00a0Melo e Kubot somaram 22 vit\u00f3rias, na estreia no Australian Open e no ATP 250 de Adelaide, na Austr\u00e1lia, duas no Rio Open, quatro em Acapulco, uma no Masters 1000 de Cincinnati, uma no ATP 500 de Hamburgo, uma na estreia em Roland Garros, tr\u00eas no primeiro ATP 250 e uma no segundo em Col\u00f4nia, quatro em Viena, duas em Paris e uma no ATP Finals.<\/p>\n<p>Marcelo, 37 anos, e Kubot, 38 anos, formaram parceria desde o in\u00edcio da temporada 2017, encerrada no final de 2020. Antes, jogaram em torneios como o ATP 500 de Viena, em que foram campe\u00f5es em 2015 e 2016.<\/p>\n<p>Em 2020, Melo e Kubot terminaram como a s\u00e9tima melhor parceria do ano, com 2.340 pontos. No ranking mundial individual de duplas, pela oitava temporada seguida, Marcelo ficou entre os Top 10. No ano passado, foi d\u00e9cimo. Em 2019, s\u00e9timo. Em 2018, nono do mundo, primeiro em 2017 e 2015, oitavo em 2016 e sexto colocado em 2013 e 2014.<\/p>\n<p>O primeiro t\u00edtulo de Marcelo em torneios ATP foi em 2007, no Estoril, em Portugal. Tem dois Grand Slam, al\u00e9m de um vice em Londres (2013) e um vice (2018) e duas semifinais no US Open. Marcelo tamb\u00e9m lidera no n\u00famero de t\u00edtulos em Masters 1000. Em Xangai 2018 chegou ao nono, depois de ganhar Xangai (2013 e 2015), Paris (2015 e 2017), Toronto (2016), Cincinnati (2016), Miami (2017) e Madri (2017).<\/p>\n<p><strong>Temporada 2020<\/strong><strong><\/p>\n<p>T\u00edtulo<br \/>\nATP 500 &#8211;\u00a0<\/strong>Acapulco (M\u00e9xico), r\u00e1pida<br \/>\n<strong>ATP 500<\/strong>\u00a0&#8211; Viena (\u00c1ustria), r\u00e1pida<\/p>\n<p><strong>Vice-campeonato<\/strong><br \/>\n<strong>ATP 250 &#8211;<\/strong>\u00a0Col\u00f4nia (Alemanha), r\u00e1pida<\/p>\n<p><strong>Temporada 2019<\/strong><strong><\/p>\n<p>T\u00edtulo<br \/>\nATP 250 \u2013\u00a0<\/strong>Winston-Salem (EUA), r\u00e1pida<\/p>\n<p><strong>Vice-campeonato<\/strong><strong><br \/>\nMasters 1000 \u2013\u00a0<\/strong>Indian Wells (EUA), r\u00e1pida<br \/>\n<strong>ATP 500 &#8211;<\/strong>\u00a0Halle (Alemanha), grama<br \/>\n<strong>ATP 500<\/strong>\u00a0&#8211; Beijing (China), r\u00e1pida<br \/>\n<strong>Masters 1000 &#8211;<\/strong>\u00a0Xangai (China), r\u00e1pida<br \/>\n<strong>ATP 500 &#8211;<\/strong>\u00a0Viena (\u00c1ustria), r\u00e1pida<\/p>\n<p>(Assessoria)<\/p>\n","protected":false},"excerpt":{"rendered":"<p>Com o ATP 250 de Cagliari, a partir de segunda-feira (05\/04), o mineiro Marcelo Melo e o holand\u00eas Jean-Julien Rojer iniciam na It\u00e1lia a temporada no saibro europeu. O torneio ser\u00e1 realizado at\u00e9 o dia 11 de abril, nas quadras do Cagliari Tennis Club. Depois, Melo e Rojer seguem para o Masters 1000 de Monte [&hellip;]<\/p>\n","protected":false},"author":6307,"featured_media":45813,"comment_status":"closed","ping_status":"open","sticky":false,"template":"","format":"standard","meta":{"_exactmetrics_skip_tracking":false,"_exactmetrics_sitenote_active":false,"_exactmetrics_sitenote_note":"","_exactmetrics_sitenote_category":0,"footnotes":""},"categories":[2544],"tags":[47,7912],"yoast_head":"<!-- This site is optimized with the Yoast SEO Premium plugin v22.7 (Yoast SEO v22.7) - https:\/\/yoast.com\/wordpress\/plugins\/seo\/ -->\n<title>R\u00c1DIO MARING\u00c1 - Melo e Rojer iniciam temporada no saibro na pr\u00f3xima semana na It\u00e1lia - Orlando Gonzalez<\/title>\n<meta name=\"robots\" content=\"index, follow, max-snippet:-1, max-image-preview:large, max-video-preview:-1\" \/>\n<link rel=\"canonical\" href=\"https:\/\/maringapost.com.br\/orlandogonzalez\/2021\/03\/31\/radio-maringa-melo-e-rojer-iniciam-temporada-no-saibro-na-proxima-semana-na-italia\/\" \/>\n<meta property=\"og:locale\" content=\"pt_BR\" \/>\n<meta property=\"og:type\" content=\"article\" \/>\n<meta property=\"og:title\" content=\"R\u00c1DIO MARING\u00c1 - Melo e Rojer iniciam temporada no saibro na pr\u00f3xima semana na It\u00e1lia\" \/>\n<meta property=\"og:description\" content=\"Com o ATP 250 de Cagliari, a partir de segunda-feira (05\/04), o mineiro Marcelo Melo e o holand\u00eas Jean-Julien Rojer iniciam na It\u00e1lia a temporada no saibro europeu. O torneio ser\u00e1 realizado at\u00e9 o dia 11 de abril, nas quadras do Cagliari Tennis Club. Depois, Melo e Rojer seguem para o Masters 1000 de Monte [&hellip;]\" \/>\n<meta property=\"og:url\" content=\"https:\/\/maringapost.com.br\/orlandogonzalez\/2021\/03\/31\/radio-maringa-melo-e-rojer-iniciam-temporada-no-saibro-na-proxima-semana-na-italia\/\" \/>\n<meta property=\"og:site_name\" content=\"Orlando Gonzalez\" \/>\n<meta property=\"article:author\" content=\"https:\/\/www.facebook.com\/profile.php?id=100011095815065\" \/>\n<meta property=\"article:published_time\" content=\"2021-04-01T01:26:56+00:00\" \/>\n<meta property=\"og:image\" content=\"https:\/\/maringapost.com.br\/orlandogonzalez\/wp-content\/uploads\/sites\/17\/2021\/03\/390451_965880_389709_964454_nwdn_file_temp_1614716062741.jpg\" \/>\n\t<meta property=\"og:image:width\" content=\"1280\" \/>\n\t<meta property=\"og:image:height\" content=\"720\" \/>\n\t<meta property=\"og:image:type\" content=\"image\/jpeg\" \/>\n<meta name=\"author\" content=\"Orlando Gonzalez\" \/>\n<meta name=\"twitter:card\" content=\"summary_large_image\" \/>\n<meta name=\"twitter:creator\" content=\"@gonzalezorlando\" \/>\n<meta name=\"twitter:label1\" content=\"Escrito por\" \/>\n\t<meta name=\"twitter:data1\" content=\"\" \/>\n\t<meta name=\"twitter:label2\" content=\"Est. tempo de leitura\" \/>\n\t<meta name=\"twitter:data2\" content=\"4 minutos\" \/>\n<script type=\"application\/ld+json\" class=\"yoast-schema-graph\">{\"@context\":\"https:\/\/schema.org\",\"@graph\":[{\"@type\":\"WebPage\",\"@id\":\"https:\/\/maringapost.com.br\/orlandogonzalez\/2021\/03\/31\/radio-maringa-melo-e-rojer-iniciam-temporada-no-saibro-na-proxima-semana-na-italia\/\",\"url\":\"https:\/\/maringapost.com.br\/orlandogonzalez\/2021\/03\/31\/radio-maringa-melo-e-rojer-iniciam-temporada-no-saibro-na-proxima-semana-na-italia\/\",\"name\":\"R\u00c1DIO MARING\u00c1 - Melo e Rojer iniciam temporada no saibro na pr\u00f3xima semana na It\u00e1lia - Orlando Gonzalez\",\"isPartOf\":{\"@id\":\"https:\/\/maringapost.com.br\/orlandogonzalez\/#website\"},\"primaryImageOfPage\":{\"@id\":\"https:\/\/maringapost.com.br\/orlandogonzalez\/2021\/03\/31\/radio-maringa-melo-e-rojer-iniciam-temporada-no-saibro-na-proxima-semana-na-italia\/#primaryimage\"},\"image\":{\"@id\":\"https:\/\/maringapost.com.br\/orlandogonzalez\/2021\/03\/31\/radio-maringa-melo-e-rojer-iniciam-temporada-no-saibro-na-proxima-semana-na-italia\/#primaryimage\"},\"thumbnailUrl\":\"https:\/\/maringapost.com.br\/orlandogonzalez\/wp-content\/uploads\/sites\/17\/2021\/03\/390451_965880_389709_964454_nwdn_file_temp_1614716062741.jpg\",\"datePublished\":\"2021-04-01T01:26:56+00:00\",\"dateModified\":\"2021-04-01T01:26:56+00:00\",\"author\":{\"@id\":\"https:\/\/maringapost.com.br\/orlandogonzalez\/#\/schema\/person\/5cbe6257d08edea6afc9ebaa613b0633\"},\"inLanguage\":\"pt-BR\",\"potentialAction\":[{\"@type\":\"ReadAction\",\"target\":[\"https:\/\/maringapost.com.br\/orlandogonzalez\/2021\/03\/31\/radio-maringa-melo-e-rojer-iniciam-temporada-no-saibro-na-proxima-semana-na-italia\/\"]}]},{\"@type\":\"ImageObject\",\"inLanguage\":\"pt-BR\",\"@id\":\"https:\/\/maringapost.com.br\/orlandogonzalez\/2021\/03\/31\/radio-maringa-melo-e-rojer-iniciam-temporada-no-saibro-na-proxima-semana-na-italia\/#primaryimage\",\"url\":\"https:\/\/maringapost.com.br\/orlandogonzalez\/wp-content\/uploads\/sites\/17\/2021\/03\/390451_965880_389709_964454_nwdn_file_temp_1614716062741.jpg\",\"contentUrl\":\"https:\/\/maringapost.com.br\/orlandogonzalez\/wp-content\/uploads\/sites\/17\/2021\/03\/390451_965880_389709_964454_nwdn_file_temp_1614716062741.jpg\",\"width\":1280,\"height\":720},{\"@type\":\"WebSite\",\"@id\":\"https:\/\/maringapost.com.br\/orlandogonzalez\/#website\",\"url\":\"https:\/\/maringapost.com.br\/orlandogonzalez\/\",\"name\":\"Orlando Gonzalez\",\"description\":\"Destaca o esporte de Maring\u00e1! Destaca o esporte do Paran\u00e1! Destaca o esporte do Brasil!\",\"potentialAction\":[{\"@type\":\"SearchAction\",\"target\":{\"@type\":\"EntryPoint\",\"urlTemplate\":\"https:\/\/maringapost.com.br\/orlandogonzalez\/?s={search_term_string}\"},\"query-input\":\"required name=search_term_string\"}],\"inLanguage\":\"pt-BR\"},{\"@type\":\"Person\",\"@id\":\"https:\/\/maringapost.com.br\/orlandogonzalez\/#\/schema\/person\/5cbe6257d08edea6afc9ebaa613b0633\",\"name\":\"Orlando Gonzalez\",\"image\":{\"@type\":\"ImageObject\",\"inLanguage\":\"pt-BR\",\"@id\":\"https:\/\/maringapost.com.br\/orlandogonzalez\/#\/schema\/person\/image\/\",\"url\":\"https:\/\/secure.gravatar.com\/avatar\/ecef9d1c9afe5ebdafadde8369065ba5?s=96&d=mm&r=g\",\"contentUrl\":\"https:\/\/secure.gravatar.com\/avatar\/ecef9d1c9afe5ebdafadde8369065ba5?s=96&d=mm&r=g\",\"caption\":\"Orlando Gonzalez\"},\"description\":\"H\u00e1 29 anos na cobertura do esporte de Maring\u00e1. Plant\u00e3o e narrador esportivo. Presta\u00e7\u00e3o de assessoria de imprensa esportiva, cobertura e transmiss\u00f5es ao vivo de eventos esportivos. E-mail: orlandogonzalez.assessoria@gmail.com WhatsApp: (44) 9 9126-6119\",\"sameAs\":[\"http:\/\/www.radiomaringa.com.br\/\",\"https:\/\/www.facebook.com\/profile.php?id=100011095815065\",\"https:\/\/www.instagram.com\/orlandomgonzalez\/\",\"https:\/\/br.pinterest.com\/ogonzalez0530\/\",\"https:\/\/x.com\/gonzalezorlando\",\"https:\/\/www.youtube.com\/channel\/UCvFpl55btth8wjnKiSS1ibA\",\"https:\/\/radiomaringaweb.tumblr.com\/\"],\"url\":\"https:\/\/maringapost.com.br\/orlandogonzalez\/author\/orlando\/\"}]}<\/script>\n<!-- \/ Yoast SEO Premium plugin. -->","yoast_head_json":{"title":"R\u00c1DIO MARING\u00c1 - Melo e Rojer iniciam temporada no saibro na pr\u00f3xima semana na It\u00e1lia - Orlando Gonzalez","robots":{"index":"index","follow":"follow","max-snippet":"max-snippet:-1","max-image-preview":"max-image-preview:large","max-video-preview":"max-video-preview:-1"},"canonical":"https:\/\/maringapost.com.br\/orlandogonzalez\/2021\/03\/31\/radio-maringa-melo-e-rojer-iniciam-temporada-no-saibro-na-proxima-semana-na-italia\/","og_locale":"pt_BR","og_type":"article","og_title":"R\u00c1DIO MARING\u00c1 - Melo e Rojer iniciam temporada no saibro na pr\u00f3xima semana na It\u00e1lia","og_description":"Com o ATP 250 de Cagliari, a partir de segunda-feira (05\/04), o mineiro Marcelo Melo e o holand\u00eas Jean-Julien Rojer iniciam na It\u00e1lia a temporada no saibro europeu. O torneio ser\u00e1 realizado at\u00e9 o dia 11 de abril, nas quadras do Cagliari Tennis Club. Depois, Melo e Rojer seguem para o Masters 1000 de Monte [&hellip;]","og_url":"https:\/\/maringapost.com.br\/orlandogonzalez\/2021\/03\/31\/radio-maringa-melo-e-rojer-iniciam-temporada-no-saibro-na-proxima-semana-na-italia\/","og_site_name":"Orlando Gonzalez","article_author":"https:\/\/www.facebook.com\/profile.php?id=100011095815065","article_published_time":"2021-04-01T01:26:56+00:00","og_image":[{"width":1280,"height":720,"url":"https:\/\/maringapost.com.br\/orlandogonzalez\/wp-content\/uploads\/sites\/17\/2021\/03\/390451_965880_389709_964454_nwdn_file_temp_1614716062741.jpg","type":"image\/jpeg"}],"author":"Orlando Gonzalez","twitter_card":"summary_large_image","twitter_creator":"@gonzalezorlando","twitter_misc":{"Escrito por":false,"Est. tempo de leitura":"4 minutos"},"schema":{"@context":"https:\/\/schema.org","@graph":[{"@type":"WebPage","@id":"https:\/\/maringapost.com.br\/orlandogonzalez\/2021\/03\/31\/radio-maringa-melo-e-rojer-iniciam-temporada-no-saibro-na-proxima-semana-na-italia\/","url":"https:\/\/maringapost.com.br\/orlandogonzalez\/2021\/03\/31\/radio-maringa-melo-e-rojer-iniciam-temporada-no-saibro-na-proxima-semana-na-italia\/","name":"R\u00c1DIO MARING\u00c1 - Melo e Rojer iniciam temporada no saibro na pr\u00f3xima semana na It\u00e1lia - Orlando Gonzalez","isPartOf":{"@id":"https:\/\/maringapost.com.br\/orlandogonzalez\/#website"},"primaryImageOfPage":{"@id":"https:\/\/maringapost.com.br\/orlandogonzalez\/2021\/03\/31\/radio-maringa-melo-e-rojer-iniciam-temporada-no-saibro-na-proxima-semana-na-italia\/#primaryimage"},"image":{"@id":"https:\/\/maringapost.com.br\/orlandogonzalez\/2021\/03\/31\/radio-maringa-melo-e-rojer-iniciam-temporada-no-saibro-na-proxima-semana-na-italia\/#primaryimage"},"thumbnailUrl":"https:\/\/maringapost.com.br\/orlandogonzalez\/wp-content\/uploads\/sites\/17\/2021\/03\/390451_965880_389709_964454_nwdn_file_temp_1614716062741.jpg","datePublished":"2021-04-01T01:26:56+00:00","dateModified":"2021-04-01T01:26:56+00:00","author":{"@id":"https:\/\/maringapost.com.br\/orlandogonzalez\/#\/schema\/person\/5cbe6257d08edea6afc9ebaa613b0633"},"inLanguage":"pt-BR","potentialAction":[{"@type":"ReadAction","target":["https:\/\/maringapost.com.br\/orlandogonzalez\/2021\/03\/31\/radio-maringa-melo-e-rojer-iniciam-temporada-no-saibro-na-proxima-semana-na-italia\/"]}]},{"@type":"ImageObject","inLanguage":"pt-BR","@id":"https:\/\/maringapost.com.br\/orlandogonzalez\/2021\/03\/31\/radio-maringa-melo-e-rojer-iniciam-temporada-no-saibro-na-proxima-semana-na-italia\/#primaryimage","url":"https:\/\/maringapost.com.br\/orlandogonzalez\/wp-content\/uploads\/sites\/17\/2021\/03\/390451_965880_389709_964454_nwdn_file_temp_1614716062741.jpg","contentUrl":"https:\/\/maringapost.com.br\/orlandogonzalez\/wp-content\/uploads\/sites\/17\/2021\/03\/390451_965880_389709_964454_nwdn_file_temp_1614716062741.jpg","width":1280,"height":720},{"@type":"WebSite","@id":"https:\/\/maringapost.com.br\/orlandogonzalez\/#website","url":"https:\/\/maringapost.com.br\/orlandogonzalez\/","name":"Orlando Gonzalez","description":"Destaca o esporte de Maring\u00e1! Destaca o esporte do Paran\u00e1! Destaca o esporte do Brasil!","potentialAction":[{"@type":"SearchAction","target":{"@type":"EntryPoint","urlTemplate":"https:\/\/maringapost.com.br\/orlandogonzalez\/?s={search_term_string}"},"query-input":"required name=search_term_string"}],"inLanguage":"pt-BR"},{"@type":"Person","@id":"https:\/\/maringapost.com.br\/orlandogonzalez\/#\/schema\/person\/5cbe6257d08edea6afc9ebaa613b0633","name":"Orlando Gonzalez","image":{"@type":"ImageObject","inLanguage":"pt-BR","@id":"https:\/\/maringapost.com.br\/orlandogonzalez\/#\/schema\/person\/image\/","url":"https:\/\/secure.gravatar.com\/avatar\/ecef9d1c9afe5ebdafadde8369065ba5?s=96&d=mm&r=g","contentUrl":"https:\/\/secure.gravatar.com\/avatar\/ecef9d1c9afe5ebdafadde8369065ba5?s=96&d=mm&r=g","caption":"Orlando Gonzalez"},"description":"H\u00e1 29 anos na cobertura do esporte de Maring\u00e1. Plant\u00e3o e narrador esportivo. Presta\u00e7\u00e3o de assessoria de imprensa esportiva, cobertura e transmiss\u00f5es ao vivo de eventos esportivos. E-mail: orlandogonzalez.assessoria@gmail.com WhatsApp: (44) 9 9126-6119","sameAs":["http:\/\/www.radiomaringa.com.br\/","https:\/\/www.facebook.com\/profile.php?id=100011095815065","https:\/\/www.instagram.com\/orlandomgonzalez\/","https:\/\/br.pinterest.com\/ogonzalez0530\/","https:\/\/x.com\/gonzalezorlando","https:\/\/www.youtube.com\/channel\/UCvFpl55btth8wjnKiSS1ibA","https:\/\/radiomaringaweb.tumblr.com\/"],"url":"https:\/\/maringapost.com.br\/orlandogonzalez\/author\/orlando\/"}]}},"_links":{"self":[{"href":"https:\/\/maringapost.com.br\/orlandogonzalez\/wp-json\/wp\/v2\/posts\/45812"}],"collection":[{"href":"https:\/\/maringapost.com.br\/orlandogonzalez\/wp-json\/wp\/v2\/posts"}],"about":[{"href":"https:\/\/maringapost.com.br\/orlandogonzalez\/wp-json\/wp\/v2\/types\/post"}],"author":[{"embeddable":true,"href":"https:\/\/maringapost.com.br\/orlandogonzalez\/wp-json\/wp\/v2\/users\/6307"}],"replies":[{"embeddable":true,"href":"https:\/\/maringapost.com.br\/orlandogonzalez\/wp-json\/wp\/v2\/comments?post=45812"}],"version-history":[{"count":1,"href":"https:\/\/maringapost.com.br\/orlandogonzalez\/wp-json\/wp\/v2\/posts\/45812\/revisions"}],"predecessor-version":[{"id":45814,"href":"https:\/\/maringapost.com.br\/orlandogonzalez\/wp-json\/wp\/v2\/posts\/45812\/revisions\/45814"}],"wp:featuredmedia":[{"embeddable":true,"href":"https:\/\/maringapost.com.br\/orlandogonzalez\/wp-json\/wp\/v2\/media\/45813"}],"wp:attachment":[{"href":"https:\/\/maringapost.com.br\/orlandogonzalez\/wp-json\/wp\/v2\/media?parent=45812"}],"wp:term":[{"taxonomy":"category","embeddable":true,"href":"https:\/\/maringapost.com.br\/orlandogonzalez\/wp-json\/wp\/v2\/categories?post=45812"},{"taxonomy":"post_tag","embeddable":true,"href":"https:\/\/maringapost.com.br\/orlandogonzalez\/wp-json\/wp\/v2\/tags?post=45812"}],"curies":[{"name":"wp","href":"https:\/\/api.w.org\/{rel}","templated":true}]}}