{"id":45478,"date":"2021-03-18T17:30:33","date_gmt":"2021-03-18T20:30:33","guid":{"rendered":"http:\/\/maringapost.com.br\/orlandogonzalez\/?p=45478"},"modified":"2021-03-18T17:38:48","modified_gmt":"2021-03-18T20:38:48","slug":"radio-maringa-copa-do-mundo-de-espada-comeca-nesta-sexta-na-russia","status":"publish","type":"post","link":"https:\/\/maringapost.com.br\/orlandogonzalez\/2021\/03\/18\/radio-maringa-copa-do-mundo-de-espada-comeca-nesta-sexta-na-russia\/","title":{"rendered":"R\u00c1DIO MARING\u00c1 &#8211; Copa do Mundo de Espada come\u00e7a nesta sexta na R\u00fassia"},"content":{"rendered":"<p>A Copa do Mundo de Espada come\u00e7a nesta\u00a0sexta-feira (19), em Kazan (\u00a0R\u00fassia). Esta \u00e9\u00a0a\u00a0segunda\u00a0competi\u00e7\u00e3o internacional de esgrima desde\u00a0o in\u00edcio da pandemia do coronav\u00edrus (covid-19), e a primeira espec\u00edfica em espada. Na semana passada, ocorreu a Copa do Mundo de Sabre, em Budapeste (Hungria)<a href=\"https:\/\/radiomaringa.com.br\/\" target=\"_blank\" rel=\"noopener\">.\u00a0<\/a><img decoding=\"async\" src=\"https:\/\/agenciabrasil.ebc.com.br\/ebc.png?id=1404364&amp;o=node\" \/><img decoding=\"async\" src=\"https:\/\/agenciabrasil.ebc.com.br\/ebc.gif?id=1404364&amp;o=node\" \/><\/p>\n<p>A sele\u00e7\u00e3o brasileira\u00a0ter\u00e1 Amanda Sime\u00e3o e Marcela Silva e, como grande atra\u00e7\u00e3o, a \u00edtalo-brasileira Nathalie Moellhausen, campe\u00e3 mundial em 2019 e vice-lider no ranking mundial da Federa\u00e7\u00e3o Internacional de Esgrima (FIE, na sigla em ingl\u00eas)\u00a0O time brasileiro, comandado pelo t\u00e9cnico\u00a0Marcos Cardoso. estreia no\u00a0s\u00e1bado\u00a0(20). O torneio individual termina no pr\u00f3ximo\u00a0domingo (21). A disputa por equipes acontece entre\u00a0segunda (22) e\u00a0ter\u00e7a (23). As disputas ser\u00e3o transmitidas ao vivo no\u00a0<a href=\"https:\/\/www.youtube.com\/c\">canal da FIE\u00a0<\/a>no Youtube.<\/p>\n<p>Moellhausen ficou treinando em Paris (Fran\u00e7a)\u00a0durante quase toda a pandemia. O foco da atleta \u00e9 a medalha ol\u00edmpica em T\u00f3quio. E, para chegar l\u00e1 no melhor n\u00edvel t\u00e9cnico, a\u00a0Copa do Mundo \u00e9 fundamental para avaliar suas possibilidades reais. de lutar por uma medalha em T\u00f3quio.<\/p>\n<p>Cardoso ressaltou\u00a0ainda\u00a0que o calend\u00e1rio at\u00edpico de compmeti\u00e7\u00f5es vem dificultando\u00a0a avalia\u00e7\u00e3o de desempenho dos atletas durante a pandemia.<\/p>\n<p>(Texto: Juliano Justo\/Ag\u00eancia Brasil. Foto: CBE)<\/p>\n","protected":false},"excerpt":{"rendered":"<p>A Copa do Mundo de Espada come\u00e7a nesta\u00a0sexta-feira (19), em Kazan (\u00a0R\u00fassia). Esta \u00e9\u00a0a\u00a0segunda\u00a0competi\u00e7\u00e3o internacional de esgrima desde\u00a0o in\u00edcio da pandemia do coronav\u00edrus (covid-19), e a primeira espec\u00edfica em espada. Na semana passada, ocorreu a Copa do Mundo de Sabre, em Budapeste (Hungria).\u00a0 A sele\u00e7\u00e3o brasileira\u00a0ter\u00e1 Amanda Sime\u00e3o e Marcela Silva e, como grande atra\u00e7\u00e3o, [&hellip;]<\/p>\n","protected":false},"author":6307,"featured_media":45479,"comment_status":"closed","ping_status":"open","sticky":false,"template":"","format":"standard","meta":{"_exactmetrics_skip_tracking":false,"_exactmetrics_sitenote_active":false,"_exactmetrics_sitenote_note":"","_exactmetrics_sitenote_category":0,"footnotes":""},"categories":[5317],"tags":[4619,14161,47],"yoast_head":"<!-- This site is optimized with the Yoast SEO Premium plugin v22.7 (Yoast SEO v22.7) - https:\/\/yoast.com\/wordpress\/plugins\/seo\/ -->\n<title>R\u00c1DIO MARING\u00c1 - Copa do Mundo de Espada come\u00e7a nesta sexta na R\u00fassia - Orlando Gonzalez<\/title>\n<meta name=\"robots\" content=\"index, follow, max-snippet:-1, max-image-preview:large, max-video-preview:-1\" \/>\n<link rel=\"canonical\" href=\"https:\/\/maringapost.com.br\/orlandogonzalez\/2021\/03\/18\/radio-maringa-copa-do-mundo-de-espada-comeca-nesta-sexta-na-russia\/\" \/>\n<meta property=\"og:locale\" content=\"pt_BR\" \/>\n<meta property=\"og:type\" content=\"article\" \/>\n<meta property=\"og:title\" content=\"R\u00c1DIO MARING\u00c1 - Copa do Mundo de Espada come\u00e7a nesta sexta na R\u00fassia\" \/>\n<meta property=\"og:description\" content=\"A Copa do Mundo de Espada come\u00e7a nesta\u00a0sexta-feira (19), em Kazan (\u00a0R\u00fassia). Esta \u00e9\u00a0a\u00a0segunda\u00a0competi\u00e7\u00e3o internacional de esgrima desde\u00a0o in\u00edcio da pandemia do coronav\u00edrus (covid-19), e a primeira espec\u00edfica em espada. Na semana passada, ocorreu a Copa do Mundo de Sabre, em Budapeste (Hungria).\u00a0 A sele\u00e7\u00e3o brasileira\u00a0ter\u00e1 Amanda Sime\u00e3o e Marcela Silva e, como grande atra\u00e7\u00e3o, [&hellip;]\" \/>\n<meta property=\"og:url\" content=\"https:\/\/maringapost.com.br\/orlandogonzalez\/2021\/03\/18\/radio-maringa-copa-do-mundo-de-espada-comeca-nesta-sexta-na-russia\/\" \/>\n<meta property=\"og:site_name\" content=\"Orlando Gonzalez\" \/>\n<meta property=\"article:author\" content=\"https:\/\/www.facebook.com\/profile.php?id=100011095815065\" \/>\n<meta property=\"article:published_time\" content=\"2021-03-18T20:30:33+00:00\" \/>\n<meta property=\"article:modified_time\" content=\"2021-03-18T20:38:48+00:00\" \/>\n<meta property=\"og:image\" content=\"https:\/\/maringapost.com.br\/orlandogonzalez\/wp-content\/uploads\/sites\/17\/2021\/03\/esgrima.jpg\" \/>\n\t<meta property=\"og:image:width\" content=\"1170\" \/>\n\t<meta property=\"og:image:height\" content=\"700\" \/>\n\t<meta property=\"og:image:type\" content=\"image\/jpeg\" \/>\n<meta name=\"author\" content=\"Orlando Gonzalez\" \/>\n<meta name=\"twitter:card\" content=\"summary_large_image\" \/>\n<meta name=\"twitter:creator\" content=\"@gonzalezorlando\" \/>\n<meta name=\"twitter:label1\" content=\"Escrito por\" \/>\n\t<meta name=\"twitter:data1\" content=\"\" \/>\n\t<meta name=\"twitter:label2\" content=\"Est. tempo de leitura\" \/>\n\t<meta name=\"twitter:data2\" content=\"2 minutos\" \/>\n<script type=\"application\/ld+json\" class=\"yoast-schema-graph\">{\"@context\":\"https:\/\/schema.org\",\"@graph\":[{\"@type\":\"WebPage\",\"@id\":\"https:\/\/maringapost.com.br\/orlandogonzalez\/2021\/03\/18\/radio-maringa-copa-do-mundo-de-espada-comeca-nesta-sexta-na-russia\/\",\"url\":\"https:\/\/maringapost.com.br\/orlandogonzalez\/2021\/03\/18\/radio-maringa-copa-do-mundo-de-espada-comeca-nesta-sexta-na-russia\/\",\"name\":\"R\u00c1DIO MARING\u00c1 - Copa do Mundo de Espada come\u00e7a nesta sexta na R\u00fassia - Orlando Gonzalez\",\"isPartOf\":{\"@id\":\"https:\/\/maringapost.com.br\/orlandogonzalez\/#website\"},\"primaryImageOfPage\":{\"@id\":\"https:\/\/maringapost.com.br\/orlandogonzalez\/2021\/03\/18\/radio-maringa-copa-do-mundo-de-espada-comeca-nesta-sexta-na-russia\/#primaryimage\"},\"image\":{\"@id\":\"https:\/\/maringapost.com.br\/orlandogonzalez\/2021\/03\/18\/radio-maringa-copa-do-mundo-de-espada-comeca-nesta-sexta-na-russia\/#primaryimage\"},\"thumbnailUrl\":\"https:\/\/maringapost.com.br\/orlandogonzalez\/wp-content\/uploads\/sites\/17\/2021\/03\/esgrima.jpg\",\"datePublished\":\"2021-03-18T20:30:33+00:00\",\"dateModified\":\"2021-03-18T20:38:48+00:00\",\"author\":{\"@id\":\"https:\/\/maringapost.com.br\/orlandogonzalez\/#\/schema\/person\/5cbe6257d08edea6afc9ebaa613b0633\"},\"inLanguage\":\"pt-BR\",\"potentialAction\":[{\"@type\":\"ReadAction\",\"target\":[\"https:\/\/maringapost.com.br\/orlandogonzalez\/2021\/03\/18\/radio-maringa-copa-do-mundo-de-espada-comeca-nesta-sexta-na-russia\/\"]}]},{\"@type\":\"ImageObject\",\"inLanguage\":\"pt-BR\",\"@id\":\"https:\/\/maringapost.com.br\/orlandogonzalez\/2021\/03\/18\/radio-maringa-copa-do-mundo-de-espada-comeca-nesta-sexta-na-russia\/#primaryimage\",\"url\":\"https:\/\/maringapost.com.br\/orlandogonzalez\/wp-content\/uploads\/sites\/17\/2021\/03\/esgrima.jpg\",\"contentUrl\":\"https:\/\/maringapost.com.br\/orlandogonzalez\/wp-content\/uploads\/sites\/17\/2021\/03\/esgrima.jpg\",\"width\":1170,\"height\":700},{\"@type\":\"WebSite\",\"@id\":\"https:\/\/maringapost.com.br\/orlandogonzalez\/#website\",\"url\":\"https:\/\/maringapost.com.br\/orlandogonzalez\/\",\"name\":\"Orlando Gonzalez\",\"description\":\"Destaca o esporte de Maring\u00e1! Destaca o esporte do Paran\u00e1! Destaca o esporte do Brasil!\",\"potentialAction\":[{\"@type\":\"SearchAction\",\"target\":{\"@type\":\"EntryPoint\",\"urlTemplate\":\"https:\/\/maringapost.com.br\/orlandogonzalez\/?s={search_term_string}\"},\"query-input\":\"required name=search_term_string\"}],\"inLanguage\":\"pt-BR\"},{\"@type\":\"Person\",\"@id\":\"https:\/\/maringapost.com.br\/orlandogonzalez\/#\/schema\/person\/5cbe6257d08edea6afc9ebaa613b0633\",\"name\":\"Orlando Gonzalez\",\"image\":{\"@type\":\"ImageObject\",\"inLanguage\":\"pt-BR\",\"@id\":\"https:\/\/maringapost.com.br\/orlandogonzalez\/#\/schema\/person\/image\/\",\"url\":\"https:\/\/secure.gravatar.com\/avatar\/ecef9d1c9afe5ebdafadde8369065ba5?s=96&d=mm&r=g\",\"contentUrl\":\"https:\/\/secure.gravatar.com\/avatar\/ecef9d1c9afe5ebdafadde8369065ba5?s=96&d=mm&r=g\",\"caption\":\"Orlando Gonzalez\"},\"description\":\"H\u00e1 29 anos na cobertura do esporte de Maring\u00e1. Plant\u00e3o e narrador esportivo. Presta\u00e7\u00e3o de assessoria de imprensa esportiva, cobertura e transmiss\u00f5es ao vivo de eventos esportivos. E-mail: orlandogonzalez.assessoria@gmail.com WhatsApp: (44) 9 9126-6119\",\"sameAs\":[\"http:\/\/www.radiomaringa.com.br\/\",\"https:\/\/www.facebook.com\/profile.php?id=100011095815065\",\"https:\/\/www.instagram.com\/orlandomgonzalez\/\",\"https:\/\/br.pinterest.com\/ogonzalez0530\/\",\"https:\/\/x.com\/gonzalezorlando\",\"https:\/\/www.youtube.com\/channel\/UCvFpl55btth8wjnKiSS1ibA\",\"https:\/\/radiomaringaweb.tumblr.com\/\"],\"url\":\"https:\/\/maringapost.com.br\/orlandogonzalez\/author\/orlando\/\"}]}<\/script>\n<!-- \/ Yoast SEO Premium plugin. -->","yoast_head_json":{"title":"R\u00c1DIO MARING\u00c1 - Copa do Mundo de Espada come\u00e7a nesta sexta na R\u00fassia - Orlando Gonzalez","robots":{"index":"index","follow":"follow","max-snippet":"max-snippet:-1","max-image-preview":"max-image-preview:large","max-video-preview":"max-video-preview:-1"},"canonical":"https:\/\/maringapost.com.br\/orlandogonzalez\/2021\/03\/18\/radio-maringa-copa-do-mundo-de-espada-comeca-nesta-sexta-na-russia\/","og_locale":"pt_BR","og_type":"article","og_title":"R\u00c1DIO MARING\u00c1 - Copa do Mundo de Espada come\u00e7a nesta sexta na R\u00fassia","og_description":"A Copa do Mundo de Espada come\u00e7a nesta\u00a0sexta-feira (19), em Kazan (\u00a0R\u00fassia). Esta \u00e9\u00a0a\u00a0segunda\u00a0competi\u00e7\u00e3o internacional de esgrima desde\u00a0o in\u00edcio da pandemia do coronav\u00edrus (covid-19), e a primeira espec\u00edfica em espada. Na semana passada, ocorreu a Copa do Mundo de Sabre, em Budapeste (Hungria).\u00a0 A sele\u00e7\u00e3o brasileira\u00a0ter\u00e1 Amanda Sime\u00e3o e Marcela Silva e, como grande atra\u00e7\u00e3o, [&hellip;]","og_url":"https:\/\/maringapost.com.br\/orlandogonzalez\/2021\/03\/18\/radio-maringa-copa-do-mundo-de-espada-comeca-nesta-sexta-na-russia\/","og_site_name":"Orlando Gonzalez","article_author":"https:\/\/www.facebook.com\/profile.php?id=100011095815065","article_published_time":"2021-03-18T20:30:33+00:00","article_modified_time":"2021-03-18T20:38:48+00:00","og_image":[{"width":1170,"height":700,"url":"https:\/\/maringapost.com.br\/orlandogonzalez\/wp-content\/uploads\/sites\/17\/2021\/03\/esgrima.jpg","type":"image\/jpeg"}],"author":"Orlando Gonzalez","twitter_card":"summary_large_image","twitter_creator":"@gonzalezorlando","twitter_misc":{"Escrito por":false,"Est. tempo de leitura":"2 minutos"},"schema":{"@context":"https:\/\/schema.org","@graph":[{"@type":"WebPage","@id":"https:\/\/maringapost.com.br\/orlandogonzalez\/2021\/03\/18\/radio-maringa-copa-do-mundo-de-espada-comeca-nesta-sexta-na-russia\/","url":"https:\/\/maringapost.com.br\/orlandogonzalez\/2021\/03\/18\/radio-maringa-copa-do-mundo-de-espada-comeca-nesta-sexta-na-russia\/","name":"R\u00c1DIO MARING\u00c1 - Copa do Mundo de Espada come\u00e7a nesta sexta na R\u00fassia - Orlando Gonzalez","isPartOf":{"@id":"https:\/\/maringapost.com.br\/orlandogonzalez\/#website"},"primaryImageOfPage":{"@id":"https:\/\/maringapost.com.br\/orlandogonzalez\/2021\/03\/18\/radio-maringa-copa-do-mundo-de-espada-comeca-nesta-sexta-na-russia\/#primaryimage"},"image":{"@id":"https:\/\/maringapost.com.br\/orlandogonzalez\/2021\/03\/18\/radio-maringa-copa-do-mundo-de-espada-comeca-nesta-sexta-na-russia\/#primaryimage"},"thumbnailUrl":"https:\/\/maringapost.com.br\/orlandogonzalez\/wp-content\/uploads\/sites\/17\/2021\/03\/esgrima.jpg","datePublished":"2021-03-18T20:30:33+00:00","dateModified":"2021-03-18T20:38:48+00:00","author":{"@id":"https:\/\/maringapost.com.br\/orlandogonzalez\/#\/schema\/person\/5cbe6257d08edea6afc9ebaa613b0633"},"inLanguage":"pt-BR","potentialAction":[{"@type":"ReadAction","target":["https:\/\/maringapost.com.br\/orlandogonzalez\/2021\/03\/18\/radio-maringa-copa-do-mundo-de-espada-comeca-nesta-sexta-na-russia\/"]}]},{"@type":"ImageObject","inLanguage":"pt-BR","@id":"https:\/\/maringapost.com.br\/orlandogonzalez\/2021\/03\/18\/radio-maringa-copa-do-mundo-de-espada-comeca-nesta-sexta-na-russia\/#primaryimage","url":"https:\/\/maringapost.com.br\/orlandogonzalez\/wp-content\/uploads\/sites\/17\/2021\/03\/esgrima.jpg","contentUrl":"https:\/\/maringapost.com.br\/orlandogonzalez\/wp-content\/uploads\/sites\/17\/2021\/03\/esgrima.jpg","width":1170,"height":700},{"@type":"WebSite","@id":"https:\/\/maringapost.com.br\/orlandogonzalez\/#website","url":"https:\/\/maringapost.com.br\/orlandogonzalez\/","name":"Orlando Gonzalez","description":"Destaca o esporte de Maring\u00e1! Destaca o esporte do Paran\u00e1! Destaca o esporte do Brasil!","potentialAction":[{"@type":"SearchAction","target":{"@type":"EntryPoint","urlTemplate":"https:\/\/maringapost.com.br\/orlandogonzalez\/?s={search_term_string}"},"query-input":"required name=search_term_string"}],"inLanguage":"pt-BR"},{"@type":"Person","@id":"https:\/\/maringapost.com.br\/orlandogonzalez\/#\/schema\/person\/5cbe6257d08edea6afc9ebaa613b0633","name":"Orlando Gonzalez","image":{"@type":"ImageObject","inLanguage":"pt-BR","@id":"https:\/\/maringapost.com.br\/orlandogonzalez\/#\/schema\/person\/image\/","url":"https:\/\/secure.gravatar.com\/avatar\/ecef9d1c9afe5ebdafadde8369065ba5?s=96&d=mm&r=g","contentUrl":"https:\/\/secure.gravatar.com\/avatar\/ecef9d1c9afe5ebdafadde8369065ba5?s=96&d=mm&r=g","caption":"Orlando Gonzalez"},"description":"H\u00e1 29 anos na cobertura do esporte de Maring\u00e1. Plant\u00e3o e narrador esportivo. Presta\u00e7\u00e3o de assessoria de imprensa esportiva, cobertura e transmiss\u00f5es ao vivo de eventos esportivos. E-mail: orlandogonzalez.assessoria@gmail.com WhatsApp: (44) 9 9126-6119","sameAs":["http:\/\/www.radiomaringa.com.br\/","https:\/\/www.facebook.com\/profile.php?id=100011095815065","https:\/\/www.instagram.com\/orlandomgonzalez\/","https:\/\/br.pinterest.com\/ogonzalez0530\/","https:\/\/x.com\/gonzalezorlando","https:\/\/www.youtube.com\/channel\/UCvFpl55btth8wjnKiSS1ibA","https:\/\/radiomaringaweb.tumblr.com\/"],"url":"https:\/\/maringapost.com.br\/orlandogonzalez\/author\/orlando\/"}]}},"_links":{"self":[{"href":"https:\/\/maringapost.com.br\/orlandogonzalez\/wp-json\/wp\/v2\/posts\/45478"}],"collection":[{"href":"https:\/\/maringapost.com.br\/orlandogonzalez\/wp-json\/wp\/v2\/posts"}],"about":[{"href":"https:\/\/maringapost.com.br\/orlandogonzalez\/wp-json\/wp\/v2\/types\/post"}],"author":[{"embeddable":true,"href":"https:\/\/maringapost.com.br\/orlandogonzalez\/wp-json\/wp\/v2\/users\/6307"}],"replies":[{"embeddable":true,"href":"https:\/\/maringapost.com.br\/orlandogonzalez\/wp-json\/wp\/v2\/comments?post=45478"}],"version-history":[{"count":4,"href":"https:\/\/maringapost.com.br\/orlandogonzalez\/wp-json\/wp\/v2\/posts\/45478\/revisions"}],"predecessor-version":[{"id":45483,"href":"https:\/\/maringapost.com.br\/orlandogonzalez\/wp-json\/wp\/v2\/posts\/45478\/revisions\/45483"}],"wp:featuredmedia":[{"embeddable":true,"href":"https:\/\/maringapost.com.br\/orlandogonzalez\/wp-json\/wp\/v2\/media\/45479"}],"wp:attachment":[{"href":"https:\/\/maringapost.com.br\/orlandogonzalez\/wp-json\/wp\/v2\/media?parent=45478"}],"wp:term":[{"taxonomy":"category","embeddable":true,"href":"https:\/\/maringapost.com.br\/orlandogonzalez\/wp-json\/wp\/v2\/categories?post=45478"},{"taxonomy":"post_tag","embeddable":true,"href":"https:\/\/maringapost.com.br\/orlandogonzalez\/wp-json\/wp\/v2\/tags?post=45478"}],"curies":[{"name":"wp","href":"https:\/\/api.w.org\/{rel}","templated":true}]}}