{"id":45101,"date":"2021-03-05T13:12:14","date_gmt":"2021-03-05T16:12:14","guid":{"rendered":"http:\/\/maringapost.com.br\/orlandogonzalez\/?p=45101"},"modified":"2021-03-05T13:12:19","modified_gmt":"2021-03-05T16:12:19","slug":"radio-maringa-selecao-brasileira-de-esgrima-e-definida-para-competicoes-internacionais","status":"publish","type":"post","link":"https:\/\/maringapost.com.br\/orlandogonzalez\/2021\/03\/05\/radio-maringa-selecao-brasileira-de-esgrima-e-definida-para-competicoes-internacionais\/","title":{"rendered":"R\u00c1DIO MARING\u00c1 &#8211; Sele\u00e7\u00e3o Brasileira de Esgrima \u00e9 definida para competi\u00e7\u00f5es internacionais"},"content":{"rendered":"<p style=\"margin: 0px 0px 1.3rem;color: #495057;font-family: 'Source Serif Pro', serif;font-size: 16px;background-color: #f7f8f9\"><span style=\"font-size: 24px\">A Confedera\u00e7\u00e3o Brasileira de Esgrima (CBE) definiu na quinta-feira (4) a equipe nacional para os primeiros torneios internacionais da temporada. Ser\u00e3o 13 atletas representando o Brasil ao redor do mundo neste m\u00eas de mar\u00e7o, ap\u00f3s um ano de paralisa\u00e7\u00e3o do calend\u00e1rio pela pandemia do novo coronav\u00edrus (covid-19). Desse grupo, 11 ter\u00e3o a viagem totalmente custeada pela CBE, al\u00e9m de cinco t\u00e9cnicos e um preparador f\u00edsico. Os outros dois atletas participar\u00e3o atrav\u00e9s de recursos pr\u00f3prios.<img decoding=\"async\" style=\"border: 0px none;vertical-align: middle;height: 1px;width: 1px\" src=\"https:\/\/agenciabrasil.ebc.com.br\/ebc.png?id=1403003&amp;o=node\" \/><img decoding=\"async\" style=\"border: 0px none;vertical-align: middle;height: 1px;width: 1px\" src=\"https:\/\/agenciabrasil.ebc.com.br\/ebc.gif?id=1403003&amp;o=node\" \/><\/span><\/p>\n<p style=\"margin: 0px 0px 1.3rem;color: #495057;font-family: 'Source Serif Pro', serif;font-size: 16px;background-color: #f7f8f9\"><span style=\"font-size: 24px\">Na Copa do Mundo de Sabre, a primeira das tr\u00eas competi\u00e7\u00f5es, prevista para os dias 10 e\u00a014 de mar\u00e7o, na cidade de Budapeste (HUN), participar\u00e3o Luana Pekelman, Pietra Chierighini, Karina Trois, Bruno Pekelman, Henrique Garrig\u00f3s, Enrico Pezzi e Matheus Becker. Os t\u00e9cnicos ser\u00e3o Alkhas Lakerbai e R\u00e9gis Trois. No final\u00a0de abril, Bruno Pekelman e Karina Trois disputar\u00e3o tamb\u00e9m o Pr\u00e9-Ol\u00edmpico no final de abril, no Panam\u00e1.<\/span><\/p>\n<p style=\"margin: 0px 0px 1.3rem;color: #495057;font-family: 'Source Serif Pro', serif;font-size: 16px;background-color: #f7f8f9\"><span style=\"font-size: 24px\">Na espada, Nathalie Moellhausen, Amanda Sime\u00e3o e Marcela Silva\u00a0ter\u00e3o a orienta\u00e7\u00e3o do t\u00e9cnico Marcos Cardoso no torneio em Kazan (RUS), entre os dias 19 e 23. Nathalie,\u00a0segunda\u00a0colocada no ranking mundial, j\u00e1 est\u00e1 praticamente garantida na Olimp\u00edada.<\/span><\/p>\n<p style=\"margin: 0px 0px 1.3rem;color: #495057;font-family: 'Source Serif Pro', serif;font-size: 16px;background-color: #f7f8f9\"><span style=\"font-size: 24px\">Finalmente, o GP de Florete, em Doha (QAT), entre os dias 26 e\u00a028 de mar\u00e7o,\u00a0ter\u00e1 as presen\u00e7as de Bia Bulc\u00e3o, Rafaela Gomes e Guilherme Toldo, al\u00e9m dos t\u00e9cnicos Alessandra Nucci e Luca Maria Papale e do preparador f\u00edsico Luca Simoncelli. Bia Bulc\u00e3o vai buscar a vaga em T\u00f3quio atrav\u00e9s do Pr\u00e9-Ol\u00edmpico. Toldo deve entrar atrav\u00e9s do ranking.<\/span><\/p>\n<p style=\"margin: 0px 0px 1.3rem;color: #495057;font-family: 'Source Serif Pro', serif;font-size: 16px;background-color: #f7f8f9\"><span style=\"font-size: 24px\">O Brasil pode\u00a0ter\u00a0at\u00e9 seis atletas nos Jogos de T\u00f3quio. Al\u00e9m de Bruno Pekelman, Karina Trois, Nathalie Moellhausen, Bia Bulc\u00e3o e Guilherme Toldo, o espadista Athos Schwantes tentar\u00e1 conquistar a vaga masculina no Pr\u00e9-Ol\u00edmpico no Panam\u00e1.<\/span><\/p>\n<p style=\"margin: 0px 0px 1.3rem;color: #495057;font-family: 'Source Serif Pro', serif;font-size: 16px;background-color: #f7f8f9\"><span style=\"font-size: 24px\">(Texto: Juliano Justo\/Ag\u00eancia Brasil. Foto: CBE\/Divulga\u00e7\u00e3o)<\/span><\/p>\n","protected":false},"excerpt":{"rendered":"<p>A Confedera\u00e7\u00e3o Brasileira de Esgrima (CBE) definiu na quinta-feira (4) a equipe nacional para os primeiros torneios internacionais da temporada. Ser\u00e3o 13 atletas representando o Brasil ao redor do mundo neste m\u00eas de mar\u00e7o, ap\u00f3s um ano de paralisa\u00e7\u00e3o do calend\u00e1rio pela pandemia do novo coronav\u00edrus (covid-19). Desse grupo, 11 ter\u00e3o a viagem totalmente custeada [&hellip;]<\/p>\n","protected":false},"author":6307,"featured_media":45102,"comment_status":"closed","ping_status":"open","sticky":false,"template":"","format":"standard","meta":{"_exactmetrics_skip_tracking":false,"_exactmetrics_sitenote_active":false,"_exactmetrics_sitenote_note":"","_exactmetrics_sitenote_category":0,"footnotes":""},"categories":[5317],"tags":[14082,47],"yoast_head":"<!-- This site is optimized with the Yoast SEO Premium plugin v22.7 (Yoast SEO v22.7) - https:\/\/yoast.com\/wordpress\/plugins\/seo\/ -->\n<title>R\u00c1DIO MARING\u00c1 - Sele\u00e7\u00e3o Brasileira de Esgrima \u00e9 definida para competi\u00e7\u00f5es internacionais - Orlando Gonzalez<\/title>\n<meta name=\"robots\" content=\"index, follow, max-snippet:-1, max-image-preview:large, max-video-preview:-1\" \/>\n<link rel=\"canonical\" href=\"https:\/\/maringapost.com.br\/orlandogonzalez\/2021\/03\/05\/radio-maringa-selecao-brasileira-de-esgrima-e-definida-para-competicoes-internacionais\/\" \/>\n<meta property=\"og:locale\" content=\"pt_BR\" \/>\n<meta property=\"og:type\" content=\"article\" \/>\n<meta property=\"og:title\" content=\"R\u00c1DIO MARING\u00c1 - Sele\u00e7\u00e3o Brasileira de Esgrima \u00e9 definida para competi\u00e7\u00f5es internacionais\" \/>\n<meta property=\"og:description\" content=\"A Confedera\u00e7\u00e3o Brasileira de Esgrima (CBE) definiu na quinta-feira (4) a equipe nacional para os primeiros torneios internacionais da temporada. Ser\u00e3o 13 atletas representando o Brasil ao redor do mundo neste m\u00eas de mar\u00e7o, ap\u00f3s um ano de paralisa\u00e7\u00e3o do calend\u00e1rio pela pandemia do novo coronav\u00edrus (covid-19). Desse grupo, 11 ter\u00e3o a viagem totalmente custeada [&hellip;]\" \/>\n<meta property=\"og:url\" content=\"https:\/\/maringapost.com.br\/orlandogonzalez\/2021\/03\/05\/radio-maringa-selecao-brasileira-de-esgrima-e-definida-para-competicoes-internacionais\/\" \/>\n<meta property=\"og:site_name\" content=\"Orlando Gonzalez\" \/>\n<meta property=\"article:author\" content=\"https:\/\/www.facebook.com\/profile.php?id=100011095815065\" \/>\n<meta property=\"article:published_time\" content=\"2021-03-05T16:12:14+00:00\" \/>\n<meta property=\"article:modified_time\" content=\"2021-03-05T16:12:19+00:00\" \/>\n<meta property=\"og:image\" content=\"https:\/\/maringapost.com.br\/orlandogonzalez\/wp-content\/uploads\/sites\/17\/2021\/03\/esgrimabrasil.jpg\" \/>\n\t<meta property=\"og:image:width\" content=\"1170\" \/>\n\t<meta property=\"og:image:height\" content=\"700\" \/>\n\t<meta property=\"og:image:type\" content=\"image\/jpeg\" \/>\n<meta name=\"author\" content=\"Orlando Gonzalez\" \/>\n<meta name=\"twitter:card\" content=\"summary_large_image\" \/>\n<meta name=\"twitter:creator\" content=\"@gonzalezorlando\" \/>\n<meta name=\"twitter:label1\" content=\"Escrito por\" \/>\n\t<meta name=\"twitter:data1\" content=\"\" \/>\n\t<meta name=\"twitter:label2\" content=\"Est. tempo de leitura\" \/>\n\t<meta name=\"twitter:data2\" content=\"2 minutos\" \/>\n<script type=\"application\/ld+json\" class=\"yoast-schema-graph\">{\"@context\":\"https:\/\/schema.org\",\"@graph\":[{\"@type\":\"WebPage\",\"@id\":\"https:\/\/maringapost.com.br\/orlandogonzalez\/2021\/03\/05\/radio-maringa-selecao-brasileira-de-esgrima-e-definida-para-competicoes-internacionais\/\",\"url\":\"https:\/\/maringapost.com.br\/orlandogonzalez\/2021\/03\/05\/radio-maringa-selecao-brasileira-de-esgrima-e-definida-para-competicoes-internacionais\/\",\"name\":\"R\u00c1DIO MARING\u00c1 - Sele\u00e7\u00e3o Brasileira de Esgrima \u00e9 definida para competi\u00e7\u00f5es internacionais - Orlando Gonzalez\",\"isPartOf\":{\"@id\":\"https:\/\/maringapost.com.br\/orlandogonzalez\/#website\"},\"primaryImageOfPage\":{\"@id\":\"https:\/\/maringapost.com.br\/orlandogonzalez\/2021\/03\/05\/radio-maringa-selecao-brasileira-de-esgrima-e-definida-para-competicoes-internacionais\/#primaryimage\"},\"image\":{\"@id\":\"https:\/\/maringapost.com.br\/orlandogonzalez\/2021\/03\/05\/radio-maringa-selecao-brasileira-de-esgrima-e-definida-para-competicoes-internacionais\/#primaryimage\"},\"thumbnailUrl\":\"https:\/\/maringapost.com.br\/orlandogonzalez\/wp-content\/uploads\/sites\/17\/2021\/03\/esgrimabrasil.jpg\",\"datePublished\":\"2021-03-05T16:12:14+00:00\",\"dateModified\":\"2021-03-05T16:12:19+00:00\",\"author\":{\"@id\":\"https:\/\/maringapost.com.br\/orlandogonzalez\/#\/schema\/person\/5cbe6257d08edea6afc9ebaa613b0633\"},\"inLanguage\":\"pt-BR\",\"potentialAction\":[{\"@type\":\"ReadAction\",\"target\":[\"https:\/\/maringapost.com.br\/orlandogonzalez\/2021\/03\/05\/radio-maringa-selecao-brasileira-de-esgrima-e-definida-para-competicoes-internacionais\/\"]}]},{\"@type\":\"ImageObject\",\"inLanguage\":\"pt-BR\",\"@id\":\"https:\/\/maringapost.com.br\/orlandogonzalez\/2021\/03\/05\/radio-maringa-selecao-brasileira-de-esgrima-e-definida-para-competicoes-internacionais\/#primaryimage\",\"url\":\"https:\/\/maringapost.com.br\/orlandogonzalez\/wp-content\/uploads\/sites\/17\/2021\/03\/esgrimabrasil.jpg\",\"contentUrl\":\"https:\/\/maringapost.com.br\/orlandogonzalez\/wp-content\/uploads\/sites\/17\/2021\/03\/esgrimabrasil.jpg\",\"width\":1170,\"height\":700},{\"@type\":\"WebSite\",\"@id\":\"https:\/\/maringapost.com.br\/orlandogonzalez\/#website\",\"url\":\"https:\/\/maringapost.com.br\/orlandogonzalez\/\",\"name\":\"Orlando Gonzalez\",\"description\":\"Destaca o esporte de Maring\u00e1! Destaca o esporte do Paran\u00e1! Destaca o esporte do Brasil!\",\"potentialAction\":[{\"@type\":\"SearchAction\",\"target\":{\"@type\":\"EntryPoint\",\"urlTemplate\":\"https:\/\/maringapost.com.br\/orlandogonzalez\/?s={search_term_string}\"},\"query-input\":\"required name=search_term_string\"}],\"inLanguage\":\"pt-BR\"},{\"@type\":\"Person\",\"@id\":\"https:\/\/maringapost.com.br\/orlandogonzalez\/#\/schema\/person\/5cbe6257d08edea6afc9ebaa613b0633\",\"name\":\"Orlando Gonzalez\",\"image\":{\"@type\":\"ImageObject\",\"inLanguage\":\"pt-BR\",\"@id\":\"https:\/\/maringapost.com.br\/orlandogonzalez\/#\/schema\/person\/image\/\",\"url\":\"https:\/\/secure.gravatar.com\/avatar\/ecef9d1c9afe5ebdafadde8369065ba5?s=96&d=mm&r=g\",\"contentUrl\":\"https:\/\/secure.gravatar.com\/avatar\/ecef9d1c9afe5ebdafadde8369065ba5?s=96&d=mm&r=g\",\"caption\":\"Orlando Gonzalez\"},\"description\":\"H\u00e1 29 anos na cobertura do esporte de Maring\u00e1. Plant\u00e3o e narrador esportivo. Presta\u00e7\u00e3o de assessoria de imprensa esportiva, cobertura e transmiss\u00f5es ao vivo de eventos esportivos. E-mail: orlandogonzalez.assessoria@gmail.com WhatsApp: (44) 9 9126-6119\",\"sameAs\":[\"http:\/\/www.radiomaringa.com.br\/\",\"https:\/\/www.facebook.com\/profile.php?id=100011095815065\",\"https:\/\/www.instagram.com\/orlandomgonzalez\/\",\"https:\/\/br.pinterest.com\/ogonzalez0530\/\",\"https:\/\/x.com\/gonzalezorlando\",\"https:\/\/www.youtube.com\/channel\/UCvFpl55btth8wjnKiSS1ibA\",\"https:\/\/radiomaringaweb.tumblr.com\/\"],\"url\":\"https:\/\/maringapost.com.br\/orlandogonzalez\/author\/orlando\/\"}]}<\/script>\n<!-- \/ Yoast SEO Premium plugin. -->","yoast_head_json":{"title":"R\u00c1DIO MARING\u00c1 - Sele\u00e7\u00e3o Brasileira de Esgrima \u00e9 definida para competi\u00e7\u00f5es internacionais - Orlando Gonzalez","robots":{"index":"index","follow":"follow","max-snippet":"max-snippet:-1","max-image-preview":"max-image-preview:large","max-video-preview":"max-video-preview:-1"},"canonical":"https:\/\/maringapost.com.br\/orlandogonzalez\/2021\/03\/05\/radio-maringa-selecao-brasileira-de-esgrima-e-definida-para-competicoes-internacionais\/","og_locale":"pt_BR","og_type":"article","og_title":"R\u00c1DIO MARING\u00c1 - Sele\u00e7\u00e3o Brasileira de Esgrima \u00e9 definida para competi\u00e7\u00f5es internacionais","og_description":"A Confedera\u00e7\u00e3o Brasileira de Esgrima (CBE) definiu na quinta-feira (4) a equipe nacional para os primeiros torneios internacionais da temporada. Ser\u00e3o 13 atletas representando o Brasil ao redor do mundo neste m\u00eas de mar\u00e7o, ap\u00f3s um ano de paralisa\u00e7\u00e3o do calend\u00e1rio pela pandemia do novo coronav\u00edrus (covid-19). Desse grupo, 11 ter\u00e3o a viagem totalmente custeada [&hellip;]","og_url":"https:\/\/maringapost.com.br\/orlandogonzalez\/2021\/03\/05\/radio-maringa-selecao-brasileira-de-esgrima-e-definida-para-competicoes-internacionais\/","og_site_name":"Orlando Gonzalez","article_author":"https:\/\/www.facebook.com\/profile.php?id=100011095815065","article_published_time":"2021-03-05T16:12:14+00:00","article_modified_time":"2021-03-05T16:12:19+00:00","og_image":[{"width":1170,"height":700,"url":"https:\/\/maringapost.com.br\/orlandogonzalez\/wp-content\/uploads\/sites\/17\/2021\/03\/esgrimabrasil.jpg","type":"image\/jpeg"}],"author":"Orlando Gonzalez","twitter_card":"summary_large_image","twitter_creator":"@gonzalezorlando","twitter_misc":{"Escrito por":false,"Est. tempo de leitura":"2 minutos"},"schema":{"@context":"https:\/\/schema.org","@graph":[{"@type":"WebPage","@id":"https:\/\/maringapost.com.br\/orlandogonzalez\/2021\/03\/05\/radio-maringa-selecao-brasileira-de-esgrima-e-definida-para-competicoes-internacionais\/","url":"https:\/\/maringapost.com.br\/orlandogonzalez\/2021\/03\/05\/radio-maringa-selecao-brasileira-de-esgrima-e-definida-para-competicoes-internacionais\/","name":"R\u00c1DIO MARING\u00c1 - Sele\u00e7\u00e3o Brasileira de Esgrima \u00e9 definida para competi\u00e7\u00f5es internacionais - Orlando Gonzalez","isPartOf":{"@id":"https:\/\/maringapost.com.br\/orlandogonzalez\/#website"},"primaryImageOfPage":{"@id":"https:\/\/maringapost.com.br\/orlandogonzalez\/2021\/03\/05\/radio-maringa-selecao-brasileira-de-esgrima-e-definida-para-competicoes-internacionais\/#primaryimage"},"image":{"@id":"https:\/\/maringapost.com.br\/orlandogonzalez\/2021\/03\/05\/radio-maringa-selecao-brasileira-de-esgrima-e-definida-para-competicoes-internacionais\/#primaryimage"},"thumbnailUrl":"https:\/\/maringapost.com.br\/orlandogonzalez\/wp-content\/uploads\/sites\/17\/2021\/03\/esgrimabrasil.jpg","datePublished":"2021-03-05T16:12:14+00:00","dateModified":"2021-03-05T16:12:19+00:00","author":{"@id":"https:\/\/maringapost.com.br\/orlandogonzalez\/#\/schema\/person\/5cbe6257d08edea6afc9ebaa613b0633"},"inLanguage":"pt-BR","potentialAction":[{"@type":"ReadAction","target":["https:\/\/maringapost.com.br\/orlandogonzalez\/2021\/03\/05\/radio-maringa-selecao-brasileira-de-esgrima-e-definida-para-competicoes-internacionais\/"]}]},{"@type":"ImageObject","inLanguage":"pt-BR","@id":"https:\/\/maringapost.com.br\/orlandogonzalez\/2021\/03\/05\/radio-maringa-selecao-brasileira-de-esgrima-e-definida-para-competicoes-internacionais\/#primaryimage","url":"https:\/\/maringapost.com.br\/orlandogonzalez\/wp-content\/uploads\/sites\/17\/2021\/03\/esgrimabrasil.jpg","contentUrl":"https:\/\/maringapost.com.br\/orlandogonzalez\/wp-content\/uploads\/sites\/17\/2021\/03\/esgrimabrasil.jpg","width":1170,"height":700},{"@type":"WebSite","@id":"https:\/\/maringapost.com.br\/orlandogonzalez\/#website","url":"https:\/\/maringapost.com.br\/orlandogonzalez\/","name":"Orlando Gonzalez","description":"Destaca o esporte de Maring\u00e1! Destaca o esporte do Paran\u00e1! Destaca o esporte do Brasil!","potentialAction":[{"@type":"SearchAction","target":{"@type":"EntryPoint","urlTemplate":"https:\/\/maringapost.com.br\/orlandogonzalez\/?s={search_term_string}"},"query-input":"required name=search_term_string"}],"inLanguage":"pt-BR"},{"@type":"Person","@id":"https:\/\/maringapost.com.br\/orlandogonzalez\/#\/schema\/person\/5cbe6257d08edea6afc9ebaa613b0633","name":"Orlando Gonzalez","image":{"@type":"ImageObject","inLanguage":"pt-BR","@id":"https:\/\/maringapost.com.br\/orlandogonzalez\/#\/schema\/person\/image\/","url":"https:\/\/secure.gravatar.com\/avatar\/ecef9d1c9afe5ebdafadde8369065ba5?s=96&d=mm&r=g","contentUrl":"https:\/\/secure.gravatar.com\/avatar\/ecef9d1c9afe5ebdafadde8369065ba5?s=96&d=mm&r=g","caption":"Orlando Gonzalez"},"description":"H\u00e1 29 anos na cobertura do esporte de Maring\u00e1. Plant\u00e3o e narrador esportivo. Presta\u00e7\u00e3o de assessoria de imprensa esportiva, cobertura e transmiss\u00f5es ao vivo de eventos esportivos. E-mail: orlandogonzalez.assessoria@gmail.com WhatsApp: (44) 9 9126-6119","sameAs":["http:\/\/www.radiomaringa.com.br\/","https:\/\/www.facebook.com\/profile.php?id=100011095815065","https:\/\/www.instagram.com\/orlandomgonzalez\/","https:\/\/br.pinterest.com\/ogonzalez0530\/","https:\/\/x.com\/gonzalezorlando","https:\/\/www.youtube.com\/channel\/UCvFpl55btth8wjnKiSS1ibA","https:\/\/radiomaringaweb.tumblr.com\/"],"url":"https:\/\/maringapost.com.br\/orlandogonzalez\/author\/orlando\/"}]}},"_links":{"self":[{"href":"https:\/\/maringapost.com.br\/orlandogonzalez\/wp-json\/wp\/v2\/posts\/45101"}],"collection":[{"href":"https:\/\/maringapost.com.br\/orlandogonzalez\/wp-json\/wp\/v2\/posts"}],"about":[{"href":"https:\/\/maringapost.com.br\/orlandogonzalez\/wp-json\/wp\/v2\/types\/post"}],"author":[{"embeddable":true,"href":"https:\/\/maringapost.com.br\/orlandogonzalez\/wp-json\/wp\/v2\/users\/6307"}],"replies":[{"embeddable":true,"href":"https:\/\/maringapost.com.br\/orlandogonzalez\/wp-json\/wp\/v2\/comments?post=45101"}],"version-history":[{"count":1,"href":"https:\/\/maringapost.com.br\/orlandogonzalez\/wp-json\/wp\/v2\/posts\/45101\/revisions"}],"predecessor-version":[{"id":45103,"href":"https:\/\/maringapost.com.br\/orlandogonzalez\/wp-json\/wp\/v2\/posts\/45101\/revisions\/45103"}],"wp:featuredmedia":[{"embeddable":true,"href":"https:\/\/maringapost.com.br\/orlandogonzalez\/wp-json\/wp\/v2\/media\/45102"}],"wp:attachment":[{"href":"https:\/\/maringapost.com.br\/orlandogonzalez\/wp-json\/wp\/v2\/media?parent=45101"}],"wp:term":[{"taxonomy":"category","embeddable":true,"href":"https:\/\/maringapost.com.br\/orlandogonzalez\/wp-json\/wp\/v2\/categories?post=45101"},{"taxonomy":"post_tag","embeddable":true,"href":"https:\/\/maringapost.com.br\/orlandogonzalez\/wp-json\/wp\/v2\/tags?post=45101"}],"curies":[{"name":"wp","href":"https:\/\/api.w.org\/{rel}","templated":true}]}}