{"id":44695,"date":"2021-02-22T13:19:00","date_gmt":"2021-02-22T16:19:00","guid":{"rendered":"http:\/\/maringapost.com.br\/orlandogonzalez\/?p=44695"},"modified":"2021-02-22T13:19:48","modified_gmt":"2021-02-22T16:19:48","slug":"radio-maringa-guilherme-samaia-disputara-sua-segunda-temporada-na-formula-2","status":"publish","type":"post","link":"https:\/\/maringapost.com.br\/orlandogonzalez\/2021\/02\/22\/radio-maringa-guilherme-samaia-disputara-sua-segunda-temporada-na-formula-2\/","title":{"rendered":"R\u00c1DIO MARING\u00c1 &#8211; Guilherme Samaia disputar\u00e1 sua segunda temporada na F\u00f3rmula 2"},"content":{"rendered":"<p><span style=\"color: #555555;font-family: 'Trebuchet MS', 'Lucida Grande', 'Lucida Sans Unicode', 'Lucida Sans', Tahoma, sans-serif;font-size: 24px;text-align: justify\">Faltando pouco mais de um m\u00eas para o in\u00edcio da temporada 2021 da F\u00f3rmula 2, a equipe Charouz Racing System anunciou nesta segunda-feira (22) a sua dupla de pilotos para o campeonato que come\u00e7a no final de semana de 25 a 27 de mar\u00e7o em Sakhir, no Bahrein. O brasileiro Guilherme Samaia e o alem\u00e3o David Beckmann pilotar\u00e3o os carros do time sediado em Zebrak, cidade pr\u00f3xima de Praga, na Rep\u00fablica Tcheca<a href=\"https:\/\/radiomaringa.com.br\/\" target=\"_blank\" rel=\"noopener\">.<\/a><\/span><\/p>\n<p><span style=\"color: #555555;font-family: 'Trebuchet MS', 'Lucida Grande', 'Lucida Sans Unicode', 'Lucida Sans', Tahoma, sans-serif;font-size: 24px;text-align: justify\">Aos 24 anos de idade, Samaia parte para sua segunda temporada na categoria de acesso \u00e0 F\u00f3rmula 1. E desta vez, ele ser\u00e1 o mais experiente da equipe. Depois de um 2020 de bastante aprendizado na equipe Campos Racing, o paulistano muda de ares depois de um excelente teste de p\u00f3s-temporada com o time em dezembro, no qual esteve sempre entre os mais velozes da pista.<\/span><\/p>\n<p><span style=\"color: #555555;font-family: 'Trebuchet MS', 'Lucida Grande', 'Lucida Sans Unicode', 'Lucida Sans', Tahoma, sans-serif;font-size: 24px;text-align: justify\">\u201cEstou extremamente feliz em me juntar \u00e0 Charouz Racing System para a temporada 2021. Eles me deram uma grande oportunidade no final de 2020, na qual eu pude me reconstruir e mostrar o que a gente pode fazer na pista. A equipe me estimulou muito, trouxe muita energia e fomos muito bem nos testes que fizemos juntos. Estou legitimamente grato em poder trabalhar com um grupo t\u00e3o incr\u00edvel de pessoas. Estou muito confiante de que seremos um time bastante forte neste ano. Vamos acelerar muito\u201d, disse Guilherme.<\/span><\/p>\n<p><span style=\"color: #555555;font-family: 'Trebuchet MS', 'Lucida Grande', 'Lucida Sans Unicode', 'Lucida Sans', Tahoma, sans-serif;font-size: 24px;text-align: justify\">Seu companheiro de equipe \u00e9 o alem\u00e3o David Beckmann, de 20 anos, egresso da F\u00f3rmula 3, na qual venceu duas provas e foi ao p\u00f3dio mais cinco vezes. O estreante tamb\u00e9m esteve nos treinos de p\u00f3s-temporada no Bahrein junto de Guilherme em dezembro.<\/span><\/p>\n<p><span style=\"color: #555555;font-family: 'Trebuchet MS', 'Lucida Grande', 'Lucida Sans Unicode', 'Lucida Sans', Tahoma, sans-serif;font-size: 24px;text-align: justify\">A equipe, fundada por Anton\u00edn Charouz, tem um hist\u00f3rico respeit\u00e1vel dentro do esporte a motor, inicialmente com as provas de longa dura\u00e7\u00e3o e, mais recentemente com os monopostos. Foi pela organiza\u00e7\u00e3o tcheca, ent\u00e3o denominada Lotus, que Pietro Fittipaldi conquistou o t\u00edtulo da antiga World Series em 2017. Brasileiros n\u00e3o s\u00e3o novidade no time: em 2020, Pedro Piquet correu pela equipe na F\u00f3rmula 2, e o time terminou a temporada na s\u00e9tima posi\u00e7\u00e3o com 137 pontos \u2013 incluindo duas voltas mais r\u00e1pidas e cinco presen\u00e7as no p\u00f3dio.<\/span><\/p>\n<p><span style=\"color: #555555;font-family: 'Trebuchet MS', 'Lucida Grande', 'Lucida Sans Unicode', 'Lucida Sans', Tahoma, sans-serif;font-size: 24px;text-align: justify\">\u201cOlhando para a temporada 2020, foi provavelmente uma das mais dif\u00edceis da hist\u00f3ria do esporte a motor, mas conseguimos nos manter fortes e focados para tirar o m\u00e1ximo de tudo aquilo. Estou muito feliz de poder contar com o Guilherme e o David, e estou muito mais confiante para o campeonato que se aproxima. Temos objetivos mais claros em sobre como avan\u00e7ar e isso nos permite estar ainda mais focados no trabalho de pista. J\u00e1 tivemos o prazer de trabalhar com os dois pilotos em testes; os resultados foram positivos e encorajadores para ambos\u201d, afirmou Anton\u00edn Charouz, fundador do time.<\/span><\/p>\n<p><span style=\"color: #555555;font-family: 'Trebuchet MS', 'Lucida Grande', 'Lucida Sans Unicode', 'Lucida Sans', Tahoma, sans-serif;font-size: 24px;text-align: justify\">Tanto a F\u00f3rmula 2 como a F3 ter\u00e3o mudan\u00e7as profundas no formato dos finais de semana a partir de 2021, tudo com o principal objetivo de reduzir os custos para as equipes. Das 12 etapas (de duas corridas cada) em 2020, a categoria ter\u00e1 agora oito, mas com tr\u00eas provas por fim de semana, totalizando as mesmas 24 de anos anteriores.<\/span><\/p>\n<p><span style=\"color: #555555;font-family: 'Trebuchet MS', 'Lucida Grande', 'Lucida Sans Unicode', 'Lucida Sans', Tahoma, sans-serif;font-size: 24px;text-align: justify\">Todas elas ser\u00e3o preliminares da F\u00f3rmula 1. F2 e F3 correr\u00e3o em finais de semana diferentes e Samaia correr\u00e1 com a Charouz\u00a0no Bahrein, em M\u00f4naco, Azerbaij\u00e3o, Inglaterra, It\u00e1lia, R\u00fassia, Ar\u00e1bia Saudita e Abu Dhabi nos oito encontros da temporada 2021.<\/span><\/p>\n<p><span style=\"color: #555555;font-family: 'Trebuchet MS', 'Lucida Grande', 'Lucida Sans Unicode', 'Lucida Sans', Tahoma, sans-serif;font-size: 24px;text-align: justify\">O formato dos finais de semana mant\u00e9m a sexta-feira com um treino livre de 45 minutos e a classifica\u00e7\u00e3o de meia hora que define o grid da prova de domingo. No s\u00e1bado, duas corridas curtas com 120 quil\u00f4metros de dist\u00e2ncia total ou 45 minutos de dura\u00e7\u00e3o: a primeira delas ter\u00e1 a forma\u00e7\u00e3o do grid de acordo com o resultado da classifica\u00e7\u00e3o, entretanto, invertendo os dez primeiros colocados; para a segunda prova do dia, invertem-se os dez primeiros colocados do resultado da prova anterior.<\/span><\/p>\n<p><span style=\"font-size: 24px\"><span style=\"color: #555555;font-family: 'Trebuchet MS', 'Lucida Grande', 'Lucida Sans Unicode', 'Lucida Sans', Tahoma, sans-serif;text-align: justify\">A corrida mais longa, chamada de\u00a0<\/span><em>feature race<\/em><span style=\"color: #555555;font-family: 'Trebuchet MS', 'Lucida Grande', 'Lucida Sans Unicode', 'Lucida Sans', Tahoma, sans-serif;text-align: justify\">, era tradicionalmente disputada no s\u00e1bado e seu resultado invertia os oito primeiros colocados para a prova do dia seguinte, a\u00a0<\/span><em>sprint race<\/em><span style=\"color: #555555;font-family: 'Trebuchet MS', 'Lucida Grande', 'Lucida Sans Unicode', 'Lucida Sans', Tahoma, sans-serif;text-align: justify\">, ou corrida curta. No novo formato, a corrida principal e a \u00faltima atividade do fim de semana da F2 ser\u00e1 a corrida longa, com 170 quil\u00f4metros ou uma hora com um pit stop obrigat\u00f3rio para troca de pneus e cada piloto sendo obrigado a usar dois compostos diferentes de pneus na disputa. Esta corrida ter\u00e1 o grid definido de acordo com o resultado da classifica\u00e7\u00e3o de sexta-feira.<\/span><\/span><\/p>\n<p><span style=\"color: #555555;font-family: 'Trebuchet MS', 'Lucida Grande', 'Lucida Sans Unicode', 'Lucida Sans', Tahoma, sans-serif;font-size: 24px;text-align: justify\">\u201cEstou empolgado com as mudan\u00e7as. No final das contas, teremos mais tempo de pista, e isso \u00e9 importante. 2020 foi um ano muito dif\u00edcil, mas no qual aprendi muito e cresci como piloto. Acho que agora, junto da Charouz, poderemos dar um importante passo adiante\u201d, concluiu Guilherme Samaia.<\/span><\/p>\n<p><span style=\"font-size: 24px\"><strong><u>Confira o calend\u00e1rio 2021 da F\u00f3rmula 2:<\/u><\/strong><\/span><br \/>\n<span style=\"font-size: 24px\"><span style=\"color: #555555;font-family: 'Trebuchet MS', 'Lucida Grande', 'Lucida Sans Unicode', 'Lucida Sans', Tahoma, sans-serif;text-align: justify\">25 a 27 de mar\u00e7o:\u00a0<\/span><strong>Sakhir, Bahrein<br \/>\n<\/strong><span style=\"color: #555555;font-family: 'Trebuchet MS', 'Lucida Grande', 'Lucida Sans Unicode', 'Lucida Sans', Tahoma, sans-serif;text-align: justify\">19 a 21 de maio:\u00a0<\/span><strong>Monte Carlo, M\u00f4naco<br \/>\n<\/strong><span style=\"color: #555555;font-family: 'Trebuchet MS', 'Lucida Grande', 'Lucida Sans Unicode', 'Lucida Sans', Tahoma, sans-serif;text-align: justify\">03 a 05 de junho:\u00a0<\/span><strong>Baku, Azerbaij\u00e3o<br \/>\n<\/strong><span style=\"color: #555555;font-family: 'Trebuchet MS', 'Lucida Grande', 'Lucida Sans Unicode', 'Lucida Sans', Tahoma, sans-serif;text-align: justify\">15 a 17 de julho:\u00a0<\/span><strong>Silverstone, Inglaterra<br \/>\n<\/strong><span style=\"color: #555555;font-family: 'Trebuchet MS', 'Lucida Grande', 'Lucida Sans Unicode', 'Lucida Sans', Tahoma, sans-serif;text-align: justify\">09 a 11 de setembro:\u00a0<\/span><strong>Monza, It\u00e1lia<br \/>\n<\/strong><span style=\"color: #555555;font-family: 'Trebuchet MS', 'Lucida Grande', 'Lucida Sans Unicode', 'Lucida Sans', Tahoma, sans-serif;text-align: justify\">23 a 25 de setembro:\u00a0<\/span><strong>S\u00f3chi, R\u00fassia<br \/>\n<\/strong><span style=\"color: #555555;font-family: 'Trebuchet MS', 'Lucida Grande', 'Lucida Sans Unicode', 'Lucida Sans', Tahoma, sans-serif;text-align: justify\">02 a 04 de dezembro:\u00a0<\/span><strong>Jeddah, Ar\u00e1bia Saudita<br \/>\n<\/strong><span style=\"color: #555555;font-family: 'Trebuchet MS', 'Lucida Grande', 'Lucida Sans Unicode', 'Lucida Sans', Tahoma, sans-serif;text-align: justify\">09 a 11 de dezembro:\u00a0<\/span><strong>Yas Marina, Abu Dhabi<\/strong><\/span><\/p>\n<p><span style=\"font-size: 24px\"><strong>(Assessoria)<\/strong><\/span><\/p>\n","protected":false},"excerpt":{"rendered":"<p>Faltando pouco mais de um m\u00eas para o in\u00edcio da temporada 2021 da F\u00f3rmula 2, a equipe Charouz Racing System anunciou nesta segunda-feira (22) a sua dupla de pilotos para o campeonato que come\u00e7a no final de semana de 25 a 27 de mar\u00e7o em Sakhir, no Bahrein. O brasileiro Guilherme Samaia e o alem\u00e3o [&hellip;]<\/p>\n","protected":false},"author":6307,"featured_media":44696,"comment_status":"closed","ping_status":"open","sticky":false,"template":"","format":"standard","meta":{"_exactmetrics_skip_tracking":false,"_exactmetrics_sitenote_active":false,"_exactmetrics_sitenote_note":"","_exactmetrics_sitenote_category":0,"footnotes":""},"categories":[1267],"tags":[8910,47],"yoast_head":"<!-- This site is optimized with the Yoast SEO Premium plugin v22.7 (Yoast SEO v22.7) - https:\/\/yoast.com\/wordpress\/plugins\/seo\/ -->\n<title>R\u00c1DIO MARING\u00c1 - Guilherme Samaia disputar\u00e1 sua segunda temporada na F\u00f3rmula 2 - Orlando Gonzalez<\/title>\n<meta name=\"robots\" content=\"index, follow, max-snippet:-1, max-image-preview:large, max-video-preview:-1\" \/>\n<link rel=\"canonical\" href=\"https:\/\/maringapost.com.br\/orlandogonzalez\/2021\/02\/22\/radio-maringa-guilherme-samaia-disputara-sua-segunda-temporada-na-formula-2\/\" \/>\n<meta property=\"og:locale\" content=\"pt_BR\" \/>\n<meta property=\"og:type\" content=\"article\" \/>\n<meta property=\"og:title\" content=\"R\u00c1DIO MARING\u00c1 - Guilherme Samaia disputar\u00e1 sua segunda temporada na F\u00f3rmula 2\" \/>\n<meta property=\"og:description\" content=\"Faltando pouco mais de um m\u00eas para o in\u00edcio da temporada 2021 da F\u00f3rmula 2, a equipe Charouz Racing System anunciou nesta segunda-feira (22) a sua dupla de pilotos para o campeonato que come\u00e7a no final de semana de 25 a 27 de mar\u00e7o em Sakhir, no Bahrein. O brasileiro Guilherme Samaia e o alem\u00e3o [&hellip;]\" \/>\n<meta property=\"og:url\" content=\"https:\/\/maringapost.com.br\/orlandogonzalez\/2021\/02\/22\/radio-maringa-guilherme-samaia-disputara-sua-segunda-temporada-na-formula-2\/\" \/>\n<meta property=\"og:site_name\" content=\"Orlando Gonzalez\" \/>\n<meta property=\"article:author\" content=\"https:\/\/www.facebook.com\/profile.php?id=100011095815065\" \/>\n<meta property=\"article:published_time\" content=\"2021-02-22T16:19:00+00:00\" \/>\n<meta property=\"article:modified_time\" content=\"2021-02-22T16:19:48+00:00\" \/>\n<meta property=\"og:image\" content=\"https:\/\/maringapost.com.br\/orlandogonzalez\/wp-content\/uploads\/sites\/17\/2021\/02\/piloto.jpg\" \/>\n\t<meta property=\"og:image:width\" content=\"600\" \/>\n\t<meta property=\"og:image:height\" content=\"400\" \/>\n\t<meta property=\"og:image:type\" content=\"image\/jpeg\" \/>\n<meta name=\"author\" content=\"Orlando Gonzalez\" \/>\n<meta name=\"twitter:card\" content=\"summary_large_image\" \/>\n<meta name=\"twitter:creator\" content=\"@gonzalezorlando\" \/>\n<meta name=\"twitter:label1\" content=\"Escrito por\" \/>\n\t<meta name=\"twitter:data1\" content=\"\" \/>\n\t<meta name=\"twitter:label2\" content=\"Est. tempo de leitura\" \/>\n\t<meta name=\"twitter:data2\" content=\"4 minutos\" \/>\n<script type=\"application\/ld+json\" class=\"yoast-schema-graph\">{\"@context\":\"https:\/\/schema.org\",\"@graph\":[{\"@type\":\"WebPage\",\"@id\":\"https:\/\/maringapost.com.br\/orlandogonzalez\/2021\/02\/22\/radio-maringa-guilherme-samaia-disputara-sua-segunda-temporada-na-formula-2\/\",\"url\":\"https:\/\/maringapost.com.br\/orlandogonzalez\/2021\/02\/22\/radio-maringa-guilherme-samaia-disputara-sua-segunda-temporada-na-formula-2\/\",\"name\":\"R\u00c1DIO MARING\u00c1 - Guilherme Samaia disputar\u00e1 sua segunda temporada na F\u00f3rmula 2 - Orlando Gonzalez\",\"isPartOf\":{\"@id\":\"https:\/\/maringapost.com.br\/orlandogonzalez\/#website\"},\"primaryImageOfPage\":{\"@id\":\"https:\/\/maringapost.com.br\/orlandogonzalez\/2021\/02\/22\/radio-maringa-guilherme-samaia-disputara-sua-segunda-temporada-na-formula-2\/#primaryimage\"},\"image\":{\"@id\":\"https:\/\/maringapost.com.br\/orlandogonzalez\/2021\/02\/22\/radio-maringa-guilherme-samaia-disputara-sua-segunda-temporada-na-formula-2\/#primaryimage\"},\"thumbnailUrl\":\"https:\/\/maringapost.com.br\/orlandogonzalez\/wp-content\/uploads\/sites\/17\/2021\/02\/piloto.jpg\",\"datePublished\":\"2021-02-22T16:19:00+00:00\",\"dateModified\":\"2021-02-22T16:19:48+00:00\",\"author\":{\"@id\":\"https:\/\/maringapost.com.br\/orlandogonzalez\/#\/schema\/person\/5cbe6257d08edea6afc9ebaa613b0633\"},\"inLanguage\":\"pt-BR\",\"potentialAction\":[{\"@type\":\"ReadAction\",\"target\":[\"https:\/\/maringapost.com.br\/orlandogonzalez\/2021\/02\/22\/radio-maringa-guilherme-samaia-disputara-sua-segunda-temporada-na-formula-2\/\"]}]},{\"@type\":\"ImageObject\",\"inLanguage\":\"pt-BR\",\"@id\":\"https:\/\/maringapost.com.br\/orlandogonzalez\/2021\/02\/22\/radio-maringa-guilherme-samaia-disputara-sua-segunda-temporada-na-formula-2\/#primaryimage\",\"url\":\"https:\/\/maringapost.com.br\/orlandogonzalez\/wp-content\/uploads\/sites\/17\/2021\/02\/piloto.jpg\",\"contentUrl\":\"https:\/\/maringapost.com.br\/orlandogonzalez\/wp-content\/uploads\/sites\/17\/2021\/02\/piloto.jpg\",\"width\":600,\"height\":400},{\"@type\":\"WebSite\",\"@id\":\"https:\/\/maringapost.com.br\/orlandogonzalez\/#website\",\"url\":\"https:\/\/maringapost.com.br\/orlandogonzalez\/\",\"name\":\"Orlando Gonzalez\",\"description\":\"Destaca o esporte de Maring\u00e1! Destaca o esporte do Paran\u00e1! Destaca o esporte do Brasil!\",\"potentialAction\":[{\"@type\":\"SearchAction\",\"target\":{\"@type\":\"EntryPoint\",\"urlTemplate\":\"https:\/\/maringapost.com.br\/orlandogonzalez\/?s={search_term_string}\"},\"query-input\":\"required name=search_term_string\"}],\"inLanguage\":\"pt-BR\"},{\"@type\":\"Person\",\"@id\":\"https:\/\/maringapost.com.br\/orlandogonzalez\/#\/schema\/person\/5cbe6257d08edea6afc9ebaa613b0633\",\"name\":\"Orlando Gonzalez\",\"image\":{\"@type\":\"ImageObject\",\"inLanguage\":\"pt-BR\",\"@id\":\"https:\/\/maringapost.com.br\/orlandogonzalez\/#\/schema\/person\/image\/\",\"url\":\"https:\/\/secure.gravatar.com\/avatar\/ecef9d1c9afe5ebdafadde8369065ba5?s=96&d=mm&r=g\",\"contentUrl\":\"https:\/\/secure.gravatar.com\/avatar\/ecef9d1c9afe5ebdafadde8369065ba5?s=96&d=mm&r=g\",\"caption\":\"Orlando Gonzalez\"},\"description\":\"H\u00e1 29 anos na cobertura do esporte de Maring\u00e1. Plant\u00e3o e narrador esportivo. Presta\u00e7\u00e3o de assessoria de imprensa esportiva, cobertura e transmiss\u00f5es ao vivo de eventos esportivos. E-mail: orlandogonzalez.assessoria@gmail.com WhatsApp: (44) 9 9126-6119\",\"sameAs\":[\"http:\/\/www.radiomaringa.com.br\/\",\"https:\/\/www.facebook.com\/profile.php?id=100011095815065\",\"https:\/\/www.instagram.com\/orlandomgonzalez\/\",\"https:\/\/br.pinterest.com\/ogonzalez0530\/\",\"https:\/\/x.com\/gonzalezorlando\",\"https:\/\/www.youtube.com\/channel\/UCvFpl55btth8wjnKiSS1ibA\",\"https:\/\/radiomaringaweb.tumblr.com\/\"],\"url\":\"https:\/\/maringapost.com.br\/orlandogonzalez\/author\/orlando\/\"}]}<\/script>\n<!-- \/ Yoast SEO Premium plugin. -->","yoast_head_json":{"title":"R\u00c1DIO MARING\u00c1 - Guilherme Samaia disputar\u00e1 sua segunda temporada na F\u00f3rmula 2 - Orlando Gonzalez","robots":{"index":"index","follow":"follow","max-snippet":"max-snippet:-1","max-image-preview":"max-image-preview:large","max-video-preview":"max-video-preview:-1"},"canonical":"https:\/\/maringapost.com.br\/orlandogonzalez\/2021\/02\/22\/radio-maringa-guilherme-samaia-disputara-sua-segunda-temporada-na-formula-2\/","og_locale":"pt_BR","og_type":"article","og_title":"R\u00c1DIO MARING\u00c1 - Guilherme Samaia disputar\u00e1 sua segunda temporada na F\u00f3rmula 2","og_description":"Faltando pouco mais de um m\u00eas para o in\u00edcio da temporada 2021 da F\u00f3rmula 2, a equipe Charouz Racing System anunciou nesta segunda-feira (22) a sua dupla de pilotos para o campeonato que come\u00e7a no final de semana de 25 a 27 de mar\u00e7o em Sakhir, no Bahrein. O brasileiro Guilherme Samaia e o alem\u00e3o [&hellip;]","og_url":"https:\/\/maringapost.com.br\/orlandogonzalez\/2021\/02\/22\/radio-maringa-guilherme-samaia-disputara-sua-segunda-temporada-na-formula-2\/","og_site_name":"Orlando Gonzalez","article_author":"https:\/\/www.facebook.com\/profile.php?id=100011095815065","article_published_time":"2021-02-22T16:19:00+00:00","article_modified_time":"2021-02-22T16:19:48+00:00","og_image":[{"width":600,"height":400,"url":"https:\/\/maringapost.com.br\/orlandogonzalez\/wp-content\/uploads\/sites\/17\/2021\/02\/piloto.jpg","type":"image\/jpeg"}],"author":"Orlando Gonzalez","twitter_card":"summary_large_image","twitter_creator":"@gonzalezorlando","twitter_misc":{"Escrito por":false,"Est. tempo de leitura":"4 minutos"},"schema":{"@context":"https:\/\/schema.org","@graph":[{"@type":"WebPage","@id":"https:\/\/maringapost.com.br\/orlandogonzalez\/2021\/02\/22\/radio-maringa-guilherme-samaia-disputara-sua-segunda-temporada-na-formula-2\/","url":"https:\/\/maringapost.com.br\/orlandogonzalez\/2021\/02\/22\/radio-maringa-guilherme-samaia-disputara-sua-segunda-temporada-na-formula-2\/","name":"R\u00c1DIO MARING\u00c1 - Guilherme Samaia disputar\u00e1 sua segunda temporada na F\u00f3rmula 2 - Orlando Gonzalez","isPartOf":{"@id":"https:\/\/maringapost.com.br\/orlandogonzalez\/#website"},"primaryImageOfPage":{"@id":"https:\/\/maringapost.com.br\/orlandogonzalez\/2021\/02\/22\/radio-maringa-guilherme-samaia-disputara-sua-segunda-temporada-na-formula-2\/#primaryimage"},"image":{"@id":"https:\/\/maringapost.com.br\/orlandogonzalez\/2021\/02\/22\/radio-maringa-guilherme-samaia-disputara-sua-segunda-temporada-na-formula-2\/#primaryimage"},"thumbnailUrl":"https:\/\/maringapost.com.br\/orlandogonzalez\/wp-content\/uploads\/sites\/17\/2021\/02\/piloto.jpg","datePublished":"2021-02-22T16:19:00+00:00","dateModified":"2021-02-22T16:19:48+00:00","author":{"@id":"https:\/\/maringapost.com.br\/orlandogonzalez\/#\/schema\/person\/5cbe6257d08edea6afc9ebaa613b0633"},"inLanguage":"pt-BR","potentialAction":[{"@type":"ReadAction","target":["https:\/\/maringapost.com.br\/orlandogonzalez\/2021\/02\/22\/radio-maringa-guilherme-samaia-disputara-sua-segunda-temporada-na-formula-2\/"]}]},{"@type":"ImageObject","inLanguage":"pt-BR","@id":"https:\/\/maringapost.com.br\/orlandogonzalez\/2021\/02\/22\/radio-maringa-guilherme-samaia-disputara-sua-segunda-temporada-na-formula-2\/#primaryimage","url":"https:\/\/maringapost.com.br\/orlandogonzalez\/wp-content\/uploads\/sites\/17\/2021\/02\/piloto.jpg","contentUrl":"https:\/\/maringapost.com.br\/orlandogonzalez\/wp-content\/uploads\/sites\/17\/2021\/02\/piloto.jpg","width":600,"height":400},{"@type":"WebSite","@id":"https:\/\/maringapost.com.br\/orlandogonzalez\/#website","url":"https:\/\/maringapost.com.br\/orlandogonzalez\/","name":"Orlando Gonzalez","description":"Destaca o esporte de Maring\u00e1! Destaca o esporte do Paran\u00e1! Destaca o esporte do Brasil!","potentialAction":[{"@type":"SearchAction","target":{"@type":"EntryPoint","urlTemplate":"https:\/\/maringapost.com.br\/orlandogonzalez\/?s={search_term_string}"},"query-input":"required name=search_term_string"}],"inLanguage":"pt-BR"},{"@type":"Person","@id":"https:\/\/maringapost.com.br\/orlandogonzalez\/#\/schema\/person\/5cbe6257d08edea6afc9ebaa613b0633","name":"Orlando Gonzalez","image":{"@type":"ImageObject","inLanguage":"pt-BR","@id":"https:\/\/maringapost.com.br\/orlandogonzalez\/#\/schema\/person\/image\/","url":"https:\/\/secure.gravatar.com\/avatar\/ecef9d1c9afe5ebdafadde8369065ba5?s=96&d=mm&r=g","contentUrl":"https:\/\/secure.gravatar.com\/avatar\/ecef9d1c9afe5ebdafadde8369065ba5?s=96&d=mm&r=g","caption":"Orlando Gonzalez"},"description":"H\u00e1 29 anos na cobertura do esporte de Maring\u00e1. Plant\u00e3o e narrador esportivo. Presta\u00e7\u00e3o de assessoria de imprensa esportiva, cobertura e transmiss\u00f5es ao vivo de eventos esportivos. E-mail: orlandogonzalez.assessoria@gmail.com WhatsApp: (44) 9 9126-6119","sameAs":["http:\/\/www.radiomaringa.com.br\/","https:\/\/www.facebook.com\/profile.php?id=100011095815065","https:\/\/www.instagram.com\/orlandomgonzalez\/","https:\/\/br.pinterest.com\/ogonzalez0530\/","https:\/\/x.com\/gonzalezorlando","https:\/\/www.youtube.com\/channel\/UCvFpl55btth8wjnKiSS1ibA","https:\/\/radiomaringaweb.tumblr.com\/"],"url":"https:\/\/maringapost.com.br\/orlandogonzalez\/author\/orlando\/"}]}},"_links":{"self":[{"href":"https:\/\/maringapost.com.br\/orlandogonzalez\/wp-json\/wp\/v2\/posts\/44695"}],"collection":[{"href":"https:\/\/maringapost.com.br\/orlandogonzalez\/wp-json\/wp\/v2\/posts"}],"about":[{"href":"https:\/\/maringapost.com.br\/orlandogonzalez\/wp-json\/wp\/v2\/types\/post"}],"author":[{"embeddable":true,"href":"https:\/\/maringapost.com.br\/orlandogonzalez\/wp-json\/wp\/v2\/users\/6307"}],"replies":[{"embeddable":true,"href":"https:\/\/maringapost.com.br\/orlandogonzalez\/wp-json\/wp\/v2\/comments?post=44695"}],"version-history":[{"count":1,"href":"https:\/\/maringapost.com.br\/orlandogonzalez\/wp-json\/wp\/v2\/posts\/44695\/revisions"}],"predecessor-version":[{"id":44697,"href":"https:\/\/maringapost.com.br\/orlandogonzalez\/wp-json\/wp\/v2\/posts\/44695\/revisions\/44697"}],"wp:featuredmedia":[{"embeddable":true,"href":"https:\/\/maringapost.com.br\/orlandogonzalez\/wp-json\/wp\/v2\/media\/44696"}],"wp:attachment":[{"href":"https:\/\/maringapost.com.br\/orlandogonzalez\/wp-json\/wp\/v2\/media?parent=44695"}],"wp:term":[{"taxonomy":"category","embeddable":true,"href":"https:\/\/maringapost.com.br\/orlandogonzalez\/wp-json\/wp\/v2\/categories?post=44695"},{"taxonomy":"post_tag","embeddable":true,"href":"https:\/\/maringapost.com.br\/orlandogonzalez\/wp-json\/wp\/v2\/tags?post=44695"}],"curies":[{"name":"wp","href":"https:\/\/api.w.org\/{rel}","templated":true}]}}