{"id":44408,"date":"2021-02-17T08:49:17","date_gmt":"2021-02-17T11:49:17","guid":{"rendered":"http:\/\/maringapost.com.br\/orlandogonzalez\/?p=44408"},"modified":"2021-02-17T08:57:08","modified_gmt":"2021-02-17T11:57:08","slug":"radio-maringa-variante-do-covid-19-faz-colombia-vetar-entrada-da-selecao-de-basquete","status":"publish","type":"post","link":"https:\/\/maringapost.com.br\/orlandogonzalez\/2021\/02\/17\/radio-maringa-variante-do-covid-19-faz-colombia-vetar-entrada-da-selecao-de-basquete\/","title":{"rendered":"R\u00c1DIO MARING\u00c1 &#8211; Variante do covid-19 faz Col\u00f4mbia vetar entrada da sele\u00e7\u00e3o de basquete"},"content":{"rendered":"<p>O Minist\u00e9rio da Sa\u00fade da Col\u00f4mbia proibiu a entrada no pa\u00eds da sele\u00e7\u00e3o brasileira masculina de basquete que disputaria as duas \u00faltimas rodadas das eliminat\u00f3rias da AmeriCup, a Copa Am\u00e9rica da modalidade. A Confedera\u00e7\u00e3o Brasileira de Basquete (CBB) foi comunicada pela semelhante colombiana na \u00faltima segunda-feira (15), e confirmou nesta ter\u00e7a-feira (16), que a equipe n\u00e3o enfrentar\u00e1 Panam\u00e1 e Paraguai nos jogos destes domingo (21) e segunda-feira (22), em Cali. O Brasil j\u00e1 est\u00e1 classificado para a competi\u00e7\u00e3o continental, que ser\u00e1 em 2022. Conforme nota divulgada pela CBB, o veto leva em conta a pandemia e a \u201cvariante brasileira\u201d do novo coronav\u00edrus (covid-19).<img decoding=\"async\" src=\"https:\/\/agenciabrasil.ebc.com.br\/ebc.png?id=1401496&amp;o=node\" \/><img decoding=\"async\" src=\"https:\/\/agenciabrasil.ebc.com.br\/ebc.gif?id=1401496&amp;o=node\" \/><\/p>\n<p>O governo colombiano comunicou a proibi\u00e7\u00e3o \u00e0 federa\u00e7\u00e3o local na \u00faltima sexta-feira (12). A Federa\u00e7\u00e3o Internacional de Basquete (FIBA) foi acionada para buscar uma libera\u00e7\u00e3o excepcional para que o Brasil realizasse as partidas, mas sem sucesso.<\/p>\n<p>\u201cEm 2021, expedimos a resolu\u00e7\u00e3o 080, de medidas preventivas e de controle sanit\u00e1rio de passageiros provenientes do Brasil por conta do novo coronav\u00edrus. Considerando a situa\u00e7\u00e3o da pandemia atual e a emerg\u00eancia de uma variante no Brasil com um comportamento cl\u00ednico e epidemiol\u00f3gico diferente, e para salvaguardar o direito \u00e0 sa\u00fade, n\u00e3o poder\u00e3o ingressar no pa\u00eds\u201d, disse Juli\u00e1n Ni\u00f1o, diretor do Departamento de Epidemiologia da Col\u00f4mbia, no comunicado \u00e0 federa\u00e7\u00e3o do pa\u00eds, em declara\u00e7\u00e3o reproduzida pela nota da CBB.<\/p>\n<p>Ainda segundo o comunicado, a confedera\u00e7\u00e3o afirma que tomou \u201ctodas as medidas administrativas e de log\u00edstica com antecipa\u00e7\u00e3o para evitar qualquer contratempo\u201d e cumpriu \u201ctodas as exig\u00eancias para a participa\u00e7\u00e3o nos duelos\u201d desde a informa\u00e7\u00e3o \u201cde que voos provenientes do Brasil, mesmo com escala, n\u00e3o poderiam ingressar no pa\u00eds [Col\u00f4mbia]\u201d. Por fim, de acordo com a nota, depois de a Fiba confirmar a vaga brasileira na AmeriCup, mesmo que n\u00e3o pudesse disputar os jogos, \u201ca CBB acatou de imediato a decis\u00e3o colombiana\u201d.<\/p>\n<p>O Brasil assegurou a classifica\u00e7\u00e3o \u00e0 pr\u00f3xima edi\u00e7\u00e3o da Copa Am\u00e9rica em novembro ap\u00f3s vencer os primeiros jogos das eliminat\u00f3rias, contra Uruguai (duas vezes), Paraguai e Panam\u00e1. Os dois \u00faltimos duelos serviriam para o t\u00e9cnico Alexsandar Petrovic testar novos jogadores. Entre os 17 convocados pelo treinador, sete foram chamados pela primeira vez \u00e0 sele\u00e7\u00e3o principal. Caso estivesse liberada para viajar, a delega\u00e7\u00e3o embarcaria para Cali nesta ter\u00e7a.<\/p>\n<p>O pr\u00f3ximo desafio da sele\u00e7\u00e3o de basquete masculino ser\u00e1 o pr\u00e9-ol\u00edmpico, em Split (Cro\u00e1cia), entre 29 de junho e 4 de julho. Os brasileiros est\u00e3o no Grupo B, junto dos anfitri\u00f5es e da Tun\u00edsia. Os dois primeiros da chave avan\u00e7am \u00e0 semifinal para encarar os classificados do Grupo A (Alemanha, R\u00fassia e M\u00e9xico). Apenas o campe\u00e3o do torneio ganha vaga na Olimp\u00edada de T\u00f3quio (Jap\u00e3o).<\/p>\n<p>(Texto: Ag\u00eancia Brasil. Foto: Fiba)<\/p>\n","protected":false},"excerpt":{"rendered":"<p>O Minist\u00e9rio da Sa\u00fade da Col\u00f4mbia proibiu a entrada no pa\u00eds da sele\u00e7\u00e3o brasileira masculina de basquete que disputaria as duas \u00faltimas rodadas das eliminat\u00f3rias da AmeriCup, a Copa Am\u00e9rica da modalidade. A Confedera\u00e7\u00e3o Brasileira de Basquete (CBB) foi comunicada pela semelhante colombiana na \u00faltima segunda-feira (15), e confirmou nesta ter\u00e7a-feira (16), que a equipe [&hellip;]<\/p>\n","protected":false},"author":6307,"featured_media":44409,"comment_status":"closed","ping_status":"open","sticky":false,"template":"","format":"standard","meta":{"_exactmetrics_skip_tracking":false,"_exactmetrics_sitenote_active":false,"_exactmetrics_sitenote_note":"","_exactmetrics_sitenote_category":0,"footnotes":""},"categories":[1067],"tags":[13999,47],"yoast_head":"<!-- This site is optimized with the Yoast SEO Premium plugin v22.7 (Yoast SEO v22.7) - https:\/\/yoast.com\/wordpress\/plugins\/seo\/ -->\n<title>R\u00c1DIO MARING\u00c1 - Variante do covid-19 faz Col\u00f4mbia vetar entrada da sele\u00e7\u00e3o de basquete - Orlando Gonzalez<\/title>\n<meta name=\"robots\" content=\"index, follow, max-snippet:-1, max-image-preview:large, max-video-preview:-1\" \/>\n<link rel=\"canonical\" href=\"https:\/\/maringapost.com.br\/orlandogonzalez\/2021\/02\/17\/radio-maringa-variante-do-covid-19-faz-colombia-vetar-entrada-da-selecao-de-basquete\/\" \/>\n<meta property=\"og:locale\" content=\"pt_BR\" \/>\n<meta property=\"og:type\" content=\"article\" \/>\n<meta property=\"og:title\" content=\"R\u00c1DIO MARING\u00c1 - Variante do covid-19 faz Col\u00f4mbia vetar entrada da sele\u00e7\u00e3o de basquete\" \/>\n<meta property=\"og:description\" content=\"O Minist\u00e9rio da Sa\u00fade da Col\u00f4mbia proibiu a entrada no pa\u00eds da sele\u00e7\u00e3o brasileira masculina de basquete que disputaria as duas \u00faltimas rodadas das eliminat\u00f3rias da AmeriCup, a Copa Am\u00e9rica da modalidade. A Confedera\u00e7\u00e3o Brasileira de Basquete (CBB) foi comunicada pela semelhante colombiana na \u00faltima segunda-feira (15), e confirmou nesta ter\u00e7a-feira (16), que a equipe [&hellip;]\" \/>\n<meta property=\"og:url\" content=\"https:\/\/maringapost.com.br\/orlandogonzalez\/2021\/02\/17\/radio-maringa-variante-do-covid-19-faz-colombia-vetar-entrada-da-selecao-de-basquete\/\" \/>\n<meta property=\"og:site_name\" content=\"Orlando Gonzalez\" \/>\n<meta property=\"article:author\" content=\"https:\/\/www.facebook.com\/profile.php?id=100011095815065\" \/>\n<meta property=\"article:published_time\" content=\"2021-02-17T11:49:17+00:00\" \/>\n<meta property=\"article:modified_time\" content=\"2021-02-17T11:57:08+00:00\" \/>\n<meta property=\"og:image\" content=\"https:\/\/maringapost.com.br\/orlandogonzalez\/wp-content\/uploads\/sites\/17\/2021\/02\/basbrasil.jpg\" \/>\n\t<meta property=\"og:image:width\" content=\"1170\" \/>\n\t<meta property=\"og:image:height\" content=\"700\" \/>\n\t<meta property=\"og:image:type\" content=\"image\/jpeg\" \/>\n<meta name=\"author\" content=\"Orlando Gonzalez\" \/>\n<meta name=\"twitter:card\" content=\"summary_large_image\" \/>\n<meta name=\"twitter:creator\" content=\"@gonzalezorlando\" \/>\n<meta name=\"twitter:label1\" content=\"Escrito por\" \/>\n\t<meta name=\"twitter:data1\" content=\"\" \/>\n\t<meta name=\"twitter:label2\" content=\"Est. tempo de leitura\" \/>\n\t<meta name=\"twitter:data2\" content=\"3 minutos\" \/>\n<script type=\"application\/ld+json\" class=\"yoast-schema-graph\">{\"@context\":\"https:\/\/schema.org\",\"@graph\":[{\"@type\":\"WebPage\",\"@id\":\"https:\/\/maringapost.com.br\/orlandogonzalez\/2021\/02\/17\/radio-maringa-variante-do-covid-19-faz-colombia-vetar-entrada-da-selecao-de-basquete\/\",\"url\":\"https:\/\/maringapost.com.br\/orlandogonzalez\/2021\/02\/17\/radio-maringa-variante-do-covid-19-faz-colombia-vetar-entrada-da-selecao-de-basquete\/\",\"name\":\"R\u00c1DIO MARING\u00c1 - Variante do covid-19 faz Col\u00f4mbia vetar entrada da sele\u00e7\u00e3o de basquete - Orlando Gonzalez\",\"isPartOf\":{\"@id\":\"https:\/\/maringapost.com.br\/orlandogonzalez\/#website\"},\"primaryImageOfPage\":{\"@id\":\"https:\/\/maringapost.com.br\/orlandogonzalez\/2021\/02\/17\/radio-maringa-variante-do-covid-19-faz-colombia-vetar-entrada-da-selecao-de-basquete\/#primaryimage\"},\"image\":{\"@id\":\"https:\/\/maringapost.com.br\/orlandogonzalez\/2021\/02\/17\/radio-maringa-variante-do-covid-19-faz-colombia-vetar-entrada-da-selecao-de-basquete\/#primaryimage\"},\"thumbnailUrl\":\"https:\/\/maringapost.com.br\/orlandogonzalez\/wp-content\/uploads\/sites\/17\/2021\/02\/basbrasil.jpg\",\"datePublished\":\"2021-02-17T11:49:17+00:00\",\"dateModified\":\"2021-02-17T11:57:08+00:00\",\"author\":{\"@id\":\"https:\/\/maringapost.com.br\/orlandogonzalez\/#\/schema\/person\/5cbe6257d08edea6afc9ebaa613b0633\"},\"inLanguage\":\"pt-BR\",\"potentialAction\":[{\"@type\":\"ReadAction\",\"target\":[\"https:\/\/maringapost.com.br\/orlandogonzalez\/2021\/02\/17\/radio-maringa-variante-do-covid-19-faz-colombia-vetar-entrada-da-selecao-de-basquete\/\"]}]},{\"@type\":\"ImageObject\",\"inLanguage\":\"pt-BR\",\"@id\":\"https:\/\/maringapost.com.br\/orlandogonzalez\/2021\/02\/17\/radio-maringa-variante-do-covid-19-faz-colombia-vetar-entrada-da-selecao-de-basquete\/#primaryimage\",\"url\":\"https:\/\/maringapost.com.br\/orlandogonzalez\/wp-content\/uploads\/sites\/17\/2021\/02\/basbrasil.jpg\",\"contentUrl\":\"https:\/\/maringapost.com.br\/orlandogonzalez\/wp-content\/uploads\/sites\/17\/2021\/02\/basbrasil.jpg\",\"width\":1170,\"height\":700},{\"@type\":\"WebSite\",\"@id\":\"https:\/\/maringapost.com.br\/orlandogonzalez\/#website\",\"url\":\"https:\/\/maringapost.com.br\/orlandogonzalez\/\",\"name\":\"Orlando Gonzalez\",\"description\":\"Destaca o esporte de Maring\u00e1! Destaca o esporte do Paran\u00e1! Destaca o esporte do Brasil!\",\"potentialAction\":[{\"@type\":\"SearchAction\",\"target\":{\"@type\":\"EntryPoint\",\"urlTemplate\":\"https:\/\/maringapost.com.br\/orlandogonzalez\/?s={search_term_string}\"},\"query-input\":\"required name=search_term_string\"}],\"inLanguage\":\"pt-BR\"},{\"@type\":\"Person\",\"@id\":\"https:\/\/maringapost.com.br\/orlandogonzalez\/#\/schema\/person\/5cbe6257d08edea6afc9ebaa613b0633\",\"name\":\"Orlando Gonzalez\",\"image\":{\"@type\":\"ImageObject\",\"inLanguage\":\"pt-BR\",\"@id\":\"https:\/\/maringapost.com.br\/orlandogonzalez\/#\/schema\/person\/image\/\",\"url\":\"https:\/\/secure.gravatar.com\/avatar\/ecef9d1c9afe5ebdafadde8369065ba5?s=96&d=mm&r=g\",\"contentUrl\":\"https:\/\/secure.gravatar.com\/avatar\/ecef9d1c9afe5ebdafadde8369065ba5?s=96&d=mm&r=g\",\"caption\":\"Orlando Gonzalez\"},\"description\":\"H\u00e1 29 anos na cobertura do esporte de Maring\u00e1. Plant\u00e3o e narrador esportivo. Presta\u00e7\u00e3o de assessoria de imprensa esportiva, cobertura e transmiss\u00f5es ao vivo de eventos esportivos. E-mail: orlandogonzalez.assessoria@gmail.com WhatsApp: (44) 9 9126-6119\",\"sameAs\":[\"http:\/\/www.radiomaringa.com.br\/\",\"https:\/\/www.facebook.com\/profile.php?id=100011095815065\",\"https:\/\/www.instagram.com\/orlandomgonzalez\/\",\"https:\/\/br.pinterest.com\/ogonzalez0530\/\",\"https:\/\/x.com\/gonzalezorlando\",\"https:\/\/www.youtube.com\/channel\/UCvFpl55btth8wjnKiSS1ibA\",\"https:\/\/radiomaringaweb.tumblr.com\/\"],\"url\":\"https:\/\/maringapost.com.br\/orlandogonzalez\/author\/orlando\/\"}]}<\/script>\n<!-- \/ Yoast SEO Premium plugin. -->","yoast_head_json":{"title":"R\u00c1DIO MARING\u00c1 - Variante do covid-19 faz Col\u00f4mbia vetar entrada da sele\u00e7\u00e3o de basquete - Orlando Gonzalez","robots":{"index":"index","follow":"follow","max-snippet":"max-snippet:-1","max-image-preview":"max-image-preview:large","max-video-preview":"max-video-preview:-1"},"canonical":"https:\/\/maringapost.com.br\/orlandogonzalez\/2021\/02\/17\/radio-maringa-variante-do-covid-19-faz-colombia-vetar-entrada-da-selecao-de-basquete\/","og_locale":"pt_BR","og_type":"article","og_title":"R\u00c1DIO MARING\u00c1 - Variante do covid-19 faz Col\u00f4mbia vetar entrada da sele\u00e7\u00e3o de basquete","og_description":"O Minist\u00e9rio da Sa\u00fade da Col\u00f4mbia proibiu a entrada no pa\u00eds da sele\u00e7\u00e3o brasileira masculina de basquete que disputaria as duas \u00faltimas rodadas das eliminat\u00f3rias da AmeriCup, a Copa Am\u00e9rica da modalidade. A Confedera\u00e7\u00e3o Brasileira de Basquete (CBB) foi comunicada pela semelhante colombiana na \u00faltima segunda-feira (15), e confirmou nesta ter\u00e7a-feira (16), que a equipe [&hellip;]","og_url":"https:\/\/maringapost.com.br\/orlandogonzalez\/2021\/02\/17\/radio-maringa-variante-do-covid-19-faz-colombia-vetar-entrada-da-selecao-de-basquete\/","og_site_name":"Orlando Gonzalez","article_author":"https:\/\/www.facebook.com\/profile.php?id=100011095815065","article_published_time":"2021-02-17T11:49:17+00:00","article_modified_time":"2021-02-17T11:57:08+00:00","og_image":[{"width":1170,"height":700,"url":"https:\/\/maringapost.com.br\/orlandogonzalez\/wp-content\/uploads\/sites\/17\/2021\/02\/basbrasil.jpg","type":"image\/jpeg"}],"author":"Orlando Gonzalez","twitter_card":"summary_large_image","twitter_creator":"@gonzalezorlando","twitter_misc":{"Escrito por":false,"Est. tempo de leitura":"3 minutos"},"schema":{"@context":"https:\/\/schema.org","@graph":[{"@type":"WebPage","@id":"https:\/\/maringapost.com.br\/orlandogonzalez\/2021\/02\/17\/radio-maringa-variante-do-covid-19-faz-colombia-vetar-entrada-da-selecao-de-basquete\/","url":"https:\/\/maringapost.com.br\/orlandogonzalez\/2021\/02\/17\/radio-maringa-variante-do-covid-19-faz-colombia-vetar-entrada-da-selecao-de-basquete\/","name":"R\u00c1DIO MARING\u00c1 - Variante do covid-19 faz Col\u00f4mbia vetar entrada da sele\u00e7\u00e3o de basquete - Orlando Gonzalez","isPartOf":{"@id":"https:\/\/maringapost.com.br\/orlandogonzalez\/#website"},"primaryImageOfPage":{"@id":"https:\/\/maringapost.com.br\/orlandogonzalez\/2021\/02\/17\/radio-maringa-variante-do-covid-19-faz-colombia-vetar-entrada-da-selecao-de-basquete\/#primaryimage"},"image":{"@id":"https:\/\/maringapost.com.br\/orlandogonzalez\/2021\/02\/17\/radio-maringa-variante-do-covid-19-faz-colombia-vetar-entrada-da-selecao-de-basquete\/#primaryimage"},"thumbnailUrl":"https:\/\/maringapost.com.br\/orlandogonzalez\/wp-content\/uploads\/sites\/17\/2021\/02\/basbrasil.jpg","datePublished":"2021-02-17T11:49:17+00:00","dateModified":"2021-02-17T11:57:08+00:00","author":{"@id":"https:\/\/maringapost.com.br\/orlandogonzalez\/#\/schema\/person\/5cbe6257d08edea6afc9ebaa613b0633"},"inLanguage":"pt-BR","potentialAction":[{"@type":"ReadAction","target":["https:\/\/maringapost.com.br\/orlandogonzalez\/2021\/02\/17\/radio-maringa-variante-do-covid-19-faz-colombia-vetar-entrada-da-selecao-de-basquete\/"]}]},{"@type":"ImageObject","inLanguage":"pt-BR","@id":"https:\/\/maringapost.com.br\/orlandogonzalez\/2021\/02\/17\/radio-maringa-variante-do-covid-19-faz-colombia-vetar-entrada-da-selecao-de-basquete\/#primaryimage","url":"https:\/\/maringapost.com.br\/orlandogonzalez\/wp-content\/uploads\/sites\/17\/2021\/02\/basbrasil.jpg","contentUrl":"https:\/\/maringapost.com.br\/orlandogonzalez\/wp-content\/uploads\/sites\/17\/2021\/02\/basbrasil.jpg","width":1170,"height":700},{"@type":"WebSite","@id":"https:\/\/maringapost.com.br\/orlandogonzalez\/#website","url":"https:\/\/maringapost.com.br\/orlandogonzalez\/","name":"Orlando Gonzalez","description":"Destaca o esporte de Maring\u00e1! Destaca o esporte do Paran\u00e1! Destaca o esporte do Brasil!","potentialAction":[{"@type":"SearchAction","target":{"@type":"EntryPoint","urlTemplate":"https:\/\/maringapost.com.br\/orlandogonzalez\/?s={search_term_string}"},"query-input":"required name=search_term_string"}],"inLanguage":"pt-BR"},{"@type":"Person","@id":"https:\/\/maringapost.com.br\/orlandogonzalez\/#\/schema\/person\/5cbe6257d08edea6afc9ebaa613b0633","name":"Orlando Gonzalez","image":{"@type":"ImageObject","inLanguage":"pt-BR","@id":"https:\/\/maringapost.com.br\/orlandogonzalez\/#\/schema\/person\/image\/","url":"https:\/\/secure.gravatar.com\/avatar\/ecef9d1c9afe5ebdafadde8369065ba5?s=96&d=mm&r=g","contentUrl":"https:\/\/secure.gravatar.com\/avatar\/ecef9d1c9afe5ebdafadde8369065ba5?s=96&d=mm&r=g","caption":"Orlando Gonzalez"},"description":"H\u00e1 29 anos na cobertura do esporte de Maring\u00e1. Plant\u00e3o e narrador esportivo. Presta\u00e7\u00e3o de assessoria de imprensa esportiva, cobertura e transmiss\u00f5es ao vivo de eventos esportivos. E-mail: orlandogonzalez.assessoria@gmail.com WhatsApp: (44) 9 9126-6119","sameAs":["http:\/\/www.radiomaringa.com.br\/","https:\/\/www.facebook.com\/profile.php?id=100011095815065","https:\/\/www.instagram.com\/orlandomgonzalez\/","https:\/\/br.pinterest.com\/ogonzalez0530\/","https:\/\/x.com\/gonzalezorlando","https:\/\/www.youtube.com\/channel\/UCvFpl55btth8wjnKiSS1ibA","https:\/\/radiomaringaweb.tumblr.com\/"],"url":"https:\/\/maringapost.com.br\/orlandogonzalez\/author\/orlando\/"}]}},"_links":{"self":[{"href":"https:\/\/maringapost.com.br\/orlandogonzalez\/wp-json\/wp\/v2\/posts\/44408"}],"collection":[{"href":"https:\/\/maringapost.com.br\/orlandogonzalez\/wp-json\/wp\/v2\/posts"}],"about":[{"href":"https:\/\/maringapost.com.br\/orlandogonzalez\/wp-json\/wp\/v2\/types\/post"}],"author":[{"embeddable":true,"href":"https:\/\/maringapost.com.br\/orlandogonzalez\/wp-json\/wp\/v2\/users\/6307"}],"replies":[{"embeddable":true,"href":"https:\/\/maringapost.com.br\/orlandogonzalez\/wp-json\/wp\/v2\/comments?post=44408"}],"version-history":[{"count":1,"href":"https:\/\/maringapost.com.br\/orlandogonzalez\/wp-json\/wp\/v2\/posts\/44408\/revisions"}],"predecessor-version":[{"id":44410,"href":"https:\/\/maringapost.com.br\/orlandogonzalez\/wp-json\/wp\/v2\/posts\/44408\/revisions\/44410"}],"wp:featuredmedia":[{"embeddable":true,"href":"https:\/\/maringapost.com.br\/orlandogonzalez\/wp-json\/wp\/v2\/media\/44409"}],"wp:attachment":[{"href":"https:\/\/maringapost.com.br\/orlandogonzalez\/wp-json\/wp\/v2\/media?parent=44408"}],"wp:term":[{"taxonomy":"category","embeddable":true,"href":"https:\/\/maringapost.com.br\/orlandogonzalez\/wp-json\/wp\/v2\/categories?post=44408"},{"taxonomy":"post_tag","embeddable":true,"href":"https:\/\/maringapost.com.br\/orlandogonzalez\/wp-json\/wp\/v2\/tags?post=44408"}],"curies":[{"name":"wp","href":"https:\/\/api.w.org\/{rel}","templated":true}]}}