{"id":44333,"date":"2021-02-15T11:16:30","date_gmt":"2021-02-15T14:16:30","guid":{"rendered":"http:\/\/maringapost.com.br\/orlandogonzalez\/?p=44333"},"modified":"2021-02-15T11:17:28","modified_gmt":"2021-02-15T14:17:28","slug":"radio-maringa-brasileiro-marcelo-melo-conquista-vitoria-na-estreia-das-duplas-mistas-no-australian-open","status":"publish","type":"post","link":"https:\/\/maringapost.com.br\/orlandogonzalez\/2021\/02\/15\/radio-maringa-brasileiro-marcelo-melo-conquista-vitoria-na-estreia-das-duplas-mistas-no-australian-open\/","title":{"rendered":"R\u00c1DIO MARING\u00c1 &#8211; Brasileiro Marcelo Melo conquista vit\u00f3ria na estreia das duplas mistas no Australian Open"},"content":{"rendered":"<p><span style=\"color: #555555;font-family: 'Trebuchet MS', 'Lucida Grande', 'Lucida Sans Unicode', 'Lucida Sans', Tahoma, sans-serif;font-size: 18px;text-align: justify\">O mineiro Marcelo Melo e a russa Vera Zvonareva estrearam com vit\u00f3ria de virada e est\u00e3o nas oitavas de final das duplas mistas do Australian Open, em Melbourne, na Austr\u00e1lia. Na madrugada desta segunda-feira (15), Melo entrou em quadra duas vezes no Grand Slam. Antes de vencer e seguir em busca de um lugar nas quartas ao lado de Zvonareva, parou nas oitavas de final das duplas masculinas com o romeno Horia Tecau. Melo e Zvonareva voltam a jogar j\u00e1 no in\u00edcio da madrugada desta ter\u00e7a-feira (15), por volta de 0h30, diante da norte-americana Desirae Krawczyk e do brit\u00e2nico Joe Salisbury<a href=\"https:\/\/radiomaringa.com.br\/\" target=\"_blank\" rel=\"noopener\">.<\/a><\/span><br style=\"line-height: inherit;color: #555555;font-family: 'Trebuchet MS', 'Lucida Grande', 'Lucida Sans Unicode', 'Lucida Sans', Tahoma, sans-serif;font-size: 16px;text-align: justify\" \/><br style=\"line-height: inherit;color: #555555;font-family: 'Trebuchet MS', 'Lucida Grande', 'Lucida Sans Unicode', 'Lucida Sans', Tahoma, sans-serif;font-size: 16px;text-align: justify\" \/><span style=\"color: #555555;font-family: 'Trebuchet MS', 'Lucida Grande', 'Lucida Sans Unicode', 'Lucida Sans', Tahoma, sans-serif;font-size: 18px;text-align: justify\">Assim, Melo e Tecau encerram com duas vit\u00f3rias no Australian Open a dupla que formaram apenas para os dois torneios em Melbourne neste in\u00edcio de ano. Antes jogaram um ATP 250, o Murray River Open, vencendo na estreia e parando nas quartas de final. Agora, na sequ\u00eancia da temporada, Melo inicia a sua nova parceria para 2021 com o holand\u00eas Jean-Julien Rojer. O pr\u00f3ximo torneio, o primeiro em que estar\u00e3o juntos, ser\u00e1 o ATP 500 de Roterd\u00e3, na Holanda, a partir do dia 1\u00ba de mar\u00e7o.<\/span><br style=\"line-height: inherit;color: #555555;font-family: 'Trebuchet MS', 'Lucida Grande', 'Lucida Sans Unicode', 'Lucida Sans', Tahoma, sans-serif;font-size: 16px;text-align: justify\" \/><br style=\"line-height: inherit;color: #555555;font-family: 'Trebuchet MS', 'Lucida Grande', 'Lucida Sans Unicode', 'Lucida Sans', Tahoma, sans-serif;font-size: 16px;text-align: justify\" \/><span style=\"color: #555555;font-family: 'Trebuchet MS', 'Lucida Grande', 'Lucida Sans Unicode', 'Lucida Sans', Tahoma, sans-serif;font-size: 18px;text-align: justify\">O primeiro jogo desta segunda-feira foi v\u00e1lido pelas oitavas de final de duplas masculinas, com Melo e Tecau &#8211; cabe\u00e7as de chave n\u00famero 7 &#8211; enfrentando o croata Ivan Dodig e o eslovaco Filip Polasek \u2013 cabe\u00e7as 9 -, que marcaram 2 sets a 0, parciais de 6\/4 e 6\/3, em 1h26min, em uma partida muito disputada. Ap\u00f3s o descanso, a estreia nas duplas mistas, com Zvonareva, vencendo de virada a chinesa Yifan Xu e o argentino Maximo Gonzalez por 2 sets a 1, parciais de 4\/6, 6\/3 e 10-7, em 1h16min.<\/span><br style=\"line-height: inherit;color: #555555;font-family: 'Trebuchet MS', 'Lucida Grande', 'Lucida Sans Unicode', 'Lucida Sans', Tahoma, sans-serif;font-size: 16px;text-align: justify\" \/><br style=\"line-height: inherit;color: #555555;font-family: 'Trebuchet MS', 'Lucida Grande', 'Lucida Sans Unicode', 'Lucida Sans', Tahoma, sans-serif;font-size: 16px;text-align: justify\" \/><span style=\"color: #555555;font-family: 'Trebuchet MS', 'Lucida Grande', 'Lucida Sans Unicode', 'Lucida Sans', Tahoma, sans-serif;font-size: 18px;text-align: justify\">&#8220;Eles come\u00e7aram muito bem no primeiro jogo, quebrando. Conseguimos quebrar de volta\u00a0at\u00e9 fazer 4\/4. A\u00ed tivemos duas ou tr\u00eas oportunidades de quebrar para passar na frente, 5\/4 e saque. Depois nos quebraram em um game que est\u00e1vamos sacando com 40\/15. Ent\u00e3o tivemos a nossa chance, n\u00e3o conseguimos aproveitar. E acabaram aproveitando\u00a0de novo uma chance que tiveram no segundo set&#8221;,\u00a0explicou Marcelo, que tem o patroc\u00ednio de Centauro, BMG e Itamb\u00e9, com apoio da Volvo, Head, Voss, Foxton, Asics, Bolsa Atleta e Confedera\u00e7\u00e3o Brasileira de T\u00eanis.<\/span><br style=\"line-height: inherit;color: #555555;font-family: 'Trebuchet MS', 'Lucida Grande', 'Lucida Sans Unicode', 'Lucida Sans', Tahoma, sans-serif;font-size: 16px;text-align: justify\" \/><br style=\"line-height: inherit;color: #555555;font-family: 'Trebuchet MS', 'Lucida Grande', 'Lucida Sans Unicode', 'Lucida Sans', Tahoma, sans-serif;font-size: 16px;text-align: justify\" \/><span style=\"color: #555555;font-family: 'Trebuchet MS', 'Lucida Grande', 'Lucida Sans Unicode', 'Lucida Sans', Tahoma, sans-serif;font-size: 18px;text-align: justify\">&#8220;O primeiro set acabou dominando o jogo. Poderia ter sido 6\/4 para n\u00f3s, como foi para eles. Quest\u00e3o de uma bola ou outra. Foi de alto n\u00edvel durante toda a partida. Faz parte, fizemos dois bons jogos. E agora \u00e9 seguir adiante. Eu passo a jogar com Jean-Julien, a partir de Roterd\u00e3&#8221;,\u00a0completou.<\/span><br style=\"line-height: inherit;color: #555555;font-family: 'Trebuchet MS', 'Lucida Grande', 'Lucida Sans Unicode', 'Lucida Sans', Tahoma, sans-serif;font-size: 16px;text-align: justify\" \/><br style=\"line-height: inherit;color: #555555;font-family: 'Trebuchet MS', 'Lucida Grande', 'Lucida Sans Unicode', 'Lucida Sans', Tahoma, sans-serif;font-size: 16px;text-align: justify\" \/><span style=\"color: #555555;font-family: 'Trebuchet MS', 'Lucida Grande', 'Lucida Sans Unicode', 'Lucida Sans', Tahoma, sans-serif;font-size: 18px;text-align: justify\">&#8220;Na mista, eu tinha jogado uma vez com a Vera j\u00e1 em Wimbledon. E hoje ganhamos um jogo muito dif\u00edcil. Conseguimos virar depois de perder o primeiro set. No match tie-break tamb\u00e9m est\u00e1vamos abaixo, 6-3. Foi legal. Agora amanh\u00e3 jogamos na quadra grande, na Margaret. Ent\u00e3o vamos aproveitar e ir com tudo, quem sabe com mais uma vit\u00f3ria&#8221;, afirmou.<\/span><br style=\"line-height: inherit;color: #555555;font-family: 'Trebuchet MS', 'Lucida Grande', 'Lucida Sans Unicode', 'Lucida Sans', Tahoma, sans-serif;font-size: 16px;text-align: justify\" \/><br style=\"line-height: inherit;color: #555555;font-family: 'Trebuchet MS', 'Lucida Grande', 'Lucida Sans Unicode', 'Lucida Sans', Tahoma, sans-serif;font-size: 16px;text-align: justify\" \/><span style=\"font-size: 18px\"><strong style=\"line-height: inherit;color: #555555;font-family: 'Trebuchet MS', 'Lucida Grande', 'Lucida Sans Unicode', 'Lucida Sans', Tahoma, sans-serif;font-size: 16px;text-align: justify\">Os jogos &#8211;<\/strong><span style=\"color: #555555;font-family: 'Trebuchet MS', 'Lucida Grande', 'Lucida Sans Unicode', 'Lucida Sans', Tahoma, sans-serif;text-align: justify\">\u00a0Nas duplas masculinas, no set inicial, os advers\u00e1rios quebraram logo no segundo game, abrindo em seguida 3\/0. Melo e Tecau buscaram a rea\u00e7\u00e3o e conseguiram o break no s\u00e9timo game, deixando tudo igual. Mas, ap\u00f3s um game longo, em que salvaram breaks, Dodig e Polasek voltaram a quebrar na sequ\u00eancia para vencer por 6\/4. No segundo set, com uma \u00fanica quebra, no sexto game, fazendo 4\/2, o croata e o eslovaco administraram a vantagem at\u00e9 a vit\u00f3ria por 6\/3.<\/span><\/span><br style=\"line-height: inherit;color: #555555;font-family: 'Trebuchet MS', 'Lucida Grande', 'Lucida Sans Unicode', 'Lucida Sans', Tahoma, sans-serif;font-size: 16px;text-align: justify\" \/><br style=\"line-height: inherit;color: #555555;font-family: 'Trebuchet MS', 'Lucida Grande', 'Lucida Sans Unicode', 'Lucida Sans', Tahoma, sans-serif;font-size: 16px;text-align: justify\" \/><span style=\"color: #555555;font-family: 'Trebuchet MS', 'Lucida Grande', 'Lucida Sans Unicode', 'Lucida Sans', Tahoma, sans-serif;font-size: 18px;text-align: justify\">J\u00e1 nas mistas, no primeiro set, Xu e Gonzalez quebraram no quinto game, mas viram Melo e Zvonareva devolverem o break em seguida, empatando em 3\/3. S\u00f3 que com uma nova quebra, no nono game, os advers\u00e1rios recuperaram a vantagem e fecharam na sequ\u00eancia em 6\/4 para sair na frente. No segundo, a rea\u00e7\u00e3o de Melo e Zvonareva. Eles quebraram primeiro, abrindo 2\/0, os advers\u00e1rios devolveram, 2\/1, mas conseguiram mais um break para marcar 3\/1 e vencer por 6\/3, levando a decis\u00e3o para o match tie-break. Xu e Gonzalez chegaram a\u00a0marcar\u00a06-3, quando Melo e Zvonareva buscaram a virada, empatando em 6-6 e seguindo para a vit\u00f3ria por 10-7.<\/span><br style=\"line-height: inherit;color: #555555;font-family: 'Trebuchet MS', 'Lucida Grande', 'Lucida Sans Unicode', 'Lucida Sans', Tahoma, sans-serif;font-size: 16px;text-align: justify\" \/><br style=\"line-height: inherit;color: #555555;font-family: 'Trebuchet MS', 'Lucida Grande', 'Lucida Sans Unicode', 'Lucida Sans', Tahoma, sans-serif;font-size: 16px;text-align: justify\" \/><span style=\"font-size: 18px\"><strong style=\"line-height: inherit;color: #555555;font-family: 'Trebuchet MS', 'Lucida Grande', 'Lucida Sans Unicode', 'Lucida Sans', Tahoma, sans-serif;font-size: 16px;text-align: justify\">Recordista em t\u00edtulos e semanas no topo do ranking \u2013\u00a0<\/strong><span style=\"color: #555555;font-family: 'Trebuchet MS', 'Lucida Grande', 'Lucida Sans Unicode', 'Lucida Sans', Tahoma, sans-serif;text-align: justify\">Recordista brasileiro em n\u00famero de t\u00edtulos, com 35 conquistas, e tamb\u00e9m em semanas no topo do ranking da ATP \u2013 56 -, assim como em participa\u00e7\u00f5es no ATP Finals \u2013 completou oito seguidas em 2020 -, Marcelo somou mais um recorde ao chegar a 500 vit\u00f3rias, na estreia no ATP 500 de Washington, em julho de 2019, passando a ser o 35\u00ba jogador de todos os tempos a atingir essa marca.\u00a0<\/span><\/span><br style=\"line-height: inherit;color: #555555;font-family: 'Trebuchet MS', 'Lucida Grande', 'Lucida Sans Unicode', 'Lucida Sans', Tahoma, sans-serif;font-size: 16px;text-align: justify\" \/><br style=\"line-height: inherit;color: #555555;font-family: 'Trebuchet MS', 'Lucida Grande', 'Lucida Sans Unicode', 'Lucida Sans', Tahoma, sans-serif;font-size: 16px;text-align: justify\" \/><span style=\"color: #555555;font-family: 'Trebuchet MS', 'Lucida Grande', 'Lucida Sans Unicode', 'Lucida Sans', Tahoma, sans-serif;font-size: 18px;text-align: justify\">Entre 2017 e 2018, Marcelo ficou 30 semanas \u2013 25 consecutivas &#8211; como l\u00edder do ranking mundial individual de duplas da ATP (13 semanas em 2017 \u2013 terminando o ano como n\u00famero 1 &#8211; e 17 semanas em 2018). Antes, ocupou a lideran\u00e7a pela primeira vez em 2015, por 22 semanas, tamb\u00e9m virando o ano na frente, e voltou ao primeiro lugar por mais quatro semanas a partir de maio de 2016. \u00danico brasileiro na hist\u00f3ria a ser n\u00famero 1 do mundo em duplas.<\/span><br style=\"line-height: inherit;color: #555555;font-family: 'Trebuchet MS', 'Lucida Grande', 'Lucida Sans Unicode', 'Lucida Sans', Tahoma, sans-serif;font-size: 16px;text-align: justify\" \/><br style=\"line-height: inherit;color: #555555;font-family: 'Trebuchet MS', 'Lucida Grande', 'Lucida Sans Unicode', 'Lucida Sans', Tahoma, sans-serif;font-size: 16px;text-align: justify\" \/><span style=\"color: #555555;font-family: 'Trebuchet MS', 'Lucida Grande', 'Lucida Sans Unicode', 'Lucida Sans', Tahoma, sans-serif;font-size: 18px;text-align: justify\">Em 2020, no M\u00e9xico, no ATP 500 de Acapulco, o mineiro Marcelo conquistou o 34\u00ba t\u00edtulo da carreira, o 14\u00aa com o polon\u00eas Lukasz Kubot, e no m\u00eas de outubro, no ATP 500 de Viena somou o 35\u00aa da carreira, 15\u00ba com Kubot. Pelo 14\u00ba ano consecutivo comemora no m\u00ednimo um t\u00edtulo por temporada. Juntos,\u00a0Melo e Kubot\u00a0ganharam pelo menos um torneio por ano desde 2015.<\/span><br style=\"line-height: inherit;color: #555555;font-family: 'Trebuchet MS', 'Lucida Grande', 'Lucida Sans Unicode', 'Lucida Sans', Tahoma, sans-serif;font-size: 16px;text-align: justify\" \/><br style=\"line-height: inherit;color: #555555;font-family: 'Trebuchet MS', 'Lucida Grande', 'Lucida Sans Unicode', 'Lucida Sans', Tahoma, sans-serif;font-size: 16px;text-align: justify\" \/><span style=\"color: #555555;font-family: 'Trebuchet MS', 'Lucida Grande', 'Lucida Sans Unicode', 'Lucida Sans', Tahoma, sans-serif;font-size: 18px;text-align: justify\">Dos 35 t\u00edtulos, todos em duplas, dois s\u00e3o Grand Slam \u2013 Roland Garros, na Fran\u00e7a (2015) e Wimbledon, em Londres (2017) e nove Masters 1000, al\u00e9m de nove ATP 500 e 15 ATP 250.\u00a0<\/span><br style=\"line-height: inherit;color: #555555;font-family: 'Trebuchet MS', 'Lucida Grande', 'Lucida Sans Unicode', 'Lucida Sans', Tahoma, sans-serif;font-size: 16px;text-align: justify\" \/><br style=\"line-height: inherit;color: #555555;font-family: 'Trebuchet MS', 'Lucida Grande', 'Lucida Sans Unicode', 'Lucida Sans', Tahoma, sans-serif;font-size: 16px;text-align: justify\" \/><span style=\"font-size: 18px\"><strong style=\"line-height: inherit;color: #555555;font-family: 'Trebuchet MS', 'Lucida Grande', 'Lucida Sans Unicode', 'Lucida Sans', Tahoma, sans-serif;font-size: 16px;text-align: justify\">Tr\u00eas vit\u00f3rias com Tecau em 2021 &#8211;\u00a0<\/strong><span style=\"color: #555555;font-family: 'Trebuchet MS', 'Lucida Grande', 'Lucida Sans Unicode', 'Lucida Sans', Tahoma, sans-serif;text-align: justify\">Neste in\u00edcio de temporada 2021, Marcelo Melo tem tr\u00eas vit\u00f3rias, ao lado do romeno Horia Tecau, contando com o resultado da estreia no Murray River Open e as duas no Australian Open, ambos em Melbourne.<\/span><\/span><br style=\"line-height: inherit;color: #555555;font-family: 'Trebuchet MS', 'Lucida Grande', 'Lucida Sans Unicode', 'Lucida Sans', Tahoma, sans-serif;font-size: 16px;text-align: justify\" \/><br style=\"line-height: inherit;color: #555555;font-family: 'Trebuchet MS', 'Lucida Grande', 'Lucida Sans Unicode', 'Lucida Sans', Tahoma, sans-serif;font-size: 16px;text-align: justify\" \/><span style=\"color: #555555;font-family: 'Trebuchet MS', 'Lucida Grande', 'Lucida Sans Unicode', 'Lucida Sans', Tahoma, sans-serif;font-size: 18px;text-align: justify\">Em 2020,\u00a0Melo e Kubot somaram 22 vit\u00f3rias, na estreia no Australian Open e no ATP 250 de Adelaide, na Austr\u00e1lia, duas no Rio Open, quatro em Acapulco, uma no Masters 1000 de Cincinnati, uma no ATP 500 de Hamburgo, uma na estreia em Roland Garros, tr\u00eas no primeiro ATP 250 e uma no segundo em Col\u00f4nia, quatro em Viena, duas em Paris e uma no ATP Finals.<\/span><br style=\"line-height: inherit;color: #555555;font-family: 'Trebuchet MS', 'Lucida Grande', 'Lucida Sans Unicode', 'Lucida Sans', Tahoma, sans-serif;font-size: 16px;text-align: justify\" \/><br style=\"line-height: inherit;color: #555555;font-family: 'Trebuchet MS', 'Lucida Grande', 'Lucida Sans Unicode', 'Lucida Sans', Tahoma, sans-serif;font-size: 16px;text-align: justify\" \/><span style=\"color: #555555;font-family: 'Trebuchet MS', 'Lucida Grande', 'Lucida Sans Unicode', 'Lucida Sans', Tahoma, sans-serif;font-size: 18px;text-align: justify\">Marcelo, 37 anos, e Kubot, 38 anos, formaram parceria desde o in\u00edcio da temporada 2017, encerrada no final de 2020. Antes, jogaram em torneios como o ATP 500 de Viena, em que foram campe\u00f5es em 2015 e 2016.<\/span><br style=\"line-height: inherit;color: #555555;font-family: 'Trebuchet MS', 'Lucida Grande', 'Lucida Sans Unicode', 'Lucida Sans', Tahoma, sans-serif;font-size: 16px;text-align: justify\" \/><br style=\"line-height: inherit;color: #555555;font-family: 'Trebuchet MS', 'Lucida Grande', 'Lucida Sans Unicode', 'Lucida Sans', Tahoma, sans-serif;font-size: 16px;text-align: justify\" \/><span style=\"color: #555555;font-family: 'Trebuchet MS', 'Lucida Grande', 'Lucida Sans Unicode', 'Lucida Sans', Tahoma, sans-serif;font-size: 18px;text-align: justify\">Em 2020, Melo e Kubot terminaram como a s\u00e9tima melhor parceria do ano, com 2.340 pontos. No ranking mundial individual de duplas, pela oitava temporada seguida, Marcelo ficou entre os Top 10. No ano passado, foi d\u00e9cimo. Em 2019, s\u00e9timo. Em 2018, nono do mundo, primeiro em 2017 e 2015, oitavo em 2016 e sexto colocado em 2013 e 2014.<\/span><br style=\"line-height: inherit;color: #555555;font-family: 'Trebuchet MS', 'Lucida Grande', 'Lucida Sans Unicode', 'Lucida Sans', Tahoma, sans-serif;font-size: 16px;text-align: justify\" \/><br style=\"line-height: inherit;color: #555555;font-family: 'Trebuchet MS', 'Lucida Grande', 'Lucida Sans Unicode', 'Lucida Sans', Tahoma, sans-serif;font-size: 16px;text-align: justify\" \/><span style=\"color: #555555;font-family: 'Trebuchet MS', 'Lucida Grande', 'Lucida Sans Unicode', 'Lucida Sans', Tahoma, sans-serif;font-size: 18px;text-align: justify\">O primeiro t\u00edtulo de Marcelo em torneios ATP foi em 2007, no Estoril, em Portugal. Tem dois Grand Slam, al\u00e9m de um vice em Londres (2013) e um vice (2018) e duas semifinais no US Open. Marcelo tamb\u00e9m lidera no n\u00famero de t\u00edtulos em Masters 1000. Em Xangai 2018 chegou ao nono, depois de ganhar Xangai (2013 e 2015), Paris (2015 e 2017), Toronto (2016), Cincinnati (2016), Miami (2017) e Madri (2017).<\/span><br style=\"line-height: inherit;color: #555555;font-family: 'Trebuchet MS', 'Lucida Grande', 'Lucida Sans Unicode', 'Lucida Sans', Tahoma, sans-serif;font-size: 16px;text-align: justify\" \/><br style=\"line-height: inherit;color: #555555;font-family: 'Trebuchet MS', 'Lucida Grande', 'Lucida Sans Unicode', 'Lucida Sans', Tahoma, sans-serif;font-size: 16px;text-align: justify\" \/><span style=\"font-size: 18px\"><strong style=\"line-height: inherit;color: #555555;font-family: 'Trebuchet MS', 'Lucida Grande', 'Lucida Sans Unicode', 'Lucida Sans', Tahoma, sans-serif;font-size: 16px;text-align: justify\">Temporada 2020<\/strong><strong style=\"line-height: inherit;color: #555555;font-family: 'Trebuchet MS', 'Lucida Grande', 'Lucida Sans Unicode', 'Lucida Sans', Tahoma, sans-serif;font-size: 16px;text-align: justify\"><br style=\"line-height: inherit\" \/><br style=\"line-height: inherit\" \/>T\u00edtulo<br style=\"line-height: inherit\" \/>ATP 500 &#8211;\u00a0<\/strong><span style=\"color: #555555;font-family: 'Trebuchet MS', 'Lucida Grande', 'Lucida Sans Unicode', 'Lucida Sans', Tahoma, sans-serif;text-align: justify\">Acapulco (M\u00e9xico), r\u00e1pida<\/span><\/span><br style=\"line-height: inherit;color: #555555;font-family: 'Trebuchet MS', 'Lucida Grande', 'Lucida Sans Unicode', 'Lucida Sans', Tahoma, sans-serif;font-size: 16px;text-align: justify\" \/><span style=\"font-size: 18px\"><strong style=\"line-height: inherit;color: #555555;font-family: 'Trebuchet MS', 'Lucida Grande', 'Lucida Sans Unicode', 'Lucida Sans', Tahoma, sans-serif;font-size: 16px;text-align: justify\">ATP 500<\/strong><span style=\"color: #555555;font-family: 'Trebuchet MS', 'Lucida Grande', 'Lucida Sans Unicode', 'Lucida Sans', Tahoma, sans-serif;text-align: justify\">\u00a0&#8211; Viena (\u00c1ustria), r\u00e1pida<\/span><\/span><br style=\"line-height: inherit;color: #555555;font-family: 'Trebuchet MS', 'Lucida Grande', 'Lucida Sans Unicode', 'Lucida Sans', Tahoma, sans-serif;font-size: 16px;text-align: justify\" \/><br style=\"line-height: inherit;color: #555555;font-family: 'Trebuchet MS', 'Lucida Grande', 'Lucida Sans Unicode', 'Lucida Sans', Tahoma, sans-serif;font-size: 16px;text-align: justify\" \/><span style=\"font-size: 18px\"><strong style=\"line-height: inherit;color: #555555;font-family: 'Trebuchet MS', 'Lucida Grande', 'Lucida Sans Unicode', 'Lucida Sans', Tahoma, sans-serif;font-size: 16px;text-align: justify\">Vice-campeonato<\/strong><\/span><br style=\"line-height: inherit;color: #555555;font-family: 'Trebuchet MS', 'Lucida Grande', 'Lucida Sans Unicode', 'Lucida Sans', Tahoma, sans-serif;font-size: 16px;text-align: justify\" \/><span style=\"font-size: 18px\"><strong style=\"line-height: inherit;color: #555555;font-family: 'Trebuchet MS', 'Lucida Grande', 'Lucida Sans Unicode', 'Lucida Sans', Tahoma, sans-serif;font-size: 16px;text-align: justify\">ATP 250 &#8211;<\/strong><span style=\"color: #555555;font-family: 'Trebuchet MS', 'Lucida Grande', 'Lucida Sans Unicode', 'Lucida Sans', Tahoma, sans-serif;text-align: justify\">\u00a0Col\u00f4nia (Alemanha), r\u00e1pida<\/span><\/span><br style=\"line-height: inherit;color: #555555;font-family: 'Trebuchet MS', 'Lucida Grande', 'Lucida Sans Unicode', 'Lucida Sans', Tahoma, sans-serif;font-size: 16px;text-align: justify\" \/><br style=\"line-height: inherit;color: #555555;font-family: 'Trebuchet MS', 'Lucida Grande', 'Lucida Sans Unicode', 'Lucida Sans', Tahoma, sans-serif;font-size: 16px;text-align: justify\" \/><span style=\"font-size: 18px\"><strong style=\"line-height: inherit;color: #555555;font-family: 'Trebuchet MS', 'Lucida Grande', 'Lucida Sans Unicode', 'Lucida Sans', Tahoma, sans-serif;font-size: 16px;text-align: justify\">Temporada 2019<\/strong><strong style=\"line-height: inherit;color: #555555;font-family: 'Trebuchet MS', 'Lucida Grande', 'Lucida Sans Unicode', 'Lucida Sans', Tahoma, sans-serif;font-size: 16px;text-align: justify\"><br style=\"line-height: inherit\" \/><br style=\"line-height: inherit\" \/>T\u00edtulo<br style=\"line-height: inherit\" \/>ATP 250 \u2013\u00a0<\/strong><span style=\"color: #555555;font-family: 'Trebuchet MS', 'Lucida Grande', 'Lucida Sans Unicode', 'Lucida Sans', Tahoma, sans-serif;text-align: justify\">Winston-Salem (EUA), r\u00e1pida<\/span><\/span><br style=\"line-height: inherit;color: #555555;font-family: 'Trebuchet MS', 'Lucida Grande', 'Lucida Sans Unicode', 'Lucida Sans', Tahoma, sans-serif;font-size: 16px;text-align: justify\" \/><br style=\"line-height: inherit;color: #555555;font-family: 'Trebuchet MS', 'Lucida Grande', 'Lucida Sans Unicode', 'Lucida Sans', Tahoma, sans-serif;font-size: 16px;text-align: justify\" \/><span style=\"font-size: 18px\"><strong style=\"line-height: inherit;color: #555555;font-family: 'Trebuchet MS', 'Lucida Grande', 'Lucida Sans Unicode', 'Lucida Sans', Tahoma, sans-serif;font-size: 16px;text-align: justify\">Vice-campeonato<\/strong><strong style=\"line-height: inherit;color: #555555;font-family: 'Trebuchet MS', 'Lucida Grande', 'Lucida Sans Unicode', 'Lucida Sans', Tahoma, sans-serif;font-size: 16px;text-align: justify\"><br style=\"line-height: inherit\" \/>Masters 1000 \u2013\u00a0<\/strong><span style=\"color: #555555;font-family: 'Trebuchet MS', 'Lucida Grande', 'Lucida Sans Unicode', 'Lucida Sans', Tahoma, sans-serif;text-align: justify\">Indian Wells (EUA), r\u00e1pida<\/span><\/span><br style=\"line-height: inherit;color: #555555;font-family: 'Trebuchet MS', 'Lucida Grande', 'Lucida Sans Unicode', 'Lucida Sans', Tahoma, sans-serif;font-size: 16px;text-align: justify\" \/><span style=\"font-size: 18px\"><strong style=\"line-height: inherit;color: #555555;font-family: 'Trebuchet MS', 'Lucida Grande', 'Lucida Sans Unicode', 'Lucida Sans', Tahoma, sans-serif;font-size: 16px;text-align: justify\">ATP 500 &#8211;<\/strong><span style=\"color: #555555;font-family: 'Trebuchet MS', 'Lucida Grande', 'Lucida Sans Unicode', 'Lucida Sans', Tahoma, sans-serif;text-align: justify\">\u00a0Halle (Alemanha), grama<\/span><\/span><br style=\"line-height: inherit;color: #555555;font-family: 'Trebuchet MS', 'Lucida Grande', 'Lucida Sans Unicode', 'Lucida Sans', Tahoma, sans-serif;font-size: 16px;text-align: justify\" \/><span style=\"font-size: 18px\"><strong style=\"line-height: inherit;color: #555555;font-family: 'Trebuchet MS', 'Lucida Grande', 'Lucida Sans Unicode', 'Lucida Sans', Tahoma, sans-serif;font-size: 16px;text-align: justify\">ATP 500<\/strong><span style=\"color: #555555;font-family: 'Trebuchet MS', 'Lucida Grande', 'Lucida Sans Unicode', 'Lucida Sans', Tahoma, sans-serif;text-align: justify\">\u00a0&#8211; Beijing (China), r\u00e1pida<\/span><\/span><br style=\"line-height: inherit;color: #555555;font-family: 'Trebuchet MS', 'Lucida Grande', 'Lucida Sans Unicode', 'Lucida Sans', Tahoma, sans-serif;font-size: 16px;text-align: justify\" \/><span style=\"font-size: 18px\"><strong style=\"line-height: inherit;color: #555555;font-family: 'Trebuchet MS', 'Lucida Grande', 'Lucida Sans Unicode', 'Lucida Sans', Tahoma, sans-serif;font-size: 16px;text-align: justify\">Masters 1000 &#8211;<\/strong><span style=\"color: #555555;font-family: 'Trebuchet MS', 'Lucida Grande', 'Lucida Sans Unicode', 'Lucida Sans', Tahoma, sans-serif;text-align: justify\">\u00a0Xangai (China), r\u00e1pida<\/span><\/span><br style=\"line-height: inherit;color: #555555;font-family: 'Trebuchet MS', 'Lucida Grande', 'Lucida Sans Unicode', 'Lucida Sans', Tahoma, sans-serif;font-size: 16px;text-align: justify\" \/><span style=\"font-size: 18px\"><strong style=\"line-height: inherit;color: #555555;font-family: 'Trebuchet MS', 'Lucida Grande', 'Lucida Sans Unicode', 'Lucida Sans', Tahoma, sans-serif;font-size: 16px;text-align: justify\">ATP 500 &#8211;<\/strong><span style=\"color: #555555;font-family: 'Trebuchet MS', 'Lucida Grande', 'Lucida Sans Unicode', 'Lucida Sans', Tahoma, sans-serif;text-align: justify\">\u00a0Viena (\u00c1ustria), r\u00e1pida<\/span><\/span><\/p>\n<p><span style=\"color: #555555;font-family: 'Trebuchet MS', 'Lucida Grande', 'Lucida Sans Unicode', 'Lucida Sans', Tahoma, sans-serif;font-size: 18px;text-align: justify\">(Assessoria)<\/span><\/p>\n","protected":false},"excerpt":{"rendered":"<p>O mineiro Marcelo Melo e a russa Vera Zvonareva estrearam com vit\u00f3ria de virada e est\u00e3o nas oitavas de final das duplas mistas do Australian Open, em Melbourne, na Austr\u00e1lia. Na madrugada desta segunda-feira (15), Melo entrou em quadra duas vezes no Grand Slam. Antes de vencer e seguir em busca de um lugar nas [&hellip;]<\/p>\n","protected":false},"author":6307,"featured_media":44334,"comment_status":"closed","ping_status":"open","sticky":false,"template":"","format":"standard","meta":{"_exactmetrics_skip_tracking":false,"_exactmetrics_sitenote_active":false,"_exactmetrics_sitenote_note":"","_exactmetrics_sitenote_category":0,"footnotes":""},"categories":[2544],"tags":[47,13870],"yoast_head":"<!-- This site is optimized with the Yoast SEO Premium plugin v22.7 (Yoast SEO v22.7) - https:\/\/yoast.com\/wordpress\/plugins\/seo\/ -->\n<title>R\u00c1DIO MARING\u00c1 - Brasileiro Marcelo Melo conquista vit\u00f3ria na estreia das duplas mistas no Australian Open - Orlando Gonzalez<\/title>\n<meta name=\"robots\" content=\"index, follow, max-snippet:-1, max-image-preview:large, max-video-preview:-1\" \/>\n<link rel=\"canonical\" href=\"https:\/\/maringapost.com.br\/orlandogonzalez\/2021\/02\/15\/radio-maringa-brasileiro-marcelo-melo-conquista-vitoria-na-estreia-das-duplas-mistas-no-australian-open\/\" \/>\n<meta property=\"og:locale\" content=\"pt_BR\" \/>\n<meta property=\"og:type\" content=\"article\" \/>\n<meta property=\"og:title\" content=\"R\u00c1DIO MARING\u00c1 - Brasileiro Marcelo Melo conquista vit\u00f3ria na estreia das duplas mistas no Australian Open\" \/>\n<meta property=\"og:description\" content=\"O mineiro Marcelo Melo e a russa Vera Zvonareva estrearam com vit\u00f3ria de virada e est\u00e3o nas oitavas de final das duplas mistas do Australian Open, em Melbourne, na Austr\u00e1lia. Na madrugada desta segunda-feira (15), Melo entrou em quadra duas vezes no Grand Slam. Antes de vencer e seguir em busca de um lugar nas [&hellip;]\" \/>\n<meta property=\"og:url\" content=\"https:\/\/maringapost.com.br\/orlandogonzalez\/2021\/02\/15\/radio-maringa-brasileiro-marcelo-melo-conquista-vitoria-na-estreia-das-duplas-mistas-no-australian-open\/\" \/>\n<meta property=\"og:site_name\" content=\"Orlando Gonzalez\" \/>\n<meta property=\"article:author\" content=\"https:\/\/www.facebook.com\/profile.php?id=100011095815065\" \/>\n<meta property=\"article:published_time\" content=\"2021-02-15T14:16:30+00:00\" \/>\n<meta property=\"article:modified_time\" content=\"2021-02-15T14:17:28+00:00\" \/>\n<meta property=\"og:image\" content=\"https:\/\/maringapost.com.br\/orlandogonzalez\/wp-content\/uploads\/sites\/17\/2021\/02\/marcelo2.jpg\" \/>\n\t<meta property=\"og:image:width\" content=\"600\" \/>\n\t<meta property=\"og:image:height\" content=\"334\" \/>\n\t<meta property=\"og:image:type\" content=\"image\/jpeg\" \/>\n<meta name=\"author\" content=\"Orlando Gonzalez\" \/>\n<meta name=\"twitter:card\" content=\"summary_large_image\" \/>\n<meta name=\"twitter:creator\" content=\"@gonzalezorlando\" \/>\n<meta name=\"twitter:label1\" content=\"Escrito por\" \/>\n\t<meta name=\"twitter:data1\" content=\"\" \/>\n\t<meta name=\"twitter:label2\" content=\"Est. tempo de leitura\" \/>\n\t<meta name=\"twitter:data2\" content=\"6 minutos\" \/>\n<script type=\"application\/ld+json\" class=\"yoast-schema-graph\">{\"@context\":\"https:\/\/schema.org\",\"@graph\":[{\"@type\":\"WebPage\",\"@id\":\"https:\/\/maringapost.com.br\/orlandogonzalez\/2021\/02\/15\/radio-maringa-brasileiro-marcelo-melo-conquista-vitoria-na-estreia-das-duplas-mistas-no-australian-open\/\",\"url\":\"https:\/\/maringapost.com.br\/orlandogonzalez\/2021\/02\/15\/radio-maringa-brasileiro-marcelo-melo-conquista-vitoria-na-estreia-das-duplas-mistas-no-australian-open\/\",\"name\":\"R\u00c1DIO MARING\u00c1 - Brasileiro Marcelo Melo conquista vit\u00f3ria na estreia das duplas mistas no Australian Open - Orlando Gonzalez\",\"isPartOf\":{\"@id\":\"https:\/\/maringapost.com.br\/orlandogonzalez\/#website\"},\"primaryImageOfPage\":{\"@id\":\"https:\/\/maringapost.com.br\/orlandogonzalez\/2021\/02\/15\/radio-maringa-brasileiro-marcelo-melo-conquista-vitoria-na-estreia-das-duplas-mistas-no-australian-open\/#primaryimage\"},\"image\":{\"@id\":\"https:\/\/maringapost.com.br\/orlandogonzalez\/2021\/02\/15\/radio-maringa-brasileiro-marcelo-melo-conquista-vitoria-na-estreia-das-duplas-mistas-no-australian-open\/#primaryimage\"},\"thumbnailUrl\":\"https:\/\/maringapost.com.br\/orlandogonzalez\/wp-content\/uploads\/sites\/17\/2021\/02\/marcelo2.jpg\",\"datePublished\":\"2021-02-15T14:16:30+00:00\",\"dateModified\":\"2021-02-15T14:17:28+00:00\",\"author\":{\"@id\":\"https:\/\/maringapost.com.br\/orlandogonzalez\/#\/schema\/person\/5cbe6257d08edea6afc9ebaa613b0633\"},\"inLanguage\":\"pt-BR\",\"potentialAction\":[{\"@type\":\"ReadAction\",\"target\":[\"https:\/\/maringapost.com.br\/orlandogonzalez\/2021\/02\/15\/radio-maringa-brasileiro-marcelo-melo-conquista-vitoria-na-estreia-das-duplas-mistas-no-australian-open\/\"]}]},{\"@type\":\"ImageObject\",\"inLanguage\":\"pt-BR\",\"@id\":\"https:\/\/maringapost.com.br\/orlandogonzalez\/2021\/02\/15\/radio-maringa-brasileiro-marcelo-melo-conquista-vitoria-na-estreia-das-duplas-mistas-no-australian-open\/#primaryimage\",\"url\":\"https:\/\/maringapost.com.br\/orlandogonzalez\/wp-content\/uploads\/sites\/17\/2021\/02\/marcelo2.jpg\",\"contentUrl\":\"https:\/\/maringapost.com.br\/orlandogonzalez\/wp-content\/uploads\/sites\/17\/2021\/02\/marcelo2.jpg\",\"width\":600,\"height\":334},{\"@type\":\"WebSite\",\"@id\":\"https:\/\/maringapost.com.br\/orlandogonzalez\/#website\",\"url\":\"https:\/\/maringapost.com.br\/orlandogonzalez\/\",\"name\":\"Orlando Gonzalez\",\"description\":\"Destaca o esporte de Maring\u00e1! Destaca o esporte do Paran\u00e1! Destaca o esporte do Brasil!\",\"potentialAction\":[{\"@type\":\"SearchAction\",\"target\":{\"@type\":\"EntryPoint\",\"urlTemplate\":\"https:\/\/maringapost.com.br\/orlandogonzalez\/?s={search_term_string}\"},\"query-input\":\"required name=search_term_string\"}],\"inLanguage\":\"pt-BR\"},{\"@type\":\"Person\",\"@id\":\"https:\/\/maringapost.com.br\/orlandogonzalez\/#\/schema\/person\/5cbe6257d08edea6afc9ebaa613b0633\",\"name\":\"Orlando Gonzalez\",\"image\":{\"@type\":\"ImageObject\",\"inLanguage\":\"pt-BR\",\"@id\":\"https:\/\/maringapost.com.br\/orlandogonzalez\/#\/schema\/person\/image\/\",\"url\":\"https:\/\/secure.gravatar.com\/avatar\/ecef9d1c9afe5ebdafadde8369065ba5?s=96&d=mm&r=g\",\"contentUrl\":\"https:\/\/secure.gravatar.com\/avatar\/ecef9d1c9afe5ebdafadde8369065ba5?s=96&d=mm&r=g\",\"caption\":\"Orlando Gonzalez\"},\"description\":\"H\u00e1 29 anos na cobertura do esporte de Maring\u00e1. Plant\u00e3o e narrador esportivo. Presta\u00e7\u00e3o de assessoria de imprensa esportiva, cobertura e transmiss\u00f5es ao vivo de eventos esportivos. E-mail: orlandogonzalez.assessoria@gmail.com WhatsApp: (44) 9 9126-6119\",\"sameAs\":[\"http:\/\/www.radiomaringa.com.br\/\",\"https:\/\/www.facebook.com\/profile.php?id=100011095815065\",\"https:\/\/www.instagram.com\/orlandomgonzalez\/\",\"https:\/\/br.pinterest.com\/ogonzalez0530\/\",\"https:\/\/x.com\/gonzalezorlando\",\"https:\/\/www.youtube.com\/channel\/UCvFpl55btth8wjnKiSS1ibA\",\"https:\/\/radiomaringaweb.tumblr.com\/\"],\"url\":\"https:\/\/maringapost.com.br\/orlandogonzalez\/author\/orlando\/\"}]}<\/script>\n<!-- \/ Yoast SEO Premium plugin. -->","yoast_head_json":{"title":"R\u00c1DIO MARING\u00c1 - Brasileiro Marcelo Melo conquista vit\u00f3ria na estreia das duplas mistas no Australian Open - Orlando Gonzalez","robots":{"index":"index","follow":"follow","max-snippet":"max-snippet:-1","max-image-preview":"max-image-preview:large","max-video-preview":"max-video-preview:-1"},"canonical":"https:\/\/maringapost.com.br\/orlandogonzalez\/2021\/02\/15\/radio-maringa-brasileiro-marcelo-melo-conquista-vitoria-na-estreia-das-duplas-mistas-no-australian-open\/","og_locale":"pt_BR","og_type":"article","og_title":"R\u00c1DIO MARING\u00c1 - Brasileiro Marcelo Melo conquista vit\u00f3ria na estreia das duplas mistas no Australian Open","og_description":"O mineiro Marcelo Melo e a russa Vera Zvonareva estrearam com vit\u00f3ria de virada e est\u00e3o nas oitavas de final das duplas mistas do Australian Open, em Melbourne, na Austr\u00e1lia. Na madrugada desta segunda-feira (15), Melo entrou em quadra duas vezes no Grand Slam. Antes de vencer e seguir em busca de um lugar nas [&hellip;]","og_url":"https:\/\/maringapost.com.br\/orlandogonzalez\/2021\/02\/15\/radio-maringa-brasileiro-marcelo-melo-conquista-vitoria-na-estreia-das-duplas-mistas-no-australian-open\/","og_site_name":"Orlando Gonzalez","article_author":"https:\/\/www.facebook.com\/profile.php?id=100011095815065","article_published_time":"2021-02-15T14:16:30+00:00","article_modified_time":"2021-02-15T14:17:28+00:00","og_image":[{"width":600,"height":334,"url":"https:\/\/maringapost.com.br\/orlandogonzalez\/wp-content\/uploads\/sites\/17\/2021\/02\/marcelo2.jpg","type":"image\/jpeg"}],"author":"Orlando Gonzalez","twitter_card":"summary_large_image","twitter_creator":"@gonzalezorlando","twitter_misc":{"Escrito por":false,"Est. tempo de leitura":"6 minutos"},"schema":{"@context":"https:\/\/schema.org","@graph":[{"@type":"WebPage","@id":"https:\/\/maringapost.com.br\/orlandogonzalez\/2021\/02\/15\/radio-maringa-brasileiro-marcelo-melo-conquista-vitoria-na-estreia-das-duplas-mistas-no-australian-open\/","url":"https:\/\/maringapost.com.br\/orlandogonzalez\/2021\/02\/15\/radio-maringa-brasileiro-marcelo-melo-conquista-vitoria-na-estreia-das-duplas-mistas-no-australian-open\/","name":"R\u00c1DIO MARING\u00c1 - Brasileiro Marcelo Melo conquista vit\u00f3ria na estreia das duplas mistas no Australian Open - Orlando Gonzalez","isPartOf":{"@id":"https:\/\/maringapost.com.br\/orlandogonzalez\/#website"},"primaryImageOfPage":{"@id":"https:\/\/maringapost.com.br\/orlandogonzalez\/2021\/02\/15\/radio-maringa-brasileiro-marcelo-melo-conquista-vitoria-na-estreia-das-duplas-mistas-no-australian-open\/#primaryimage"},"image":{"@id":"https:\/\/maringapost.com.br\/orlandogonzalez\/2021\/02\/15\/radio-maringa-brasileiro-marcelo-melo-conquista-vitoria-na-estreia-das-duplas-mistas-no-australian-open\/#primaryimage"},"thumbnailUrl":"https:\/\/maringapost.com.br\/orlandogonzalez\/wp-content\/uploads\/sites\/17\/2021\/02\/marcelo2.jpg","datePublished":"2021-02-15T14:16:30+00:00","dateModified":"2021-02-15T14:17:28+00:00","author":{"@id":"https:\/\/maringapost.com.br\/orlandogonzalez\/#\/schema\/person\/5cbe6257d08edea6afc9ebaa613b0633"},"inLanguage":"pt-BR","potentialAction":[{"@type":"ReadAction","target":["https:\/\/maringapost.com.br\/orlandogonzalez\/2021\/02\/15\/radio-maringa-brasileiro-marcelo-melo-conquista-vitoria-na-estreia-das-duplas-mistas-no-australian-open\/"]}]},{"@type":"ImageObject","inLanguage":"pt-BR","@id":"https:\/\/maringapost.com.br\/orlandogonzalez\/2021\/02\/15\/radio-maringa-brasileiro-marcelo-melo-conquista-vitoria-na-estreia-das-duplas-mistas-no-australian-open\/#primaryimage","url":"https:\/\/maringapost.com.br\/orlandogonzalez\/wp-content\/uploads\/sites\/17\/2021\/02\/marcelo2.jpg","contentUrl":"https:\/\/maringapost.com.br\/orlandogonzalez\/wp-content\/uploads\/sites\/17\/2021\/02\/marcelo2.jpg","width":600,"height":334},{"@type":"WebSite","@id":"https:\/\/maringapost.com.br\/orlandogonzalez\/#website","url":"https:\/\/maringapost.com.br\/orlandogonzalez\/","name":"Orlando Gonzalez","description":"Destaca o esporte de Maring\u00e1! Destaca o esporte do Paran\u00e1! Destaca o esporte do Brasil!","potentialAction":[{"@type":"SearchAction","target":{"@type":"EntryPoint","urlTemplate":"https:\/\/maringapost.com.br\/orlandogonzalez\/?s={search_term_string}"},"query-input":"required name=search_term_string"}],"inLanguage":"pt-BR"},{"@type":"Person","@id":"https:\/\/maringapost.com.br\/orlandogonzalez\/#\/schema\/person\/5cbe6257d08edea6afc9ebaa613b0633","name":"Orlando Gonzalez","image":{"@type":"ImageObject","inLanguage":"pt-BR","@id":"https:\/\/maringapost.com.br\/orlandogonzalez\/#\/schema\/person\/image\/","url":"https:\/\/secure.gravatar.com\/avatar\/ecef9d1c9afe5ebdafadde8369065ba5?s=96&d=mm&r=g","contentUrl":"https:\/\/secure.gravatar.com\/avatar\/ecef9d1c9afe5ebdafadde8369065ba5?s=96&d=mm&r=g","caption":"Orlando Gonzalez"},"description":"H\u00e1 29 anos na cobertura do esporte de Maring\u00e1. Plant\u00e3o e narrador esportivo. Presta\u00e7\u00e3o de assessoria de imprensa esportiva, cobertura e transmiss\u00f5es ao vivo de eventos esportivos. E-mail: orlandogonzalez.assessoria@gmail.com WhatsApp: (44) 9 9126-6119","sameAs":["http:\/\/www.radiomaringa.com.br\/","https:\/\/www.facebook.com\/profile.php?id=100011095815065","https:\/\/www.instagram.com\/orlandomgonzalez\/","https:\/\/br.pinterest.com\/ogonzalez0530\/","https:\/\/x.com\/gonzalezorlando","https:\/\/www.youtube.com\/channel\/UCvFpl55btth8wjnKiSS1ibA","https:\/\/radiomaringaweb.tumblr.com\/"],"url":"https:\/\/maringapost.com.br\/orlandogonzalez\/author\/orlando\/"}]}},"_links":{"self":[{"href":"https:\/\/maringapost.com.br\/orlandogonzalez\/wp-json\/wp\/v2\/posts\/44333"}],"collection":[{"href":"https:\/\/maringapost.com.br\/orlandogonzalez\/wp-json\/wp\/v2\/posts"}],"about":[{"href":"https:\/\/maringapost.com.br\/orlandogonzalez\/wp-json\/wp\/v2\/types\/post"}],"author":[{"embeddable":true,"href":"https:\/\/maringapost.com.br\/orlandogonzalez\/wp-json\/wp\/v2\/users\/6307"}],"replies":[{"embeddable":true,"href":"https:\/\/maringapost.com.br\/orlandogonzalez\/wp-json\/wp\/v2\/comments?post=44333"}],"version-history":[{"count":1,"href":"https:\/\/maringapost.com.br\/orlandogonzalez\/wp-json\/wp\/v2\/posts\/44333\/revisions"}],"predecessor-version":[{"id":44335,"href":"https:\/\/maringapost.com.br\/orlandogonzalez\/wp-json\/wp\/v2\/posts\/44333\/revisions\/44335"}],"wp:featuredmedia":[{"embeddable":true,"href":"https:\/\/maringapost.com.br\/orlandogonzalez\/wp-json\/wp\/v2\/media\/44334"}],"wp:attachment":[{"href":"https:\/\/maringapost.com.br\/orlandogonzalez\/wp-json\/wp\/v2\/media?parent=44333"}],"wp:term":[{"taxonomy":"category","embeddable":true,"href":"https:\/\/maringapost.com.br\/orlandogonzalez\/wp-json\/wp\/v2\/categories?post=44333"},{"taxonomy":"post_tag","embeddable":true,"href":"https:\/\/maringapost.com.br\/orlandogonzalez\/wp-json\/wp\/v2\/tags?post=44333"}],"curies":[{"name":"wp","href":"https:\/\/api.w.org\/{rel}","templated":true}]}}