{"id":44039,"date":"2021-02-10T06:52:29","date_gmt":"2021-02-10T09:52:29","guid":{"rendered":"http:\/\/maringapost.com.br\/orlandogonzalez\/?p=44039"},"modified":"2021-02-10T06:53:30","modified_gmt":"2021-02-10T09:53:30","slug":"radio-maringa-desorientacao-de-piloto-causou-acidente-com-morte-de-kobe","status":"publish","type":"post","link":"https:\/\/maringapost.com.br\/orlandogonzalez\/2021\/02\/10\/radio-maringa-desorientacao-de-piloto-causou-acidente-com-morte-de-kobe\/","title":{"rendered":"R\u00c1DIO MARING\u00c1 &#8211; Desorienta\u00e7\u00e3o de piloto causou acidente com morte de Kobe"},"content":{"rendered":"<p style=\"margin: 0px 0px 1.3rem;color: #495057;font-family: 'Source Serif Pro', serif;font-size: 16px;background-color: #f7f8f9\"><span style=\"font-size: 24px\">O Conselho de Seguran\u00e7a dos Transportes dos EUA (NTSB, na sigla em ingl\u00eas) citou nesta ter\u00e7a-feira (9) \u201cm\u00e1 tomada de decis\u00e3o\u201d do piloto como a causa prov\u00e1vel do acidente de helic\u00f3ptero que matou o astro do basquete Kobe Bryant, sua filha e outras sete pessoas em janeiro de 2020, afirmando que o piloto ficou desorientado e n\u00e3o seguiu regras para voo em tempo nublado<a href=\"https:\/\/radiomaringa.com.br\/\" target=\"_blank\" rel=\"noopener\">.<img decoding=\"async\" style=\"border: 0px none;vertical-align: middle;height: 1px;width: 1px\" src=\"https:\/\/agenciabrasil.ebc.com.br\/ebc.png?id=1401011&amp;o=node\" \/><img decoding=\"async\" style=\"border: 0px none;vertical-align: middle;height: 1px;width: 1px\" src=\"https:\/\/agenciabrasil.ebc.com.br\/ebc.gif?id=1401011&amp;o=node\" \/><\/a><\/span><\/p>\n<p style=\"margin: 0px 0px 1.3rem;color: #495057;font-family: 'Source Serif Pro', serif;font-size: 16px;background-color: #f7f8f9\"><span style=\"font-size: 24px\">O NTSB citou a \u201cm\u00e1 decis\u00e3o de voar em excesso de velocidade\u201d do piloto Ara Zobayan. A entidade disse que as condi\u00e7\u00f5es clim\u00e1ticas resultaram na \u201cdesorienta\u00e7\u00e3o espacial e perda de controle\u201d do piloto.<\/span><\/p>\n<p style=\"margin: 0px 0px 1.3rem;color: #495057;font-family: 'Source Serif Pro', serif;font-size: 16px;background-color: #f7f8f9\"><span style=\"font-size: 24px\">O conselho tamb\u00e9m citou uma \u201cprov\u00e1vel press\u00e3o autoinduzida\u201d de Zobayan para completar o voo.<\/span><\/p>\n<p style=\"margin: 0px 0px 1.3rem;color: #495057;font-family: 'Source Serif Pro', serif;font-size: 16px;background-color: #f7f8f9\"><span style=\"font-size: 24px\">Zobayan disse aos controladores de tr\u00e1fego a\u00e9reo que seu helic\u00f3ptero estava saindo por cima de nuvens pesadas quando na verdade a aeronave estava descendo. Imediatamente depois disso o helic\u00f3ptero se chocou com uma encosta de morro pr\u00f3xima da cidade de Calabasas (Calif\u00f3rnia), informou a ag\u00eancia. Zobayan estava entre os mortos no acidente com o helic\u00f3ptero Sikorsky S-76B em uma \u00e1rea montanhosa nas imedia\u00e7\u00f5es de Los Angeles.<\/span><\/p>\n<p style=\"margin: 0px 0px 1.3rem;color: #495057;font-family: 'Source Serif Pro', serif;font-size: 16px;background-color: #f7f8f9\"><span style=\"font-size: 24px\">Bryant, de 41 anos, que participou de 18 edi\u00e7\u00f5es do All-Star Game (jogo das estrelas) da NBA (liga de basquete profissional dos Estados Unidos), pelo Los Angeles Lakers, viajava com sua filha de 13 anos, Gianna, duas outras meninas e v\u00e1rios amigos para um torneio de basquete no momento do acidente, que chocou admiradores e f\u00e3s do esporte no mundo todo.<\/span><\/p>\n<p style=\"margin: 0px 0px 1.3rem;color: #495057;font-family: 'Source Serif Pro', serif;font-size: 16px;background-color: #f7f8f9\"><span style=\"font-size: 24px\">O NTSB tamb\u00e9m citou a empresa que operava o helic\u00f3ptero, a Island Express Helicopters, por \u201crevis\u00e3o e supervis\u00e3o inadequada de seus processos de gerenciamento de seguran\u00e7a\u201d. Advogados da empresa n\u00e3o comentaram a declara\u00e7\u00e3o imediatamente.<\/span><\/p>\n<p style=\"margin: 0px 0px 1.3rem;color: #495057;font-family: 'Source Serif Pro', serif;font-size: 16px;background-color: #f7f8f9\"><span style=\"font-size: 24px\">(Ag\u00eancia Brasil)<\/span><\/p>\n","protected":false},"excerpt":{"rendered":"<p>O Conselho de Seguran\u00e7a dos Transportes dos EUA (NTSB, na sigla em ingl\u00eas) citou nesta ter\u00e7a-feira (9) \u201cm\u00e1 tomada de decis\u00e3o\u201d do piloto como a causa prov\u00e1vel do acidente de helic\u00f3ptero que matou o astro do basquete Kobe Bryant, sua filha e outras sete pessoas em janeiro de 2020, afirmando que o piloto ficou desorientado [&hellip;]<\/p>\n","protected":false},"author":6307,"featured_media":44040,"comment_status":"closed","ping_status":"open","sticky":false,"template":"","format":"standard","meta":{"_exactmetrics_skip_tracking":false,"_exactmetrics_sitenote_active":false,"_exactmetrics_sitenote_note":"","_exactmetrics_sitenote_category":0,"footnotes":""},"categories":[1067],"tags":[13966,47],"yoast_head":"<!-- This site is optimized with the Yoast SEO Premium plugin v22.7 (Yoast SEO v22.7) - https:\/\/yoast.com\/wordpress\/plugins\/seo\/ -->\n<title>R\u00c1DIO MARING\u00c1 - Desorienta\u00e7\u00e3o de piloto causou acidente com morte de Kobe - Orlando Gonzalez<\/title>\n<meta name=\"robots\" content=\"index, follow, max-snippet:-1, max-image-preview:large, max-video-preview:-1\" \/>\n<link rel=\"canonical\" href=\"https:\/\/maringapost.com.br\/orlandogonzalez\/2021\/02\/10\/radio-maringa-desorientacao-de-piloto-causou-acidente-com-morte-de-kobe\/\" \/>\n<meta property=\"og:locale\" content=\"pt_BR\" \/>\n<meta property=\"og:type\" content=\"article\" \/>\n<meta property=\"og:title\" content=\"R\u00c1DIO MARING\u00c1 - Desorienta\u00e7\u00e3o de piloto causou acidente com morte de Kobe\" \/>\n<meta property=\"og:description\" content=\"O Conselho de Seguran\u00e7a dos Transportes dos EUA (NTSB, na sigla em ingl\u00eas) citou nesta ter\u00e7a-feira (9) \u201cm\u00e1 tomada de decis\u00e3o\u201d do piloto como a causa prov\u00e1vel do acidente de helic\u00f3ptero que matou o astro do basquete Kobe Bryant, sua filha e outras sete pessoas em janeiro de 2020, afirmando que o piloto ficou desorientado [&hellip;]\" \/>\n<meta property=\"og:url\" content=\"https:\/\/maringapost.com.br\/orlandogonzalez\/2021\/02\/10\/radio-maringa-desorientacao-de-piloto-causou-acidente-com-morte-de-kobe\/\" \/>\n<meta property=\"og:site_name\" content=\"Orlando Gonzalez\" \/>\n<meta property=\"article:author\" content=\"https:\/\/www.facebook.com\/profile.php?id=100011095815065\" \/>\n<meta property=\"article:published_time\" content=\"2021-02-10T09:52:29+00:00\" \/>\n<meta property=\"article:modified_time\" content=\"2021-02-10T09:53:30+00:00\" \/>\n<meta property=\"og:image\" content=\"https:\/\/maringapost.com.br\/orlandogonzalez\/wp-content\/uploads\/sites\/17\/2021\/02\/kobe.jpg\" \/>\n\t<meta property=\"og:image:width\" content=\"1170\" \/>\n\t<meta property=\"og:image:height\" content=\"700\" \/>\n\t<meta property=\"og:image:type\" content=\"image\/jpeg\" \/>\n<meta name=\"author\" content=\"Orlando Gonzalez\" \/>\n<meta name=\"twitter:card\" content=\"summary_large_image\" \/>\n<meta name=\"twitter:creator\" content=\"@gonzalezorlando\" \/>\n<meta name=\"twitter:label1\" content=\"Escrito por\" \/>\n\t<meta name=\"twitter:data1\" content=\"\" \/>\n\t<meta name=\"twitter:label2\" content=\"Est. tempo de leitura\" \/>\n\t<meta name=\"twitter:data2\" content=\"2 minutos\" \/>\n<script type=\"application\/ld+json\" class=\"yoast-schema-graph\">{\"@context\":\"https:\/\/schema.org\",\"@graph\":[{\"@type\":\"WebPage\",\"@id\":\"https:\/\/maringapost.com.br\/orlandogonzalez\/2021\/02\/10\/radio-maringa-desorientacao-de-piloto-causou-acidente-com-morte-de-kobe\/\",\"url\":\"https:\/\/maringapost.com.br\/orlandogonzalez\/2021\/02\/10\/radio-maringa-desorientacao-de-piloto-causou-acidente-com-morte-de-kobe\/\",\"name\":\"R\u00c1DIO MARING\u00c1 - Desorienta\u00e7\u00e3o de piloto causou acidente com morte de Kobe - Orlando Gonzalez\",\"isPartOf\":{\"@id\":\"https:\/\/maringapost.com.br\/orlandogonzalez\/#website\"},\"primaryImageOfPage\":{\"@id\":\"https:\/\/maringapost.com.br\/orlandogonzalez\/2021\/02\/10\/radio-maringa-desorientacao-de-piloto-causou-acidente-com-morte-de-kobe\/#primaryimage\"},\"image\":{\"@id\":\"https:\/\/maringapost.com.br\/orlandogonzalez\/2021\/02\/10\/radio-maringa-desorientacao-de-piloto-causou-acidente-com-morte-de-kobe\/#primaryimage\"},\"thumbnailUrl\":\"https:\/\/maringapost.com.br\/orlandogonzalez\/wp-content\/uploads\/sites\/17\/2021\/02\/kobe.jpg\",\"datePublished\":\"2021-02-10T09:52:29+00:00\",\"dateModified\":\"2021-02-10T09:53:30+00:00\",\"author\":{\"@id\":\"https:\/\/maringapost.com.br\/orlandogonzalez\/#\/schema\/person\/5cbe6257d08edea6afc9ebaa613b0633\"},\"inLanguage\":\"pt-BR\",\"potentialAction\":[{\"@type\":\"ReadAction\",\"target\":[\"https:\/\/maringapost.com.br\/orlandogonzalez\/2021\/02\/10\/radio-maringa-desorientacao-de-piloto-causou-acidente-com-morte-de-kobe\/\"]}]},{\"@type\":\"ImageObject\",\"inLanguage\":\"pt-BR\",\"@id\":\"https:\/\/maringapost.com.br\/orlandogonzalez\/2021\/02\/10\/radio-maringa-desorientacao-de-piloto-causou-acidente-com-morte-de-kobe\/#primaryimage\",\"url\":\"https:\/\/maringapost.com.br\/orlandogonzalez\/wp-content\/uploads\/sites\/17\/2021\/02\/kobe.jpg\",\"contentUrl\":\"https:\/\/maringapost.com.br\/orlandogonzalez\/wp-content\/uploads\/sites\/17\/2021\/02\/kobe.jpg\",\"width\":1170,\"height\":700},{\"@type\":\"WebSite\",\"@id\":\"https:\/\/maringapost.com.br\/orlandogonzalez\/#website\",\"url\":\"https:\/\/maringapost.com.br\/orlandogonzalez\/\",\"name\":\"Orlando Gonzalez\",\"description\":\"Destaca o esporte de Maring\u00e1! Destaca o esporte do Paran\u00e1! Destaca o esporte do Brasil!\",\"potentialAction\":[{\"@type\":\"SearchAction\",\"target\":{\"@type\":\"EntryPoint\",\"urlTemplate\":\"https:\/\/maringapost.com.br\/orlandogonzalez\/?s={search_term_string}\"},\"query-input\":\"required name=search_term_string\"}],\"inLanguage\":\"pt-BR\"},{\"@type\":\"Person\",\"@id\":\"https:\/\/maringapost.com.br\/orlandogonzalez\/#\/schema\/person\/5cbe6257d08edea6afc9ebaa613b0633\",\"name\":\"Orlando Gonzalez\",\"image\":{\"@type\":\"ImageObject\",\"inLanguage\":\"pt-BR\",\"@id\":\"https:\/\/maringapost.com.br\/orlandogonzalez\/#\/schema\/person\/image\/\",\"url\":\"https:\/\/secure.gravatar.com\/avatar\/ecef9d1c9afe5ebdafadde8369065ba5?s=96&d=mm&r=g\",\"contentUrl\":\"https:\/\/secure.gravatar.com\/avatar\/ecef9d1c9afe5ebdafadde8369065ba5?s=96&d=mm&r=g\",\"caption\":\"Orlando Gonzalez\"},\"description\":\"H\u00e1 29 anos na cobertura do esporte de Maring\u00e1. Plant\u00e3o e narrador esportivo. Presta\u00e7\u00e3o de assessoria de imprensa esportiva, cobertura e transmiss\u00f5es ao vivo de eventos esportivos. E-mail: orlandogonzalez.assessoria@gmail.com WhatsApp: (44) 9 9126-6119\",\"sameAs\":[\"http:\/\/www.radiomaringa.com.br\/\",\"https:\/\/www.facebook.com\/profile.php?id=100011095815065\",\"https:\/\/www.instagram.com\/orlandomgonzalez\/\",\"https:\/\/br.pinterest.com\/ogonzalez0530\/\",\"https:\/\/x.com\/gonzalezorlando\",\"https:\/\/www.youtube.com\/channel\/UCvFpl55btth8wjnKiSS1ibA\",\"https:\/\/radiomaringaweb.tumblr.com\/\"],\"url\":\"https:\/\/maringapost.com.br\/orlandogonzalez\/author\/orlando\/\"}]}<\/script>\n<!-- \/ Yoast SEO Premium plugin. -->","yoast_head_json":{"title":"R\u00c1DIO MARING\u00c1 - Desorienta\u00e7\u00e3o de piloto causou acidente com morte de Kobe - Orlando Gonzalez","robots":{"index":"index","follow":"follow","max-snippet":"max-snippet:-1","max-image-preview":"max-image-preview:large","max-video-preview":"max-video-preview:-1"},"canonical":"https:\/\/maringapost.com.br\/orlandogonzalez\/2021\/02\/10\/radio-maringa-desorientacao-de-piloto-causou-acidente-com-morte-de-kobe\/","og_locale":"pt_BR","og_type":"article","og_title":"R\u00c1DIO MARING\u00c1 - Desorienta\u00e7\u00e3o de piloto causou acidente com morte de Kobe","og_description":"O Conselho de Seguran\u00e7a dos Transportes dos EUA (NTSB, na sigla em ingl\u00eas) citou nesta ter\u00e7a-feira (9) \u201cm\u00e1 tomada de decis\u00e3o\u201d do piloto como a causa prov\u00e1vel do acidente de helic\u00f3ptero que matou o astro do basquete Kobe Bryant, sua filha e outras sete pessoas em janeiro de 2020, afirmando que o piloto ficou desorientado [&hellip;]","og_url":"https:\/\/maringapost.com.br\/orlandogonzalez\/2021\/02\/10\/radio-maringa-desorientacao-de-piloto-causou-acidente-com-morte-de-kobe\/","og_site_name":"Orlando Gonzalez","article_author":"https:\/\/www.facebook.com\/profile.php?id=100011095815065","article_published_time":"2021-02-10T09:52:29+00:00","article_modified_time":"2021-02-10T09:53:30+00:00","og_image":[{"width":1170,"height":700,"url":"https:\/\/maringapost.com.br\/orlandogonzalez\/wp-content\/uploads\/sites\/17\/2021\/02\/kobe.jpg","type":"image\/jpeg"}],"author":"Orlando Gonzalez","twitter_card":"summary_large_image","twitter_creator":"@gonzalezorlando","twitter_misc":{"Escrito por":false,"Est. tempo de leitura":"2 minutos"},"schema":{"@context":"https:\/\/schema.org","@graph":[{"@type":"WebPage","@id":"https:\/\/maringapost.com.br\/orlandogonzalez\/2021\/02\/10\/radio-maringa-desorientacao-de-piloto-causou-acidente-com-morte-de-kobe\/","url":"https:\/\/maringapost.com.br\/orlandogonzalez\/2021\/02\/10\/radio-maringa-desorientacao-de-piloto-causou-acidente-com-morte-de-kobe\/","name":"R\u00c1DIO MARING\u00c1 - Desorienta\u00e7\u00e3o de piloto causou acidente com morte de Kobe - Orlando Gonzalez","isPartOf":{"@id":"https:\/\/maringapost.com.br\/orlandogonzalez\/#website"},"primaryImageOfPage":{"@id":"https:\/\/maringapost.com.br\/orlandogonzalez\/2021\/02\/10\/radio-maringa-desorientacao-de-piloto-causou-acidente-com-morte-de-kobe\/#primaryimage"},"image":{"@id":"https:\/\/maringapost.com.br\/orlandogonzalez\/2021\/02\/10\/radio-maringa-desorientacao-de-piloto-causou-acidente-com-morte-de-kobe\/#primaryimage"},"thumbnailUrl":"https:\/\/maringapost.com.br\/orlandogonzalez\/wp-content\/uploads\/sites\/17\/2021\/02\/kobe.jpg","datePublished":"2021-02-10T09:52:29+00:00","dateModified":"2021-02-10T09:53:30+00:00","author":{"@id":"https:\/\/maringapost.com.br\/orlandogonzalez\/#\/schema\/person\/5cbe6257d08edea6afc9ebaa613b0633"},"inLanguage":"pt-BR","potentialAction":[{"@type":"ReadAction","target":["https:\/\/maringapost.com.br\/orlandogonzalez\/2021\/02\/10\/radio-maringa-desorientacao-de-piloto-causou-acidente-com-morte-de-kobe\/"]}]},{"@type":"ImageObject","inLanguage":"pt-BR","@id":"https:\/\/maringapost.com.br\/orlandogonzalez\/2021\/02\/10\/radio-maringa-desorientacao-de-piloto-causou-acidente-com-morte-de-kobe\/#primaryimage","url":"https:\/\/maringapost.com.br\/orlandogonzalez\/wp-content\/uploads\/sites\/17\/2021\/02\/kobe.jpg","contentUrl":"https:\/\/maringapost.com.br\/orlandogonzalez\/wp-content\/uploads\/sites\/17\/2021\/02\/kobe.jpg","width":1170,"height":700},{"@type":"WebSite","@id":"https:\/\/maringapost.com.br\/orlandogonzalez\/#website","url":"https:\/\/maringapost.com.br\/orlandogonzalez\/","name":"Orlando Gonzalez","description":"Destaca o esporte de Maring\u00e1! Destaca o esporte do Paran\u00e1! Destaca o esporte do Brasil!","potentialAction":[{"@type":"SearchAction","target":{"@type":"EntryPoint","urlTemplate":"https:\/\/maringapost.com.br\/orlandogonzalez\/?s={search_term_string}"},"query-input":"required name=search_term_string"}],"inLanguage":"pt-BR"},{"@type":"Person","@id":"https:\/\/maringapost.com.br\/orlandogonzalez\/#\/schema\/person\/5cbe6257d08edea6afc9ebaa613b0633","name":"Orlando Gonzalez","image":{"@type":"ImageObject","inLanguage":"pt-BR","@id":"https:\/\/maringapost.com.br\/orlandogonzalez\/#\/schema\/person\/image\/","url":"https:\/\/secure.gravatar.com\/avatar\/ecef9d1c9afe5ebdafadde8369065ba5?s=96&d=mm&r=g","contentUrl":"https:\/\/secure.gravatar.com\/avatar\/ecef9d1c9afe5ebdafadde8369065ba5?s=96&d=mm&r=g","caption":"Orlando Gonzalez"},"description":"H\u00e1 29 anos na cobertura do esporte de Maring\u00e1. Plant\u00e3o e narrador esportivo. Presta\u00e7\u00e3o de assessoria de imprensa esportiva, cobertura e transmiss\u00f5es ao vivo de eventos esportivos. E-mail: orlandogonzalez.assessoria@gmail.com WhatsApp: (44) 9 9126-6119","sameAs":["http:\/\/www.radiomaringa.com.br\/","https:\/\/www.facebook.com\/profile.php?id=100011095815065","https:\/\/www.instagram.com\/orlandomgonzalez\/","https:\/\/br.pinterest.com\/ogonzalez0530\/","https:\/\/x.com\/gonzalezorlando","https:\/\/www.youtube.com\/channel\/UCvFpl55btth8wjnKiSS1ibA","https:\/\/radiomaringaweb.tumblr.com\/"],"url":"https:\/\/maringapost.com.br\/orlandogonzalez\/author\/orlando\/"}]}},"_links":{"self":[{"href":"https:\/\/maringapost.com.br\/orlandogonzalez\/wp-json\/wp\/v2\/posts\/44039"}],"collection":[{"href":"https:\/\/maringapost.com.br\/orlandogonzalez\/wp-json\/wp\/v2\/posts"}],"about":[{"href":"https:\/\/maringapost.com.br\/orlandogonzalez\/wp-json\/wp\/v2\/types\/post"}],"author":[{"embeddable":true,"href":"https:\/\/maringapost.com.br\/orlandogonzalez\/wp-json\/wp\/v2\/users\/6307"}],"replies":[{"embeddable":true,"href":"https:\/\/maringapost.com.br\/orlandogonzalez\/wp-json\/wp\/v2\/comments?post=44039"}],"version-history":[{"count":1,"href":"https:\/\/maringapost.com.br\/orlandogonzalez\/wp-json\/wp\/v2\/posts\/44039\/revisions"}],"predecessor-version":[{"id":44041,"href":"https:\/\/maringapost.com.br\/orlandogonzalez\/wp-json\/wp\/v2\/posts\/44039\/revisions\/44041"}],"wp:featuredmedia":[{"embeddable":true,"href":"https:\/\/maringapost.com.br\/orlandogonzalez\/wp-json\/wp\/v2\/media\/44040"}],"wp:attachment":[{"href":"https:\/\/maringapost.com.br\/orlandogonzalez\/wp-json\/wp\/v2\/media?parent=44039"}],"wp:term":[{"taxonomy":"category","embeddable":true,"href":"https:\/\/maringapost.com.br\/orlandogonzalez\/wp-json\/wp\/v2\/categories?post=44039"},{"taxonomy":"post_tag","embeddable":true,"href":"https:\/\/maringapost.com.br\/orlandogonzalez\/wp-json\/wp\/v2\/tags?post=44039"}],"curies":[{"name":"wp","href":"https:\/\/api.w.org\/{rel}","templated":true}]}}